{"id":5669,"date":"2023-12-18T15:23:43","date_gmt":"2023-12-18T15:23:43","guid":{"rendered":"https:\/\/sare.eus\/sare-herritarrak-salbuespen-politikak-amaitu-daitezela-eskatu-du-eusko-legebiltzarrean\/"},"modified":"2023-12-21T15:29:44","modified_gmt":"2023-12-21T15:29:44","slug":"sare-herritarrak-salbuespen-politikak-amaitu-daitezela-eskatu-du-eusko-legebiltzarrean","status":"publish","type":"post","link":"https:\/\/sare.eus\/es\/sare-herritarrak-salbuespen-politikak-amaitu-daitezela-eskatu-du-eusko-legebiltzarrean\/","title":{"rendered":"La Red Ciudadana Sare pide en el Parlamento Vasco el fin de las pol\u00edticas de excepci\u00f3n"},"content":{"rendered":"<p class=\"western\" lang=\"es-ES\">Existe una mayor\u00eda pol\u00edtica en este parlamento que apuesta desde hace tiempo, por sustituir las excepcionalidades de la pol\u00edtica judicial y penitenciaria, por pol\u00edticas tendentes a la normalizaci\u00f3n penitenciaria, tras m\u00e1s de 12 a\u00f1os del fin de la violencia de ETA. Hoy trasladaremos en esta Comisi\u00f3n la necesidad de continuar empujando en este objetivo:<\/p>\n<p>&#8211; Hay otras modalidades de cumplimiento de las penas privativas de libertad, al margen del cumplimiento en prisi\u00f3n. Modalidades que est\u00e1n amparadas por la ley org\u00e1nica penitenciaria. Pedimos que no se excluya de estas modalidades a los presos y presas vascos.<\/p>\n<p>&#8211; No pedimos por tanto impunidad ni excarcelaciones sin control. Pedimos la aplicaci\u00f3n de la misma normativa que se aplica a cualquier otro presa o preso<\/p>\n<p>&#8211; Todo esto qu\u00e9 hemos comentado tiene una relaci\u00f3n directa con la reiterada actitud de la Fiscal\u00eda y Audiencia Nacional, de recurrir las progresiones de grado que proponen las Juntas de tratamiento de los Centros Penitenciarios y el Gobierno Vasco aprueba.<\/p>\n","protected":false},"excerpt":{"rendered":"<p>Existe una mayor\u00eda pol\u00edtica en este parlamento que apuesta desde hace tiempo, por sustituir las excepcionalidades de la pol\u00edtica judicial y penitenciaria, por pol\u00edticas tendentes a la normalizaci\u00f3n penitenciaria, tras [&hellip;]<\/p>\n","protected":false},"author":2,"featured_media":5667,"comment_status":"closed","ping_status":"closed","sticky":false,"template":"","format":"standard","meta":{"_acf_changed":false,"_et_pb_use_builder":"","_et_pb_old_content":"","_et_gb_content_width":"","footnotes":""},"categories":[69],"tags":[],"class_list":["post-5669","post","type-post","status-publish","format-standard","has-post-thumbnail","hentry","category-leyes-de-excepcion","et-has-post-format-content","et_post_format-et-post-format-standard"],"acf":[],"yoast_head":"<!-- This site is optimized with the Yoast SEO plugin v26.4 - https:\/\/yoast.com\/wordpress\/plugins\/seo\/ -->\n<title>La Red Ciudadana Sare pide en el Parlamento Vasco el fin de las pol\u00edticas de excepci\u00f3n - Sare Herritarra<\/title>\n<meta name=\"robots\" content=\"index, follow, max-snippet:-1, max-image-preview:large, max-video-preview:-1\" \/>\n<link rel=\"canonical\" href=\"https:\/\/sare.eus\/es\/sare-herritarrak-salbuespen-politikak-amaitu-daitezela-eskatu-du-eusko-legebiltzarrean\/\" \/>\n<meta property=\"og:locale\" content=\"es_ES\" \/>\n<meta property=\"og:type\" content=\"article\" \/>\n<meta property=\"og:title\" content=\"La Red Ciudadana Sare pide en el Parlamento Vasco el fin de las pol\u00edticas de excepci\u00f3n - Sare Herritarra\" \/>\n<meta property=\"og:description\" content=\"Existe una mayor\u00eda pol\u00edtica en este parlamento que apuesta desde hace tiempo, por sustituir las excepcionalidades de la pol\u00edtica judicial y penitenciaria, por pol\u00edticas tendentes a la normalizaci\u00f3n penitenciaria, tras [&hellip;]\" \/>\n<meta property=\"og:url\" content=\"https:\/\/sare.eus\/es\/sare-herritarrak-salbuespen-politikak-amaitu-daitezela-eskatu-du-eusko-legebiltzarrean\/\" \/>\n<meta property=\"og:site_name\" content=\"Sare Herritarra\" \/>\n<meta property=\"article:published_time\" content=\"2023-12-18T15:23:43+00:00\" \/>\n<meta property=\"article:modified_time\" content=\"2023-12-21T15:29:44+00:00\" \/>\n<meta property=\"og:image\" content=\"https:\/\/sare.eus\/wp-content\/uploads\/2023\/12\/2023.12.18-Giza-eskubideak-Sare-Herritarra-155-scaled.jpg\" \/>\n\t<meta property=\"og:image:width\" content=\"2560\" \/>\n\t<meta property=\"og:image:height\" content=\"1707\" \/>\n\t<meta property=\"og:image:type\" content=\"image\/jpeg\" \/>\n<meta name=\"author\" content=\"sare\" \/>\n<meta name=\"twitter:card\" content=\"summary_large_image\" \/>\n<meta name=\"twitter:label1\" content=\"Escrito por\" \/>\n\t<meta name=\"twitter:data1\" content=\"sare\" \/>\n\t<meta name=\"twitter:label2\" content=\"Tiempo de lectura\" \/>\n\t<meta name=\"twitter:data2\" content=\"1 minuto\" \/>\n<script type=\"application\/ld+json\" class=\"yoast-schema-graph\">{\"@context\":\"https:\/\/schema.org\",\"@graph\":[{\"@type\":\"Article\",\"@id\":\"https:\/\/sare.eus\/es\/sare-herritarrak-salbuespen-politikak-amaitu-daitezela-eskatu-du-eusko-legebiltzarrean\/#article\",\"isPartOf\":{\"@id\":\"https:\/\/sare.eus\/es\/sare-herritarrak-salbuespen-politikak-amaitu-daitezela-eskatu-du-eusko-legebiltzarrean\/\"},\"author\":{\"name\":\"sare\",\"@id\":\"https:\/\/sare.eus\/#\/schema\/person\/2fe6d0df294f56313d3ab236dbe38e17\"},\"headline\":\"La Red Ciudadana Sare pide en el Parlamento Vasco el fin de las pol\u00edticas de excepci\u00f3n\",\"datePublished\":\"2023-12-18T15:23:43+00:00\",\"dateModified\":\"2023-12-21T15:29:44+00:00\",\"mainEntityOfPage\":{\"@id\":\"https:\/\/sare.eus\/es\/sare-herritarrak-salbuespen-politikak-amaitu-daitezela-eskatu-du-eusko-legebiltzarrean\/\"},\"wordCount\":193,\"publisher\":{\"@id\":\"https:\/\/sare.eus\/#organization\"},\"image\":{\"@id\":\"https:\/\/sare.eus\/es\/sare-herritarrak-salbuespen-politikak-amaitu-daitezela-eskatu-du-eusko-legebiltzarrean\/#primaryimage\"},\"thumbnailUrl\":\"https:\/\/sare.eus\/wp-content\/uploads\/2023\/12\/2023.12.18-Giza-eskubideak-Sare-Herritarra-155-scaled.jpg\",\"articleSection\":[\"Leyes de Excepci\u00f3n\"],\"inLanguage\":\"es\"},{\"@type\":\"WebPage\",\"@id\":\"https:\/\/sare.eus\/es\/sare-herritarrak-salbuespen-politikak-amaitu-daitezela-eskatu-du-eusko-legebiltzarrean\/\",\"url\":\"https:\/\/sare.eus\/es\/sare-herritarrak-salbuespen-politikak-amaitu-daitezela-eskatu-du-eusko-legebiltzarrean\/\",\"name\":\"La Red Ciudadana Sare pide en el Parlamento Vasco el fin de las pol\u00edticas de excepci\u00f3n - Sare Herritarra\",\"isPartOf\":{\"@id\":\"https:\/\/sare.eus\/#website\"},\"primaryImageOfPage\":{\"@id\":\"https:\/\/sare.eus\/es\/sare-herritarrak-salbuespen-politikak-amaitu-daitezela-eskatu-du-eusko-legebiltzarrean\/#primaryimage\"},\"image\":{\"@id\":\"https:\/\/sare.eus\/es\/sare-herritarrak-salbuespen-politikak-amaitu-daitezela-eskatu-du-eusko-legebiltzarrean\/#primaryimage\"},\"thumbnailUrl\":\"https:\/\/sare.eus\/wp-content\/uploads\/2023\/12\/2023.12.18-Giza-eskubideak-Sare-Herritarra-155-scaled.jpg\",\"datePublished\":\"2023-12-18T15:23:43+00:00\",\"dateModified\":\"2023-12-21T15:29:44+00:00\",\"breadcrumb\":{\"@id\":\"https:\/\/sare.eus\/es\/sare-herritarrak-salbuespen-politikak-amaitu-daitezela-eskatu-du-eusko-legebiltzarrean\/#breadcrumb\"},\"inLanguage\":\"es\",\"potentialAction\":[{\"@type\":\"ReadAction\",\"target\":[\"https:\/\/sare.eus\/es\/sare-herritarrak-salbuespen-politikak-amaitu-daitezela-eskatu-du-eusko-legebiltzarrean\/\"]}]},{\"@type\":\"ImageObject\",\"inLanguage\":\"es\",\"@id\":\"https:\/\/sare.eus\/es\/sare-herritarrak-salbuespen-politikak-amaitu-daitezela-eskatu-du-eusko-legebiltzarrean\/#primaryimage\",\"url\":\"https:\/\/sare.eus\/wp-content\/uploads\/2023\/12\/2023.12.18-Giza-eskubideak-Sare-Herritarra-155-scaled.jpg\",\"contentUrl\":\"https:\/\/sare.eus\/wp-content\/uploads\/2023\/12\/2023.12.18-Giza-eskubideak-Sare-Herritarra-155-scaled.jpg\",\"width\":2560,\"height\":1707},{\"@type\":\"BreadcrumbList\",\"@id\":\"https:\/\/sare.eus\/es\/sare-herritarrak-salbuespen-politikak-amaitu-daitezela-eskatu-du-eusko-legebiltzarrean\/#breadcrumb\",\"itemListElement\":[{\"@type\":\"ListItem\",\"position\":1,\"name\":\"Home\",\"item\":\"https:\/\/sare.eus\/\"},{\"@type\":\"ListItem\",\"position\":2,\"name\":\"La Red Ciudadana Sare pide en el Parlamento Vasco el fin de las pol\u00edticas de excepci\u00f3n\"}]},{\"@type\":\"WebSite\",\"@id\":\"https:\/\/sare.eus\/#website\",\"url\":\"https:\/\/sare.eus\/\",\"name\":\"Sare Herritarra\",\"description\":\"KONPONBIDEAREN ETA GIZA ESKUBIDEEN ALDEKO SARE HERRITARRA\",\"publisher\":{\"@id\":\"https:\/\/sare.eus\/#organization\"},\"potentialAction\":[{\"@type\":\"SearchAction\",\"target\":{\"@type\":\"EntryPoint\",\"urlTemplate\":\"https:\/\/sare.eus\/?s={search_term_string}\"},\"query-input\":{\"@type\":\"PropertyValueSpecification\",\"valueRequired\":true,\"valueName\":\"search_term_string\"}}],\"inLanguage\":\"es\"},{\"@type\":\"Organization\",\"@id\":\"https:\/\/sare.eus\/#organization\",\"name\":\"Sare Herritarra\",\"url\":\"https:\/\/sare.eus\/\",\"logo\":{\"@type\":\"ImageObject\",\"inLanguage\":\"es\",\"@id\":\"https:\/\/sare.eus\/#\/schema\/logo\/image\/\",\"url\":\"https:\/\/sare.eus\/wp-content\/uploads\/2021\/08\/sare.png\",\"contentUrl\":\"https:\/\/sare.eus\/wp-content\/uploads\/2021\/08\/sare.png\",\"width\":120,\"height\":142,\"caption\":\"Sare Herritarra\"},\"image\":{\"@id\":\"https:\/\/sare.eus\/#\/schema\/logo\/image\/\"}},{\"@type\":\"Person\",\"@id\":\"https:\/\/sare.eus\/#\/schema\/person\/2fe6d0df294f56313d3ab236dbe38e17\",\"name\":\"sare\",\"image\":{\"@type\":\"ImageObject\",\"inLanguage\":\"es\",\"@id\":\"https:\/\/sare.eus\/#\/schema\/person\/image\/\",\"url\":\"https:\/\/secure.gravatar.com\/avatar\/77cad838677ceb1977e7b3c878b55eaa7fa4aae2158983063b047c3ad7ef2c25?s=96&d=mm&r=g\",\"contentUrl\":\"https:\/\/secure.gravatar.com\/avatar\/77cad838677ceb1977e7b3c878b55eaa7fa4aae2158983063b047c3ad7ef2c25?s=96&d=mm&r=g\",\"caption\":\"sare\"},\"url\":\"https:\/\/sare.eus\/es\/author\/sare\/\"}]}<\/script>\n<!-- \/ Yoast SEO plugin. -->","yoast_head_json":{"title":"La Red Ciudadana Sare pide en el Parlamento Vasco el fin de las pol\u00edticas de excepci\u00f3n - Sare Herritarra","robots":{"index":"index","follow":"follow","max-snippet":"max-snippet:-1","max-image-preview":"max-image-preview:large","max-video-preview":"max-video-preview:-1"},"canonical":"https:\/\/sare.eus\/es\/sare-herritarrak-salbuespen-politikak-amaitu-daitezela-eskatu-du-eusko-legebiltzarrean\/","og_locale":"es_ES","og_type":"article","og_title":"La Red Ciudadana Sare pide en el Parlamento Vasco el fin de las pol\u00edticas de excepci\u00f3n - Sare Herritarra","og_description":"Existe una mayor\u00eda pol\u00edtica en este parlamento que apuesta desde hace tiempo, por sustituir las excepcionalidades de la pol\u00edtica judicial y penitenciaria, por pol\u00edticas tendentes a la normalizaci\u00f3n penitenciaria, tras [&hellip;]","og_url":"https:\/\/sare.eus\/es\/sare-herritarrak-salbuespen-politikak-amaitu-daitezela-eskatu-du-eusko-legebiltzarrean\/","og_site_name":"Sare Herritarra","article_published_time":"2023-12-18T15:23:43+00:00","article_modified_time":"2023-12-21T15:29:44+00:00","og_image":[{"width":2560,"height":1707,"url":"https:\/\/sare.eus\/wp-content\/uploads\/2023\/12\/2023.12.18-Giza-eskubideak-Sare-Herritarra-155-scaled.jpg","type":"image\/jpeg"}],"author":"sare","twitter_card":"summary_large_image","twitter_misc":{"Escrito por":"sare","Tiempo de lectura":"1 minuto"},"schema":{"@context":"https:\/\/schema.org","@graph":[{"@type":"Article","@id":"https:\/\/sare.eus\/es\/sare-herritarrak-salbuespen-politikak-amaitu-daitezela-eskatu-du-eusko-legebiltzarrean\/#article","isPartOf":{"@id":"https:\/\/sare.eus\/es\/sare-herritarrak-salbuespen-politikak-amaitu-daitezela-eskatu-du-eusko-legebiltzarrean\/"},"author":{"name":"sare","@id":"https:\/\/sare.eus\/#\/schema\/person\/2fe6d0df294f56313d3ab236dbe38e17"},"headline":"La Red Ciudadana Sare pide en el Parlamento Vasco el fin de las pol\u00edticas de excepci\u00f3n","datePublished":"2023-12-18T15:23:43+00:00","dateModified":"2023-12-21T15:29:44+00:00","mainEntityOfPage":{"@id":"https:\/\/sare.eus\/es\/sare-herritarrak-salbuespen-politikak-amaitu-daitezela-eskatu-du-eusko-legebiltzarrean\/"},"wordCount":193,"publisher":{"@id":"https:\/\/sare.eus\/#organization"},"image":{"@id":"https:\/\/sare.eus\/es\/sare-herritarrak-salbuespen-politikak-amaitu-daitezela-eskatu-du-eusko-legebiltzarrean\/#primaryimage"},"thumbnailUrl":"https:\/\/sare.eus\/wp-content\/uploads\/2023\/12\/2023.12.18-Giza-eskubideak-Sare-Herritarra-155-scaled.jpg","articleSection":["Leyes de Excepci\u00f3n"],"inLanguage":"es"},{"@type":"WebPage","@id":"https:\/\/sare.eus\/es\/sare-herritarrak-salbuespen-politikak-amaitu-daitezela-eskatu-du-eusko-legebiltzarrean\/","url":"https:\/\/sare.eus\/es\/sare-herritarrak-salbuespen-politikak-amaitu-daitezela-eskatu-du-eusko-legebiltzarrean\/","name":"La Red Ciudadana Sare pide en el Parlamento Vasco el fin de las pol\u00edticas de excepci\u00f3n - Sare Herritarra","isPartOf":{"@id":"https:\/\/sare.eus\/#website"},"primaryImageOfPage":{"@id":"https:\/\/sare.eus\/es\/sare-herritarrak-salbuespen-politikak-amaitu-daitezela-eskatu-du-eusko-legebiltzarrean\/#primaryimage"},"image":{"@id":"https:\/\/sare.eus\/es\/sare-herritarrak-salbuespen-politikak-amaitu-daitezela-eskatu-du-eusko-legebiltzarrean\/#primaryimage"},"thumbnailUrl":"https:\/\/sare.eus\/wp-content\/uploads\/2023\/12\/2023.12.18-Giza-eskubideak-Sare-Herritarra-155-scaled.jpg","datePublished":"2023-12-18T15:23:43+00:00","dateModified":"2023-12-21T15:29:44+00:00","breadcrumb":{"@id":"https:\/\/sare.eus\/es\/sare-herritarrak-salbuespen-politikak-amaitu-daitezela-eskatu-du-eusko-legebiltzarrean\/#breadcrumb"},"inLanguage":"es","potentialAction":[{"@type":"ReadAction","target":["https:\/\/sare.eus\/es\/sare-herritarrak-salbuespen-politikak-amaitu-daitezela-eskatu-du-eusko-legebiltzarrean\/"]}]},{"@type":"ImageObject","inLanguage":"es","@id":"https:\/\/sare.eus\/es\/sare-herritarrak-salbuespen-politikak-amaitu-daitezela-eskatu-du-eusko-legebiltzarrean\/#primaryimage","url":"https:\/\/sare.eus\/wp-content\/uploads\/2023\/12\/2023.12.18-Giza-eskubideak-Sare-Herritarra-155-scaled.jpg","contentUrl":"https:\/\/sare.eus\/wp-content\/uploads\/2023\/12\/2023.12.18-Giza-eskubideak-Sare-Herritarra-155-scaled.jpg","width":2560,"height":1707},{"@type":"BreadcrumbList","@id":"https:\/\/sare.eus\/es\/sare-herritarrak-salbuespen-politikak-amaitu-daitezela-eskatu-du-eusko-legebiltzarrean\/#breadcrumb","itemListElement":[{"@type":"ListItem","position":1,"name":"Home","item":"https:\/\/sare.eus\/"},{"@type":"ListItem","position":2,"name":"La Red Ciudadana Sare pide en el Parlamento Vasco el fin de las pol\u00edticas de excepci\u00f3n"}]},{"@type":"WebSite","@id":"https:\/\/sare.eus\/#website","url":"https:\/\/sare.eus\/","name":"Sare Herritarra","description":"KONPONBIDEAREN ETA GIZA ESKUBIDEEN ALDEKO SARE HERRITARRA","publisher":{"@id":"https:\/\/sare.eus\/#organization"},"potentialAction":[{"@type":"SearchAction","target":{"@type":"EntryPoint","urlTemplate":"https:\/\/sare.eus\/?s={search_term_string}"},"query-input":{"@type":"PropertyValueSpecification","valueRequired":true,"valueName":"search_term_string"}}],"inLanguage":"es"},{"@type":"Organization","@id":"https:\/\/sare.eus\/#organization","name":"Sare Herritarra","url":"https:\/\/sare.eus\/","logo":{"@type":"ImageObject","inLanguage":"es","@id":"https:\/\/sare.eus\/#\/schema\/logo\/image\/","url":"https:\/\/sare.eus\/wp-content\/uploads\/2021\/08\/sare.png","contentUrl":"https:\/\/sare.eus\/wp-content\/uploads\/2021\/08\/sare.png","width":120,"height":142,"caption":"Sare Herritarra"},"image":{"@id":"https:\/\/sare.eus\/#\/schema\/logo\/image\/"}},{"@type":"Person","@id":"https:\/\/sare.eus\/#\/schema\/person\/2fe6d0df294f56313d3ab236dbe38e17","name":"sare","image":{"@type":"ImageObject","inLanguage":"es","@id":"https:\/\/sare.eus\/#\/schema\/person\/image\/","url":"https:\/\/secure.gravatar.com\/avatar\/77cad838677ceb1977e7b3c878b55eaa7fa4aae2158983063b047c3ad7ef2c25?s=96&d=mm&r=g","contentUrl":"https:\/\/secure.gravatar.com\/avatar\/77cad838677ceb1977e7b3c878b55eaa7fa4aae2158983063b047c3ad7ef2c25?s=96&d=mm&r=g","caption":"sare"},"url":"https:\/\/sare.eus\/es\/author\/sare\/"}]}},"_links":{"self":[{"href":"https:\/\/sare.eus\/es\/wp-json\/wp\/v2\/posts\/5669","targetHints":{"allow":["GET"]}}],"collection":[{"href":"https:\/\/sare.eus\/es\/wp-json\/wp\/v2\/posts"}],"about":[{"href":"https:\/\/sare.eus\/es\/wp-json\/wp\/v2\/types\/post"}],"author":[{"embeddable":true,"href":"https:\/\/sare.eus\/es\/wp-json\/wp\/v2\/users\/2"}],"replies":[{"embeddable":true,"href":"https:\/\/sare.eus\/es\/wp-json\/wp\/v2\/comments?post=5669"}],"version-history":[{"count":1,"href":"https:\/\/sare.eus\/es\/wp-json\/wp\/v2\/posts\/5669\/revisions"}],"predecessor-version":[{"id":5670,"href":"https:\/\/sare.eus\/es\/wp-json\/wp\/v2\/posts\/5669\/revisions\/5670"}],"wp:featuredmedia":[{"embeddable":true,"href":"https:\/\/sare.eus\/es\/wp-json\/wp\/v2\/media\/5667"}],"wp:attachment":[{"href":"https:\/\/sare.eus\/es\/wp-json\/wp\/v2\/media?parent=5669"}],"wp:term":[{"taxonomy":"category","embeddable":true,"href":"https:\/\/sare.eus\/es\/wp-json\/wp\/v2\/categories?post=5669"},{"taxonomy":"post_tag","embeddable":true,"href":"https:\/\/sare.eus\/es\/wp-json\/wp\/v2\/tags?post=5669"}],"curies":[{"name":"wp","href":"https:\/\/api.w.org\/{rel}","templated":true}]}}