{"id":5660,"date":"2023-12-14T16:49:20","date_gmt":"2023-12-14T16:49:20","guid":{"rendered":"https:\/\/sare.eus\/gazteok-etorkizunerako-giltza-u13bilbora\/"},"modified":"2023-12-24T10:42:45","modified_gmt":"2023-12-24T10:42:45","slug":"gazteok-etorkizunerako-giltza-u13bilbora","status":"publish","type":"post","link":"https:\/\/sare.eus\/es\/gazteok-etorkizunerako-giltza-u13bilbora\/","title":{"rendered":"Gazteok etorkizunerako Giltza | La Juventud, Llave del Futuro #U13Bilbora"},"content":{"rendered":"<p>Las llaves nos sirven para abrir y cerrar puertas. Para avanzar debemos cerrar algunas puertas y abrir otras. Las llaves son herramientas imprescindibles que utilizamos a diario y, en otras ocasiones, tambi\u00e9n en otros \u00e1mbitos de la vida, las propias personas somos sujetos indispensables para desempe\u00f1ar esa importante funci\u00f3n de llave. Nosotras y nosotros podemos ser quienes posibilitemos este proceso de avance de la sociedad.<\/p>\n<p>Pese a que no hemos vivido el conflicto armado que se ha prolongado duante tantos a\u00f1os en nuestro pa\u00eds, muchas y muchos j\u00f3venes s\u00ed conocemos las consecuencias del mismo y muchas de nosotras las sufrimos todav\u00eda. De hecho, en la actualidad, los y las presas vascas contin\u00faan sufriendo una situaci\u00f3n injusta, contraria a los derechos humanos, derivada del conflicto.<\/p>\n<p>En los \u00faltimos a\u00f1os se han dado avances importantes en el reconocimiento de los derechos de las y los presos vascos. Entre ellos, la pasada primavera se puso fin a una de las medidas de excepci\u00f3n m\u00e1s dram\u00e1ticas que durante m\u00e1s de tres d\u00e9cadas ha conocido la sociedad vasca. Gracias al trabajo y a la fuerza de la sociedad vasca y, en ese contexto, tambi\u00e9n de las y los j\u00f3venes, cerramos la puerta de la dispersi\u00f3n.<\/p>\n<p>Sin embargo, otras medidas de excepci\u00f3n que vulneran los derechos de las y los presos vascos siguen a\u00fan en vigor y creemos que es imprescindible acabar con esta situaci\u00f3n para avanzar en la resoluci\u00f3n del conflicto.<\/p>\n<p>No tiene sentido alguno que, 12 a\u00f1os despu\u00e9s de que ETA cesara en su actividad y 5 a\u00f1os despu\u00e9s de su disoluci\u00f3n, se apliquen a los presos penas de por vida, en base a una legislaci\u00f3n excepcional creada expresamente para incrementar las penas de las y los presos vascos, bajo el pretexto del terrorismo; tampoco que se mantenga en prisi\u00f3n a los presos enfermos; o que no se tengan en cuenta los a\u00f1os de reclusi\u00f3n en el Estado franc\u00e9s, oblig\u00e1ndoles a cumplir una doble condena.<\/p>\n<p>Es m\u00e1s, las decisiones judiciales que impiden a los presos vascos avanzar en su proceso penitenciario, cumpliendo con los requisitos establecidos por la legislaci\u00f3n, no tienen ning\u00fan tipo de encaje en el contexto actual. Tanto estas decisiones judiciales, como los posicionamientos de otros sectores pol\u00edticos, muestran una clara intenci\u00f3n por mantener a la sociedad vasca en el pasado. Quieren perpetuar las consecuencias del conflicto y hacer imposible la resoluci\u00f3n.<\/p>\n<p>A los j\u00f3venes nos preocupa especialmente esta situaci\u00f3n. Podemos y queremos ser sujetos activos y decisivos para construir un futuro mejor. A trav\u00e9s del trabajo diario, en nuestros pueblos y barrios, queremos contribuir en la construcci\u00f3n de una sociedad basada en la paz y la convivencia. Queremos cerrar las puertas de la vulneraci\u00f3n de derechos y de la legislaci\u00f3n de excepci\u00f3n y ser la llave para abrir las puertas de la resoluci\u00f3n. Las y los j\u00f3venes somos la llave para el futuro.<\/p>\n<p><strong>Por eso, hacemos un llamamiento a la juventud, a toda nuestra generaci\u00f3n, para que tomen las llaves en la mano y est\u00e9n con nosotros en Bilbao.<span style=\"color: #ff0000;\"> El pr\u00f3ximo 13 de enero llenaremos las calles de Bilbao. Y recuerda que este a\u00f1o hay cambio de hora, \u00a1a las 16:00 nos reuniremos en LA CASILLA!<\/span><\/strong><\/p>\n<p><img loading=\"lazy\" decoding=\"async\" class=\"alignnone wp-image-5655 size-large\" src=\"https:\/\/sare.eus\/wp-content\/uploads\/2023\/12\/01_Gazteok-etorkizunerako-giltza_web-1024x683.jpg\" alt=\"\" width=\"1024\" height=\"683\" srcset=\"https:\/\/sare.eus\/wp-content\/uploads\/2023\/12\/01_Gazteok-etorkizunerako-giltza_web-1024x683.jpg 1024w, https:\/\/sare.eus\/wp-content\/uploads\/2023\/12\/01_Gazteok-etorkizunerako-giltza_web-300x200.jpg 300w, https:\/\/sare.eus\/wp-content\/uploads\/2023\/12\/01_Gazteok-etorkizunerako-giltza_web-768x512.jpg 768w, https:\/\/sare.eus\/wp-content\/uploads\/2023\/12\/01_Gazteok-etorkizunerako-giltza_web-1536x1025.jpg 1536w, https:\/\/sare.eus\/wp-content\/uploads\/2023\/12\/01_Gazteok-etorkizunerako-giltza_web-2048x1366.jpg 2048w, https:\/\/sare.eus\/wp-content\/uploads\/2023\/12\/01_Gazteok-etorkizunerako-giltza_web-1080x720.jpg 1080w\" sizes=\"(max-width: 1024px) 100vw, 1024px\" \/><\/p>\n","protected":false},"excerpt":{"rendered":"<p>Las llaves nos sirven para abrir y cerrar puertas. Para avanzar debemos cerrar algunas puertas y abrir otras. Las llaves son herramientas imprescindibles que utilizamos a diario y, en otras [&hellip;]<\/p>\n","protected":false},"author":2,"featured_media":5659,"comment_status":"closed","ping_status":"closed","sticky":false,"template":"","format":"standard","meta":{"_acf_changed":false,"_et_pb_use_builder":"","_et_pb_old_content":"","_et_gb_content_width":"","footnotes":""},"categories":[60],"tags":[],"class_list":["post-5660","post","type-post","status-publish","format-standard","has-post-thumbnail","hentry","category-etxera-es","et-has-post-format-content","et_post_format-et-post-format-standard"],"acf":[],"yoast_head":"<!-- This site is optimized with the Yoast SEO plugin v26.4 - https:\/\/yoast.com\/wordpress\/plugins\/seo\/ -->\n<title>Gazteok etorkizunerako Giltza | La Juventud, Llave del Futuro #U13Bilbora - Sare Herritarra<\/title>\n<meta name=\"robots\" content=\"index, follow, max-snippet:-1, max-image-preview:large, max-video-preview:-1\" \/>\n<link rel=\"canonical\" href=\"https:\/\/sare.eus\/es\/gazteok-etorkizunerako-giltza-u13bilbora\/\" \/>\n<meta property=\"og:locale\" content=\"es_ES\" \/>\n<meta property=\"og:type\" content=\"article\" \/>\n<meta property=\"og:title\" content=\"Gazteok etorkizunerako Giltza | La Juventud, Llave del Futuro #U13Bilbora - Sare Herritarra\" \/>\n<meta property=\"og:description\" content=\"Las llaves nos sirven para abrir y cerrar puertas. Para avanzar debemos cerrar algunas puertas y abrir otras. Las llaves son herramientas imprescindibles que utilizamos a diario y, en otras [&hellip;]\" \/>\n<meta property=\"og:url\" content=\"https:\/\/sare.eus\/es\/gazteok-etorkizunerako-giltza-u13bilbora\/\" \/>\n<meta property=\"og:site_name\" content=\"Sare Herritarra\" \/>\n<meta property=\"article:published_time\" content=\"2023-12-14T16:49:20+00:00\" \/>\n<meta property=\"article:modified_time\" content=\"2023-12-24T10:42:45+00:00\" \/>\n<meta property=\"og:image\" content=\"https:\/\/sare.eus\/wp-content\/uploads\/2023\/12\/WhatsApp-Image-2023-12-14-at-17.44.47.jpeg\" \/>\n\t<meta property=\"og:image:width\" content=\"2000\" \/>\n\t<meta property=\"og:image:height\" content=\"1500\" \/>\n\t<meta property=\"og:image:type\" content=\"image\/jpeg\" \/>\n<meta name=\"author\" content=\"sare\" \/>\n<meta name=\"twitter:card\" content=\"summary_large_image\" \/>\n<meta name=\"twitter:label1\" content=\"Escrito por\" \/>\n\t<meta name=\"twitter:data1\" content=\"sare\" \/>\n\t<meta name=\"twitter:label2\" content=\"Tiempo de lectura\" \/>\n\t<meta name=\"twitter:data2\" content=\"3 minutos\" \/>\n<script type=\"application\/ld+json\" class=\"yoast-schema-graph\">{\"@context\":\"https:\/\/schema.org\",\"@graph\":[{\"@type\":\"Article\",\"@id\":\"https:\/\/sare.eus\/es\/gazteok-etorkizunerako-giltza-u13bilbora\/#article\",\"isPartOf\":{\"@id\":\"https:\/\/sare.eus\/es\/gazteok-etorkizunerako-giltza-u13bilbora\/\"},\"author\":{\"name\":\"sare\",\"@id\":\"https:\/\/sare.eus\/#\/schema\/person\/2fe6d0df294f56313d3ab236dbe38e17\"},\"headline\":\"Gazteok etorkizunerako Giltza | La Juventud, Llave del Futuro #U13Bilbora\",\"datePublished\":\"2023-12-14T16:49:20+00:00\",\"dateModified\":\"2023-12-24T10:42:45+00:00\",\"mainEntityOfPage\":{\"@id\":\"https:\/\/sare.eus\/es\/gazteok-etorkizunerako-giltza-u13bilbora\/\"},\"wordCount\":583,\"publisher\":{\"@id\":\"https:\/\/sare.eus\/#organization\"},\"image\":{\"@id\":\"https:\/\/sare.eus\/es\/gazteok-etorkizunerako-giltza-u13bilbora\/#primaryimage\"},\"thumbnailUrl\":\"https:\/\/sare.eus\/wp-content\/uploads\/2023\/12\/WhatsApp-Image-2023-12-14-at-17.44.47.jpeg\",\"articleSection\":[\"Etxera\"],\"inLanguage\":\"es\"},{\"@type\":\"WebPage\",\"@id\":\"https:\/\/sare.eus\/es\/gazteok-etorkizunerako-giltza-u13bilbora\/\",\"url\":\"https:\/\/sare.eus\/es\/gazteok-etorkizunerako-giltza-u13bilbora\/\",\"name\":\"Gazteok etorkizunerako Giltza | La Juventud, Llave del Futuro #U13Bilbora - Sare Herritarra\",\"isPartOf\":{\"@id\":\"https:\/\/sare.eus\/#website\"},\"primaryImageOfPage\":{\"@id\":\"https:\/\/sare.eus\/es\/gazteok-etorkizunerako-giltza-u13bilbora\/#primaryimage\"},\"image\":{\"@id\":\"https:\/\/sare.eus\/es\/gazteok-etorkizunerako-giltza-u13bilbora\/#primaryimage\"},\"thumbnailUrl\":\"https:\/\/sare.eus\/wp-content\/uploads\/2023\/12\/WhatsApp-Image-2023-12-14-at-17.44.47.jpeg\",\"datePublished\":\"2023-12-14T16:49:20+00:00\",\"dateModified\":\"2023-12-24T10:42:45+00:00\",\"breadcrumb\":{\"@id\":\"https:\/\/sare.eus\/es\/gazteok-etorkizunerako-giltza-u13bilbora\/#breadcrumb\"},\"inLanguage\":\"es\",\"potentialAction\":[{\"@type\":\"ReadAction\",\"target\":[\"https:\/\/sare.eus\/es\/gazteok-etorkizunerako-giltza-u13bilbora\/\"]}]},{\"@type\":\"ImageObject\",\"inLanguage\":\"es\",\"@id\":\"https:\/\/sare.eus\/es\/gazteok-etorkizunerako-giltza-u13bilbora\/#primaryimage\",\"url\":\"https:\/\/sare.eus\/wp-content\/uploads\/2023\/12\/WhatsApp-Image-2023-12-14-at-17.44.47.jpeg\",\"contentUrl\":\"https:\/\/sare.eus\/wp-content\/uploads\/2023\/12\/WhatsApp-Image-2023-12-14-at-17.44.47.jpeg\",\"width\":2000,\"height\":1500},{\"@type\":\"BreadcrumbList\",\"@id\":\"https:\/\/sare.eus\/es\/gazteok-etorkizunerako-giltza-u13bilbora\/#breadcrumb\",\"itemListElement\":[{\"@type\":\"ListItem\",\"position\":1,\"name\":\"Home\",\"item\":\"https:\/\/sare.eus\/\"},{\"@type\":\"ListItem\",\"position\":2,\"name\":\"Gazteok etorkizunerako Giltza | La Juventud, Llave del Futuro #U13Bilbora\"}]},{\"@type\":\"WebSite\",\"@id\":\"https:\/\/sare.eus\/#website\",\"url\":\"https:\/\/sare.eus\/\",\"name\":\"Sare Herritarra\",\"description\":\"KONPONBIDEAREN ETA GIZA ESKUBIDEEN ALDEKO SARE HERRITARRA\",\"publisher\":{\"@id\":\"https:\/\/sare.eus\/#organization\"},\"potentialAction\":[{\"@type\":\"SearchAction\",\"target\":{\"@type\":\"EntryPoint\",\"urlTemplate\":\"https:\/\/sare.eus\/?s={search_term_string}\"},\"query-input\":{\"@type\":\"PropertyValueSpecification\",\"valueRequired\":true,\"valueName\":\"search_term_string\"}}],\"inLanguage\":\"es\"},{\"@type\":\"Organization\",\"@id\":\"https:\/\/sare.eus\/#organization\",\"name\":\"Sare Herritarra\",\"url\":\"https:\/\/sare.eus\/\",\"logo\":{\"@type\":\"ImageObject\",\"inLanguage\":\"es\",\"@id\":\"https:\/\/sare.eus\/#\/schema\/logo\/image\/\",\"url\":\"https:\/\/sare.eus\/wp-content\/uploads\/2021\/08\/sare.png\",\"contentUrl\":\"https:\/\/sare.eus\/wp-content\/uploads\/2021\/08\/sare.png\",\"width\":120,\"height\":142,\"caption\":\"Sare Herritarra\"},\"image\":{\"@id\":\"https:\/\/sare.eus\/#\/schema\/logo\/image\/\"}},{\"@type\":\"Person\",\"@id\":\"https:\/\/sare.eus\/#\/schema\/person\/2fe6d0df294f56313d3ab236dbe38e17\",\"name\":\"sare\",\"image\":{\"@type\":\"ImageObject\",\"inLanguage\":\"es\",\"@id\":\"https:\/\/sare.eus\/#\/schema\/person\/image\/\",\"url\":\"https:\/\/secure.gravatar.com\/avatar\/77cad838677ceb1977e7b3c878b55eaa7fa4aae2158983063b047c3ad7ef2c25?s=96&d=mm&r=g\",\"contentUrl\":\"https:\/\/secure.gravatar.com\/avatar\/77cad838677ceb1977e7b3c878b55eaa7fa4aae2158983063b047c3ad7ef2c25?s=96&d=mm&r=g\",\"caption\":\"sare\"},\"url\":\"https:\/\/sare.eus\/es\/author\/sare\/\"}]}<\/script>\n<!-- \/ Yoast SEO plugin. -->","yoast_head_json":{"title":"Gazteok etorkizunerako Giltza | La Juventud, Llave del Futuro #U13Bilbora - Sare Herritarra","robots":{"index":"index","follow":"follow","max-snippet":"max-snippet:-1","max-image-preview":"max-image-preview:large","max-video-preview":"max-video-preview:-1"},"canonical":"https:\/\/sare.eus\/es\/gazteok-etorkizunerako-giltza-u13bilbora\/","og_locale":"es_ES","og_type":"article","og_title":"Gazteok etorkizunerako Giltza | La Juventud, Llave del Futuro #U13Bilbora - Sare Herritarra","og_description":"Las llaves nos sirven para abrir y cerrar puertas. Para avanzar debemos cerrar algunas puertas y abrir otras. Las llaves son herramientas imprescindibles que utilizamos a diario y, en otras [&hellip;]","og_url":"https:\/\/sare.eus\/es\/gazteok-etorkizunerako-giltza-u13bilbora\/","og_site_name":"Sare Herritarra","article_published_time":"2023-12-14T16:49:20+00:00","article_modified_time":"2023-12-24T10:42:45+00:00","og_image":[{"width":2000,"height":1500,"url":"https:\/\/sare.eus\/wp-content\/uploads\/2023\/12\/WhatsApp-Image-2023-12-14-at-17.44.47.jpeg","type":"image\/jpeg"}],"author":"sare","twitter_card":"summary_large_image","twitter_misc":{"Escrito por":"sare","Tiempo de lectura":"3 minutos"},"schema":{"@context":"https:\/\/schema.org","@graph":[{"@type":"Article","@id":"https:\/\/sare.eus\/es\/gazteok-etorkizunerako-giltza-u13bilbora\/#article","isPartOf":{"@id":"https:\/\/sare.eus\/es\/gazteok-etorkizunerako-giltza-u13bilbora\/"},"author":{"name":"sare","@id":"https:\/\/sare.eus\/#\/schema\/person\/2fe6d0df294f56313d3ab236dbe38e17"},"headline":"Gazteok etorkizunerako Giltza | La Juventud, Llave del Futuro #U13Bilbora","datePublished":"2023-12-14T16:49:20+00:00","dateModified":"2023-12-24T10:42:45+00:00","mainEntityOfPage":{"@id":"https:\/\/sare.eus\/es\/gazteok-etorkizunerako-giltza-u13bilbora\/"},"wordCount":583,"publisher":{"@id":"https:\/\/sare.eus\/#organization"},"image":{"@id":"https:\/\/sare.eus\/es\/gazteok-etorkizunerako-giltza-u13bilbora\/#primaryimage"},"thumbnailUrl":"https:\/\/sare.eus\/wp-content\/uploads\/2023\/12\/WhatsApp-Image-2023-12-14-at-17.44.47.jpeg","articleSection":["Etxera"],"inLanguage":"es"},{"@type":"WebPage","@id":"https:\/\/sare.eus\/es\/gazteok-etorkizunerako-giltza-u13bilbora\/","url":"https:\/\/sare.eus\/es\/gazteok-etorkizunerako-giltza-u13bilbora\/","name":"Gazteok etorkizunerako Giltza | La Juventud, Llave del Futuro #U13Bilbora - Sare Herritarra","isPartOf":{"@id":"https:\/\/sare.eus\/#website"},"primaryImageOfPage":{"@id":"https:\/\/sare.eus\/es\/gazteok-etorkizunerako-giltza-u13bilbora\/#primaryimage"},"image":{"@id":"https:\/\/sare.eus\/es\/gazteok-etorkizunerako-giltza-u13bilbora\/#primaryimage"},"thumbnailUrl":"https:\/\/sare.eus\/wp-content\/uploads\/2023\/12\/WhatsApp-Image-2023-12-14-at-17.44.47.jpeg","datePublished":"2023-12-14T16:49:20+00:00","dateModified":"2023-12-24T10:42:45+00:00","breadcrumb":{"@id":"https:\/\/sare.eus\/es\/gazteok-etorkizunerako-giltza-u13bilbora\/#breadcrumb"},"inLanguage":"es","potentialAction":[{"@type":"ReadAction","target":["https:\/\/sare.eus\/es\/gazteok-etorkizunerako-giltza-u13bilbora\/"]}]},{"@type":"ImageObject","inLanguage":"es","@id":"https:\/\/sare.eus\/es\/gazteok-etorkizunerako-giltza-u13bilbora\/#primaryimage","url":"https:\/\/sare.eus\/wp-content\/uploads\/2023\/12\/WhatsApp-Image-2023-12-14-at-17.44.47.jpeg","contentUrl":"https:\/\/sare.eus\/wp-content\/uploads\/2023\/12\/WhatsApp-Image-2023-12-14-at-17.44.47.jpeg","width":2000,"height":1500},{"@type":"BreadcrumbList","@id":"https:\/\/sare.eus\/es\/gazteok-etorkizunerako-giltza-u13bilbora\/#breadcrumb","itemListElement":[{"@type":"ListItem","position":1,"name":"Home","item":"https:\/\/sare.eus\/"},{"@type":"ListItem","position":2,"name":"Gazteok etorkizunerako Giltza | La Juventud, Llave del Futuro #U13Bilbora"}]},{"@type":"WebSite","@id":"https:\/\/sare.eus\/#website","url":"https:\/\/sare.eus\/","name":"Sare Herritarra","description":"KONPONBIDEAREN ETA GIZA ESKUBIDEEN ALDEKO SARE HERRITARRA","publisher":{"@id":"https:\/\/sare.eus\/#organization"},"potentialAction":[{"@type":"SearchAction","target":{"@type":"EntryPoint","urlTemplate":"https:\/\/sare.eus\/?s={search_term_string}"},"query-input":{"@type":"PropertyValueSpecification","valueRequired":true,"valueName":"search_term_string"}}],"inLanguage":"es"},{"@type":"Organization","@id":"https:\/\/sare.eus\/#organization","name":"Sare Herritarra","url":"https:\/\/sare.eus\/","logo":{"@type":"ImageObject","inLanguage":"es","@id":"https:\/\/sare.eus\/#\/schema\/logo\/image\/","url":"https:\/\/sare.eus\/wp-content\/uploads\/2021\/08\/sare.png","contentUrl":"https:\/\/sare.eus\/wp-content\/uploads\/2021\/08\/sare.png","width":120,"height":142,"caption":"Sare Herritarra"},"image":{"@id":"https:\/\/sare.eus\/#\/schema\/logo\/image\/"}},{"@type":"Person","@id":"https:\/\/sare.eus\/#\/schema\/person\/2fe6d0df294f56313d3ab236dbe38e17","name":"sare","image":{"@type":"ImageObject","inLanguage":"es","@id":"https:\/\/sare.eus\/#\/schema\/person\/image\/","url":"https:\/\/secure.gravatar.com\/avatar\/77cad838677ceb1977e7b3c878b55eaa7fa4aae2158983063b047c3ad7ef2c25?s=96&d=mm&r=g","contentUrl":"https:\/\/secure.gravatar.com\/avatar\/77cad838677ceb1977e7b3c878b55eaa7fa4aae2158983063b047c3ad7ef2c25?s=96&d=mm&r=g","caption":"sare"},"url":"https:\/\/sare.eus\/es\/author\/sare\/"}]}},"_links":{"self":[{"href":"https:\/\/sare.eus\/es\/wp-json\/wp\/v2\/posts\/5660","targetHints":{"allow":["GET"]}}],"collection":[{"href":"https:\/\/sare.eus\/es\/wp-json\/wp\/v2\/posts"}],"about":[{"href":"https:\/\/sare.eus\/es\/wp-json\/wp\/v2\/types\/post"}],"author":[{"embeddable":true,"href":"https:\/\/sare.eus\/es\/wp-json\/wp\/v2\/users\/2"}],"replies":[{"embeddable":true,"href":"https:\/\/sare.eus\/es\/wp-json\/wp\/v2\/comments?post=5660"}],"version-history":[{"count":5,"href":"https:\/\/sare.eus\/es\/wp-json\/wp\/v2\/posts\/5660\/revisions"}],"predecessor-version":[{"id":5731,"href":"https:\/\/sare.eus\/es\/wp-json\/wp\/v2\/posts\/5660\/revisions\/5731"}],"wp:featuredmedia":[{"embeddable":true,"href":"https:\/\/sare.eus\/es\/wp-json\/wp\/v2\/media\/5659"}],"wp:attachment":[{"href":"https:\/\/sare.eus\/es\/wp-json\/wp\/v2\/media?parent=5660"}],"wp:term":[{"taxonomy":"category","embeddable":true,"href":"https:\/\/sare.eus\/es\/wp-json\/wp\/v2\/categories?post=5660"},{"taxonomy":"post_tag","embeddable":true,"href":"https:\/\/sare.eus\/es\/wp-json\/wp\/v2\/tags?post=5660"}],"curies":[{"name":"wp","href":"https:\/\/api.w.org\/{rel}","templated":true}]}}