{"id":5643,"date":"2023-12-09T09:39:50","date_gmt":"2023-12-09T09:39:50","guid":{"rendered":"https:\/\/sare.eus\/?p=5643"},"modified":"2023-12-14T09:51:27","modified_gmt":"2023-12-14T09:51:27","slug":"kurturgile-eta-legelariek-bat-egin-dute-konponbiderako-giltzak-manifestuarekin","status":"publish","type":"post","link":"https:\/\/sare.eus\/es\/kurturgile-eta-legelariek-bat-egin-dute-konponbiderako-giltzak-manifestuarekin\/","title":{"rendered":"Kurturgile eta legelariek bat egin dute \u00abKonponbiderako giltzak\u00bb manifestuarekin"},"content":{"rendered":"<h2>Kultur Giltzak<\/h2>\n<p>Ongi Etorri Kultur Giltzak ekitaldi honetara. Ibilian ibilitakoari jarraipena emanaz eta oraindik orain bidea dugula aurretik jabetuta. Bidean aurrera goaz. Hartu ditzagun giltzak eskuartean, ekin diezaiogun giltzarrapoak zabalduz, errepikaezinak giltzapetzeari.<\/p>\n<p>Eskerrik asko denoi! Urteetan itxita izan diren ate ugari zabaltzeko bidea izan gara. Gutako bakoitza bere txikitasunetik. Emaniko urrats txiki bakoitza bide egiteko bide izan delako.<\/p>\n<p>Esperantza hitza gure elkarrizketara itzuli da, urte luzeetan giltzapean bahiturik egon ostean.<\/p>\n<p>Elkarlanean jarraituz gero, etxera bidea gertu egon litekeenaren itxaropena.<\/p>\n<p><iframe loading=\"lazy\" title=\"YouTube video player\" src=\"https:\/\/www.youtube.com\/embed\/videoseries?si=mz8zJ1otEQXw5Hau&amp;list=PLfo14lvzTrOyCTDFHqyjdPd0AI3shXhGE\" width=\"560\" height=\"315\" frameborder=\"0\" allowfullscreen=\"allowfullscreen\"><\/iframe><br \/>\nHorretarako prest gaude aspaldidanik, urratsak ematen jarraitzeko unea da, konponbidearekin eta benetako bake baten aldeko konpromisoa erakutsiz.<\/p>\n<p>Salbuespena lege den bitartean, oraindik, giltza ugari astindu behar ditugulako. Bidegurutze berri baten aurrean gaudelarik, hasitako pausuei jarraiki, atariraino bide egiteko unea da.<\/p>\n<p>Jarrai dezagun ateak zabaltzen, salbuespenari ere zirrikitu oro zarratzeko. Etorkizunaren atea zabaldu eta iragana zarratzeko giltzarria gara.<\/p>\n<p>Datozen egunetan ere milaka giltza izanen gara. Astinduko ditugu giltzak kalean, ikastetxetan, fabriketan, erakundetan\u2026 <strong>eta giltzen olatu bihurtuko dugu Bilbo urtarrilaren 13an. Norabide horretan, Durangoko Azokan bat egin duten hainbat kulturgileekin batera deialdia luzatu nahi dugu URTARRILAREN 13an Bilboko kaleak konponbiderrako elkarbizitzarako eta etxerako giltzez betetzera.\u00a0<\/strong><\/p>\n<hr \/>\n<p>&nbsp;<\/p>\n<p><img loading=\"lazy\" decoding=\"async\" class=\"alignnone wp-image-5645 size-large\" src=\"https:\/\/sare.eus\/wp-content\/uploads\/2023\/12\/ab-11-juristak-1024x771.jpg\" alt=\"\" width=\"1024\" height=\"771\" srcset=\"https:\/\/sare.eus\/wp-content\/uploads\/2023\/12\/ab-11-juristak-1024x771.jpg 1024w, https:\/\/sare.eus\/wp-content\/uploads\/2023\/12\/ab-11-juristak-300x226.jpg 300w, https:\/\/sare.eus\/wp-content\/uploads\/2023\/12\/ab-11-juristak-768x578.jpg 768w, https:\/\/sare.eus\/wp-content\/uploads\/2023\/12\/ab-11-juristak-1536x1157.jpg 1536w, https:\/\/sare.eus\/wp-content\/uploads\/2023\/12\/ab-11-juristak-2048x1542.jpg 2048w, https:\/\/sare.eus\/wp-content\/uploads\/2023\/12\/ab-11-juristak-1080x813.jpg 1080w\" sizes=\"(max-width: 1024px) 100vw, 1024px\" \/><br \/>\n<iframe loading=\"lazy\" title=\"YouTube video player\" src=\"https:\/\/www.youtube.com\/embed\/hGG70ZgEU_4?si=sXtkikUKzaLQlLze\" width=\"560\" height=\"315\" frameborder=\"0\" allowfullscreen=\"allowfullscreen\"><\/iframe><br \/>\nUrriaren 21ean Konponbiderako giltza izeneko dokumentua publiko egin zuen Sarek Gernikan. Milaka euskal hiritar eta eragilek sostengatu dute manifestua, tartean hainbat euskal legelari eta abokatuek. Hoietako batzuk gaur zuen aurrean agertzea erabaki dugu. Dokumentu horri hainbat eremutako pertsonek eman zioten hitza, hala nola Carlo Garaikoetxea eta Juan Jose Ibarretxe lehendakari ohiek, Gerry Adams buruzagi politiko irlandarrak, Garbi\u00f1e Biurrun eta Jos\u00e9 Antonio Mart\u00edn Pall\u00edn legelariek eta gure herrian bizi izandako indarkerien biktimek, hala nola Rosa Lluch, Rosa Rodero eta Unai Romanok\u2026<\/p>\n<p><img loading=\"lazy\" decoding=\"async\" class=\"alignnone wp-image-5647 size-large\" src=\"https:\/\/sare.eus\/wp-content\/uploads\/2023\/12\/manifestua_eus_cas_fra_eng-011-1024x1024.jpg\" alt=\"\" width=\"1024\" height=\"1024\" srcset=\"https:\/\/sare.eus\/wp-content\/uploads\/2023\/12\/manifestua_eus_cas_fra_eng-011-1024x1024.jpg 1024w, https:\/\/sare.eus\/wp-content\/uploads\/2023\/12\/manifestua_eus_cas_fra_eng-011-300x300.jpg 300w, https:\/\/sare.eus\/wp-content\/uploads\/2023\/12\/manifestua_eus_cas_fra_eng-011-150x150.jpg 150w, https:\/\/sare.eus\/wp-content\/uploads\/2023\/12\/manifestua_eus_cas_fra_eng-011-768x768.jpg 768w, https:\/\/sare.eus\/wp-content\/uploads\/2023\/12\/manifestua_eus_cas_fra_eng-011-440x440.jpg 440w, https:\/\/sare.eus\/wp-content\/uploads\/2023\/12\/manifestua_eus_cas_fra_eng-011.jpg 1080w\" sizes=\"(max-width: 1024px) 100vw, 1024px\" \/><\/p>\n<p><strong>bat egin manifestuarekin: <a href=\"https:\/\/sare.eus\" target=\"_blank\" rel=\"noopener\">giltzak.sare.eus <\/a>webgunean<\/strong><\/p>\n","protected":false},"excerpt":{"rendered":"<p>Kultur Giltzak Ongi Etorri Kultur Giltzak ekitaldi honetara. Ibilian ibilitakoari jarraipena emanaz eta oraindik orain bidea dugula aurretik jabetuta. Bidean aurrera goaz. Hartu ditzagun giltzak eskuartean, ekin diezaiogun giltzarrapoak zabalduz, [&hellip;]<\/p>\n","protected":false},"author":2,"featured_media":5641,"comment_status":"closed","ping_status":"closed","sticky":false,"template":"","format":"standard","meta":{"_acf_changed":false,"_et_pb_use_builder":"","_et_pb_old_content":"","_et_gb_content_width":"","footnotes":""},"categories":[10],"tags":[],"class_list":["post-5643","post","type-post","status-publish","format-standard","has-post-thumbnail","hentry","category-etxera","et-has-post-format-content","et_post_format-et-post-format-standard"],"acf":[],"yoast_head":"<!-- This site is optimized with the Yoast SEO plugin v26.4 - https:\/\/yoast.com\/wordpress\/plugins\/seo\/ -->\n<title>Kurturgile eta legelariek bat egin dute &quot;Konponbiderako giltzak&quot; manifestuarekin - Sare Herritarra<\/title>\n<meta name=\"robots\" content=\"index, follow, max-snippet:-1, max-image-preview:large, max-video-preview:-1\" \/>\n<link rel=\"canonical\" href=\"https:\/\/sare.eus\/es\/kurturgile-eta-legelariek-bat-egin-dute-konponbiderako-giltzak-manifestuarekin\/\" \/>\n<meta property=\"og:locale\" content=\"es_ES\" \/>\n<meta property=\"og:type\" content=\"article\" \/>\n<meta property=\"og:title\" content=\"Kurturgile eta legelariek bat egin dute &quot;Konponbiderako giltzak&quot; manifestuarekin - Sare Herritarra\" \/>\n<meta property=\"og:description\" content=\"Kultur Giltzak Ongi Etorri Kultur Giltzak ekitaldi honetara. Ibilian ibilitakoari jarraipena emanaz eta oraindik orain bidea dugula aurretik jabetuta. Bidean aurrera goaz. Hartu ditzagun giltzak eskuartean, ekin diezaiogun giltzarrapoak zabalduz, [&hellip;]\" \/>\n<meta property=\"og:url\" content=\"https:\/\/sare.eus\/es\/kurturgile-eta-legelariek-bat-egin-dute-konponbiderako-giltzak-manifestuarekin\/\" \/>\n<meta property=\"og:site_name\" content=\"Sare Herritarra\" \/>\n<meta property=\"article:published_time\" content=\"2023-12-09T09:39:50+00:00\" \/>\n<meta property=\"article:modified_time\" content=\"2023-12-14T09:51:27+00:00\" \/>\n<meta property=\"og:image\" content=\"https:\/\/sare.eus\/wp-content\/uploads\/2023\/12\/ab-9-web-scaled.jpg\" \/>\n\t<meta property=\"og:image:width\" content=\"2560\" \/>\n\t<meta property=\"og:image:height\" content=\"1707\" \/>\n\t<meta property=\"og:image:type\" content=\"image\/jpeg\" \/>\n<meta name=\"author\" content=\"sare\" \/>\n<meta name=\"twitter:card\" content=\"summary_large_image\" \/>\n<meta name=\"twitter:label1\" content=\"Escrito por\" \/>\n\t<meta name=\"twitter:data1\" content=\"sare\" \/>\n\t<meta name=\"twitter:label2\" content=\"Tiempo de lectura\" \/>\n\t<meta name=\"twitter:data2\" content=\"2 minutos\" \/>\n<script type=\"application\/ld+json\" class=\"yoast-schema-graph\">{\"@context\":\"https:\/\/schema.org\",\"@graph\":[{\"@type\":\"Article\",\"@id\":\"https:\/\/sare.eus\/es\/kurturgile-eta-legelariek-bat-egin-dute-konponbiderako-giltzak-manifestuarekin\/#article\",\"isPartOf\":{\"@id\":\"https:\/\/sare.eus\/es\/kurturgile-eta-legelariek-bat-egin-dute-konponbiderako-giltzak-manifestuarekin\/\"},\"author\":{\"name\":\"sare\",\"@id\":\"https:\/\/sare.eus\/#\/schema\/person\/2fe6d0df294f56313d3ab236dbe38e17\"},\"headline\":\"Kurturgile eta legelariek bat egin dute \u00abKonponbiderako giltzak\u00bb manifestuarekin\",\"datePublished\":\"2023-12-09T09:39:50+00:00\",\"dateModified\":\"2023-12-14T09:51:27+00:00\",\"mainEntityOfPage\":{\"@id\":\"https:\/\/sare.eus\/es\/kurturgile-eta-legelariek-bat-egin-dute-konponbiderako-giltzak-manifestuarekin\/\"},\"wordCount\":282,\"publisher\":{\"@id\":\"https:\/\/sare.eus\/#organization\"},\"image\":{\"@id\":\"https:\/\/sare.eus\/es\/kurturgile-eta-legelariek-bat-egin-dute-konponbiderako-giltzak-manifestuarekin\/#primaryimage\"},\"thumbnailUrl\":\"https:\/\/sare.eus\/wp-content\/uploads\/2023\/12\/ab-9-web-scaled.jpg\",\"articleSection\":[\"Etxera\"],\"inLanguage\":\"es\"},{\"@type\":\"WebPage\",\"@id\":\"https:\/\/sare.eus\/es\/kurturgile-eta-legelariek-bat-egin-dute-konponbiderako-giltzak-manifestuarekin\/\",\"url\":\"https:\/\/sare.eus\/es\/kurturgile-eta-legelariek-bat-egin-dute-konponbiderako-giltzak-manifestuarekin\/\",\"name\":\"Kurturgile eta legelariek bat egin dute \\\"Konponbiderako giltzak\\\" manifestuarekin - Sare Herritarra\",\"isPartOf\":{\"@id\":\"https:\/\/sare.eus\/#website\"},\"primaryImageOfPage\":{\"@id\":\"https:\/\/sare.eus\/es\/kurturgile-eta-legelariek-bat-egin-dute-konponbiderako-giltzak-manifestuarekin\/#primaryimage\"},\"image\":{\"@id\":\"https:\/\/sare.eus\/es\/kurturgile-eta-legelariek-bat-egin-dute-konponbiderako-giltzak-manifestuarekin\/#primaryimage\"},\"thumbnailUrl\":\"https:\/\/sare.eus\/wp-content\/uploads\/2023\/12\/ab-9-web-scaled.jpg\",\"datePublished\":\"2023-12-09T09:39:50+00:00\",\"dateModified\":\"2023-12-14T09:51:27+00:00\",\"breadcrumb\":{\"@id\":\"https:\/\/sare.eus\/es\/kurturgile-eta-legelariek-bat-egin-dute-konponbiderako-giltzak-manifestuarekin\/#breadcrumb\"},\"inLanguage\":\"es\",\"potentialAction\":[{\"@type\":\"ReadAction\",\"target\":[\"https:\/\/sare.eus\/es\/kurturgile-eta-legelariek-bat-egin-dute-konponbiderako-giltzak-manifestuarekin\/\"]}]},{\"@type\":\"ImageObject\",\"inLanguage\":\"es\",\"@id\":\"https:\/\/sare.eus\/es\/kurturgile-eta-legelariek-bat-egin-dute-konponbiderako-giltzak-manifestuarekin\/#primaryimage\",\"url\":\"https:\/\/sare.eus\/wp-content\/uploads\/2023\/12\/ab-9-web-scaled.jpg\",\"contentUrl\":\"https:\/\/sare.eus\/wp-content\/uploads\/2023\/12\/ab-9-web-scaled.jpg\",\"width\":2560,\"height\":1707},{\"@type\":\"BreadcrumbList\",\"@id\":\"https:\/\/sare.eus\/es\/kurturgile-eta-legelariek-bat-egin-dute-konponbiderako-giltzak-manifestuarekin\/#breadcrumb\",\"itemListElement\":[{\"@type\":\"ListItem\",\"position\":1,\"name\":\"Home\",\"item\":\"https:\/\/sare.eus\/\"},{\"@type\":\"ListItem\",\"position\":2,\"name\":\"Kurturgile eta legelariek bat egin dute \u00abKonponbiderako giltzak\u00bb manifestuarekin\"}]},{\"@type\":\"WebSite\",\"@id\":\"https:\/\/sare.eus\/#website\",\"url\":\"https:\/\/sare.eus\/\",\"name\":\"Sare Herritarra\",\"description\":\"KONPONBIDEAREN ETA GIZA ESKUBIDEEN ALDEKO SARE HERRITARRA\",\"publisher\":{\"@id\":\"https:\/\/sare.eus\/#organization\"},\"potentialAction\":[{\"@type\":\"SearchAction\",\"target\":{\"@type\":\"EntryPoint\",\"urlTemplate\":\"https:\/\/sare.eus\/?s={search_term_string}\"},\"query-input\":{\"@type\":\"PropertyValueSpecification\",\"valueRequired\":true,\"valueName\":\"search_term_string\"}}],\"inLanguage\":\"es\"},{\"@type\":\"Organization\",\"@id\":\"https:\/\/sare.eus\/#organization\",\"name\":\"Sare Herritarra\",\"url\":\"https:\/\/sare.eus\/\",\"logo\":{\"@type\":\"ImageObject\",\"inLanguage\":\"es\",\"@id\":\"https:\/\/sare.eus\/#\/schema\/logo\/image\/\",\"url\":\"https:\/\/sare.eus\/wp-content\/uploads\/2021\/08\/sare.png\",\"contentUrl\":\"https:\/\/sare.eus\/wp-content\/uploads\/2021\/08\/sare.png\",\"width\":120,\"height\":142,\"caption\":\"Sare Herritarra\"},\"image\":{\"@id\":\"https:\/\/sare.eus\/#\/schema\/logo\/image\/\"}},{\"@type\":\"Person\",\"@id\":\"https:\/\/sare.eus\/#\/schema\/person\/2fe6d0df294f56313d3ab236dbe38e17\",\"name\":\"sare\",\"image\":{\"@type\":\"ImageObject\",\"inLanguage\":\"es\",\"@id\":\"https:\/\/sare.eus\/#\/schema\/person\/image\/\",\"url\":\"https:\/\/secure.gravatar.com\/avatar\/77cad838677ceb1977e7b3c878b55eaa7fa4aae2158983063b047c3ad7ef2c25?s=96&d=mm&r=g\",\"contentUrl\":\"https:\/\/secure.gravatar.com\/avatar\/77cad838677ceb1977e7b3c878b55eaa7fa4aae2158983063b047c3ad7ef2c25?s=96&d=mm&r=g\",\"caption\":\"sare\"},\"url\":\"https:\/\/sare.eus\/es\/author\/sare\/\"}]}<\/script>\n<!-- \/ Yoast SEO plugin. -->","yoast_head_json":{"title":"Kurturgile eta legelariek bat egin dute \"Konponbiderako giltzak\" manifestuarekin - Sare Herritarra","robots":{"index":"index","follow":"follow","max-snippet":"max-snippet:-1","max-image-preview":"max-image-preview:large","max-video-preview":"max-video-preview:-1"},"canonical":"https:\/\/sare.eus\/es\/kurturgile-eta-legelariek-bat-egin-dute-konponbiderako-giltzak-manifestuarekin\/","og_locale":"es_ES","og_type":"article","og_title":"Kurturgile eta legelariek bat egin dute \"Konponbiderako giltzak\" manifestuarekin - Sare Herritarra","og_description":"Kultur Giltzak Ongi Etorri Kultur Giltzak ekitaldi honetara. Ibilian ibilitakoari jarraipena emanaz eta oraindik orain bidea dugula aurretik jabetuta. Bidean aurrera goaz. Hartu ditzagun giltzak eskuartean, ekin diezaiogun giltzarrapoak zabalduz, [&hellip;]","og_url":"https:\/\/sare.eus\/es\/kurturgile-eta-legelariek-bat-egin-dute-konponbiderako-giltzak-manifestuarekin\/","og_site_name":"Sare Herritarra","article_published_time":"2023-12-09T09:39:50+00:00","article_modified_time":"2023-12-14T09:51:27+00:00","og_image":[{"width":2560,"height":1707,"url":"https:\/\/sare.eus\/wp-content\/uploads\/2023\/12\/ab-9-web-scaled.jpg","type":"image\/jpeg"}],"author":"sare","twitter_card":"summary_large_image","twitter_misc":{"Escrito por":"sare","Tiempo de lectura":"2 minutos"},"schema":{"@context":"https:\/\/schema.org","@graph":[{"@type":"Article","@id":"https:\/\/sare.eus\/es\/kurturgile-eta-legelariek-bat-egin-dute-konponbiderako-giltzak-manifestuarekin\/#article","isPartOf":{"@id":"https:\/\/sare.eus\/es\/kurturgile-eta-legelariek-bat-egin-dute-konponbiderako-giltzak-manifestuarekin\/"},"author":{"name":"sare","@id":"https:\/\/sare.eus\/#\/schema\/person\/2fe6d0df294f56313d3ab236dbe38e17"},"headline":"Kurturgile eta legelariek bat egin dute \u00abKonponbiderako giltzak\u00bb manifestuarekin","datePublished":"2023-12-09T09:39:50+00:00","dateModified":"2023-12-14T09:51:27+00:00","mainEntityOfPage":{"@id":"https:\/\/sare.eus\/es\/kurturgile-eta-legelariek-bat-egin-dute-konponbiderako-giltzak-manifestuarekin\/"},"wordCount":282,"publisher":{"@id":"https:\/\/sare.eus\/#organization"},"image":{"@id":"https:\/\/sare.eus\/es\/kurturgile-eta-legelariek-bat-egin-dute-konponbiderako-giltzak-manifestuarekin\/#primaryimage"},"thumbnailUrl":"https:\/\/sare.eus\/wp-content\/uploads\/2023\/12\/ab-9-web-scaled.jpg","articleSection":["Etxera"],"inLanguage":"es"},{"@type":"WebPage","@id":"https:\/\/sare.eus\/es\/kurturgile-eta-legelariek-bat-egin-dute-konponbiderako-giltzak-manifestuarekin\/","url":"https:\/\/sare.eus\/es\/kurturgile-eta-legelariek-bat-egin-dute-konponbiderako-giltzak-manifestuarekin\/","name":"Kurturgile eta legelariek bat egin dute \"Konponbiderako giltzak\" manifestuarekin - Sare Herritarra","isPartOf":{"@id":"https:\/\/sare.eus\/#website"},"primaryImageOfPage":{"@id":"https:\/\/sare.eus\/es\/kurturgile-eta-legelariek-bat-egin-dute-konponbiderako-giltzak-manifestuarekin\/#primaryimage"},"image":{"@id":"https:\/\/sare.eus\/es\/kurturgile-eta-legelariek-bat-egin-dute-konponbiderako-giltzak-manifestuarekin\/#primaryimage"},"thumbnailUrl":"https:\/\/sare.eus\/wp-content\/uploads\/2023\/12\/ab-9-web-scaled.jpg","datePublished":"2023-12-09T09:39:50+00:00","dateModified":"2023-12-14T09:51:27+00:00","breadcrumb":{"@id":"https:\/\/sare.eus\/es\/kurturgile-eta-legelariek-bat-egin-dute-konponbiderako-giltzak-manifestuarekin\/#breadcrumb"},"inLanguage":"es","potentialAction":[{"@type":"ReadAction","target":["https:\/\/sare.eus\/es\/kurturgile-eta-legelariek-bat-egin-dute-konponbiderako-giltzak-manifestuarekin\/"]}]},{"@type":"ImageObject","inLanguage":"es","@id":"https:\/\/sare.eus\/es\/kurturgile-eta-legelariek-bat-egin-dute-konponbiderako-giltzak-manifestuarekin\/#primaryimage","url":"https:\/\/sare.eus\/wp-content\/uploads\/2023\/12\/ab-9-web-scaled.jpg","contentUrl":"https:\/\/sare.eus\/wp-content\/uploads\/2023\/12\/ab-9-web-scaled.jpg","width":2560,"height":1707},{"@type":"BreadcrumbList","@id":"https:\/\/sare.eus\/es\/kurturgile-eta-legelariek-bat-egin-dute-konponbiderako-giltzak-manifestuarekin\/#breadcrumb","itemListElement":[{"@type":"ListItem","position":1,"name":"Home","item":"https:\/\/sare.eus\/"},{"@type":"ListItem","position":2,"name":"Kurturgile eta legelariek bat egin dute \u00abKonponbiderako giltzak\u00bb manifestuarekin"}]},{"@type":"WebSite","@id":"https:\/\/sare.eus\/#website","url":"https:\/\/sare.eus\/","name":"Sare Herritarra","description":"KONPONBIDEAREN ETA GIZA ESKUBIDEEN ALDEKO SARE HERRITARRA","publisher":{"@id":"https:\/\/sare.eus\/#organization"},"potentialAction":[{"@type":"SearchAction","target":{"@type":"EntryPoint","urlTemplate":"https:\/\/sare.eus\/?s={search_term_string}"},"query-input":{"@type":"PropertyValueSpecification","valueRequired":true,"valueName":"search_term_string"}}],"inLanguage":"es"},{"@type":"Organization","@id":"https:\/\/sare.eus\/#organization","name":"Sare Herritarra","url":"https:\/\/sare.eus\/","logo":{"@type":"ImageObject","inLanguage":"es","@id":"https:\/\/sare.eus\/#\/schema\/logo\/image\/","url":"https:\/\/sare.eus\/wp-content\/uploads\/2021\/08\/sare.png","contentUrl":"https:\/\/sare.eus\/wp-content\/uploads\/2021\/08\/sare.png","width":120,"height":142,"caption":"Sare Herritarra"},"image":{"@id":"https:\/\/sare.eus\/#\/schema\/logo\/image\/"}},{"@type":"Person","@id":"https:\/\/sare.eus\/#\/schema\/person\/2fe6d0df294f56313d3ab236dbe38e17","name":"sare","image":{"@type":"ImageObject","inLanguage":"es","@id":"https:\/\/sare.eus\/#\/schema\/person\/image\/","url":"https:\/\/secure.gravatar.com\/avatar\/77cad838677ceb1977e7b3c878b55eaa7fa4aae2158983063b047c3ad7ef2c25?s=96&d=mm&r=g","contentUrl":"https:\/\/secure.gravatar.com\/avatar\/77cad838677ceb1977e7b3c878b55eaa7fa4aae2158983063b047c3ad7ef2c25?s=96&d=mm&r=g","caption":"sare"},"url":"https:\/\/sare.eus\/es\/author\/sare\/"}]}},"_links":{"self":[{"href":"https:\/\/sare.eus\/es\/wp-json\/wp\/v2\/posts\/5643","targetHints":{"allow":["GET"]}}],"collection":[{"href":"https:\/\/sare.eus\/es\/wp-json\/wp\/v2\/posts"}],"about":[{"href":"https:\/\/sare.eus\/es\/wp-json\/wp\/v2\/types\/post"}],"author":[{"embeddable":true,"href":"https:\/\/sare.eus\/es\/wp-json\/wp\/v2\/users\/2"}],"replies":[{"embeddable":true,"href":"https:\/\/sare.eus\/es\/wp-json\/wp\/v2\/comments?post=5643"}],"version-history":[{"count":6,"href":"https:\/\/sare.eus\/es\/wp-json\/wp\/v2\/posts\/5643\/revisions"}],"predecessor-version":[{"id":5653,"href":"https:\/\/sare.eus\/es\/wp-json\/wp\/v2\/posts\/5643\/revisions\/5653"}],"wp:featuredmedia":[{"embeddable":true,"href":"https:\/\/sare.eus\/es\/wp-json\/wp\/v2\/media\/5641"}],"wp:attachment":[{"href":"https:\/\/sare.eus\/es\/wp-json\/wp\/v2\/media?parent=5643"}],"wp:term":[{"taxonomy":"category","embeddable":true,"href":"https:\/\/sare.eus\/es\/wp-json\/wp\/v2\/categories?post=5643"},{"taxonomy":"post_tag","embeddable":true,"href":"https:\/\/sare.eus\/es\/wp-json\/wp\/v2\/tags?post=5643"}],"curies":[{"name":"wp","href":"https:\/\/api.w.org\/{rel}","templated":true}]}}