{"id":5621,"date":"2023-12-01T10:27:18","date_gmt":"2023-12-01T10:27:18","guid":{"rendered":"https:\/\/sare.eus\/?p=5621"},"modified":"2023-12-01T10:27:18","modified_gmt":"2023-12-01T10:27:18","slug":"llaves-para-la-resolucion-13-de-enero-en-bilbo","status":"publish","type":"post","link":"https:\/\/sare.eus\/es\/llaves-para-la-resolucion-13-de-enero-en-bilbo\/","title":{"rendered":"\u00abLlaves para la resoluci\u00f3n\u00bb ser\u00e1 el lema de la manifestaci\u00f3n organizada por SARE el pr\u00f3ximo 13 de enero en Bilbo"},"content":{"rendered":"<p>Bajo el lema \u201cKonponbiderako giltzak-Llaves para la resoluci\u00f3n\u201c, el pr\u00f3ximo 13 de enero, Bilbo ser\u00e1 escenario de una nueva manifestaci\u00f3n. Una movilizaci\u00f3n pac\u00edfica y democr\u00e1tica, en la que Sare pretende que decenas de miles de personas cojan en sus manos las llaves que abran las puertas al camino a casa de las y los presos, a la resoluci\u00f3n y la convivencia.<\/p>\n<p><img loading=\"lazy\" decoding=\"async\" class=\"alignleft wp-image-5618\" src=\"https:\/\/sare.eus\/wp-content\/uploads\/2023\/11\/URTARRILAK-13-BILBO-212x300.jpg\" alt=\"\" width=\"450\" height=\"638\" srcset=\"https:\/\/sare.eus\/wp-content\/uploads\/2023\/11\/URTARRILAK-13-BILBO-212x300.jpg 212w, https:\/\/sare.eus\/wp-content\/uploads\/2023\/11\/URTARRILAK-13-BILBO-723x1024.jpg 723w, https:\/\/sare.eus\/wp-content\/uploads\/2023\/11\/URTARRILAK-13-BILBO-768x1088.jpg 768w, https:\/\/sare.eus\/wp-content\/uploads\/2023\/11\/URTARRILAK-13-BILBO-1084x1536.jpg 1084w, https:\/\/sare.eus\/wp-content\/uploads\/2023\/11\/URTARRILAK-13-BILBO-1446x2048.jpg 1446w, https:\/\/sare.eus\/wp-content\/uploads\/2023\/11\/URTARRILAK-13-BILBO-1080x1530.jpg 1080w, https:\/\/sare.eus\/wp-content\/uploads\/2023\/11\/URTARRILAK-13-BILBO-scaled.jpg 1807w\" sizes=\"(max-width: 450px) 100vw, 450px\" \/>Un a\u00f1o m\u00e1s, nos queremos dirigir al conjunto de la sociedad vasca. A todas las mujeres y hombres que, al margen de cu\u00e1l sea su ideolog\u00eda o adscripci\u00f3n pol\u00edtica, quieren hacer de la defensa de los derechos humanos su objetivo.<\/p>\n<p>Porque no hablamos de objetivos pol\u00edticos y\/o partidistas. Hablamos de derechos, del fin de la excepcionalidad jur\u00eddica y penitenciaria. Del respeto al dolor de todas las victimas de las diferentes violencias sufridas en nuestro pueblo. En definitiva, hablamos de convivencia.<\/p>\n<p>Trasladaremos la necesidad de que sea la propia sociedad vasca, tambi\u00e9n a trav\u00e9s de sus instituciones pol\u00edticas y judiciales, quienes tengan en sus manos la capacidad de dise\u00f1ar el camino de regreso a casa de los presos\/as vascos, exiliados y deportados.<\/p>\n<p>Por el contrario, en Bilbo denunciaremos la falta total de l\u00f3gica de la confrontaci\u00f3n permanente; lo incomprensible del mantenimiento de legislaciones y actitudes ideadas en en tiempo pasado, que nada tiene que ver con la realidad actual de la sociedad vasca.<\/p>\n<p>No se puede, ni se debe ya decidir a m\u00e1s de 400 kil\u00f3metros de distancia el recorrido penitenciario de los presos. No es, ni democr\u00e1tico, ni l\u00f3gico, que jueces y fiscales de la Audiencia Nacional, confronten de manera permanente las decisiones de las juntas de tratamiento de las prisiones vascas y colapsen el camino de regreso a casa de personas que llev\u00e1n, en muchos casos, m\u00e1s de 20 a\u00f1os de privaci\u00f3n de libertad, y que en funci\u00f3n del tiempo de prisi\u00f3n cumplido, tienen derecho a la libertad condicional o semilibertad.<\/p>\n<p>Queremos reiterar los datos recogidos en la memoria de la Fiscal\u00eda del Pa\u00eds Vasco correspondiente a 2022, seg\u00fan lo cuales, de 387 progresiones de grado aprobadas por el Departamento de Justicia del Gobierno Vasco, la fiscal\u00eda ha recurrido 10, es decir, el 2,85%. Por contra, en lo referido a los presos\/as vascos, la fiscal\u00eda de la AN, ha recurrido el 60%.<\/p>\n<p>Insistimos en que el sistema jur\u00eddico y penitenciario contempla otras formas de cumplimiento de penas, m\u00e1s all\u00e1 de los muros de la prisi\u00f3n, que deben ser ya aplicadas en el caso de los y las presas vascas.<\/p>\n<p>Acabamos ya. La din\u00e1mica \u201cLlaves para la resoluci\u00f3n\u201c est\u00e1 trasladando a pueblos y barrios la reflexi\u00f3n de que todas y todos debemos ser llave para avanzar, sin atrincherarnos, hacia el futuro que como sociedad anhelamos tras tantos a\u00f1os de confrontaci\u00f3n. Las iniciativas e van a ir multiplicando hasta el pr\u00f3ximo 13 de enero. Pr\u00f3ximamente, el 9 de diciembre, compartiremos en la Feria de Durango con gente de la cultura un acto p\u00fablico con el mismo objetivo; y el 20 de diciembre, la mayor\u00eda sindical mostrar\u00e1 su propias llaves y se movilizar\u00e1 en las cuatros capitales de Hego Euskal Herria.<\/p>\n<p>Sare reitera su invitaci\u00f3n a toda la sociedad vasca a tomar parte en la movilizaci\u00f3n del 13 de enero. Hace falta un esfuerzo para abrir cuanto antes las puertas al futuro.<\/p>\n<p><strong>PROXIMAS FECHAS<\/strong><br \/>\n\u00b7 9 de diciembre, Acto Cultural, Durango Landako, 13:00<br \/>\n\u00b7 20 de diciembre, Concentraciones de la mayor\u00eda sindical en las cuatro Capitales de Hego Euskal Herria<br \/>\n\u00b7 23 de diciembre, Manifestaci\u00f3n desde la Prisi\u00f3n de Martutene, 12:00<br \/>\n\u00b7 24 de diciembre, Manifestaci\u00f3n, Gasteiz, Fuente de los Patos, 19:00<br \/>\n\u00b7 29 de diciembre, Concentraciones descentralizadas en Nafarroa<br \/>\n\u00b7 30 de diciembre, Manifestaci\u00f3n desde la Prisi\u00f3n de Basauri, 12:30<br \/>\n<strong>\u00b7 13 de enero, Manifestaci\u00f3n, Bilbao, La Casilla, 17:00<\/strong><\/p>\n","protected":false},"excerpt":{"rendered":"<p>Bajo el lema \u201cKonponbiderako giltzak-Llaves para la resoluci\u00f3n\u201c, el pr\u00f3ximo 13 de enero, Bilbo ser\u00e1 escenario de una nueva manifestaci\u00f3n. Una movilizaci\u00f3n pac\u00edfica y democr\u00e1tica, en la que Sare pretende [&hellip;]<\/p>\n","protected":false},"author":2,"featured_media":5627,"comment_status":"closed","ping_status":"closed","sticky":false,"template":"","format":"standard","meta":{"_acf_changed":false,"_et_pb_use_builder":"","_et_pb_old_content":"","_et_gb_content_width":"","footnotes":""},"categories":[60],"tags":[],"class_list":["post-5621","post","type-post","status-publish","format-standard","has-post-thumbnail","hentry","category-etxera-es","et-has-post-format-content","et_post_format-et-post-format-standard"],"acf":[],"yoast_head":"<!-- This site is optimized with the Yoast SEO plugin v26.4 - https:\/\/yoast.com\/wordpress\/plugins\/seo\/ -->\n<title>&quot;Llaves para la resoluci\u00f3n&quot; ser\u00e1 el lema de la manifestaci\u00f3n organizada por SARE el pr\u00f3ximo 13 de enero en Bilbo - Sare Herritarra<\/title>\n<meta name=\"robots\" content=\"index, follow, max-snippet:-1, max-image-preview:large, max-video-preview:-1\" \/>\n<link rel=\"canonical\" href=\"https:\/\/sare.eus\/es\/llaves-para-la-resolucion-13-de-enero-en-bilbo\/\" \/>\n<meta property=\"og:locale\" content=\"es_ES\" \/>\n<meta property=\"og:type\" content=\"article\" \/>\n<meta property=\"og:title\" content=\"&quot;Llaves para la resoluci\u00f3n&quot; ser\u00e1 el lema de la manifestaci\u00f3n organizada por SARE el pr\u00f3ximo 13 de enero en Bilbo - Sare Herritarra\" \/>\n<meta property=\"og:description\" content=\"Bajo el lema \u201cKonponbiderako giltzak-Llaves para la resoluci\u00f3n\u201c, el pr\u00f3ximo 13 de enero, Bilbo ser\u00e1 escenario de una nueva manifestaci\u00f3n. Una movilizaci\u00f3n pac\u00edfica y democr\u00e1tica, en la que Sare pretende [&hellip;]\" \/>\n<meta property=\"og:url\" content=\"https:\/\/sare.eus\/es\/llaves-para-la-resolucion-13-de-enero-en-bilbo\/\" \/>\n<meta property=\"og:site_name\" content=\"Sare Herritarra\" \/>\n<meta property=\"article:published_time\" content=\"2023-12-01T10:27:18+00:00\" \/>\n<meta property=\"og:image\" content=\"https:\/\/sare.eus\/wp-content\/uploads\/2023\/12\/20231201_SARE-GASTEIZ-WEB.jpg\" \/>\n\t<meta property=\"og:image:width\" content=\"1280\" \/>\n\t<meta property=\"og:image:height\" content=\"960\" \/>\n\t<meta property=\"og:image:type\" content=\"image\/jpeg\" \/>\n<meta name=\"author\" content=\"sare\" \/>\n<meta name=\"twitter:card\" content=\"summary_large_image\" \/>\n<meta name=\"twitter:label1\" content=\"Escrito por\" \/>\n\t<meta name=\"twitter:data1\" content=\"sare\" \/>\n\t<meta name=\"twitter:label2\" content=\"Tiempo de lectura\" \/>\n\t<meta name=\"twitter:data2\" content=\"3 minutos\" \/>\n<script type=\"application\/ld+json\" class=\"yoast-schema-graph\">{\"@context\":\"https:\/\/schema.org\",\"@graph\":[{\"@type\":\"Article\",\"@id\":\"https:\/\/sare.eus\/es\/llaves-para-la-resolucion-13-de-enero-en-bilbo\/#article\",\"isPartOf\":{\"@id\":\"https:\/\/sare.eus\/es\/llaves-para-la-resolucion-13-de-enero-en-bilbo\/\"},\"author\":{\"name\":\"sare\",\"@id\":\"https:\/\/sare.eus\/#\/schema\/person\/2fe6d0df294f56313d3ab236dbe38e17\"},\"headline\":\"\u00abLlaves para la resoluci\u00f3n\u00bb ser\u00e1 el lema de la manifestaci\u00f3n organizada por SARE el pr\u00f3ximo 13 de enero en Bilbo\",\"datePublished\":\"2023-12-01T10:27:18+00:00\",\"mainEntityOfPage\":{\"@id\":\"https:\/\/sare.eus\/es\/llaves-para-la-resolucion-13-de-enero-en-bilbo\/\"},\"wordCount\":670,\"publisher\":{\"@id\":\"https:\/\/sare.eus\/#organization\"},\"image\":{\"@id\":\"https:\/\/sare.eus\/es\/llaves-para-la-resolucion-13-de-enero-en-bilbo\/#primaryimage\"},\"thumbnailUrl\":\"https:\/\/sare.eus\/wp-content\/uploads\/2023\/12\/20231201_SARE-GASTEIZ-WEB.jpg\",\"articleSection\":[\"Etxera\"],\"inLanguage\":\"es\"},{\"@type\":\"WebPage\",\"@id\":\"https:\/\/sare.eus\/es\/llaves-para-la-resolucion-13-de-enero-en-bilbo\/\",\"url\":\"https:\/\/sare.eus\/es\/llaves-para-la-resolucion-13-de-enero-en-bilbo\/\",\"name\":\"\\\"Llaves para la resoluci\u00f3n\\\" ser\u00e1 el lema de la manifestaci\u00f3n organizada por SARE el pr\u00f3ximo 13 de enero en Bilbo - Sare Herritarra\",\"isPartOf\":{\"@id\":\"https:\/\/sare.eus\/#website\"},\"primaryImageOfPage\":{\"@id\":\"https:\/\/sare.eus\/es\/llaves-para-la-resolucion-13-de-enero-en-bilbo\/#primaryimage\"},\"image\":{\"@id\":\"https:\/\/sare.eus\/es\/llaves-para-la-resolucion-13-de-enero-en-bilbo\/#primaryimage\"},\"thumbnailUrl\":\"https:\/\/sare.eus\/wp-content\/uploads\/2023\/12\/20231201_SARE-GASTEIZ-WEB.jpg\",\"datePublished\":\"2023-12-01T10:27:18+00:00\",\"breadcrumb\":{\"@id\":\"https:\/\/sare.eus\/es\/llaves-para-la-resolucion-13-de-enero-en-bilbo\/#breadcrumb\"},\"inLanguage\":\"es\",\"potentialAction\":[{\"@type\":\"ReadAction\",\"target\":[\"https:\/\/sare.eus\/es\/llaves-para-la-resolucion-13-de-enero-en-bilbo\/\"]}]},{\"@type\":\"ImageObject\",\"inLanguage\":\"es\",\"@id\":\"https:\/\/sare.eus\/es\/llaves-para-la-resolucion-13-de-enero-en-bilbo\/#primaryimage\",\"url\":\"https:\/\/sare.eus\/wp-content\/uploads\/2023\/12\/20231201_SARE-GASTEIZ-WEB.jpg\",\"contentUrl\":\"https:\/\/sare.eus\/wp-content\/uploads\/2023\/12\/20231201_SARE-GASTEIZ-WEB.jpg\",\"width\":1280,\"height\":960},{\"@type\":\"BreadcrumbList\",\"@id\":\"https:\/\/sare.eus\/es\/llaves-para-la-resolucion-13-de-enero-en-bilbo\/#breadcrumb\",\"itemListElement\":[{\"@type\":\"ListItem\",\"position\":1,\"name\":\"Home\",\"item\":\"https:\/\/sare.eus\/\"},{\"@type\":\"ListItem\",\"position\":2,\"name\":\"\u00abLlaves para la resoluci\u00f3n\u00bb ser\u00e1 el lema de la manifestaci\u00f3n organizada por SARE el pr\u00f3ximo 13 de enero en Bilbo\"}]},{\"@type\":\"WebSite\",\"@id\":\"https:\/\/sare.eus\/#website\",\"url\":\"https:\/\/sare.eus\/\",\"name\":\"Sare Herritarra\",\"description\":\"KONPONBIDEAREN ETA GIZA ESKUBIDEEN ALDEKO SARE HERRITARRA\",\"publisher\":{\"@id\":\"https:\/\/sare.eus\/#organization\"},\"potentialAction\":[{\"@type\":\"SearchAction\",\"target\":{\"@type\":\"EntryPoint\",\"urlTemplate\":\"https:\/\/sare.eus\/?s={search_term_string}\"},\"query-input\":{\"@type\":\"PropertyValueSpecification\",\"valueRequired\":true,\"valueName\":\"search_term_string\"}}],\"inLanguage\":\"es\"},{\"@type\":\"Organization\",\"@id\":\"https:\/\/sare.eus\/#organization\",\"name\":\"Sare Herritarra\",\"url\":\"https:\/\/sare.eus\/\",\"logo\":{\"@type\":\"ImageObject\",\"inLanguage\":\"es\",\"@id\":\"https:\/\/sare.eus\/#\/schema\/logo\/image\/\",\"url\":\"https:\/\/sare.eus\/wp-content\/uploads\/2021\/08\/sare.png\",\"contentUrl\":\"https:\/\/sare.eus\/wp-content\/uploads\/2021\/08\/sare.png\",\"width\":120,\"height\":142,\"caption\":\"Sare Herritarra\"},\"image\":{\"@id\":\"https:\/\/sare.eus\/#\/schema\/logo\/image\/\"}},{\"@type\":\"Person\",\"@id\":\"https:\/\/sare.eus\/#\/schema\/person\/2fe6d0df294f56313d3ab236dbe38e17\",\"name\":\"sare\",\"image\":{\"@type\":\"ImageObject\",\"inLanguage\":\"es\",\"@id\":\"https:\/\/sare.eus\/#\/schema\/person\/image\/\",\"url\":\"https:\/\/secure.gravatar.com\/avatar\/77cad838677ceb1977e7b3c878b55eaa7fa4aae2158983063b047c3ad7ef2c25?s=96&d=mm&r=g\",\"contentUrl\":\"https:\/\/secure.gravatar.com\/avatar\/77cad838677ceb1977e7b3c878b55eaa7fa4aae2158983063b047c3ad7ef2c25?s=96&d=mm&r=g\",\"caption\":\"sare\"},\"url\":\"https:\/\/sare.eus\/es\/author\/sare\/\"}]}<\/script>\n<!-- \/ Yoast SEO plugin. -->","yoast_head_json":{"title":"\"Llaves para la resoluci\u00f3n\" ser\u00e1 el lema de la manifestaci\u00f3n organizada por SARE el pr\u00f3ximo 13 de enero en Bilbo - Sare Herritarra","robots":{"index":"index","follow":"follow","max-snippet":"max-snippet:-1","max-image-preview":"max-image-preview:large","max-video-preview":"max-video-preview:-1"},"canonical":"https:\/\/sare.eus\/es\/llaves-para-la-resolucion-13-de-enero-en-bilbo\/","og_locale":"es_ES","og_type":"article","og_title":"\"Llaves para la resoluci\u00f3n\" ser\u00e1 el lema de la manifestaci\u00f3n organizada por SARE el pr\u00f3ximo 13 de enero en Bilbo - Sare Herritarra","og_description":"Bajo el lema \u201cKonponbiderako giltzak-Llaves para la resoluci\u00f3n\u201c, el pr\u00f3ximo 13 de enero, Bilbo ser\u00e1 escenario de una nueva manifestaci\u00f3n. Una movilizaci\u00f3n pac\u00edfica y democr\u00e1tica, en la que Sare pretende [&hellip;]","og_url":"https:\/\/sare.eus\/es\/llaves-para-la-resolucion-13-de-enero-en-bilbo\/","og_site_name":"Sare Herritarra","article_published_time":"2023-12-01T10:27:18+00:00","og_image":[{"width":1280,"height":960,"url":"https:\/\/sare.eus\/wp-content\/uploads\/2023\/12\/20231201_SARE-GASTEIZ-WEB.jpg","type":"image\/jpeg"}],"author":"sare","twitter_card":"summary_large_image","twitter_misc":{"Escrito por":"sare","Tiempo de lectura":"3 minutos"},"schema":{"@context":"https:\/\/schema.org","@graph":[{"@type":"Article","@id":"https:\/\/sare.eus\/es\/llaves-para-la-resolucion-13-de-enero-en-bilbo\/#article","isPartOf":{"@id":"https:\/\/sare.eus\/es\/llaves-para-la-resolucion-13-de-enero-en-bilbo\/"},"author":{"name":"sare","@id":"https:\/\/sare.eus\/#\/schema\/person\/2fe6d0df294f56313d3ab236dbe38e17"},"headline":"\u00abLlaves para la resoluci\u00f3n\u00bb ser\u00e1 el lema de la manifestaci\u00f3n organizada por SARE el pr\u00f3ximo 13 de enero en Bilbo","datePublished":"2023-12-01T10:27:18+00:00","mainEntityOfPage":{"@id":"https:\/\/sare.eus\/es\/llaves-para-la-resolucion-13-de-enero-en-bilbo\/"},"wordCount":670,"publisher":{"@id":"https:\/\/sare.eus\/#organization"},"image":{"@id":"https:\/\/sare.eus\/es\/llaves-para-la-resolucion-13-de-enero-en-bilbo\/#primaryimage"},"thumbnailUrl":"https:\/\/sare.eus\/wp-content\/uploads\/2023\/12\/20231201_SARE-GASTEIZ-WEB.jpg","articleSection":["Etxera"],"inLanguage":"es"},{"@type":"WebPage","@id":"https:\/\/sare.eus\/es\/llaves-para-la-resolucion-13-de-enero-en-bilbo\/","url":"https:\/\/sare.eus\/es\/llaves-para-la-resolucion-13-de-enero-en-bilbo\/","name":"\"Llaves para la resoluci\u00f3n\" ser\u00e1 el lema de la manifestaci\u00f3n organizada por SARE el pr\u00f3ximo 13 de enero en Bilbo - Sare Herritarra","isPartOf":{"@id":"https:\/\/sare.eus\/#website"},"primaryImageOfPage":{"@id":"https:\/\/sare.eus\/es\/llaves-para-la-resolucion-13-de-enero-en-bilbo\/#primaryimage"},"image":{"@id":"https:\/\/sare.eus\/es\/llaves-para-la-resolucion-13-de-enero-en-bilbo\/#primaryimage"},"thumbnailUrl":"https:\/\/sare.eus\/wp-content\/uploads\/2023\/12\/20231201_SARE-GASTEIZ-WEB.jpg","datePublished":"2023-12-01T10:27:18+00:00","breadcrumb":{"@id":"https:\/\/sare.eus\/es\/llaves-para-la-resolucion-13-de-enero-en-bilbo\/#breadcrumb"},"inLanguage":"es","potentialAction":[{"@type":"ReadAction","target":["https:\/\/sare.eus\/es\/llaves-para-la-resolucion-13-de-enero-en-bilbo\/"]}]},{"@type":"ImageObject","inLanguage":"es","@id":"https:\/\/sare.eus\/es\/llaves-para-la-resolucion-13-de-enero-en-bilbo\/#primaryimage","url":"https:\/\/sare.eus\/wp-content\/uploads\/2023\/12\/20231201_SARE-GASTEIZ-WEB.jpg","contentUrl":"https:\/\/sare.eus\/wp-content\/uploads\/2023\/12\/20231201_SARE-GASTEIZ-WEB.jpg","width":1280,"height":960},{"@type":"BreadcrumbList","@id":"https:\/\/sare.eus\/es\/llaves-para-la-resolucion-13-de-enero-en-bilbo\/#breadcrumb","itemListElement":[{"@type":"ListItem","position":1,"name":"Home","item":"https:\/\/sare.eus\/"},{"@type":"ListItem","position":2,"name":"\u00abLlaves para la resoluci\u00f3n\u00bb ser\u00e1 el lema de la manifestaci\u00f3n organizada por SARE el pr\u00f3ximo 13 de enero en Bilbo"}]},{"@type":"WebSite","@id":"https:\/\/sare.eus\/#website","url":"https:\/\/sare.eus\/","name":"Sare Herritarra","description":"KONPONBIDEAREN ETA GIZA ESKUBIDEEN ALDEKO SARE HERRITARRA","publisher":{"@id":"https:\/\/sare.eus\/#organization"},"potentialAction":[{"@type":"SearchAction","target":{"@type":"EntryPoint","urlTemplate":"https:\/\/sare.eus\/?s={search_term_string}"},"query-input":{"@type":"PropertyValueSpecification","valueRequired":true,"valueName":"search_term_string"}}],"inLanguage":"es"},{"@type":"Organization","@id":"https:\/\/sare.eus\/#organization","name":"Sare Herritarra","url":"https:\/\/sare.eus\/","logo":{"@type":"ImageObject","inLanguage":"es","@id":"https:\/\/sare.eus\/#\/schema\/logo\/image\/","url":"https:\/\/sare.eus\/wp-content\/uploads\/2021\/08\/sare.png","contentUrl":"https:\/\/sare.eus\/wp-content\/uploads\/2021\/08\/sare.png","width":120,"height":142,"caption":"Sare Herritarra"},"image":{"@id":"https:\/\/sare.eus\/#\/schema\/logo\/image\/"}},{"@type":"Person","@id":"https:\/\/sare.eus\/#\/schema\/person\/2fe6d0df294f56313d3ab236dbe38e17","name":"sare","image":{"@type":"ImageObject","inLanguage":"es","@id":"https:\/\/sare.eus\/#\/schema\/person\/image\/","url":"https:\/\/secure.gravatar.com\/avatar\/77cad838677ceb1977e7b3c878b55eaa7fa4aae2158983063b047c3ad7ef2c25?s=96&d=mm&r=g","contentUrl":"https:\/\/secure.gravatar.com\/avatar\/77cad838677ceb1977e7b3c878b55eaa7fa4aae2158983063b047c3ad7ef2c25?s=96&d=mm&r=g","caption":"sare"},"url":"https:\/\/sare.eus\/es\/author\/sare\/"}]}},"_links":{"self":[{"href":"https:\/\/sare.eus\/es\/wp-json\/wp\/v2\/posts\/5621","targetHints":{"allow":["GET"]}}],"collection":[{"href":"https:\/\/sare.eus\/es\/wp-json\/wp\/v2\/posts"}],"about":[{"href":"https:\/\/sare.eus\/es\/wp-json\/wp\/v2\/types\/post"}],"author":[{"embeddable":true,"href":"https:\/\/sare.eus\/es\/wp-json\/wp\/v2\/users\/2"}],"replies":[{"embeddable":true,"href":"https:\/\/sare.eus\/es\/wp-json\/wp\/v2\/comments?post=5621"}],"version-history":[{"count":4,"href":"https:\/\/sare.eus\/es\/wp-json\/wp\/v2\/posts\/5621\/revisions"}],"predecessor-version":[{"id":5625,"href":"https:\/\/sare.eus\/es\/wp-json\/wp\/v2\/posts\/5621\/revisions\/5625"}],"wp:featuredmedia":[{"embeddable":true,"href":"https:\/\/sare.eus\/es\/wp-json\/wp\/v2\/media\/5627"}],"wp:attachment":[{"href":"https:\/\/sare.eus\/es\/wp-json\/wp\/v2\/media?parent=5621"}],"wp:term":[{"taxonomy":"category","embeddable":true,"href":"https:\/\/sare.eus\/es\/wp-json\/wp\/v2\/categories?post=5621"},{"taxonomy":"post_tag","embeddable":true,"href":"https:\/\/sare.eus\/es\/wp-json\/wp\/v2\/tags?post=5621"}],"curies":[{"name":"wp","href":"https:\/\/api.w.org\/{rel}","templated":true}]}}