{"id":5586,"date":"2023-11-04T09:29:51","date_gmt":"2023-11-04T09:29:51","guid":{"rendered":"https:\/\/sare.eus\/bigarren-gradu-erregresioak-espetxera-itzularazi-du-joseba-borde-ugaotarra\/"},"modified":"2023-11-04T09:35:41","modified_gmt":"2023-11-04T09:35:41","slug":"joseba-borde-vuelve-a-prision-tras-ser-regresado-de-grado-por-segunda-vez","status":"publish","type":"post","link":"https:\/\/sare.eus\/es\/joseba-borde-vuelve-a-prision-tras-ser-regresado-de-grado-por-segunda-vez\/","title":{"rendered":"Joseba Borde vuelve a prisi\u00f3n tras ser regresado de grado por segunda vez"},"content":{"rendered":"<p>Joseba Borde, preso de Ugao, ha regresado a la c\u00e1rcel de Basauri. Es la segunda regresi\u00f3n de grado para Borde. Esta vez el ingreso en prisi\u00f3n se produce despu\u00e9s de que el Juzgado Central de Vigilancia Penitenciaria estimara el recurso de la fiscal\u00eda contra su tercer grado.<\/p>\n<p>Joseba Borde Gaztelumendi tiene 64 a\u00f1os de edad y lleva 20 a\u00f1os y medio en prisi\u00f3n. En 2019 cumpli\u00f3 las tres cuartas partes de su condena. Cumple todos los requisitos para estar en tercer grado.<\/p>\n<p>En Junio de este a\u00f1o ya sufri\u00f3 su primera regresi\u00f3n de grado y tuvo que volver a prisi\u00f3n.<\/p>\n<p>Queremos mostrar nuestro pesar e indignaci\u00f3n por la decisi\u00f3n adoptada por este juzgado de excepci\u00f3n tambi\u00e9n en el caso de Joseba Borde. Tribunales de excepci\u00f3n que contin\u00faan obstaculizando el camino de vuelta a casa que las y los presos han comenzado a recorrer hace ya tiempo. Reiteramos que la ley ordinaria no dice que los presos tengan que cumplir sus penas dentro de prisi\u00f3n hasta el \u00faltimo d\u00eda y que se les pueden aplicar otras formas de cumplir su condena fuera de los muros de las prisiones, en 3\u00ba grado, en libertad condicional,\u2026<\/p>\n<p>Nosotras y nosotros vamos a seguir abriendo las puertas a la convivencia y, frente a decisiones como \u00e9sta, vamos a seguir trabajando para cerrar definitivamente la puerta de la pol\u00edtica penitenciaria de excepci\u00f3n. Hacemos un llamamiento a la sociedad vasca para que coja en sus manos las llaves que cierren las puertas que nos quieren perpetuar al pasado y sigamos abriendo las puertas del futuro.<\/p>\n<p><strong>Por ello, SARE hace un llamamiento a participar en las movilizaciones que se convocar\u00e1n en los pr\u00f3ximos d\u00edas.<\/strong><\/p>\n<p><img loading=\"lazy\" decoding=\"async\" class=\"alignnone wp-image-5581 size-large\" src=\"https:\/\/sare.eus\/wp-content\/uploads\/2023\/11\/PANKARTA_GRADU-ERREGRESIORIK-EZ_01-01-1024x323.jpg\" alt=\"\" width=\"1024\" height=\"323\" srcset=\"https:\/\/sare.eus\/wp-content\/uploads\/2023\/11\/PANKARTA_GRADU-ERREGRESIORIK-EZ_01-01-1024x323.jpg 1024w, https:\/\/sare.eus\/wp-content\/uploads\/2023\/11\/PANKARTA_GRADU-ERREGRESIORIK-EZ_01-01-300x95.jpg 300w, https:\/\/sare.eus\/wp-content\/uploads\/2023\/11\/PANKARTA_GRADU-ERREGRESIORIK-EZ_01-01-768x242.jpg 768w, https:\/\/sare.eus\/wp-content\/uploads\/2023\/11\/PANKARTA_GRADU-ERREGRESIORIK-EZ_01-01-1536x485.jpg 1536w, https:\/\/sare.eus\/wp-content\/uploads\/2023\/11\/PANKARTA_GRADU-ERREGRESIORIK-EZ_01-01-2048x646.jpg 2048w, https:\/\/sare.eus\/wp-content\/uploads\/2023\/11\/PANKARTA_GRADU-ERREGRESIORIK-EZ_01-01-1080x341.jpg 1080w\" sizes=\"(max-width: 1024px) 100vw, 1024px\" \/><\/p>\n","protected":false},"excerpt":{"rendered":"<p>Joseba Borde, preso de Ugao, ha regresado a la c\u00e1rcel de Basauri. Es la segunda regresi\u00f3n de grado para Borde. Esta vez el ingreso en prisi\u00f3n se produce despu\u00e9s de [&hellip;]<\/p>\n","protected":false},"author":2,"featured_media":5585,"comment_status":"closed","ping_status":"closed","sticky":false,"template":"","format":"standard","meta":{"_acf_changed":false,"_et_pb_use_builder":"","_et_pb_old_content":"","_et_gb_content_width":"","footnotes":""},"categories":[65],"tags":[],"class_list":["post-5586","post","type-post","status-publish","format-standard","has-post-thumbnail","hentry","category-progresion-de-grado","et-has-post-format-content","et_post_format-et-post-format-standard"],"acf":[],"yoast_head":"<!-- This site is optimized with the Yoast SEO plugin v26.4 - https:\/\/yoast.com\/wordpress\/plugins\/seo\/ -->\n<title>Joseba Borde vuelve a prisi\u00f3n tras ser regresado de grado por segunda vez - Sare Herritarra<\/title>\n<meta name=\"robots\" content=\"index, follow, max-snippet:-1, max-image-preview:large, max-video-preview:-1\" \/>\n<link rel=\"canonical\" href=\"https:\/\/sare.eus\/es\/joseba-borde-vuelve-a-prision-tras-ser-regresado-de-grado-por-segunda-vez\/\" \/>\n<meta property=\"og:locale\" content=\"es_ES\" \/>\n<meta property=\"og:type\" content=\"article\" \/>\n<meta property=\"og:title\" content=\"Joseba Borde vuelve a prisi\u00f3n tras ser regresado de grado por segunda vez - Sare Herritarra\" \/>\n<meta property=\"og:description\" content=\"Joseba Borde, preso de Ugao, ha regresado a la c\u00e1rcel de Basauri. Es la segunda regresi\u00f3n de grado para Borde. Esta vez el ingreso en prisi\u00f3n se produce despu\u00e9s de [&hellip;]\" \/>\n<meta property=\"og:url\" content=\"https:\/\/sare.eus\/es\/joseba-borde-vuelve-a-prision-tras-ser-regresado-de-grado-por-segunda-vez\/\" \/>\n<meta property=\"og:site_name\" content=\"Sare Herritarra\" \/>\n<meta property=\"article:published_time\" content=\"2023-11-04T09:29:51+00:00\" \/>\n<meta property=\"article:modified_time\" content=\"2023-11-04T09:35:41+00:00\" \/>\n<meta property=\"og:image\" content=\"https:\/\/sare.eus\/wp-content\/uploads\/2023\/11\/Ugao-Joseba-Borde.jpg\" \/>\n\t<meta property=\"og:image:width\" content=\"1495\" \/>\n\t<meta property=\"og:image:height\" content=\"878\" \/>\n\t<meta property=\"og:image:type\" content=\"image\/jpeg\" \/>\n<meta name=\"author\" content=\"sare\" \/>\n<meta name=\"twitter:card\" content=\"summary_large_image\" \/>\n<meta name=\"twitter:label1\" content=\"Escrito por\" \/>\n\t<meta name=\"twitter:data1\" content=\"sare\" \/>\n\t<meta name=\"twitter:label2\" content=\"Tiempo de lectura\" \/>\n\t<meta name=\"twitter:data2\" content=\"1 minuto\" \/>\n<script type=\"application\/ld+json\" class=\"yoast-schema-graph\">{\"@context\":\"https:\/\/schema.org\",\"@graph\":[{\"@type\":\"Article\",\"@id\":\"https:\/\/sare.eus\/es\/joseba-borde-vuelve-a-prision-tras-ser-regresado-de-grado-por-segunda-vez\/#article\",\"isPartOf\":{\"@id\":\"https:\/\/sare.eus\/es\/joseba-borde-vuelve-a-prision-tras-ser-regresado-de-grado-por-segunda-vez\/\"},\"author\":{\"name\":\"sare\",\"@id\":\"https:\/\/sare.eus\/#\/schema\/person\/2fe6d0df294f56313d3ab236dbe38e17\"},\"headline\":\"Joseba Borde vuelve a prisi\u00f3n tras ser regresado de grado por segunda vez\",\"datePublished\":\"2023-11-04T09:29:51+00:00\",\"dateModified\":\"2023-11-04T09:35:41+00:00\",\"mainEntityOfPage\":{\"@id\":\"https:\/\/sare.eus\/es\/joseba-borde-vuelve-a-prision-tras-ser-regresado-de-grado-por-segunda-vez\/\"},\"wordCount\":310,\"publisher\":{\"@id\":\"https:\/\/sare.eus\/#organization\"},\"image\":{\"@id\":\"https:\/\/sare.eus\/es\/joseba-borde-vuelve-a-prision-tras-ser-regresado-de-grado-por-segunda-vez\/#primaryimage\"},\"thumbnailUrl\":\"https:\/\/sare.eus\/wp-content\/uploads\/2023\/11\/Ugao-Joseba-Borde.jpg\",\"articleSection\":[\"Progresi\u00f3n de Grado\"],\"inLanguage\":\"es\"},{\"@type\":\"WebPage\",\"@id\":\"https:\/\/sare.eus\/es\/joseba-borde-vuelve-a-prision-tras-ser-regresado-de-grado-por-segunda-vez\/\",\"url\":\"https:\/\/sare.eus\/es\/joseba-borde-vuelve-a-prision-tras-ser-regresado-de-grado-por-segunda-vez\/\",\"name\":\"Joseba Borde vuelve a prisi\u00f3n tras ser regresado de grado por segunda vez - Sare Herritarra\",\"isPartOf\":{\"@id\":\"https:\/\/sare.eus\/#website\"},\"primaryImageOfPage\":{\"@id\":\"https:\/\/sare.eus\/es\/joseba-borde-vuelve-a-prision-tras-ser-regresado-de-grado-por-segunda-vez\/#primaryimage\"},\"image\":{\"@id\":\"https:\/\/sare.eus\/es\/joseba-borde-vuelve-a-prision-tras-ser-regresado-de-grado-por-segunda-vez\/#primaryimage\"},\"thumbnailUrl\":\"https:\/\/sare.eus\/wp-content\/uploads\/2023\/11\/Ugao-Joseba-Borde.jpg\",\"datePublished\":\"2023-11-04T09:29:51+00:00\",\"dateModified\":\"2023-11-04T09:35:41+00:00\",\"breadcrumb\":{\"@id\":\"https:\/\/sare.eus\/es\/joseba-borde-vuelve-a-prision-tras-ser-regresado-de-grado-por-segunda-vez\/#breadcrumb\"},\"inLanguage\":\"es\",\"potentialAction\":[{\"@type\":\"ReadAction\",\"target\":[\"https:\/\/sare.eus\/es\/joseba-borde-vuelve-a-prision-tras-ser-regresado-de-grado-por-segunda-vez\/\"]}]},{\"@type\":\"ImageObject\",\"inLanguage\":\"es\",\"@id\":\"https:\/\/sare.eus\/es\/joseba-borde-vuelve-a-prision-tras-ser-regresado-de-grado-por-segunda-vez\/#primaryimage\",\"url\":\"https:\/\/sare.eus\/wp-content\/uploads\/2023\/11\/Ugao-Joseba-Borde.jpg\",\"contentUrl\":\"https:\/\/sare.eus\/wp-content\/uploads\/2023\/11\/Ugao-Joseba-Borde.jpg\",\"width\":1495,\"height\":878},{\"@type\":\"BreadcrumbList\",\"@id\":\"https:\/\/sare.eus\/es\/joseba-borde-vuelve-a-prision-tras-ser-regresado-de-grado-por-segunda-vez\/#breadcrumb\",\"itemListElement\":[{\"@type\":\"ListItem\",\"position\":1,\"name\":\"Home\",\"item\":\"https:\/\/sare.eus\/\"},{\"@type\":\"ListItem\",\"position\":2,\"name\":\"Joseba Borde vuelve a prisi\u00f3n tras ser regresado de grado por segunda vez\"}]},{\"@type\":\"WebSite\",\"@id\":\"https:\/\/sare.eus\/#website\",\"url\":\"https:\/\/sare.eus\/\",\"name\":\"Sare Herritarra\",\"description\":\"KONPONBIDEAREN ETA GIZA ESKUBIDEEN ALDEKO SARE HERRITARRA\",\"publisher\":{\"@id\":\"https:\/\/sare.eus\/#organization\"},\"potentialAction\":[{\"@type\":\"SearchAction\",\"target\":{\"@type\":\"EntryPoint\",\"urlTemplate\":\"https:\/\/sare.eus\/?s={search_term_string}\"},\"query-input\":{\"@type\":\"PropertyValueSpecification\",\"valueRequired\":true,\"valueName\":\"search_term_string\"}}],\"inLanguage\":\"es\"},{\"@type\":\"Organization\",\"@id\":\"https:\/\/sare.eus\/#organization\",\"name\":\"Sare Herritarra\",\"url\":\"https:\/\/sare.eus\/\",\"logo\":{\"@type\":\"ImageObject\",\"inLanguage\":\"es\",\"@id\":\"https:\/\/sare.eus\/#\/schema\/logo\/image\/\",\"url\":\"https:\/\/sare.eus\/wp-content\/uploads\/2021\/08\/sare.png\",\"contentUrl\":\"https:\/\/sare.eus\/wp-content\/uploads\/2021\/08\/sare.png\",\"width\":120,\"height\":142,\"caption\":\"Sare Herritarra\"},\"image\":{\"@id\":\"https:\/\/sare.eus\/#\/schema\/logo\/image\/\"}},{\"@type\":\"Person\",\"@id\":\"https:\/\/sare.eus\/#\/schema\/person\/2fe6d0df294f56313d3ab236dbe38e17\",\"name\":\"sare\",\"image\":{\"@type\":\"ImageObject\",\"inLanguage\":\"es\",\"@id\":\"https:\/\/sare.eus\/#\/schema\/person\/image\/\",\"url\":\"https:\/\/secure.gravatar.com\/avatar\/77cad838677ceb1977e7b3c878b55eaa7fa4aae2158983063b047c3ad7ef2c25?s=96&d=mm&r=g\",\"contentUrl\":\"https:\/\/secure.gravatar.com\/avatar\/77cad838677ceb1977e7b3c878b55eaa7fa4aae2158983063b047c3ad7ef2c25?s=96&d=mm&r=g\",\"caption\":\"sare\"},\"url\":\"https:\/\/sare.eus\/es\/author\/sare\/\"}]}<\/script>\n<!-- \/ Yoast SEO plugin. -->","yoast_head_json":{"title":"Joseba Borde vuelve a prisi\u00f3n tras ser regresado de grado por segunda vez - Sare Herritarra","robots":{"index":"index","follow":"follow","max-snippet":"max-snippet:-1","max-image-preview":"max-image-preview:large","max-video-preview":"max-video-preview:-1"},"canonical":"https:\/\/sare.eus\/es\/joseba-borde-vuelve-a-prision-tras-ser-regresado-de-grado-por-segunda-vez\/","og_locale":"es_ES","og_type":"article","og_title":"Joseba Borde vuelve a prisi\u00f3n tras ser regresado de grado por segunda vez - Sare Herritarra","og_description":"Joseba Borde, preso de Ugao, ha regresado a la c\u00e1rcel de Basauri. Es la segunda regresi\u00f3n de grado para Borde. Esta vez el ingreso en prisi\u00f3n se produce despu\u00e9s de [&hellip;]","og_url":"https:\/\/sare.eus\/es\/joseba-borde-vuelve-a-prision-tras-ser-regresado-de-grado-por-segunda-vez\/","og_site_name":"Sare Herritarra","article_published_time":"2023-11-04T09:29:51+00:00","article_modified_time":"2023-11-04T09:35:41+00:00","og_image":[{"width":1495,"height":878,"url":"https:\/\/sare.eus\/wp-content\/uploads\/2023\/11\/Ugao-Joseba-Borde.jpg","type":"image\/jpeg"}],"author":"sare","twitter_card":"summary_large_image","twitter_misc":{"Escrito por":"sare","Tiempo de lectura":"1 minuto"},"schema":{"@context":"https:\/\/schema.org","@graph":[{"@type":"Article","@id":"https:\/\/sare.eus\/es\/joseba-borde-vuelve-a-prision-tras-ser-regresado-de-grado-por-segunda-vez\/#article","isPartOf":{"@id":"https:\/\/sare.eus\/es\/joseba-borde-vuelve-a-prision-tras-ser-regresado-de-grado-por-segunda-vez\/"},"author":{"name":"sare","@id":"https:\/\/sare.eus\/#\/schema\/person\/2fe6d0df294f56313d3ab236dbe38e17"},"headline":"Joseba Borde vuelve a prisi\u00f3n tras ser regresado de grado por segunda vez","datePublished":"2023-11-04T09:29:51+00:00","dateModified":"2023-11-04T09:35:41+00:00","mainEntityOfPage":{"@id":"https:\/\/sare.eus\/es\/joseba-borde-vuelve-a-prision-tras-ser-regresado-de-grado-por-segunda-vez\/"},"wordCount":310,"publisher":{"@id":"https:\/\/sare.eus\/#organization"},"image":{"@id":"https:\/\/sare.eus\/es\/joseba-borde-vuelve-a-prision-tras-ser-regresado-de-grado-por-segunda-vez\/#primaryimage"},"thumbnailUrl":"https:\/\/sare.eus\/wp-content\/uploads\/2023\/11\/Ugao-Joseba-Borde.jpg","articleSection":["Progresi\u00f3n de Grado"],"inLanguage":"es"},{"@type":"WebPage","@id":"https:\/\/sare.eus\/es\/joseba-borde-vuelve-a-prision-tras-ser-regresado-de-grado-por-segunda-vez\/","url":"https:\/\/sare.eus\/es\/joseba-borde-vuelve-a-prision-tras-ser-regresado-de-grado-por-segunda-vez\/","name":"Joseba Borde vuelve a prisi\u00f3n tras ser regresado de grado por segunda vez - Sare Herritarra","isPartOf":{"@id":"https:\/\/sare.eus\/#website"},"primaryImageOfPage":{"@id":"https:\/\/sare.eus\/es\/joseba-borde-vuelve-a-prision-tras-ser-regresado-de-grado-por-segunda-vez\/#primaryimage"},"image":{"@id":"https:\/\/sare.eus\/es\/joseba-borde-vuelve-a-prision-tras-ser-regresado-de-grado-por-segunda-vez\/#primaryimage"},"thumbnailUrl":"https:\/\/sare.eus\/wp-content\/uploads\/2023\/11\/Ugao-Joseba-Borde.jpg","datePublished":"2023-11-04T09:29:51+00:00","dateModified":"2023-11-04T09:35:41+00:00","breadcrumb":{"@id":"https:\/\/sare.eus\/es\/joseba-borde-vuelve-a-prision-tras-ser-regresado-de-grado-por-segunda-vez\/#breadcrumb"},"inLanguage":"es","potentialAction":[{"@type":"ReadAction","target":["https:\/\/sare.eus\/es\/joseba-borde-vuelve-a-prision-tras-ser-regresado-de-grado-por-segunda-vez\/"]}]},{"@type":"ImageObject","inLanguage":"es","@id":"https:\/\/sare.eus\/es\/joseba-borde-vuelve-a-prision-tras-ser-regresado-de-grado-por-segunda-vez\/#primaryimage","url":"https:\/\/sare.eus\/wp-content\/uploads\/2023\/11\/Ugao-Joseba-Borde.jpg","contentUrl":"https:\/\/sare.eus\/wp-content\/uploads\/2023\/11\/Ugao-Joseba-Borde.jpg","width":1495,"height":878},{"@type":"BreadcrumbList","@id":"https:\/\/sare.eus\/es\/joseba-borde-vuelve-a-prision-tras-ser-regresado-de-grado-por-segunda-vez\/#breadcrumb","itemListElement":[{"@type":"ListItem","position":1,"name":"Home","item":"https:\/\/sare.eus\/"},{"@type":"ListItem","position":2,"name":"Joseba Borde vuelve a prisi\u00f3n tras ser regresado de grado por segunda vez"}]},{"@type":"WebSite","@id":"https:\/\/sare.eus\/#website","url":"https:\/\/sare.eus\/","name":"Sare Herritarra","description":"KONPONBIDEAREN ETA GIZA ESKUBIDEEN ALDEKO SARE HERRITARRA","publisher":{"@id":"https:\/\/sare.eus\/#organization"},"potentialAction":[{"@type":"SearchAction","target":{"@type":"EntryPoint","urlTemplate":"https:\/\/sare.eus\/?s={search_term_string}"},"query-input":{"@type":"PropertyValueSpecification","valueRequired":true,"valueName":"search_term_string"}}],"inLanguage":"es"},{"@type":"Organization","@id":"https:\/\/sare.eus\/#organization","name":"Sare Herritarra","url":"https:\/\/sare.eus\/","logo":{"@type":"ImageObject","inLanguage":"es","@id":"https:\/\/sare.eus\/#\/schema\/logo\/image\/","url":"https:\/\/sare.eus\/wp-content\/uploads\/2021\/08\/sare.png","contentUrl":"https:\/\/sare.eus\/wp-content\/uploads\/2021\/08\/sare.png","width":120,"height":142,"caption":"Sare Herritarra"},"image":{"@id":"https:\/\/sare.eus\/#\/schema\/logo\/image\/"}},{"@type":"Person","@id":"https:\/\/sare.eus\/#\/schema\/person\/2fe6d0df294f56313d3ab236dbe38e17","name":"sare","image":{"@type":"ImageObject","inLanguage":"es","@id":"https:\/\/sare.eus\/#\/schema\/person\/image\/","url":"https:\/\/secure.gravatar.com\/avatar\/77cad838677ceb1977e7b3c878b55eaa7fa4aae2158983063b047c3ad7ef2c25?s=96&d=mm&r=g","contentUrl":"https:\/\/secure.gravatar.com\/avatar\/77cad838677ceb1977e7b3c878b55eaa7fa4aae2158983063b047c3ad7ef2c25?s=96&d=mm&r=g","caption":"sare"},"url":"https:\/\/sare.eus\/es\/author\/sare\/"}]}},"_links":{"self":[{"href":"https:\/\/sare.eus\/es\/wp-json\/wp\/v2\/posts\/5586","targetHints":{"allow":["GET"]}}],"collection":[{"href":"https:\/\/sare.eus\/es\/wp-json\/wp\/v2\/posts"}],"about":[{"href":"https:\/\/sare.eus\/es\/wp-json\/wp\/v2\/types\/post"}],"author":[{"embeddable":true,"href":"https:\/\/sare.eus\/es\/wp-json\/wp\/v2\/users\/2"}],"replies":[{"embeddable":true,"href":"https:\/\/sare.eus\/es\/wp-json\/wp\/v2\/comments?post=5586"}],"version-history":[{"count":2,"href":"https:\/\/sare.eus\/es\/wp-json\/wp\/v2\/posts\/5586\/revisions"}],"predecessor-version":[{"id":5588,"href":"https:\/\/sare.eus\/es\/wp-json\/wp\/v2\/posts\/5586\/revisions\/5588"}],"wp:featuredmedia":[{"embeddable":true,"href":"https:\/\/sare.eus\/es\/wp-json\/wp\/v2\/media\/5585"}],"wp:attachment":[{"href":"https:\/\/sare.eus\/es\/wp-json\/wp\/v2\/media?parent=5586"}],"wp:term":[{"taxonomy":"category","embeddable":true,"href":"https:\/\/sare.eus\/es\/wp-json\/wp\/v2\/categories?post=5586"},{"taxonomy":"post_tag","embeddable":true,"href":"https:\/\/sare.eus\/es\/wp-json\/wp\/v2\/tags?post=5586"}],"curies":[{"name":"wp","href":"https:\/\/api.w.org\/{rel}","templated":true}]}}