{"id":5573,"date":"2023-11-03T07:36:00","date_gmt":"2023-11-03T07:36:00","guid":{"rendered":"https:\/\/sare.eus\/juan-carlos-subijana-espetxera-itzuli-da-bigarren-aldiz-graduz-itzuli-ondoren\/"},"modified":"2023-11-03T07:40:51","modified_gmt":"2023-11-03T07:40:51","slug":"juan-carlos-subijana-vuelve-a-prision-tras-ser-regresado-de-grado-por-segunda-vez","status":"publish","type":"post","link":"https:\/\/sare.eus\/es\/juan-carlos-subijana-vuelve-a-prision-tras-ser-regresado-de-grado-por-segunda-vez\/","title":{"rendered":"Juan Karlos Subijana vuelve a prisi\u00f3n tras ser regresado de grado por segunda vez"},"content":{"rendered":"<p>El preso gasteiztarra Juan Karlos Subijana Izquierdo ha tenido que reingresar en la c\u00e1rcel de Basauri, una vez que el Juzgado Central de Vigilancia penitenciaria haya estimado, por segunda vez, el recurso fiscal contra su tercer grado, devolvi\u00e9ndolo por segunda vez al segundo grado.<\/p>\n<p><img loading=\"lazy\" decoding=\"async\" class=\"alignleft wp-image-5571\" src=\"https:\/\/sare.eus\/wp-content\/uploads\/2023\/11\/JUAN-KARLOS-SUBIJANA-az3_8-01_web-212x300.jpg\" alt=\"\" width=\"350\" height=\"495\" srcset=\"https:\/\/sare.eus\/wp-content\/uploads\/2023\/11\/JUAN-KARLOS-SUBIJANA-az3_8-01_web-212x300.jpg 212w, https:\/\/sare.eus\/wp-content\/uploads\/2023\/11\/JUAN-KARLOS-SUBIJANA-az3_8-01_web-724x1024.jpg 724w, https:\/\/sare.eus\/wp-content\/uploads\/2023\/11\/JUAN-KARLOS-SUBIJANA-az3_8-01_web-768x1086.jpg 768w, https:\/\/sare.eus\/wp-content\/uploads\/2023\/11\/JUAN-KARLOS-SUBIJANA-az3_8-01_web-1086x1536.jpg 1086w, https:\/\/sare.eus\/wp-content\/uploads\/2023\/11\/JUAN-KARLOS-SUBIJANA-az3_8-01_web-1448x2048.jpg 1448w, https:\/\/sare.eus\/wp-content\/uploads\/2023\/11\/JUAN-KARLOS-SUBIJANA-az3_8-01_web-1080x1527.jpg 1080w, https:\/\/sare.eus\/wp-content\/uploads\/2023\/11\/JUAN-KARLOS-SUBIJANA-az3_8-01_web-scaled.jpg 1810w\" sizes=\"(max-width: 350px) 100vw, 350px\" \/>Una vez m\u00e1s, la Audiencia Nacional rechaza la propuesta de la Junta de Tratamiento de Basauri, que es la que tiene la responsabilidad e informaci\u00f3n necesaria para ello y la posterior decisi\u00f3n de darle el tercer grado que el Gobierno Vasco adoptara la pasada semana, obstaculizando el recorrido penitenciario, el camino a casa y la posibilidad de avanzar hacia la resocializaci\u00f3n que corresponde, en este caso, a Juan Carlos Subijana.<\/p>\n<p>Juan Carlos Subijana lleva 19 a\u00f1os y medio en prisi\u00f3n. Cabe rese\u00f1ar adem\u00e1s, en este caso, el delicado estado de salud, con patolog\u00edas graves que padece el preso arabarra, tal y como recoge textualmente el informe m\u00e9dico adjunto al expediente, sobre el que el Departamento de Justicia del Gobierno Vasco tom\u00f3 la decisi\u00f3n de dar a Subijana el tercer grado, con control telem\u00e1tico y permanencia en su domicilio.<\/p>\n<p>Queremos mostrar nuestro pesar e indignaci\u00f3n por la decisi\u00f3n adoptada por este juzgado de excepci\u00f3n tambi\u00e9n en el caso de Juan Karlos Subijana. Tribunales de excepci\u00f3n que contin\u00faan obstaculizando el camino de vuelta a casa que las y los presos han comenzado a recorrer hace ya tiempo. Reiteramos que la ley ordinaria no dice que los presos tengan que cumplir sus penas dentro de prisi\u00f3n hasta el \u00faltimo d\u00eda y que se les pueden aplicar otras formas de cumplir su condena fuera de los muros de las prisiones, en 3\u00ba grado, en libertad condicional, y m\u00e1s en este caso, con un problema de salud que el preso padece y que ha sido as\u00ed valorado por el Gobierno Vasco en base al informe m\u00e9dico.<\/p>\n<p>Nosotras y nosotros vamos a seguir abriendo las puertas a la convivencia y, frente a decisiones como \u00e9sta, vamos a seguir trabajando para cerrar definitivamente la puerta de la pol\u00edtica penitenciaria de excepci\u00f3n. Hacemos un llamamiento a la sociedad vasca para que coja en sus manos las llaves que cierren las puertas que nos quieren perpetuar al pasado y sigamos abriendo las puertas del futuro.<\/p>\n<p><strong>Por ello desde SARE llamamos a la movilizaci\u00f3n que realizaremos en Gasteiz el pr\u00f3ximo d\u00eda 8 de noviembre a las 19:00h en la plaza de la Virgen Blanca.<\/strong><\/p>\n","protected":false},"excerpt":{"rendered":"<p>El preso gasteiztarra Juan Karlos Subijana Izquierdo ha tenido que reingresar en la c\u00e1rcel de Basauri, una vez que el Juzgado Central de Vigilancia penitenciaria haya estimado, por segunda vez, [&hellip;]<\/p>\n","protected":false},"author":2,"featured_media":5569,"comment_status":"closed","ping_status":"closed","sticky":false,"template":"","format":"standard","meta":{"_acf_changed":false,"_et_pb_use_builder":"","_et_pb_old_content":"","_et_gb_content_width":"","footnotes":""},"categories":[65],"tags":[],"class_list":["post-5573","post","type-post","status-publish","format-standard","has-post-thumbnail","hentry","category-progresion-de-grado","et-has-post-format-content","et_post_format-et-post-format-standard"],"acf":[],"yoast_head":"<!-- This site is optimized with the Yoast SEO plugin v26.4 - https:\/\/yoast.com\/wordpress\/plugins\/seo\/ -->\n<title>Juan Karlos Subijana vuelve a prisi\u00f3n tras ser regresado de grado por segunda vez - Sare Herritarra<\/title>\n<meta name=\"robots\" content=\"index, follow, max-snippet:-1, max-image-preview:large, max-video-preview:-1\" \/>\n<link rel=\"canonical\" href=\"https:\/\/sare.eus\/es\/juan-carlos-subijana-vuelve-a-prision-tras-ser-regresado-de-grado-por-segunda-vez\/\" \/>\n<meta property=\"og:locale\" content=\"es_ES\" \/>\n<meta property=\"og:type\" content=\"article\" \/>\n<meta property=\"og:title\" content=\"Juan Karlos Subijana vuelve a prisi\u00f3n tras ser regresado de grado por segunda vez - Sare Herritarra\" \/>\n<meta property=\"og:description\" content=\"El preso gasteiztarra Juan Karlos Subijana Izquierdo ha tenido que reingresar en la c\u00e1rcel de Basauri, una vez que el Juzgado Central de Vigilancia penitenciaria haya estimado, por segunda vez, [&hellip;]\" \/>\n<meta property=\"og:url\" content=\"https:\/\/sare.eus\/es\/juan-carlos-subijana-vuelve-a-prision-tras-ser-regresado-de-grado-por-segunda-vez\/\" \/>\n<meta property=\"og:site_name\" content=\"Sare Herritarra\" \/>\n<meta property=\"article:published_time\" content=\"2023-11-03T07:36:00+00:00\" \/>\n<meta property=\"article:modified_time\" content=\"2023-11-03T07:40:51+00:00\" \/>\n<meta property=\"og:image\" content=\"https:\/\/sare.eus\/wp-content\/uploads\/2023\/11\/JK-Subijana.jpg\" \/>\n\t<meta property=\"og:image:width\" content=\"1200\" \/>\n\t<meta property=\"og:image:height\" content=\"675\" \/>\n\t<meta property=\"og:image:type\" content=\"image\/jpeg\" \/>\n<meta name=\"author\" content=\"sare\" \/>\n<meta name=\"twitter:card\" content=\"summary_large_image\" \/>\n<meta name=\"twitter:label1\" content=\"Escrito por\" \/>\n\t<meta name=\"twitter:data1\" content=\"sare\" \/>\n\t<meta name=\"twitter:label2\" content=\"Tiempo de lectura\" \/>\n\t<meta name=\"twitter:data2\" content=\"2 minutos\" \/>\n<script type=\"application\/ld+json\" class=\"yoast-schema-graph\">{\"@context\":\"https:\/\/schema.org\",\"@graph\":[{\"@type\":\"Article\",\"@id\":\"https:\/\/sare.eus\/es\/juan-carlos-subijana-vuelve-a-prision-tras-ser-regresado-de-grado-por-segunda-vez\/#article\",\"isPartOf\":{\"@id\":\"https:\/\/sare.eus\/es\/juan-carlos-subijana-vuelve-a-prision-tras-ser-regresado-de-grado-por-segunda-vez\/\"},\"author\":{\"name\":\"sare\",\"@id\":\"https:\/\/sare.eus\/#\/schema\/person\/2fe6d0df294f56313d3ab236dbe38e17\"},\"headline\":\"Juan Karlos Subijana vuelve a prisi\u00f3n tras ser regresado de grado por segunda vez\",\"datePublished\":\"2023-11-03T07:36:00+00:00\",\"dateModified\":\"2023-11-03T07:40:51+00:00\",\"mainEntityOfPage\":{\"@id\":\"https:\/\/sare.eus\/es\/juan-carlos-subijana-vuelve-a-prision-tras-ser-regresado-de-grado-por-segunda-vez\/\"},\"wordCount\":439,\"publisher\":{\"@id\":\"https:\/\/sare.eus\/#organization\"},\"image\":{\"@id\":\"https:\/\/sare.eus\/es\/juan-carlos-subijana-vuelve-a-prision-tras-ser-regresado-de-grado-por-segunda-vez\/#primaryimage\"},\"thumbnailUrl\":\"https:\/\/sare.eus\/wp-content\/uploads\/2023\/11\/JK-Subijana.jpg\",\"articleSection\":[\"Progresi\u00f3n de Grado\"],\"inLanguage\":\"es\"},{\"@type\":\"WebPage\",\"@id\":\"https:\/\/sare.eus\/es\/juan-carlos-subijana-vuelve-a-prision-tras-ser-regresado-de-grado-por-segunda-vez\/\",\"url\":\"https:\/\/sare.eus\/es\/juan-carlos-subijana-vuelve-a-prision-tras-ser-regresado-de-grado-por-segunda-vez\/\",\"name\":\"Juan Karlos Subijana vuelve a prisi\u00f3n tras ser regresado de grado por segunda vez - Sare Herritarra\",\"isPartOf\":{\"@id\":\"https:\/\/sare.eus\/#website\"},\"primaryImageOfPage\":{\"@id\":\"https:\/\/sare.eus\/es\/juan-carlos-subijana-vuelve-a-prision-tras-ser-regresado-de-grado-por-segunda-vez\/#primaryimage\"},\"image\":{\"@id\":\"https:\/\/sare.eus\/es\/juan-carlos-subijana-vuelve-a-prision-tras-ser-regresado-de-grado-por-segunda-vez\/#primaryimage\"},\"thumbnailUrl\":\"https:\/\/sare.eus\/wp-content\/uploads\/2023\/11\/JK-Subijana.jpg\",\"datePublished\":\"2023-11-03T07:36:00+00:00\",\"dateModified\":\"2023-11-03T07:40:51+00:00\",\"breadcrumb\":{\"@id\":\"https:\/\/sare.eus\/es\/juan-carlos-subijana-vuelve-a-prision-tras-ser-regresado-de-grado-por-segunda-vez\/#breadcrumb\"},\"inLanguage\":\"es\",\"potentialAction\":[{\"@type\":\"ReadAction\",\"target\":[\"https:\/\/sare.eus\/es\/juan-carlos-subijana-vuelve-a-prision-tras-ser-regresado-de-grado-por-segunda-vez\/\"]}]},{\"@type\":\"ImageObject\",\"inLanguage\":\"es\",\"@id\":\"https:\/\/sare.eus\/es\/juan-carlos-subijana-vuelve-a-prision-tras-ser-regresado-de-grado-por-segunda-vez\/#primaryimage\",\"url\":\"https:\/\/sare.eus\/wp-content\/uploads\/2023\/11\/JK-Subijana.jpg\",\"contentUrl\":\"https:\/\/sare.eus\/wp-content\/uploads\/2023\/11\/JK-Subijana.jpg\",\"width\":1200,\"height\":675},{\"@type\":\"BreadcrumbList\",\"@id\":\"https:\/\/sare.eus\/es\/juan-carlos-subijana-vuelve-a-prision-tras-ser-regresado-de-grado-por-segunda-vez\/#breadcrumb\",\"itemListElement\":[{\"@type\":\"ListItem\",\"position\":1,\"name\":\"Home\",\"item\":\"https:\/\/sare.eus\/\"},{\"@type\":\"ListItem\",\"position\":2,\"name\":\"Juan Karlos Subijana vuelve a prisi\u00f3n tras ser regresado de grado por segunda vez\"}]},{\"@type\":\"WebSite\",\"@id\":\"https:\/\/sare.eus\/#website\",\"url\":\"https:\/\/sare.eus\/\",\"name\":\"Sare Herritarra\",\"description\":\"KONPONBIDEAREN ETA GIZA ESKUBIDEEN ALDEKO SARE HERRITARRA\",\"publisher\":{\"@id\":\"https:\/\/sare.eus\/#organization\"},\"potentialAction\":[{\"@type\":\"SearchAction\",\"target\":{\"@type\":\"EntryPoint\",\"urlTemplate\":\"https:\/\/sare.eus\/?s={search_term_string}\"},\"query-input\":{\"@type\":\"PropertyValueSpecification\",\"valueRequired\":true,\"valueName\":\"search_term_string\"}}],\"inLanguage\":\"es\"},{\"@type\":\"Organization\",\"@id\":\"https:\/\/sare.eus\/#organization\",\"name\":\"Sare Herritarra\",\"url\":\"https:\/\/sare.eus\/\",\"logo\":{\"@type\":\"ImageObject\",\"inLanguage\":\"es\",\"@id\":\"https:\/\/sare.eus\/#\/schema\/logo\/image\/\",\"url\":\"https:\/\/sare.eus\/wp-content\/uploads\/2021\/08\/sare.png\",\"contentUrl\":\"https:\/\/sare.eus\/wp-content\/uploads\/2021\/08\/sare.png\",\"width\":120,\"height\":142,\"caption\":\"Sare Herritarra\"},\"image\":{\"@id\":\"https:\/\/sare.eus\/#\/schema\/logo\/image\/\"}},{\"@type\":\"Person\",\"@id\":\"https:\/\/sare.eus\/#\/schema\/person\/2fe6d0df294f56313d3ab236dbe38e17\",\"name\":\"sare\",\"image\":{\"@type\":\"ImageObject\",\"inLanguage\":\"es\",\"@id\":\"https:\/\/sare.eus\/#\/schema\/person\/image\/\",\"url\":\"https:\/\/secure.gravatar.com\/avatar\/77cad838677ceb1977e7b3c878b55eaa7fa4aae2158983063b047c3ad7ef2c25?s=96&d=mm&r=g\",\"contentUrl\":\"https:\/\/secure.gravatar.com\/avatar\/77cad838677ceb1977e7b3c878b55eaa7fa4aae2158983063b047c3ad7ef2c25?s=96&d=mm&r=g\",\"caption\":\"sare\"},\"url\":\"https:\/\/sare.eus\/es\/author\/sare\/\"}]}<\/script>\n<!-- \/ Yoast SEO plugin. -->","yoast_head_json":{"title":"Juan Karlos Subijana vuelve a prisi\u00f3n tras ser regresado de grado por segunda vez - Sare Herritarra","robots":{"index":"index","follow":"follow","max-snippet":"max-snippet:-1","max-image-preview":"max-image-preview:large","max-video-preview":"max-video-preview:-1"},"canonical":"https:\/\/sare.eus\/es\/juan-carlos-subijana-vuelve-a-prision-tras-ser-regresado-de-grado-por-segunda-vez\/","og_locale":"es_ES","og_type":"article","og_title":"Juan Karlos Subijana vuelve a prisi\u00f3n tras ser regresado de grado por segunda vez - Sare Herritarra","og_description":"El preso gasteiztarra Juan Karlos Subijana Izquierdo ha tenido que reingresar en la c\u00e1rcel de Basauri, una vez que el Juzgado Central de Vigilancia penitenciaria haya estimado, por segunda vez, [&hellip;]","og_url":"https:\/\/sare.eus\/es\/juan-carlos-subijana-vuelve-a-prision-tras-ser-regresado-de-grado-por-segunda-vez\/","og_site_name":"Sare Herritarra","article_published_time":"2023-11-03T07:36:00+00:00","article_modified_time":"2023-11-03T07:40:51+00:00","og_image":[{"width":1200,"height":675,"url":"https:\/\/sare.eus\/wp-content\/uploads\/2023\/11\/JK-Subijana.jpg","type":"image\/jpeg"}],"author":"sare","twitter_card":"summary_large_image","twitter_misc":{"Escrito por":"sare","Tiempo de lectura":"2 minutos"},"schema":{"@context":"https:\/\/schema.org","@graph":[{"@type":"Article","@id":"https:\/\/sare.eus\/es\/juan-carlos-subijana-vuelve-a-prision-tras-ser-regresado-de-grado-por-segunda-vez\/#article","isPartOf":{"@id":"https:\/\/sare.eus\/es\/juan-carlos-subijana-vuelve-a-prision-tras-ser-regresado-de-grado-por-segunda-vez\/"},"author":{"name":"sare","@id":"https:\/\/sare.eus\/#\/schema\/person\/2fe6d0df294f56313d3ab236dbe38e17"},"headline":"Juan Karlos Subijana vuelve a prisi\u00f3n tras ser regresado de grado por segunda vez","datePublished":"2023-11-03T07:36:00+00:00","dateModified":"2023-11-03T07:40:51+00:00","mainEntityOfPage":{"@id":"https:\/\/sare.eus\/es\/juan-carlos-subijana-vuelve-a-prision-tras-ser-regresado-de-grado-por-segunda-vez\/"},"wordCount":439,"publisher":{"@id":"https:\/\/sare.eus\/#organization"},"image":{"@id":"https:\/\/sare.eus\/es\/juan-carlos-subijana-vuelve-a-prision-tras-ser-regresado-de-grado-por-segunda-vez\/#primaryimage"},"thumbnailUrl":"https:\/\/sare.eus\/wp-content\/uploads\/2023\/11\/JK-Subijana.jpg","articleSection":["Progresi\u00f3n de Grado"],"inLanguage":"es"},{"@type":"WebPage","@id":"https:\/\/sare.eus\/es\/juan-carlos-subijana-vuelve-a-prision-tras-ser-regresado-de-grado-por-segunda-vez\/","url":"https:\/\/sare.eus\/es\/juan-carlos-subijana-vuelve-a-prision-tras-ser-regresado-de-grado-por-segunda-vez\/","name":"Juan Karlos Subijana vuelve a prisi\u00f3n tras ser regresado de grado por segunda vez - Sare Herritarra","isPartOf":{"@id":"https:\/\/sare.eus\/#website"},"primaryImageOfPage":{"@id":"https:\/\/sare.eus\/es\/juan-carlos-subijana-vuelve-a-prision-tras-ser-regresado-de-grado-por-segunda-vez\/#primaryimage"},"image":{"@id":"https:\/\/sare.eus\/es\/juan-carlos-subijana-vuelve-a-prision-tras-ser-regresado-de-grado-por-segunda-vez\/#primaryimage"},"thumbnailUrl":"https:\/\/sare.eus\/wp-content\/uploads\/2023\/11\/JK-Subijana.jpg","datePublished":"2023-11-03T07:36:00+00:00","dateModified":"2023-11-03T07:40:51+00:00","breadcrumb":{"@id":"https:\/\/sare.eus\/es\/juan-carlos-subijana-vuelve-a-prision-tras-ser-regresado-de-grado-por-segunda-vez\/#breadcrumb"},"inLanguage":"es","potentialAction":[{"@type":"ReadAction","target":["https:\/\/sare.eus\/es\/juan-carlos-subijana-vuelve-a-prision-tras-ser-regresado-de-grado-por-segunda-vez\/"]}]},{"@type":"ImageObject","inLanguage":"es","@id":"https:\/\/sare.eus\/es\/juan-carlos-subijana-vuelve-a-prision-tras-ser-regresado-de-grado-por-segunda-vez\/#primaryimage","url":"https:\/\/sare.eus\/wp-content\/uploads\/2023\/11\/JK-Subijana.jpg","contentUrl":"https:\/\/sare.eus\/wp-content\/uploads\/2023\/11\/JK-Subijana.jpg","width":1200,"height":675},{"@type":"BreadcrumbList","@id":"https:\/\/sare.eus\/es\/juan-carlos-subijana-vuelve-a-prision-tras-ser-regresado-de-grado-por-segunda-vez\/#breadcrumb","itemListElement":[{"@type":"ListItem","position":1,"name":"Home","item":"https:\/\/sare.eus\/"},{"@type":"ListItem","position":2,"name":"Juan Karlos Subijana vuelve a prisi\u00f3n tras ser regresado de grado por segunda vez"}]},{"@type":"WebSite","@id":"https:\/\/sare.eus\/#website","url":"https:\/\/sare.eus\/","name":"Sare Herritarra","description":"KONPONBIDEAREN ETA GIZA ESKUBIDEEN ALDEKO SARE HERRITARRA","publisher":{"@id":"https:\/\/sare.eus\/#organization"},"potentialAction":[{"@type":"SearchAction","target":{"@type":"EntryPoint","urlTemplate":"https:\/\/sare.eus\/?s={search_term_string}"},"query-input":{"@type":"PropertyValueSpecification","valueRequired":true,"valueName":"search_term_string"}}],"inLanguage":"es"},{"@type":"Organization","@id":"https:\/\/sare.eus\/#organization","name":"Sare Herritarra","url":"https:\/\/sare.eus\/","logo":{"@type":"ImageObject","inLanguage":"es","@id":"https:\/\/sare.eus\/#\/schema\/logo\/image\/","url":"https:\/\/sare.eus\/wp-content\/uploads\/2021\/08\/sare.png","contentUrl":"https:\/\/sare.eus\/wp-content\/uploads\/2021\/08\/sare.png","width":120,"height":142,"caption":"Sare Herritarra"},"image":{"@id":"https:\/\/sare.eus\/#\/schema\/logo\/image\/"}},{"@type":"Person","@id":"https:\/\/sare.eus\/#\/schema\/person\/2fe6d0df294f56313d3ab236dbe38e17","name":"sare","image":{"@type":"ImageObject","inLanguage":"es","@id":"https:\/\/sare.eus\/#\/schema\/person\/image\/","url":"https:\/\/secure.gravatar.com\/avatar\/77cad838677ceb1977e7b3c878b55eaa7fa4aae2158983063b047c3ad7ef2c25?s=96&d=mm&r=g","contentUrl":"https:\/\/secure.gravatar.com\/avatar\/77cad838677ceb1977e7b3c878b55eaa7fa4aae2158983063b047c3ad7ef2c25?s=96&d=mm&r=g","caption":"sare"},"url":"https:\/\/sare.eus\/es\/author\/sare\/"}]}},"_links":{"self":[{"href":"https:\/\/sare.eus\/es\/wp-json\/wp\/v2\/posts\/5573","targetHints":{"allow":["GET"]}}],"collection":[{"href":"https:\/\/sare.eus\/es\/wp-json\/wp\/v2\/posts"}],"about":[{"href":"https:\/\/sare.eus\/es\/wp-json\/wp\/v2\/types\/post"}],"author":[{"embeddable":true,"href":"https:\/\/sare.eus\/es\/wp-json\/wp\/v2\/users\/2"}],"replies":[{"embeddable":true,"href":"https:\/\/sare.eus\/es\/wp-json\/wp\/v2\/comments?post=5573"}],"version-history":[{"count":3,"href":"https:\/\/sare.eus\/es\/wp-json\/wp\/v2\/posts\/5573\/revisions"}],"predecessor-version":[{"id":5576,"href":"https:\/\/sare.eus\/es\/wp-json\/wp\/v2\/posts\/5573\/revisions\/5576"}],"wp:featuredmedia":[{"embeddable":true,"href":"https:\/\/sare.eus\/es\/wp-json\/wp\/v2\/media\/5569"}],"wp:attachment":[{"href":"https:\/\/sare.eus\/es\/wp-json\/wp\/v2\/media?parent=5573"}],"wp:term":[{"taxonomy":"category","embeddable":true,"href":"https:\/\/sare.eus\/es\/wp-json\/wp\/v2\/categories?post=5573"},{"taxonomy":"post_tag","embeddable":true,"href":"https:\/\/sare.eus\/es\/wp-json\/wp\/v2\/tags?post=5573"}],"curies":[{"name":"wp","href":"https:\/\/api.w.org\/{rel}","templated":true}]}}