{"id":5562,"date":"2023-10-27T08:09:23","date_gmt":"2023-10-27T08:09:23","guid":{"rendered":"https:\/\/sare.eus\/ainhoa-barbarinek-espetxean-jarraitu-beharko-du-auztegi-nazionalak-bigarren-aldiz-gradu-erregresioa-ebatzi-ostean\/"},"modified":"2023-10-27T08:19:33","modified_gmt":"2023-10-27T08:19:33","slug":"ainhoa-barbarin-continuara-en-prision-tras-confirmar-la-audiencia-nacional-su-segunda-regresion-de-grado","status":"publish","type":"post","link":"https:\/\/sare.eus\/es\/ainhoa-barbarin-continuara-en-prision-tras-confirmar-la-audiencia-nacional-su-segunda-regresion-de-grado\/","title":{"rendered":"Ainhoa Barbarin continuar\u00e1 en prisi\u00f3n tras confirmar la Audiencia Nacional su segunda  regresi\u00f3n de grado"},"content":{"rendered":"<p>Una vez m\u00e1s, la Audiencia Nacional ha rechazado la propuesta de la Junta de Tratamiento, que tiene la responsabilidad e informaci\u00f3n necesaria para ello y la posterior decisi\u00f3n de Gobierno Vasco, obstaculizando el recorrido penitenciario y el camino a casa que deben desarrollar los presos.<\/p>\n<p>Ainhoa Barbarin continuar\u00e1 en segundo grado en la prisi\u00f3n de Martutene, una vez que el Juzgado Central de Vigilancia Penitenciaria (JCVP) haya resuelto el recurso formulado por el Ministerio Fiscal contra el acuerdo del Gobierno Vasco por el que se le clasific\u00f3 en tercer grado.<\/p>\n<p>A Ainhoa Barbarin se le ha conculcado por segunda vez su derecho a hacer el camino a casa, se ha obstaculizado de nuevo la posibilidad de avanzar en su resocializaci\u00f3n. Con la ley en la mano, la presa de Urretxu cumple todos los requisitos para estar en 3\u00ba grado. Lleva 21 a\u00f1os en prisi\u00f3n y ya ha cumplido 2\/3 de su condena.<\/p>\n<p>Ahora que buena parte de la sociedad vasca pide acabar, de una vez, con la excepcionalidad penitenciaria y avanzar en el camino de la resoluci\u00f3n y la vuelta a casa de las y los presos, tambi\u00e9n la justicia espa\u00f1ola deber\u00eda escuchar ese deseo y ponerse en sinton\u00eda con esa voluntad por aplicar a los presos vascos la legislaci\u00f3n ordinaria.<\/p>\n<p>Desde SARE hemos defendido en m\u00e1s de una ocasi\u00f3n que la ley ordinaria, en ning\u00fan caso dice que los presos tengan que cumplir sus penas dentro de los muros penitenciarios hasta el \u00faltimo d\u00eda y que se les pueden aplicar otras formas de cumplir su condena fuera de los muros de las prisiones, por ejemplo, en 3\u00ba grado, o en libertad condicional.<\/p>\n<p>Mostramos nuestro pesar e indignaci\u00f3n por la decisi\u00f3n adoptada por este juzgado de excepci\u00f3n en el caso de la presa Ainhoa Barbarin. Tribunales de excepci\u00f3n qie contin\u00faan obstaculizando el camino de vuelta a casa que las y los presos han comenzado a recorrer hace ya tiempo.<\/p>\n<p>Nosotras y nosotros vamos a seguir abriendo las puertas a la convivencia y, frente a decisiones como \u00e9sta, vamos a seguir trabajando para cerrar definitivamente la puerta de la pol\u00edtica penitenciaria de excepci\u00f3n. Hacemos un llamamiento a la sociedad vasca para que coja en sus manos las llaves que cierren las puertas que nos quieren perpetuar al pasado y sigamos abriendo las puertas del futuro.<\/p>\n","protected":false},"excerpt":{"rendered":"<p>Una vez m\u00e1s, la Audiencia Nacional ha rechazado la propuesta de la Junta de Tratamiento, que tiene la responsabilidad e informaci\u00f3n necesaria para ello y la posterior decisi\u00f3n de Gobierno [&hellip;]<\/p>\n","protected":false},"author":2,"featured_media":5561,"comment_status":"closed","ping_status":"closed","sticky":false,"template":"","format":"standard","meta":{"_acf_changed":false,"_et_pb_use_builder":"","_et_pb_old_content":"","_et_gb_content_width":"","footnotes":""},"categories":[65],"tags":[],"class_list":["post-5562","post","type-post","status-publish","format-standard","has-post-thumbnail","hentry","category-progresion-de-grado","et-has-post-format-content","et_post_format-et-post-format-standard"],"acf":[],"yoast_head":"<!-- This site is optimized with the Yoast SEO plugin v26.4 - https:\/\/yoast.com\/wordpress\/plugins\/seo\/ -->\n<title>Ainhoa Barbarin continuar\u00e1 en prisi\u00f3n tras confirmar la Audiencia Nacional su segunda regresi\u00f3n de grado - Sare Herritarra<\/title>\n<meta name=\"robots\" content=\"index, follow, max-snippet:-1, max-image-preview:large, max-video-preview:-1\" \/>\n<link rel=\"canonical\" href=\"https:\/\/sare.eus\/es\/ainhoa-barbarin-continuara-en-prision-tras-confirmar-la-audiencia-nacional-su-segunda-regresion-de-grado\/\" \/>\n<meta property=\"og:locale\" content=\"es_ES\" \/>\n<meta property=\"og:type\" content=\"article\" \/>\n<meta property=\"og:title\" content=\"Ainhoa Barbarin continuar\u00e1 en prisi\u00f3n tras confirmar la Audiencia Nacional su segunda regresi\u00f3n de grado - Sare Herritarra\" \/>\n<meta property=\"og:description\" content=\"Una vez m\u00e1s, la Audiencia Nacional ha rechazado la propuesta de la Junta de Tratamiento, que tiene la responsabilidad e informaci\u00f3n necesaria para ello y la posterior decisi\u00f3n de Gobierno [&hellip;]\" \/>\n<meta property=\"og:url\" content=\"https:\/\/sare.eus\/es\/ainhoa-barbarin-continuara-en-prision-tras-confirmar-la-audiencia-nacional-su-segunda-regresion-de-grado\/\" \/>\n<meta property=\"og:site_name\" content=\"Sare Herritarra\" \/>\n<meta property=\"article:published_time\" content=\"2023-10-27T08:09:23+00:00\" \/>\n<meta property=\"article:modified_time\" content=\"2023-10-27T08:19:33+00:00\" \/>\n<meta property=\"og:image\" content=\"https:\/\/sare.eus\/wp-content\/uploads\/2023\/10\/photo_2023-10-27_10-06-40.jpg\" \/>\n\t<meta property=\"og:image:width\" content=\"1200\" \/>\n\t<meta property=\"og:image:height\" content=\"657\" \/>\n\t<meta property=\"og:image:type\" content=\"image\/jpeg\" \/>\n<meta name=\"author\" content=\"sare\" \/>\n<meta name=\"twitter:card\" content=\"summary_large_image\" \/>\n<meta name=\"twitter:label1\" content=\"Escrito por\" \/>\n\t<meta name=\"twitter:data1\" content=\"sare\" \/>\n\t<meta name=\"twitter:label2\" content=\"Tiempo de lectura\" \/>\n\t<meta name=\"twitter:data2\" content=\"2 minutos\" \/>\n<script type=\"application\/ld+json\" class=\"yoast-schema-graph\">{\"@context\":\"https:\/\/schema.org\",\"@graph\":[{\"@type\":\"Article\",\"@id\":\"https:\/\/sare.eus\/es\/ainhoa-barbarin-continuara-en-prision-tras-confirmar-la-audiencia-nacional-su-segunda-regresion-de-grado\/#article\",\"isPartOf\":{\"@id\":\"https:\/\/sare.eus\/es\/ainhoa-barbarin-continuara-en-prision-tras-confirmar-la-audiencia-nacional-su-segunda-regresion-de-grado\/\"},\"author\":{\"name\":\"sare\",\"@id\":\"https:\/\/sare.eus\/#\/schema\/person\/2fe6d0df294f56313d3ab236dbe38e17\"},\"headline\":\"Ainhoa Barbarin continuar\u00e1 en prisi\u00f3n tras confirmar la Audiencia Nacional su segunda regresi\u00f3n de grado\",\"datePublished\":\"2023-10-27T08:09:23+00:00\",\"dateModified\":\"2023-10-27T08:19:33+00:00\",\"mainEntityOfPage\":{\"@id\":\"https:\/\/sare.eus\/es\/ainhoa-barbarin-continuara-en-prision-tras-confirmar-la-audiencia-nacional-su-segunda-regresion-de-grado\/\"},\"wordCount\":421,\"publisher\":{\"@id\":\"https:\/\/sare.eus\/#organization\"},\"image\":{\"@id\":\"https:\/\/sare.eus\/es\/ainhoa-barbarin-continuara-en-prision-tras-confirmar-la-audiencia-nacional-su-segunda-regresion-de-grado\/#primaryimage\"},\"thumbnailUrl\":\"https:\/\/sare.eus\/wp-content\/uploads\/2023\/10\/photo_2023-10-27_10-06-40.jpg\",\"articleSection\":[\"Progresi\u00f3n de Grado\"],\"inLanguage\":\"es\"},{\"@type\":\"WebPage\",\"@id\":\"https:\/\/sare.eus\/es\/ainhoa-barbarin-continuara-en-prision-tras-confirmar-la-audiencia-nacional-su-segunda-regresion-de-grado\/\",\"url\":\"https:\/\/sare.eus\/es\/ainhoa-barbarin-continuara-en-prision-tras-confirmar-la-audiencia-nacional-su-segunda-regresion-de-grado\/\",\"name\":\"Ainhoa Barbarin continuar\u00e1 en prisi\u00f3n tras confirmar la Audiencia Nacional su segunda regresi\u00f3n de grado - Sare Herritarra\",\"isPartOf\":{\"@id\":\"https:\/\/sare.eus\/#website\"},\"primaryImageOfPage\":{\"@id\":\"https:\/\/sare.eus\/es\/ainhoa-barbarin-continuara-en-prision-tras-confirmar-la-audiencia-nacional-su-segunda-regresion-de-grado\/#primaryimage\"},\"image\":{\"@id\":\"https:\/\/sare.eus\/es\/ainhoa-barbarin-continuara-en-prision-tras-confirmar-la-audiencia-nacional-su-segunda-regresion-de-grado\/#primaryimage\"},\"thumbnailUrl\":\"https:\/\/sare.eus\/wp-content\/uploads\/2023\/10\/photo_2023-10-27_10-06-40.jpg\",\"datePublished\":\"2023-10-27T08:09:23+00:00\",\"dateModified\":\"2023-10-27T08:19:33+00:00\",\"breadcrumb\":{\"@id\":\"https:\/\/sare.eus\/es\/ainhoa-barbarin-continuara-en-prision-tras-confirmar-la-audiencia-nacional-su-segunda-regresion-de-grado\/#breadcrumb\"},\"inLanguage\":\"es\",\"potentialAction\":[{\"@type\":\"ReadAction\",\"target\":[\"https:\/\/sare.eus\/es\/ainhoa-barbarin-continuara-en-prision-tras-confirmar-la-audiencia-nacional-su-segunda-regresion-de-grado\/\"]}]},{\"@type\":\"ImageObject\",\"inLanguage\":\"es\",\"@id\":\"https:\/\/sare.eus\/es\/ainhoa-barbarin-continuara-en-prision-tras-confirmar-la-audiencia-nacional-su-segunda-regresion-de-grado\/#primaryimage\",\"url\":\"https:\/\/sare.eus\/wp-content\/uploads\/2023\/10\/photo_2023-10-27_10-06-40.jpg\",\"contentUrl\":\"https:\/\/sare.eus\/wp-content\/uploads\/2023\/10\/photo_2023-10-27_10-06-40.jpg\",\"width\":1200,\"height\":657},{\"@type\":\"BreadcrumbList\",\"@id\":\"https:\/\/sare.eus\/es\/ainhoa-barbarin-continuara-en-prision-tras-confirmar-la-audiencia-nacional-su-segunda-regresion-de-grado\/#breadcrumb\",\"itemListElement\":[{\"@type\":\"ListItem\",\"position\":1,\"name\":\"Home\",\"item\":\"https:\/\/sare.eus\/\"},{\"@type\":\"ListItem\",\"position\":2,\"name\":\"Ainhoa Barbarin continuar\u00e1 en prisi\u00f3n tras confirmar la Audiencia Nacional su segunda regresi\u00f3n de grado\"}]},{\"@type\":\"WebSite\",\"@id\":\"https:\/\/sare.eus\/#website\",\"url\":\"https:\/\/sare.eus\/\",\"name\":\"Sare Herritarra\",\"description\":\"KONPONBIDEAREN ETA GIZA ESKUBIDEEN ALDEKO SARE HERRITARRA\",\"publisher\":{\"@id\":\"https:\/\/sare.eus\/#organization\"},\"potentialAction\":[{\"@type\":\"SearchAction\",\"target\":{\"@type\":\"EntryPoint\",\"urlTemplate\":\"https:\/\/sare.eus\/?s={search_term_string}\"},\"query-input\":{\"@type\":\"PropertyValueSpecification\",\"valueRequired\":true,\"valueName\":\"search_term_string\"}}],\"inLanguage\":\"es\"},{\"@type\":\"Organization\",\"@id\":\"https:\/\/sare.eus\/#organization\",\"name\":\"Sare Herritarra\",\"url\":\"https:\/\/sare.eus\/\",\"logo\":{\"@type\":\"ImageObject\",\"inLanguage\":\"es\",\"@id\":\"https:\/\/sare.eus\/#\/schema\/logo\/image\/\",\"url\":\"https:\/\/sare.eus\/wp-content\/uploads\/2021\/08\/sare.png\",\"contentUrl\":\"https:\/\/sare.eus\/wp-content\/uploads\/2021\/08\/sare.png\",\"width\":120,\"height\":142,\"caption\":\"Sare Herritarra\"},\"image\":{\"@id\":\"https:\/\/sare.eus\/#\/schema\/logo\/image\/\"}},{\"@type\":\"Person\",\"@id\":\"https:\/\/sare.eus\/#\/schema\/person\/2fe6d0df294f56313d3ab236dbe38e17\",\"name\":\"sare\",\"image\":{\"@type\":\"ImageObject\",\"inLanguage\":\"es\",\"@id\":\"https:\/\/sare.eus\/#\/schema\/person\/image\/\",\"url\":\"https:\/\/secure.gravatar.com\/avatar\/77cad838677ceb1977e7b3c878b55eaa7fa4aae2158983063b047c3ad7ef2c25?s=96&d=mm&r=g\",\"contentUrl\":\"https:\/\/secure.gravatar.com\/avatar\/77cad838677ceb1977e7b3c878b55eaa7fa4aae2158983063b047c3ad7ef2c25?s=96&d=mm&r=g\",\"caption\":\"sare\"},\"url\":\"https:\/\/sare.eus\/es\/author\/sare\/\"}]}<\/script>\n<!-- \/ Yoast SEO plugin. -->","yoast_head_json":{"title":"Ainhoa Barbarin continuar\u00e1 en prisi\u00f3n tras confirmar la Audiencia Nacional su segunda regresi\u00f3n de grado - Sare Herritarra","robots":{"index":"index","follow":"follow","max-snippet":"max-snippet:-1","max-image-preview":"max-image-preview:large","max-video-preview":"max-video-preview:-1"},"canonical":"https:\/\/sare.eus\/es\/ainhoa-barbarin-continuara-en-prision-tras-confirmar-la-audiencia-nacional-su-segunda-regresion-de-grado\/","og_locale":"es_ES","og_type":"article","og_title":"Ainhoa Barbarin continuar\u00e1 en prisi\u00f3n tras confirmar la Audiencia Nacional su segunda regresi\u00f3n de grado - Sare Herritarra","og_description":"Una vez m\u00e1s, la Audiencia Nacional ha rechazado la propuesta de la Junta de Tratamiento, que tiene la responsabilidad e informaci\u00f3n necesaria para ello y la posterior decisi\u00f3n de Gobierno [&hellip;]","og_url":"https:\/\/sare.eus\/es\/ainhoa-barbarin-continuara-en-prision-tras-confirmar-la-audiencia-nacional-su-segunda-regresion-de-grado\/","og_site_name":"Sare Herritarra","article_published_time":"2023-10-27T08:09:23+00:00","article_modified_time":"2023-10-27T08:19:33+00:00","og_image":[{"width":1200,"height":657,"url":"https:\/\/sare.eus\/wp-content\/uploads\/2023\/10\/photo_2023-10-27_10-06-40.jpg","type":"image\/jpeg"}],"author":"sare","twitter_card":"summary_large_image","twitter_misc":{"Escrito por":"sare","Tiempo de lectura":"2 minutos"},"schema":{"@context":"https:\/\/schema.org","@graph":[{"@type":"Article","@id":"https:\/\/sare.eus\/es\/ainhoa-barbarin-continuara-en-prision-tras-confirmar-la-audiencia-nacional-su-segunda-regresion-de-grado\/#article","isPartOf":{"@id":"https:\/\/sare.eus\/es\/ainhoa-barbarin-continuara-en-prision-tras-confirmar-la-audiencia-nacional-su-segunda-regresion-de-grado\/"},"author":{"name":"sare","@id":"https:\/\/sare.eus\/#\/schema\/person\/2fe6d0df294f56313d3ab236dbe38e17"},"headline":"Ainhoa Barbarin continuar\u00e1 en prisi\u00f3n tras confirmar la Audiencia Nacional su segunda regresi\u00f3n de grado","datePublished":"2023-10-27T08:09:23+00:00","dateModified":"2023-10-27T08:19:33+00:00","mainEntityOfPage":{"@id":"https:\/\/sare.eus\/es\/ainhoa-barbarin-continuara-en-prision-tras-confirmar-la-audiencia-nacional-su-segunda-regresion-de-grado\/"},"wordCount":421,"publisher":{"@id":"https:\/\/sare.eus\/#organization"},"image":{"@id":"https:\/\/sare.eus\/es\/ainhoa-barbarin-continuara-en-prision-tras-confirmar-la-audiencia-nacional-su-segunda-regresion-de-grado\/#primaryimage"},"thumbnailUrl":"https:\/\/sare.eus\/wp-content\/uploads\/2023\/10\/photo_2023-10-27_10-06-40.jpg","articleSection":["Progresi\u00f3n de Grado"],"inLanguage":"es"},{"@type":"WebPage","@id":"https:\/\/sare.eus\/es\/ainhoa-barbarin-continuara-en-prision-tras-confirmar-la-audiencia-nacional-su-segunda-regresion-de-grado\/","url":"https:\/\/sare.eus\/es\/ainhoa-barbarin-continuara-en-prision-tras-confirmar-la-audiencia-nacional-su-segunda-regresion-de-grado\/","name":"Ainhoa Barbarin continuar\u00e1 en prisi\u00f3n tras confirmar la Audiencia Nacional su segunda regresi\u00f3n de grado - Sare Herritarra","isPartOf":{"@id":"https:\/\/sare.eus\/#website"},"primaryImageOfPage":{"@id":"https:\/\/sare.eus\/es\/ainhoa-barbarin-continuara-en-prision-tras-confirmar-la-audiencia-nacional-su-segunda-regresion-de-grado\/#primaryimage"},"image":{"@id":"https:\/\/sare.eus\/es\/ainhoa-barbarin-continuara-en-prision-tras-confirmar-la-audiencia-nacional-su-segunda-regresion-de-grado\/#primaryimage"},"thumbnailUrl":"https:\/\/sare.eus\/wp-content\/uploads\/2023\/10\/photo_2023-10-27_10-06-40.jpg","datePublished":"2023-10-27T08:09:23+00:00","dateModified":"2023-10-27T08:19:33+00:00","breadcrumb":{"@id":"https:\/\/sare.eus\/es\/ainhoa-barbarin-continuara-en-prision-tras-confirmar-la-audiencia-nacional-su-segunda-regresion-de-grado\/#breadcrumb"},"inLanguage":"es","potentialAction":[{"@type":"ReadAction","target":["https:\/\/sare.eus\/es\/ainhoa-barbarin-continuara-en-prision-tras-confirmar-la-audiencia-nacional-su-segunda-regresion-de-grado\/"]}]},{"@type":"ImageObject","inLanguage":"es","@id":"https:\/\/sare.eus\/es\/ainhoa-barbarin-continuara-en-prision-tras-confirmar-la-audiencia-nacional-su-segunda-regresion-de-grado\/#primaryimage","url":"https:\/\/sare.eus\/wp-content\/uploads\/2023\/10\/photo_2023-10-27_10-06-40.jpg","contentUrl":"https:\/\/sare.eus\/wp-content\/uploads\/2023\/10\/photo_2023-10-27_10-06-40.jpg","width":1200,"height":657},{"@type":"BreadcrumbList","@id":"https:\/\/sare.eus\/es\/ainhoa-barbarin-continuara-en-prision-tras-confirmar-la-audiencia-nacional-su-segunda-regresion-de-grado\/#breadcrumb","itemListElement":[{"@type":"ListItem","position":1,"name":"Home","item":"https:\/\/sare.eus\/"},{"@type":"ListItem","position":2,"name":"Ainhoa Barbarin continuar\u00e1 en prisi\u00f3n tras confirmar la Audiencia Nacional su segunda regresi\u00f3n de grado"}]},{"@type":"WebSite","@id":"https:\/\/sare.eus\/#website","url":"https:\/\/sare.eus\/","name":"Sare Herritarra","description":"KONPONBIDEAREN ETA GIZA ESKUBIDEEN ALDEKO SARE HERRITARRA","publisher":{"@id":"https:\/\/sare.eus\/#organization"},"potentialAction":[{"@type":"SearchAction","target":{"@type":"EntryPoint","urlTemplate":"https:\/\/sare.eus\/?s={search_term_string}"},"query-input":{"@type":"PropertyValueSpecification","valueRequired":true,"valueName":"search_term_string"}}],"inLanguage":"es"},{"@type":"Organization","@id":"https:\/\/sare.eus\/#organization","name":"Sare Herritarra","url":"https:\/\/sare.eus\/","logo":{"@type":"ImageObject","inLanguage":"es","@id":"https:\/\/sare.eus\/#\/schema\/logo\/image\/","url":"https:\/\/sare.eus\/wp-content\/uploads\/2021\/08\/sare.png","contentUrl":"https:\/\/sare.eus\/wp-content\/uploads\/2021\/08\/sare.png","width":120,"height":142,"caption":"Sare Herritarra"},"image":{"@id":"https:\/\/sare.eus\/#\/schema\/logo\/image\/"}},{"@type":"Person","@id":"https:\/\/sare.eus\/#\/schema\/person\/2fe6d0df294f56313d3ab236dbe38e17","name":"sare","image":{"@type":"ImageObject","inLanguage":"es","@id":"https:\/\/sare.eus\/#\/schema\/person\/image\/","url":"https:\/\/secure.gravatar.com\/avatar\/77cad838677ceb1977e7b3c878b55eaa7fa4aae2158983063b047c3ad7ef2c25?s=96&d=mm&r=g","contentUrl":"https:\/\/secure.gravatar.com\/avatar\/77cad838677ceb1977e7b3c878b55eaa7fa4aae2158983063b047c3ad7ef2c25?s=96&d=mm&r=g","caption":"sare"},"url":"https:\/\/sare.eus\/es\/author\/sare\/"}]}},"_links":{"self":[{"href":"https:\/\/sare.eus\/es\/wp-json\/wp\/v2\/posts\/5562","targetHints":{"allow":["GET"]}}],"collection":[{"href":"https:\/\/sare.eus\/es\/wp-json\/wp\/v2\/posts"}],"about":[{"href":"https:\/\/sare.eus\/es\/wp-json\/wp\/v2\/types\/post"}],"author":[{"embeddable":true,"href":"https:\/\/sare.eus\/es\/wp-json\/wp\/v2\/users\/2"}],"replies":[{"embeddable":true,"href":"https:\/\/sare.eus\/es\/wp-json\/wp\/v2\/comments?post=5562"}],"version-history":[{"count":2,"href":"https:\/\/sare.eus\/es\/wp-json\/wp\/v2\/posts\/5562\/revisions"}],"predecessor-version":[{"id":5564,"href":"https:\/\/sare.eus\/es\/wp-json\/wp\/v2\/posts\/5562\/revisions\/5564"}],"wp:featuredmedia":[{"embeddable":true,"href":"https:\/\/sare.eus\/es\/wp-json\/wp\/v2\/media\/5561"}],"wp:attachment":[{"href":"https:\/\/sare.eus\/es\/wp-json\/wp\/v2\/media?parent=5562"}],"wp:term":[{"taxonomy":"category","embeddable":true,"href":"https:\/\/sare.eus\/es\/wp-json\/wp\/v2\/categories?post=5562"},{"taxonomy":"post_tag","embeddable":true,"href":"https:\/\/sare.eus\/es\/wp-json\/wp\/v2\/tags?post=5562"}],"curies":[{"name":"wp","href":"https:\/\/api.w.org\/{rel}","templated":true}]}}