{"id":5541,"date":"2023-10-21T10:59:50","date_gmt":"2023-10-21T10:59:50","guid":{"rendered":"https:\/\/sare.eus\/?p=5541"},"modified":"2023-10-21T10:59:50","modified_gmt":"2023-10-21T10:59:50","slug":"llaves-para-la-resolucion","status":"publish","type":"post","link":"https:\/\/sare.eus\/es\/llaves-para-la-resolucion\/","title":{"rendered":"Se presenta el Manifiesto Llaves para la Resoluci\u00f3n"},"content":{"rendered":"<blockquote><p>El manifiesto que hoy hemos presentamos en Gernika junto a agentes sociales, pol\u00edticos, sindicales e personalidades de la sociedad vasca da el salto a toda Euskal Herria. Ahora el manifiesto queda en manos de todos los pueblos, vecinos, asociaciones y particulares para que tambi\u00e9n pueden dar su adhesi\u00f3n en la web: <a href=\"https:\/\/sare.eus\" target=\"_blank\" rel=\"noopener\">giltzak.sare.eus<\/a><\/p>\n<p>Seamos miles de llaves en el camino de abrir de par en par las puertas de la soluci\u00f3n y la convivencia.<\/p><\/blockquote>\n<p><iframe loading=\"lazy\" title=\"YouTube video player\" src=\"https:\/\/www.youtube.com\/embed\/H7LZyNw2UNo?si=y1eK4w9L8mT_yC-Z\" width=\"848\" height=\"480\" frameborder=\"0\" allowfullscreen=\"allowfullscreen\"><span data-mce-type=\"bookmark\" style=\"display: inline-block; width: 0px; overflow: hidden; line-height: 0;\" class=\"mce_SELRES_start\">\ufeff<\/span><\/iframe><\/p>\n<p><strong>INTERVENCI\u00d3N:<\/strong><\/p>\n<p>Iniciamos la parte final de este acto, con el agradecimiento de la Red Ciudadana SARE a quienes hoy hab\u00e9is querido acompa\u00f1arnos; a quienes han prestado su voz en el video que hemos visto y como no, a esa parte, cada vez m\u00e1s importante de la sociedad vasca, que piden poder avanzar hacia la convivencia, sin olvidar nada de lo que ha pasado en nuestro pa\u00eds, pero poniendo la mirada en la necesidad de reconstruir tantos puentes rotos por la confrontaci\u00f3n violenta que ha vivido nuestro pueblo. Bene benetan, eskerrik asko.<\/p>\n<p>Cuando el 15 de junio de 2014 pusimos en marcha este proyecto ciudadano, lo hicimos bajo dos premisas fundamentales:<\/p>\n<p>\u00b7 No es este un proyecto partidista. Es un proyecto que persigue poner fin a la vulneraci\u00f3n de derechos que sufren los presos\/as vascos.<\/p>\n<p>\u00b7 Y esta reivindicaci\u00f3n va unida a la necesidad de respeto, apoyo y solidaridad para con todas las v\u00edctimas de todas las violencias sufridas en nuestro pueblo.<\/p>\n<p>La soluci\u00f3n de ambos problemas nos ayudar\u00e1 a avanzar hacia una sociedad reconciliada.<\/p>\n<p>\u00c9ramos conscientes de que el camino que comenzamos a recorrer entonces no ser\u00eda sencillo, pero hemos de reconocer que no esper\u00e1bamos que doce a\u00f1os despu\u00e9s del fin de las actividades de ETA, cinco desde su desaparici\u00f3n, \u00edbamos a estar, a\u00fan, sin lograr una soluci\u00f3n a ambas premisas.<\/p>\n<p>A pesar de ello, hemos de decir que la pol\u00edtica penitenciaria ha tenido una evoluci\u00f3n importante en los tres \u00faltimos a\u00f1os. Fundamentalmente con el fin de la pol\u00edtica de alejamiento, que ha durado 34 a\u00f1os. Es esta, una etapa finalizada.<\/p>\n<p>Pero, si bien se ha ido mejorando sensiblemente en el reconocimiento de los derechos hasta ahora ignorados, contin\u00faan existiendo aspectos en que la pol\u00edtica seguida por la Fiscal\u00eda y los tribunales, en concreto por la Audiencia Nacional, est\u00e1 todav\u00eda muy lejos de las finalidades que la pol\u00edtica penitenciaria debe perseguir.<\/p>\n<p>Es ahora, cuando iniciamos esta nueva etapa. Complicada, dif\u00edcil, pero lo hacemos desde el convencimiento de que su logro ser\u00e1 clave en nuestra convivencia.<\/p>\n<p>No tiene justificaci\u00f3n alguna que la pol\u00edtica de excepcionalidad jur\u00eddica se mantenga, por lo que pedimos un compromiso firme a los agentes pol\u00edticos, sindicales y sociales, para poner fin a esa situaci\u00f3n de excepcionalidad que a\u00fan se sufre en las c\u00e1rceles.<\/p>\n<p>Es una excepcionalidad jur\u00eddica, que por supuesto afecta muy directamente a las personas privadas de libertad, pero, tambi\u00e9n confronta directamente con las decisiones que adoptan las JJTT de las c\u00e1rceles y la propia Administraci\u00f3n Vasca.<\/p>\n<p><img loading=\"lazy\" decoding=\"async\" class=\"wp-image-5546 alignleft\" src=\"https:\/\/sare.eus\/wp-content\/uploads\/2023\/10\/goiburuak2-300x124.jpg\" alt=\"\" width=\"450\" height=\"185\" srcset=\"https:\/\/sare.eus\/wp-content\/uploads\/2023\/10\/goiburuak2-300x124.jpg 300w, https:\/\/sare.eus\/wp-content\/uploads\/2023\/10\/goiburuak2-768x316.jpg 768w, https:\/\/sare.eus\/wp-content\/uploads\/2023\/10\/goiburuak2.jpg 1000w\" sizes=\"(max-width: 450px) 100vw, 450px\" \/>En este sentido el 75% de las progresiones de grado que han propuesto las JJTT y han sido aprobadas por el Gobierno Vasco, han sido recurridas por el Ministerio Fiscal y son muchas las personas que han tenido que volver a prisi\u00f3n y a segundo grado penitenciario.<\/p>\n<p>Porcentaje este del 75%, que es un agravio comparativo en cuanto que los recursos presentados por la Fiscal\u00eda en el caso de presos\/as de otro tipo de tipolog\u00edas de delito no alcanzan el 25%.<\/p>\n<p>Es por ello, que estas personas en prisi\u00f3n se ven sometidas as\u00ed a un proceso estresante en la evoluci\u00f3n de su situaci\u00f3n penitenciaria. Las decisiones judiciales dictadas por el juzgado competente de la Audiencia Nacional se resuelven, con frecuencia, lejos de criterios jur\u00eddicos aplicables en el \u00e1mbito penitenciario, lo que tiene un efecto destructivo en la moral de las personas internas afectadas.<\/p>\n<p>Se contin\u00faa actuando como una jurisdicci\u00f3n especial, creada en un momento y contexto superados por la realidad. A pesar de ello, desde la lejan\u00eda y sin consideraci\u00f3n a los fundamentos jur\u00eddicos presentados por los diferentes \u00f3rganos administrativos actuantes, la Audiencia Nacional se niega a asumir la nueva realidad y retuerce el Derecho para aplicar una versi\u00f3n que desconoce el principio de reinserci\u00f3n.<\/p>\n<p>Lo hemos dicho muchas veces, pero no est\u00e1 de m\u00e1s que lo repitamos hoy, ante todos vosotros y vosotras. No estamos pidiendo privilegios para nadie. NO. Pedimos legalidad. La misma legalidad que se aplica a cualquier otro preso o presa de los miles existentes.<\/p>\n<p>La defensa de los derechos fundamentales que hacemos desde SARE, busca garantizar su vigencia. La reinserci\u00f3n o el derecho a la salud responden a est\u00e1ndares internacionales de derechos humanos, que un Estado democr\u00e1tico debe asumir y promover.<\/p>\n<p>La abolici\u00f3n del \u201cDerecho Penal del enemigo\u201d, que es el No derecho, y la vuelta a un derecho penal y penitenciario del ciudadano\/a es simple y llanamente asumir la indivisibilidad y universalidad de todos los derechos humanos. Hay que regresar a una convivencia democr\u00e1tica sin dobles varas de medir ni discriminaciones injustificables.<\/p>\n<p>Estamos hablando de presos y presas que llevan cumplidos muchos a\u00f1os de sus condenas. Algunos m\u00e1s de 30 a\u00f1os. De presos y presas, que hace tiempo cumplieron m\u00e1s de las \u00be de sus condenas y ninguna ley dice que no se les pueda aplicar otras formas de cumplimiento fuera de los muros de las prisiones.<\/p>\n<p>Estamos hablando de presos y presas, que no ven computados los a\u00f1os de privaci\u00f3n de libertad cumplidos en otros Estados europeos, como Francia o B\u00e9lgica.<\/p>\n<p>Nuestra labor se ha fundamentado y as\u00ed continuar\u00e1, en una labor de concienciaci\u00f3n y transmisi\u00f3n de esta situaci\u00f3n a la ciudadan\u00eda. Actuamos como expresi\u00f3n de la preocupaci\u00f3n y sentimiento cada vez m\u00e1s compartido en la sociedad vasca sobre la situaci\u00f3n de estos presos y presas, cuyos derechos entendemos no han sido respetados y como contribuci\u00f3n a un marco de convivencia entre sensibilidades distintas.<\/p>\n<p>Hoy hemos presentado ante todos vosotros\/as esta nueva din\u00e1mica: <a href=\"https:\/\/sare.eus\/castellano\/\" target=\"_blank\" rel=\"noopener\">\u201cKonponbiderako Giltzak\u201d. S\u00ed. Tenemos que tener la llave. Las llaves de la soluci\u00f3n.<\/a><\/p>\n<p>Debe ser la propia sociedad vasca, a trav\u00e9s de sus instituciones pol\u00edticas y judiciales, quienes tienen que ser part\u00edcipes principales del dise\u00f1o de c\u00f3mo estos presos\/as van regresando a sus casas. Se trata de poner fin a las excepcionalidades y con la aplicaci\u00f3n de una pol\u00edtica penitenciaria ordinaria, ir abriendo ese camino de regreso a sus casas, tras en muchos casos, m\u00e1s de 25 a\u00f1os de privaci\u00f3n de libertad.<\/p>\n<p>Hablamos de derechos. Hablamos de Derechos Humanos y es por ello que debemos tener muy en cuenta a las v\u00edctimas.<\/p>\n<p>Queremos decirles que vemos su dolor, lo sentimos y queremos compartirlo con ellas. Muchas cosas no tendr\u00edan que haber sucedido, pero frente a ellas queremos afirmar nuestra defensa de los derechos humanos, y que intenten entender nuestra defensa de todos los derechos humanos. Su conculcaci\u00f3n significa dar continuidad a las situaciones de violencia vividas mediante una secuela interminable, sin reparar en las penas ya sufridas y cumplidas. Las personas presas en una democracia tienen un camino de cumplimiento de las penas con derechos que, si se desconocen, se niega la propia democracia. Reconocer y promover sus derechos no va contra las v\u00edctimas. Esa contraposici\u00f3n de personas presas y personas v\u00edctimas es una falacia que ha conseguido arraigar una visi\u00f3n extrema de la pol\u00edtica que ya no cabe en tiempos de convivencia normalizada. Entendemos el dolor de las v\u00edctimas, c\u00f3mo no vamos a entenderlo. Con nuestra acci\u00f3n no queremos aumentarlo. Nuestro fin \u00fanico es la defensa de los derechos fundamentales de los presos y presas vascos, sin ninguna otra finalidad ni planteamiento pol\u00edtico.<\/p>\n<p><strong>Terminamos con un llamamiento a la sociedad vasca. El pasado 7 de enero, Bilbo fue escenario de una manifestaci\u00f3n donde una gran parte de la sociedad reclam\u00f3 el fin de una pol\u00edtica penitenciaria de excepci\u00f3n.<\/strong><\/p>\n<p><strong>El pr\u00f3ximo 13 de enero, volveremos a salir a la calle, tambi\u00e9n, en Bilbo, para continuar avanzando en favor de la convivencia en nuestro Pa\u00eds. Llenemos las calles de llaves en favor de la resoluci\u00f3n.<\/strong><\/p>\n","protected":false},"excerpt":{"rendered":"<p>El manifiesto que hoy hemos presentamos en Gernika junto a agentes sociales, pol\u00edticos, sindicales e personalidades de la sociedad vasca da el salto a toda Euskal Herria. Ahora el manifiesto [&hellip;]<\/p>\n","protected":false},"author":2,"featured_media":5555,"comment_status":"closed","ping_status":"closed","sticky":false,"template":"","format":"standard","meta":{"_acf_changed":false,"_et_pb_use_builder":"","_et_pb_old_content":"","_et_gb_content_width":"","footnotes":""},"categories":[60],"tags":[],"class_list":["post-5541","post","type-post","status-publish","format-standard","has-post-thumbnail","hentry","category-etxera-es","et-has-post-format-content","et_post_format-et-post-format-standard"],"acf":[],"yoast_head":"<!-- This site is optimized with the Yoast SEO plugin v26.4 - https:\/\/yoast.com\/wordpress\/plugins\/seo\/ -->\n<title>Se presenta el Manifiesto Llaves para la Resoluci\u00f3n - Sare Herritarra<\/title>\n<meta name=\"robots\" content=\"index, follow, max-snippet:-1, max-image-preview:large, max-video-preview:-1\" \/>\n<link rel=\"canonical\" href=\"https:\/\/sare.eus\/es\/llaves-para-la-resolucion\/\" \/>\n<meta property=\"og:locale\" content=\"es_ES\" \/>\n<meta property=\"og:type\" content=\"article\" \/>\n<meta property=\"og:title\" content=\"Se presenta el Manifiesto Llaves para la Resoluci\u00f3n - Sare Herritarra\" \/>\n<meta property=\"og:description\" content=\"El manifiesto que hoy hemos presentamos en Gernika junto a agentes sociales, pol\u00edticos, sindicales e personalidades de la sociedad vasca da el salto a toda Euskal Herria. Ahora el manifiesto [&hellip;]\" \/>\n<meta property=\"og:url\" content=\"https:\/\/sare.eus\/es\/llaves-para-la-resolucion\/\" \/>\n<meta property=\"og:site_name\" content=\"Sare Herritarra\" \/>\n<meta property=\"article:published_time\" content=\"2023-10-21T10:59:50+00:00\" \/>\n<meta property=\"og:image\" content=\"https:\/\/sare.eus\/wp-content\/uploads\/2023\/10\/IMG_20231021_130236_941.jpg\" \/>\n\t<meta property=\"og:image:width\" content=\"1280\" \/>\n\t<meta property=\"og:image:height\" content=\"756\" \/>\n\t<meta property=\"og:image:type\" content=\"image\/jpeg\" \/>\n<meta name=\"author\" content=\"sare\" \/>\n<meta name=\"twitter:card\" content=\"summary_large_image\" \/>\n<meta name=\"twitter:label1\" content=\"Escrito por\" \/>\n\t<meta name=\"twitter:data1\" content=\"sare\" \/>\n\t<meta name=\"twitter:label2\" content=\"Tiempo de lectura\" \/>\n\t<meta name=\"twitter:data2\" content=\"7 minutos\" \/>\n<script type=\"application\/ld+json\" class=\"yoast-schema-graph\">{\"@context\":\"https:\/\/schema.org\",\"@graph\":[{\"@type\":\"Article\",\"@id\":\"https:\/\/sare.eus\/es\/llaves-para-la-resolucion\/#article\",\"isPartOf\":{\"@id\":\"https:\/\/sare.eus\/es\/llaves-para-la-resolucion\/\"},\"author\":{\"name\":\"sare\",\"@id\":\"https:\/\/sare.eus\/#\/schema\/person\/2fe6d0df294f56313d3ab236dbe38e17\"},\"headline\":\"Se presenta el Manifiesto Llaves para la Resoluci\u00f3n\",\"datePublished\":\"2023-10-21T10:59:50+00:00\",\"mainEntityOfPage\":{\"@id\":\"https:\/\/sare.eus\/es\/llaves-para-la-resolucion\/\"},\"wordCount\":1431,\"publisher\":{\"@id\":\"https:\/\/sare.eus\/#organization\"},\"image\":{\"@id\":\"https:\/\/sare.eus\/es\/llaves-para-la-resolucion\/#primaryimage\"},\"thumbnailUrl\":\"https:\/\/sare.eus\/wp-content\/uploads\/2023\/10\/IMG_20231021_130236_941.jpg\",\"articleSection\":[\"Etxera\"],\"inLanguage\":\"es\"},{\"@type\":\"WebPage\",\"@id\":\"https:\/\/sare.eus\/es\/llaves-para-la-resolucion\/\",\"url\":\"https:\/\/sare.eus\/es\/llaves-para-la-resolucion\/\",\"name\":\"Se presenta el Manifiesto Llaves para la Resoluci\u00f3n - Sare Herritarra\",\"isPartOf\":{\"@id\":\"https:\/\/sare.eus\/#website\"},\"primaryImageOfPage\":{\"@id\":\"https:\/\/sare.eus\/es\/llaves-para-la-resolucion\/#primaryimage\"},\"image\":{\"@id\":\"https:\/\/sare.eus\/es\/llaves-para-la-resolucion\/#primaryimage\"},\"thumbnailUrl\":\"https:\/\/sare.eus\/wp-content\/uploads\/2023\/10\/IMG_20231021_130236_941.jpg\",\"datePublished\":\"2023-10-21T10:59:50+00:00\",\"breadcrumb\":{\"@id\":\"https:\/\/sare.eus\/es\/llaves-para-la-resolucion\/#breadcrumb\"},\"inLanguage\":\"es\",\"potentialAction\":[{\"@type\":\"ReadAction\",\"target\":[\"https:\/\/sare.eus\/es\/llaves-para-la-resolucion\/\"]}]},{\"@type\":\"ImageObject\",\"inLanguage\":\"es\",\"@id\":\"https:\/\/sare.eus\/es\/llaves-para-la-resolucion\/#primaryimage\",\"url\":\"https:\/\/sare.eus\/wp-content\/uploads\/2023\/10\/IMG_20231021_130236_941.jpg\",\"contentUrl\":\"https:\/\/sare.eus\/wp-content\/uploads\/2023\/10\/IMG_20231021_130236_941.jpg\",\"width\":1280,\"height\":756},{\"@type\":\"BreadcrumbList\",\"@id\":\"https:\/\/sare.eus\/es\/llaves-para-la-resolucion\/#breadcrumb\",\"itemListElement\":[{\"@type\":\"ListItem\",\"position\":1,\"name\":\"Home\",\"item\":\"https:\/\/sare.eus\/\"},{\"@type\":\"ListItem\",\"position\":2,\"name\":\"Se presenta el Manifiesto Llaves para la Resoluci\u00f3n\"}]},{\"@type\":\"WebSite\",\"@id\":\"https:\/\/sare.eus\/#website\",\"url\":\"https:\/\/sare.eus\/\",\"name\":\"Sare Herritarra\",\"description\":\"KONPONBIDEAREN ETA GIZA ESKUBIDEEN ALDEKO SARE HERRITARRA\",\"publisher\":{\"@id\":\"https:\/\/sare.eus\/#organization\"},\"potentialAction\":[{\"@type\":\"SearchAction\",\"target\":{\"@type\":\"EntryPoint\",\"urlTemplate\":\"https:\/\/sare.eus\/?s={search_term_string}\"},\"query-input\":{\"@type\":\"PropertyValueSpecification\",\"valueRequired\":true,\"valueName\":\"search_term_string\"}}],\"inLanguage\":\"es\"},{\"@type\":\"Organization\",\"@id\":\"https:\/\/sare.eus\/#organization\",\"name\":\"Sare Herritarra\",\"url\":\"https:\/\/sare.eus\/\",\"logo\":{\"@type\":\"ImageObject\",\"inLanguage\":\"es\",\"@id\":\"https:\/\/sare.eus\/#\/schema\/logo\/image\/\",\"url\":\"https:\/\/sare.eus\/wp-content\/uploads\/2021\/08\/sare.png\",\"contentUrl\":\"https:\/\/sare.eus\/wp-content\/uploads\/2021\/08\/sare.png\",\"width\":120,\"height\":142,\"caption\":\"Sare Herritarra\"},\"image\":{\"@id\":\"https:\/\/sare.eus\/#\/schema\/logo\/image\/\"}},{\"@type\":\"Person\",\"@id\":\"https:\/\/sare.eus\/#\/schema\/person\/2fe6d0df294f56313d3ab236dbe38e17\",\"name\":\"sare\",\"image\":{\"@type\":\"ImageObject\",\"inLanguage\":\"es\",\"@id\":\"https:\/\/sare.eus\/#\/schema\/person\/image\/\",\"url\":\"https:\/\/secure.gravatar.com\/avatar\/77cad838677ceb1977e7b3c878b55eaa7fa4aae2158983063b047c3ad7ef2c25?s=96&d=mm&r=g\",\"contentUrl\":\"https:\/\/secure.gravatar.com\/avatar\/77cad838677ceb1977e7b3c878b55eaa7fa4aae2158983063b047c3ad7ef2c25?s=96&d=mm&r=g\",\"caption\":\"sare\"},\"url\":\"https:\/\/sare.eus\/es\/author\/sare\/\"}]}<\/script>\n<!-- \/ Yoast SEO plugin. -->","yoast_head_json":{"title":"Se presenta el Manifiesto Llaves para la Resoluci\u00f3n - Sare Herritarra","robots":{"index":"index","follow":"follow","max-snippet":"max-snippet:-1","max-image-preview":"max-image-preview:large","max-video-preview":"max-video-preview:-1"},"canonical":"https:\/\/sare.eus\/es\/llaves-para-la-resolucion\/","og_locale":"es_ES","og_type":"article","og_title":"Se presenta el Manifiesto Llaves para la Resoluci\u00f3n - Sare Herritarra","og_description":"El manifiesto que hoy hemos presentamos en Gernika junto a agentes sociales, pol\u00edticos, sindicales e personalidades de la sociedad vasca da el salto a toda Euskal Herria. Ahora el manifiesto [&hellip;]","og_url":"https:\/\/sare.eus\/es\/llaves-para-la-resolucion\/","og_site_name":"Sare Herritarra","article_published_time":"2023-10-21T10:59:50+00:00","og_image":[{"width":1280,"height":756,"url":"https:\/\/sare.eus\/wp-content\/uploads\/2023\/10\/IMG_20231021_130236_941.jpg","type":"image\/jpeg"}],"author":"sare","twitter_card":"summary_large_image","twitter_misc":{"Escrito por":"sare","Tiempo de lectura":"7 minutos"},"schema":{"@context":"https:\/\/schema.org","@graph":[{"@type":"Article","@id":"https:\/\/sare.eus\/es\/llaves-para-la-resolucion\/#article","isPartOf":{"@id":"https:\/\/sare.eus\/es\/llaves-para-la-resolucion\/"},"author":{"name":"sare","@id":"https:\/\/sare.eus\/#\/schema\/person\/2fe6d0df294f56313d3ab236dbe38e17"},"headline":"Se presenta el Manifiesto Llaves para la Resoluci\u00f3n","datePublished":"2023-10-21T10:59:50+00:00","mainEntityOfPage":{"@id":"https:\/\/sare.eus\/es\/llaves-para-la-resolucion\/"},"wordCount":1431,"publisher":{"@id":"https:\/\/sare.eus\/#organization"},"image":{"@id":"https:\/\/sare.eus\/es\/llaves-para-la-resolucion\/#primaryimage"},"thumbnailUrl":"https:\/\/sare.eus\/wp-content\/uploads\/2023\/10\/IMG_20231021_130236_941.jpg","articleSection":["Etxera"],"inLanguage":"es"},{"@type":"WebPage","@id":"https:\/\/sare.eus\/es\/llaves-para-la-resolucion\/","url":"https:\/\/sare.eus\/es\/llaves-para-la-resolucion\/","name":"Se presenta el Manifiesto Llaves para la Resoluci\u00f3n - Sare Herritarra","isPartOf":{"@id":"https:\/\/sare.eus\/#website"},"primaryImageOfPage":{"@id":"https:\/\/sare.eus\/es\/llaves-para-la-resolucion\/#primaryimage"},"image":{"@id":"https:\/\/sare.eus\/es\/llaves-para-la-resolucion\/#primaryimage"},"thumbnailUrl":"https:\/\/sare.eus\/wp-content\/uploads\/2023\/10\/IMG_20231021_130236_941.jpg","datePublished":"2023-10-21T10:59:50+00:00","breadcrumb":{"@id":"https:\/\/sare.eus\/es\/llaves-para-la-resolucion\/#breadcrumb"},"inLanguage":"es","potentialAction":[{"@type":"ReadAction","target":["https:\/\/sare.eus\/es\/llaves-para-la-resolucion\/"]}]},{"@type":"ImageObject","inLanguage":"es","@id":"https:\/\/sare.eus\/es\/llaves-para-la-resolucion\/#primaryimage","url":"https:\/\/sare.eus\/wp-content\/uploads\/2023\/10\/IMG_20231021_130236_941.jpg","contentUrl":"https:\/\/sare.eus\/wp-content\/uploads\/2023\/10\/IMG_20231021_130236_941.jpg","width":1280,"height":756},{"@type":"BreadcrumbList","@id":"https:\/\/sare.eus\/es\/llaves-para-la-resolucion\/#breadcrumb","itemListElement":[{"@type":"ListItem","position":1,"name":"Home","item":"https:\/\/sare.eus\/"},{"@type":"ListItem","position":2,"name":"Se presenta el Manifiesto Llaves para la Resoluci\u00f3n"}]},{"@type":"WebSite","@id":"https:\/\/sare.eus\/#website","url":"https:\/\/sare.eus\/","name":"Sare Herritarra","description":"KONPONBIDEAREN ETA GIZA ESKUBIDEEN ALDEKO SARE HERRITARRA","publisher":{"@id":"https:\/\/sare.eus\/#organization"},"potentialAction":[{"@type":"SearchAction","target":{"@type":"EntryPoint","urlTemplate":"https:\/\/sare.eus\/?s={search_term_string}"},"query-input":{"@type":"PropertyValueSpecification","valueRequired":true,"valueName":"search_term_string"}}],"inLanguage":"es"},{"@type":"Organization","@id":"https:\/\/sare.eus\/#organization","name":"Sare Herritarra","url":"https:\/\/sare.eus\/","logo":{"@type":"ImageObject","inLanguage":"es","@id":"https:\/\/sare.eus\/#\/schema\/logo\/image\/","url":"https:\/\/sare.eus\/wp-content\/uploads\/2021\/08\/sare.png","contentUrl":"https:\/\/sare.eus\/wp-content\/uploads\/2021\/08\/sare.png","width":120,"height":142,"caption":"Sare Herritarra"},"image":{"@id":"https:\/\/sare.eus\/#\/schema\/logo\/image\/"}},{"@type":"Person","@id":"https:\/\/sare.eus\/#\/schema\/person\/2fe6d0df294f56313d3ab236dbe38e17","name":"sare","image":{"@type":"ImageObject","inLanguage":"es","@id":"https:\/\/sare.eus\/#\/schema\/person\/image\/","url":"https:\/\/secure.gravatar.com\/avatar\/77cad838677ceb1977e7b3c878b55eaa7fa4aae2158983063b047c3ad7ef2c25?s=96&d=mm&r=g","contentUrl":"https:\/\/secure.gravatar.com\/avatar\/77cad838677ceb1977e7b3c878b55eaa7fa4aae2158983063b047c3ad7ef2c25?s=96&d=mm&r=g","caption":"sare"},"url":"https:\/\/sare.eus\/es\/author\/sare\/"}]}},"_links":{"self":[{"href":"https:\/\/sare.eus\/es\/wp-json\/wp\/v2\/posts\/5541","targetHints":{"allow":["GET"]}}],"collection":[{"href":"https:\/\/sare.eus\/es\/wp-json\/wp\/v2\/posts"}],"about":[{"href":"https:\/\/sare.eus\/es\/wp-json\/wp\/v2\/types\/post"}],"author":[{"embeddable":true,"href":"https:\/\/sare.eus\/es\/wp-json\/wp\/v2\/users\/2"}],"replies":[{"embeddable":true,"href":"https:\/\/sare.eus\/es\/wp-json\/wp\/v2\/comments?post=5541"}],"version-history":[{"count":6,"href":"https:\/\/sare.eus\/es\/wp-json\/wp\/v2\/posts\/5541\/revisions"}],"predecessor-version":[{"id":5552,"href":"https:\/\/sare.eus\/es\/wp-json\/wp\/v2\/posts\/5541\/revisions\/5552"}],"wp:featuredmedia":[{"embeddable":true,"href":"https:\/\/sare.eus\/es\/wp-json\/wp\/v2\/media\/5555"}],"wp:attachment":[{"href":"https:\/\/sare.eus\/es\/wp-json\/wp\/v2\/media?parent=5541"}],"wp:term":[{"taxonomy":"category","embeddable":true,"href":"https:\/\/sare.eus\/es\/wp-json\/wp\/v2\/categories?post=5541"},{"taxonomy":"post_tag","embeddable":true,"href":"https:\/\/sare.eus\/es\/wp-json\/wp\/v2\/tags?post=5541"}],"curies":[{"name":"wp","href":"https:\/\/api.w.org\/{rel}","templated":true}]}}