{"id":5528,"date":"2023-10-09T08:55:30","date_gmt":"2023-10-09T08:55:30","guid":{"rendered":"https:\/\/sare.eus\/eaeko-administrazioak-bi-urtez-garatu-du-espetxe-eskumena-sareren-balorazioa\/"},"modified":"2023-10-09T09:00:07","modified_gmt":"2023-10-09T09:00:07","slug":"dos-anos-de-desarrollo-de-la-competencia-penitenciaria-por-parte-de-la-administracion-vasca-valoracion-de-sare","status":"publish","type":"post","link":"https:\/\/sare.eus\/es\/dos-anos-de-desarrollo-de-la-competencia-penitenciaria-por-parte-de-la-administracion-vasca-valoracion-de-sare\/","title":{"rendered":"Dos a\u00f1os de desarrollo de la competencia penitenciaria, por parte de la Administraci\u00f3n vasca, valoraci\u00f3n de SARE"},"content":{"rendered":"<blockquote><p><strong>Dos a\u00f1os de desarrollo de la competencia penitenciaria, por parte de la Administraci\u00f3n vasca, consideramos tiempo suficiente para poder realizar una valoraci\u00f3n, basada en datos, sobre lo que ha supuesto este desarrollo y fundamentalmente, sobre las consecuencias de la misma.<\/strong><\/p><\/blockquote>\n<p>Octubre de 2021 supuso el inicio de un proceso, y cre\u00f3 expectativas positivas con la esperanza de que inici\u00e1bamos un nuevo tiempo en el que, una pol\u00edtica penitenciaria normalizada deber\u00eda abrirse paso tras d\u00e9cadas de excepcionalidades que han supuesto y contin\u00faan suponiendo claras vulneraciones de derechos en el caso de los presos\/as vascos. En este sentido, nos parece interesante recordar lo que al respecto indicaba, recientemente, el asesor para asuntos penitenciarios del Gobierno Vasco, Jaime Tapia, referido a los presos y presas condenados por su pertenencia o colaboraci\u00f3n con la organizaci\u00f3n ETA. \u201cSi tienen derecho a permisos, deben tenerlos, si tienen que salir en semilibertad deben salir y si antes no se hac\u00eda es porque se ten\u00eda otra perspectiva\u201c<\/p>\n<p>Es por tanto, y queremos insistir en ello, una reivindicaci\u00f3n que nada tiene que ver con demanda de privilegio alguno, sino m\u00e1s bien al contrario, con la necesidad de una pol\u00edtica y justicia penitenciaria, donde el Derecho Penal del enemigo, que es el NO derecho, deje de ser la norma de actuaci\u00f3n.<\/p>\n<p>En este sentido, recordaremos que desde el 1 de octubre de 2021, momento en el que el Gobierno Vasco asumi\u00f3 la gesti\u00f3n de la pol\u00edtica penitenciaria, se han aprobado 846 progresiones a 3 grado, de las que han sido revocadas por los Juzgado Central de Vigilancia Penitenciaria 16, que supone el 1,89%. En el caso especifico de los presos y presas vinculados a ETA, han sido revocadas 13 de 55, quedando pendientes del recurso o no del Ministerio Fiscal, 7. Es decir, se han revocado el 24%, lo que supone un diferencia abrumadora en relaci\u00f3n a otros recursos en otros tipos de delitos.<\/p>\n<p>A pesar de ello, en t\u00e9rminos generales, queremos transmitir una valoraci\u00f3n esperanzadora en el desarrollo de la competencia penitenciaria en relaci\u00f3n a estos presos y presas.<\/p>\n<p>Bien es cierto que, viniendo de una situaci\u00f3n anterior donde las excepcionalidades era la norma com\u00fan de actuaci\u00f3n, la evoluci\u00f3n lenta, pero cuando menos evoluci\u00f3n, por parte de la administraci\u00f3n penitenciaria vasca, nos lleva a esa valoraci\u00f3n donde la esperanza se abre paso, ante la injusticia que durante d\u00e9cadas se ha padecido en este \u00e1mbito.<br \/>\nLos datos de estos dos a\u00f1os, nos indican dos cosas, con claridad.<\/p>\n<p>La pol\u00edtica penitenciaria de excepci\u00f3n se contin\u00faa aplicando. Estamos soportando legislaciones pensadas en lo que se denomin\u00f3 \u201clucha antiterrorista\u201c, concebida y aprobada hace m\u00e1s de 20 a\u00f1os, para unas circunstancias que nada tienen que ver con la situaci\u00f3n actual. Aunque suene extra\u00f1o, no es de recibi\u00f3 que hoy, en Octubre de 2023, tengamos que continuar diciendo que ETA ces\u00f3 en sus actividades en 2011 y se disolvi\u00f3 en 2018. QUE ETA, YA NO EXISTE.<\/p>\n<p><strong>Los datos que a continuaci\u00f3n les trasladamos, nos hace ratificarnos en nuestra valoraci\u00f3n:<\/strong><\/p>\n<p><strong>\u2022 Numero de terceros grados, propuestos por las Juntas de Tratamiento y aprobados por el Gobierno Vasco: 55<\/strong><br \/>\n<strong>\u2022 Recursos presentados por el Ministerio Fiscal: 31<\/strong><br \/>\n<strong>\u2022 Ratificados por el Juzgado Central de Vigilancia Penitenciaria: 14<\/strong><br \/>\n<strong>\u2022 Presos\/as, regresados a segundo grado y a prisi\u00f3n: 13<\/strong><br \/>\n<b>\u2022 Pendientes de resoluci\u00f3n por el Juzgado Central de Vigilancia Penitenciaria: 4<\/b><br \/>\n<strong>\u2022 Recursos del Ministerio Fiscal en apelaci\u00f3n ante la Secci\u00f3n Primera, una vez ha sido ratificado por el Juzgado Central de Vigilancia Penitenciaria: 6<\/strong><\/p>\n<p>Hay que tener en cuenta que entre los 55 terceros grados, aprobados por la Administraci\u00f3n Penitenciaria Vasca, hay varios que han visto aprobado esta progresi\u00f3n de grado por lo que las personas a las que se les ha progresado de grado, han sido 46, si tenemos en cuenta que varios de ellos, han sido progresados hasta en dos ocasiones pero en este caso, cabr\u00eda hacer, una valoraci\u00f3n positiva de la actitud de la Administraci\u00f3n Penitenciaria Vasca, al haber vuelto a proponer esta progresi\u00f3n a 3 Grado, una vez el Ministerio Fiscal, ha recurrido y el Juzgado Central de Vigilancia Penitenciaria ha aceptado este recurso.<\/p>\n<p>Estos datos vienen a demostrar lo que venimos diciendo en diversas ocasiones. A cientos de kil\u00f3metros de distancia, fiscal\u00eda y Audiencia Nacional, toman decisiones sobre presos y presas, de las que nada saben y nada les importa, sin tener en cuenta que de manera permanente sus actuaciones confrontan directamente con las decisiones profesionales de quienes conforman las juntas de tratamiento de los centros penitenciarios, que son quienes mejor conocen la evoluci\u00f3n de estos presos\/as. Y confrontan, tambi\u00e9n, con las decisiones de la administraci\u00f3n penitenciaria vasca.<\/p>\n<p>Lo m\u00ednimo exigible es que la norma se aplique con sentido com\u00fan y flexibilidad.<\/p>\n<p>Cometen un error, quienes se empe\u00f1an en mantener la idea de que el 3 grado, es una libertad absoluta, en lugar de una forma diferente de cumplimiento de la pena. Hay otras formas diferentes de cumplimiento de la pena, aparte de la que se cumple dentro de los muros de la prisi\u00f3n. Y es esta otra forma de cumplimiento, en semilibertad o r\u00e9gimen abierto, siendo este uno de los ejes centrales del denominado \u201cmodelo penitenciario vasco\u201c y de hecho es la modalidad de cumplimiento por la que apuesta la Ley org\u00e1nica general penitenciaria y el reglamento penitenciario, cuando se\u00f1alan, en t\u00e9rminos generales, que acceder\u00e1 al 3 grado toda persona presa que demuestre que es capaz de vivir en la sociedad respetando el Derecho Penal. Es esta, una forma de cumplimiento de penas que genera menos reincidencia y que adem\u00e1s el Gobierno Vasco adopta habitualmente cuando progresa a 3 grado a un n\u00famero importante de presos\/as, como indic\u00e1bamos anteriormente. El problema se suscita, cuando desde posiciones muy conservadoras, se tiende a confundir la \u201cpena DE prisi\u00f3n\u201c, con la \u201cpena EN prisi\u00f3n\u201c.<\/p>\n<p>Y existe una segunda valoraci\u00f3n que queremos hacer, en relaci\u00f3n a la propia actuaci\u00f3n de la Administraci\u00f3n Penitenciaria vasca.<\/p>\n<p>A pesar de la preocupaci\u00f3n que suscita la actuaci\u00f3n bloqueadora de los \u00f3rganos jurisdiccionales en el Estado, en t\u00e9rminos generales se va avanzando. Un avance que desear\u00edamos se hiciera con mayor rapidez, porque estamos hablando de personas, privadas de libertad, que llevan ya cumplidos largos a\u00f1os de su condena y que, tomando como medida este tipo de cumplimiento, deber\u00edan haber sido sujetos de propuesta de progresi\u00f3n a tercer grado, desde hace mucho tiempo.<\/p>\n<p>Desde SARE, entendemos que es necesario emprender, con determinaci\u00f3n y sin dilaci\u00f3n, un proceso de normalizaci\u00f3n de la situaci\u00f3n, situ\u00e1ndonos en el momento en el que vivimos, sin olvidar nada de lo ocurrido, pero tomando las medidas necesarias para que la fase de la violencia superada, se cierre de tal manera que no se genere m\u00e1s dolor.<\/p>\n<p>Continuaremos con las diferentes din\u00e1micas que permitan llegar, a una cada vez m\u00e1s importante parte de la sociedad vasca, para transmitirles la necesidad del compromiso para que acabe esta situaci\u00f3n que afecta al \u00e1mbito de los derechos. De los derechos humanos. En este sentido, incidimos en que ya desde este inicio de curso continuaremos moviliz\u00e1ndonos, como hasta ahora, y pr\u00f3ximamente, este mismo mes de octubre, anunciaremos una iniciativa con la que volveremos a apostar por una verdadera convivencia, que solo ser\u00e1 posible si esta basada en la defensa de todos los derechos humanos, para todas las personas.<\/p>\n","protected":false},"excerpt":{"rendered":"<p>Dos a\u00f1os de desarrollo de la competencia penitenciaria, por parte de la Administraci\u00f3n vasca, consideramos tiempo suficiente para poder realizar una valoraci\u00f3n, basada en datos, sobre lo que ha supuesto [&hellip;]<\/p>\n","protected":false},"author":2,"featured_media":5210,"comment_status":"closed","ping_status":"closed","sticky":false,"template":"","format":"standard","meta":{"_acf_changed":false,"_et_pb_use_builder":"","_et_pb_old_content":"","_et_gb_content_width":"","footnotes":""},"categories":[69],"tags":[],"class_list":["post-5528","post","type-post","status-publish","format-standard","has-post-thumbnail","hentry","category-leyes-de-excepcion","et-has-post-format-content","et_post_format-et-post-format-standard"],"acf":[],"yoast_head":"<!-- This site is optimized with the Yoast SEO plugin v26.4 - https:\/\/yoast.com\/wordpress\/plugins\/seo\/ -->\n<title>Dos a\u00f1os de desarrollo de la competencia penitenciaria, por parte de la Administraci\u00f3n vasca, valoraci\u00f3n de SARE - Sare Herritarra<\/title>\n<meta name=\"robots\" content=\"index, follow, max-snippet:-1, max-image-preview:large, max-video-preview:-1\" \/>\n<link rel=\"canonical\" href=\"https:\/\/sare.eus\/es\/dos-anos-de-desarrollo-de-la-competencia-penitenciaria-por-parte-de-la-administracion-vasca-valoracion-de-sare\/\" \/>\n<meta property=\"og:locale\" content=\"es_ES\" \/>\n<meta property=\"og:type\" content=\"article\" \/>\n<meta property=\"og:title\" content=\"Dos a\u00f1os de desarrollo de la competencia penitenciaria, por parte de la Administraci\u00f3n vasca, valoraci\u00f3n de SARE - Sare Herritarra\" \/>\n<meta property=\"og:description\" content=\"Dos a\u00f1os de desarrollo de la competencia penitenciaria, por parte de la Administraci\u00f3n vasca, consideramos tiempo suficiente para poder realizar una valoraci\u00f3n, basada en datos, sobre lo que ha supuesto [&hellip;]\" \/>\n<meta property=\"og:url\" content=\"https:\/\/sare.eus\/es\/dos-anos-de-desarrollo-de-la-competencia-penitenciaria-por-parte-de-la-administracion-vasca-valoracion-de-sare\/\" \/>\n<meta property=\"og:site_name\" content=\"Sare Herritarra\" \/>\n<meta property=\"article:published_time\" content=\"2023-10-09T08:55:30+00:00\" \/>\n<meta property=\"article:modified_time\" content=\"2023-10-09T09:00:07+00:00\" \/>\n<meta property=\"og:image\" content=\"https:\/\/sare.eus\/wp-content\/uploads\/2023\/05\/OHARRAK-NOTA-WEBGUNEAN-JARTZEKO_02-scaled.jpg\" \/>\n\t<meta property=\"og:image:width\" content=\"2560\" \/>\n\t<meta property=\"og:image:height\" content=\"1920\" \/>\n\t<meta property=\"og:image:type\" content=\"image\/jpeg\" \/>\n<meta name=\"author\" content=\"sare\" \/>\n<meta name=\"twitter:card\" content=\"summary_large_image\" \/>\n<meta name=\"twitter:label1\" content=\"Escrito por\" \/>\n\t<meta name=\"twitter:data1\" content=\"sare\" \/>\n\t<meta name=\"twitter:label2\" content=\"Tiempo de lectura\" \/>\n\t<meta name=\"twitter:data2\" content=\"6 minutos\" \/>\n<script type=\"application\/ld+json\" class=\"yoast-schema-graph\">{\"@context\":\"https:\/\/schema.org\",\"@graph\":[{\"@type\":\"Article\",\"@id\":\"https:\/\/sare.eus\/es\/dos-anos-de-desarrollo-de-la-competencia-penitenciaria-por-parte-de-la-administracion-vasca-valoracion-de-sare\/#article\",\"isPartOf\":{\"@id\":\"https:\/\/sare.eus\/es\/dos-anos-de-desarrollo-de-la-competencia-penitenciaria-por-parte-de-la-administracion-vasca-valoracion-de-sare\/\"},\"author\":{\"name\":\"sare\",\"@id\":\"https:\/\/sare.eus\/#\/schema\/person\/2fe6d0df294f56313d3ab236dbe38e17\"},\"headline\":\"Dos a\u00f1os de desarrollo de la competencia penitenciaria, por parte de la Administraci\u00f3n vasca, valoraci\u00f3n de SARE\",\"datePublished\":\"2023-10-09T08:55:30+00:00\",\"dateModified\":\"2023-10-09T09:00:07+00:00\",\"mainEntityOfPage\":{\"@id\":\"https:\/\/sare.eus\/es\/dos-anos-de-desarrollo-de-la-competencia-penitenciaria-por-parte-de-la-administracion-vasca-valoracion-de-sare\/\"},\"wordCount\":1286,\"publisher\":{\"@id\":\"https:\/\/sare.eus\/#organization\"},\"image\":{\"@id\":\"https:\/\/sare.eus\/es\/dos-anos-de-desarrollo-de-la-competencia-penitenciaria-por-parte-de-la-administracion-vasca-valoracion-de-sare\/#primaryimage\"},\"thumbnailUrl\":\"https:\/\/sare.eus\/wp-content\/uploads\/2023\/05\/OHARRAK-NOTA-WEBGUNEAN-JARTZEKO_02-scaled.jpg\",\"articleSection\":[\"Leyes de Excepci\u00f3n\"],\"inLanguage\":\"es\"},{\"@type\":\"WebPage\",\"@id\":\"https:\/\/sare.eus\/es\/dos-anos-de-desarrollo-de-la-competencia-penitenciaria-por-parte-de-la-administracion-vasca-valoracion-de-sare\/\",\"url\":\"https:\/\/sare.eus\/es\/dos-anos-de-desarrollo-de-la-competencia-penitenciaria-por-parte-de-la-administracion-vasca-valoracion-de-sare\/\",\"name\":\"Dos a\u00f1os de desarrollo de la competencia penitenciaria, por parte de la Administraci\u00f3n vasca, valoraci\u00f3n de SARE - Sare Herritarra\",\"isPartOf\":{\"@id\":\"https:\/\/sare.eus\/#website\"},\"primaryImageOfPage\":{\"@id\":\"https:\/\/sare.eus\/es\/dos-anos-de-desarrollo-de-la-competencia-penitenciaria-por-parte-de-la-administracion-vasca-valoracion-de-sare\/#primaryimage\"},\"image\":{\"@id\":\"https:\/\/sare.eus\/es\/dos-anos-de-desarrollo-de-la-competencia-penitenciaria-por-parte-de-la-administracion-vasca-valoracion-de-sare\/#primaryimage\"},\"thumbnailUrl\":\"https:\/\/sare.eus\/wp-content\/uploads\/2023\/05\/OHARRAK-NOTA-WEBGUNEAN-JARTZEKO_02-scaled.jpg\",\"datePublished\":\"2023-10-09T08:55:30+00:00\",\"dateModified\":\"2023-10-09T09:00:07+00:00\",\"breadcrumb\":{\"@id\":\"https:\/\/sare.eus\/es\/dos-anos-de-desarrollo-de-la-competencia-penitenciaria-por-parte-de-la-administracion-vasca-valoracion-de-sare\/#breadcrumb\"},\"inLanguage\":\"es\",\"potentialAction\":[{\"@type\":\"ReadAction\",\"target\":[\"https:\/\/sare.eus\/es\/dos-anos-de-desarrollo-de-la-competencia-penitenciaria-por-parte-de-la-administracion-vasca-valoracion-de-sare\/\"]}]},{\"@type\":\"ImageObject\",\"inLanguage\":\"es\",\"@id\":\"https:\/\/sare.eus\/es\/dos-anos-de-desarrollo-de-la-competencia-penitenciaria-por-parte-de-la-administracion-vasca-valoracion-de-sare\/#primaryimage\",\"url\":\"https:\/\/sare.eus\/wp-content\/uploads\/2023\/05\/OHARRAK-NOTA-WEBGUNEAN-JARTZEKO_02-scaled.jpg\",\"contentUrl\":\"https:\/\/sare.eus\/wp-content\/uploads\/2023\/05\/OHARRAK-NOTA-WEBGUNEAN-JARTZEKO_02-scaled.jpg\",\"width\":2560,\"height\":1920},{\"@type\":\"BreadcrumbList\",\"@id\":\"https:\/\/sare.eus\/es\/dos-anos-de-desarrollo-de-la-competencia-penitenciaria-por-parte-de-la-administracion-vasca-valoracion-de-sare\/#breadcrumb\",\"itemListElement\":[{\"@type\":\"ListItem\",\"position\":1,\"name\":\"Home\",\"item\":\"https:\/\/sare.eus\/\"},{\"@type\":\"ListItem\",\"position\":2,\"name\":\"Dos a\u00f1os de desarrollo de la competencia penitenciaria, por parte de la Administraci\u00f3n vasca, valoraci\u00f3n de SARE\"}]},{\"@type\":\"WebSite\",\"@id\":\"https:\/\/sare.eus\/#website\",\"url\":\"https:\/\/sare.eus\/\",\"name\":\"Sare Herritarra\",\"description\":\"KONPONBIDEAREN ETA GIZA ESKUBIDEEN ALDEKO SARE HERRITARRA\",\"publisher\":{\"@id\":\"https:\/\/sare.eus\/#organization\"},\"potentialAction\":[{\"@type\":\"SearchAction\",\"target\":{\"@type\":\"EntryPoint\",\"urlTemplate\":\"https:\/\/sare.eus\/?s={search_term_string}\"},\"query-input\":{\"@type\":\"PropertyValueSpecification\",\"valueRequired\":true,\"valueName\":\"search_term_string\"}}],\"inLanguage\":\"es\"},{\"@type\":\"Organization\",\"@id\":\"https:\/\/sare.eus\/#organization\",\"name\":\"Sare Herritarra\",\"url\":\"https:\/\/sare.eus\/\",\"logo\":{\"@type\":\"ImageObject\",\"inLanguage\":\"es\",\"@id\":\"https:\/\/sare.eus\/#\/schema\/logo\/image\/\",\"url\":\"https:\/\/sare.eus\/wp-content\/uploads\/2021\/08\/sare.png\",\"contentUrl\":\"https:\/\/sare.eus\/wp-content\/uploads\/2021\/08\/sare.png\",\"width\":120,\"height\":142,\"caption\":\"Sare Herritarra\"},\"image\":{\"@id\":\"https:\/\/sare.eus\/#\/schema\/logo\/image\/\"}},{\"@type\":\"Person\",\"@id\":\"https:\/\/sare.eus\/#\/schema\/person\/2fe6d0df294f56313d3ab236dbe38e17\",\"name\":\"sare\",\"image\":{\"@type\":\"ImageObject\",\"inLanguage\":\"es\",\"@id\":\"https:\/\/sare.eus\/#\/schema\/person\/image\/\",\"url\":\"https:\/\/secure.gravatar.com\/avatar\/77cad838677ceb1977e7b3c878b55eaa7fa4aae2158983063b047c3ad7ef2c25?s=96&d=mm&r=g\",\"contentUrl\":\"https:\/\/secure.gravatar.com\/avatar\/77cad838677ceb1977e7b3c878b55eaa7fa4aae2158983063b047c3ad7ef2c25?s=96&d=mm&r=g\",\"caption\":\"sare\"},\"url\":\"https:\/\/sare.eus\/es\/author\/sare\/\"}]}<\/script>\n<!-- \/ Yoast SEO plugin. -->","yoast_head_json":{"title":"Dos a\u00f1os de desarrollo de la competencia penitenciaria, por parte de la Administraci\u00f3n vasca, valoraci\u00f3n de SARE - Sare Herritarra","robots":{"index":"index","follow":"follow","max-snippet":"max-snippet:-1","max-image-preview":"max-image-preview:large","max-video-preview":"max-video-preview:-1"},"canonical":"https:\/\/sare.eus\/es\/dos-anos-de-desarrollo-de-la-competencia-penitenciaria-por-parte-de-la-administracion-vasca-valoracion-de-sare\/","og_locale":"es_ES","og_type":"article","og_title":"Dos a\u00f1os de desarrollo de la competencia penitenciaria, por parte de la Administraci\u00f3n vasca, valoraci\u00f3n de SARE - Sare Herritarra","og_description":"Dos a\u00f1os de desarrollo de la competencia penitenciaria, por parte de la Administraci\u00f3n vasca, consideramos tiempo suficiente para poder realizar una valoraci\u00f3n, basada en datos, sobre lo que ha supuesto [&hellip;]","og_url":"https:\/\/sare.eus\/es\/dos-anos-de-desarrollo-de-la-competencia-penitenciaria-por-parte-de-la-administracion-vasca-valoracion-de-sare\/","og_site_name":"Sare Herritarra","article_published_time":"2023-10-09T08:55:30+00:00","article_modified_time":"2023-10-09T09:00:07+00:00","og_image":[{"width":2560,"height":1920,"url":"https:\/\/sare.eus\/wp-content\/uploads\/2023\/05\/OHARRAK-NOTA-WEBGUNEAN-JARTZEKO_02-scaled.jpg","type":"image\/jpeg"}],"author":"sare","twitter_card":"summary_large_image","twitter_misc":{"Escrito por":"sare","Tiempo de lectura":"6 minutos"},"schema":{"@context":"https:\/\/schema.org","@graph":[{"@type":"Article","@id":"https:\/\/sare.eus\/es\/dos-anos-de-desarrollo-de-la-competencia-penitenciaria-por-parte-de-la-administracion-vasca-valoracion-de-sare\/#article","isPartOf":{"@id":"https:\/\/sare.eus\/es\/dos-anos-de-desarrollo-de-la-competencia-penitenciaria-por-parte-de-la-administracion-vasca-valoracion-de-sare\/"},"author":{"name":"sare","@id":"https:\/\/sare.eus\/#\/schema\/person\/2fe6d0df294f56313d3ab236dbe38e17"},"headline":"Dos a\u00f1os de desarrollo de la competencia penitenciaria, por parte de la Administraci\u00f3n vasca, valoraci\u00f3n de SARE","datePublished":"2023-10-09T08:55:30+00:00","dateModified":"2023-10-09T09:00:07+00:00","mainEntityOfPage":{"@id":"https:\/\/sare.eus\/es\/dos-anos-de-desarrollo-de-la-competencia-penitenciaria-por-parte-de-la-administracion-vasca-valoracion-de-sare\/"},"wordCount":1286,"publisher":{"@id":"https:\/\/sare.eus\/#organization"},"image":{"@id":"https:\/\/sare.eus\/es\/dos-anos-de-desarrollo-de-la-competencia-penitenciaria-por-parte-de-la-administracion-vasca-valoracion-de-sare\/#primaryimage"},"thumbnailUrl":"https:\/\/sare.eus\/wp-content\/uploads\/2023\/05\/OHARRAK-NOTA-WEBGUNEAN-JARTZEKO_02-scaled.jpg","articleSection":["Leyes de Excepci\u00f3n"],"inLanguage":"es"},{"@type":"WebPage","@id":"https:\/\/sare.eus\/es\/dos-anos-de-desarrollo-de-la-competencia-penitenciaria-por-parte-de-la-administracion-vasca-valoracion-de-sare\/","url":"https:\/\/sare.eus\/es\/dos-anos-de-desarrollo-de-la-competencia-penitenciaria-por-parte-de-la-administracion-vasca-valoracion-de-sare\/","name":"Dos a\u00f1os de desarrollo de la competencia penitenciaria, por parte de la Administraci\u00f3n vasca, valoraci\u00f3n de SARE - Sare Herritarra","isPartOf":{"@id":"https:\/\/sare.eus\/#website"},"primaryImageOfPage":{"@id":"https:\/\/sare.eus\/es\/dos-anos-de-desarrollo-de-la-competencia-penitenciaria-por-parte-de-la-administracion-vasca-valoracion-de-sare\/#primaryimage"},"image":{"@id":"https:\/\/sare.eus\/es\/dos-anos-de-desarrollo-de-la-competencia-penitenciaria-por-parte-de-la-administracion-vasca-valoracion-de-sare\/#primaryimage"},"thumbnailUrl":"https:\/\/sare.eus\/wp-content\/uploads\/2023\/05\/OHARRAK-NOTA-WEBGUNEAN-JARTZEKO_02-scaled.jpg","datePublished":"2023-10-09T08:55:30+00:00","dateModified":"2023-10-09T09:00:07+00:00","breadcrumb":{"@id":"https:\/\/sare.eus\/es\/dos-anos-de-desarrollo-de-la-competencia-penitenciaria-por-parte-de-la-administracion-vasca-valoracion-de-sare\/#breadcrumb"},"inLanguage":"es","potentialAction":[{"@type":"ReadAction","target":["https:\/\/sare.eus\/es\/dos-anos-de-desarrollo-de-la-competencia-penitenciaria-por-parte-de-la-administracion-vasca-valoracion-de-sare\/"]}]},{"@type":"ImageObject","inLanguage":"es","@id":"https:\/\/sare.eus\/es\/dos-anos-de-desarrollo-de-la-competencia-penitenciaria-por-parte-de-la-administracion-vasca-valoracion-de-sare\/#primaryimage","url":"https:\/\/sare.eus\/wp-content\/uploads\/2023\/05\/OHARRAK-NOTA-WEBGUNEAN-JARTZEKO_02-scaled.jpg","contentUrl":"https:\/\/sare.eus\/wp-content\/uploads\/2023\/05\/OHARRAK-NOTA-WEBGUNEAN-JARTZEKO_02-scaled.jpg","width":2560,"height":1920},{"@type":"BreadcrumbList","@id":"https:\/\/sare.eus\/es\/dos-anos-de-desarrollo-de-la-competencia-penitenciaria-por-parte-de-la-administracion-vasca-valoracion-de-sare\/#breadcrumb","itemListElement":[{"@type":"ListItem","position":1,"name":"Home","item":"https:\/\/sare.eus\/"},{"@type":"ListItem","position":2,"name":"Dos a\u00f1os de desarrollo de la competencia penitenciaria, por parte de la Administraci\u00f3n vasca, valoraci\u00f3n de SARE"}]},{"@type":"WebSite","@id":"https:\/\/sare.eus\/#website","url":"https:\/\/sare.eus\/","name":"Sare Herritarra","description":"KONPONBIDEAREN ETA GIZA ESKUBIDEEN ALDEKO SARE HERRITARRA","publisher":{"@id":"https:\/\/sare.eus\/#organization"},"potentialAction":[{"@type":"SearchAction","target":{"@type":"EntryPoint","urlTemplate":"https:\/\/sare.eus\/?s={search_term_string}"},"query-input":{"@type":"PropertyValueSpecification","valueRequired":true,"valueName":"search_term_string"}}],"inLanguage":"es"},{"@type":"Organization","@id":"https:\/\/sare.eus\/#organization","name":"Sare Herritarra","url":"https:\/\/sare.eus\/","logo":{"@type":"ImageObject","inLanguage":"es","@id":"https:\/\/sare.eus\/#\/schema\/logo\/image\/","url":"https:\/\/sare.eus\/wp-content\/uploads\/2021\/08\/sare.png","contentUrl":"https:\/\/sare.eus\/wp-content\/uploads\/2021\/08\/sare.png","width":120,"height":142,"caption":"Sare Herritarra"},"image":{"@id":"https:\/\/sare.eus\/#\/schema\/logo\/image\/"}},{"@type":"Person","@id":"https:\/\/sare.eus\/#\/schema\/person\/2fe6d0df294f56313d3ab236dbe38e17","name":"sare","image":{"@type":"ImageObject","inLanguage":"es","@id":"https:\/\/sare.eus\/#\/schema\/person\/image\/","url":"https:\/\/secure.gravatar.com\/avatar\/77cad838677ceb1977e7b3c878b55eaa7fa4aae2158983063b047c3ad7ef2c25?s=96&d=mm&r=g","contentUrl":"https:\/\/secure.gravatar.com\/avatar\/77cad838677ceb1977e7b3c878b55eaa7fa4aae2158983063b047c3ad7ef2c25?s=96&d=mm&r=g","caption":"sare"},"url":"https:\/\/sare.eus\/es\/author\/sare\/"}]}},"_links":{"self":[{"href":"https:\/\/sare.eus\/es\/wp-json\/wp\/v2\/posts\/5528","targetHints":{"allow":["GET"]}}],"collection":[{"href":"https:\/\/sare.eus\/es\/wp-json\/wp\/v2\/posts"}],"about":[{"href":"https:\/\/sare.eus\/es\/wp-json\/wp\/v2\/types\/post"}],"author":[{"embeddable":true,"href":"https:\/\/sare.eus\/es\/wp-json\/wp\/v2\/users\/2"}],"replies":[{"embeddable":true,"href":"https:\/\/sare.eus\/es\/wp-json\/wp\/v2\/comments?post=5528"}],"version-history":[{"count":3,"href":"https:\/\/sare.eus\/es\/wp-json\/wp\/v2\/posts\/5528\/revisions"}],"predecessor-version":[{"id":5531,"href":"https:\/\/sare.eus\/es\/wp-json\/wp\/v2\/posts\/5528\/revisions\/5531"}],"wp:featuredmedia":[{"embeddable":true,"href":"https:\/\/sare.eus\/es\/wp-json\/wp\/v2\/media\/5210"}],"wp:attachment":[{"href":"https:\/\/sare.eus\/es\/wp-json\/wp\/v2\/media?parent=5528"}],"wp:term":[{"taxonomy":"category","embeddable":true,"href":"https:\/\/sare.eus\/es\/wp-json\/wp\/v2\/categories?post=5528"},{"taxonomy":"post_tag","embeddable":true,"href":"https:\/\/sare.eus\/es\/wp-json\/wp\/v2\/tags?post=5528"}],"curies":[{"name":"wp","href":"https:\/\/api.w.org\/{rel}","templated":true}]}}