{"id":5521,"date":"2023-10-02T09:43:39","date_gmt":"2023-10-02T09:43:39","guid":{"rendered":"https:\/\/sare.eus\/azken-ostirala-2023ko-iraila\/"},"modified":"2023-10-02T10:09:57","modified_gmt":"2023-10-02T10:09:57","slug":"azken-ostirala-ultimo-viernes-de-setiembre","status":"publish","type":"post","link":"https:\/\/sare.eus\/es\/azken-ostirala-ultimo-viernes-de-setiembre\/","title":{"rendered":"Azken ostirala. \u00daltimo viernes de setiembre"},"content":{"rendered":"<p>Acaba el verano y, con \u00e9l, la din\u00e1mica de movilizaciones con las que una parte importante de la sociedad vasca ha mostrado en la calle su voluntad de que vuelvan a casa los presos y refugiados, como consecuencia de la desactivaci\u00f3n de la excepcionalidad de la pol\u00edtica penitenciaria que les siguen aplicando.<\/p>\n<p>Con el comienzo del nuevo curso pol\u00edtico queremos reiterar que no pedimos privilegios de ning\u00fan tipo, sino simplemente la aplicaci\u00f3n de la ley ordinaria dejando sin efecto leyes y aplicaciones de excepci\u00f3n. Desde hace ya tiempo resulta inexplicable el cruel castigo a\u00f1adido que se les aplica, impidi\u00e9ndoles salir de prisi\u00f3n, 12 a\u00f1os despu\u00e9s del cese de la actividad de ETA y tras m\u00e1s de 5 a\u00f1os desde su desaparici\u00f3n. Las presas y presos vascos han cumplido ya m\u00e1s de 20 a\u00f1os de media en prisi\u00f3n y algunos de ellos han superado los 30 a\u00f1os de reclusi\u00f3n.<\/p>\n<p>La actitud de la Audiencia Nacional espa\u00f1ola y la fiscal\u00eda muestra de manera muy clara el atrincheramiento que mantienen en un contexto de venganza y odio. \u00bfC\u00f3mo se puede entender, si no, la sentencia dictada contra los j\u00f3venes Aitor Zelaia y Galder Barbado? Es, sin duda, una sentencia construida sobre la l\u00f3gica ya pasada, un pasado que esta sociedad no quiere sino superar.<\/p>\n<p>Es tiempo, no nos cansamos de proclamarlo, de abrir las puertas al futuro y a la convivencia. La mayor\u00eda pol\u00edtica, social y sindical viene manifestando de forma clara que el cap\u00edtulo referido a presas y presos, refugiados y deportados requiere una soluci\u00f3n. Sin embargo, sectores de la pol\u00edtica, la justicia y de los medios de comunicaci\u00f3n contin\u00faan queriendo convencer de que \u00abaqu\u00ed no ha cambiado nada\u00bb. Nada tienen que ver esas posturas con una pol\u00edtica penitenciaria humanista, ni con las recomendaciones oficiales de reducci\u00f3n del tiempo de prisi\u00f3n y la resocializaci\u00f3n en el \u00e1mbito comunitario.<\/p>\n<p>Se han cumplido este mes 22 a\u00f1os de la muerte en accidente de tr\u00e1fico de I\u00f1aki Saez y Asier Heriz, en el contexto de la dispersi\u00f3n. Ni en el caso de I\u00f1aki y Asier, ni en el resto de las otras 14 muertes de familiares y allegados de presos en siniestros producidos por efecto del alejamiento que se ha mantenido durante m\u00e1s de tres d\u00e9cadas, se ha producido reconocimiento oficial ni reparaci\u00f3n alguna.<\/p>\n<p>Debemos seguir explicando de forma clara cu\u00e1les son nuestros objetivos. Etxera! S\u00ed, a casa. Es la propia sociedad vasca, ciudadan\u00eda, partidos, agentes sociales y sindicatos quienes deben tener la llave que cierre la excepcionalidad y la arbitrariedad. Todas y cada una de nosotras tenemos en nuestra mano contribuir a que esto cambie.<\/p>\n<p><strong>Denak etxean izan arte!<\/strong><br \/>\n<strong>Etxera!<\/strong><\/p>\n<p>&nbsp;<\/p>\n<p>&nbsp;<\/p>\n","protected":false},"excerpt":{"rendered":"<p>Acaba el verano y, con \u00e9l, la din\u00e1mica de movilizaciones con las que una parte importante de la sociedad vasca ha mostrado en la calle su voluntad de que vuelvan [&hellip;]<\/p>\n","protected":false},"author":2,"featured_media":5520,"comment_status":"closed","ping_status":"closed","sticky":false,"template":"","format":"standard","meta":{"_acf_changed":false,"_et_pb_use_builder":"","_et_pb_old_content":"","_et_gb_content_width":"","footnotes":""},"categories":[60],"tags":[],"class_list":["post-5521","post","type-post","status-publish","format-standard","has-post-thumbnail","hentry","category-etxera-es","et-has-post-format-content","et_post_format-et-post-format-standard"],"acf":[],"yoast_head":"<!-- This site is optimized with the Yoast SEO plugin v26.4 - https:\/\/yoast.com\/wordpress\/plugins\/seo\/ -->\n<title>Azken ostirala. \u00daltimo viernes de setiembre - Sare Herritarra<\/title>\n<meta name=\"robots\" content=\"index, follow, max-snippet:-1, max-image-preview:large, max-video-preview:-1\" \/>\n<link rel=\"canonical\" href=\"https:\/\/sare.eus\/es\/azken-ostirala-ultimo-viernes-de-setiembre\/\" \/>\n<meta property=\"og:locale\" content=\"es_ES\" \/>\n<meta property=\"og:type\" content=\"article\" \/>\n<meta property=\"og:title\" content=\"Azken ostirala. \u00daltimo viernes de setiembre - Sare Herritarra\" \/>\n<meta property=\"og:description\" content=\"Acaba el verano y, con \u00e9l, la din\u00e1mica de movilizaciones con las que una parte importante de la sociedad vasca ha mostrado en la calle su voluntad de que vuelvan [&hellip;]\" \/>\n<meta property=\"og:url\" content=\"https:\/\/sare.eus\/es\/azken-ostirala-ultimo-viernes-de-setiembre\/\" \/>\n<meta property=\"og:site_name\" content=\"Sare Herritarra\" \/>\n<meta property=\"article:published_time\" content=\"2023-10-02T09:43:39+00:00\" \/>\n<meta property=\"article:modified_time\" content=\"2023-10-02T10:09:57+00:00\" \/>\n<meta property=\"og:image\" content=\"https:\/\/sare.eus\/wp-content\/uploads\/2023\/10\/azken-ostiral-iraila-e1696241156626.jpg\" \/>\n\t<meta property=\"og:image:width\" content=\"1633\" \/>\n\t<meta property=\"og:image:height\" content=\"1054\" \/>\n\t<meta property=\"og:image:type\" content=\"image\/jpeg\" \/>\n<meta name=\"author\" content=\"sare\" \/>\n<meta name=\"twitter:card\" content=\"summary_large_image\" \/>\n<meta name=\"twitter:label1\" content=\"Escrito por\" \/>\n\t<meta name=\"twitter:data1\" content=\"sare\" \/>\n\t<meta name=\"twitter:label2\" content=\"Tiempo de lectura\" \/>\n\t<meta name=\"twitter:data2\" content=\"2 minutos\" \/>\n<script type=\"application\/ld+json\" class=\"yoast-schema-graph\">{\"@context\":\"https:\/\/schema.org\",\"@graph\":[{\"@type\":\"Article\",\"@id\":\"https:\/\/sare.eus\/es\/azken-ostirala-ultimo-viernes-de-setiembre\/#article\",\"isPartOf\":{\"@id\":\"https:\/\/sare.eus\/es\/azken-ostirala-ultimo-viernes-de-setiembre\/\"},\"author\":{\"name\":\"sare\",\"@id\":\"https:\/\/sare.eus\/#\/schema\/person\/2fe6d0df294f56313d3ab236dbe38e17\"},\"headline\":\"Azken ostirala. \u00daltimo viernes de setiembre\",\"datePublished\":\"2023-10-02T09:43:39+00:00\",\"dateModified\":\"2023-10-02T10:09:57+00:00\",\"mainEntityOfPage\":{\"@id\":\"https:\/\/sare.eus\/es\/azken-ostirala-ultimo-viernes-de-setiembre\/\"},\"wordCount\":484,\"publisher\":{\"@id\":\"https:\/\/sare.eus\/#organization\"},\"image\":{\"@id\":\"https:\/\/sare.eus\/es\/azken-ostirala-ultimo-viernes-de-setiembre\/#primaryimage\"},\"thumbnailUrl\":\"https:\/\/sare.eus\/wp-content\/uploads\/2023\/10\/azken-ostiral-iraila-e1696241156626.jpg\",\"articleSection\":[\"Etxera\"],\"inLanguage\":\"es\"},{\"@type\":\"WebPage\",\"@id\":\"https:\/\/sare.eus\/es\/azken-ostirala-ultimo-viernes-de-setiembre\/\",\"url\":\"https:\/\/sare.eus\/es\/azken-ostirala-ultimo-viernes-de-setiembre\/\",\"name\":\"Azken ostirala. \u00daltimo viernes de setiembre - Sare Herritarra\",\"isPartOf\":{\"@id\":\"https:\/\/sare.eus\/#website\"},\"primaryImageOfPage\":{\"@id\":\"https:\/\/sare.eus\/es\/azken-ostirala-ultimo-viernes-de-setiembre\/#primaryimage\"},\"image\":{\"@id\":\"https:\/\/sare.eus\/es\/azken-ostirala-ultimo-viernes-de-setiembre\/#primaryimage\"},\"thumbnailUrl\":\"https:\/\/sare.eus\/wp-content\/uploads\/2023\/10\/azken-ostiral-iraila-e1696241156626.jpg\",\"datePublished\":\"2023-10-02T09:43:39+00:00\",\"dateModified\":\"2023-10-02T10:09:57+00:00\",\"breadcrumb\":{\"@id\":\"https:\/\/sare.eus\/es\/azken-ostirala-ultimo-viernes-de-setiembre\/#breadcrumb\"},\"inLanguage\":\"es\",\"potentialAction\":[{\"@type\":\"ReadAction\",\"target\":[\"https:\/\/sare.eus\/es\/azken-ostirala-ultimo-viernes-de-setiembre\/\"]}]},{\"@type\":\"ImageObject\",\"inLanguage\":\"es\",\"@id\":\"https:\/\/sare.eus\/es\/azken-ostirala-ultimo-viernes-de-setiembre\/#primaryimage\",\"url\":\"https:\/\/sare.eus\/wp-content\/uploads\/2023\/10\/azken-ostiral-iraila-e1696241156626.jpg\",\"contentUrl\":\"https:\/\/sare.eus\/wp-content\/uploads\/2023\/10\/azken-ostiral-iraila-e1696241156626.jpg\",\"width\":1633,\"height\":1054},{\"@type\":\"BreadcrumbList\",\"@id\":\"https:\/\/sare.eus\/es\/azken-ostirala-ultimo-viernes-de-setiembre\/#breadcrumb\",\"itemListElement\":[{\"@type\":\"ListItem\",\"position\":1,\"name\":\"Home\",\"item\":\"https:\/\/sare.eus\/\"},{\"@type\":\"ListItem\",\"position\":2,\"name\":\"Azken ostirala. \u00daltimo viernes de setiembre\"}]},{\"@type\":\"WebSite\",\"@id\":\"https:\/\/sare.eus\/#website\",\"url\":\"https:\/\/sare.eus\/\",\"name\":\"Sare Herritarra\",\"description\":\"KONPONBIDEAREN ETA GIZA ESKUBIDEEN ALDEKO SARE HERRITARRA\",\"publisher\":{\"@id\":\"https:\/\/sare.eus\/#organization\"},\"potentialAction\":[{\"@type\":\"SearchAction\",\"target\":{\"@type\":\"EntryPoint\",\"urlTemplate\":\"https:\/\/sare.eus\/?s={search_term_string}\"},\"query-input\":{\"@type\":\"PropertyValueSpecification\",\"valueRequired\":true,\"valueName\":\"search_term_string\"}}],\"inLanguage\":\"es\"},{\"@type\":\"Organization\",\"@id\":\"https:\/\/sare.eus\/#organization\",\"name\":\"Sare Herritarra\",\"url\":\"https:\/\/sare.eus\/\",\"logo\":{\"@type\":\"ImageObject\",\"inLanguage\":\"es\",\"@id\":\"https:\/\/sare.eus\/#\/schema\/logo\/image\/\",\"url\":\"https:\/\/sare.eus\/wp-content\/uploads\/2021\/08\/sare.png\",\"contentUrl\":\"https:\/\/sare.eus\/wp-content\/uploads\/2021\/08\/sare.png\",\"width\":120,\"height\":142,\"caption\":\"Sare Herritarra\"},\"image\":{\"@id\":\"https:\/\/sare.eus\/#\/schema\/logo\/image\/\"}},{\"@type\":\"Person\",\"@id\":\"https:\/\/sare.eus\/#\/schema\/person\/2fe6d0df294f56313d3ab236dbe38e17\",\"name\":\"sare\",\"image\":{\"@type\":\"ImageObject\",\"inLanguage\":\"es\",\"@id\":\"https:\/\/sare.eus\/#\/schema\/person\/image\/\",\"url\":\"https:\/\/secure.gravatar.com\/avatar\/77cad838677ceb1977e7b3c878b55eaa7fa4aae2158983063b047c3ad7ef2c25?s=96&d=mm&r=g\",\"contentUrl\":\"https:\/\/secure.gravatar.com\/avatar\/77cad838677ceb1977e7b3c878b55eaa7fa4aae2158983063b047c3ad7ef2c25?s=96&d=mm&r=g\",\"caption\":\"sare\"},\"url\":\"https:\/\/sare.eus\/es\/author\/sare\/\"}]}<\/script>\n<!-- \/ Yoast SEO plugin. -->","yoast_head_json":{"title":"Azken ostirala. \u00daltimo viernes de setiembre - Sare Herritarra","robots":{"index":"index","follow":"follow","max-snippet":"max-snippet:-1","max-image-preview":"max-image-preview:large","max-video-preview":"max-video-preview:-1"},"canonical":"https:\/\/sare.eus\/es\/azken-ostirala-ultimo-viernes-de-setiembre\/","og_locale":"es_ES","og_type":"article","og_title":"Azken ostirala. \u00daltimo viernes de setiembre - Sare Herritarra","og_description":"Acaba el verano y, con \u00e9l, la din\u00e1mica de movilizaciones con las que una parte importante de la sociedad vasca ha mostrado en la calle su voluntad de que vuelvan [&hellip;]","og_url":"https:\/\/sare.eus\/es\/azken-ostirala-ultimo-viernes-de-setiembre\/","og_site_name":"Sare Herritarra","article_published_time":"2023-10-02T09:43:39+00:00","article_modified_time":"2023-10-02T10:09:57+00:00","og_image":[{"width":1633,"height":1054,"url":"https:\/\/sare.eus\/wp-content\/uploads\/2023\/10\/azken-ostiral-iraila-e1696241156626.jpg","type":"image\/jpeg"}],"author":"sare","twitter_card":"summary_large_image","twitter_misc":{"Escrito por":"sare","Tiempo de lectura":"2 minutos"},"schema":{"@context":"https:\/\/schema.org","@graph":[{"@type":"Article","@id":"https:\/\/sare.eus\/es\/azken-ostirala-ultimo-viernes-de-setiembre\/#article","isPartOf":{"@id":"https:\/\/sare.eus\/es\/azken-ostirala-ultimo-viernes-de-setiembre\/"},"author":{"name":"sare","@id":"https:\/\/sare.eus\/#\/schema\/person\/2fe6d0df294f56313d3ab236dbe38e17"},"headline":"Azken ostirala. \u00daltimo viernes de setiembre","datePublished":"2023-10-02T09:43:39+00:00","dateModified":"2023-10-02T10:09:57+00:00","mainEntityOfPage":{"@id":"https:\/\/sare.eus\/es\/azken-ostirala-ultimo-viernes-de-setiembre\/"},"wordCount":484,"publisher":{"@id":"https:\/\/sare.eus\/#organization"},"image":{"@id":"https:\/\/sare.eus\/es\/azken-ostirala-ultimo-viernes-de-setiembre\/#primaryimage"},"thumbnailUrl":"https:\/\/sare.eus\/wp-content\/uploads\/2023\/10\/azken-ostiral-iraila-e1696241156626.jpg","articleSection":["Etxera"],"inLanguage":"es"},{"@type":"WebPage","@id":"https:\/\/sare.eus\/es\/azken-ostirala-ultimo-viernes-de-setiembre\/","url":"https:\/\/sare.eus\/es\/azken-ostirala-ultimo-viernes-de-setiembre\/","name":"Azken ostirala. \u00daltimo viernes de setiembre - Sare Herritarra","isPartOf":{"@id":"https:\/\/sare.eus\/#website"},"primaryImageOfPage":{"@id":"https:\/\/sare.eus\/es\/azken-ostirala-ultimo-viernes-de-setiembre\/#primaryimage"},"image":{"@id":"https:\/\/sare.eus\/es\/azken-ostirala-ultimo-viernes-de-setiembre\/#primaryimage"},"thumbnailUrl":"https:\/\/sare.eus\/wp-content\/uploads\/2023\/10\/azken-ostiral-iraila-e1696241156626.jpg","datePublished":"2023-10-02T09:43:39+00:00","dateModified":"2023-10-02T10:09:57+00:00","breadcrumb":{"@id":"https:\/\/sare.eus\/es\/azken-ostirala-ultimo-viernes-de-setiembre\/#breadcrumb"},"inLanguage":"es","potentialAction":[{"@type":"ReadAction","target":["https:\/\/sare.eus\/es\/azken-ostirala-ultimo-viernes-de-setiembre\/"]}]},{"@type":"ImageObject","inLanguage":"es","@id":"https:\/\/sare.eus\/es\/azken-ostirala-ultimo-viernes-de-setiembre\/#primaryimage","url":"https:\/\/sare.eus\/wp-content\/uploads\/2023\/10\/azken-ostiral-iraila-e1696241156626.jpg","contentUrl":"https:\/\/sare.eus\/wp-content\/uploads\/2023\/10\/azken-ostiral-iraila-e1696241156626.jpg","width":1633,"height":1054},{"@type":"BreadcrumbList","@id":"https:\/\/sare.eus\/es\/azken-ostirala-ultimo-viernes-de-setiembre\/#breadcrumb","itemListElement":[{"@type":"ListItem","position":1,"name":"Home","item":"https:\/\/sare.eus\/"},{"@type":"ListItem","position":2,"name":"Azken ostirala. \u00daltimo viernes de setiembre"}]},{"@type":"WebSite","@id":"https:\/\/sare.eus\/#website","url":"https:\/\/sare.eus\/","name":"Sare Herritarra","description":"KONPONBIDEAREN ETA GIZA ESKUBIDEEN ALDEKO SARE HERRITARRA","publisher":{"@id":"https:\/\/sare.eus\/#organization"},"potentialAction":[{"@type":"SearchAction","target":{"@type":"EntryPoint","urlTemplate":"https:\/\/sare.eus\/?s={search_term_string}"},"query-input":{"@type":"PropertyValueSpecification","valueRequired":true,"valueName":"search_term_string"}}],"inLanguage":"es"},{"@type":"Organization","@id":"https:\/\/sare.eus\/#organization","name":"Sare Herritarra","url":"https:\/\/sare.eus\/","logo":{"@type":"ImageObject","inLanguage":"es","@id":"https:\/\/sare.eus\/#\/schema\/logo\/image\/","url":"https:\/\/sare.eus\/wp-content\/uploads\/2021\/08\/sare.png","contentUrl":"https:\/\/sare.eus\/wp-content\/uploads\/2021\/08\/sare.png","width":120,"height":142,"caption":"Sare Herritarra"},"image":{"@id":"https:\/\/sare.eus\/#\/schema\/logo\/image\/"}},{"@type":"Person","@id":"https:\/\/sare.eus\/#\/schema\/person\/2fe6d0df294f56313d3ab236dbe38e17","name":"sare","image":{"@type":"ImageObject","inLanguage":"es","@id":"https:\/\/sare.eus\/#\/schema\/person\/image\/","url":"https:\/\/secure.gravatar.com\/avatar\/77cad838677ceb1977e7b3c878b55eaa7fa4aae2158983063b047c3ad7ef2c25?s=96&d=mm&r=g","contentUrl":"https:\/\/secure.gravatar.com\/avatar\/77cad838677ceb1977e7b3c878b55eaa7fa4aae2158983063b047c3ad7ef2c25?s=96&d=mm&r=g","caption":"sare"},"url":"https:\/\/sare.eus\/es\/author\/sare\/"}]}},"_links":{"self":[{"href":"https:\/\/sare.eus\/es\/wp-json\/wp\/v2\/posts\/5521","targetHints":{"allow":["GET"]}}],"collection":[{"href":"https:\/\/sare.eus\/es\/wp-json\/wp\/v2\/posts"}],"about":[{"href":"https:\/\/sare.eus\/es\/wp-json\/wp\/v2\/types\/post"}],"author":[{"embeddable":true,"href":"https:\/\/sare.eus\/es\/wp-json\/wp\/v2\/users\/2"}],"replies":[{"embeddable":true,"href":"https:\/\/sare.eus\/es\/wp-json\/wp\/v2\/comments?post=5521"}],"version-history":[{"count":2,"href":"https:\/\/sare.eus\/es\/wp-json\/wp\/v2\/posts\/5521\/revisions"}],"predecessor-version":[{"id":5523,"href":"https:\/\/sare.eus\/es\/wp-json\/wp\/v2\/posts\/5521\/revisions\/5523"}],"wp:featuredmedia":[{"embeddable":true,"href":"https:\/\/sare.eus\/es\/wp-json\/wp\/v2\/media\/5520"}],"wp:attachment":[{"href":"https:\/\/sare.eus\/es\/wp-json\/wp\/v2\/media?parent=5521"}],"wp:term":[{"taxonomy":"category","embeddable":true,"href":"https:\/\/sare.eus\/es\/wp-json\/wp\/v2\/categories?post=5521"},{"taxonomy":"post_tag","embeddable":true,"href":"https:\/\/sare.eus\/es\/wp-json\/wp\/v2\/tags?post=5521"}],"curies":[{"name":"wp","href":"https:\/\/api.w.org\/{rel}","templated":true}]}}