{"id":5493,"date":"2023-09-24T16:30:51","date_gmt":"2023-09-24T16:30:51","guid":{"rendered":"https:\/\/sare.eus\/?p=5493"},"modified":"2023-09-24T16:30:51","modified_gmt":"2023-09-24T16:30:51","slug":"salbuespen-politikaren-aurkako-aldarrikapena-ikusarazi-du-sarek-san-fermin-txikin","status":"publish","type":"post","link":"https:\/\/sare.eus\/es\/salbuespen-politikaren-aurkako-aldarrikapena-ikusarazi-du-sarek-san-fermin-txikin\/","title":{"rendered":"Salbuespen politikaren aurkako aldarrikapena ikusarazi du Sarek San Fermin Txikin"},"content":{"rendered":"<p>Festa bai, baina aldarrikapena ere bai. Berriro ere kalera atera gara gaur, berriro ere etxera aldarrikapena Iru\u00f1eko bihotzera ekarri dugu. Ekainean esan genuen, urrunketaren amaierak ez duela berarekin ekarri euskal presoen eskubide urraketen amaiera.<\/p>\n<p>Izan ere, etxeratze prozesua oztopatzeko oraindik orain mantentzen den salbuespenezko politika baten aurrean gaude. Audientzia Nazionalaren eta fiskaltzaren jarrerek argi adierazten dute mendekuan eta gorrotoan gotorturik jarraitzeko hautua egin dutela, noiz eta herri honetan etorkizunari eta elkarbizitzari ateak irekitzeko aukera paregabea dugunean, noiz eta pixkanaka akordioak eta urratsak ematen ari garenean, noiz eta herri honetan gehiengo politiko, sindikal eta sozialak argi eta garbi esan duenean konponbide bat behar duela preso, iheslari eta deportatuen auziak.<\/p>\n<p>Askotan esan dugu ez dugula inongo pribilegiorik eskatzen. Salbuespena indargabetu eta lege arrunta aplikatuz, euskal preso guztiak etxera bidean jartzeko unea da.<\/p>\n<p><iframe loading=\"lazy\" width=\"560\" height=\"315\" src=\"https:\/\/www.youtube.com\/embed\/KWVlvt7ALeQ?si=CJnkxR7PwD5I7Fdq\" title=\"YouTube video player\" frameborder=\"0\" allow=\"accelerometer; autoplay; clipboard-write; encrypted-media; gyroscope; picture-in-picture; web-share\" allowfullscreen><\/iframe><\/p>\n<p><em>En los \u00faltimos meses hemos intentado trasladar con claridad a la sociedad vasca y tambi\u00e9n espa\u00f1ola, cu\u00e1les eran y son nuestros objetivos. Etxera. Bai etxera. No hemos hecho el recorrido de poner fin al alejamiento, para que contin\u00faen en las c\u00e1rceles, aunque estas sean las ubicadas en Euskal Herria.<\/em><\/p>\n<p><em>Doce a\u00f1os despu\u00e9s del fin, en la pr\u00e1ctica, de la actividad de ETA y m\u00e1s de cinco desde su disoluci\u00f3n, sectores de la pol\u00edtica, la justicia y de los medios de comunicaci\u00f3n, contin\u00faan queriendo convencer de que \u00abaqu\u00ed no ha cambiado nada\u00bb.<\/em><\/p>\n<p><em>Y creemos que es la propia sociedad vasca, sus partidos pol\u00edticos, sindicatos, organizaciones sociales y la ciudadan\u00eda quien debe de tener la llave, para poner fin a tanta arbitrariedad. Porque cada una de nosotras y nosotros, tiene en sus manos cambiar las cosas. Y por supuesto con la activaci\u00f3n y la movilizaci\u00f3n, podemos y debemos empujar en la buena direcci\u00f3n para que se den estos cambios, absolutamente necesarios para poder reconstruir tantos puentes rotos, fruto de la confrontaci\u00f3n y las violencias ejercidas en nuestro pueblo.<\/em><\/p>\n<p>Horregatik gaur Iru\u00f1eko Udaletxe Plaza honetatik gure aldarrikapenean berresten gara. Zabal dezagun lau haizetara euskal preso, iheslari eta deportatuen etxeratzearen aldeko aldarria. Jarrai dezagun etxerako bidean urratsak ematen. Denak etxean izan arte! Etxera, etxera eta etxera!<\/p>\n","protected":false},"excerpt":{"rendered":"<p>Festa bai, baina aldarrikapena ere bai. Berriro ere kalera atera gara gaur, berriro ere etxera aldarrikapena Iru\u00f1eko bihotzera ekarri dugu. Ekainean esan genuen, urrunketaren amaierak ez duela berarekin ekarri euskal [&hellip;]<\/p>\n","protected":false},"author":2,"featured_media":5494,"comment_status":"closed","ping_status":"closed","sticky":false,"template":"","format":"standard","meta":{"_acf_changed":false,"_et_pb_use_builder":"","_et_pb_old_content":"","_et_gb_content_width":"","footnotes":""},"categories":[18],"tags":[],"class_list":["post-5493","post","type-post","status-publish","format-standard","has-post-thumbnail","hentry","category-salbuespen-legedia","et-has-post-format-content","et_post_format-et-post-format-standard"],"acf":[],"yoast_head":"<!-- This site is optimized with the Yoast SEO plugin v26.4 - https:\/\/yoast.com\/wordpress\/plugins\/seo\/ -->\n<title>Salbuespen politikaren aurkako aldarrikapena ikusarazi du Sarek San Fermin Txikin - Sare Herritarra<\/title>\n<meta name=\"robots\" content=\"index, follow, max-snippet:-1, max-image-preview:large, max-video-preview:-1\" \/>\n<link rel=\"canonical\" href=\"https:\/\/sare.eus\/salbuespen-politikaren-aurkako-aldarrikapena-ikusarazi-du-sarek-san-fermin-txikin\/\" \/>\n<meta property=\"og:locale\" content=\"es_ES\" \/>\n<meta property=\"og:type\" content=\"article\" \/>\n<meta property=\"og:title\" content=\"Salbuespen politikaren aurkako aldarrikapena ikusarazi du Sarek San Fermin Txikin - Sare Herritarra\" \/>\n<meta property=\"og:description\" content=\"Festa bai, baina aldarrikapena ere bai. Berriro ere kalera atera gara gaur, berriro ere etxera aldarrikapena Iru\u00f1eko bihotzera ekarri dugu. Ekainean esan genuen, urrunketaren amaierak ez duela berarekin ekarri euskal [&hellip;]\" \/>\n<meta property=\"og:url\" content=\"https:\/\/sare.eus\/salbuespen-politikaren-aurkako-aldarrikapena-ikusarazi-du-sarek-san-fermin-txikin\/\" \/>\n<meta property=\"og:site_name\" content=\"Sare Herritarra\" \/>\n<meta property=\"article:published_time\" content=\"2023-09-24T16:30:51+00:00\" \/>\n<meta property=\"og:image\" content=\"https:\/\/sare.eus\/wp-content\/uploads\/2023\/09\/BK_6197.jpg\" \/>\n\t<meta property=\"og:image:width\" content=\"1024\" \/>\n\t<meta property=\"og:image:height\" content=\"683\" \/>\n\t<meta property=\"og:image:type\" content=\"image\/jpeg\" \/>\n<meta name=\"author\" content=\"sare\" \/>\n<meta name=\"twitter:card\" content=\"summary_large_image\" \/>\n<meta name=\"twitter:label1\" content=\"Escrito por\" \/>\n\t<meta name=\"twitter:data1\" content=\"sare\" \/>\n\t<meta name=\"twitter:label2\" content=\"Tiempo de lectura\" \/>\n\t<meta name=\"twitter:data2\" content=\"2 minutos\" \/>\n<script type=\"application\/ld+json\" class=\"yoast-schema-graph\">{\"@context\":\"https:\/\/schema.org\",\"@graph\":[{\"@type\":\"Article\",\"@id\":\"https:\/\/sare.eus\/salbuespen-politikaren-aurkako-aldarrikapena-ikusarazi-du-sarek-san-fermin-txikin\/#article\",\"isPartOf\":{\"@id\":\"https:\/\/sare.eus\/salbuespen-politikaren-aurkako-aldarrikapena-ikusarazi-du-sarek-san-fermin-txikin\/\"},\"author\":{\"name\":\"sare\",\"@id\":\"https:\/\/sare.eus\/#\/schema\/person\/2fe6d0df294f56313d3ab236dbe38e17\"},\"headline\":\"Salbuespen politikaren aurkako aldarrikapena ikusarazi du Sarek San Fermin Txikin\",\"datePublished\":\"2023-09-24T16:30:51+00:00\",\"mainEntityOfPage\":{\"@id\":\"https:\/\/sare.eus\/salbuespen-politikaren-aurkako-aldarrikapena-ikusarazi-du-sarek-san-fermin-txikin\/\"},\"wordCount\":373,\"publisher\":{\"@id\":\"https:\/\/sare.eus\/#organization\"},\"image\":{\"@id\":\"https:\/\/sare.eus\/salbuespen-politikaren-aurkako-aldarrikapena-ikusarazi-du-sarek-san-fermin-txikin\/#primaryimage\"},\"thumbnailUrl\":\"https:\/\/sare.eus\/wp-content\/uploads\/2023\/09\/BK_6197.jpg\",\"articleSection\":[\"Salbuespen Legedia\"],\"inLanguage\":\"es\"},{\"@type\":\"WebPage\",\"@id\":\"https:\/\/sare.eus\/salbuespen-politikaren-aurkako-aldarrikapena-ikusarazi-du-sarek-san-fermin-txikin\/\",\"url\":\"https:\/\/sare.eus\/salbuespen-politikaren-aurkako-aldarrikapena-ikusarazi-du-sarek-san-fermin-txikin\/\",\"name\":\"Salbuespen politikaren aurkako aldarrikapena ikusarazi du Sarek San Fermin Txikin - Sare Herritarra\",\"isPartOf\":{\"@id\":\"https:\/\/sare.eus\/#website\"},\"primaryImageOfPage\":{\"@id\":\"https:\/\/sare.eus\/salbuespen-politikaren-aurkako-aldarrikapena-ikusarazi-du-sarek-san-fermin-txikin\/#primaryimage\"},\"image\":{\"@id\":\"https:\/\/sare.eus\/salbuespen-politikaren-aurkako-aldarrikapena-ikusarazi-du-sarek-san-fermin-txikin\/#primaryimage\"},\"thumbnailUrl\":\"https:\/\/sare.eus\/wp-content\/uploads\/2023\/09\/BK_6197.jpg\",\"datePublished\":\"2023-09-24T16:30:51+00:00\",\"breadcrumb\":{\"@id\":\"https:\/\/sare.eus\/salbuespen-politikaren-aurkako-aldarrikapena-ikusarazi-du-sarek-san-fermin-txikin\/#breadcrumb\"},\"inLanguage\":\"es\",\"potentialAction\":[{\"@type\":\"ReadAction\",\"target\":[\"https:\/\/sare.eus\/salbuespen-politikaren-aurkako-aldarrikapena-ikusarazi-du-sarek-san-fermin-txikin\/\"]}]},{\"@type\":\"ImageObject\",\"inLanguage\":\"es\",\"@id\":\"https:\/\/sare.eus\/salbuespen-politikaren-aurkako-aldarrikapena-ikusarazi-du-sarek-san-fermin-txikin\/#primaryimage\",\"url\":\"https:\/\/sare.eus\/wp-content\/uploads\/2023\/09\/BK_6197.jpg\",\"contentUrl\":\"https:\/\/sare.eus\/wp-content\/uploads\/2023\/09\/BK_6197.jpg\",\"width\":1024,\"height\":683},{\"@type\":\"BreadcrumbList\",\"@id\":\"https:\/\/sare.eus\/salbuespen-politikaren-aurkako-aldarrikapena-ikusarazi-du-sarek-san-fermin-txikin\/#breadcrumb\",\"itemListElement\":[{\"@type\":\"ListItem\",\"position\":1,\"name\":\"Home\",\"item\":\"https:\/\/sare.eus\/\"},{\"@type\":\"ListItem\",\"position\":2,\"name\":\"Salbuespen politikaren aurkako aldarrikapena ikusarazi du Sarek San Fermin Txikin\"}]},{\"@type\":\"WebSite\",\"@id\":\"https:\/\/sare.eus\/#website\",\"url\":\"https:\/\/sare.eus\/\",\"name\":\"Sare Herritarra\",\"description\":\"KONPONBIDEAREN ETA GIZA ESKUBIDEEN ALDEKO SARE HERRITARRA\",\"publisher\":{\"@id\":\"https:\/\/sare.eus\/#organization\"},\"potentialAction\":[{\"@type\":\"SearchAction\",\"target\":{\"@type\":\"EntryPoint\",\"urlTemplate\":\"https:\/\/sare.eus\/?s={search_term_string}\"},\"query-input\":{\"@type\":\"PropertyValueSpecification\",\"valueRequired\":true,\"valueName\":\"search_term_string\"}}],\"inLanguage\":\"es\"},{\"@type\":\"Organization\",\"@id\":\"https:\/\/sare.eus\/#organization\",\"name\":\"Sare Herritarra\",\"url\":\"https:\/\/sare.eus\/\",\"logo\":{\"@type\":\"ImageObject\",\"inLanguage\":\"es\",\"@id\":\"https:\/\/sare.eus\/#\/schema\/logo\/image\/\",\"url\":\"https:\/\/sare.eus\/wp-content\/uploads\/2021\/08\/sare.png\",\"contentUrl\":\"https:\/\/sare.eus\/wp-content\/uploads\/2021\/08\/sare.png\",\"width\":120,\"height\":142,\"caption\":\"Sare Herritarra\"},\"image\":{\"@id\":\"https:\/\/sare.eus\/#\/schema\/logo\/image\/\"}},{\"@type\":\"Person\",\"@id\":\"https:\/\/sare.eus\/#\/schema\/person\/2fe6d0df294f56313d3ab236dbe38e17\",\"name\":\"sare\",\"image\":{\"@type\":\"ImageObject\",\"inLanguage\":\"es\",\"@id\":\"https:\/\/sare.eus\/#\/schema\/person\/image\/\",\"url\":\"https:\/\/secure.gravatar.com\/avatar\/77cad838677ceb1977e7b3c878b55eaa7fa4aae2158983063b047c3ad7ef2c25?s=96&d=mm&r=g\",\"contentUrl\":\"https:\/\/secure.gravatar.com\/avatar\/77cad838677ceb1977e7b3c878b55eaa7fa4aae2158983063b047c3ad7ef2c25?s=96&d=mm&r=g\",\"caption\":\"sare\"},\"url\":\"https:\/\/sare.eus\/es\/author\/sare\/\"}]}<\/script>\n<!-- \/ Yoast SEO plugin. -->","yoast_head_json":{"title":"Salbuespen politikaren aurkako aldarrikapena ikusarazi du Sarek San Fermin Txikin - Sare Herritarra","robots":{"index":"index","follow":"follow","max-snippet":"max-snippet:-1","max-image-preview":"max-image-preview:large","max-video-preview":"max-video-preview:-1"},"canonical":"https:\/\/sare.eus\/salbuespen-politikaren-aurkako-aldarrikapena-ikusarazi-du-sarek-san-fermin-txikin\/","og_locale":"es_ES","og_type":"article","og_title":"Salbuespen politikaren aurkako aldarrikapena ikusarazi du Sarek San Fermin Txikin - Sare Herritarra","og_description":"Festa bai, baina aldarrikapena ere bai. Berriro ere kalera atera gara gaur, berriro ere etxera aldarrikapena Iru\u00f1eko bihotzera ekarri dugu. Ekainean esan genuen, urrunketaren amaierak ez duela berarekin ekarri euskal [&hellip;]","og_url":"https:\/\/sare.eus\/salbuespen-politikaren-aurkako-aldarrikapena-ikusarazi-du-sarek-san-fermin-txikin\/","og_site_name":"Sare Herritarra","article_published_time":"2023-09-24T16:30:51+00:00","og_image":[{"width":1024,"height":683,"url":"https:\/\/sare.eus\/wp-content\/uploads\/2023\/09\/BK_6197.jpg","type":"image\/jpeg"}],"author":"sare","twitter_card":"summary_large_image","twitter_misc":{"Escrito por":"sare","Tiempo de lectura":"2 minutos"},"schema":{"@context":"https:\/\/schema.org","@graph":[{"@type":"Article","@id":"https:\/\/sare.eus\/salbuespen-politikaren-aurkako-aldarrikapena-ikusarazi-du-sarek-san-fermin-txikin\/#article","isPartOf":{"@id":"https:\/\/sare.eus\/salbuespen-politikaren-aurkako-aldarrikapena-ikusarazi-du-sarek-san-fermin-txikin\/"},"author":{"name":"sare","@id":"https:\/\/sare.eus\/#\/schema\/person\/2fe6d0df294f56313d3ab236dbe38e17"},"headline":"Salbuespen politikaren aurkako aldarrikapena ikusarazi du Sarek San Fermin Txikin","datePublished":"2023-09-24T16:30:51+00:00","mainEntityOfPage":{"@id":"https:\/\/sare.eus\/salbuespen-politikaren-aurkako-aldarrikapena-ikusarazi-du-sarek-san-fermin-txikin\/"},"wordCount":373,"publisher":{"@id":"https:\/\/sare.eus\/#organization"},"image":{"@id":"https:\/\/sare.eus\/salbuespen-politikaren-aurkako-aldarrikapena-ikusarazi-du-sarek-san-fermin-txikin\/#primaryimage"},"thumbnailUrl":"https:\/\/sare.eus\/wp-content\/uploads\/2023\/09\/BK_6197.jpg","articleSection":["Salbuespen Legedia"],"inLanguage":"es"},{"@type":"WebPage","@id":"https:\/\/sare.eus\/salbuespen-politikaren-aurkako-aldarrikapena-ikusarazi-du-sarek-san-fermin-txikin\/","url":"https:\/\/sare.eus\/salbuespen-politikaren-aurkako-aldarrikapena-ikusarazi-du-sarek-san-fermin-txikin\/","name":"Salbuespen politikaren aurkako aldarrikapena ikusarazi du Sarek San Fermin Txikin - Sare Herritarra","isPartOf":{"@id":"https:\/\/sare.eus\/#website"},"primaryImageOfPage":{"@id":"https:\/\/sare.eus\/salbuespen-politikaren-aurkako-aldarrikapena-ikusarazi-du-sarek-san-fermin-txikin\/#primaryimage"},"image":{"@id":"https:\/\/sare.eus\/salbuespen-politikaren-aurkako-aldarrikapena-ikusarazi-du-sarek-san-fermin-txikin\/#primaryimage"},"thumbnailUrl":"https:\/\/sare.eus\/wp-content\/uploads\/2023\/09\/BK_6197.jpg","datePublished":"2023-09-24T16:30:51+00:00","breadcrumb":{"@id":"https:\/\/sare.eus\/salbuespen-politikaren-aurkako-aldarrikapena-ikusarazi-du-sarek-san-fermin-txikin\/#breadcrumb"},"inLanguage":"es","potentialAction":[{"@type":"ReadAction","target":["https:\/\/sare.eus\/salbuespen-politikaren-aurkako-aldarrikapena-ikusarazi-du-sarek-san-fermin-txikin\/"]}]},{"@type":"ImageObject","inLanguage":"es","@id":"https:\/\/sare.eus\/salbuespen-politikaren-aurkako-aldarrikapena-ikusarazi-du-sarek-san-fermin-txikin\/#primaryimage","url":"https:\/\/sare.eus\/wp-content\/uploads\/2023\/09\/BK_6197.jpg","contentUrl":"https:\/\/sare.eus\/wp-content\/uploads\/2023\/09\/BK_6197.jpg","width":1024,"height":683},{"@type":"BreadcrumbList","@id":"https:\/\/sare.eus\/salbuespen-politikaren-aurkako-aldarrikapena-ikusarazi-du-sarek-san-fermin-txikin\/#breadcrumb","itemListElement":[{"@type":"ListItem","position":1,"name":"Home","item":"https:\/\/sare.eus\/"},{"@type":"ListItem","position":2,"name":"Salbuespen politikaren aurkako aldarrikapena ikusarazi du Sarek San Fermin Txikin"}]},{"@type":"WebSite","@id":"https:\/\/sare.eus\/#website","url":"https:\/\/sare.eus\/","name":"Sare Herritarra","description":"KONPONBIDEAREN ETA GIZA ESKUBIDEEN ALDEKO SARE HERRITARRA","publisher":{"@id":"https:\/\/sare.eus\/#organization"},"potentialAction":[{"@type":"SearchAction","target":{"@type":"EntryPoint","urlTemplate":"https:\/\/sare.eus\/?s={search_term_string}"},"query-input":{"@type":"PropertyValueSpecification","valueRequired":true,"valueName":"search_term_string"}}],"inLanguage":"es"},{"@type":"Organization","@id":"https:\/\/sare.eus\/#organization","name":"Sare Herritarra","url":"https:\/\/sare.eus\/","logo":{"@type":"ImageObject","inLanguage":"es","@id":"https:\/\/sare.eus\/#\/schema\/logo\/image\/","url":"https:\/\/sare.eus\/wp-content\/uploads\/2021\/08\/sare.png","contentUrl":"https:\/\/sare.eus\/wp-content\/uploads\/2021\/08\/sare.png","width":120,"height":142,"caption":"Sare Herritarra"},"image":{"@id":"https:\/\/sare.eus\/#\/schema\/logo\/image\/"}},{"@type":"Person","@id":"https:\/\/sare.eus\/#\/schema\/person\/2fe6d0df294f56313d3ab236dbe38e17","name":"sare","image":{"@type":"ImageObject","inLanguage":"es","@id":"https:\/\/sare.eus\/#\/schema\/person\/image\/","url":"https:\/\/secure.gravatar.com\/avatar\/77cad838677ceb1977e7b3c878b55eaa7fa4aae2158983063b047c3ad7ef2c25?s=96&d=mm&r=g","contentUrl":"https:\/\/secure.gravatar.com\/avatar\/77cad838677ceb1977e7b3c878b55eaa7fa4aae2158983063b047c3ad7ef2c25?s=96&d=mm&r=g","caption":"sare"},"url":"https:\/\/sare.eus\/es\/author\/sare\/"}]}},"_links":{"self":[{"href":"https:\/\/sare.eus\/es\/wp-json\/wp\/v2\/posts\/5493","targetHints":{"allow":["GET"]}}],"collection":[{"href":"https:\/\/sare.eus\/es\/wp-json\/wp\/v2\/posts"}],"about":[{"href":"https:\/\/sare.eus\/es\/wp-json\/wp\/v2\/types\/post"}],"author":[{"embeddable":true,"href":"https:\/\/sare.eus\/es\/wp-json\/wp\/v2\/users\/2"}],"replies":[{"embeddable":true,"href":"https:\/\/sare.eus\/es\/wp-json\/wp\/v2\/comments?post=5493"}],"version-history":[{"count":1,"href":"https:\/\/sare.eus\/es\/wp-json\/wp\/v2\/posts\/5493\/revisions"}],"predecessor-version":[{"id":5496,"href":"https:\/\/sare.eus\/es\/wp-json\/wp\/v2\/posts\/5493\/revisions\/5496"}],"wp:featuredmedia":[{"embeddable":true,"href":"https:\/\/sare.eus\/es\/wp-json\/wp\/v2\/media\/5494"}],"wp:attachment":[{"href":"https:\/\/sare.eus\/es\/wp-json\/wp\/v2\/media?parent=5493"}],"wp:term":[{"taxonomy":"category","embeddable":true,"href":"https:\/\/sare.eus\/es\/wp-json\/wp\/v2\/categories?post=5493"},{"taxonomy":"post_tag","embeddable":true,"href":"https:\/\/sare.eus\/es\/wp-json\/wp\/v2\/tags?post=5493"}],"curies":[{"name":"wp","href":"https:\/\/api.w.org\/{rel}","templated":true}]}}