{"id":5476,"date":"2023-08-28T07:48:51","date_gmt":"2023-08-28T07:48:51","guid":{"rendered":"https:\/\/sare.eus\/euskal-presoen-giza-eskubideak-errespetatzea-exijitu-du-sarek-bilbon\/"},"modified":"2023-08-28T08:02:01","modified_gmt":"2023-08-28T08:02:01","slug":"sare-exige-en-bilbao-el-respeto-a-los-derechos-humanos-de-los-presos-vascos","status":"publish","type":"post","link":"https:\/\/sare.eus\/es\/sare-exige-en-bilbao-el-respeto-a-los-derechos-humanos-de-los-presos-vascos\/","title":{"rendered":"Sare exige en Bilbao el respeto a los derechos humanos de los presos vascos"},"content":{"rendered":"<p><strong>Esperantza garaietan bizi gara euskal presoen gaian. Gizartearen mobilizazioari eta<\/strong><br><strong>ekimen politiko, juridiko eta sindikalei esker etapak ixten joan gara, pixkanaka<\/strong><br><strong>gauzatzen joan dadin gure leloa: ETXERA.<\/strong><\/p>\n<p><em>El esfuerzo popular, ha conseguido poner fin a la vulneraci\u00f3n de derechos de la<\/em><br><em>pol\u00edtica de alejamiento que, durante m\u00e1s de 34 a\u00f1os, ha causado tanto sufrimiento,<\/em><br><em>no solo en las prisiones, sino tambi\u00e9n en el colectivo familiar.<\/em><\/p>\n<p><em>Ahora ya hemos entrado en una nueva etapa: abrir el camino de regreso a casa de las<\/em><br><em>personas presas, exiliadas y deportadas: ETXERA.<\/em><\/p>\n<p><strong>ETAk jarduera armatua bukatzeko erabakia hartu eta hamabi urtera, eta bere burua<\/strong><br><strong>desegin eta bost urte baino gehiago pasatu ondoren, ezin da jarraitu Euskal Herrian<\/strong><br><strong>ezer aldatu ez balitz bezala.<\/strong><\/p>\n<p><\/p>\n\n\n<figure class=\"wp-block-embed is-type-video is-provider-youtube wp-block-embed-youtube wp-embed-aspect-16-9 wp-has-aspect-ratio\"><div class=\"wp-block-embed__wrapper\">\n<iframe loading=\"lazy\" title=\"Euskal presoen giza eskubideak errespetatzea exijitu du Sarek Bilbon\" width=\"1080\" height=\"608\" src=\"https:\/\/www.youtube.com\/embed\/Vyp8hNE5pn0?feature=oembed\" frameborder=\"0\" allow=\"accelerometer; autoplay; clipboard-write; encrypted-media; gyroscope; picture-in-picture; web-share\" allowfullscreen><\/iframe>\n<\/div><\/figure>\n\n\n<p><strong>Ez dago inolako justifikaziorik salbuespen juridikoari eusteko, eta, horregatik,<\/strong><br><strong>konpromiso irmoa eskatzen diegu eragile politiko, sindikal eta sozialei, kartzeletan<\/strong><br><strong>gaur egun ere pairatzen duten salbuespen egoera behingoz buka dadin.<\/strong><\/p>\n<p><em>No tiene justificaci\u00f3n alguna, que una justicia politizada, contin\u00fae negando la<\/em><br><em>aplicaci\u00f3n de la normativa penitenciaria ordinaria a los presos y presas vascos,<\/em><br><em>recurriendo de manera constante las decisiones de las Juntas de Tratamiento de los<\/em><br><em>centros penitenciarios, cuando estos aprueban progresiones a Tercer Grado o la<\/em><br><em>asignaci\u00f3n de permisos penitenciarios.<\/em><\/p>\n<p><em>Lo hemos dicho muchas veces. No exigimos privilegios para estos presos y presas.<\/em><br><em>NO. Pedimos legalidad. La misma legalidad que se aplica a cualquier otro preso o<\/em><br><em>presa, de los miles que se encuentran en las c\u00e1rceles del Estado.<\/em><\/p>\n<p><strong>ETXERA Bai, etxean nahi ditugu. Eta helburu hori errealitatea izan dadin, den-denok<\/strong><br><strong>behar zaituztegu. Hau ez da errebindikazio alderdikoia edo ideologikoa. Askatasunik<\/strong><br><strong>gabe urteak eta urteak daramatzaten horien giza eskubideak errespeta daitezela<\/strong><br><strong>exijitzen dugu, besterik ez.<\/strong><\/p>\n<p><strong>Horregatik guztiagatik, gure eskaera da batera egitea Bilboko Aste Nagusiko festen<\/strong><br><strong>ospakizunak eta eskubide horien errebindikazioa.<\/strong><\/p>\n\n\n<figure class=\"wp-block-gallery columns-3 is-cropped wp-block-gallery-1 is-layout-flex wp-block-gallery-is-layout-flex\"><ul class=\"blocks-gallery-grid\"><li class=\"blocks-gallery-item\"><figure><img loading=\"lazy\" decoding=\"async\" width=\"1024\" height=\"682\" src=\"https:\/\/sare.eus\/wp-content\/uploads\/2023\/08\/DSC_9617-1-1024x682.jpg\" alt=\"\" data-id=\"5445\" data-full-url=\"https:\/\/sare.eus\/wp-content\/uploads\/2023\/08\/DSC_9617-1.jpg\" data-link=\"https:\/\/sare.eus\/euskal-presoen-giza-eskubideak-errespetatzea-exijitu-du-sarek-bilbon\/dsc_9617-1\/\" class=\"wp-image-5445\" srcset=\"https:\/\/sare.eus\/wp-content\/uploads\/2023\/08\/DSC_9617-1-1024x682.jpg 1024w, https:\/\/sare.eus\/wp-content\/uploads\/2023\/08\/DSC_9617-1-300x200.jpg 300w, https:\/\/sare.eus\/wp-content\/uploads\/2023\/08\/DSC_9617-1-768x512.jpg 768w, https:\/\/sare.eus\/wp-content\/uploads\/2023\/08\/DSC_9617-1-1536x1024.jpg 1536w, https:\/\/sare.eus\/wp-content\/uploads\/2023\/08\/DSC_9617-1-1080x720.jpg 1080w, https:\/\/sare.eus\/wp-content\/uploads\/2023\/08\/DSC_9617-1.jpg 2000w\" sizes=\"(max-width: 1024px) 100vw, 1024px\" \/><\/figure><\/li><li class=\"blocks-gallery-item\"><figure><img loading=\"lazy\" decoding=\"async\" width=\"1024\" height=\"682\" src=\"https:\/\/sare.eus\/wp-content\/uploads\/2023\/08\/DSC_9629-1024x682.jpg\" alt=\"\" data-id=\"5447\" data-full-url=\"https:\/\/sare.eus\/wp-content\/uploads\/2023\/08\/DSC_9629.jpg\" data-link=\"https:\/\/sare.eus\/euskal-presoen-giza-eskubideak-errespetatzea-exijitu-du-sarek-bilbon\/dsc_9629\/\" class=\"wp-image-5447\" srcset=\"https:\/\/sare.eus\/wp-content\/uploads\/2023\/08\/DSC_9629-1024x682.jpg 1024w, https:\/\/sare.eus\/wp-content\/uploads\/2023\/08\/DSC_9629-300x200.jpg 300w, https:\/\/sare.eus\/wp-content\/uploads\/2023\/08\/DSC_9629-768x512.jpg 768w, https:\/\/sare.eus\/wp-content\/uploads\/2023\/08\/DSC_9629-1536x1024.jpg 1536w, https:\/\/sare.eus\/wp-content\/uploads\/2023\/08\/DSC_9629-1080x720.jpg 1080w, https:\/\/sare.eus\/wp-content\/uploads\/2023\/08\/DSC_9629.jpg 2000w\" sizes=\"(max-width: 1024px) 100vw, 1024px\" \/><\/figure><\/li><li class=\"blocks-gallery-item\"><figure><img loading=\"lazy\" decoding=\"async\" width=\"1024\" height=\"682\" src=\"https:\/\/sare.eus\/wp-content\/uploads\/2023\/08\/DSC_9632-1024x682.jpg\" alt=\"\" data-id=\"5449\" data-full-url=\"https:\/\/sare.eus\/wp-content\/uploads\/2023\/08\/DSC_9632.jpg\" data-link=\"https:\/\/sare.eus\/euskal-presoen-giza-eskubideak-errespetatzea-exijitu-du-sarek-bilbon\/dsc_9632\/\" class=\"wp-image-5449\" srcset=\"https:\/\/sare.eus\/wp-content\/uploads\/2023\/08\/DSC_9632-1024x682.jpg 1024w, https:\/\/sare.eus\/wp-content\/uploads\/2023\/08\/DSC_9632-300x200.jpg 300w, https:\/\/sare.eus\/wp-content\/uploads\/2023\/08\/DSC_9632-768x512.jpg 768w, https:\/\/sare.eus\/wp-content\/uploads\/2023\/08\/DSC_9632-1536x1024.jpg 1536w, https:\/\/sare.eus\/wp-content\/uploads\/2023\/08\/DSC_9632-1080x720.jpg 1080w, https:\/\/sare.eus\/wp-content\/uploads\/2023\/08\/DSC_9632.jpg 2000w\" sizes=\"(max-width: 1024px) 100vw, 1024px\" \/><\/figure><\/li><li class=\"blocks-gallery-item\"><figure><img loading=\"lazy\" decoding=\"async\" width=\"1024\" height=\"682\" src=\"https:\/\/sare.eus\/wp-content\/uploads\/2023\/08\/DSC_9635-1024x682.jpg\" alt=\"\" data-id=\"5453\" data-full-url=\"https:\/\/sare.eus\/wp-content\/uploads\/2023\/08\/DSC_9635.jpg\" data-link=\"https:\/\/sare.eus\/euskal-presoen-giza-eskubideak-errespetatzea-exijitu-du-sarek-bilbon\/dsc_9635\/\" class=\"wp-image-5453\" srcset=\"https:\/\/sare.eus\/wp-content\/uploads\/2023\/08\/DSC_9635-1024x682.jpg 1024w, https:\/\/sare.eus\/wp-content\/uploads\/2023\/08\/DSC_9635-300x200.jpg 300w, https:\/\/sare.eus\/wp-content\/uploads\/2023\/08\/DSC_9635-768x512.jpg 768w, https:\/\/sare.eus\/wp-content\/uploads\/2023\/08\/DSC_9635-1536x1024.jpg 1536w, https:\/\/sare.eus\/wp-content\/uploads\/2023\/08\/DSC_9635-1080x720.jpg 1080w, https:\/\/sare.eus\/wp-content\/uploads\/2023\/08\/DSC_9635.jpg 2000w\" sizes=\"(max-width: 1024px) 100vw, 1024px\" \/><\/figure><\/li><li class=\"blocks-gallery-item\"><figure><img loading=\"lazy\" decoding=\"async\" width=\"1024\" height=\"682\" src=\"https:\/\/sare.eus\/wp-content\/uploads\/2023\/08\/DSC_9636-1024x682.jpg\" alt=\"\" data-id=\"5455\" data-full-url=\"https:\/\/sare.eus\/wp-content\/uploads\/2023\/08\/DSC_9636.jpg\" data-link=\"https:\/\/sare.eus\/euskal-presoen-giza-eskubideak-errespetatzea-exijitu-du-sarek-bilbon\/dsc_9636\/\" class=\"wp-image-5455\" srcset=\"https:\/\/sare.eus\/wp-content\/uploads\/2023\/08\/DSC_9636-1024x682.jpg 1024w, https:\/\/sare.eus\/wp-content\/uploads\/2023\/08\/DSC_9636-300x200.jpg 300w, https:\/\/sare.eus\/wp-content\/uploads\/2023\/08\/DSC_9636-768x512.jpg 768w, https:\/\/sare.eus\/wp-content\/uploads\/2023\/08\/DSC_9636-1536x1024.jpg 1536w, https:\/\/sare.eus\/wp-content\/uploads\/2023\/08\/DSC_9636-1080x720.jpg 1080w, https:\/\/sare.eus\/wp-content\/uploads\/2023\/08\/DSC_9636.jpg 2000w\" sizes=\"(max-width: 1024px) 100vw, 1024px\" \/><\/figure><\/li><li class=\"blocks-gallery-item\"><figure><img loading=\"lazy\" decoding=\"async\" width=\"1024\" height=\"682\" src=\"https:\/\/sare.eus\/wp-content\/uploads\/2023\/08\/DSC_9639-1024x682.jpg\" alt=\"\" data-id=\"5457\" data-full-url=\"https:\/\/sare.eus\/wp-content\/uploads\/2023\/08\/DSC_9639.jpg\" data-link=\"https:\/\/sare.eus\/euskal-presoen-giza-eskubideak-errespetatzea-exijitu-du-sarek-bilbon\/dsc_9639\/\" class=\"wp-image-5457\" srcset=\"https:\/\/sare.eus\/wp-content\/uploads\/2023\/08\/DSC_9639-1024x682.jpg 1024w, https:\/\/sare.eus\/wp-content\/uploads\/2023\/08\/DSC_9639-300x200.jpg 300w, https:\/\/sare.eus\/wp-content\/uploads\/2023\/08\/DSC_9639-768x512.jpg 768w, https:\/\/sare.eus\/wp-content\/uploads\/2023\/08\/DSC_9639-1536x1024.jpg 1536w, https:\/\/sare.eus\/wp-content\/uploads\/2023\/08\/DSC_9639-1080x720.jpg 1080w, https:\/\/sare.eus\/wp-content\/uploads\/2023\/08\/DSC_9639.jpg 2000w\" sizes=\"(max-width: 1024px) 100vw, 1024px\" \/><\/figure><\/li><li class=\"blocks-gallery-item\"><figure><img loading=\"lazy\" decoding=\"async\" width=\"1024\" height=\"682\" src=\"https:\/\/sare.eus\/wp-content\/uploads\/2023\/08\/DSC_9650-1024x682.jpg\" alt=\"\" data-id=\"5459\" data-full-url=\"https:\/\/sare.eus\/wp-content\/uploads\/2023\/08\/DSC_9650.jpg\" data-link=\"https:\/\/sare.eus\/euskal-presoen-giza-eskubideak-errespetatzea-exijitu-du-sarek-bilbon\/dsc_9650\/\" class=\"wp-image-5459\" srcset=\"https:\/\/sare.eus\/wp-content\/uploads\/2023\/08\/DSC_9650-1024x682.jpg 1024w, https:\/\/sare.eus\/wp-content\/uploads\/2023\/08\/DSC_9650-300x200.jpg 300w, https:\/\/sare.eus\/wp-content\/uploads\/2023\/08\/DSC_9650-768x512.jpg 768w, https:\/\/sare.eus\/wp-content\/uploads\/2023\/08\/DSC_9650-1536x1024.jpg 1536w, https:\/\/sare.eus\/wp-content\/uploads\/2023\/08\/DSC_9650-1080x720.jpg 1080w, https:\/\/sare.eus\/wp-content\/uploads\/2023\/08\/DSC_9650.jpg 2000w\" sizes=\"(max-width: 1024px) 100vw, 1024px\" \/><\/figure><\/li><li class=\"blocks-gallery-item\"><figure><img loading=\"lazy\" decoding=\"async\" width=\"1024\" height=\"682\" src=\"https:\/\/sare.eus\/wp-content\/uploads\/2023\/08\/DSC_9657-1024x682.jpg\" alt=\"\" data-id=\"5461\" data-full-url=\"https:\/\/sare.eus\/wp-content\/uploads\/2023\/08\/DSC_9657.jpg\" data-link=\"https:\/\/sare.eus\/euskal-presoen-giza-eskubideak-errespetatzea-exijitu-du-sarek-bilbon\/dsc_9657\/\" class=\"wp-image-5461\" srcset=\"https:\/\/sare.eus\/wp-content\/uploads\/2023\/08\/DSC_9657-1024x682.jpg 1024w, https:\/\/sare.eus\/wp-content\/uploads\/2023\/08\/DSC_9657-300x200.jpg 300w, https:\/\/sare.eus\/wp-content\/uploads\/2023\/08\/DSC_9657-768x512.jpg 768w, https:\/\/sare.eus\/wp-content\/uploads\/2023\/08\/DSC_9657-1536x1024.jpg 1536w, https:\/\/sare.eus\/wp-content\/uploads\/2023\/08\/DSC_9657-1080x720.jpg 1080w, https:\/\/sare.eus\/wp-content\/uploads\/2023\/08\/DSC_9657.jpg 2000w\" sizes=\"(max-width: 1024px) 100vw, 1024px\" \/><\/figure><\/li><li class=\"blocks-gallery-item\"><figure><img loading=\"lazy\" decoding=\"async\" width=\"1024\" height=\"682\" src=\"https:\/\/sare.eus\/wp-content\/uploads\/2023\/08\/DSC_9666-1024x682.jpg\" alt=\"\" data-id=\"5463\" data-full-url=\"https:\/\/sare.eus\/wp-content\/uploads\/2023\/08\/DSC_9666.jpg\" data-link=\"https:\/\/sare.eus\/euskal-presoen-giza-eskubideak-errespetatzea-exijitu-du-sarek-bilbon\/dsc_9666\/\" class=\"wp-image-5463\" srcset=\"https:\/\/sare.eus\/wp-content\/uploads\/2023\/08\/DSC_9666-1024x682.jpg 1024w, https:\/\/sare.eus\/wp-content\/uploads\/2023\/08\/DSC_9666-300x200.jpg 300w, https:\/\/sare.eus\/wp-content\/uploads\/2023\/08\/DSC_9666-768x512.jpg 768w, https:\/\/sare.eus\/wp-content\/uploads\/2023\/08\/DSC_9666-1536x1024.jpg 1536w, https:\/\/sare.eus\/wp-content\/uploads\/2023\/08\/DSC_9666-1080x720.jpg 1080w, https:\/\/sare.eus\/wp-content\/uploads\/2023\/08\/DSC_9666.jpg 2000w\" sizes=\"(max-width: 1024px) 100vw, 1024px\" \/><\/figure><\/li><li class=\"blocks-gallery-item\"><figure><img loading=\"lazy\" decoding=\"async\" width=\"1024\" height=\"682\" src=\"https:\/\/sare.eus\/wp-content\/uploads\/2023\/08\/DSC_9682-1024x682.jpg\" alt=\"\" data-id=\"5465\" data-full-url=\"https:\/\/sare.eus\/wp-content\/uploads\/2023\/08\/DSC_9682.jpg\" data-link=\"https:\/\/sare.eus\/euskal-presoen-giza-eskubideak-errespetatzea-exijitu-du-sarek-bilbon\/dsc_9682\/\" class=\"wp-image-5465\" srcset=\"https:\/\/sare.eus\/wp-content\/uploads\/2023\/08\/DSC_9682-1024x682.jpg 1024w, https:\/\/sare.eus\/wp-content\/uploads\/2023\/08\/DSC_9682-300x200.jpg 300w, https:\/\/sare.eus\/wp-content\/uploads\/2023\/08\/DSC_9682-768x512.jpg 768w, https:\/\/sare.eus\/wp-content\/uploads\/2023\/08\/DSC_9682-1536x1024.jpg 1536w, https:\/\/sare.eus\/wp-content\/uploads\/2023\/08\/DSC_9682-1080x720.jpg 1080w, https:\/\/sare.eus\/wp-content\/uploads\/2023\/08\/DSC_9682.jpg 2000w\" sizes=\"(max-width: 1024px) 100vw, 1024px\" \/><\/figure><\/li><li class=\"blocks-gallery-item\"><figure><img loading=\"lazy\" decoding=\"async\" width=\"1024\" height=\"682\" src=\"https:\/\/sare.eus\/wp-content\/uploads\/2023\/08\/DSC_9697-1024x682.jpg\" alt=\"\" data-id=\"5467\" data-full-url=\"https:\/\/sare.eus\/wp-content\/uploads\/2023\/08\/DSC_9697.jpg\" data-link=\"https:\/\/sare.eus\/euskal-presoen-giza-eskubideak-errespetatzea-exijitu-du-sarek-bilbon\/dsc_9697\/\" class=\"wp-image-5467\" srcset=\"https:\/\/sare.eus\/wp-content\/uploads\/2023\/08\/DSC_9697-1024x682.jpg 1024w, https:\/\/sare.eus\/wp-content\/uploads\/2023\/08\/DSC_9697-300x200.jpg 300w, https:\/\/sare.eus\/wp-content\/uploads\/2023\/08\/DSC_9697-768x512.jpg 768w, https:\/\/sare.eus\/wp-content\/uploads\/2023\/08\/DSC_9697-1536x1024.jpg 1536w, https:\/\/sare.eus\/wp-content\/uploads\/2023\/08\/DSC_9697-1080x720.jpg 1080w, https:\/\/sare.eus\/wp-content\/uploads\/2023\/08\/DSC_9697.jpg 2000w\" sizes=\"(max-width: 1024px) 100vw, 1024px\" \/><\/figure><\/li><li class=\"blocks-gallery-item\"><figure><img loading=\"lazy\" decoding=\"async\" width=\"1024\" height=\"682\" src=\"https:\/\/sare.eus\/wp-content\/uploads\/2023\/08\/DSC_9698-1024x682.jpg\" alt=\"\" data-id=\"5469\" data-full-url=\"https:\/\/sare.eus\/wp-content\/uploads\/2023\/08\/DSC_9698.jpg\" data-link=\"https:\/\/sare.eus\/euskal-presoen-giza-eskubideak-errespetatzea-exijitu-du-sarek-bilbon\/dsc_9698\/\" class=\"wp-image-5469\" srcset=\"https:\/\/sare.eus\/wp-content\/uploads\/2023\/08\/DSC_9698-1024x682.jpg 1024w, https:\/\/sare.eus\/wp-content\/uploads\/2023\/08\/DSC_9698-300x200.jpg 300w, https:\/\/sare.eus\/wp-content\/uploads\/2023\/08\/DSC_9698-768x512.jpg 768w, https:\/\/sare.eus\/wp-content\/uploads\/2023\/08\/DSC_9698-1536x1024.jpg 1536w, https:\/\/sare.eus\/wp-content\/uploads\/2023\/08\/DSC_9698-1080x720.jpg 1080w, https:\/\/sare.eus\/wp-content\/uploads\/2023\/08\/DSC_9698.jpg 2000w\" sizes=\"(max-width: 1024px) 100vw, 1024px\" \/><\/figure><\/li><li class=\"blocks-gallery-item\"><figure><img loading=\"lazy\" decoding=\"async\" width=\"1024\" height=\"682\" src=\"https:\/\/sare.eus\/wp-content\/uploads\/2023\/08\/DSC_9749-1024x682.jpg\" alt=\"\" data-id=\"5471\" data-full-url=\"https:\/\/sare.eus\/wp-content\/uploads\/2023\/08\/DSC_9749.jpg\" data-link=\"https:\/\/sare.eus\/euskal-presoen-giza-eskubideak-errespetatzea-exijitu-du-sarek-bilbon\/dsc_9749\/\" class=\"wp-image-5471\" srcset=\"https:\/\/sare.eus\/wp-content\/uploads\/2023\/08\/DSC_9749-1024x682.jpg 1024w, https:\/\/sare.eus\/wp-content\/uploads\/2023\/08\/DSC_9749-300x200.jpg 300w, https:\/\/sare.eus\/wp-content\/uploads\/2023\/08\/DSC_9749-768x512.jpg 768w, https:\/\/sare.eus\/wp-content\/uploads\/2023\/08\/DSC_9749-1536x1024.jpg 1536w, https:\/\/sare.eus\/wp-content\/uploads\/2023\/08\/DSC_9749-1080x720.jpg 1080w, https:\/\/sare.eus\/wp-content\/uploads\/2023\/08\/DSC_9749.jpg 2000w\" sizes=\"(max-width: 1024px) 100vw, 1024px\" \/><\/figure><\/li><li class=\"blocks-gallery-item\"><figure><img loading=\"lazy\" decoding=\"async\" width=\"1024\" height=\"682\" src=\"https:\/\/sare.eus\/wp-content\/uploads\/2023\/08\/DSC_9777-1024x682.jpg\" alt=\"\" data-id=\"5473\" data-full-url=\"https:\/\/sare.eus\/wp-content\/uploads\/2023\/08\/DSC_9777.jpg\" data-link=\"https:\/\/sare.eus\/euskal-presoen-giza-eskubideak-errespetatzea-exijitu-du-sarek-bilbon\/dsc_9777\/\" class=\"wp-image-5473\" srcset=\"https:\/\/sare.eus\/wp-content\/uploads\/2023\/08\/DSC_9777-1024x682.jpg 1024w, https:\/\/sare.eus\/wp-content\/uploads\/2023\/08\/DSC_9777-300x200.jpg 300w, https:\/\/sare.eus\/wp-content\/uploads\/2023\/08\/DSC_9777-768x512.jpg 768w, https:\/\/sare.eus\/wp-content\/uploads\/2023\/08\/DSC_9777-1536x1024.jpg 1536w, https:\/\/sare.eus\/wp-content\/uploads\/2023\/08\/DSC_9777-1080x720.jpg 1080w, https:\/\/sare.eus\/wp-content\/uploads\/2023\/08\/DSC_9777.jpg 2000w\" sizes=\"(max-width: 1024px) 100vw, 1024px\" \/><\/figure><\/li><\/ul><\/figure>\n","protected":false},"excerpt":{"rendered":"<p>Esperantza garaietan bizi gara euskal presoen gaian. Gizartearen mobilizazioari etaekimen politiko, juridiko eta sindikalei esker etapak ixten joan gara, pixkanakagauzatzen joan dadin gure leloa: ETXERA. El esfuerzo popular, ha conseguido [&hellip;]<\/p>\n","protected":false},"author":2,"featured_media":5442,"comment_status":"closed","ping_status":"closed","sticky":false,"template":"","format":"standard","meta":{"_acf_changed":false,"_et_pb_use_builder":"off","_et_pb_old_content":"","_et_gb_content_width":"","footnotes":""},"categories":[60],"tags":[],"class_list":["post-5476","post","type-post","status-publish","format-standard","has-post-thumbnail","hentry","category-etxera-es","et-has-post-format-content","et_post_format-et-post-format-standard"],"acf":[],"yoast_head":"<!-- This site is optimized with the Yoast SEO plugin v26.4 - https:\/\/yoast.com\/wordpress\/plugins\/seo\/ -->\n<title>Sare exige en Bilbao el respeto a los derechos humanos de los presos vascos - Sare Herritarra<\/title>\n<meta name=\"robots\" content=\"index, follow, max-snippet:-1, max-image-preview:large, max-video-preview:-1\" \/>\n<link rel=\"canonical\" href=\"https:\/\/sare.eus\/es\/sare-exige-en-bilbao-el-respeto-a-los-derechos-humanos-de-los-presos-vascos\/\" \/>\n<meta property=\"og:locale\" content=\"es_ES\" \/>\n<meta property=\"og:type\" content=\"article\" \/>\n<meta property=\"og:title\" content=\"Sare exige en Bilbao el respeto a los derechos humanos de los presos vascos - Sare Herritarra\" \/>\n<meta property=\"og:description\" content=\"Esperantza garaietan bizi gara euskal presoen gaian. Gizartearen mobilizazioari etaekimen politiko, juridiko eta sindikalei esker etapak ixten joan gara, pixkanakagauzatzen joan dadin gure leloa: ETXERA. El esfuerzo popular, ha conseguido [&hellip;]\" \/>\n<meta property=\"og:url\" content=\"https:\/\/sare.eus\/es\/sare-exige-en-bilbao-el-respeto-a-los-derechos-humanos-de-los-presos-vascos\/\" \/>\n<meta property=\"og:site_name\" content=\"Sare Herritarra\" \/>\n<meta property=\"article:published_time\" content=\"2023-08-28T07:48:51+00:00\" \/>\n<meta property=\"article:modified_time\" content=\"2023-08-28T08:02:01+00:00\" \/>\n<meta property=\"og:image\" content=\"https:\/\/sare.eus\/wp-content\/uploads\/2023\/08\/DSC_9617-e1693208904544.jpg\" \/>\n\t<meta property=\"og:image:width\" content=\"2000\" \/>\n\t<meta property=\"og:image:height\" content=\"1333\" \/>\n\t<meta property=\"og:image:type\" content=\"image\/jpeg\" \/>\n<meta name=\"author\" content=\"sare\" \/>\n<meta name=\"twitter:card\" content=\"summary_large_image\" \/>\n<meta name=\"twitter:label1\" content=\"Escrito por\" \/>\n\t<meta name=\"twitter:data1\" content=\"sare\" \/>\n\t<meta name=\"twitter:label2\" content=\"Tiempo de lectura\" \/>\n\t<meta name=\"twitter:data2\" content=\"5 minutos\" \/>\n<script type=\"application\/ld+json\" class=\"yoast-schema-graph\">{\"@context\":\"https:\/\/schema.org\",\"@graph\":[{\"@type\":\"Article\",\"@id\":\"https:\/\/sare.eus\/es\/sare-exige-en-bilbao-el-respeto-a-los-derechos-humanos-de-los-presos-vascos\/#article\",\"isPartOf\":{\"@id\":\"https:\/\/sare.eus\/es\/sare-exige-en-bilbao-el-respeto-a-los-derechos-humanos-de-los-presos-vascos\/\"},\"author\":{\"name\":\"sare\",\"@id\":\"https:\/\/sare.eus\/#\/schema\/person\/2fe6d0df294f56313d3ab236dbe38e17\"},\"headline\":\"Sare exige en Bilbao el respeto a los derechos humanos de los presos vascos\",\"datePublished\":\"2023-08-28T07:48:51+00:00\",\"dateModified\":\"2023-08-28T08:02:01+00:00\",\"mainEntityOfPage\":{\"@id\":\"https:\/\/sare.eus\/es\/sare-exige-en-bilbao-el-respeto-a-los-derechos-humanos-de-los-presos-vascos\/\"},\"wordCount\":323,\"publisher\":{\"@id\":\"https:\/\/sare.eus\/#organization\"},\"image\":{\"@id\":\"https:\/\/sare.eus\/es\/sare-exige-en-bilbao-el-respeto-a-los-derechos-humanos-de-los-presos-vascos\/#primaryimage\"},\"thumbnailUrl\":\"https:\/\/sare.eus\/wp-content\/uploads\/2023\/08\/DSC_9617-e1693208904544.jpg\",\"articleSection\":[\"Etxera\"],\"inLanguage\":\"es\"},{\"@type\":\"WebPage\",\"@id\":\"https:\/\/sare.eus\/es\/sare-exige-en-bilbao-el-respeto-a-los-derechos-humanos-de-los-presos-vascos\/\",\"url\":\"https:\/\/sare.eus\/es\/sare-exige-en-bilbao-el-respeto-a-los-derechos-humanos-de-los-presos-vascos\/\",\"name\":\"Sare exige en Bilbao el respeto a los derechos humanos de los presos vascos - Sare Herritarra\",\"isPartOf\":{\"@id\":\"https:\/\/sare.eus\/#website\"},\"primaryImageOfPage\":{\"@id\":\"https:\/\/sare.eus\/es\/sare-exige-en-bilbao-el-respeto-a-los-derechos-humanos-de-los-presos-vascos\/#primaryimage\"},\"image\":{\"@id\":\"https:\/\/sare.eus\/es\/sare-exige-en-bilbao-el-respeto-a-los-derechos-humanos-de-los-presos-vascos\/#primaryimage\"},\"thumbnailUrl\":\"https:\/\/sare.eus\/wp-content\/uploads\/2023\/08\/DSC_9617-e1693208904544.jpg\",\"datePublished\":\"2023-08-28T07:48:51+00:00\",\"dateModified\":\"2023-08-28T08:02:01+00:00\",\"breadcrumb\":{\"@id\":\"https:\/\/sare.eus\/es\/sare-exige-en-bilbao-el-respeto-a-los-derechos-humanos-de-los-presos-vascos\/#breadcrumb\"},\"inLanguage\":\"es\",\"potentialAction\":[{\"@type\":\"ReadAction\",\"target\":[\"https:\/\/sare.eus\/es\/sare-exige-en-bilbao-el-respeto-a-los-derechos-humanos-de-los-presos-vascos\/\"]}]},{\"@type\":\"ImageObject\",\"inLanguage\":\"es\",\"@id\":\"https:\/\/sare.eus\/es\/sare-exige-en-bilbao-el-respeto-a-los-derechos-humanos-de-los-presos-vascos\/#primaryimage\",\"url\":\"https:\/\/sare.eus\/wp-content\/uploads\/2023\/08\/DSC_9617-e1693208904544.jpg\",\"contentUrl\":\"https:\/\/sare.eus\/wp-content\/uploads\/2023\/08\/DSC_9617-e1693208904544.jpg\",\"width\":2000,\"height\":1333},{\"@type\":\"BreadcrumbList\",\"@id\":\"https:\/\/sare.eus\/es\/sare-exige-en-bilbao-el-respeto-a-los-derechos-humanos-de-los-presos-vascos\/#breadcrumb\",\"itemListElement\":[{\"@type\":\"ListItem\",\"position\":1,\"name\":\"Home\",\"item\":\"https:\/\/sare.eus\/\"},{\"@type\":\"ListItem\",\"position\":2,\"name\":\"Sare exige en Bilbao el respeto a los derechos humanos de los presos vascos\"}]},{\"@type\":\"WebSite\",\"@id\":\"https:\/\/sare.eus\/#website\",\"url\":\"https:\/\/sare.eus\/\",\"name\":\"Sare Herritarra\",\"description\":\"KONPONBIDEAREN ETA GIZA ESKUBIDEEN ALDEKO SARE HERRITARRA\",\"publisher\":{\"@id\":\"https:\/\/sare.eus\/#organization\"},\"potentialAction\":[{\"@type\":\"SearchAction\",\"target\":{\"@type\":\"EntryPoint\",\"urlTemplate\":\"https:\/\/sare.eus\/?s={search_term_string}\"},\"query-input\":{\"@type\":\"PropertyValueSpecification\",\"valueRequired\":true,\"valueName\":\"search_term_string\"}}],\"inLanguage\":\"es\"},{\"@type\":\"Organization\",\"@id\":\"https:\/\/sare.eus\/#organization\",\"name\":\"Sare Herritarra\",\"url\":\"https:\/\/sare.eus\/\",\"logo\":{\"@type\":\"ImageObject\",\"inLanguage\":\"es\",\"@id\":\"https:\/\/sare.eus\/#\/schema\/logo\/image\/\",\"url\":\"https:\/\/sare.eus\/wp-content\/uploads\/2021\/08\/sare.png\",\"contentUrl\":\"https:\/\/sare.eus\/wp-content\/uploads\/2021\/08\/sare.png\",\"width\":120,\"height\":142,\"caption\":\"Sare Herritarra\"},\"image\":{\"@id\":\"https:\/\/sare.eus\/#\/schema\/logo\/image\/\"}},{\"@type\":\"Person\",\"@id\":\"https:\/\/sare.eus\/#\/schema\/person\/2fe6d0df294f56313d3ab236dbe38e17\",\"name\":\"sare\",\"image\":{\"@type\":\"ImageObject\",\"inLanguage\":\"es\",\"@id\":\"https:\/\/sare.eus\/#\/schema\/person\/image\/\",\"url\":\"https:\/\/secure.gravatar.com\/avatar\/77cad838677ceb1977e7b3c878b55eaa7fa4aae2158983063b047c3ad7ef2c25?s=96&d=mm&r=g\",\"contentUrl\":\"https:\/\/secure.gravatar.com\/avatar\/77cad838677ceb1977e7b3c878b55eaa7fa4aae2158983063b047c3ad7ef2c25?s=96&d=mm&r=g\",\"caption\":\"sare\"},\"url\":\"https:\/\/sare.eus\/es\/author\/sare\/\"}]}<\/script>\n<!-- \/ Yoast SEO plugin. -->","yoast_head_json":{"title":"Sare exige en Bilbao el respeto a los derechos humanos de los presos vascos - Sare Herritarra","robots":{"index":"index","follow":"follow","max-snippet":"max-snippet:-1","max-image-preview":"max-image-preview:large","max-video-preview":"max-video-preview:-1"},"canonical":"https:\/\/sare.eus\/es\/sare-exige-en-bilbao-el-respeto-a-los-derechos-humanos-de-los-presos-vascos\/","og_locale":"es_ES","og_type":"article","og_title":"Sare exige en Bilbao el respeto a los derechos humanos de los presos vascos - Sare Herritarra","og_description":"Esperantza garaietan bizi gara euskal presoen gaian. Gizartearen mobilizazioari etaekimen politiko, juridiko eta sindikalei esker etapak ixten joan gara, pixkanakagauzatzen joan dadin gure leloa: ETXERA. El esfuerzo popular, ha conseguido [&hellip;]","og_url":"https:\/\/sare.eus\/es\/sare-exige-en-bilbao-el-respeto-a-los-derechos-humanos-de-los-presos-vascos\/","og_site_name":"Sare Herritarra","article_published_time":"2023-08-28T07:48:51+00:00","article_modified_time":"2023-08-28T08:02:01+00:00","og_image":[{"width":2000,"height":1333,"url":"https:\/\/sare.eus\/wp-content\/uploads\/2023\/08\/DSC_9617-e1693208904544.jpg","type":"image\/jpeg"}],"author":"sare","twitter_card":"summary_large_image","twitter_misc":{"Escrito por":"sare","Tiempo de lectura":"5 minutos"},"schema":{"@context":"https:\/\/schema.org","@graph":[{"@type":"Article","@id":"https:\/\/sare.eus\/es\/sare-exige-en-bilbao-el-respeto-a-los-derechos-humanos-de-los-presos-vascos\/#article","isPartOf":{"@id":"https:\/\/sare.eus\/es\/sare-exige-en-bilbao-el-respeto-a-los-derechos-humanos-de-los-presos-vascos\/"},"author":{"name":"sare","@id":"https:\/\/sare.eus\/#\/schema\/person\/2fe6d0df294f56313d3ab236dbe38e17"},"headline":"Sare exige en Bilbao el respeto a los derechos humanos de los presos vascos","datePublished":"2023-08-28T07:48:51+00:00","dateModified":"2023-08-28T08:02:01+00:00","mainEntityOfPage":{"@id":"https:\/\/sare.eus\/es\/sare-exige-en-bilbao-el-respeto-a-los-derechos-humanos-de-los-presos-vascos\/"},"wordCount":323,"publisher":{"@id":"https:\/\/sare.eus\/#organization"},"image":{"@id":"https:\/\/sare.eus\/es\/sare-exige-en-bilbao-el-respeto-a-los-derechos-humanos-de-los-presos-vascos\/#primaryimage"},"thumbnailUrl":"https:\/\/sare.eus\/wp-content\/uploads\/2023\/08\/DSC_9617-e1693208904544.jpg","articleSection":["Etxera"],"inLanguage":"es"},{"@type":"WebPage","@id":"https:\/\/sare.eus\/es\/sare-exige-en-bilbao-el-respeto-a-los-derechos-humanos-de-los-presos-vascos\/","url":"https:\/\/sare.eus\/es\/sare-exige-en-bilbao-el-respeto-a-los-derechos-humanos-de-los-presos-vascos\/","name":"Sare exige en Bilbao el respeto a los derechos humanos de los presos vascos - Sare Herritarra","isPartOf":{"@id":"https:\/\/sare.eus\/#website"},"primaryImageOfPage":{"@id":"https:\/\/sare.eus\/es\/sare-exige-en-bilbao-el-respeto-a-los-derechos-humanos-de-los-presos-vascos\/#primaryimage"},"image":{"@id":"https:\/\/sare.eus\/es\/sare-exige-en-bilbao-el-respeto-a-los-derechos-humanos-de-los-presos-vascos\/#primaryimage"},"thumbnailUrl":"https:\/\/sare.eus\/wp-content\/uploads\/2023\/08\/DSC_9617-e1693208904544.jpg","datePublished":"2023-08-28T07:48:51+00:00","dateModified":"2023-08-28T08:02:01+00:00","breadcrumb":{"@id":"https:\/\/sare.eus\/es\/sare-exige-en-bilbao-el-respeto-a-los-derechos-humanos-de-los-presos-vascos\/#breadcrumb"},"inLanguage":"es","potentialAction":[{"@type":"ReadAction","target":["https:\/\/sare.eus\/es\/sare-exige-en-bilbao-el-respeto-a-los-derechos-humanos-de-los-presos-vascos\/"]}]},{"@type":"ImageObject","inLanguage":"es","@id":"https:\/\/sare.eus\/es\/sare-exige-en-bilbao-el-respeto-a-los-derechos-humanos-de-los-presos-vascos\/#primaryimage","url":"https:\/\/sare.eus\/wp-content\/uploads\/2023\/08\/DSC_9617-e1693208904544.jpg","contentUrl":"https:\/\/sare.eus\/wp-content\/uploads\/2023\/08\/DSC_9617-e1693208904544.jpg","width":2000,"height":1333},{"@type":"BreadcrumbList","@id":"https:\/\/sare.eus\/es\/sare-exige-en-bilbao-el-respeto-a-los-derechos-humanos-de-los-presos-vascos\/#breadcrumb","itemListElement":[{"@type":"ListItem","position":1,"name":"Home","item":"https:\/\/sare.eus\/"},{"@type":"ListItem","position":2,"name":"Sare exige en Bilbao el respeto a los derechos humanos de los presos vascos"}]},{"@type":"WebSite","@id":"https:\/\/sare.eus\/#website","url":"https:\/\/sare.eus\/","name":"Sare Herritarra","description":"KONPONBIDEAREN ETA GIZA ESKUBIDEEN ALDEKO SARE HERRITARRA","publisher":{"@id":"https:\/\/sare.eus\/#organization"},"potentialAction":[{"@type":"SearchAction","target":{"@type":"EntryPoint","urlTemplate":"https:\/\/sare.eus\/?s={search_term_string}"},"query-input":{"@type":"PropertyValueSpecification","valueRequired":true,"valueName":"search_term_string"}}],"inLanguage":"es"},{"@type":"Organization","@id":"https:\/\/sare.eus\/#organization","name":"Sare Herritarra","url":"https:\/\/sare.eus\/","logo":{"@type":"ImageObject","inLanguage":"es","@id":"https:\/\/sare.eus\/#\/schema\/logo\/image\/","url":"https:\/\/sare.eus\/wp-content\/uploads\/2021\/08\/sare.png","contentUrl":"https:\/\/sare.eus\/wp-content\/uploads\/2021\/08\/sare.png","width":120,"height":142,"caption":"Sare Herritarra"},"image":{"@id":"https:\/\/sare.eus\/#\/schema\/logo\/image\/"}},{"@type":"Person","@id":"https:\/\/sare.eus\/#\/schema\/person\/2fe6d0df294f56313d3ab236dbe38e17","name":"sare","image":{"@type":"ImageObject","inLanguage":"es","@id":"https:\/\/sare.eus\/#\/schema\/person\/image\/","url":"https:\/\/secure.gravatar.com\/avatar\/77cad838677ceb1977e7b3c878b55eaa7fa4aae2158983063b047c3ad7ef2c25?s=96&d=mm&r=g","contentUrl":"https:\/\/secure.gravatar.com\/avatar\/77cad838677ceb1977e7b3c878b55eaa7fa4aae2158983063b047c3ad7ef2c25?s=96&d=mm&r=g","caption":"sare"},"url":"https:\/\/sare.eus\/es\/author\/sare\/"}]}},"_links":{"self":[{"href":"https:\/\/sare.eus\/es\/wp-json\/wp\/v2\/posts\/5476","targetHints":{"allow":["GET"]}}],"collection":[{"href":"https:\/\/sare.eus\/es\/wp-json\/wp\/v2\/posts"}],"about":[{"href":"https:\/\/sare.eus\/es\/wp-json\/wp\/v2\/types\/post"}],"author":[{"embeddable":true,"href":"https:\/\/sare.eus\/es\/wp-json\/wp\/v2\/users\/2"}],"replies":[{"embeddable":true,"href":"https:\/\/sare.eus\/es\/wp-json\/wp\/v2\/comments?post=5476"}],"version-history":[{"count":2,"href":"https:\/\/sare.eus\/es\/wp-json\/wp\/v2\/posts\/5476\/revisions"}],"predecessor-version":[{"id":5478,"href":"https:\/\/sare.eus\/es\/wp-json\/wp\/v2\/posts\/5476\/revisions\/5478"}],"wp:featuredmedia":[{"embeddable":true,"href":"https:\/\/sare.eus\/es\/wp-json\/wp\/v2\/media\/5442"}],"wp:attachment":[{"href":"https:\/\/sare.eus\/es\/wp-json\/wp\/v2\/media?parent=5476"}],"wp:term":[{"taxonomy":"category","embeddable":true,"href":"https:\/\/sare.eus\/es\/wp-json\/wp\/v2\/categories?post=5476"},{"taxonomy":"post_tag","embeddable":true,"href":"https:\/\/sare.eus\/es\/wp-json\/wp\/v2\/tags?post=5476"}],"curies":[{"name":"wp","href":"https:\/\/api.w.org\/{rel}","templated":true}]}}