{"id":5370,"date":"2023-08-09T19:39:22","date_gmt":"2023-08-09T19:39:22","guid":{"rendered":"https:\/\/sare.eus\/aurtengo-donostiako-jaietan-ere-etxeratzearen-aldeko-mobilizazioa-egingo-du-sarek\/"},"modified":"2023-08-09T19:53:40","modified_gmt":"2023-08-09T19:53:40","slug":"sare-se-movilizara-contra-las-medidas-de-excepcion-en-las-fiestas-de-donostia-de-este-ano","status":"publish","type":"post","link":"https:\/\/sare.eus\/es\/sare-se-movilizara-contra-las-medidas-de-excepcion-en-las-fiestas-de-donostia-de-este-ano\/","title":{"rendered":"SARE se movilizar\u00e1 contra las medidas de excepci\u00f3n en las fiestas de Donostia de este a\u00f1o"},"content":{"rendered":"<p>Una vez m\u00e1s, estamos aqu\u00ed para dar a conocer la manifestaci\u00f3n organizada por Sare Herritarra en el contexto de la semana grande de Donostia.<\/p>\n<p>Lamentablemente, todav\u00eda nos vemos obligados a convocar esta movilizaci\u00f3n, porque todav\u00eda quedan pasos que dar hac\u00eda una normalizaci\u00f3n de la situaci\u00f3n de los presos, refugiados y deportados vascos.<\/p>\n<p>El cambio en la pol\u00edtica penitenciaria y la superaci\u00f3n de una pol\u00edtica de alejamiento que ha durado 34 a\u00f1os no ha supuesto el fin de las vulneraciones de derechos de los presos vascos. La Fiscal\u00eda, apoyada por la Audiencia Nacional, sigue poniendo trabas ante la implantaci\u00f3n de la legislaci\u00f3n ordinaria y ante el proceso de regreso a casa, zancadilleando la convivencia.<\/p>\n<p>Pero nosotros tenemos claro que es el momento de derogar la excepcionalidad y poner a todos los presos vascos con la aplicaci\u00f3n de la ley ordinaria de camino a casa. No son privilegios, es el derecho que les corresponde.<\/p>\n<p>Para avanzar en la convivencia, tenemos que resolver la situaci\u00f3n de los presos, refugiados y deportados. Y para que ese objetivo sea una realidad, os necesitamos a todos.<\/p>\n<p>As\u00ed os convocamos a participar en la manifestaci\u00f3n que partir\u00e1 del Boulevard el 19 de agosto a las 12:30 del mediod\u00eda. \u00a1Tambi\u00e9n en un ambiente festivo lanzando un clamor contra la excepcionalidad!<\/p>\n<p><strong>Izan gaitezen Donostian etxeratzearen aldeko olatua! <\/strong><br><strong>Etxera Bidea Gertu! Guztion artean lortuko dugu! <\/strong><br><strong>Eskerrik asko!<\/strong><\/p>\n<hr>\n\n\n<figure class=\"wp-block-image size-large\"><img loading=\"lazy\" decoding=\"async\" width=\"724\" height=\"1024\" src=\"https:\/\/sare.eus\/wp-content\/uploads\/2023\/08\/Ab-19-Donostia-01-04-724x1024.jpg\" alt=\"\" class=\"wp-image-5367\" srcset=\"https:\/\/sare.eus\/wp-content\/uploads\/2023\/08\/Ab-19-Donostia-01-04-724x1024.jpg 724w, https:\/\/sare.eus\/wp-content\/uploads\/2023\/08\/Ab-19-Donostia-01-04-212x300.jpg 212w, https:\/\/sare.eus\/wp-content\/uploads\/2023\/08\/Ab-19-Donostia-01-04-768x1086.jpg 768w, https:\/\/sare.eus\/wp-content\/uploads\/2023\/08\/Ab-19-Donostia-01-04-1086x1536.jpg 1086w, https:\/\/sare.eus\/wp-content\/uploads\/2023\/08\/Ab-19-Donostia-01-04-1449x2048.jpg 1449w, https:\/\/sare.eus\/wp-content\/uploads\/2023\/08\/Ab-19-Donostia-01-04-1080x1527.jpg 1080w, https:\/\/sare.eus\/wp-content\/uploads\/2023\/08\/Ab-19-Donostia-01-04-scaled.jpg 1811w\" sizes=\"(max-width: 724px) 100vw, 724px\" \/><\/figure>\n","protected":false},"excerpt":{"rendered":"<p>Una vez m\u00e1s, estamos aqu\u00ed para dar a conocer la manifestaci\u00f3n organizada por Sare Herritarra en el contexto de la semana grande de Donostia. Lamentablemente, todav\u00eda nos vemos obligados a [&hellip;]<\/p>\n","protected":false},"author":2,"featured_media":5378,"comment_status":"closed","ping_status":"closed","sticky":false,"template":"","format":"standard","meta":{"_acf_changed":false,"_et_pb_use_builder":"off","_et_pb_old_content":"","_et_gb_content_width":"","footnotes":""},"categories":[60],"tags":[],"class_list":["post-5370","post","type-post","status-publish","format-standard","has-post-thumbnail","hentry","category-etxera-es","et-has-post-format-content","et_post_format-et-post-format-standard"],"acf":[],"yoast_head":"<!-- This site is optimized with the Yoast SEO plugin v26.4 - https:\/\/yoast.com\/wordpress\/plugins\/seo\/ -->\n<title>SARE se movilizar\u00e1 contra las medidas de excepci\u00f3n en las fiestas de Donostia de este a\u00f1o - Sare Herritarra<\/title>\n<meta name=\"robots\" content=\"index, follow, max-snippet:-1, max-image-preview:large, max-video-preview:-1\" \/>\n<link rel=\"canonical\" href=\"https:\/\/sare.eus\/es\/sare-se-movilizara-contra-las-medidas-de-excepcion-en-las-fiestas-de-donostia-de-este-ano\/\" \/>\n<meta property=\"og:locale\" content=\"es_ES\" \/>\n<meta property=\"og:type\" content=\"article\" \/>\n<meta property=\"og:title\" content=\"SARE se movilizar\u00e1 contra las medidas de excepci\u00f3n en las fiestas de Donostia de este a\u00f1o - Sare Herritarra\" \/>\n<meta property=\"og:description\" content=\"Una vez m\u00e1s, estamos aqu\u00ed para dar a conocer la manifestaci\u00f3n organizada por Sare Herritarra en el contexto de la semana grande de Donostia. Lamentablemente, todav\u00eda nos vemos obligados a [&hellip;]\" \/>\n<meta property=\"og:url\" content=\"https:\/\/sare.eus\/es\/sare-se-movilizara-contra-las-medidas-de-excepcion-en-las-fiestas-de-donostia-de-este-ano\/\" \/>\n<meta property=\"og:site_name\" content=\"Sare Herritarra\" \/>\n<meta property=\"article:published_time\" content=\"2023-08-09T19:39:22+00:00\" \/>\n<meta property=\"article:modified_time\" content=\"2023-08-09T19:53:40+00:00\" \/>\n<meta property=\"og:image\" content=\"https:\/\/sare.eus\/wp-content\/uploads\/2023\/08\/IMG_20230810_113442_676.jpg\" \/>\n\t<meta property=\"og:image:width\" content=\"1280\" \/>\n\t<meta property=\"og:image:height\" content=\"856\" \/>\n\t<meta property=\"og:image:type\" content=\"image\/jpeg\" \/>\n<meta name=\"author\" content=\"sare\" \/>\n<meta name=\"twitter:card\" content=\"summary_large_image\" \/>\n<meta name=\"twitter:label1\" content=\"Escrito por\" \/>\n\t<meta name=\"twitter:data1\" content=\"sare\" \/>\n\t<meta name=\"twitter:label2\" content=\"Tiempo de lectura\" \/>\n\t<meta name=\"twitter:data2\" content=\"2 minutos\" \/>\n<script type=\"application\/ld+json\" class=\"yoast-schema-graph\">{\"@context\":\"https:\/\/schema.org\",\"@graph\":[{\"@type\":\"Article\",\"@id\":\"https:\/\/sare.eus\/es\/sare-se-movilizara-contra-las-medidas-de-excepcion-en-las-fiestas-de-donostia-de-este-ano\/#article\",\"isPartOf\":{\"@id\":\"https:\/\/sare.eus\/es\/sare-se-movilizara-contra-las-medidas-de-excepcion-en-las-fiestas-de-donostia-de-este-ano\/\"},\"author\":{\"name\":\"sare\",\"@id\":\"https:\/\/sare.eus\/#\/schema\/person\/2fe6d0df294f56313d3ab236dbe38e17\"},\"headline\":\"SARE se movilizar\u00e1 contra las medidas de excepci\u00f3n en las fiestas de Donostia de este a\u00f1o\",\"datePublished\":\"2023-08-09T19:39:22+00:00\",\"dateModified\":\"2023-08-09T19:53:40+00:00\",\"mainEntityOfPage\":{\"@id\":\"https:\/\/sare.eus\/es\/sare-se-movilizara-contra-las-medidas-de-excepcion-en-las-fiestas-de-donostia-de-este-ano\/\"},\"wordCount\":262,\"publisher\":{\"@id\":\"https:\/\/sare.eus\/#organization\"},\"image\":{\"@id\":\"https:\/\/sare.eus\/es\/sare-se-movilizara-contra-las-medidas-de-excepcion-en-las-fiestas-de-donostia-de-este-ano\/#primaryimage\"},\"thumbnailUrl\":\"https:\/\/sare.eus\/wp-content\/uploads\/2023\/08\/IMG_20230810_113442_676.jpg\",\"articleSection\":[\"Etxera\"],\"inLanguage\":\"es\"},{\"@type\":\"WebPage\",\"@id\":\"https:\/\/sare.eus\/es\/sare-se-movilizara-contra-las-medidas-de-excepcion-en-las-fiestas-de-donostia-de-este-ano\/\",\"url\":\"https:\/\/sare.eus\/es\/sare-se-movilizara-contra-las-medidas-de-excepcion-en-las-fiestas-de-donostia-de-este-ano\/\",\"name\":\"SARE se movilizar\u00e1 contra las medidas de excepci\u00f3n en las fiestas de Donostia de este a\u00f1o - Sare Herritarra\",\"isPartOf\":{\"@id\":\"https:\/\/sare.eus\/#website\"},\"primaryImageOfPage\":{\"@id\":\"https:\/\/sare.eus\/es\/sare-se-movilizara-contra-las-medidas-de-excepcion-en-las-fiestas-de-donostia-de-este-ano\/#primaryimage\"},\"image\":{\"@id\":\"https:\/\/sare.eus\/es\/sare-se-movilizara-contra-las-medidas-de-excepcion-en-las-fiestas-de-donostia-de-este-ano\/#primaryimage\"},\"thumbnailUrl\":\"https:\/\/sare.eus\/wp-content\/uploads\/2023\/08\/IMG_20230810_113442_676.jpg\",\"datePublished\":\"2023-08-09T19:39:22+00:00\",\"dateModified\":\"2023-08-09T19:53:40+00:00\",\"breadcrumb\":{\"@id\":\"https:\/\/sare.eus\/es\/sare-se-movilizara-contra-las-medidas-de-excepcion-en-las-fiestas-de-donostia-de-este-ano\/#breadcrumb\"},\"inLanguage\":\"es\",\"potentialAction\":[{\"@type\":\"ReadAction\",\"target\":[\"https:\/\/sare.eus\/es\/sare-se-movilizara-contra-las-medidas-de-excepcion-en-las-fiestas-de-donostia-de-este-ano\/\"]}]},{\"@type\":\"ImageObject\",\"inLanguage\":\"es\",\"@id\":\"https:\/\/sare.eus\/es\/sare-se-movilizara-contra-las-medidas-de-excepcion-en-las-fiestas-de-donostia-de-este-ano\/#primaryimage\",\"url\":\"https:\/\/sare.eus\/wp-content\/uploads\/2023\/08\/IMG_20230810_113442_676.jpg\",\"contentUrl\":\"https:\/\/sare.eus\/wp-content\/uploads\/2023\/08\/IMG_20230810_113442_676.jpg\",\"width\":1280,\"height\":856},{\"@type\":\"BreadcrumbList\",\"@id\":\"https:\/\/sare.eus\/es\/sare-se-movilizara-contra-las-medidas-de-excepcion-en-las-fiestas-de-donostia-de-este-ano\/#breadcrumb\",\"itemListElement\":[{\"@type\":\"ListItem\",\"position\":1,\"name\":\"Home\",\"item\":\"https:\/\/sare.eus\/\"},{\"@type\":\"ListItem\",\"position\":2,\"name\":\"SARE se movilizar\u00e1 contra las medidas de excepci\u00f3n en las fiestas de Donostia de este a\u00f1o\"}]},{\"@type\":\"WebSite\",\"@id\":\"https:\/\/sare.eus\/#website\",\"url\":\"https:\/\/sare.eus\/\",\"name\":\"Sare Herritarra\",\"description\":\"KONPONBIDEAREN ETA GIZA ESKUBIDEEN ALDEKO SARE HERRITARRA\",\"publisher\":{\"@id\":\"https:\/\/sare.eus\/#organization\"},\"potentialAction\":[{\"@type\":\"SearchAction\",\"target\":{\"@type\":\"EntryPoint\",\"urlTemplate\":\"https:\/\/sare.eus\/?s={search_term_string}\"},\"query-input\":{\"@type\":\"PropertyValueSpecification\",\"valueRequired\":true,\"valueName\":\"search_term_string\"}}],\"inLanguage\":\"es\"},{\"@type\":\"Organization\",\"@id\":\"https:\/\/sare.eus\/#organization\",\"name\":\"Sare Herritarra\",\"url\":\"https:\/\/sare.eus\/\",\"logo\":{\"@type\":\"ImageObject\",\"inLanguage\":\"es\",\"@id\":\"https:\/\/sare.eus\/#\/schema\/logo\/image\/\",\"url\":\"https:\/\/sare.eus\/wp-content\/uploads\/2021\/08\/sare.png\",\"contentUrl\":\"https:\/\/sare.eus\/wp-content\/uploads\/2021\/08\/sare.png\",\"width\":120,\"height\":142,\"caption\":\"Sare Herritarra\"},\"image\":{\"@id\":\"https:\/\/sare.eus\/#\/schema\/logo\/image\/\"}},{\"@type\":\"Person\",\"@id\":\"https:\/\/sare.eus\/#\/schema\/person\/2fe6d0df294f56313d3ab236dbe38e17\",\"name\":\"sare\",\"image\":{\"@type\":\"ImageObject\",\"inLanguage\":\"es\",\"@id\":\"https:\/\/sare.eus\/#\/schema\/person\/image\/\",\"url\":\"https:\/\/secure.gravatar.com\/avatar\/77cad838677ceb1977e7b3c878b55eaa7fa4aae2158983063b047c3ad7ef2c25?s=96&d=mm&r=g\",\"contentUrl\":\"https:\/\/secure.gravatar.com\/avatar\/77cad838677ceb1977e7b3c878b55eaa7fa4aae2158983063b047c3ad7ef2c25?s=96&d=mm&r=g\",\"caption\":\"sare\"},\"url\":\"https:\/\/sare.eus\/es\/author\/sare\/\"}]}<\/script>\n<!-- \/ Yoast SEO plugin. -->","yoast_head_json":{"title":"SARE se movilizar\u00e1 contra las medidas de excepci\u00f3n en las fiestas de Donostia de este a\u00f1o - Sare Herritarra","robots":{"index":"index","follow":"follow","max-snippet":"max-snippet:-1","max-image-preview":"max-image-preview:large","max-video-preview":"max-video-preview:-1"},"canonical":"https:\/\/sare.eus\/es\/sare-se-movilizara-contra-las-medidas-de-excepcion-en-las-fiestas-de-donostia-de-este-ano\/","og_locale":"es_ES","og_type":"article","og_title":"SARE se movilizar\u00e1 contra las medidas de excepci\u00f3n en las fiestas de Donostia de este a\u00f1o - Sare Herritarra","og_description":"Una vez m\u00e1s, estamos aqu\u00ed para dar a conocer la manifestaci\u00f3n organizada por Sare Herritarra en el contexto de la semana grande de Donostia. Lamentablemente, todav\u00eda nos vemos obligados a [&hellip;]","og_url":"https:\/\/sare.eus\/es\/sare-se-movilizara-contra-las-medidas-de-excepcion-en-las-fiestas-de-donostia-de-este-ano\/","og_site_name":"Sare Herritarra","article_published_time":"2023-08-09T19:39:22+00:00","article_modified_time":"2023-08-09T19:53:40+00:00","og_image":[{"width":1280,"height":856,"url":"https:\/\/sare.eus\/wp-content\/uploads\/2023\/08\/IMG_20230810_113442_676.jpg","type":"image\/jpeg"}],"author":"sare","twitter_card":"summary_large_image","twitter_misc":{"Escrito por":"sare","Tiempo de lectura":"2 minutos"},"schema":{"@context":"https:\/\/schema.org","@graph":[{"@type":"Article","@id":"https:\/\/sare.eus\/es\/sare-se-movilizara-contra-las-medidas-de-excepcion-en-las-fiestas-de-donostia-de-este-ano\/#article","isPartOf":{"@id":"https:\/\/sare.eus\/es\/sare-se-movilizara-contra-las-medidas-de-excepcion-en-las-fiestas-de-donostia-de-este-ano\/"},"author":{"name":"sare","@id":"https:\/\/sare.eus\/#\/schema\/person\/2fe6d0df294f56313d3ab236dbe38e17"},"headline":"SARE se movilizar\u00e1 contra las medidas de excepci\u00f3n en las fiestas de Donostia de este a\u00f1o","datePublished":"2023-08-09T19:39:22+00:00","dateModified":"2023-08-09T19:53:40+00:00","mainEntityOfPage":{"@id":"https:\/\/sare.eus\/es\/sare-se-movilizara-contra-las-medidas-de-excepcion-en-las-fiestas-de-donostia-de-este-ano\/"},"wordCount":262,"publisher":{"@id":"https:\/\/sare.eus\/#organization"},"image":{"@id":"https:\/\/sare.eus\/es\/sare-se-movilizara-contra-las-medidas-de-excepcion-en-las-fiestas-de-donostia-de-este-ano\/#primaryimage"},"thumbnailUrl":"https:\/\/sare.eus\/wp-content\/uploads\/2023\/08\/IMG_20230810_113442_676.jpg","articleSection":["Etxera"],"inLanguage":"es"},{"@type":"WebPage","@id":"https:\/\/sare.eus\/es\/sare-se-movilizara-contra-las-medidas-de-excepcion-en-las-fiestas-de-donostia-de-este-ano\/","url":"https:\/\/sare.eus\/es\/sare-se-movilizara-contra-las-medidas-de-excepcion-en-las-fiestas-de-donostia-de-este-ano\/","name":"SARE se movilizar\u00e1 contra las medidas de excepci\u00f3n en las fiestas de Donostia de este a\u00f1o - Sare Herritarra","isPartOf":{"@id":"https:\/\/sare.eus\/#website"},"primaryImageOfPage":{"@id":"https:\/\/sare.eus\/es\/sare-se-movilizara-contra-las-medidas-de-excepcion-en-las-fiestas-de-donostia-de-este-ano\/#primaryimage"},"image":{"@id":"https:\/\/sare.eus\/es\/sare-se-movilizara-contra-las-medidas-de-excepcion-en-las-fiestas-de-donostia-de-este-ano\/#primaryimage"},"thumbnailUrl":"https:\/\/sare.eus\/wp-content\/uploads\/2023\/08\/IMG_20230810_113442_676.jpg","datePublished":"2023-08-09T19:39:22+00:00","dateModified":"2023-08-09T19:53:40+00:00","breadcrumb":{"@id":"https:\/\/sare.eus\/es\/sare-se-movilizara-contra-las-medidas-de-excepcion-en-las-fiestas-de-donostia-de-este-ano\/#breadcrumb"},"inLanguage":"es","potentialAction":[{"@type":"ReadAction","target":["https:\/\/sare.eus\/es\/sare-se-movilizara-contra-las-medidas-de-excepcion-en-las-fiestas-de-donostia-de-este-ano\/"]}]},{"@type":"ImageObject","inLanguage":"es","@id":"https:\/\/sare.eus\/es\/sare-se-movilizara-contra-las-medidas-de-excepcion-en-las-fiestas-de-donostia-de-este-ano\/#primaryimage","url":"https:\/\/sare.eus\/wp-content\/uploads\/2023\/08\/IMG_20230810_113442_676.jpg","contentUrl":"https:\/\/sare.eus\/wp-content\/uploads\/2023\/08\/IMG_20230810_113442_676.jpg","width":1280,"height":856},{"@type":"BreadcrumbList","@id":"https:\/\/sare.eus\/es\/sare-se-movilizara-contra-las-medidas-de-excepcion-en-las-fiestas-de-donostia-de-este-ano\/#breadcrumb","itemListElement":[{"@type":"ListItem","position":1,"name":"Home","item":"https:\/\/sare.eus\/"},{"@type":"ListItem","position":2,"name":"SARE se movilizar\u00e1 contra las medidas de excepci\u00f3n en las fiestas de Donostia de este a\u00f1o"}]},{"@type":"WebSite","@id":"https:\/\/sare.eus\/#website","url":"https:\/\/sare.eus\/","name":"Sare Herritarra","description":"KONPONBIDEAREN ETA GIZA ESKUBIDEEN ALDEKO SARE HERRITARRA","publisher":{"@id":"https:\/\/sare.eus\/#organization"},"potentialAction":[{"@type":"SearchAction","target":{"@type":"EntryPoint","urlTemplate":"https:\/\/sare.eus\/?s={search_term_string}"},"query-input":{"@type":"PropertyValueSpecification","valueRequired":true,"valueName":"search_term_string"}}],"inLanguage":"es"},{"@type":"Organization","@id":"https:\/\/sare.eus\/#organization","name":"Sare Herritarra","url":"https:\/\/sare.eus\/","logo":{"@type":"ImageObject","inLanguage":"es","@id":"https:\/\/sare.eus\/#\/schema\/logo\/image\/","url":"https:\/\/sare.eus\/wp-content\/uploads\/2021\/08\/sare.png","contentUrl":"https:\/\/sare.eus\/wp-content\/uploads\/2021\/08\/sare.png","width":120,"height":142,"caption":"Sare Herritarra"},"image":{"@id":"https:\/\/sare.eus\/#\/schema\/logo\/image\/"}},{"@type":"Person","@id":"https:\/\/sare.eus\/#\/schema\/person\/2fe6d0df294f56313d3ab236dbe38e17","name":"sare","image":{"@type":"ImageObject","inLanguage":"es","@id":"https:\/\/sare.eus\/#\/schema\/person\/image\/","url":"https:\/\/secure.gravatar.com\/avatar\/77cad838677ceb1977e7b3c878b55eaa7fa4aae2158983063b047c3ad7ef2c25?s=96&d=mm&r=g","contentUrl":"https:\/\/secure.gravatar.com\/avatar\/77cad838677ceb1977e7b3c878b55eaa7fa4aae2158983063b047c3ad7ef2c25?s=96&d=mm&r=g","caption":"sare"},"url":"https:\/\/sare.eus\/es\/author\/sare\/"}]}},"_links":{"self":[{"href":"https:\/\/sare.eus\/es\/wp-json\/wp\/v2\/posts\/5370","targetHints":{"allow":["GET"]}}],"collection":[{"href":"https:\/\/sare.eus\/es\/wp-json\/wp\/v2\/posts"}],"about":[{"href":"https:\/\/sare.eus\/es\/wp-json\/wp\/v2\/types\/post"}],"author":[{"embeddable":true,"href":"https:\/\/sare.eus\/es\/wp-json\/wp\/v2\/users\/2"}],"replies":[{"embeddable":true,"href":"https:\/\/sare.eus\/es\/wp-json\/wp\/v2\/comments?post=5370"}],"version-history":[{"count":3,"href":"https:\/\/sare.eus\/es\/wp-json\/wp\/v2\/posts\/5370\/revisions"}],"predecessor-version":[{"id":5376,"href":"https:\/\/sare.eus\/es\/wp-json\/wp\/v2\/posts\/5370\/revisions\/5376"}],"wp:featuredmedia":[{"embeddable":true,"href":"https:\/\/sare.eus\/es\/wp-json\/wp\/v2\/media\/5378"}],"wp:attachment":[{"href":"https:\/\/sare.eus\/es\/wp-json\/wp\/v2\/media?parent=5370"}],"wp:term":[{"taxonomy":"category","embeddable":true,"href":"https:\/\/sare.eus\/es\/wp-json\/wp\/v2\/categories?post=5370"},{"taxonomy":"post_tag","embeddable":true,"href":"https:\/\/sare.eus\/es\/wp-json\/wp\/v2\/tags?post=5370"}],"curies":[{"name":"wp","href":"https:\/\/api.w.org\/{rel}","templated":true}]}}