{"id":5355,"date":"2023-08-14T04:15:00","date_gmt":"2023-08-14T04:15:00","guid":{"rendered":"https:\/\/sare.eus\/?p=5355"},"modified":"2023-08-09T16:27:56","modified_gmt":"2023-08-09T16:27:56","slug":"bilboko-konpartsak-y-sare-organizan-una-manifestacion-el-25-de-agosto-en-las-fiestas-de-bilbo","status":"publish","type":"post","link":"https:\/\/sare.eus\/es\/bilboko-konpartsak-y-sare-organizan-una-manifestacion-el-25-de-agosto-en-las-fiestas-de-bilbo\/","title":{"rendered":"Bilboko Konpartsak y SARE organizan una manifestaci\u00f3n el 25 de Agosto en las fiestas de Bilbo"},"content":{"rendered":"<p>Una vez m\u00e1s, estamos aqu\u00ed para dar a conocer la manifestaci\u00f3n que hemos organizado las comparsas de Bilbo y Sare Herritarra bajo el lema \u00abEtxera\u00bb. Lamentablemente, nos vemos en la obligaci\u00f3n de convocar esta movilizaci\u00f3n ya que todav\u00eda queda mucho camino para conseguir normalizar la situaci\u00f3n de las presas y de los presos y de las refugiadas y de los refugiados.<\/p>\n<p>Hemos estado m\u00e1s de 34 a\u00f1os pidiendo el fin de la pol\u00edtica de alejamiento porque era inhumana, vengativa y cruel. Pero la superaci\u00f3n de esta pol\u00edtica de alejamiento no ha supuesto el fin de la vulneraci\u00f3n de los derechos de los y las presas vascas, porque las medidas de excepci\u00f3n y las vulneraciones de derechos que obstaculizan el camino a casa siguen siendo norma.<\/p>\n<p>Son constantes los ataques de la fiscal\u00eda y de la Audiencia Nacional, actitudes basadas en la venganza que pretenden frustrar la soluci\u00f3n y anclar a este pueblo en el pasado. Ejemplo de ello son las regresiones de grado que se han dado en los \u00faltimos meses.<br \/>No nos cansamos de repetir que no pedimos ning\u00fan privilegio: es el momento de desactivar la excepcionalidad, aplicar la legislaci\u00f3n ordinaria y dejar de obstaculizar el recorrido que por derecho les corresponde.<\/p>\n<p>Los queremos en casa. S\u00ed, A CASA. Para avanzar en el camino de la convivencia, debemos dar soluci\u00f3n a la cuesti\u00f3n de los y las presas, exiliadas y deportadas vascas. Y para que ese objetivo sea una realidad os necesitamos a todos y a todas.<\/p>\n<p><strong>En este sentido, las comparsas de Bilbo y Sare Herritarra llamamos a participar en la manifestaci\u00f3n que partir\u00e1 de la Plaza El\u00edptica el pr\u00f3ximo 25 de agosto a las 13:00 horas. Disfrutemos conjuntamente de las fiestas, pero sin olvidar la reivindicaci\u00f3n de sus derechos.<\/strong><\/p>\n<p><br \/><strong>\u00a1Entre todos y todas lo conseguiremos!<\/strong><\/p>\n\n\n<figure class=\"wp-block-image size-large\"><img loading=\"lazy\" decoding=\"async\" width=\"1024\" height=\"1024\" src=\"https:\/\/sare.eus\/wp-content\/uploads\/2023\/08\/WhatsApp-Image-2023-07-28-at-14.53.34-1024x1024.jpeg\" alt=\"\" class=\"wp-image-5356\" srcset=\"https:\/\/sare.eus\/wp-content\/uploads\/2023\/08\/WhatsApp-Image-2023-07-28-at-14.53.34-1024x1024.jpeg 1024w, https:\/\/sare.eus\/wp-content\/uploads\/2023\/08\/WhatsApp-Image-2023-07-28-at-14.53.34-300x300.jpeg 300w, https:\/\/sare.eus\/wp-content\/uploads\/2023\/08\/WhatsApp-Image-2023-07-28-at-14.53.34-150x150.jpeg 150w, https:\/\/sare.eus\/wp-content\/uploads\/2023\/08\/WhatsApp-Image-2023-07-28-at-14.53.34-768x768.jpeg 768w, https:\/\/sare.eus\/wp-content\/uploads\/2023\/08\/WhatsApp-Image-2023-07-28-at-14.53.34-1536x1536.jpeg 1536w, https:\/\/sare.eus\/wp-content\/uploads\/2023\/08\/WhatsApp-Image-2023-07-28-at-14.53.34-1080x1080.jpeg 1080w, https:\/\/sare.eus\/wp-content\/uploads\/2023\/08\/WhatsApp-Image-2023-07-28-at-14.53.34-440x440.jpeg 440w, https:\/\/sare.eus\/wp-content\/uploads\/2023\/08\/WhatsApp-Image-2023-07-28-at-14.53.34.jpeg 1600w\" sizes=\"(max-width: 1024px) 100vw, 1024px\" \/><\/figure>\n","protected":false},"excerpt":{"rendered":"<p>Una vez m\u00e1s, estamos aqu\u00ed para dar a conocer la manifestaci\u00f3n que hemos organizado las comparsas de Bilbo y Sare Herritarra bajo el lema \u00abEtxera\u00bb. Lamentablemente, nos vemos en la [&hellip;]<\/p>\n","protected":false},"author":2,"featured_media":5384,"comment_status":"closed","ping_status":"closed","sticky":false,"template":"","format":"standard","meta":{"_acf_changed":false,"_et_pb_use_builder":"off","_et_pb_old_content":"","_et_gb_content_width":"","footnotes":""},"categories":[60],"tags":[],"class_list":["post-5355","post","type-post","status-publish","format-standard","has-post-thumbnail","hentry","category-etxera-es","et-has-post-format-content","et_post_format-et-post-format-standard"],"acf":[],"yoast_head":"<!-- This site is optimized with the Yoast SEO plugin v26.4 - https:\/\/yoast.com\/wordpress\/plugins\/seo\/ -->\n<title>Bilboko Konpartsak y SARE organizan una manifestaci\u00f3n el 25 de Agosto en las fiestas de Bilbo - Sare Herritarra<\/title>\n<meta name=\"robots\" content=\"index, follow, max-snippet:-1, max-image-preview:large, max-video-preview:-1\" \/>\n<link rel=\"canonical\" href=\"https:\/\/sare.eus\/es\/bilboko-konpartsak-y-sare-organizan-una-manifestacion-el-25-de-agosto-en-las-fiestas-de-bilbo\/\" \/>\n<meta property=\"og:locale\" content=\"es_ES\" \/>\n<meta property=\"og:type\" content=\"article\" \/>\n<meta property=\"og:title\" content=\"Bilboko Konpartsak y SARE organizan una manifestaci\u00f3n el 25 de Agosto en las fiestas de Bilbo - Sare Herritarra\" \/>\n<meta property=\"og:description\" content=\"Una vez m\u00e1s, estamos aqu\u00ed para dar a conocer la manifestaci\u00f3n que hemos organizado las comparsas de Bilbo y Sare Herritarra bajo el lema \u00abEtxera\u00bb. Lamentablemente, nos vemos en la [&hellip;]\" \/>\n<meta property=\"og:url\" content=\"https:\/\/sare.eus\/es\/bilboko-konpartsak-y-sare-organizan-una-manifestacion-el-25-de-agosto-en-las-fiestas-de-bilbo\/\" \/>\n<meta property=\"og:site_name\" content=\"Sare Herritarra\" \/>\n<meta property=\"article:published_time\" content=\"2023-08-14T04:15:00+00:00\" \/>\n<meta property=\"og:image\" content=\"https:\/\/sare.eus\/wp-content\/uploads\/2023\/08\/photo_2023-08-14_10-43-00-e1692003836899.jpg\" \/>\n\t<meta property=\"og:image:width\" content=\"1280\" \/>\n\t<meta property=\"og:image:height\" content=\"960\" \/>\n\t<meta property=\"og:image:type\" content=\"image\/jpeg\" \/>\n<meta name=\"author\" content=\"sare\" \/>\n<meta name=\"twitter:card\" content=\"summary_large_image\" \/>\n<meta name=\"twitter:label1\" content=\"Escrito por\" \/>\n\t<meta name=\"twitter:data1\" content=\"sare\" \/>\n\t<meta name=\"twitter:label2\" content=\"Tiempo de lectura\" \/>\n\t<meta name=\"twitter:data2\" content=\"2 minutos\" \/>\n<script type=\"application\/ld+json\" class=\"yoast-schema-graph\">{\"@context\":\"https:\/\/schema.org\",\"@graph\":[{\"@type\":\"Article\",\"@id\":\"https:\/\/sare.eus\/es\/bilboko-konpartsak-y-sare-organizan-una-manifestacion-el-25-de-agosto-en-las-fiestas-de-bilbo\/#article\",\"isPartOf\":{\"@id\":\"https:\/\/sare.eus\/es\/bilboko-konpartsak-y-sare-organizan-una-manifestacion-el-25-de-agosto-en-las-fiestas-de-bilbo\/\"},\"author\":{\"name\":\"sare\",\"@id\":\"https:\/\/sare.eus\/#\/schema\/person\/2fe6d0df294f56313d3ab236dbe38e17\"},\"headline\":\"Bilboko Konpartsak y SARE organizan una manifestaci\u00f3n el 25 de Agosto en las fiestas de Bilbo\",\"datePublished\":\"2023-08-14T04:15:00+00:00\",\"mainEntityOfPage\":{\"@id\":\"https:\/\/sare.eus\/es\/bilboko-konpartsak-y-sare-organizan-una-manifestacion-el-25-de-agosto-en-las-fiestas-de-bilbo\/\"},\"wordCount\":334,\"publisher\":{\"@id\":\"https:\/\/sare.eus\/#organization\"},\"image\":{\"@id\":\"https:\/\/sare.eus\/es\/bilboko-konpartsak-y-sare-organizan-una-manifestacion-el-25-de-agosto-en-las-fiestas-de-bilbo\/#primaryimage\"},\"thumbnailUrl\":\"https:\/\/sare.eus\/wp-content\/uploads\/2023\/08\/photo_2023-08-14_10-43-00-e1692003836899.jpg\",\"articleSection\":[\"Etxera\"],\"inLanguage\":\"es\"},{\"@type\":\"WebPage\",\"@id\":\"https:\/\/sare.eus\/es\/bilboko-konpartsak-y-sare-organizan-una-manifestacion-el-25-de-agosto-en-las-fiestas-de-bilbo\/\",\"url\":\"https:\/\/sare.eus\/es\/bilboko-konpartsak-y-sare-organizan-una-manifestacion-el-25-de-agosto-en-las-fiestas-de-bilbo\/\",\"name\":\"Bilboko Konpartsak y SARE organizan una manifestaci\u00f3n el 25 de Agosto en las fiestas de Bilbo - Sare Herritarra\",\"isPartOf\":{\"@id\":\"https:\/\/sare.eus\/#website\"},\"primaryImageOfPage\":{\"@id\":\"https:\/\/sare.eus\/es\/bilboko-konpartsak-y-sare-organizan-una-manifestacion-el-25-de-agosto-en-las-fiestas-de-bilbo\/#primaryimage\"},\"image\":{\"@id\":\"https:\/\/sare.eus\/es\/bilboko-konpartsak-y-sare-organizan-una-manifestacion-el-25-de-agosto-en-las-fiestas-de-bilbo\/#primaryimage\"},\"thumbnailUrl\":\"https:\/\/sare.eus\/wp-content\/uploads\/2023\/08\/photo_2023-08-14_10-43-00-e1692003836899.jpg\",\"datePublished\":\"2023-08-14T04:15:00+00:00\",\"breadcrumb\":{\"@id\":\"https:\/\/sare.eus\/es\/bilboko-konpartsak-y-sare-organizan-una-manifestacion-el-25-de-agosto-en-las-fiestas-de-bilbo\/#breadcrumb\"},\"inLanguage\":\"es\",\"potentialAction\":[{\"@type\":\"ReadAction\",\"target\":[\"https:\/\/sare.eus\/es\/bilboko-konpartsak-y-sare-organizan-una-manifestacion-el-25-de-agosto-en-las-fiestas-de-bilbo\/\"]}]},{\"@type\":\"ImageObject\",\"inLanguage\":\"es\",\"@id\":\"https:\/\/sare.eus\/es\/bilboko-konpartsak-y-sare-organizan-una-manifestacion-el-25-de-agosto-en-las-fiestas-de-bilbo\/#primaryimage\",\"url\":\"https:\/\/sare.eus\/wp-content\/uploads\/2023\/08\/photo_2023-08-14_10-43-00-e1692003836899.jpg\",\"contentUrl\":\"https:\/\/sare.eus\/wp-content\/uploads\/2023\/08\/photo_2023-08-14_10-43-00-e1692003836899.jpg\",\"width\":1280,\"height\":960},{\"@type\":\"BreadcrumbList\",\"@id\":\"https:\/\/sare.eus\/es\/bilboko-konpartsak-y-sare-organizan-una-manifestacion-el-25-de-agosto-en-las-fiestas-de-bilbo\/#breadcrumb\",\"itemListElement\":[{\"@type\":\"ListItem\",\"position\":1,\"name\":\"Home\",\"item\":\"https:\/\/sare.eus\/\"},{\"@type\":\"ListItem\",\"position\":2,\"name\":\"Bilboko Konpartsak y SARE organizan una manifestaci\u00f3n el 25 de Agosto en las fiestas de Bilbo\"}]},{\"@type\":\"WebSite\",\"@id\":\"https:\/\/sare.eus\/#website\",\"url\":\"https:\/\/sare.eus\/\",\"name\":\"Sare Herritarra\",\"description\":\"KONPONBIDEAREN ETA GIZA ESKUBIDEEN ALDEKO SARE HERRITARRA\",\"publisher\":{\"@id\":\"https:\/\/sare.eus\/#organization\"},\"potentialAction\":[{\"@type\":\"SearchAction\",\"target\":{\"@type\":\"EntryPoint\",\"urlTemplate\":\"https:\/\/sare.eus\/?s={search_term_string}\"},\"query-input\":{\"@type\":\"PropertyValueSpecification\",\"valueRequired\":true,\"valueName\":\"search_term_string\"}}],\"inLanguage\":\"es\"},{\"@type\":\"Organization\",\"@id\":\"https:\/\/sare.eus\/#organization\",\"name\":\"Sare Herritarra\",\"url\":\"https:\/\/sare.eus\/\",\"logo\":{\"@type\":\"ImageObject\",\"inLanguage\":\"es\",\"@id\":\"https:\/\/sare.eus\/#\/schema\/logo\/image\/\",\"url\":\"https:\/\/sare.eus\/wp-content\/uploads\/2021\/08\/sare.png\",\"contentUrl\":\"https:\/\/sare.eus\/wp-content\/uploads\/2021\/08\/sare.png\",\"width\":120,\"height\":142,\"caption\":\"Sare Herritarra\"},\"image\":{\"@id\":\"https:\/\/sare.eus\/#\/schema\/logo\/image\/\"}},{\"@type\":\"Person\",\"@id\":\"https:\/\/sare.eus\/#\/schema\/person\/2fe6d0df294f56313d3ab236dbe38e17\",\"name\":\"sare\",\"image\":{\"@type\":\"ImageObject\",\"inLanguage\":\"es\",\"@id\":\"https:\/\/sare.eus\/#\/schema\/person\/image\/\",\"url\":\"https:\/\/secure.gravatar.com\/avatar\/77cad838677ceb1977e7b3c878b55eaa7fa4aae2158983063b047c3ad7ef2c25?s=96&d=mm&r=g\",\"contentUrl\":\"https:\/\/secure.gravatar.com\/avatar\/77cad838677ceb1977e7b3c878b55eaa7fa4aae2158983063b047c3ad7ef2c25?s=96&d=mm&r=g\",\"caption\":\"sare\"},\"url\":\"https:\/\/sare.eus\/es\/author\/sare\/\"}]}<\/script>\n<!-- \/ Yoast SEO plugin. -->","yoast_head_json":{"title":"Bilboko Konpartsak y SARE organizan una manifestaci\u00f3n el 25 de Agosto en las fiestas de Bilbo - Sare Herritarra","robots":{"index":"index","follow":"follow","max-snippet":"max-snippet:-1","max-image-preview":"max-image-preview:large","max-video-preview":"max-video-preview:-1"},"canonical":"https:\/\/sare.eus\/es\/bilboko-konpartsak-y-sare-organizan-una-manifestacion-el-25-de-agosto-en-las-fiestas-de-bilbo\/","og_locale":"es_ES","og_type":"article","og_title":"Bilboko Konpartsak y SARE organizan una manifestaci\u00f3n el 25 de Agosto en las fiestas de Bilbo - Sare Herritarra","og_description":"Una vez m\u00e1s, estamos aqu\u00ed para dar a conocer la manifestaci\u00f3n que hemos organizado las comparsas de Bilbo y Sare Herritarra bajo el lema \u00abEtxera\u00bb. Lamentablemente, nos vemos en la [&hellip;]","og_url":"https:\/\/sare.eus\/es\/bilboko-konpartsak-y-sare-organizan-una-manifestacion-el-25-de-agosto-en-las-fiestas-de-bilbo\/","og_site_name":"Sare Herritarra","article_published_time":"2023-08-14T04:15:00+00:00","og_image":[{"width":1280,"height":960,"url":"https:\/\/sare.eus\/wp-content\/uploads\/2023\/08\/photo_2023-08-14_10-43-00-e1692003836899.jpg","type":"image\/jpeg"}],"author":"sare","twitter_card":"summary_large_image","twitter_misc":{"Escrito por":"sare","Tiempo de lectura":"2 minutos"},"schema":{"@context":"https:\/\/schema.org","@graph":[{"@type":"Article","@id":"https:\/\/sare.eus\/es\/bilboko-konpartsak-y-sare-organizan-una-manifestacion-el-25-de-agosto-en-las-fiestas-de-bilbo\/#article","isPartOf":{"@id":"https:\/\/sare.eus\/es\/bilboko-konpartsak-y-sare-organizan-una-manifestacion-el-25-de-agosto-en-las-fiestas-de-bilbo\/"},"author":{"name":"sare","@id":"https:\/\/sare.eus\/#\/schema\/person\/2fe6d0df294f56313d3ab236dbe38e17"},"headline":"Bilboko Konpartsak y SARE organizan una manifestaci\u00f3n el 25 de Agosto en las fiestas de Bilbo","datePublished":"2023-08-14T04:15:00+00:00","mainEntityOfPage":{"@id":"https:\/\/sare.eus\/es\/bilboko-konpartsak-y-sare-organizan-una-manifestacion-el-25-de-agosto-en-las-fiestas-de-bilbo\/"},"wordCount":334,"publisher":{"@id":"https:\/\/sare.eus\/#organization"},"image":{"@id":"https:\/\/sare.eus\/es\/bilboko-konpartsak-y-sare-organizan-una-manifestacion-el-25-de-agosto-en-las-fiestas-de-bilbo\/#primaryimage"},"thumbnailUrl":"https:\/\/sare.eus\/wp-content\/uploads\/2023\/08\/photo_2023-08-14_10-43-00-e1692003836899.jpg","articleSection":["Etxera"],"inLanguage":"es"},{"@type":"WebPage","@id":"https:\/\/sare.eus\/es\/bilboko-konpartsak-y-sare-organizan-una-manifestacion-el-25-de-agosto-en-las-fiestas-de-bilbo\/","url":"https:\/\/sare.eus\/es\/bilboko-konpartsak-y-sare-organizan-una-manifestacion-el-25-de-agosto-en-las-fiestas-de-bilbo\/","name":"Bilboko Konpartsak y SARE organizan una manifestaci\u00f3n el 25 de Agosto en las fiestas de Bilbo - Sare Herritarra","isPartOf":{"@id":"https:\/\/sare.eus\/#website"},"primaryImageOfPage":{"@id":"https:\/\/sare.eus\/es\/bilboko-konpartsak-y-sare-organizan-una-manifestacion-el-25-de-agosto-en-las-fiestas-de-bilbo\/#primaryimage"},"image":{"@id":"https:\/\/sare.eus\/es\/bilboko-konpartsak-y-sare-organizan-una-manifestacion-el-25-de-agosto-en-las-fiestas-de-bilbo\/#primaryimage"},"thumbnailUrl":"https:\/\/sare.eus\/wp-content\/uploads\/2023\/08\/photo_2023-08-14_10-43-00-e1692003836899.jpg","datePublished":"2023-08-14T04:15:00+00:00","breadcrumb":{"@id":"https:\/\/sare.eus\/es\/bilboko-konpartsak-y-sare-organizan-una-manifestacion-el-25-de-agosto-en-las-fiestas-de-bilbo\/#breadcrumb"},"inLanguage":"es","potentialAction":[{"@type":"ReadAction","target":["https:\/\/sare.eus\/es\/bilboko-konpartsak-y-sare-organizan-una-manifestacion-el-25-de-agosto-en-las-fiestas-de-bilbo\/"]}]},{"@type":"ImageObject","inLanguage":"es","@id":"https:\/\/sare.eus\/es\/bilboko-konpartsak-y-sare-organizan-una-manifestacion-el-25-de-agosto-en-las-fiestas-de-bilbo\/#primaryimage","url":"https:\/\/sare.eus\/wp-content\/uploads\/2023\/08\/photo_2023-08-14_10-43-00-e1692003836899.jpg","contentUrl":"https:\/\/sare.eus\/wp-content\/uploads\/2023\/08\/photo_2023-08-14_10-43-00-e1692003836899.jpg","width":1280,"height":960},{"@type":"BreadcrumbList","@id":"https:\/\/sare.eus\/es\/bilboko-konpartsak-y-sare-organizan-una-manifestacion-el-25-de-agosto-en-las-fiestas-de-bilbo\/#breadcrumb","itemListElement":[{"@type":"ListItem","position":1,"name":"Home","item":"https:\/\/sare.eus\/"},{"@type":"ListItem","position":2,"name":"Bilboko Konpartsak y SARE organizan una manifestaci\u00f3n el 25 de Agosto en las fiestas de Bilbo"}]},{"@type":"WebSite","@id":"https:\/\/sare.eus\/#website","url":"https:\/\/sare.eus\/","name":"Sare Herritarra","description":"KONPONBIDEAREN ETA GIZA ESKUBIDEEN ALDEKO SARE HERRITARRA","publisher":{"@id":"https:\/\/sare.eus\/#organization"},"potentialAction":[{"@type":"SearchAction","target":{"@type":"EntryPoint","urlTemplate":"https:\/\/sare.eus\/?s={search_term_string}"},"query-input":{"@type":"PropertyValueSpecification","valueRequired":true,"valueName":"search_term_string"}}],"inLanguage":"es"},{"@type":"Organization","@id":"https:\/\/sare.eus\/#organization","name":"Sare Herritarra","url":"https:\/\/sare.eus\/","logo":{"@type":"ImageObject","inLanguage":"es","@id":"https:\/\/sare.eus\/#\/schema\/logo\/image\/","url":"https:\/\/sare.eus\/wp-content\/uploads\/2021\/08\/sare.png","contentUrl":"https:\/\/sare.eus\/wp-content\/uploads\/2021\/08\/sare.png","width":120,"height":142,"caption":"Sare Herritarra"},"image":{"@id":"https:\/\/sare.eus\/#\/schema\/logo\/image\/"}},{"@type":"Person","@id":"https:\/\/sare.eus\/#\/schema\/person\/2fe6d0df294f56313d3ab236dbe38e17","name":"sare","image":{"@type":"ImageObject","inLanguage":"es","@id":"https:\/\/sare.eus\/#\/schema\/person\/image\/","url":"https:\/\/secure.gravatar.com\/avatar\/77cad838677ceb1977e7b3c878b55eaa7fa4aae2158983063b047c3ad7ef2c25?s=96&d=mm&r=g","contentUrl":"https:\/\/secure.gravatar.com\/avatar\/77cad838677ceb1977e7b3c878b55eaa7fa4aae2158983063b047c3ad7ef2c25?s=96&d=mm&r=g","caption":"sare"},"url":"https:\/\/sare.eus\/es\/author\/sare\/"}]}},"_links":{"self":[{"href":"https:\/\/sare.eus\/es\/wp-json\/wp\/v2\/posts\/5355","targetHints":{"allow":["GET"]}}],"collection":[{"href":"https:\/\/sare.eus\/es\/wp-json\/wp\/v2\/posts"}],"about":[{"href":"https:\/\/sare.eus\/es\/wp-json\/wp\/v2\/types\/post"}],"author":[{"embeddable":true,"href":"https:\/\/sare.eus\/es\/wp-json\/wp\/v2\/users\/2"}],"replies":[{"embeddable":true,"href":"https:\/\/sare.eus\/es\/wp-json\/wp\/v2\/comments?post=5355"}],"version-history":[{"count":2,"href":"https:\/\/sare.eus\/es\/wp-json\/wp\/v2\/posts\/5355\/revisions"}],"predecessor-version":[{"id":5361,"href":"https:\/\/sare.eus\/es\/wp-json\/wp\/v2\/posts\/5355\/revisions\/5361"}],"wp:featuredmedia":[{"embeddable":true,"href":"https:\/\/sare.eus\/es\/wp-json\/wp\/v2\/media\/5384"}],"wp:attachment":[{"href":"https:\/\/sare.eus\/es\/wp-json\/wp\/v2\/media?parent=5355"}],"wp:term":[{"taxonomy":"category","embeddable":true,"href":"https:\/\/sare.eus\/es\/wp-json\/wp\/v2\/categories?post=5355"},{"taxonomy":"post_tag","embeddable":true,"href":"https:\/\/sare.eus\/es\/wp-json\/wp\/v2\/tags?post=5355"}],"curies":[{"name":"wp","href":"https:\/\/api.w.org\/{rel}","templated":true}]}}