{"id":5345,"date":"2023-08-09T14:36:48","date_gmt":"2023-08-09T14:36:48","guid":{"rendered":"https:\/\/sare.eus\/jendetza-bildu-da-gasteizko-erdigunean-sarek-antolatutako-manifestazioan-parte-hartzeko\/"},"modified":"2023-08-09T14:40:29","modified_gmt":"2023-08-09T14:40:29","slug":"una-multitud-se-manifeista-en-gasteiz-convocada-por-sare","status":"publish","type":"post","link":"https:\/\/sare.eus\/es\/una-multitud-se-manifeista-en-gasteiz-convocada-por-sare\/","title":{"rendered":"Una multitud se manifeista en Gasteiz convocada por Sare"},"content":{"rendered":"<p class=\"western\" align=\"justify\"><span style=\"font-family: Matter, monospace;\"><span style=\"font-size: medium;\">Vivimos tiempos de esperanza en relaci\u00f3n a las presas y presos vascos. Gracias a la movilizaci\u00f3n social y a las iniciativas pol\u00edticas, jur\u00eddicas y sindicales hemos ido cerrando etapas para ir haciendo realidad, de manera progresiva, nuestro lema: ETXERA.<\/span><\/span><\/p>\n<p class=\"western\" align=\"justify\"><span style=\"font-family: Matter, monospace;\"><span style=\"font-size: medium;\">El esfuerzo popular, ha conseguido poner fin a la vulneraci\u00f3n de derechos de la pol\u00edtica de alejamiento que, durante m\u00e1s de 34 a\u00f1os, ha causado tanto sufrimiento, no solo en las prisiones, sino tambi\u00e9n en el colectivo familiar.<\/span><\/span><\/p>\n<p class=\"western\" align=\"justify\"><span style=\"font-family: Matter, monospace;\"><span style=\"font-size: medium;\">Ahora ya hemos entrado en una nueva etapa: abrir el camino de regreso a casa de las personas presas, exiliadas y deportadas: ETXERA<\/span><\/span><\/p>\n<p class=\"western\" align=\"justify\"><span style=\"font-family: Matter, monospace;\"><span style=\"font-size: medium;\">Doce a\u00f1os despu\u00e9s de la decisi\u00f3n de ETA de poner fin a su actividad armada, y m\u00e1s de cinco desde su autodisoluci\u00f3n, no se puede continuar como si nada hubiese cambiado en Euskal Herria.<\/span><\/span><\/p>\n<p class=\"western\" align=\"justify\"><span style=\"font-family: Matter, monospace;\"><span style=\"font-size: medium;\">No tiene justificaci\u00f3n alguna, que la pol\u00edtica de excepcionalidad jur\u00eddica se mantenga por lo que pedimos un compromiso firme a los agentes pol\u00edticos, sindicales y sociales, para poner fin a esa situaci\u00f3n de excepcionalidad que a\u00fan se sufre en las c\u00e1rceles.<\/span><\/span><\/p>\n<p class=\"western\" align=\"justify\"><span style=\"font-family: Matter, monospace;\"><span style=\"font-size: medium;\">No tiene justificaci\u00f3n alguna, que una justicia politizada, contin\u00fae negando la aplicaci\u00f3n de la normativa penitenciaria ordinaria a los presos y presas vascos, recurriendo de manera constante las decisiones de las Juntas de Tratamiento de los centros penitenciarios, cuando estos aprueban progresiones a Tercer Grado o la asignaci\u00f3n de permisos penitenciarios.<\/span><\/span><\/p>\n\n\n<figure class=\"wp-block-embed is-type-video is-provider-youtube wp-block-embed-youtube wp-embed-aspect-16-9 wp-has-aspect-ratio\"><div class=\"wp-block-embed__wrapper\">\n<iframe loading=\"lazy\" title=\"2023.08.05 | Gasteiz\" width=\"1080\" height=\"608\" src=\"https:\/\/www.youtube.com\/embed\/d4iPJ8aFVrY?feature=oembed\" frameborder=\"0\" allow=\"accelerometer; autoplay; clipboard-write; encrypted-media; gyroscope; picture-in-picture; web-share\" allowfullscreen><\/iframe>\n<\/div><\/figure>\n\n\n<p class=\"western\" align=\"justify\"><span style=\"font-family: Matter, monospace;\"><span style=\"font-size: medium;\">Lo hemos dicho muchas veces. No exigimos privilegios para estos presos y presas. NO. Pedimos legalidad. La misma legalidad que se aplica a cualquier otro preso o presa, de los miles que se encuentran en las c\u00e1rceles del Estado.<\/span><\/span><\/p>\n<p class=\"western\" align=\"justify\"><span style=\"font-family: Matter, monospace;\"><span style=\"font-size: medium;\">Estamos hablando de personas, que llevan cumplidos muchos a\u00f1os de sus condenas. Algunas m\u00e1s de 30 a\u00f1os. De personas que hace tiempo que cumplieron ya m\u00e1s de \u00be partes de sus condenas, sin que ninguna ley ampare que se les impida el cumplimiento del resto fuera de prisi\u00f3n.<\/span><\/span><\/p>\n<p class=\"western\" align=\"justify\"><span style=\"font-family: Matter, monospace;\"><span style=\"font-size: medium;\">Estamos hablando de personas, que en muchos casos han cumplido condenas en c\u00e1rceles francesas y al ser extraditadas al Estado espa\u00f1ol, no se han tenido en cuenta esos a\u00f1os teniendo que volver a empezar de cero. Es una ilegalidad en el espacio judicial europeo.<\/span><\/span><\/p>\n<p class=\"western\" align=\"justify\"><span style=\"font-family: Matter, monospace;\"><span style=\"font-size: medium;\">Estamos hablando de personas, que han sido condenadas a cuarenta a\u00f1os de prisi\u00f3n efectiva -una cadena perpetua encubierta- que no est\u00e1 recogida en la propia Constituci\u00f3n Espa\u00f1ola y que no se justifica en personas resocializables.<\/span><\/span><\/p>\n<p class=\"western\" align=\"justify\"><span style=\"font-family: Matter, monospace;\"><span style=\"font-size: medium;\">Esas personas presas son objeto, adem\u00e1s, de una injusticia comparativa que disuelve el principio de igualdad ante la ley. La inmensa mayor\u00eda de quienes mataron, lesionaron, torturaron o abusaron de su poder, por decisiones de Estado o cobij\u00e1ndose en la impunidad, ha sido raramente juzgada y las pocas personas que s\u00ed los fueron obtuvieron una r\u00e1pida excarcelaci\u00f3n. En el caso de los presos y presas vascas est\u00e1 ocurriendo todo lo contrario: la persecuci\u00f3n y vulneraci\u00f3n de sus derechos de manera permanente. <\/span><\/span><\/p>\n<p class=\"western\" align=\"justify\"><span style=\"font-family: Matter, monospace;\"><span style=\"font-size: medium;\">ETXERA Bai. Las queremos en casa. Y para hacer realidad este objetivo, os necesitamos a todas y todos. Esta no es una reivindicaci\u00f3n partidista ni ideol\u00f3gica. Se trata de una exigencia de respeto a los derechos humanos para quienes llevan d\u00e9cadas privados de libertad.<\/span><\/span><\/p>\n<p class=\"western\" align=\"justify\"><span style=\"font-family: Matter, monospace;\"><span style=\"font-size: medium;\">Por todo ello, os pedimos que compagin\u00e9is la alegr\u00eda de las fiestas de San Fermin, con la reivindicaci\u00f3n de que los queremos en casa. <\/span><\/span><\/p>\n<p class=\"western\" align=\"justify\"><span style=\"font-family: Matter, monospace;\"><span style=\"font-size: medium;\"><b>ETXERA. ETXERA ETA ETXERA!<\/b><\/span><\/span><\/p>","protected":false},"excerpt":{"rendered":"<p>Vivimos tiempos de esperanza en relaci\u00f3n a las presas y presos vascos. Gracias a la movilizaci\u00f3n social y a las iniciativas pol\u00edticas, jur\u00eddicas y sindicales hemos ido cerrando etapas para [&hellip;]<\/p>\n","protected":false},"author":2,"featured_media":5346,"comment_status":"closed","ping_status":"closed","sticky":false,"template":"","format":"standard","meta":{"_acf_changed":false,"_et_pb_use_builder":"off","_et_pb_old_content":"","_et_gb_content_width":"","footnotes":""},"categories":[60],"tags":[],"class_list":["post-5345","post","type-post","status-publish","format-standard","has-post-thumbnail","hentry","category-etxera-es","et-has-post-format-content","et_post_format-et-post-format-standard"],"acf":[],"yoast_head":"<!-- This site is optimized with the Yoast SEO plugin v26.4 - https:\/\/yoast.com\/wordpress\/plugins\/seo\/ -->\n<title>Una multitud se manifeista en Gasteiz convocada por Sare - Sare Herritarra<\/title>\n<meta name=\"robots\" content=\"index, follow, max-snippet:-1, max-image-preview:large, max-video-preview:-1\" \/>\n<link rel=\"canonical\" href=\"https:\/\/sare.eus\/es\/una-multitud-se-manifeista-en-gasteiz-convocada-por-sare\/\" \/>\n<meta property=\"og:locale\" content=\"es_ES\" \/>\n<meta property=\"og:type\" content=\"article\" \/>\n<meta property=\"og:title\" content=\"Una multitud se manifeista en Gasteiz convocada por Sare - Sare Herritarra\" \/>\n<meta property=\"og:description\" content=\"Vivimos tiempos de esperanza en relaci\u00f3n a las presas y presos vascos. Gracias a la movilizaci\u00f3n social y a las iniciativas pol\u00edticas, jur\u00eddicas y sindicales hemos ido cerrando etapas para [&hellip;]\" \/>\n<meta property=\"og:url\" content=\"https:\/\/sare.eus\/es\/una-multitud-se-manifeista-en-gasteiz-convocada-por-sare\/\" \/>\n<meta property=\"og:site_name\" content=\"Sare Herritarra\" \/>\n<meta property=\"article:published_time\" content=\"2023-08-09T14:36:48+00:00\" \/>\n<meta property=\"article:modified_time\" content=\"2023-08-09T14:40:29+00:00\" \/>\n<meta property=\"og:image\" content=\"https:\/\/sare.eus\/wp-content\/uploads\/2023\/08\/2023-gasteiz.jpg\" \/>\n\t<meta property=\"og:image:width\" content=\"726\" \/>\n\t<meta property=\"og:image:height\" content=\"484\" \/>\n\t<meta property=\"og:image:type\" content=\"image\/jpeg\" \/>\n<meta name=\"author\" content=\"sare\" \/>\n<meta name=\"twitter:card\" content=\"summary_large_image\" \/>\n<meta name=\"twitter:label1\" content=\"Escrito por\" \/>\n\t<meta name=\"twitter:data1\" content=\"sare\" \/>\n\t<meta name=\"twitter:label2\" content=\"Tiempo de lectura\" \/>\n\t<meta name=\"twitter:data2\" content=\"3 minutos\" \/>\n<script type=\"application\/ld+json\" class=\"yoast-schema-graph\">{\"@context\":\"https:\/\/schema.org\",\"@graph\":[{\"@type\":\"Article\",\"@id\":\"https:\/\/sare.eus\/es\/una-multitud-se-manifeista-en-gasteiz-convocada-por-sare\/#article\",\"isPartOf\":{\"@id\":\"https:\/\/sare.eus\/es\/una-multitud-se-manifeista-en-gasteiz-convocada-por-sare\/\"},\"author\":{\"name\":\"sare\",\"@id\":\"https:\/\/sare.eus\/#\/schema\/person\/2fe6d0df294f56313d3ab236dbe38e17\"},\"headline\":\"Una multitud se manifeista en Gasteiz convocada por Sare\",\"datePublished\":\"2023-08-09T14:36:48+00:00\",\"dateModified\":\"2023-08-09T14:40:29+00:00\",\"mainEntityOfPage\":{\"@id\":\"https:\/\/sare.eus\/es\/una-multitud-se-manifeista-en-gasteiz-convocada-por-sare\/\"},\"wordCount\":608,\"publisher\":{\"@id\":\"https:\/\/sare.eus\/#organization\"},\"image\":{\"@id\":\"https:\/\/sare.eus\/es\/una-multitud-se-manifeista-en-gasteiz-convocada-por-sare\/#primaryimage\"},\"thumbnailUrl\":\"https:\/\/sare.eus\/wp-content\/uploads\/2023\/08\/2023-gasteiz.jpg\",\"articleSection\":[\"Etxera\"],\"inLanguage\":\"es\"},{\"@type\":\"WebPage\",\"@id\":\"https:\/\/sare.eus\/es\/una-multitud-se-manifeista-en-gasteiz-convocada-por-sare\/\",\"url\":\"https:\/\/sare.eus\/es\/una-multitud-se-manifeista-en-gasteiz-convocada-por-sare\/\",\"name\":\"Una multitud se manifeista en Gasteiz convocada por Sare - Sare Herritarra\",\"isPartOf\":{\"@id\":\"https:\/\/sare.eus\/#website\"},\"primaryImageOfPage\":{\"@id\":\"https:\/\/sare.eus\/es\/una-multitud-se-manifeista-en-gasteiz-convocada-por-sare\/#primaryimage\"},\"image\":{\"@id\":\"https:\/\/sare.eus\/es\/una-multitud-se-manifeista-en-gasteiz-convocada-por-sare\/#primaryimage\"},\"thumbnailUrl\":\"https:\/\/sare.eus\/wp-content\/uploads\/2023\/08\/2023-gasteiz.jpg\",\"datePublished\":\"2023-08-09T14:36:48+00:00\",\"dateModified\":\"2023-08-09T14:40:29+00:00\",\"breadcrumb\":{\"@id\":\"https:\/\/sare.eus\/es\/una-multitud-se-manifeista-en-gasteiz-convocada-por-sare\/#breadcrumb\"},\"inLanguage\":\"es\",\"potentialAction\":[{\"@type\":\"ReadAction\",\"target\":[\"https:\/\/sare.eus\/es\/una-multitud-se-manifeista-en-gasteiz-convocada-por-sare\/\"]}]},{\"@type\":\"ImageObject\",\"inLanguage\":\"es\",\"@id\":\"https:\/\/sare.eus\/es\/una-multitud-se-manifeista-en-gasteiz-convocada-por-sare\/#primaryimage\",\"url\":\"https:\/\/sare.eus\/wp-content\/uploads\/2023\/08\/2023-gasteiz.jpg\",\"contentUrl\":\"https:\/\/sare.eus\/wp-content\/uploads\/2023\/08\/2023-gasteiz.jpg\",\"width\":726,\"height\":484},{\"@type\":\"BreadcrumbList\",\"@id\":\"https:\/\/sare.eus\/es\/una-multitud-se-manifeista-en-gasteiz-convocada-por-sare\/#breadcrumb\",\"itemListElement\":[{\"@type\":\"ListItem\",\"position\":1,\"name\":\"Home\",\"item\":\"https:\/\/sare.eus\/\"},{\"@type\":\"ListItem\",\"position\":2,\"name\":\"Una multitud se manifeista en Gasteiz convocada por Sare\"}]},{\"@type\":\"WebSite\",\"@id\":\"https:\/\/sare.eus\/#website\",\"url\":\"https:\/\/sare.eus\/\",\"name\":\"Sare Herritarra\",\"description\":\"KONPONBIDEAREN ETA GIZA ESKUBIDEEN ALDEKO SARE HERRITARRA\",\"publisher\":{\"@id\":\"https:\/\/sare.eus\/#organization\"},\"potentialAction\":[{\"@type\":\"SearchAction\",\"target\":{\"@type\":\"EntryPoint\",\"urlTemplate\":\"https:\/\/sare.eus\/?s={search_term_string}\"},\"query-input\":{\"@type\":\"PropertyValueSpecification\",\"valueRequired\":true,\"valueName\":\"search_term_string\"}}],\"inLanguage\":\"es\"},{\"@type\":\"Organization\",\"@id\":\"https:\/\/sare.eus\/#organization\",\"name\":\"Sare Herritarra\",\"url\":\"https:\/\/sare.eus\/\",\"logo\":{\"@type\":\"ImageObject\",\"inLanguage\":\"es\",\"@id\":\"https:\/\/sare.eus\/#\/schema\/logo\/image\/\",\"url\":\"https:\/\/sare.eus\/wp-content\/uploads\/2021\/08\/sare.png\",\"contentUrl\":\"https:\/\/sare.eus\/wp-content\/uploads\/2021\/08\/sare.png\",\"width\":120,\"height\":142,\"caption\":\"Sare Herritarra\"},\"image\":{\"@id\":\"https:\/\/sare.eus\/#\/schema\/logo\/image\/\"}},{\"@type\":\"Person\",\"@id\":\"https:\/\/sare.eus\/#\/schema\/person\/2fe6d0df294f56313d3ab236dbe38e17\",\"name\":\"sare\",\"image\":{\"@type\":\"ImageObject\",\"inLanguage\":\"es\",\"@id\":\"https:\/\/sare.eus\/#\/schema\/person\/image\/\",\"url\":\"https:\/\/secure.gravatar.com\/avatar\/77cad838677ceb1977e7b3c878b55eaa7fa4aae2158983063b047c3ad7ef2c25?s=96&d=mm&r=g\",\"contentUrl\":\"https:\/\/secure.gravatar.com\/avatar\/77cad838677ceb1977e7b3c878b55eaa7fa4aae2158983063b047c3ad7ef2c25?s=96&d=mm&r=g\",\"caption\":\"sare\"},\"url\":\"https:\/\/sare.eus\/es\/author\/sare\/\"}]}<\/script>\n<!-- \/ Yoast SEO plugin. -->","yoast_head_json":{"title":"Una multitud se manifeista en Gasteiz convocada por Sare - Sare Herritarra","robots":{"index":"index","follow":"follow","max-snippet":"max-snippet:-1","max-image-preview":"max-image-preview:large","max-video-preview":"max-video-preview:-1"},"canonical":"https:\/\/sare.eus\/es\/una-multitud-se-manifeista-en-gasteiz-convocada-por-sare\/","og_locale":"es_ES","og_type":"article","og_title":"Una multitud se manifeista en Gasteiz convocada por Sare - Sare Herritarra","og_description":"Vivimos tiempos de esperanza en relaci\u00f3n a las presas y presos vascos. Gracias a la movilizaci\u00f3n social y a las iniciativas pol\u00edticas, jur\u00eddicas y sindicales hemos ido cerrando etapas para [&hellip;]","og_url":"https:\/\/sare.eus\/es\/una-multitud-se-manifeista-en-gasteiz-convocada-por-sare\/","og_site_name":"Sare Herritarra","article_published_time":"2023-08-09T14:36:48+00:00","article_modified_time":"2023-08-09T14:40:29+00:00","og_image":[{"width":726,"height":484,"url":"https:\/\/sare.eus\/wp-content\/uploads\/2023\/08\/2023-gasteiz.jpg","type":"image\/jpeg"}],"author":"sare","twitter_card":"summary_large_image","twitter_misc":{"Escrito por":"sare","Tiempo de lectura":"3 minutos"},"schema":{"@context":"https:\/\/schema.org","@graph":[{"@type":"Article","@id":"https:\/\/sare.eus\/es\/una-multitud-se-manifeista-en-gasteiz-convocada-por-sare\/#article","isPartOf":{"@id":"https:\/\/sare.eus\/es\/una-multitud-se-manifeista-en-gasteiz-convocada-por-sare\/"},"author":{"name":"sare","@id":"https:\/\/sare.eus\/#\/schema\/person\/2fe6d0df294f56313d3ab236dbe38e17"},"headline":"Una multitud se manifeista en Gasteiz convocada por Sare","datePublished":"2023-08-09T14:36:48+00:00","dateModified":"2023-08-09T14:40:29+00:00","mainEntityOfPage":{"@id":"https:\/\/sare.eus\/es\/una-multitud-se-manifeista-en-gasteiz-convocada-por-sare\/"},"wordCount":608,"publisher":{"@id":"https:\/\/sare.eus\/#organization"},"image":{"@id":"https:\/\/sare.eus\/es\/una-multitud-se-manifeista-en-gasteiz-convocada-por-sare\/#primaryimage"},"thumbnailUrl":"https:\/\/sare.eus\/wp-content\/uploads\/2023\/08\/2023-gasteiz.jpg","articleSection":["Etxera"],"inLanguage":"es"},{"@type":"WebPage","@id":"https:\/\/sare.eus\/es\/una-multitud-se-manifeista-en-gasteiz-convocada-por-sare\/","url":"https:\/\/sare.eus\/es\/una-multitud-se-manifeista-en-gasteiz-convocada-por-sare\/","name":"Una multitud se manifeista en Gasteiz convocada por Sare - Sare Herritarra","isPartOf":{"@id":"https:\/\/sare.eus\/#website"},"primaryImageOfPage":{"@id":"https:\/\/sare.eus\/es\/una-multitud-se-manifeista-en-gasteiz-convocada-por-sare\/#primaryimage"},"image":{"@id":"https:\/\/sare.eus\/es\/una-multitud-se-manifeista-en-gasteiz-convocada-por-sare\/#primaryimage"},"thumbnailUrl":"https:\/\/sare.eus\/wp-content\/uploads\/2023\/08\/2023-gasteiz.jpg","datePublished":"2023-08-09T14:36:48+00:00","dateModified":"2023-08-09T14:40:29+00:00","breadcrumb":{"@id":"https:\/\/sare.eus\/es\/una-multitud-se-manifeista-en-gasteiz-convocada-por-sare\/#breadcrumb"},"inLanguage":"es","potentialAction":[{"@type":"ReadAction","target":["https:\/\/sare.eus\/es\/una-multitud-se-manifeista-en-gasteiz-convocada-por-sare\/"]}]},{"@type":"ImageObject","inLanguage":"es","@id":"https:\/\/sare.eus\/es\/una-multitud-se-manifeista-en-gasteiz-convocada-por-sare\/#primaryimage","url":"https:\/\/sare.eus\/wp-content\/uploads\/2023\/08\/2023-gasteiz.jpg","contentUrl":"https:\/\/sare.eus\/wp-content\/uploads\/2023\/08\/2023-gasteiz.jpg","width":726,"height":484},{"@type":"BreadcrumbList","@id":"https:\/\/sare.eus\/es\/una-multitud-se-manifeista-en-gasteiz-convocada-por-sare\/#breadcrumb","itemListElement":[{"@type":"ListItem","position":1,"name":"Home","item":"https:\/\/sare.eus\/"},{"@type":"ListItem","position":2,"name":"Una multitud se manifeista en Gasteiz convocada por Sare"}]},{"@type":"WebSite","@id":"https:\/\/sare.eus\/#website","url":"https:\/\/sare.eus\/","name":"Sare Herritarra","description":"KONPONBIDEAREN ETA GIZA ESKUBIDEEN ALDEKO SARE HERRITARRA","publisher":{"@id":"https:\/\/sare.eus\/#organization"},"potentialAction":[{"@type":"SearchAction","target":{"@type":"EntryPoint","urlTemplate":"https:\/\/sare.eus\/?s={search_term_string}"},"query-input":{"@type":"PropertyValueSpecification","valueRequired":true,"valueName":"search_term_string"}}],"inLanguage":"es"},{"@type":"Organization","@id":"https:\/\/sare.eus\/#organization","name":"Sare Herritarra","url":"https:\/\/sare.eus\/","logo":{"@type":"ImageObject","inLanguage":"es","@id":"https:\/\/sare.eus\/#\/schema\/logo\/image\/","url":"https:\/\/sare.eus\/wp-content\/uploads\/2021\/08\/sare.png","contentUrl":"https:\/\/sare.eus\/wp-content\/uploads\/2021\/08\/sare.png","width":120,"height":142,"caption":"Sare Herritarra"},"image":{"@id":"https:\/\/sare.eus\/#\/schema\/logo\/image\/"}},{"@type":"Person","@id":"https:\/\/sare.eus\/#\/schema\/person\/2fe6d0df294f56313d3ab236dbe38e17","name":"sare","image":{"@type":"ImageObject","inLanguage":"es","@id":"https:\/\/sare.eus\/#\/schema\/person\/image\/","url":"https:\/\/secure.gravatar.com\/avatar\/77cad838677ceb1977e7b3c878b55eaa7fa4aae2158983063b047c3ad7ef2c25?s=96&d=mm&r=g","contentUrl":"https:\/\/secure.gravatar.com\/avatar\/77cad838677ceb1977e7b3c878b55eaa7fa4aae2158983063b047c3ad7ef2c25?s=96&d=mm&r=g","caption":"sare"},"url":"https:\/\/sare.eus\/es\/author\/sare\/"}]}},"_links":{"self":[{"href":"https:\/\/sare.eus\/es\/wp-json\/wp\/v2\/posts\/5345","targetHints":{"allow":["GET"]}}],"collection":[{"href":"https:\/\/sare.eus\/es\/wp-json\/wp\/v2\/posts"}],"about":[{"href":"https:\/\/sare.eus\/es\/wp-json\/wp\/v2\/types\/post"}],"author":[{"embeddable":true,"href":"https:\/\/sare.eus\/es\/wp-json\/wp\/v2\/users\/2"}],"replies":[{"embeddable":true,"href":"https:\/\/sare.eus\/es\/wp-json\/wp\/v2\/comments?post=5345"}],"version-history":[{"count":2,"href":"https:\/\/sare.eus\/es\/wp-json\/wp\/v2\/posts\/5345\/revisions"}],"predecessor-version":[{"id":5351,"href":"https:\/\/sare.eus\/es\/wp-json\/wp\/v2\/posts\/5345\/revisions\/5351"}],"wp:featuredmedia":[{"embeddable":true,"href":"https:\/\/sare.eus\/es\/wp-json\/wp\/v2\/media\/5346"}],"wp:attachment":[{"href":"https:\/\/sare.eus\/es\/wp-json\/wp\/v2\/media?parent=5345"}],"wp:term":[{"taxonomy":"category","embeddable":true,"href":"https:\/\/sare.eus\/es\/wp-json\/wp\/v2\/categories?post=5345"},{"taxonomy":"post_tag","embeddable":true,"href":"https:\/\/sare.eus\/es\/wp-json\/wp\/v2\/tags?post=5345"}],"curies":[{"name":"wp","href":"https:\/\/api.w.org\/{rel}","templated":true}]}}