{"id":5335,"date":"2023-08-03T07:27:44","date_gmt":"2023-08-03T07:27:44","guid":{"rendered":"https:\/\/sare.eus\/ainhoa-barbarin-urretxuko-presoak-bigarrenez-espetxera-itzuli-beharko-du-onartu-zioten-hirugarren-graduaren-aurkako-elegitea-aurkeztu-ostean\/"},"modified":"2023-08-03T07:39:15","modified_gmt":"2023-08-03T07:39:15","slug":"ainhoa-barbarin-presa-de-urretxu-debera-volver-por-segunda-vez-a-prision-tras-el-recurso-contra-el-tercer-grado-que-le-fue-concedido-la-semana-pasada","status":"publish","type":"post","link":"https:\/\/sare.eus\/es\/ainhoa-barbarin-presa-de-urretxu-debera-volver-por-segunda-vez-a-prision-tras-el-recurso-contra-el-tercer-grado-que-le-fue-concedido-la-semana-pasada\/","title":{"rendered":"Ainhoa Barbarin, presa de Urretxu, deber\u00e1 volver por segunda vez a prisi\u00f3n, tras el recurso contra el tercer grado que le fue concedido la semana pasada"},"content":{"rendered":"<p>La presa Urretxuarra, Ainhoa Barbarin, tendra que volver a prisi\u00f3n despu\u00e9s de que la fiscal\u00eda del estado presentara un recurso contra el tercer grado que le fue concedido el pasado jueves. Siguiendo la doctrina del Tribunal Supremo, la Urretxuarra a vuelto a prisi\u00f3n a la espera de que el Juzgado de Vigilancia Penitenciaria resuelva el recurso.<\/p>\n<p>Una vez m\u00e1s, la fiscal\u00eda del estado se ha opuesto a la decisi\u00f3n de las Juntas de Tratamientos Penitenciarios, que tienen la responsabilidad e informaci\u00f3n necesaria para ello, obstaculizando el recorrido penitenciario y el camino a casa que deben desarrollar l@s pres@s.<\/p>\n<p>La presa Ainhoa Barbarin ha sido suspendida por segunda vez. En ambos casos se le ha suspendido la posibilidad de avanzar en la fase de reinserci\u00f3n siguiendo la v\u00eda legal. Con la ley en la mano, Ainhoa cumple todos los requisitos para estar en 3\u00ba grado, ya que tiene cumplidos 2\/3 de la pena. Lleva 21 a\u00f1os en prisi\u00f3n.<\/p>\n<p>Ahora que se est\u00e1n dando cambios en el marco de la pol\u00edtica penitenciaria y se han dado pasos para acabar con la pol\u00edtica de alejamiento, la Fiscal\u00eda, con la ayuda de la Audiencia Nacional, sigue poniendo trabas ante la implantaci\u00f3n de la legislaci\u00f3n ordinaria y ante el proceso del camino a casa, zancadilleando la convivencia.<\/p>\n<p>Tal y como reclama Sare, en ning\u00fan caso la ley ordinaria dice que las y los presos tengan que cumplir condenas dentro de los muros de la prisi\u00f3n hasta el \u00faltimo d\u00eda, sin acceso a modalidades de cumplimiento en r\u00e9gimen abierto, con mayor contacto con la sociedad a la que pertenecen.<\/p>\n<p>Queremos mostrar publicamente nuestra desaz\u00f3n ya que, de nuevo, contin\u00faan obstaculizando el camino de vuelta a casa iniciado hace ya mucho tiempo por l@s pres@s. La vuelta a casa es una exigencia democr\u00e1tica que no puede ser boicoteada constantemente por tribunales de excepci\u00f3n.<\/p>\n<p><strong>Por ello, llamamos a participar en la movilizaci\u00f3n que tendr\u00e1 lugar este viernes, 4 de agosto, a las 20:00 horas en Urretxu, Potros Plaza, para denunciar esta situaci\u00f3n.<\/strong><\/p>\n\n\n<figure class=\"wp-block-image size-large\"><img loading=\"lazy\" decoding=\"async\" width=\"724\" height=\"1024\" src=\"https:\/\/sare.eus\/wp-content\/uploads\/2023\/08\/GRADU-ERREGRESIORIK-EZ-MANIFA_AB04-01-WEB-724x1024.jpg\" alt=\"\" class=\"wp-image-5332\" srcset=\"https:\/\/sare.eus\/wp-content\/uploads\/2023\/08\/GRADU-ERREGRESIORIK-EZ-MANIFA_AB04-01-WEB-724x1024.jpg 724w, https:\/\/sare.eus\/wp-content\/uploads\/2023\/08\/GRADU-ERREGRESIORIK-EZ-MANIFA_AB04-01-WEB-212x300.jpg 212w, https:\/\/sare.eus\/wp-content\/uploads\/2023\/08\/GRADU-ERREGRESIORIK-EZ-MANIFA_AB04-01-WEB-768x1086.jpg 768w, https:\/\/sare.eus\/wp-content\/uploads\/2023\/08\/GRADU-ERREGRESIORIK-EZ-MANIFA_AB04-01-WEB-1086x1536.jpg 1086w, https:\/\/sare.eus\/wp-content\/uploads\/2023\/08\/GRADU-ERREGRESIORIK-EZ-MANIFA_AB04-01-WEB-1448x2048.jpg 1448w, https:\/\/sare.eus\/wp-content\/uploads\/2023\/08\/GRADU-ERREGRESIORIK-EZ-MANIFA_AB04-01-WEB-1080x1527.jpg 1080w, https:\/\/sare.eus\/wp-content\/uploads\/2023\/08\/GRADU-ERREGRESIORIK-EZ-MANIFA_AB04-01-WEB-scaled.jpg 1810w\" sizes=\"(max-width: 724px) 100vw, 724px\" \/><\/figure>\n","protected":false},"excerpt":{"rendered":"<p>La presa Urretxuarra, Ainhoa Barbarin, tendra que volver a prisi\u00f3n despu\u00e9s de que la fiscal\u00eda del estado presentara un recurso contra el tercer grado que le fue concedido el pasado [&hellip;]<\/p>\n","protected":false},"author":2,"featured_media":4952,"comment_status":"closed","ping_status":"closed","sticky":false,"template":"","format":"standard","meta":{"_acf_changed":false,"_et_pb_use_builder":"off","_et_pb_old_content":"","_et_gb_content_width":"","footnotes":""},"categories":[65],"tags":[],"class_list":["post-5335","post","type-post","status-publish","format-standard","has-post-thumbnail","hentry","category-progresion-de-grado","et-has-post-format-content","et_post_format-et-post-format-standard"],"acf":[],"yoast_head":"<!-- This site is optimized with the Yoast SEO plugin v26.4 - https:\/\/yoast.com\/wordpress\/plugins\/seo\/ -->\n<title>Ainhoa Barbarin, presa de Urretxu, deber\u00e1 volver por segunda vez a prisi\u00f3n, tras el recurso contra el tercer grado que le fue concedido la semana pasada - Sare Herritarra<\/title>\n<meta name=\"robots\" content=\"index, follow, max-snippet:-1, max-image-preview:large, max-video-preview:-1\" \/>\n<link rel=\"canonical\" href=\"https:\/\/sare.eus\/es\/ainhoa-barbarin-presa-de-urretxu-debera-volver-por-segunda-vez-a-prision-tras-el-recurso-contra-el-tercer-grado-que-le-fue-concedido-la-semana-pasada\/\" \/>\n<meta property=\"og:locale\" content=\"es_ES\" \/>\n<meta property=\"og:type\" content=\"article\" \/>\n<meta property=\"og:title\" content=\"Ainhoa Barbarin, presa de Urretxu, deber\u00e1 volver por segunda vez a prisi\u00f3n, tras el recurso contra el tercer grado que le fue concedido la semana pasada - Sare Herritarra\" \/>\n<meta property=\"og:description\" content=\"La presa Urretxuarra, Ainhoa Barbarin, tendra que volver a prisi\u00f3n despu\u00e9s de que la fiscal\u00eda del estado presentara un recurso contra el tercer grado que le fue concedido el pasado [&hellip;]\" \/>\n<meta property=\"og:url\" content=\"https:\/\/sare.eus\/es\/ainhoa-barbarin-presa-de-urretxu-debera-volver-por-segunda-vez-a-prision-tras-el-recurso-contra-el-tercer-grado-que-le-fue-concedido-la-semana-pasada\/\" \/>\n<meta property=\"og:site_name\" content=\"Sare Herritarra\" \/>\n<meta property=\"article:published_time\" content=\"2023-08-03T07:27:44+00:00\" \/>\n<meta property=\"article:modified_time\" content=\"2023-08-03T07:39:15+00:00\" \/>\n<meta property=\"og:image\" content=\"https:\/\/sare.eus\/wp-content\/uploads\/2023\/02\/AINHOA-BARBARIN.jpg\" \/>\n\t<meta property=\"og:image:width\" content=\"800\" \/>\n\t<meta property=\"og:image:height\" content=\"361\" \/>\n\t<meta property=\"og:image:type\" content=\"image\/jpeg\" \/>\n<meta name=\"author\" content=\"sare\" \/>\n<meta name=\"twitter:card\" content=\"summary_large_image\" \/>\n<meta name=\"twitter:label1\" content=\"Escrito por\" \/>\n\t<meta name=\"twitter:data1\" content=\"sare\" \/>\n\t<meta name=\"twitter:label2\" content=\"Tiempo de lectura\" \/>\n\t<meta name=\"twitter:data2\" content=\"3 minutos\" \/>\n<script type=\"application\/ld+json\" class=\"yoast-schema-graph\">{\"@context\":\"https:\/\/schema.org\",\"@graph\":[{\"@type\":\"Article\",\"@id\":\"https:\/\/sare.eus\/es\/ainhoa-barbarin-presa-de-urretxu-debera-volver-por-segunda-vez-a-prision-tras-el-recurso-contra-el-tercer-grado-que-le-fue-concedido-la-semana-pasada\/#article\",\"isPartOf\":{\"@id\":\"https:\/\/sare.eus\/es\/ainhoa-barbarin-presa-de-urretxu-debera-volver-por-segunda-vez-a-prision-tras-el-recurso-contra-el-tercer-grado-que-le-fue-concedido-la-semana-pasada\/\"},\"author\":{\"name\":\"sare\",\"@id\":\"https:\/\/sare.eus\/#\/schema\/person\/2fe6d0df294f56313d3ab236dbe38e17\"},\"headline\":\"Ainhoa Barbarin, presa de Urretxu, deber\u00e1 volver por segunda vez a prisi\u00f3n, tras el recurso contra el tercer grado que le fue concedido la semana pasada\",\"datePublished\":\"2023-08-03T07:27:44+00:00\",\"dateModified\":\"2023-08-03T07:39:15+00:00\",\"mainEntityOfPage\":{\"@id\":\"https:\/\/sare.eus\/es\/ainhoa-barbarin-presa-de-urretxu-debera-volver-por-segunda-vez-a-prision-tras-el-recurso-contra-el-tercer-grado-que-le-fue-concedido-la-semana-pasada\/\"},\"wordCount\":388,\"publisher\":{\"@id\":\"https:\/\/sare.eus\/#organization\"},\"image\":{\"@id\":\"https:\/\/sare.eus\/es\/ainhoa-barbarin-presa-de-urretxu-debera-volver-por-segunda-vez-a-prision-tras-el-recurso-contra-el-tercer-grado-que-le-fue-concedido-la-semana-pasada\/#primaryimage\"},\"thumbnailUrl\":\"https:\/\/sare.eus\/wp-content\/uploads\/2023\/02\/AINHOA-BARBARIN.jpg\",\"articleSection\":[\"Progresi\u00f3n de Grado\"],\"inLanguage\":\"es\"},{\"@type\":\"WebPage\",\"@id\":\"https:\/\/sare.eus\/es\/ainhoa-barbarin-presa-de-urretxu-debera-volver-por-segunda-vez-a-prision-tras-el-recurso-contra-el-tercer-grado-que-le-fue-concedido-la-semana-pasada\/\",\"url\":\"https:\/\/sare.eus\/es\/ainhoa-barbarin-presa-de-urretxu-debera-volver-por-segunda-vez-a-prision-tras-el-recurso-contra-el-tercer-grado-que-le-fue-concedido-la-semana-pasada\/\",\"name\":\"Ainhoa Barbarin, presa de Urretxu, deber\u00e1 volver por segunda vez a prisi\u00f3n, tras el recurso contra el tercer grado que le fue concedido la semana pasada - Sare Herritarra\",\"isPartOf\":{\"@id\":\"https:\/\/sare.eus\/#website\"},\"primaryImageOfPage\":{\"@id\":\"https:\/\/sare.eus\/es\/ainhoa-barbarin-presa-de-urretxu-debera-volver-por-segunda-vez-a-prision-tras-el-recurso-contra-el-tercer-grado-que-le-fue-concedido-la-semana-pasada\/#primaryimage\"},\"image\":{\"@id\":\"https:\/\/sare.eus\/es\/ainhoa-barbarin-presa-de-urretxu-debera-volver-por-segunda-vez-a-prision-tras-el-recurso-contra-el-tercer-grado-que-le-fue-concedido-la-semana-pasada\/#primaryimage\"},\"thumbnailUrl\":\"https:\/\/sare.eus\/wp-content\/uploads\/2023\/02\/AINHOA-BARBARIN.jpg\",\"datePublished\":\"2023-08-03T07:27:44+00:00\",\"dateModified\":\"2023-08-03T07:39:15+00:00\",\"breadcrumb\":{\"@id\":\"https:\/\/sare.eus\/es\/ainhoa-barbarin-presa-de-urretxu-debera-volver-por-segunda-vez-a-prision-tras-el-recurso-contra-el-tercer-grado-que-le-fue-concedido-la-semana-pasada\/#breadcrumb\"},\"inLanguage\":\"es\",\"potentialAction\":[{\"@type\":\"ReadAction\",\"target\":[\"https:\/\/sare.eus\/es\/ainhoa-barbarin-presa-de-urretxu-debera-volver-por-segunda-vez-a-prision-tras-el-recurso-contra-el-tercer-grado-que-le-fue-concedido-la-semana-pasada\/\"]}]},{\"@type\":\"ImageObject\",\"inLanguage\":\"es\",\"@id\":\"https:\/\/sare.eus\/es\/ainhoa-barbarin-presa-de-urretxu-debera-volver-por-segunda-vez-a-prision-tras-el-recurso-contra-el-tercer-grado-que-le-fue-concedido-la-semana-pasada\/#primaryimage\",\"url\":\"https:\/\/sare.eus\/wp-content\/uploads\/2023\/02\/AINHOA-BARBARIN.jpg\",\"contentUrl\":\"https:\/\/sare.eus\/wp-content\/uploads\/2023\/02\/AINHOA-BARBARIN.jpg\",\"width\":800,\"height\":361},{\"@type\":\"BreadcrumbList\",\"@id\":\"https:\/\/sare.eus\/es\/ainhoa-barbarin-presa-de-urretxu-debera-volver-por-segunda-vez-a-prision-tras-el-recurso-contra-el-tercer-grado-que-le-fue-concedido-la-semana-pasada\/#breadcrumb\",\"itemListElement\":[{\"@type\":\"ListItem\",\"position\":1,\"name\":\"Home\",\"item\":\"https:\/\/sare.eus\/\"},{\"@type\":\"ListItem\",\"position\":2,\"name\":\"Ainhoa Barbarin, presa de Urretxu, deber\u00e1 volver por segunda vez a prisi\u00f3n, tras el recurso contra el tercer grado que le fue concedido la semana pasada\"}]},{\"@type\":\"WebSite\",\"@id\":\"https:\/\/sare.eus\/#website\",\"url\":\"https:\/\/sare.eus\/\",\"name\":\"Sare Herritarra\",\"description\":\"KONPONBIDEAREN ETA GIZA ESKUBIDEEN ALDEKO SARE HERRITARRA\",\"publisher\":{\"@id\":\"https:\/\/sare.eus\/#organization\"},\"potentialAction\":[{\"@type\":\"SearchAction\",\"target\":{\"@type\":\"EntryPoint\",\"urlTemplate\":\"https:\/\/sare.eus\/?s={search_term_string}\"},\"query-input\":{\"@type\":\"PropertyValueSpecification\",\"valueRequired\":true,\"valueName\":\"search_term_string\"}}],\"inLanguage\":\"es\"},{\"@type\":\"Organization\",\"@id\":\"https:\/\/sare.eus\/#organization\",\"name\":\"Sare Herritarra\",\"url\":\"https:\/\/sare.eus\/\",\"logo\":{\"@type\":\"ImageObject\",\"inLanguage\":\"es\",\"@id\":\"https:\/\/sare.eus\/#\/schema\/logo\/image\/\",\"url\":\"https:\/\/sare.eus\/wp-content\/uploads\/2021\/08\/sare.png\",\"contentUrl\":\"https:\/\/sare.eus\/wp-content\/uploads\/2021\/08\/sare.png\",\"width\":120,\"height\":142,\"caption\":\"Sare Herritarra\"},\"image\":{\"@id\":\"https:\/\/sare.eus\/#\/schema\/logo\/image\/\"}},{\"@type\":\"Person\",\"@id\":\"https:\/\/sare.eus\/#\/schema\/person\/2fe6d0df294f56313d3ab236dbe38e17\",\"name\":\"sare\",\"image\":{\"@type\":\"ImageObject\",\"inLanguage\":\"es\",\"@id\":\"https:\/\/sare.eus\/#\/schema\/person\/image\/\",\"url\":\"https:\/\/secure.gravatar.com\/avatar\/77cad838677ceb1977e7b3c878b55eaa7fa4aae2158983063b047c3ad7ef2c25?s=96&d=mm&r=g\",\"contentUrl\":\"https:\/\/secure.gravatar.com\/avatar\/77cad838677ceb1977e7b3c878b55eaa7fa4aae2158983063b047c3ad7ef2c25?s=96&d=mm&r=g\",\"caption\":\"sare\"},\"url\":\"https:\/\/sare.eus\/es\/author\/sare\/\"}]}<\/script>\n<!-- \/ Yoast SEO plugin. -->","yoast_head_json":{"title":"Ainhoa Barbarin, presa de Urretxu, deber\u00e1 volver por segunda vez a prisi\u00f3n, tras el recurso contra el tercer grado que le fue concedido la semana pasada - Sare Herritarra","robots":{"index":"index","follow":"follow","max-snippet":"max-snippet:-1","max-image-preview":"max-image-preview:large","max-video-preview":"max-video-preview:-1"},"canonical":"https:\/\/sare.eus\/es\/ainhoa-barbarin-presa-de-urretxu-debera-volver-por-segunda-vez-a-prision-tras-el-recurso-contra-el-tercer-grado-que-le-fue-concedido-la-semana-pasada\/","og_locale":"es_ES","og_type":"article","og_title":"Ainhoa Barbarin, presa de Urretxu, deber\u00e1 volver por segunda vez a prisi\u00f3n, tras el recurso contra el tercer grado que le fue concedido la semana pasada - Sare Herritarra","og_description":"La presa Urretxuarra, Ainhoa Barbarin, tendra que volver a prisi\u00f3n despu\u00e9s de que la fiscal\u00eda del estado presentara un recurso contra el tercer grado que le fue concedido el pasado [&hellip;]","og_url":"https:\/\/sare.eus\/es\/ainhoa-barbarin-presa-de-urretxu-debera-volver-por-segunda-vez-a-prision-tras-el-recurso-contra-el-tercer-grado-que-le-fue-concedido-la-semana-pasada\/","og_site_name":"Sare Herritarra","article_published_time":"2023-08-03T07:27:44+00:00","article_modified_time":"2023-08-03T07:39:15+00:00","og_image":[{"width":800,"height":361,"url":"https:\/\/sare.eus\/wp-content\/uploads\/2023\/02\/AINHOA-BARBARIN.jpg","type":"image\/jpeg"}],"author":"sare","twitter_card":"summary_large_image","twitter_misc":{"Escrito por":"sare","Tiempo de lectura":"3 minutos"},"schema":{"@context":"https:\/\/schema.org","@graph":[{"@type":"Article","@id":"https:\/\/sare.eus\/es\/ainhoa-barbarin-presa-de-urretxu-debera-volver-por-segunda-vez-a-prision-tras-el-recurso-contra-el-tercer-grado-que-le-fue-concedido-la-semana-pasada\/#article","isPartOf":{"@id":"https:\/\/sare.eus\/es\/ainhoa-barbarin-presa-de-urretxu-debera-volver-por-segunda-vez-a-prision-tras-el-recurso-contra-el-tercer-grado-que-le-fue-concedido-la-semana-pasada\/"},"author":{"name":"sare","@id":"https:\/\/sare.eus\/#\/schema\/person\/2fe6d0df294f56313d3ab236dbe38e17"},"headline":"Ainhoa Barbarin, presa de Urretxu, deber\u00e1 volver por segunda vez a prisi\u00f3n, tras el recurso contra el tercer grado que le fue concedido la semana pasada","datePublished":"2023-08-03T07:27:44+00:00","dateModified":"2023-08-03T07:39:15+00:00","mainEntityOfPage":{"@id":"https:\/\/sare.eus\/es\/ainhoa-barbarin-presa-de-urretxu-debera-volver-por-segunda-vez-a-prision-tras-el-recurso-contra-el-tercer-grado-que-le-fue-concedido-la-semana-pasada\/"},"wordCount":388,"publisher":{"@id":"https:\/\/sare.eus\/#organization"},"image":{"@id":"https:\/\/sare.eus\/es\/ainhoa-barbarin-presa-de-urretxu-debera-volver-por-segunda-vez-a-prision-tras-el-recurso-contra-el-tercer-grado-que-le-fue-concedido-la-semana-pasada\/#primaryimage"},"thumbnailUrl":"https:\/\/sare.eus\/wp-content\/uploads\/2023\/02\/AINHOA-BARBARIN.jpg","articleSection":["Progresi\u00f3n de Grado"],"inLanguage":"es"},{"@type":"WebPage","@id":"https:\/\/sare.eus\/es\/ainhoa-barbarin-presa-de-urretxu-debera-volver-por-segunda-vez-a-prision-tras-el-recurso-contra-el-tercer-grado-que-le-fue-concedido-la-semana-pasada\/","url":"https:\/\/sare.eus\/es\/ainhoa-barbarin-presa-de-urretxu-debera-volver-por-segunda-vez-a-prision-tras-el-recurso-contra-el-tercer-grado-que-le-fue-concedido-la-semana-pasada\/","name":"Ainhoa Barbarin, presa de Urretxu, deber\u00e1 volver por segunda vez a prisi\u00f3n, tras el recurso contra el tercer grado que le fue concedido la semana pasada - Sare Herritarra","isPartOf":{"@id":"https:\/\/sare.eus\/#website"},"primaryImageOfPage":{"@id":"https:\/\/sare.eus\/es\/ainhoa-barbarin-presa-de-urretxu-debera-volver-por-segunda-vez-a-prision-tras-el-recurso-contra-el-tercer-grado-que-le-fue-concedido-la-semana-pasada\/#primaryimage"},"image":{"@id":"https:\/\/sare.eus\/es\/ainhoa-barbarin-presa-de-urretxu-debera-volver-por-segunda-vez-a-prision-tras-el-recurso-contra-el-tercer-grado-que-le-fue-concedido-la-semana-pasada\/#primaryimage"},"thumbnailUrl":"https:\/\/sare.eus\/wp-content\/uploads\/2023\/02\/AINHOA-BARBARIN.jpg","datePublished":"2023-08-03T07:27:44+00:00","dateModified":"2023-08-03T07:39:15+00:00","breadcrumb":{"@id":"https:\/\/sare.eus\/es\/ainhoa-barbarin-presa-de-urretxu-debera-volver-por-segunda-vez-a-prision-tras-el-recurso-contra-el-tercer-grado-que-le-fue-concedido-la-semana-pasada\/#breadcrumb"},"inLanguage":"es","potentialAction":[{"@type":"ReadAction","target":["https:\/\/sare.eus\/es\/ainhoa-barbarin-presa-de-urretxu-debera-volver-por-segunda-vez-a-prision-tras-el-recurso-contra-el-tercer-grado-que-le-fue-concedido-la-semana-pasada\/"]}]},{"@type":"ImageObject","inLanguage":"es","@id":"https:\/\/sare.eus\/es\/ainhoa-barbarin-presa-de-urretxu-debera-volver-por-segunda-vez-a-prision-tras-el-recurso-contra-el-tercer-grado-que-le-fue-concedido-la-semana-pasada\/#primaryimage","url":"https:\/\/sare.eus\/wp-content\/uploads\/2023\/02\/AINHOA-BARBARIN.jpg","contentUrl":"https:\/\/sare.eus\/wp-content\/uploads\/2023\/02\/AINHOA-BARBARIN.jpg","width":800,"height":361},{"@type":"BreadcrumbList","@id":"https:\/\/sare.eus\/es\/ainhoa-barbarin-presa-de-urretxu-debera-volver-por-segunda-vez-a-prision-tras-el-recurso-contra-el-tercer-grado-que-le-fue-concedido-la-semana-pasada\/#breadcrumb","itemListElement":[{"@type":"ListItem","position":1,"name":"Home","item":"https:\/\/sare.eus\/"},{"@type":"ListItem","position":2,"name":"Ainhoa Barbarin, presa de Urretxu, deber\u00e1 volver por segunda vez a prisi\u00f3n, tras el recurso contra el tercer grado que le fue concedido la semana pasada"}]},{"@type":"WebSite","@id":"https:\/\/sare.eus\/#website","url":"https:\/\/sare.eus\/","name":"Sare Herritarra","description":"KONPONBIDEAREN ETA GIZA ESKUBIDEEN ALDEKO SARE HERRITARRA","publisher":{"@id":"https:\/\/sare.eus\/#organization"},"potentialAction":[{"@type":"SearchAction","target":{"@type":"EntryPoint","urlTemplate":"https:\/\/sare.eus\/?s={search_term_string}"},"query-input":{"@type":"PropertyValueSpecification","valueRequired":true,"valueName":"search_term_string"}}],"inLanguage":"es"},{"@type":"Organization","@id":"https:\/\/sare.eus\/#organization","name":"Sare Herritarra","url":"https:\/\/sare.eus\/","logo":{"@type":"ImageObject","inLanguage":"es","@id":"https:\/\/sare.eus\/#\/schema\/logo\/image\/","url":"https:\/\/sare.eus\/wp-content\/uploads\/2021\/08\/sare.png","contentUrl":"https:\/\/sare.eus\/wp-content\/uploads\/2021\/08\/sare.png","width":120,"height":142,"caption":"Sare Herritarra"},"image":{"@id":"https:\/\/sare.eus\/#\/schema\/logo\/image\/"}},{"@type":"Person","@id":"https:\/\/sare.eus\/#\/schema\/person\/2fe6d0df294f56313d3ab236dbe38e17","name":"sare","image":{"@type":"ImageObject","inLanguage":"es","@id":"https:\/\/sare.eus\/#\/schema\/person\/image\/","url":"https:\/\/secure.gravatar.com\/avatar\/77cad838677ceb1977e7b3c878b55eaa7fa4aae2158983063b047c3ad7ef2c25?s=96&d=mm&r=g","contentUrl":"https:\/\/secure.gravatar.com\/avatar\/77cad838677ceb1977e7b3c878b55eaa7fa4aae2158983063b047c3ad7ef2c25?s=96&d=mm&r=g","caption":"sare"},"url":"https:\/\/sare.eus\/es\/author\/sare\/"}]}},"_links":{"self":[{"href":"https:\/\/sare.eus\/es\/wp-json\/wp\/v2\/posts\/5335","targetHints":{"allow":["GET"]}}],"collection":[{"href":"https:\/\/sare.eus\/es\/wp-json\/wp\/v2\/posts"}],"about":[{"href":"https:\/\/sare.eus\/es\/wp-json\/wp\/v2\/types\/post"}],"author":[{"embeddable":true,"href":"https:\/\/sare.eus\/es\/wp-json\/wp\/v2\/users\/2"}],"replies":[{"embeddable":true,"href":"https:\/\/sare.eus\/es\/wp-json\/wp\/v2\/comments?post=5335"}],"version-history":[{"count":3,"href":"https:\/\/sare.eus\/es\/wp-json\/wp\/v2\/posts\/5335\/revisions"}],"predecessor-version":[{"id":5339,"href":"https:\/\/sare.eus\/es\/wp-json\/wp\/v2\/posts\/5335\/revisions\/5339"}],"wp:featuredmedia":[{"embeddable":true,"href":"https:\/\/sare.eus\/es\/wp-json\/wp\/v2\/media\/4952"}],"wp:attachment":[{"href":"https:\/\/sare.eus\/es\/wp-json\/wp\/v2\/media?parent=5335"}],"wp:term":[{"taxonomy":"category","embeddable":true,"href":"https:\/\/sare.eus\/es\/wp-json\/wp\/v2\/categories?post=5335"},{"taxonomy":"post_tag","embeddable":true,"href":"https:\/\/sare.eus\/es\/wp-json\/wp\/v2\/tags?post=5335"}],"curies":[{"name":"wp","href":"https:\/\/api.w.org\/{rel}","templated":true}]}}