{"id":5326,"date":"2023-07-26T10:50:09","date_gmt":"2023-07-26T10:50:09","guid":{"rendered":"https:\/\/sare.eus\/auzitegi-nazionaleko-fiskaltzak-xabier-atristrain-euskal-presoaren-hirugarren-gradua-inpugnanazioa-onartu-du\/"},"modified":"2023-07-26T11:01:37","modified_gmt":"2023-07-26T11:01:37","slug":"se-ha-aceptado-la-impugnacion-del-tercer-grado-penitenciario-del-preso-vasco-xabier-atristrain-propuesta-por-la-fiscalia-de-la-audiencia-nacional","status":"publish","type":"post","link":"https:\/\/sare.eus\/es\/se-ha-aceptado-la-impugnacion-del-tercer-grado-penitenciario-del-preso-vasco-xabier-atristrain-propuesta-por-la-fiscalia-de-la-audiencia-nacional\/","title":{"rendered":"Se ha aceptado la impugnaci\u00f3n del tercer grado penitenciario del preso vasco Xabier Atristrain propuesta por la Fiscal\u00eda de la Audiencia Nacional"},"content":{"rendered":"<p>Se ha aceptado la impugnaci\u00f3n del tercer grado penitenciario del preso vasco Xabier Atristrain propuesta por la Fiscal\u00eda de la Audiencia Nacional. Por ello Atristain tendr\u00e1 que continuar en prisi\u00f3n. Se ratifica con ello, una actitud de la justicia espa\u00f1ola, donde la revancha y la crueldad, sustituyen al derecho.<\/p>\n<p>Cabr\u00eda recordar hoy, que el Tribunal Europeo de Derechos Humanos, se pronunci\u00f3 ya en el proceso seguido por los Tribunales espa\u00f1oles, en el caso de este preso vasco. La sentencia manifest\u00f3 con claridad que no se hab\u00eda respetado su derecho a un proceso justo y oblig\u00f3 al Tribunal Supremo a revisar la sentencia de condena. A pesar de la decisi\u00f3n de los Tribunales europeos, los tribunales espa\u00f1oles decidieron mantener su condena y ordenar el reingreso a prisi\u00f3n de Atristrain.<\/p>\n<p>En el Centro Penitenciario de Gipuzkoa, desde octubre del a\u00f1o 2020 y durante 2021, ha venido disfrutando de varios permisos de salida de 3,6 y 9 d\u00edas de duraci\u00f3n. Todos estos permisos fueron propuestos por la Junta de Tratamiento de este CP, por unanimidad. Durante 2022, Xabier Atristrain, permaneci\u00f3 8 meses en Libertad provisional, sin incidencia negativa alguna.<\/p>\n<p>El 2 de junio de 2022, el TS volvi\u00f3 a ordenar su reingreso en prisi\u00f3n, dejando sin efecto la suspensi\u00f3n de su condena. El 7 de julio de 2022, el Gobierno Vasco, aprob\u00f3 de nuevo el tercer grado y Atristrain permaneci\u00f3 en esta clasificaci\u00f3n durante 4 meses, hasta que el Ministerio Fiscal, volvi\u00f3 a recurrir la resoluci\u00f3n de la Administraci\u00f3n vasca y este recurso fue estimado, por lo que el 13 de octubre de 2022.<\/p>\n<p>Atristrain regres\u00f3 a segundo grado y a prisi\u00f3n. Una vez m\u00e1s, la Junta de Tratamiento del CP de Gipuzkoa, revis\u00f3 otra vez su clasificaci\u00f3n el 30 de noviembre de 2022 y se le volvi\u00f3 a proponer por tercera vez, su progresi\u00f3n a tercer grado, esta propuesta fue ratificada por la Viceconsejeria de Justicia del GV el 2 de marzo de 2023 y tambi\u00e9n que el Fiscal tras haber recurrido en apelaci\u00f3n ante la Secci\u00f3n Primera de la Sala de lo Penal de la Audiencia Nacional, esta con fecha de 24 de julio de este a\u00f1o, le ha dado la raz\u00f3n.<\/p>\n<p>Est\u00e1 decisi\u00f3n volvi\u00f3 a ser recurrida por el Ministerio Fiscal. En esta ocasi\u00f3n el Juzgado Central de Vigilancia Penitenciaria desestim\u00f3 el recurso del fiscal y ha mantenido el tercer grado hasta ahora.<\/p>\n<p>Xabier Atristrain, cumple todas las condiciones legales para progresar a tercer grado:<\/p>\n<p>1. En menos de un a\u00f1o cumple las 3\/4 de su condena de 17 a\u00f1os.<br \/>2. Ha disfrutado, sin incidencia alguna, de numerosos permisos penitenciarios.<br \/>3. Ha permanecido en libertad provisional durante cuatro meses y en 3G, otros cuatro meses<br \/>4. Es la tercera vez que la JT del CP de Gipuzkoa, propone su clasificaci\u00f3n a tercer grado por unanimidad.<br \/>5. No tiene v\u00edctima directa alguna, y por tanto est\u00e1 exento del pago de la responsabilidad civil.<br \/>6. Ha realizado varios escritos de reconocimiento del da\u00f1o causado y realizando una clara apuesta por la paz y la convivencia.<\/p>\n<p>En definitiva, desde la Red Ciudadana Sare, ante las constantes actitudes obstruccionistas y confrontadoras de la Audiencia Nacional y del Ministerio Fiscal, denunciamos la persecuci\u00f3n que se est\u00e1 desarrollando contra Xabier Atristrain y el resto de los presos y presas vascos, por parte de una justicia que est\u00e1 utilizando su poder no con af\u00e1n de justicia, sino de revancha y venganza. Resulta dif\u00edcilmente entendible, que m\u00e1s de 12 a\u00f1os del fin de la actividad de ETA, se est\u00e9 sometiendo a estas personas a un castigo cruel de entradas y salidas de prisi\u00f3n. Consideramos que estas actitudes no cumplen con la finalidad legal de una pol\u00edtica penitenciaria humanista y por el contrario solo puede ser clasificada de inhumana.<\/p>\n<p><strong>Por todo ello, desde SARE, convocamos a la sociedad vasca a participar en las Movilizacizaciones del ultimo viernes de mes y sobre todo en la de Donostia del pr\u00f3ximo del 28 de julio.<\/strong><\/p>\n\n\n<figure class=\"wp-block-image size-large\"><img loading=\"lazy\" decoding=\"async\" width=\"724\" height=\"1024\" src=\"https:\/\/sare.eus\/wp-content\/uploads\/2023\/07\/Azkenostirala_etxera_BEREZIA-ATRIS-web-724x1024.jpg\" alt=\"\" class=\"wp-image-5323\" srcset=\"https:\/\/sare.eus\/wp-content\/uploads\/2023\/07\/Azkenostirala_etxera_BEREZIA-ATRIS-web-724x1024.jpg 724w, https:\/\/sare.eus\/wp-content\/uploads\/2023\/07\/Azkenostirala_etxera_BEREZIA-ATRIS-web-212x300.jpg 212w, https:\/\/sare.eus\/wp-content\/uploads\/2023\/07\/Azkenostirala_etxera_BEREZIA-ATRIS-web-768x1086.jpg 768w, https:\/\/sare.eus\/wp-content\/uploads\/2023\/07\/Azkenostirala_etxera_BEREZIA-ATRIS-web-1086x1536.jpg 1086w, https:\/\/sare.eus\/wp-content\/uploads\/2023\/07\/Azkenostirala_etxera_BEREZIA-ATRIS-web-1448x2048.jpg 1448w, https:\/\/sare.eus\/wp-content\/uploads\/2023\/07\/Azkenostirala_etxera_BEREZIA-ATRIS-web-1080x1528.jpg 1080w, https:\/\/sare.eus\/wp-content\/uploads\/2023\/07\/Azkenostirala_etxera_BEREZIA-ATRIS-web-scaled.jpg 1810w\" sizes=\"(max-width: 724px) 100vw, 724px\" \/><\/figure>\n","protected":false},"excerpt":{"rendered":"<p>Se ha aceptado la impugnaci\u00f3n del tercer grado penitenciario del preso vasco Xabier Atristrain propuesta por la Fiscal\u00eda de la Audiencia Nacional. Por ello Atristain tendr\u00e1 que continuar en prisi\u00f3n. [&hellip;]<\/p>\n","protected":false},"author":2,"featured_media":5089,"comment_status":"closed","ping_status":"closed","sticky":false,"template":"","format":"standard","meta":{"_acf_changed":false,"_et_pb_use_builder":"off","_et_pb_old_content":"","_et_gb_content_width":"","footnotes":""},"categories":[65],"tags":[],"class_list":["post-5326","post","type-post","status-publish","format-standard","has-post-thumbnail","hentry","category-progresion-de-grado","et-has-post-format-content","et_post_format-et-post-format-standard"],"acf":[],"yoast_head":"<!-- This site is optimized with the Yoast SEO plugin v26.4 - https:\/\/yoast.com\/wordpress\/plugins\/seo\/ -->\n<title>Se ha aceptado la impugnaci\u00f3n del tercer grado penitenciario del preso vasco Xabier Atristrain propuesta por la Fiscal\u00eda de la Audiencia Nacional - Sare Herritarra<\/title>\n<meta name=\"robots\" content=\"index, follow, max-snippet:-1, max-image-preview:large, max-video-preview:-1\" \/>\n<link rel=\"canonical\" href=\"https:\/\/sare.eus\/es\/se-ha-aceptado-la-impugnacion-del-tercer-grado-penitenciario-del-preso-vasco-xabier-atristrain-propuesta-por-la-fiscalia-de-la-audiencia-nacional\/\" \/>\n<meta property=\"og:locale\" content=\"es_ES\" \/>\n<meta property=\"og:type\" content=\"article\" \/>\n<meta property=\"og:title\" content=\"Se ha aceptado la impugnaci\u00f3n del tercer grado penitenciario del preso vasco Xabier Atristrain propuesta por la Fiscal\u00eda de la Audiencia Nacional - Sare Herritarra\" \/>\n<meta property=\"og:description\" content=\"Se ha aceptado la impugnaci\u00f3n del tercer grado penitenciario del preso vasco Xabier Atristrain propuesta por la Fiscal\u00eda de la Audiencia Nacional. Por ello Atristain tendr\u00e1 que continuar en prisi\u00f3n. [&hellip;]\" \/>\n<meta property=\"og:url\" content=\"https:\/\/sare.eus\/es\/se-ha-aceptado-la-impugnacion-del-tercer-grado-penitenciario-del-preso-vasco-xabier-atristrain-propuesta-por-la-fiscalia-de-la-audiencia-nacional\/\" \/>\n<meta property=\"og:site_name\" content=\"Sare Herritarra\" \/>\n<meta property=\"article:published_time\" content=\"2023-07-26T10:50:09+00:00\" \/>\n<meta property=\"article:modified_time\" content=\"2023-07-26T11:01:37+00:00\" \/>\n<meta property=\"og:image\" content=\"https:\/\/sare.eus\/wp-content\/uploads\/2023\/03\/WhatsApp-Image-2023-03-17-at-19.45.23-1.jpeg\" \/>\n\t<meta property=\"og:image:width\" content=\"2016\" \/>\n\t<meta property=\"og:image:height\" content=\"1134\" \/>\n\t<meta property=\"og:image:type\" content=\"image\/jpeg\" \/>\n<meta name=\"author\" content=\"sare\" \/>\n<meta name=\"twitter:card\" content=\"summary_large_image\" \/>\n<meta name=\"twitter:label1\" content=\"Escrito por\" \/>\n\t<meta name=\"twitter:data1\" content=\"sare\" \/>\n\t<meta name=\"twitter:label2\" content=\"Tiempo de lectura\" \/>\n\t<meta name=\"twitter:data2\" content=\"4 minutos\" \/>\n<script type=\"application\/ld+json\" class=\"yoast-schema-graph\">{\"@context\":\"https:\/\/schema.org\",\"@graph\":[{\"@type\":\"Article\",\"@id\":\"https:\/\/sare.eus\/es\/se-ha-aceptado-la-impugnacion-del-tercer-grado-penitenciario-del-preso-vasco-xabier-atristrain-propuesta-por-la-fiscalia-de-la-audiencia-nacional\/#article\",\"isPartOf\":{\"@id\":\"https:\/\/sare.eus\/es\/se-ha-aceptado-la-impugnacion-del-tercer-grado-penitenciario-del-preso-vasco-xabier-atristrain-propuesta-por-la-fiscalia-de-la-audiencia-nacional\/\"},\"author\":{\"name\":\"sare\",\"@id\":\"https:\/\/sare.eus\/#\/schema\/person\/2fe6d0df294f56313d3ab236dbe38e17\"},\"headline\":\"Se ha aceptado la impugnaci\u00f3n del tercer grado penitenciario del preso vasco Xabier Atristrain propuesta por la Fiscal\u00eda de la Audiencia Nacional\",\"datePublished\":\"2023-07-26T10:50:09+00:00\",\"dateModified\":\"2023-07-26T11:01:37+00:00\",\"mainEntityOfPage\":{\"@id\":\"https:\/\/sare.eus\/es\/se-ha-aceptado-la-impugnacion-del-tercer-grado-penitenciario-del-preso-vasco-xabier-atristrain-propuesta-por-la-fiscalia-de-la-audiencia-nacional\/\"},\"wordCount\":691,\"publisher\":{\"@id\":\"https:\/\/sare.eus\/#organization\"},\"image\":{\"@id\":\"https:\/\/sare.eus\/es\/se-ha-aceptado-la-impugnacion-del-tercer-grado-penitenciario-del-preso-vasco-xabier-atristrain-propuesta-por-la-fiscalia-de-la-audiencia-nacional\/#primaryimage\"},\"thumbnailUrl\":\"https:\/\/sare.eus\/wp-content\/uploads\/2023\/03\/WhatsApp-Image-2023-03-17-at-19.45.23-1.jpeg\",\"articleSection\":[\"Progresi\u00f3n de Grado\"],\"inLanguage\":\"es\"},{\"@type\":\"WebPage\",\"@id\":\"https:\/\/sare.eus\/es\/se-ha-aceptado-la-impugnacion-del-tercer-grado-penitenciario-del-preso-vasco-xabier-atristrain-propuesta-por-la-fiscalia-de-la-audiencia-nacional\/\",\"url\":\"https:\/\/sare.eus\/es\/se-ha-aceptado-la-impugnacion-del-tercer-grado-penitenciario-del-preso-vasco-xabier-atristrain-propuesta-por-la-fiscalia-de-la-audiencia-nacional\/\",\"name\":\"Se ha aceptado la impugnaci\u00f3n del tercer grado penitenciario del preso vasco Xabier Atristrain propuesta por la Fiscal\u00eda de la Audiencia Nacional - Sare Herritarra\",\"isPartOf\":{\"@id\":\"https:\/\/sare.eus\/#website\"},\"primaryImageOfPage\":{\"@id\":\"https:\/\/sare.eus\/es\/se-ha-aceptado-la-impugnacion-del-tercer-grado-penitenciario-del-preso-vasco-xabier-atristrain-propuesta-por-la-fiscalia-de-la-audiencia-nacional\/#primaryimage\"},\"image\":{\"@id\":\"https:\/\/sare.eus\/es\/se-ha-aceptado-la-impugnacion-del-tercer-grado-penitenciario-del-preso-vasco-xabier-atristrain-propuesta-por-la-fiscalia-de-la-audiencia-nacional\/#primaryimage\"},\"thumbnailUrl\":\"https:\/\/sare.eus\/wp-content\/uploads\/2023\/03\/WhatsApp-Image-2023-03-17-at-19.45.23-1.jpeg\",\"datePublished\":\"2023-07-26T10:50:09+00:00\",\"dateModified\":\"2023-07-26T11:01:37+00:00\",\"breadcrumb\":{\"@id\":\"https:\/\/sare.eus\/es\/se-ha-aceptado-la-impugnacion-del-tercer-grado-penitenciario-del-preso-vasco-xabier-atristrain-propuesta-por-la-fiscalia-de-la-audiencia-nacional\/#breadcrumb\"},\"inLanguage\":\"es\",\"potentialAction\":[{\"@type\":\"ReadAction\",\"target\":[\"https:\/\/sare.eus\/es\/se-ha-aceptado-la-impugnacion-del-tercer-grado-penitenciario-del-preso-vasco-xabier-atristrain-propuesta-por-la-fiscalia-de-la-audiencia-nacional\/\"]}]},{\"@type\":\"ImageObject\",\"inLanguage\":\"es\",\"@id\":\"https:\/\/sare.eus\/es\/se-ha-aceptado-la-impugnacion-del-tercer-grado-penitenciario-del-preso-vasco-xabier-atristrain-propuesta-por-la-fiscalia-de-la-audiencia-nacional\/#primaryimage\",\"url\":\"https:\/\/sare.eus\/wp-content\/uploads\/2023\/03\/WhatsApp-Image-2023-03-17-at-19.45.23-1.jpeg\",\"contentUrl\":\"https:\/\/sare.eus\/wp-content\/uploads\/2023\/03\/WhatsApp-Image-2023-03-17-at-19.45.23-1.jpeg\",\"width\":2016,\"height\":1134,\"caption\":\"DONOSTIA\"},{\"@type\":\"BreadcrumbList\",\"@id\":\"https:\/\/sare.eus\/es\/se-ha-aceptado-la-impugnacion-del-tercer-grado-penitenciario-del-preso-vasco-xabier-atristrain-propuesta-por-la-fiscalia-de-la-audiencia-nacional\/#breadcrumb\",\"itemListElement\":[{\"@type\":\"ListItem\",\"position\":1,\"name\":\"Home\",\"item\":\"https:\/\/sare.eus\/\"},{\"@type\":\"ListItem\",\"position\":2,\"name\":\"Se ha aceptado la impugnaci\u00f3n del tercer grado penitenciario del preso vasco Xabier Atristrain propuesta por la Fiscal\u00eda de la Audiencia Nacional\"}]},{\"@type\":\"WebSite\",\"@id\":\"https:\/\/sare.eus\/#website\",\"url\":\"https:\/\/sare.eus\/\",\"name\":\"Sare Herritarra\",\"description\":\"KONPONBIDEAREN ETA GIZA ESKUBIDEEN ALDEKO SARE HERRITARRA\",\"publisher\":{\"@id\":\"https:\/\/sare.eus\/#organization\"},\"potentialAction\":[{\"@type\":\"SearchAction\",\"target\":{\"@type\":\"EntryPoint\",\"urlTemplate\":\"https:\/\/sare.eus\/?s={search_term_string}\"},\"query-input\":{\"@type\":\"PropertyValueSpecification\",\"valueRequired\":true,\"valueName\":\"search_term_string\"}}],\"inLanguage\":\"es\"},{\"@type\":\"Organization\",\"@id\":\"https:\/\/sare.eus\/#organization\",\"name\":\"Sare Herritarra\",\"url\":\"https:\/\/sare.eus\/\",\"logo\":{\"@type\":\"ImageObject\",\"inLanguage\":\"es\",\"@id\":\"https:\/\/sare.eus\/#\/schema\/logo\/image\/\",\"url\":\"https:\/\/sare.eus\/wp-content\/uploads\/2021\/08\/sare.png\",\"contentUrl\":\"https:\/\/sare.eus\/wp-content\/uploads\/2021\/08\/sare.png\",\"width\":120,\"height\":142,\"caption\":\"Sare Herritarra\"},\"image\":{\"@id\":\"https:\/\/sare.eus\/#\/schema\/logo\/image\/\"}},{\"@type\":\"Person\",\"@id\":\"https:\/\/sare.eus\/#\/schema\/person\/2fe6d0df294f56313d3ab236dbe38e17\",\"name\":\"sare\",\"image\":{\"@type\":\"ImageObject\",\"inLanguage\":\"es\",\"@id\":\"https:\/\/sare.eus\/#\/schema\/person\/image\/\",\"url\":\"https:\/\/secure.gravatar.com\/avatar\/77cad838677ceb1977e7b3c878b55eaa7fa4aae2158983063b047c3ad7ef2c25?s=96&d=mm&r=g\",\"contentUrl\":\"https:\/\/secure.gravatar.com\/avatar\/77cad838677ceb1977e7b3c878b55eaa7fa4aae2158983063b047c3ad7ef2c25?s=96&d=mm&r=g\",\"caption\":\"sare\"},\"url\":\"https:\/\/sare.eus\/es\/author\/sare\/\"}]}<\/script>\n<!-- \/ Yoast SEO plugin. -->","yoast_head_json":{"title":"Se ha aceptado la impugnaci\u00f3n del tercer grado penitenciario del preso vasco Xabier Atristrain propuesta por la Fiscal\u00eda de la Audiencia Nacional - Sare Herritarra","robots":{"index":"index","follow":"follow","max-snippet":"max-snippet:-1","max-image-preview":"max-image-preview:large","max-video-preview":"max-video-preview:-1"},"canonical":"https:\/\/sare.eus\/es\/se-ha-aceptado-la-impugnacion-del-tercer-grado-penitenciario-del-preso-vasco-xabier-atristrain-propuesta-por-la-fiscalia-de-la-audiencia-nacional\/","og_locale":"es_ES","og_type":"article","og_title":"Se ha aceptado la impugnaci\u00f3n del tercer grado penitenciario del preso vasco Xabier Atristrain propuesta por la Fiscal\u00eda de la Audiencia Nacional - Sare Herritarra","og_description":"Se ha aceptado la impugnaci\u00f3n del tercer grado penitenciario del preso vasco Xabier Atristrain propuesta por la Fiscal\u00eda de la Audiencia Nacional. Por ello Atristain tendr\u00e1 que continuar en prisi\u00f3n. [&hellip;]","og_url":"https:\/\/sare.eus\/es\/se-ha-aceptado-la-impugnacion-del-tercer-grado-penitenciario-del-preso-vasco-xabier-atristrain-propuesta-por-la-fiscalia-de-la-audiencia-nacional\/","og_site_name":"Sare Herritarra","article_published_time":"2023-07-26T10:50:09+00:00","article_modified_time":"2023-07-26T11:01:37+00:00","og_image":[{"width":2016,"height":1134,"url":"https:\/\/sare.eus\/wp-content\/uploads\/2023\/03\/WhatsApp-Image-2023-03-17-at-19.45.23-1.jpeg","type":"image\/jpeg"}],"author":"sare","twitter_card":"summary_large_image","twitter_misc":{"Escrito por":"sare","Tiempo de lectura":"4 minutos"},"schema":{"@context":"https:\/\/schema.org","@graph":[{"@type":"Article","@id":"https:\/\/sare.eus\/es\/se-ha-aceptado-la-impugnacion-del-tercer-grado-penitenciario-del-preso-vasco-xabier-atristrain-propuesta-por-la-fiscalia-de-la-audiencia-nacional\/#article","isPartOf":{"@id":"https:\/\/sare.eus\/es\/se-ha-aceptado-la-impugnacion-del-tercer-grado-penitenciario-del-preso-vasco-xabier-atristrain-propuesta-por-la-fiscalia-de-la-audiencia-nacional\/"},"author":{"name":"sare","@id":"https:\/\/sare.eus\/#\/schema\/person\/2fe6d0df294f56313d3ab236dbe38e17"},"headline":"Se ha aceptado la impugnaci\u00f3n del tercer grado penitenciario del preso vasco Xabier Atristrain propuesta por la Fiscal\u00eda de la Audiencia Nacional","datePublished":"2023-07-26T10:50:09+00:00","dateModified":"2023-07-26T11:01:37+00:00","mainEntityOfPage":{"@id":"https:\/\/sare.eus\/es\/se-ha-aceptado-la-impugnacion-del-tercer-grado-penitenciario-del-preso-vasco-xabier-atristrain-propuesta-por-la-fiscalia-de-la-audiencia-nacional\/"},"wordCount":691,"publisher":{"@id":"https:\/\/sare.eus\/#organization"},"image":{"@id":"https:\/\/sare.eus\/es\/se-ha-aceptado-la-impugnacion-del-tercer-grado-penitenciario-del-preso-vasco-xabier-atristrain-propuesta-por-la-fiscalia-de-la-audiencia-nacional\/#primaryimage"},"thumbnailUrl":"https:\/\/sare.eus\/wp-content\/uploads\/2023\/03\/WhatsApp-Image-2023-03-17-at-19.45.23-1.jpeg","articleSection":["Progresi\u00f3n de Grado"],"inLanguage":"es"},{"@type":"WebPage","@id":"https:\/\/sare.eus\/es\/se-ha-aceptado-la-impugnacion-del-tercer-grado-penitenciario-del-preso-vasco-xabier-atristrain-propuesta-por-la-fiscalia-de-la-audiencia-nacional\/","url":"https:\/\/sare.eus\/es\/se-ha-aceptado-la-impugnacion-del-tercer-grado-penitenciario-del-preso-vasco-xabier-atristrain-propuesta-por-la-fiscalia-de-la-audiencia-nacional\/","name":"Se ha aceptado la impugnaci\u00f3n del tercer grado penitenciario del preso vasco Xabier Atristrain propuesta por la Fiscal\u00eda de la Audiencia Nacional - Sare Herritarra","isPartOf":{"@id":"https:\/\/sare.eus\/#website"},"primaryImageOfPage":{"@id":"https:\/\/sare.eus\/es\/se-ha-aceptado-la-impugnacion-del-tercer-grado-penitenciario-del-preso-vasco-xabier-atristrain-propuesta-por-la-fiscalia-de-la-audiencia-nacional\/#primaryimage"},"image":{"@id":"https:\/\/sare.eus\/es\/se-ha-aceptado-la-impugnacion-del-tercer-grado-penitenciario-del-preso-vasco-xabier-atristrain-propuesta-por-la-fiscalia-de-la-audiencia-nacional\/#primaryimage"},"thumbnailUrl":"https:\/\/sare.eus\/wp-content\/uploads\/2023\/03\/WhatsApp-Image-2023-03-17-at-19.45.23-1.jpeg","datePublished":"2023-07-26T10:50:09+00:00","dateModified":"2023-07-26T11:01:37+00:00","breadcrumb":{"@id":"https:\/\/sare.eus\/es\/se-ha-aceptado-la-impugnacion-del-tercer-grado-penitenciario-del-preso-vasco-xabier-atristrain-propuesta-por-la-fiscalia-de-la-audiencia-nacional\/#breadcrumb"},"inLanguage":"es","potentialAction":[{"@type":"ReadAction","target":["https:\/\/sare.eus\/es\/se-ha-aceptado-la-impugnacion-del-tercer-grado-penitenciario-del-preso-vasco-xabier-atristrain-propuesta-por-la-fiscalia-de-la-audiencia-nacional\/"]}]},{"@type":"ImageObject","inLanguage":"es","@id":"https:\/\/sare.eus\/es\/se-ha-aceptado-la-impugnacion-del-tercer-grado-penitenciario-del-preso-vasco-xabier-atristrain-propuesta-por-la-fiscalia-de-la-audiencia-nacional\/#primaryimage","url":"https:\/\/sare.eus\/wp-content\/uploads\/2023\/03\/WhatsApp-Image-2023-03-17-at-19.45.23-1.jpeg","contentUrl":"https:\/\/sare.eus\/wp-content\/uploads\/2023\/03\/WhatsApp-Image-2023-03-17-at-19.45.23-1.jpeg","width":2016,"height":1134,"caption":"DONOSTIA"},{"@type":"BreadcrumbList","@id":"https:\/\/sare.eus\/es\/se-ha-aceptado-la-impugnacion-del-tercer-grado-penitenciario-del-preso-vasco-xabier-atristrain-propuesta-por-la-fiscalia-de-la-audiencia-nacional\/#breadcrumb","itemListElement":[{"@type":"ListItem","position":1,"name":"Home","item":"https:\/\/sare.eus\/"},{"@type":"ListItem","position":2,"name":"Se ha aceptado la impugnaci\u00f3n del tercer grado penitenciario del preso vasco Xabier Atristrain propuesta por la Fiscal\u00eda de la Audiencia Nacional"}]},{"@type":"WebSite","@id":"https:\/\/sare.eus\/#website","url":"https:\/\/sare.eus\/","name":"Sare Herritarra","description":"KONPONBIDEAREN ETA GIZA ESKUBIDEEN ALDEKO SARE HERRITARRA","publisher":{"@id":"https:\/\/sare.eus\/#organization"},"potentialAction":[{"@type":"SearchAction","target":{"@type":"EntryPoint","urlTemplate":"https:\/\/sare.eus\/?s={search_term_string}"},"query-input":{"@type":"PropertyValueSpecification","valueRequired":true,"valueName":"search_term_string"}}],"inLanguage":"es"},{"@type":"Organization","@id":"https:\/\/sare.eus\/#organization","name":"Sare Herritarra","url":"https:\/\/sare.eus\/","logo":{"@type":"ImageObject","inLanguage":"es","@id":"https:\/\/sare.eus\/#\/schema\/logo\/image\/","url":"https:\/\/sare.eus\/wp-content\/uploads\/2021\/08\/sare.png","contentUrl":"https:\/\/sare.eus\/wp-content\/uploads\/2021\/08\/sare.png","width":120,"height":142,"caption":"Sare Herritarra"},"image":{"@id":"https:\/\/sare.eus\/#\/schema\/logo\/image\/"}},{"@type":"Person","@id":"https:\/\/sare.eus\/#\/schema\/person\/2fe6d0df294f56313d3ab236dbe38e17","name":"sare","image":{"@type":"ImageObject","inLanguage":"es","@id":"https:\/\/sare.eus\/#\/schema\/person\/image\/","url":"https:\/\/secure.gravatar.com\/avatar\/77cad838677ceb1977e7b3c878b55eaa7fa4aae2158983063b047c3ad7ef2c25?s=96&d=mm&r=g","contentUrl":"https:\/\/secure.gravatar.com\/avatar\/77cad838677ceb1977e7b3c878b55eaa7fa4aae2158983063b047c3ad7ef2c25?s=96&d=mm&r=g","caption":"sare"},"url":"https:\/\/sare.eus\/es\/author\/sare\/"}]}},"_links":{"self":[{"href":"https:\/\/sare.eus\/es\/wp-json\/wp\/v2\/posts\/5326","targetHints":{"allow":["GET"]}}],"collection":[{"href":"https:\/\/sare.eus\/es\/wp-json\/wp\/v2\/posts"}],"about":[{"href":"https:\/\/sare.eus\/es\/wp-json\/wp\/v2\/types\/post"}],"author":[{"embeddable":true,"href":"https:\/\/sare.eus\/es\/wp-json\/wp\/v2\/users\/2"}],"replies":[{"embeddable":true,"href":"https:\/\/sare.eus\/es\/wp-json\/wp\/v2\/comments?post=5326"}],"version-history":[{"count":2,"href":"https:\/\/sare.eus\/es\/wp-json\/wp\/v2\/posts\/5326\/revisions"}],"predecessor-version":[{"id":5329,"href":"https:\/\/sare.eus\/es\/wp-json\/wp\/v2\/posts\/5326\/revisions\/5329"}],"wp:featuredmedia":[{"embeddable":true,"href":"https:\/\/sare.eus\/es\/wp-json\/wp\/v2\/media\/5089"}],"wp:attachment":[{"href":"https:\/\/sare.eus\/es\/wp-json\/wp\/v2\/media?parent=5326"}],"wp:term":[{"taxonomy":"category","embeddable":true,"href":"https:\/\/sare.eus\/es\/wp-json\/wp\/v2\/categories?post=5326"},{"taxonomy":"post_tag","embeddable":true,"href":"https:\/\/sare.eus\/es\/wp-json\/wp\/v2\/tags?post=5326"}],"curies":[{"name":"wp","href":"https:\/\/api.w.org\/{rel}","templated":true}]}}