{"id":5318,"date":"2023-07-05T10:48:58","date_gmt":"2023-07-05T10:48:58","guid":{"rendered":"https:\/\/sare.eus\/abuztuaren-5ean-etxera-manifestazioa-andra-mari-zuriaren-jaietan\/"},"modified":"2023-07-05T10:54:42","modified_gmt":"2023-07-05T10:54:42","slug":"manifestacion-etxera-el-5-de-agosto-en-las-fiestas-de-la-virgen-blanca","status":"publish","type":"post","link":"https:\/\/sare.eus\/es\/manifestacion-etxera-el-5-de-agosto-en-las-fiestas-de-la-virgen-blanca\/","title":{"rendered":"Manifestaci\u00f3n \u00abEtxera\u00bb el 5 de agosto en las fiestas de la Virgen Blanca"},"content":{"rendered":"<p>Hoy, en el Caminante, representantes de Sare y Etxerat, hemos querido comparecer junto a otros agentes que tradicionalmente se han mostrado a favor de los derechos de los y las presas, huidas y deportadas vascas durante las fiestas de Gasteiz: ostalaritza ekimena, Gasteizko txosnak, Blusak y Neskak y familiares,entre otros.<\/p>\n<p>Hemos estado m\u00e1s de 34 a\u00f1os pidiendo el fin de la pol\u00edtica de alejamiento porque era inhumana, vengativa y cruel. Pero la superaci\u00f3n de esta pol\u00edtica de alejamiento no ha supuesto el fin de la vulneraci\u00f3n de los derechos de los y las presas vascas, porque las medidas de excepci\u00f3n y las vulneraciones de derechos que obstaculizan el camino a casa siguen siendo norma.<\/p>\n<p>Son constantes los ataques de la fiscal\u00eda y de la Audiencia Nacional, actitudes basadas en la venganza que pretenden frustrar la soluci\u00f3n y perpetuar a este pueblo en el pasado. Ejemplo de ello son las regresiones de grado que se han dado en nuestro herrialde en los \u00faltimos meses.<\/p>\n<p>No nos cansamos de repetir que no pedimos ning\u00fan privilegio: es el momento de desactivar la excepcionalidad, aplicar la legislaci\u00f3n ordinaria y dejar de obstaculizar el recorrido que por derecho les corresponde.<\/p>\n<p>Los queremos en casa. A CASA. S\u00ed, a casa. Por eso es tan importante visibilizar la reivindicaci\u00f3n ETXERA en la calle y reivindicar en voz alta que, para dar pasos en el camino de la convivencia, debemos dar soluci\u00f3n a la cuesti\u00f3n de los y las presas, exiliadas y deportadas vascas.<\/p>\n<p>A CASA S\u00ed, los queremos en casa. Y para que ese objetivo sea una realidad os necesitamos a todos y a todas.<strong> En este sentido, queremos hacer un llamamiento a la ciudadan\u00eda de Araba para participar en la manifestaci\u00f3n Etxera que el pr\u00f3ximo 5 de agosto, a las 20:00 horas partir\u00e1 desde la Plaza Virgen Blanca de Gasteiz.<\/strong><\/p>\n<p><strong>Entre todas y todos lo conseguiremos. Etxera, etxera eta etxera!<\/strong><\/p>\n\n\n<figure class=\"wp-block-image size-large\"><img loading=\"lazy\" decoding=\"async\" width=\"725\" height=\"1024\" src=\"https:\/\/sare.eus\/wp-content\/uploads\/2023\/07\/photo_2023-07-05_12-23-50-725x1024.jpg\" alt=\"\" class=\"wp-image-5315\" srcset=\"https:\/\/sare.eus\/wp-content\/uploads\/2023\/07\/photo_2023-07-05_12-23-50-725x1024.jpg 725w, https:\/\/sare.eus\/wp-content\/uploads\/2023\/07\/photo_2023-07-05_12-23-50-212x300.jpg 212w, https:\/\/sare.eus\/wp-content\/uploads\/2023\/07\/photo_2023-07-05_12-23-50-768x1085.jpg 768w, https:\/\/sare.eus\/wp-content\/uploads\/2023\/07\/photo_2023-07-05_12-23-50.jpg 906w\" sizes=\"(max-width: 725px) 100vw, 725px\" \/><\/figure>\n","protected":false},"excerpt":{"rendered":"<p>Hoy, en el Caminante, representantes de Sare y Etxerat, hemos querido comparecer junto a otros agentes que tradicionalmente se han mostrado a favor de los derechos de los y las [&hellip;]<\/p>\n","protected":false},"author":2,"featured_media":5314,"comment_status":"closed","ping_status":"closed","sticky":false,"template":"","format":"standard","meta":{"_acf_changed":false,"_et_pb_use_builder":"off","_et_pb_old_content":"","_et_gb_content_width":"","footnotes":""},"categories":[69],"tags":[],"class_list":["post-5318","post","type-post","status-publish","format-standard","has-post-thumbnail","hentry","category-leyes-de-excepcion","et-has-post-format-content","et_post_format-et-post-format-standard"],"acf":[],"yoast_head":"<!-- This site is optimized with the Yoast SEO plugin v26.4 - https:\/\/yoast.com\/wordpress\/plugins\/seo\/ -->\n<title>Manifestaci\u00f3n &quot;Etxera&quot; el 5 de agosto en las fiestas de la Virgen Blanca - Sare Herritarra<\/title>\n<meta name=\"robots\" content=\"index, follow, max-snippet:-1, max-image-preview:large, max-video-preview:-1\" \/>\n<link rel=\"canonical\" href=\"https:\/\/sare.eus\/es\/manifestacion-etxera-el-5-de-agosto-en-las-fiestas-de-la-virgen-blanca\/\" \/>\n<meta property=\"og:locale\" content=\"es_ES\" \/>\n<meta property=\"og:type\" content=\"article\" \/>\n<meta property=\"og:title\" content=\"Manifestaci\u00f3n &quot;Etxera&quot; el 5 de agosto en las fiestas de la Virgen Blanca - Sare Herritarra\" \/>\n<meta property=\"og:description\" content=\"Hoy, en el Caminante, representantes de Sare y Etxerat, hemos querido comparecer junto a otros agentes que tradicionalmente se han mostrado a favor de los derechos de los y las [&hellip;]\" \/>\n<meta property=\"og:url\" content=\"https:\/\/sare.eus\/es\/manifestacion-etxera-el-5-de-agosto-en-las-fiestas-de-la-virgen-blanca\/\" \/>\n<meta property=\"og:site_name\" content=\"Sare Herritarra\" \/>\n<meta property=\"article:published_time\" content=\"2023-07-05T10:48:58+00:00\" \/>\n<meta property=\"article:modified_time\" content=\"2023-07-05T10:54:42+00:00\" \/>\n<meta property=\"og:image\" content=\"https:\/\/sare.eus\/wp-content\/uploads\/2023\/07\/photo_2023-07-05_12-10-55.jpg\" \/>\n\t<meta property=\"og:image:width\" content=\"1280\" \/>\n\t<meta property=\"og:image:height\" content=\"960\" \/>\n\t<meta property=\"og:image:type\" content=\"image\/jpeg\" \/>\n<meta name=\"author\" content=\"sare\" \/>\n<meta name=\"twitter:card\" content=\"summary_large_image\" \/>\n<meta name=\"twitter:label1\" content=\"Escrito por\" \/>\n\t<meta name=\"twitter:data1\" content=\"sare\" \/>\n\t<meta name=\"twitter:label2\" content=\"Tiempo de lectura\" \/>\n\t<meta name=\"twitter:data2\" content=\"2 minutos\" \/>\n<script type=\"application\/ld+json\" class=\"yoast-schema-graph\">{\"@context\":\"https:\/\/schema.org\",\"@graph\":[{\"@type\":\"Article\",\"@id\":\"https:\/\/sare.eus\/es\/manifestacion-etxera-el-5-de-agosto-en-las-fiestas-de-la-virgen-blanca\/#article\",\"isPartOf\":{\"@id\":\"https:\/\/sare.eus\/es\/manifestacion-etxera-el-5-de-agosto-en-las-fiestas-de-la-virgen-blanca\/\"},\"author\":{\"name\":\"sare\",\"@id\":\"https:\/\/sare.eus\/#\/schema\/person\/2fe6d0df294f56313d3ab236dbe38e17\"},\"headline\":\"Manifestaci\u00f3n \u00abEtxera\u00bb el 5 de agosto en las fiestas de la Virgen Blanca\",\"datePublished\":\"2023-07-05T10:48:58+00:00\",\"dateModified\":\"2023-07-05T10:54:42+00:00\",\"mainEntityOfPage\":{\"@id\":\"https:\/\/sare.eus\/es\/manifestacion-etxera-el-5-de-agosto-en-las-fiestas-de-la-virgen-blanca\/\"},\"wordCount\":342,\"publisher\":{\"@id\":\"https:\/\/sare.eus\/#organization\"},\"image\":{\"@id\":\"https:\/\/sare.eus\/es\/manifestacion-etxera-el-5-de-agosto-en-las-fiestas-de-la-virgen-blanca\/#primaryimage\"},\"thumbnailUrl\":\"https:\/\/sare.eus\/wp-content\/uploads\/2023\/07\/photo_2023-07-05_12-10-55.jpg\",\"articleSection\":[\"Leyes de Excepci\u00f3n\"],\"inLanguage\":\"es\"},{\"@type\":\"WebPage\",\"@id\":\"https:\/\/sare.eus\/es\/manifestacion-etxera-el-5-de-agosto-en-las-fiestas-de-la-virgen-blanca\/\",\"url\":\"https:\/\/sare.eus\/es\/manifestacion-etxera-el-5-de-agosto-en-las-fiestas-de-la-virgen-blanca\/\",\"name\":\"Manifestaci\u00f3n \\\"Etxera\\\" el 5 de agosto en las fiestas de la Virgen Blanca - Sare Herritarra\",\"isPartOf\":{\"@id\":\"https:\/\/sare.eus\/#website\"},\"primaryImageOfPage\":{\"@id\":\"https:\/\/sare.eus\/es\/manifestacion-etxera-el-5-de-agosto-en-las-fiestas-de-la-virgen-blanca\/#primaryimage\"},\"image\":{\"@id\":\"https:\/\/sare.eus\/es\/manifestacion-etxera-el-5-de-agosto-en-las-fiestas-de-la-virgen-blanca\/#primaryimage\"},\"thumbnailUrl\":\"https:\/\/sare.eus\/wp-content\/uploads\/2023\/07\/photo_2023-07-05_12-10-55.jpg\",\"datePublished\":\"2023-07-05T10:48:58+00:00\",\"dateModified\":\"2023-07-05T10:54:42+00:00\",\"breadcrumb\":{\"@id\":\"https:\/\/sare.eus\/es\/manifestacion-etxera-el-5-de-agosto-en-las-fiestas-de-la-virgen-blanca\/#breadcrumb\"},\"inLanguage\":\"es\",\"potentialAction\":[{\"@type\":\"ReadAction\",\"target\":[\"https:\/\/sare.eus\/es\/manifestacion-etxera-el-5-de-agosto-en-las-fiestas-de-la-virgen-blanca\/\"]}]},{\"@type\":\"ImageObject\",\"inLanguage\":\"es\",\"@id\":\"https:\/\/sare.eus\/es\/manifestacion-etxera-el-5-de-agosto-en-las-fiestas-de-la-virgen-blanca\/#primaryimage\",\"url\":\"https:\/\/sare.eus\/wp-content\/uploads\/2023\/07\/photo_2023-07-05_12-10-55.jpg\",\"contentUrl\":\"https:\/\/sare.eus\/wp-content\/uploads\/2023\/07\/photo_2023-07-05_12-10-55.jpg\",\"width\":1280,\"height\":960},{\"@type\":\"BreadcrumbList\",\"@id\":\"https:\/\/sare.eus\/es\/manifestacion-etxera-el-5-de-agosto-en-las-fiestas-de-la-virgen-blanca\/#breadcrumb\",\"itemListElement\":[{\"@type\":\"ListItem\",\"position\":1,\"name\":\"Home\",\"item\":\"https:\/\/sare.eus\/\"},{\"@type\":\"ListItem\",\"position\":2,\"name\":\"Manifestaci\u00f3n \u00abEtxera\u00bb el 5 de agosto en las fiestas de la Virgen Blanca\"}]},{\"@type\":\"WebSite\",\"@id\":\"https:\/\/sare.eus\/#website\",\"url\":\"https:\/\/sare.eus\/\",\"name\":\"Sare Herritarra\",\"description\":\"KONPONBIDEAREN ETA GIZA ESKUBIDEEN ALDEKO SARE HERRITARRA\",\"publisher\":{\"@id\":\"https:\/\/sare.eus\/#organization\"},\"potentialAction\":[{\"@type\":\"SearchAction\",\"target\":{\"@type\":\"EntryPoint\",\"urlTemplate\":\"https:\/\/sare.eus\/?s={search_term_string}\"},\"query-input\":{\"@type\":\"PropertyValueSpecification\",\"valueRequired\":true,\"valueName\":\"search_term_string\"}}],\"inLanguage\":\"es\"},{\"@type\":\"Organization\",\"@id\":\"https:\/\/sare.eus\/#organization\",\"name\":\"Sare Herritarra\",\"url\":\"https:\/\/sare.eus\/\",\"logo\":{\"@type\":\"ImageObject\",\"inLanguage\":\"es\",\"@id\":\"https:\/\/sare.eus\/#\/schema\/logo\/image\/\",\"url\":\"https:\/\/sare.eus\/wp-content\/uploads\/2021\/08\/sare.png\",\"contentUrl\":\"https:\/\/sare.eus\/wp-content\/uploads\/2021\/08\/sare.png\",\"width\":120,\"height\":142,\"caption\":\"Sare Herritarra\"},\"image\":{\"@id\":\"https:\/\/sare.eus\/#\/schema\/logo\/image\/\"}},{\"@type\":\"Person\",\"@id\":\"https:\/\/sare.eus\/#\/schema\/person\/2fe6d0df294f56313d3ab236dbe38e17\",\"name\":\"sare\",\"image\":{\"@type\":\"ImageObject\",\"inLanguage\":\"es\",\"@id\":\"https:\/\/sare.eus\/#\/schema\/person\/image\/\",\"url\":\"https:\/\/secure.gravatar.com\/avatar\/77cad838677ceb1977e7b3c878b55eaa7fa4aae2158983063b047c3ad7ef2c25?s=96&d=mm&r=g\",\"contentUrl\":\"https:\/\/secure.gravatar.com\/avatar\/77cad838677ceb1977e7b3c878b55eaa7fa4aae2158983063b047c3ad7ef2c25?s=96&d=mm&r=g\",\"caption\":\"sare\"},\"url\":\"https:\/\/sare.eus\/es\/author\/sare\/\"}]}<\/script>\n<!-- \/ Yoast SEO plugin. -->","yoast_head_json":{"title":"Manifestaci\u00f3n \"Etxera\" el 5 de agosto en las fiestas de la Virgen Blanca - Sare Herritarra","robots":{"index":"index","follow":"follow","max-snippet":"max-snippet:-1","max-image-preview":"max-image-preview:large","max-video-preview":"max-video-preview:-1"},"canonical":"https:\/\/sare.eus\/es\/manifestacion-etxera-el-5-de-agosto-en-las-fiestas-de-la-virgen-blanca\/","og_locale":"es_ES","og_type":"article","og_title":"Manifestaci\u00f3n \"Etxera\" el 5 de agosto en las fiestas de la Virgen Blanca - Sare Herritarra","og_description":"Hoy, en el Caminante, representantes de Sare y Etxerat, hemos querido comparecer junto a otros agentes que tradicionalmente se han mostrado a favor de los derechos de los y las [&hellip;]","og_url":"https:\/\/sare.eus\/es\/manifestacion-etxera-el-5-de-agosto-en-las-fiestas-de-la-virgen-blanca\/","og_site_name":"Sare Herritarra","article_published_time":"2023-07-05T10:48:58+00:00","article_modified_time":"2023-07-05T10:54:42+00:00","og_image":[{"width":1280,"height":960,"url":"https:\/\/sare.eus\/wp-content\/uploads\/2023\/07\/photo_2023-07-05_12-10-55.jpg","type":"image\/jpeg"}],"author":"sare","twitter_card":"summary_large_image","twitter_misc":{"Escrito por":"sare","Tiempo de lectura":"2 minutos"},"schema":{"@context":"https:\/\/schema.org","@graph":[{"@type":"Article","@id":"https:\/\/sare.eus\/es\/manifestacion-etxera-el-5-de-agosto-en-las-fiestas-de-la-virgen-blanca\/#article","isPartOf":{"@id":"https:\/\/sare.eus\/es\/manifestacion-etxera-el-5-de-agosto-en-las-fiestas-de-la-virgen-blanca\/"},"author":{"name":"sare","@id":"https:\/\/sare.eus\/#\/schema\/person\/2fe6d0df294f56313d3ab236dbe38e17"},"headline":"Manifestaci\u00f3n \u00abEtxera\u00bb el 5 de agosto en las fiestas de la Virgen Blanca","datePublished":"2023-07-05T10:48:58+00:00","dateModified":"2023-07-05T10:54:42+00:00","mainEntityOfPage":{"@id":"https:\/\/sare.eus\/es\/manifestacion-etxera-el-5-de-agosto-en-las-fiestas-de-la-virgen-blanca\/"},"wordCount":342,"publisher":{"@id":"https:\/\/sare.eus\/#organization"},"image":{"@id":"https:\/\/sare.eus\/es\/manifestacion-etxera-el-5-de-agosto-en-las-fiestas-de-la-virgen-blanca\/#primaryimage"},"thumbnailUrl":"https:\/\/sare.eus\/wp-content\/uploads\/2023\/07\/photo_2023-07-05_12-10-55.jpg","articleSection":["Leyes de Excepci\u00f3n"],"inLanguage":"es"},{"@type":"WebPage","@id":"https:\/\/sare.eus\/es\/manifestacion-etxera-el-5-de-agosto-en-las-fiestas-de-la-virgen-blanca\/","url":"https:\/\/sare.eus\/es\/manifestacion-etxera-el-5-de-agosto-en-las-fiestas-de-la-virgen-blanca\/","name":"Manifestaci\u00f3n \"Etxera\" el 5 de agosto en las fiestas de la Virgen Blanca - Sare Herritarra","isPartOf":{"@id":"https:\/\/sare.eus\/#website"},"primaryImageOfPage":{"@id":"https:\/\/sare.eus\/es\/manifestacion-etxera-el-5-de-agosto-en-las-fiestas-de-la-virgen-blanca\/#primaryimage"},"image":{"@id":"https:\/\/sare.eus\/es\/manifestacion-etxera-el-5-de-agosto-en-las-fiestas-de-la-virgen-blanca\/#primaryimage"},"thumbnailUrl":"https:\/\/sare.eus\/wp-content\/uploads\/2023\/07\/photo_2023-07-05_12-10-55.jpg","datePublished":"2023-07-05T10:48:58+00:00","dateModified":"2023-07-05T10:54:42+00:00","breadcrumb":{"@id":"https:\/\/sare.eus\/es\/manifestacion-etxera-el-5-de-agosto-en-las-fiestas-de-la-virgen-blanca\/#breadcrumb"},"inLanguage":"es","potentialAction":[{"@type":"ReadAction","target":["https:\/\/sare.eus\/es\/manifestacion-etxera-el-5-de-agosto-en-las-fiestas-de-la-virgen-blanca\/"]}]},{"@type":"ImageObject","inLanguage":"es","@id":"https:\/\/sare.eus\/es\/manifestacion-etxera-el-5-de-agosto-en-las-fiestas-de-la-virgen-blanca\/#primaryimage","url":"https:\/\/sare.eus\/wp-content\/uploads\/2023\/07\/photo_2023-07-05_12-10-55.jpg","contentUrl":"https:\/\/sare.eus\/wp-content\/uploads\/2023\/07\/photo_2023-07-05_12-10-55.jpg","width":1280,"height":960},{"@type":"BreadcrumbList","@id":"https:\/\/sare.eus\/es\/manifestacion-etxera-el-5-de-agosto-en-las-fiestas-de-la-virgen-blanca\/#breadcrumb","itemListElement":[{"@type":"ListItem","position":1,"name":"Home","item":"https:\/\/sare.eus\/"},{"@type":"ListItem","position":2,"name":"Manifestaci\u00f3n \u00abEtxera\u00bb el 5 de agosto en las fiestas de la Virgen Blanca"}]},{"@type":"WebSite","@id":"https:\/\/sare.eus\/#website","url":"https:\/\/sare.eus\/","name":"Sare Herritarra","description":"KONPONBIDEAREN ETA GIZA ESKUBIDEEN ALDEKO SARE HERRITARRA","publisher":{"@id":"https:\/\/sare.eus\/#organization"},"potentialAction":[{"@type":"SearchAction","target":{"@type":"EntryPoint","urlTemplate":"https:\/\/sare.eus\/?s={search_term_string}"},"query-input":{"@type":"PropertyValueSpecification","valueRequired":true,"valueName":"search_term_string"}}],"inLanguage":"es"},{"@type":"Organization","@id":"https:\/\/sare.eus\/#organization","name":"Sare Herritarra","url":"https:\/\/sare.eus\/","logo":{"@type":"ImageObject","inLanguage":"es","@id":"https:\/\/sare.eus\/#\/schema\/logo\/image\/","url":"https:\/\/sare.eus\/wp-content\/uploads\/2021\/08\/sare.png","contentUrl":"https:\/\/sare.eus\/wp-content\/uploads\/2021\/08\/sare.png","width":120,"height":142,"caption":"Sare Herritarra"},"image":{"@id":"https:\/\/sare.eus\/#\/schema\/logo\/image\/"}},{"@type":"Person","@id":"https:\/\/sare.eus\/#\/schema\/person\/2fe6d0df294f56313d3ab236dbe38e17","name":"sare","image":{"@type":"ImageObject","inLanguage":"es","@id":"https:\/\/sare.eus\/#\/schema\/person\/image\/","url":"https:\/\/secure.gravatar.com\/avatar\/77cad838677ceb1977e7b3c878b55eaa7fa4aae2158983063b047c3ad7ef2c25?s=96&d=mm&r=g","contentUrl":"https:\/\/secure.gravatar.com\/avatar\/77cad838677ceb1977e7b3c878b55eaa7fa4aae2158983063b047c3ad7ef2c25?s=96&d=mm&r=g","caption":"sare"},"url":"https:\/\/sare.eus\/es\/author\/sare\/"}]}},"_links":{"self":[{"href":"https:\/\/sare.eus\/es\/wp-json\/wp\/v2\/posts\/5318","targetHints":{"allow":["GET"]}}],"collection":[{"href":"https:\/\/sare.eus\/es\/wp-json\/wp\/v2\/posts"}],"about":[{"href":"https:\/\/sare.eus\/es\/wp-json\/wp\/v2\/types\/post"}],"author":[{"embeddable":true,"href":"https:\/\/sare.eus\/es\/wp-json\/wp\/v2\/users\/2"}],"replies":[{"embeddable":true,"href":"https:\/\/sare.eus\/es\/wp-json\/wp\/v2\/comments?post=5318"}],"version-history":[{"count":1,"href":"https:\/\/sare.eus\/es\/wp-json\/wp\/v2\/posts\/5318\/revisions"}],"predecessor-version":[{"id":5320,"href":"https:\/\/sare.eus\/es\/wp-json\/wp\/v2\/posts\/5318\/revisions\/5320"}],"wp:featuredmedia":[{"embeddable":true,"href":"https:\/\/sare.eus\/es\/wp-json\/wp\/v2\/media\/5314"}],"wp:attachment":[{"href":"https:\/\/sare.eus\/es\/wp-json\/wp\/v2\/media?parent=5318"}],"wp:term":[{"taxonomy":"category","embeddable":true,"href":"https:\/\/sare.eus\/es\/wp-json\/wp\/v2\/categories?post=5318"},{"taxonomy":"post_tag","embeddable":true,"href":"https:\/\/sare.eus\/es\/wp-json\/wp\/v2\/tags?post=5318"}],"curies":[{"name":"wp","href":"https:\/\/api.w.org\/{rel}","templated":true}]}}