{"id":5307,"date":"2023-07-04T10:21:43","date_gmt":"2023-07-04T10:21:43","guid":{"rendered":"https:\/\/sare.eus\/ekaineko-azken-ostirala\/"},"modified":"2023-07-04T10:32:43","modified_gmt":"2023-07-04T10:32:43","slug":"azken-ostirala-de-junio","status":"publish","type":"post","link":"https:\/\/sare.eus\/es\/azken-ostirala-de-junio\/","title":{"rendered":"\u00daLTIMO VIERNES-azken ostirala de junio"},"content":{"rendered":"\n<figure class=\"wp-block-embed is-type-video is-provider-youtube wp-block-embed-youtube wp-embed-aspect-16-9 wp-has-aspect-ratio\"><div class=\"wp-block-embed__wrapper\">\nhttps:\/\/youtu.be\/oBKJaJypF0M\n<\/div><figcaption>Bilbo Martxa Euskal preso, iheslari eta deportatuak #Etxera<\/figcaption><\/figure>\n\n\n<p>La justicia espa\u00f1ola y, m\u00e1s concretamente, sectores de la Audiencia Nacional, dan p\u00e1vulo a los entornos m\u00e1s reaccionarios del \u00e1mbito pol\u00edtico y judicial espa\u00f1ol que contin\u00faan utilizando a las y los presos vascos como moneda de cambio para intentar anclar este pa\u00eds al pasado. En este contexto, recientemente el errenteriarra Juan Manuel Inziarte , Joseba Borde, de Ugao, y el gasteiztarra Jose Mari Novoa han visto nuevamente obstaculizado su proceso de vuelta casa, han visto conculcados sus derechos de manera flagrante.<\/p>\n<p>El Juzgado Central de Vigilancia Penitenciaria ha ratificado el recurso fiscal al tercer grado de Inziarte, que deber\u00e1 seguir en prisi\u00f3n. El preso tiene 68 a\u00f1os de edad, lleva m\u00e1s de 14 en la c\u00e1rcel y recientemente ha sufrido un ictus por el que tuvo que ser ingresado en el hospital.<\/p>\n<p>A la espera, por otra parte, de que el mismo juzgado resuelva el recurso fiscal, tambi\u00e9n a su tercer grado, Joseba Borde ha tenido que regresar a prisi\u00f3n. El de Ugao tiene 64 a\u00f1os de edad, lleva 20 a\u00f1os y medio en prisi\u00f3n y est\u00e1 incluido en el listado de quienes padecen enfermedades graves e incurables. En 2019 cumpli\u00f3 las tres cuartas partes de su condena.<\/p>\n<p>Lo mismo ha ocurrido con Jos\u00e9 Mari Novoa, que lleva 23 a\u00f1os y medio en prisi\u00f3n, que regres\u00f3 el mi\u00e9rcoles a la prisi\u00f3n de Zaballa, a la espera de que el JCVP resuelva el recurso a su tercer grado.<\/p>\n<p>\u00a1Que se dejen ya de tanta hipocres\u00eda quienes, un d\u00eda s\u00ed y al otro tambi\u00e9n, promueven castigo en clave de venganza y alegan que proponemos impunidad para las y los presos vascos. \u00a1Dejen ya de mentir!<\/p>\n<p>Lasy los presos vascos hancumplido, demedia,20a\u00f1os enprisi\u00f3n.Cincodeelloshansuperado 30 a\u00f1os de reclusi\u00f3n. 7 presos y presas tienen m\u00e1s de 70 a\u00f1os de edad y a 16 se les han diagnosticado enfermedades graves. Si lo que quieren es que mueran en prisi\u00f3n, que lo digan con claridad.<\/p>\n<p>Casi todos y todas han cumplido la mitad de su condena y buena parte de ellos y ellas, las tres cuartas partes de la misma. Si se les aplicara la ley ordinaria, si las decisiones sobre su recorrido penitenciario las tomara el juez natural, muchos estar\u00edan ya en la calle. En ning\u00fan caso la ley ordinaria dice que deban cumplir condenas dentro de los muros de la prisi\u00f3n hasta el \u00faltimo d\u00eda, sin acceso a modalidades de cumplimiento en r\u00e9gimen abierto, de vuelta a la sociedad a la que pertenecen.<\/p>\n<p>Vamos a continuar trabajando por la convivencia y el futuro de este pa\u00eds y vamos a seguir moviliz\u00e1ndonos para hacer cumplir lo que la mayor\u00eda de la sociedad vasca anhela. Frente a los obst\u00e1culos a la vuelta a casa, es necesario participar en las movilizaciones convocadas en cada pueblo este verano.<\/p>\n<p>Etxerako bidean oztoporik ez!<\/p>\n<p>Etxera!<\/p>\n\n\n<figure class=\"wp-block-embed is-type-video is-provider-youtube wp-block-embed-youtube wp-embed-aspect-16-9 wp-has-aspect-ratio\"><div class=\"wp-block-embed__wrapper\">\nhttps:\/\/youtu.be\/YgkgdnfNIDI\n<\/div><\/figure>\n","protected":false},"excerpt":{"rendered":"<p>La justicia espa\u00f1ola y, m\u00e1s concretamente, sectores de la Audiencia Nacional, dan p\u00e1vulo a los entornos m\u00e1s reaccionarios del \u00e1mbito pol\u00edtico y judicial espa\u00f1ol que contin\u00faan utilizando a las y [&hellip;]<\/p>\n","protected":false},"author":2,"featured_media":5304,"comment_status":"closed","ping_status":"closed","sticky":false,"template":"","format":"standard","meta":{"_acf_changed":false,"_et_pb_use_builder":"off","_et_pb_old_content":"","_et_gb_content_width":"","footnotes":""},"categories":[69],"tags":[],"class_list":["post-5307","post","type-post","status-publish","format-standard","has-post-thumbnail","hentry","category-leyes-de-excepcion","et-has-post-format-content","et_post_format-et-post-format-standard"],"acf":[],"yoast_head":"<!-- This site is optimized with the Yoast SEO plugin v26.4 - https:\/\/yoast.com\/wordpress\/plugins\/seo\/ -->\n<title>\u00daLTIMO VIERNES-azken ostirala de junio - Sare Herritarra<\/title>\n<meta name=\"robots\" content=\"index, follow, max-snippet:-1, max-image-preview:large, max-video-preview:-1\" \/>\n<link rel=\"canonical\" href=\"https:\/\/sare.eus\/es\/azken-ostirala-de-junio\/\" \/>\n<meta property=\"og:locale\" content=\"es_ES\" \/>\n<meta property=\"og:type\" content=\"article\" \/>\n<meta property=\"og:title\" content=\"\u00daLTIMO VIERNES-azken ostirala de junio - Sare Herritarra\" \/>\n<meta property=\"og:description\" content=\"La justicia espa\u00f1ola y, m\u00e1s concretamente, sectores de la Audiencia Nacional, dan p\u00e1vulo a los entornos m\u00e1s reaccionarios del \u00e1mbito pol\u00edtico y judicial espa\u00f1ol que contin\u00faan utilizando a las y [&hellip;]\" \/>\n<meta property=\"og:url\" content=\"https:\/\/sare.eus\/es\/azken-ostirala-de-junio\/\" \/>\n<meta property=\"og:site_name\" content=\"Sare Herritarra\" \/>\n<meta property=\"article:published_time\" content=\"2023-07-04T10:21:43+00:00\" \/>\n<meta property=\"article:modified_time\" content=\"2023-07-04T10:32:43+00:00\" \/>\n<meta property=\"og:image\" content=\"https:\/\/sare.eus\/wp-content\/uploads\/2023\/07\/photo_2023-07-01_13-04-22.jpg\" \/>\n\t<meta property=\"og:image:width\" content=\"1024\" \/>\n\t<meta property=\"og:image:height\" content=\"683\" \/>\n\t<meta property=\"og:image:type\" content=\"image\/jpeg\" \/>\n<meta name=\"author\" content=\"sare\" \/>\n<meta name=\"twitter:card\" content=\"summary_large_image\" \/>\n<meta name=\"twitter:label1\" content=\"Escrito por\" \/>\n\t<meta name=\"twitter:data1\" content=\"sare\" \/>\n\t<meta name=\"twitter:label2\" content=\"Tiempo de lectura\" \/>\n\t<meta name=\"twitter:data2\" content=\"3 minutos\" \/>\n<script type=\"application\/ld+json\" class=\"yoast-schema-graph\">{\"@context\":\"https:\/\/schema.org\",\"@graph\":[{\"@type\":\"Article\",\"@id\":\"https:\/\/sare.eus\/es\/azken-ostirala-de-junio\/#article\",\"isPartOf\":{\"@id\":\"https:\/\/sare.eus\/es\/azken-ostirala-de-junio\/\"},\"author\":{\"name\":\"sare\",\"@id\":\"https:\/\/sare.eus\/#\/schema\/person\/2fe6d0df294f56313d3ab236dbe38e17\"},\"headline\":\"\u00daLTIMO VIERNES-azken ostirala de junio\",\"datePublished\":\"2023-07-04T10:21:43+00:00\",\"dateModified\":\"2023-07-04T10:32:43+00:00\",\"mainEntityOfPage\":{\"@id\":\"https:\/\/sare.eus\/es\/azken-ostirala-de-junio\/\"},\"wordCount\":517,\"publisher\":{\"@id\":\"https:\/\/sare.eus\/#organization\"},\"image\":{\"@id\":\"https:\/\/sare.eus\/es\/azken-ostirala-de-junio\/#primaryimage\"},\"thumbnailUrl\":\"https:\/\/sare.eus\/wp-content\/uploads\/2023\/07\/photo_2023-07-01_13-04-22.jpg\",\"articleSection\":[\"Leyes de Excepci\u00f3n\"],\"inLanguage\":\"es\"},{\"@type\":\"WebPage\",\"@id\":\"https:\/\/sare.eus\/es\/azken-ostirala-de-junio\/\",\"url\":\"https:\/\/sare.eus\/es\/azken-ostirala-de-junio\/\",\"name\":\"\u00daLTIMO VIERNES-azken ostirala de junio - Sare Herritarra\",\"isPartOf\":{\"@id\":\"https:\/\/sare.eus\/#website\"},\"primaryImageOfPage\":{\"@id\":\"https:\/\/sare.eus\/es\/azken-ostirala-de-junio\/#primaryimage\"},\"image\":{\"@id\":\"https:\/\/sare.eus\/es\/azken-ostirala-de-junio\/#primaryimage\"},\"thumbnailUrl\":\"https:\/\/sare.eus\/wp-content\/uploads\/2023\/07\/photo_2023-07-01_13-04-22.jpg\",\"datePublished\":\"2023-07-04T10:21:43+00:00\",\"dateModified\":\"2023-07-04T10:32:43+00:00\",\"breadcrumb\":{\"@id\":\"https:\/\/sare.eus\/es\/azken-ostirala-de-junio\/#breadcrumb\"},\"inLanguage\":\"es\",\"potentialAction\":[{\"@type\":\"ReadAction\",\"target\":[\"https:\/\/sare.eus\/es\/azken-ostirala-de-junio\/\"]}]},{\"@type\":\"ImageObject\",\"inLanguage\":\"es\",\"@id\":\"https:\/\/sare.eus\/es\/azken-ostirala-de-junio\/#primaryimage\",\"url\":\"https:\/\/sare.eus\/wp-content\/uploads\/2023\/07\/photo_2023-07-01_13-04-22.jpg\",\"contentUrl\":\"https:\/\/sare.eus\/wp-content\/uploads\/2023\/07\/photo_2023-07-01_13-04-22.jpg\",\"width\":1024,\"height\":683},{\"@type\":\"BreadcrumbList\",\"@id\":\"https:\/\/sare.eus\/es\/azken-ostirala-de-junio\/#breadcrumb\",\"itemListElement\":[{\"@type\":\"ListItem\",\"position\":1,\"name\":\"Home\",\"item\":\"https:\/\/sare.eus\/\"},{\"@type\":\"ListItem\",\"position\":2,\"name\":\"\u00daLTIMO VIERNES-azken ostirala de junio\"}]},{\"@type\":\"WebSite\",\"@id\":\"https:\/\/sare.eus\/#website\",\"url\":\"https:\/\/sare.eus\/\",\"name\":\"Sare Herritarra\",\"description\":\"KONPONBIDEAREN ETA GIZA ESKUBIDEEN ALDEKO SARE HERRITARRA\",\"publisher\":{\"@id\":\"https:\/\/sare.eus\/#organization\"},\"potentialAction\":[{\"@type\":\"SearchAction\",\"target\":{\"@type\":\"EntryPoint\",\"urlTemplate\":\"https:\/\/sare.eus\/?s={search_term_string}\"},\"query-input\":{\"@type\":\"PropertyValueSpecification\",\"valueRequired\":true,\"valueName\":\"search_term_string\"}}],\"inLanguage\":\"es\"},{\"@type\":\"Organization\",\"@id\":\"https:\/\/sare.eus\/#organization\",\"name\":\"Sare Herritarra\",\"url\":\"https:\/\/sare.eus\/\",\"logo\":{\"@type\":\"ImageObject\",\"inLanguage\":\"es\",\"@id\":\"https:\/\/sare.eus\/#\/schema\/logo\/image\/\",\"url\":\"https:\/\/sare.eus\/wp-content\/uploads\/2021\/08\/sare.png\",\"contentUrl\":\"https:\/\/sare.eus\/wp-content\/uploads\/2021\/08\/sare.png\",\"width\":120,\"height\":142,\"caption\":\"Sare Herritarra\"},\"image\":{\"@id\":\"https:\/\/sare.eus\/#\/schema\/logo\/image\/\"}},{\"@type\":\"Person\",\"@id\":\"https:\/\/sare.eus\/#\/schema\/person\/2fe6d0df294f56313d3ab236dbe38e17\",\"name\":\"sare\",\"image\":{\"@type\":\"ImageObject\",\"inLanguage\":\"es\",\"@id\":\"https:\/\/sare.eus\/#\/schema\/person\/image\/\",\"url\":\"https:\/\/secure.gravatar.com\/avatar\/77cad838677ceb1977e7b3c878b55eaa7fa4aae2158983063b047c3ad7ef2c25?s=96&d=mm&r=g\",\"contentUrl\":\"https:\/\/secure.gravatar.com\/avatar\/77cad838677ceb1977e7b3c878b55eaa7fa4aae2158983063b047c3ad7ef2c25?s=96&d=mm&r=g\",\"caption\":\"sare\"},\"url\":\"https:\/\/sare.eus\/es\/author\/sare\/\"}]}<\/script>\n<!-- \/ Yoast SEO plugin. -->","yoast_head_json":{"title":"\u00daLTIMO VIERNES-azken ostirala de junio - Sare Herritarra","robots":{"index":"index","follow":"follow","max-snippet":"max-snippet:-1","max-image-preview":"max-image-preview:large","max-video-preview":"max-video-preview:-1"},"canonical":"https:\/\/sare.eus\/es\/azken-ostirala-de-junio\/","og_locale":"es_ES","og_type":"article","og_title":"\u00daLTIMO VIERNES-azken ostirala de junio - Sare Herritarra","og_description":"La justicia espa\u00f1ola y, m\u00e1s concretamente, sectores de la Audiencia Nacional, dan p\u00e1vulo a los entornos m\u00e1s reaccionarios del \u00e1mbito pol\u00edtico y judicial espa\u00f1ol que contin\u00faan utilizando a las y [&hellip;]","og_url":"https:\/\/sare.eus\/es\/azken-ostirala-de-junio\/","og_site_name":"Sare Herritarra","article_published_time":"2023-07-04T10:21:43+00:00","article_modified_time":"2023-07-04T10:32:43+00:00","og_image":[{"width":1024,"height":683,"url":"https:\/\/sare.eus\/wp-content\/uploads\/2023\/07\/photo_2023-07-01_13-04-22.jpg","type":"image\/jpeg"}],"author":"sare","twitter_card":"summary_large_image","twitter_misc":{"Escrito por":"sare","Tiempo de lectura":"3 minutos"},"schema":{"@context":"https:\/\/schema.org","@graph":[{"@type":"Article","@id":"https:\/\/sare.eus\/es\/azken-ostirala-de-junio\/#article","isPartOf":{"@id":"https:\/\/sare.eus\/es\/azken-ostirala-de-junio\/"},"author":{"name":"sare","@id":"https:\/\/sare.eus\/#\/schema\/person\/2fe6d0df294f56313d3ab236dbe38e17"},"headline":"\u00daLTIMO VIERNES-azken ostirala de junio","datePublished":"2023-07-04T10:21:43+00:00","dateModified":"2023-07-04T10:32:43+00:00","mainEntityOfPage":{"@id":"https:\/\/sare.eus\/es\/azken-ostirala-de-junio\/"},"wordCount":517,"publisher":{"@id":"https:\/\/sare.eus\/#organization"},"image":{"@id":"https:\/\/sare.eus\/es\/azken-ostirala-de-junio\/#primaryimage"},"thumbnailUrl":"https:\/\/sare.eus\/wp-content\/uploads\/2023\/07\/photo_2023-07-01_13-04-22.jpg","articleSection":["Leyes de Excepci\u00f3n"],"inLanguage":"es"},{"@type":"WebPage","@id":"https:\/\/sare.eus\/es\/azken-ostirala-de-junio\/","url":"https:\/\/sare.eus\/es\/azken-ostirala-de-junio\/","name":"\u00daLTIMO VIERNES-azken ostirala de junio - Sare Herritarra","isPartOf":{"@id":"https:\/\/sare.eus\/#website"},"primaryImageOfPage":{"@id":"https:\/\/sare.eus\/es\/azken-ostirala-de-junio\/#primaryimage"},"image":{"@id":"https:\/\/sare.eus\/es\/azken-ostirala-de-junio\/#primaryimage"},"thumbnailUrl":"https:\/\/sare.eus\/wp-content\/uploads\/2023\/07\/photo_2023-07-01_13-04-22.jpg","datePublished":"2023-07-04T10:21:43+00:00","dateModified":"2023-07-04T10:32:43+00:00","breadcrumb":{"@id":"https:\/\/sare.eus\/es\/azken-ostirala-de-junio\/#breadcrumb"},"inLanguage":"es","potentialAction":[{"@type":"ReadAction","target":["https:\/\/sare.eus\/es\/azken-ostirala-de-junio\/"]}]},{"@type":"ImageObject","inLanguage":"es","@id":"https:\/\/sare.eus\/es\/azken-ostirala-de-junio\/#primaryimage","url":"https:\/\/sare.eus\/wp-content\/uploads\/2023\/07\/photo_2023-07-01_13-04-22.jpg","contentUrl":"https:\/\/sare.eus\/wp-content\/uploads\/2023\/07\/photo_2023-07-01_13-04-22.jpg","width":1024,"height":683},{"@type":"BreadcrumbList","@id":"https:\/\/sare.eus\/es\/azken-ostirala-de-junio\/#breadcrumb","itemListElement":[{"@type":"ListItem","position":1,"name":"Home","item":"https:\/\/sare.eus\/"},{"@type":"ListItem","position":2,"name":"\u00daLTIMO VIERNES-azken ostirala de junio"}]},{"@type":"WebSite","@id":"https:\/\/sare.eus\/#website","url":"https:\/\/sare.eus\/","name":"Sare Herritarra","description":"KONPONBIDEAREN ETA GIZA ESKUBIDEEN ALDEKO SARE HERRITARRA","publisher":{"@id":"https:\/\/sare.eus\/#organization"},"potentialAction":[{"@type":"SearchAction","target":{"@type":"EntryPoint","urlTemplate":"https:\/\/sare.eus\/?s={search_term_string}"},"query-input":{"@type":"PropertyValueSpecification","valueRequired":true,"valueName":"search_term_string"}}],"inLanguage":"es"},{"@type":"Organization","@id":"https:\/\/sare.eus\/#organization","name":"Sare Herritarra","url":"https:\/\/sare.eus\/","logo":{"@type":"ImageObject","inLanguage":"es","@id":"https:\/\/sare.eus\/#\/schema\/logo\/image\/","url":"https:\/\/sare.eus\/wp-content\/uploads\/2021\/08\/sare.png","contentUrl":"https:\/\/sare.eus\/wp-content\/uploads\/2021\/08\/sare.png","width":120,"height":142,"caption":"Sare Herritarra"},"image":{"@id":"https:\/\/sare.eus\/#\/schema\/logo\/image\/"}},{"@type":"Person","@id":"https:\/\/sare.eus\/#\/schema\/person\/2fe6d0df294f56313d3ab236dbe38e17","name":"sare","image":{"@type":"ImageObject","inLanguage":"es","@id":"https:\/\/sare.eus\/#\/schema\/person\/image\/","url":"https:\/\/secure.gravatar.com\/avatar\/77cad838677ceb1977e7b3c878b55eaa7fa4aae2158983063b047c3ad7ef2c25?s=96&d=mm&r=g","contentUrl":"https:\/\/secure.gravatar.com\/avatar\/77cad838677ceb1977e7b3c878b55eaa7fa4aae2158983063b047c3ad7ef2c25?s=96&d=mm&r=g","caption":"sare"},"url":"https:\/\/sare.eus\/es\/author\/sare\/"}]}},"_links":{"self":[{"href":"https:\/\/sare.eus\/es\/wp-json\/wp\/v2\/posts\/5307","targetHints":{"allow":["GET"]}}],"collection":[{"href":"https:\/\/sare.eus\/es\/wp-json\/wp\/v2\/posts"}],"about":[{"href":"https:\/\/sare.eus\/es\/wp-json\/wp\/v2\/types\/post"}],"author":[{"embeddable":true,"href":"https:\/\/sare.eus\/es\/wp-json\/wp\/v2\/users\/2"}],"replies":[{"embeddable":true,"href":"https:\/\/sare.eus\/es\/wp-json\/wp\/v2\/comments?post=5307"}],"version-history":[{"count":2,"href":"https:\/\/sare.eus\/es\/wp-json\/wp\/v2\/posts\/5307\/revisions"}],"predecessor-version":[{"id":5311,"href":"https:\/\/sare.eus\/es\/wp-json\/wp\/v2\/posts\/5307\/revisions\/5311"}],"wp:featuredmedia":[{"embeddable":true,"href":"https:\/\/sare.eus\/es\/wp-json\/wp\/v2\/media\/5304"}],"wp:attachment":[{"href":"https:\/\/sare.eus\/es\/wp-json\/wp\/v2\/media?parent=5307"}],"wp:term":[{"taxonomy":"category","embeddable":true,"href":"https:\/\/sare.eus\/es\/wp-json\/wp\/v2\/categories?post=5307"},{"taxonomy":"post_tag","embeddable":true,"href":"https:\/\/sare.eus\/es\/wp-json\/wp\/v2\/tags?post=5307"}],"curies":[{"name":"wp","href":"https:\/\/api.w.org\/{rel}","templated":true}]}}