{"id":5296,"date":"2023-06-28T09:33:11","date_gmt":"2023-06-28T09:33:11","guid":{"rendered":"https:\/\/sare.eus\/jose-mari-novoa-presoari-3-gradua-eten-diote-eta-espetxera-itzulia-da\/"},"modified":"2023-06-28T09:39:53","modified_gmt":"2023-06-28T09:39:53","slug":"al-preso-jose-mari-novoa-le-han-suspendido-el-3o-grado-y-vuelve-a-prision","status":"publish","type":"post","link":"https:\/\/sare.eus\/es\/al-preso-jose-mari-novoa-le-han-suspendido-el-3o-grado-y-vuelve-a-prision\/","title":{"rendered":"Al preso Jos\u00e9 Mari Novoa le han suspendido el 3\u00ba grado y vuelve a prisi\u00f3n"},"content":{"rendered":"<p class=\"western\" align=\"justify\"><span style=\"font-family: Matter, serif;\"><span style=\"font-size: medium;\">El preso natural de Zigoitia y vecino de Gasteiz <\/span><\/span><span style=\"font-family: Matter, serif;\"><span style=\"font-size: medium;\">Jos\u00e9 Mar\u00eda Novoa Arroniz<\/span><\/span><span style=\"font-family: Matter, serif;\"><span style=\"font-size: medium;\"> regresado ayer por la noche a la prisi\u00f3n de Zaballa. El Juzgado Central de Vigilancia Penitenciaria (JCVP) ha admitido, con efecto suspensivo, el recurso formulado por el Ministerio Fiscal contra el acuerdo de la Consejer\u00eda de Justicia del Gobierno Vasco del mes pasado, por el que se les clasific\u00f3 en tercer grado. El preso ha tenido que regresar a prisi\u00f3n a la espera de que el JCVP resuelva el recurso.<\/span><\/span><\/p>\n<p class=\"western\" align=\"justify\"><span style=\"font-family: Matter, serif;\"><span style=\"font-size: medium;\">Jos\u00e9 Mar\u00eda Novoa Arroniz<\/span><\/span><span style=\"font-family: Matter, serif;\"><span style=\"font-size: medium;\"> tiene 53 a\u00f1os de edad y lleva 23 a\u00f1os y medio en prisi\u00f3n. En 2022 cumpli\u00f3 las tres cuartas partes de su condena.<\/span><\/span><\/p>\n<p class=\"western\" align=\"justify\"><a name=\"_GoBack\"><\/a> <span style=\"font-family: Matter, serif;\"><span style=\"font-size: medium;\">Tal y como reclama Sare, en ning\u00fan caso la ley ordinaria dice que las y los presos tengan que cumplir condenas dentro de los muros de la prisi\u00f3n hasta el \u00faltimo d\u00eda, sin acceso a modalidades de cumplimiento en r\u00e9gimen abierto, con mayor contacto con la sociedad a la que pertenecen. Tras serle transferida la competencia, son <\/span><\/span><span style=\"font-family: Matter, serif;\"><span style=\"font-size: medium;\"><b>43 <\/b><\/span><\/span><span style=\"font-family: Matter, serif;\"><span style=\"font-size: medium;\">las personas presas que han visto aprobada por parte del Gobierno Vasco su progresi\u00f3n a tercer grado, pero de estas <\/span><\/span><span style=\"font-family: Matter, serif;\"><span style=\"font-size: medium;\"><b>43, a 30 <\/b><\/span><\/span><span style=\"font-family: Matter, serif;\"><span style=\"font-size: medium;\">se les ha recurrido dicha decisi\u00f3n y catorce de ellas han vuelto a ser ingresadas en prisi\u00f3n en r\u00e9gimen de segundo grado.<\/span><\/span><\/p>\n<p class=\"western\" align=\"justify\"><span style=\"font-family: Matter, serif;\"><span style=\"font-size: medium;\">Queremos mostrar p\u00fablicamente nuestra desaz\u00f3n ya que, de nuevo, contin\u00faan obstaculizando el camino de vuelta a casa iniciado hace ya mucho tiempo por los presos. La vuelta a casa es una exigencia democr\u00e1tica que no puede ser boicoteada constantemente por tribunales de excepci\u00f3n.<\/span><\/span><\/p>\n<p class=\"western\" align=\"justify\"><span style=\"font-family: Matter, serif;\"><span style=\"font-size: medium;\"><b>Por ello, hacemos un llamamiento a participar en las convocatorias de los pr\u00f3ximos d\u00edas se realizaran tanto den Zigoitia como en Gasteiz para denunciar esta situaci\u00f3n. <\/b><\/span><\/span><\/p>\n<p>\u00a0<\/p>\n<hr \/>\n\n\n<figure class=\"wp-block-image size-large\"><img loading=\"lazy\" decoding=\"async\" width=\"1024\" height=\"323\" src=\"https:\/\/sare.eus\/wp-content\/uploads\/2023\/06\/PANKARTA_GRADU-ERREGRESIORIK-EZ_01-web-1024x323.jpg\" alt=\"\" class=\"wp-image-5292\" srcset=\"https:\/\/sare.eus\/wp-content\/uploads\/2023\/06\/PANKARTA_GRADU-ERREGRESIORIK-EZ_01-web-1024x323.jpg 1024w, https:\/\/sare.eus\/wp-content\/uploads\/2023\/06\/PANKARTA_GRADU-ERREGRESIORIK-EZ_01-web-300x95.jpg 300w, https:\/\/sare.eus\/wp-content\/uploads\/2023\/06\/PANKARTA_GRADU-ERREGRESIORIK-EZ_01-web-768x242.jpg 768w, https:\/\/sare.eus\/wp-content\/uploads\/2023\/06\/PANKARTA_GRADU-ERREGRESIORIK-EZ_01-web-1536x485.jpg 1536w, https:\/\/sare.eus\/wp-content\/uploads\/2023\/06\/PANKARTA_GRADU-ERREGRESIORIK-EZ_01-web-2048x646.jpg 2048w, https:\/\/sare.eus\/wp-content\/uploads\/2023\/06\/PANKARTA_GRADU-ERREGRESIORIK-EZ_01-web-1080x341.jpg 1080w\" sizes=\"(max-width: 1024px) 100vw, 1024px\" \/><\/figure>\n","protected":false},"excerpt":{"rendered":"<p>El preso natural de Zigoitia y vecino de Gasteiz Jos\u00e9 Mar\u00eda Novoa Arroniz regresado ayer por la noche a la prisi\u00f3n de Zaballa. El Juzgado Central de Vigilancia Penitenciaria (JCVP) [&hellip;]<\/p>\n","protected":false},"author":2,"featured_media":5210,"comment_status":"closed","ping_status":"closed","sticky":false,"template":"","format":"standard","meta":{"_acf_changed":false,"_et_pb_use_builder":"off","_et_pb_old_content":"","_et_gb_content_width":"","footnotes":""},"categories":[65],"tags":[],"class_list":["post-5296","post","type-post","status-publish","format-standard","has-post-thumbnail","hentry","category-progresion-de-grado","et-has-post-format-content","et_post_format-et-post-format-standard"],"acf":[],"yoast_head":"<!-- This site is optimized with the Yoast SEO plugin v26.4 - https:\/\/yoast.com\/wordpress\/plugins\/seo\/ -->\n<title>Al preso Jos\u00e9 Mari Novoa le han suspendido el 3\u00ba grado y vuelve a prisi\u00f3n - Sare Herritarra<\/title>\n<meta name=\"robots\" content=\"index, follow, max-snippet:-1, max-image-preview:large, max-video-preview:-1\" \/>\n<link rel=\"canonical\" href=\"https:\/\/sare.eus\/es\/al-preso-jose-mari-novoa-le-han-suspendido-el-3o-grado-y-vuelve-a-prision\/\" \/>\n<meta property=\"og:locale\" content=\"es_ES\" \/>\n<meta property=\"og:type\" content=\"article\" \/>\n<meta property=\"og:title\" content=\"Al preso Jos\u00e9 Mari Novoa le han suspendido el 3\u00ba grado y vuelve a prisi\u00f3n - Sare Herritarra\" \/>\n<meta property=\"og:description\" content=\"El preso natural de Zigoitia y vecino de Gasteiz Jos\u00e9 Mar\u00eda Novoa Arroniz regresado ayer por la noche a la prisi\u00f3n de Zaballa. El Juzgado Central de Vigilancia Penitenciaria (JCVP) [&hellip;]\" \/>\n<meta property=\"og:url\" content=\"https:\/\/sare.eus\/es\/al-preso-jose-mari-novoa-le-han-suspendido-el-3o-grado-y-vuelve-a-prision\/\" \/>\n<meta property=\"og:site_name\" content=\"Sare Herritarra\" \/>\n<meta property=\"article:published_time\" content=\"2023-06-28T09:33:11+00:00\" \/>\n<meta property=\"article:modified_time\" content=\"2023-06-28T09:39:53+00:00\" \/>\n<meta property=\"og:image\" content=\"https:\/\/sare.eus\/wp-content\/uploads\/2023\/05\/OHARRAK-NOTA-WEBGUNEAN-JARTZEKO_02-scaled.jpg\" \/>\n\t<meta property=\"og:image:width\" content=\"2560\" \/>\n\t<meta property=\"og:image:height\" content=\"1920\" \/>\n\t<meta property=\"og:image:type\" content=\"image\/jpeg\" \/>\n<meta name=\"author\" content=\"sare\" \/>\n<meta name=\"twitter:card\" content=\"summary_large_image\" \/>\n<meta name=\"twitter:label1\" content=\"Escrito por\" \/>\n\t<meta name=\"twitter:data1\" content=\"sare\" \/>\n\t<meta name=\"twitter:label2\" content=\"Tiempo de lectura\" \/>\n\t<meta name=\"twitter:data2\" content=\"2 minutos\" \/>\n<script type=\"application\/ld+json\" class=\"yoast-schema-graph\">{\"@context\":\"https:\/\/schema.org\",\"@graph\":[{\"@type\":\"Article\",\"@id\":\"https:\/\/sare.eus\/es\/al-preso-jose-mari-novoa-le-han-suspendido-el-3o-grado-y-vuelve-a-prision\/#article\",\"isPartOf\":{\"@id\":\"https:\/\/sare.eus\/es\/al-preso-jose-mari-novoa-le-han-suspendido-el-3o-grado-y-vuelve-a-prision\/\"},\"author\":{\"name\":\"sare\",\"@id\":\"https:\/\/sare.eus\/#\/schema\/person\/2fe6d0df294f56313d3ab236dbe38e17\"},\"headline\":\"Al preso Jos\u00e9 Mari Novoa le han suspendido el 3\u00ba grado y vuelve a prisi\u00f3n\",\"datePublished\":\"2023-06-28T09:33:11+00:00\",\"dateModified\":\"2023-06-28T09:39:53+00:00\",\"mainEntityOfPage\":{\"@id\":\"https:\/\/sare.eus\/es\/al-preso-jose-mari-novoa-le-han-suspendido-el-3o-grado-y-vuelve-a-prision\/\"},\"wordCount\":315,\"publisher\":{\"@id\":\"https:\/\/sare.eus\/#organization\"},\"image\":{\"@id\":\"https:\/\/sare.eus\/es\/al-preso-jose-mari-novoa-le-han-suspendido-el-3o-grado-y-vuelve-a-prision\/#primaryimage\"},\"thumbnailUrl\":\"https:\/\/sare.eus\/wp-content\/uploads\/2023\/05\/OHARRAK-NOTA-WEBGUNEAN-JARTZEKO_02-scaled.jpg\",\"articleSection\":[\"Progresi\u00f3n de Grado\"],\"inLanguage\":\"es\"},{\"@type\":\"WebPage\",\"@id\":\"https:\/\/sare.eus\/es\/al-preso-jose-mari-novoa-le-han-suspendido-el-3o-grado-y-vuelve-a-prision\/\",\"url\":\"https:\/\/sare.eus\/es\/al-preso-jose-mari-novoa-le-han-suspendido-el-3o-grado-y-vuelve-a-prision\/\",\"name\":\"Al preso Jos\u00e9 Mari Novoa le han suspendido el 3\u00ba grado y vuelve a prisi\u00f3n - Sare Herritarra\",\"isPartOf\":{\"@id\":\"https:\/\/sare.eus\/#website\"},\"primaryImageOfPage\":{\"@id\":\"https:\/\/sare.eus\/es\/al-preso-jose-mari-novoa-le-han-suspendido-el-3o-grado-y-vuelve-a-prision\/#primaryimage\"},\"image\":{\"@id\":\"https:\/\/sare.eus\/es\/al-preso-jose-mari-novoa-le-han-suspendido-el-3o-grado-y-vuelve-a-prision\/#primaryimage\"},\"thumbnailUrl\":\"https:\/\/sare.eus\/wp-content\/uploads\/2023\/05\/OHARRAK-NOTA-WEBGUNEAN-JARTZEKO_02-scaled.jpg\",\"datePublished\":\"2023-06-28T09:33:11+00:00\",\"dateModified\":\"2023-06-28T09:39:53+00:00\",\"breadcrumb\":{\"@id\":\"https:\/\/sare.eus\/es\/al-preso-jose-mari-novoa-le-han-suspendido-el-3o-grado-y-vuelve-a-prision\/#breadcrumb\"},\"inLanguage\":\"es\",\"potentialAction\":[{\"@type\":\"ReadAction\",\"target\":[\"https:\/\/sare.eus\/es\/al-preso-jose-mari-novoa-le-han-suspendido-el-3o-grado-y-vuelve-a-prision\/\"]}]},{\"@type\":\"ImageObject\",\"inLanguage\":\"es\",\"@id\":\"https:\/\/sare.eus\/es\/al-preso-jose-mari-novoa-le-han-suspendido-el-3o-grado-y-vuelve-a-prision\/#primaryimage\",\"url\":\"https:\/\/sare.eus\/wp-content\/uploads\/2023\/05\/OHARRAK-NOTA-WEBGUNEAN-JARTZEKO_02-scaled.jpg\",\"contentUrl\":\"https:\/\/sare.eus\/wp-content\/uploads\/2023\/05\/OHARRAK-NOTA-WEBGUNEAN-JARTZEKO_02-scaled.jpg\",\"width\":2560,\"height\":1920},{\"@type\":\"BreadcrumbList\",\"@id\":\"https:\/\/sare.eus\/es\/al-preso-jose-mari-novoa-le-han-suspendido-el-3o-grado-y-vuelve-a-prision\/#breadcrumb\",\"itemListElement\":[{\"@type\":\"ListItem\",\"position\":1,\"name\":\"Home\",\"item\":\"https:\/\/sare.eus\/\"},{\"@type\":\"ListItem\",\"position\":2,\"name\":\"Al preso Jos\u00e9 Mari Novoa le han suspendido el 3\u00ba grado y vuelve a prisi\u00f3n\"}]},{\"@type\":\"WebSite\",\"@id\":\"https:\/\/sare.eus\/#website\",\"url\":\"https:\/\/sare.eus\/\",\"name\":\"Sare Herritarra\",\"description\":\"KONPONBIDEAREN ETA GIZA ESKUBIDEEN ALDEKO SARE HERRITARRA\",\"publisher\":{\"@id\":\"https:\/\/sare.eus\/#organization\"},\"potentialAction\":[{\"@type\":\"SearchAction\",\"target\":{\"@type\":\"EntryPoint\",\"urlTemplate\":\"https:\/\/sare.eus\/?s={search_term_string}\"},\"query-input\":{\"@type\":\"PropertyValueSpecification\",\"valueRequired\":true,\"valueName\":\"search_term_string\"}}],\"inLanguage\":\"es\"},{\"@type\":\"Organization\",\"@id\":\"https:\/\/sare.eus\/#organization\",\"name\":\"Sare Herritarra\",\"url\":\"https:\/\/sare.eus\/\",\"logo\":{\"@type\":\"ImageObject\",\"inLanguage\":\"es\",\"@id\":\"https:\/\/sare.eus\/#\/schema\/logo\/image\/\",\"url\":\"https:\/\/sare.eus\/wp-content\/uploads\/2021\/08\/sare.png\",\"contentUrl\":\"https:\/\/sare.eus\/wp-content\/uploads\/2021\/08\/sare.png\",\"width\":120,\"height\":142,\"caption\":\"Sare Herritarra\"},\"image\":{\"@id\":\"https:\/\/sare.eus\/#\/schema\/logo\/image\/\"}},{\"@type\":\"Person\",\"@id\":\"https:\/\/sare.eus\/#\/schema\/person\/2fe6d0df294f56313d3ab236dbe38e17\",\"name\":\"sare\",\"image\":{\"@type\":\"ImageObject\",\"inLanguage\":\"es\",\"@id\":\"https:\/\/sare.eus\/#\/schema\/person\/image\/\",\"url\":\"https:\/\/secure.gravatar.com\/avatar\/77cad838677ceb1977e7b3c878b55eaa7fa4aae2158983063b047c3ad7ef2c25?s=96&d=mm&r=g\",\"contentUrl\":\"https:\/\/secure.gravatar.com\/avatar\/77cad838677ceb1977e7b3c878b55eaa7fa4aae2158983063b047c3ad7ef2c25?s=96&d=mm&r=g\",\"caption\":\"sare\"},\"url\":\"https:\/\/sare.eus\/es\/author\/sare\/\"}]}<\/script>\n<!-- \/ Yoast SEO plugin. -->","yoast_head_json":{"title":"Al preso Jos\u00e9 Mari Novoa le han suspendido el 3\u00ba grado y vuelve a prisi\u00f3n - Sare Herritarra","robots":{"index":"index","follow":"follow","max-snippet":"max-snippet:-1","max-image-preview":"max-image-preview:large","max-video-preview":"max-video-preview:-1"},"canonical":"https:\/\/sare.eus\/es\/al-preso-jose-mari-novoa-le-han-suspendido-el-3o-grado-y-vuelve-a-prision\/","og_locale":"es_ES","og_type":"article","og_title":"Al preso Jos\u00e9 Mari Novoa le han suspendido el 3\u00ba grado y vuelve a prisi\u00f3n - Sare Herritarra","og_description":"El preso natural de Zigoitia y vecino de Gasteiz Jos\u00e9 Mar\u00eda Novoa Arroniz regresado ayer por la noche a la prisi\u00f3n de Zaballa. El Juzgado Central de Vigilancia Penitenciaria (JCVP) [&hellip;]","og_url":"https:\/\/sare.eus\/es\/al-preso-jose-mari-novoa-le-han-suspendido-el-3o-grado-y-vuelve-a-prision\/","og_site_name":"Sare Herritarra","article_published_time":"2023-06-28T09:33:11+00:00","article_modified_time":"2023-06-28T09:39:53+00:00","og_image":[{"width":2560,"height":1920,"url":"https:\/\/sare.eus\/wp-content\/uploads\/2023\/05\/OHARRAK-NOTA-WEBGUNEAN-JARTZEKO_02-scaled.jpg","type":"image\/jpeg"}],"author":"sare","twitter_card":"summary_large_image","twitter_misc":{"Escrito por":"sare","Tiempo de lectura":"2 minutos"},"schema":{"@context":"https:\/\/schema.org","@graph":[{"@type":"Article","@id":"https:\/\/sare.eus\/es\/al-preso-jose-mari-novoa-le-han-suspendido-el-3o-grado-y-vuelve-a-prision\/#article","isPartOf":{"@id":"https:\/\/sare.eus\/es\/al-preso-jose-mari-novoa-le-han-suspendido-el-3o-grado-y-vuelve-a-prision\/"},"author":{"name":"sare","@id":"https:\/\/sare.eus\/#\/schema\/person\/2fe6d0df294f56313d3ab236dbe38e17"},"headline":"Al preso Jos\u00e9 Mari Novoa le han suspendido el 3\u00ba grado y vuelve a prisi\u00f3n","datePublished":"2023-06-28T09:33:11+00:00","dateModified":"2023-06-28T09:39:53+00:00","mainEntityOfPage":{"@id":"https:\/\/sare.eus\/es\/al-preso-jose-mari-novoa-le-han-suspendido-el-3o-grado-y-vuelve-a-prision\/"},"wordCount":315,"publisher":{"@id":"https:\/\/sare.eus\/#organization"},"image":{"@id":"https:\/\/sare.eus\/es\/al-preso-jose-mari-novoa-le-han-suspendido-el-3o-grado-y-vuelve-a-prision\/#primaryimage"},"thumbnailUrl":"https:\/\/sare.eus\/wp-content\/uploads\/2023\/05\/OHARRAK-NOTA-WEBGUNEAN-JARTZEKO_02-scaled.jpg","articleSection":["Progresi\u00f3n de Grado"],"inLanguage":"es"},{"@type":"WebPage","@id":"https:\/\/sare.eus\/es\/al-preso-jose-mari-novoa-le-han-suspendido-el-3o-grado-y-vuelve-a-prision\/","url":"https:\/\/sare.eus\/es\/al-preso-jose-mari-novoa-le-han-suspendido-el-3o-grado-y-vuelve-a-prision\/","name":"Al preso Jos\u00e9 Mari Novoa le han suspendido el 3\u00ba grado y vuelve a prisi\u00f3n - Sare Herritarra","isPartOf":{"@id":"https:\/\/sare.eus\/#website"},"primaryImageOfPage":{"@id":"https:\/\/sare.eus\/es\/al-preso-jose-mari-novoa-le-han-suspendido-el-3o-grado-y-vuelve-a-prision\/#primaryimage"},"image":{"@id":"https:\/\/sare.eus\/es\/al-preso-jose-mari-novoa-le-han-suspendido-el-3o-grado-y-vuelve-a-prision\/#primaryimage"},"thumbnailUrl":"https:\/\/sare.eus\/wp-content\/uploads\/2023\/05\/OHARRAK-NOTA-WEBGUNEAN-JARTZEKO_02-scaled.jpg","datePublished":"2023-06-28T09:33:11+00:00","dateModified":"2023-06-28T09:39:53+00:00","breadcrumb":{"@id":"https:\/\/sare.eus\/es\/al-preso-jose-mari-novoa-le-han-suspendido-el-3o-grado-y-vuelve-a-prision\/#breadcrumb"},"inLanguage":"es","potentialAction":[{"@type":"ReadAction","target":["https:\/\/sare.eus\/es\/al-preso-jose-mari-novoa-le-han-suspendido-el-3o-grado-y-vuelve-a-prision\/"]}]},{"@type":"ImageObject","inLanguage":"es","@id":"https:\/\/sare.eus\/es\/al-preso-jose-mari-novoa-le-han-suspendido-el-3o-grado-y-vuelve-a-prision\/#primaryimage","url":"https:\/\/sare.eus\/wp-content\/uploads\/2023\/05\/OHARRAK-NOTA-WEBGUNEAN-JARTZEKO_02-scaled.jpg","contentUrl":"https:\/\/sare.eus\/wp-content\/uploads\/2023\/05\/OHARRAK-NOTA-WEBGUNEAN-JARTZEKO_02-scaled.jpg","width":2560,"height":1920},{"@type":"BreadcrumbList","@id":"https:\/\/sare.eus\/es\/al-preso-jose-mari-novoa-le-han-suspendido-el-3o-grado-y-vuelve-a-prision\/#breadcrumb","itemListElement":[{"@type":"ListItem","position":1,"name":"Home","item":"https:\/\/sare.eus\/"},{"@type":"ListItem","position":2,"name":"Al preso Jos\u00e9 Mari Novoa le han suspendido el 3\u00ba grado y vuelve a prisi\u00f3n"}]},{"@type":"WebSite","@id":"https:\/\/sare.eus\/#website","url":"https:\/\/sare.eus\/","name":"Sare Herritarra","description":"KONPONBIDEAREN ETA GIZA ESKUBIDEEN ALDEKO SARE HERRITARRA","publisher":{"@id":"https:\/\/sare.eus\/#organization"},"potentialAction":[{"@type":"SearchAction","target":{"@type":"EntryPoint","urlTemplate":"https:\/\/sare.eus\/?s={search_term_string}"},"query-input":{"@type":"PropertyValueSpecification","valueRequired":true,"valueName":"search_term_string"}}],"inLanguage":"es"},{"@type":"Organization","@id":"https:\/\/sare.eus\/#organization","name":"Sare Herritarra","url":"https:\/\/sare.eus\/","logo":{"@type":"ImageObject","inLanguage":"es","@id":"https:\/\/sare.eus\/#\/schema\/logo\/image\/","url":"https:\/\/sare.eus\/wp-content\/uploads\/2021\/08\/sare.png","contentUrl":"https:\/\/sare.eus\/wp-content\/uploads\/2021\/08\/sare.png","width":120,"height":142,"caption":"Sare Herritarra"},"image":{"@id":"https:\/\/sare.eus\/#\/schema\/logo\/image\/"}},{"@type":"Person","@id":"https:\/\/sare.eus\/#\/schema\/person\/2fe6d0df294f56313d3ab236dbe38e17","name":"sare","image":{"@type":"ImageObject","inLanguage":"es","@id":"https:\/\/sare.eus\/#\/schema\/person\/image\/","url":"https:\/\/secure.gravatar.com\/avatar\/77cad838677ceb1977e7b3c878b55eaa7fa4aae2158983063b047c3ad7ef2c25?s=96&d=mm&r=g","contentUrl":"https:\/\/secure.gravatar.com\/avatar\/77cad838677ceb1977e7b3c878b55eaa7fa4aae2158983063b047c3ad7ef2c25?s=96&d=mm&r=g","caption":"sare"},"url":"https:\/\/sare.eus\/es\/author\/sare\/"}]}},"_links":{"self":[{"href":"https:\/\/sare.eus\/es\/wp-json\/wp\/v2\/posts\/5296","targetHints":{"allow":["GET"]}}],"collection":[{"href":"https:\/\/sare.eus\/es\/wp-json\/wp\/v2\/posts"}],"about":[{"href":"https:\/\/sare.eus\/es\/wp-json\/wp\/v2\/types\/post"}],"author":[{"embeddable":true,"href":"https:\/\/sare.eus\/es\/wp-json\/wp\/v2\/users\/2"}],"replies":[{"embeddable":true,"href":"https:\/\/sare.eus\/es\/wp-json\/wp\/v2\/comments?post=5296"}],"version-history":[{"count":2,"href":"https:\/\/sare.eus\/es\/wp-json\/wp\/v2\/posts\/5296\/revisions"}],"predecessor-version":[{"id":5299,"href":"https:\/\/sare.eus\/es\/wp-json\/wp\/v2\/posts\/5296\/revisions\/5299"}],"wp:featuredmedia":[{"embeddable":true,"href":"https:\/\/sare.eus\/es\/wp-json\/wp\/v2\/media\/5210"}],"wp:attachment":[{"href":"https:\/\/sare.eus\/es\/wp-json\/wp\/v2\/media?parent=5296"}],"wp:term":[{"taxonomy":"category","embeddable":true,"href":"https:\/\/sare.eus\/es\/wp-json\/wp\/v2\/categories?post=5296"},{"taxonomy":"post_tag","embeddable":true,"href":"https:\/\/sare.eus\/es\/wp-json\/wp\/v2\/tags?post=5296"}],"curies":[{"name":"wp","href":"https:\/\/api.w.org\/{rel}","templated":true}]}}