{"id":5278,"date":"2023-06-26T18:13:41","date_gmt":"2023-06-26T18:13:41","guid":{"rendered":"https:\/\/sare.eus\/ekainaren-30an-irunean-etxera-kalejira\/"},"modified":"2023-06-27T07:17:36","modified_gmt":"2023-06-27T07:17:36","slug":"30-de-junio-en-irunea-etxera-kalejira","status":"publish","type":"post","link":"https:\/\/sare.eus\/es\/30-de-junio-en-irunea-etxera-kalejira\/","title":{"rendered":"Llaman a participar en la kalejira \u00abETXERA\u00bb que se celebrar\u00e1 el 30 de junio en IRU\u00d1EA"},"content":{"rendered":"<p>Hoy, en esta Plaza del Ayuntamiento de Iru\u00f1ea, junto a representantes de Sare y Etxerat, estamos tambi\u00e9n diferentes agentes que nos sumamos a la Kalejira Etxera que se ha organizado para el pr\u00f3ximo viernes, 30 de junio, en las calles de Iru\u00f1a:<\/p>\n<blockquote>\n<ul>\n<li><strong>Representantes de pe\u00f1as como Alegr\u00eda de Iru\u00f1a, Aldapa, La Unica, La Jarana, El Bullicio, Armon\u00eda Txantreana, Irrintzi, Muthiko, Sanduzelai, Rotxapea y San Ferm\u00edn.<\/strong><\/li>\n<li><strong>Representantes de los sindicatos ELA, LAB, ESK, STEILAS, HIRU, CNT, CGT y EHNE. Gazte Asanblada de Alde Zaharra, Matalaz kontrabotera gunea y Zabaldi Elkartasun etxea.<\/strong><\/li>\n<li><strong>Tambi\u00e9n algunos de los participantes en la kalejira del viernes.<\/strong><\/li>\n<\/ul>\n<\/blockquote>\n<p>De hecho, hemos estado m\u00e1s de 34 a\u00f1os pidiendo el fin de la pol\u00edtica de alejamiento porque era inhumana, vengativa y cruel. Pero la superaci\u00f3n de esta pol\u00edtica de alejamiento no ha supuesto el fin de la vulneraci\u00f3n de los derechos de los y las presas vascas, porque las medidas de excepci\u00f3n y las vulneraciones de derechos que obstaculizan el camino a casa siguen siendo norma.<\/p>\n<p>\u00a0<\/p>\n\n\n<figure class=\"wp-block-embed is-type-video is-provider-youtube wp-block-embed-youtube wp-embed-aspect-16-9 wp-has-aspect-ratio\"><div class=\"wp-block-embed__wrapper\">\n<iframe loading=\"lazy\" title=\"LLAMAN A PARTICIPAR EN LA KALEJIRA \u00abETXERA\u00bb QUE SE CELEBRAR\u00c1 EL 30 DE JUNIO EN IRU\u00d1EA\" width=\"1080\" height=\"608\" src=\"https:\/\/www.youtube.com\/embed\/KFPZs6hFpIk?feature=oembed\" frameborder=\"0\" allow=\"accelerometer; autoplay; clipboard-write; encrypted-media; gyroscope; picture-in-picture; web-share\" allowfullscreen><\/iframe>\n<\/div><\/figure>\n\n\n<p>Los queremos en casa. A CASA. S\u00ed, a casa. Por eso es tan importante visibilizar la reivindicaci\u00f3n ETXERA en la calle y reivindicar en voz alta que, para dar pasos en el camino de la convivencia, debemos dar soluci\u00f3n a la cuesti\u00f3n de los y las presas, exiliadas y deportadas vascas.<\/p>\n<p>A CASA S\u00ed, los queremos en casa. Y para que ese objetivo sea una realidad os necesitamos a todos y a todas. En este sentido, queremos hacer un llamamiento a la ciudadan\u00eda de Iru\u00f1erria para participar en la KALEJIRA ETXERA que el pr\u00f3ximo viernes a las 20:00 horas partir\u00e1 desde el Paseo Sarasate. Durante la kalejira participar\u00e1n, entre otros, joaldunak, dj, txaranga, txalapartaris, las joteras Mila e Idoia, los bertsolaris Mintxo y Martin y el cantautor Fermin Balentzia entre otras.<\/p>\n<p>An\u00edmate, pues, a venir con nosotras este viernes y llenemos las calles de Iru\u00f1ea de fiesta y reivindicaci\u00f3n. \u00a1Gracias a todos! Eskerrik asko!<\/p>\n\n\n<figure class=\"wp-block-image size-large\"><img loading=\"lazy\" decoding=\"async\" width=\"724\" height=\"1024\" src=\"https:\/\/sare.eus\/wp-content\/uploads\/2023\/06\/EK-30-ETXERA-KALEJIRA_02-724x1024.jpg\" alt=\"\" class=\"wp-image-5274\" srcset=\"https:\/\/sare.eus\/wp-content\/uploads\/2023\/06\/EK-30-ETXERA-KALEJIRA_02-724x1024.jpg 724w, https:\/\/sare.eus\/wp-content\/uploads\/2023\/06\/EK-30-ETXERA-KALEJIRA_02-212x300.jpg 212w, https:\/\/sare.eus\/wp-content\/uploads\/2023\/06\/EK-30-ETXERA-KALEJIRA_02-768x1086.jpg 768w, https:\/\/sare.eus\/wp-content\/uploads\/2023\/06\/EK-30-ETXERA-KALEJIRA_02-1086x1536.jpg 1086w, https:\/\/sare.eus\/wp-content\/uploads\/2023\/06\/EK-30-ETXERA-KALEJIRA_02-1448x2048.jpg 1448w, https:\/\/sare.eus\/wp-content\/uploads\/2023\/06\/EK-30-ETXERA-KALEJIRA_02-1080x1527.jpg 1080w, https:\/\/sare.eus\/wp-content\/uploads\/2023\/06\/EK-30-ETXERA-KALEJIRA_02-scaled.jpg 1810w\" sizes=\"(max-width: 724px) 100vw, 724px\" \/><\/figure>\n","protected":false},"excerpt":{"rendered":"<p>Hoy, en esta Plaza del Ayuntamiento de Iru\u00f1ea, junto a representantes de Sare y Etxerat, estamos tambi\u00e9n diferentes agentes que nos sumamos a la Kalejira Etxera que se ha organizado [&hellip;]<\/p>\n","protected":false},"author":2,"featured_media":5273,"comment_status":"closed","ping_status":"closed","sticky":false,"template":"","format":"standard","meta":{"_acf_changed":false,"_et_pb_use_builder":"off","_et_pb_old_content":"","_et_gb_content_width":"","footnotes":""},"categories":[69],"tags":[],"class_list":["post-5278","post","type-post","status-publish","format-standard","has-post-thumbnail","hentry","category-leyes-de-excepcion","et-has-post-format-content","et_post_format-et-post-format-standard"],"acf":[],"yoast_head":"<!-- This site is optimized with the Yoast SEO plugin v26.4 - https:\/\/yoast.com\/wordpress\/plugins\/seo\/ -->\n<title>Llaman a participar en la kalejira &quot;ETXERA&quot; que se celebrar\u00e1 el 30 de junio en IRU\u00d1EA - Sare Herritarra<\/title>\n<meta name=\"robots\" content=\"index, follow, max-snippet:-1, max-image-preview:large, max-video-preview:-1\" \/>\n<link rel=\"canonical\" href=\"https:\/\/sare.eus\/es\/30-de-junio-en-irunea-etxera-kalejira\/\" \/>\n<meta property=\"og:locale\" content=\"es_ES\" \/>\n<meta property=\"og:type\" content=\"article\" \/>\n<meta property=\"og:title\" content=\"Llaman a participar en la kalejira &quot;ETXERA&quot; que se celebrar\u00e1 el 30 de junio en IRU\u00d1EA - Sare Herritarra\" \/>\n<meta property=\"og:description\" content=\"Hoy, en esta Plaza del Ayuntamiento de Iru\u00f1ea, junto a representantes de Sare y Etxerat, estamos tambi\u00e9n diferentes agentes que nos sumamos a la Kalejira Etxera que se ha organizado [&hellip;]\" \/>\n<meta property=\"og:url\" content=\"https:\/\/sare.eus\/es\/30-de-junio-en-irunea-etxera-kalejira\/\" \/>\n<meta property=\"og:site_name\" content=\"Sare Herritarra\" \/>\n<meta property=\"article:published_time\" content=\"2023-06-26T18:13:41+00:00\" \/>\n<meta property=\"article:modified_time\" content=\"2023-06-27T07:17:36+00:00\" \/>\n<meta property=\"og:image\" content=\"https:\/\/sare.eus\/wp-content\/uploads\/2023\/06\/ek-26-agerraldia-web.jpg\" \/>\n\t<meta property=\"og:image:width\" content=\"2048\" \/>\n\t<meta property=\"og:image:height\" content=\"1542\" \/>\n\t<meta property=\"og:image:type\" content=\"image\/jpeg\" \/>\n<meta name=\"author\" content=\"sare\" \/>\n<meta name=\"twitter:card\" content=\"summary_large_image\" \/>\n<meta name=\"twitter:label1\" content=\"Escrito por\" \/>\n\t<meta name=\"twitter:data1\" content=\"sare\" \/>\n\t<meta name=\"twitter:label2\" content=\"Tiempo de lectura\" \/>\n\t<meta name=\"twitter:data2\" content=\"2 minutos\" \/>\n<script type=\"application\/ld+json\" class=\"yoast-schema-graph\">{\"@context\":\"https:\/\/schema.org\",\"@graph\":[{\"@type\":\"Article\",\"@id\":\"https:\/\/sare.eus\/es\/30-de-junio-en-irunea-etxera-kalejira\/#article\",\"isPartOf\":{\"@id\":\"https:\/\/sare.eus\/es\/30-de-junio-en-irunea-etxera-kalejira\/\"},\"author\":{\"name\":\"sare\",\"@id\":\"https:\/\/sare.eus\/#\/schema\/person\/2fe6d0df294f56313d3ab236dbe38e17\"},\"headline\":\"Llaman a participar en la kalejira \u00abETXERA\u00bb que se celebrar\u00e1 el 30 de junio en IRU\u00d1EA\",\"datePublished\":\"2023-06-26T18:13:41+00:00\",\"dateModified\":\"2023-06-27T07:17:36+00:00\",\"mainEntityOfPage\":{\"@id\":\"https:\/\/sare.eus\/es\/30-de-junio-en-irunea-etxera-kalejira\/\"},\"wordCount\":365,\"publisher\":{\"@id\":\"https:\/\/sare.eus\/#organization\"},\"image\":{\"@id\":\"https:\/\/sare.eus\/es\/30-de-junio-en-irunea-etxera-kalejira\/#primaryimage\"},\"thumbnailUrl\":\"https:\/\/sare.eus\/wp-content\/uploads\/2023\/06\/ek-26-agerraldia-web.jpg\",\"articleSection\":[\"Leyes de Excepci\u00f3n\"],\"inLanguage\":\"es\"},{\"@type\":\"WebPage\",\"@id\":\"https:\/\/sare.eus\/es\/30-de-junio-en-irunea-etxera-kalejira\/\",\"url\":\"https:\/\/sare.eus\/es\/30-de-junio-en-irunea-etxera-kalejira\/\",\"name\":\"Llaman a participar en la kalejira \\\"ETXERA\\\" que se celebrar\u00e1 el 30 de junio en IRU\u00d1EA - Sare Herritarra\",\"isPartOf\":{\"@id\":\"https:\/\/sare.eus\/#website\"},\"primaryImageOfPage\":{\"@id\":\"https:\/\/sare.eus\/es\/30-de-junio-en-irunea-etxera-kalejira\/#primaryimage\"},\"image\":{\"@id\":\"https:\/\/sare.eus\/es\/30-de-junio-en-irunea-etxera-kalejira\/#primaryimage\"},\"thumbnailUrl\":\"https:\/\/sare.eus\/wp-content\/uploads\/2023\/06\/ek-26-agerraldia-web.jpg\",\"datePublished\":\"2023-06-26T18:13:41+00:00\",\"dateModified\":\"2023-06-27T07:17:36+00:00\",\"breadcrumb\":{\"@id\":\"https:\/\/sare.eus\/es\/30-de-junio-en-irunea-etxera-kalejira\/#breadcrumb\"},\"inLanguage\":\"es\",\"potentialAction\":[{\"@type\":\"ReadAction\",\"target\":[\"https:\/\/sare.eus\/es\/30-de-junio-en-irunea-etxera-kalejira\/\"]}]},{\"@type\":\"ImageObject\",\"inLanguage\":\"es\",\"@id\":\"https:\/\/sare.eus\/es\/30-de-junio-en-irunea-etxera-kalejira\/#primaryimage\",\"url\":\"https:\/\/sare.eus\/wp-content\/uploads\/2023\/06\/ek-26-agerraldia-web.jpg\",\"contentUrl\":\"https:\/\/sare.eus\/wp-content\/uploads\/2023\/06\/ek-26-agerraldia-web.jpg\",\"width\":2048,\"height\":1542},{\"@type\":\"BreadcrumbList\",\"@id\":\"https:\/\/sare.eus\/es\/30-de-junio-en-irunea-etxera-kalejira\/#breadcrumb\",\"itemListElement\":[{\"@type\":\"ListItem\",\"position\":1,\"name\":\"Home\",\"item\":\"https:\/\/sare.eus\/\"},{\"@type\":\"ListItem\",\"position\":2,\"name\":\"Llaman a participar en la kalejira \u00abETXERA\u00bb que se celebrar\u00e1 el 30 de junio en IRU\u00d1EA\"}]},{\"@type\":\"WebSite\",\"@id\":\"https:\/\/sare.eus\/#website\",\"url\":\"https:\/\/sare.eus\/\",\"name\":\"Sare Herritarra\",\"description\":\"KONPONBIDEAREN ETA GIZA ESKUBIDEEN ALDEKO SARE HERRITARRA\",\"publisher\":{\"@id\":\"https:\/\/sare.eus\/#organization\"},\"potentialAction\":[{\"@type\":\"SearchAction\",\"target\":{\"@type\":\"EntryPoint\",\"urlTemplate\":\"https:\/\/sare.eus\/?s={search_term_string}\"},\"query-input\":{\"@type\":\"PropertyValueSpecification\",\"valueRequired\":true,\"valueName\":\"search_term_string\"}}],\"inLanguage\":\"es\"},{\"@type\":\"Organization\",\"@id\":\"https:\/\/sare.eus\/#organization\",\"name\":\"Sare Herritarra\",\"url\":\"https:\/\/sare.eus\/\",\"logo\":{\"@type\":\"ImageObject\",\"inLanguage\":\"es\",\"@id\":\"https:\/\/sare.eus\/#\/schema\/logo\/image\/\",\"url\":\"https:\/\/sare.eus\/wp-content\/uploads\/2021\/08\/sare.png\",\"contentUrl\":\"https:\/\/sare.eus\/wp-content\/uploads\/2021\/08\/sare.png\",\"width\":120,\"height\":142,\"caption\":\"Sare Herritarra\"},\"image\":{\"@id\":\"https:\/\/sare.eus\/#\/schema\/logo\/image\/\"}},{\"@type\":\"Person\",\"@id\":\"https:\/\/sare.eus\/#\/schema\/person\/2fe6d0df294f56313d3ab236dbe38e17\",\"name\":\"sare\",\"image\":{\"@type\":\"ImageObject\",\"inLanguage\":\"es\",\"@id\":\"https:\/\/sare.eus\/#\/schema\/person\/image\/\",\"url\":\"https:\/\/secure.gravatar.com\/avatar\/77cad838677ceb1977e7b3c878b55eaa7fa4aae2158983063b047c3ad7ef2c25?s=96&d=mm&r=g\",\"contentUrl\":\"https:\/\/secure.gravatar.com\/avatar\/77cad838677ceb1977e7b3c878b55eaa7fa4aae2158983063b047c3ad7ef2c25?s=96&d=mm&r=g\",\"caption\":\"sare\"},\"url\":\"https:\/\/sare.eus\/es\/author\/sare\/\"}]}<\/script>\n<!-- \/ Yoast SEO plugin. -->","yoast_head_json":{"title":"Llaman a participar en la kalejira \"ETXERA\" que se celebrar\u00e1 el 30 de junio en IRU\u00d1EA - Sare Herritarra","robots":{"index":"index","follow":"follow","max-snippet":"max-snippet:-1","max-image-preview":"max-image-preview:large","max-video-preview":"max-video-preview:-1"},"canonical":"https:\/\/sare.eus\/es\/30-de-junio-en-irunea-etxera-kalejira\/","og_locale":"es_ES","og_type":"article","og_title":"Llaman a participar en la kalejira \"ETXERA\" que se celebrar\u00e1 el 30 de junio en IRU\u00d1EA - Sare Herritarra","og_description":"Hoy, en esta Plaza del Ayuntamiento de Iru\u00f1ea, junto a representantes de Sare y Etxerat, estamos tambi\u00e9n diferentes agentes que nos sumamos a la Kalejira Etxera que se ha organizado [&hellip;]","og_url":"https:\/\/sare.eus\/es\/30-de-junio-en-irunea-etxera-kalejira\/","og_site_name":"Sare Herritarra","article_published_time":"2023-06-26T18:13:41+00:00","article_modified_time":"2023-06-27T07:17:36+00:00","og_image":[{"width":2048,"height":1542,"url":"https:\/\/sare.eus\/wp-content\/uploads\/2023\/06\/ek-26-agerraldia-web.jpg","type":"image\/jpeg"}],"author":"sare","twitter_card":"summary_large_image","twitter_misc":{"Escrito por":"sare","Tiempo de lectura":"2 minutos"},"schema":{"@context":"https:\/\/schema.org","@graph":[{"@type":"Article","@id":"https:\/\/sare.eus\/es\/30-de-junio-en-irunea-etxera-kalejira\/#article","isPartOf":{"@id":"https:\/\/sare.eus\/es\/30-de-junio-en-irunea-etxera-kalejira\/"},"author":{"name":"sare","@id":"https:\/\/sare.eus\/#\/schema\/person\/2fe6d0df294f56313d3ab236dbe38e17"},"headline":"Llaman a participar en la kalejira \u00abETXERA\u00bb que se celebrar\u00e1 el 30 de junio en IRU\u00d1EA","datePublished":"2023-06-26T18:13:41+00:00","dateModified":"2023-06-27T07:17:36+00:00","mainEntityOfPage":{"@id":"https:\/\/sare.eus\/es\/30-de-junio-en-irunea-etxera-kalejira\/"},"wordCount":365,"publisher":{"@id":"https:\/\/sare.eus\/#organization"},"image":{"@id":"https:\/\/sare.eus\/es\/30-de-junio-en-irunea-etxera-kalejira\/#primaryimage"},"thumbnailUrl":"https:\/\/sare.eus\/wp-content\/uploads\/2023\/06\/ek-26-agerraldia-web.jpg","articleSection":["Leyes de Excepci\u00f3n"],"inLanguage":"es"},{"@type":"WebPage","@id":"https:\/\/sare.eus\/es\/30-de-junio-en-irunea-etxera-kalejira\/","url":"https:\/\/sare.eus\/es\/30-de-junio-en-irunea-etxera-kalejira\/","name":"Llaman a participar en la kalejira \"ETXERA\" que se celebrar\u00e1 el 30 de junio en IRU\u00d1EA - Sare Herritarra","isPartOf":{"@id":"https:\/\/sare.eus\/#website"},"primaryImageOfPage":{"@id":"https:\/\/sare.eus\/es\/30-de-junio-en-irunea-etxera-kalejira\/#primaryimage"},"image":{"@id":"https:\/\/sare.eus\/es\/30-de-junio-en-irunea-etxera-kalejira\/#primaryimage"},"thumbnailUrl":"https:\/\/sare.eus\/wp-content\/uploads\/2023\/06\/ek-26-agerraldia-web.jpg","datePublished":"2023-06-26T18:13:41+00:00","dateModified":"2023-06-27T07:17:36+00:00","breadcrumb":{"@id":"https:\/\/sare.eus\/es\/30-de-junio-en-irunea-etxera-kalejira\/#breadcrumb"},"inLanguage":"es","potentialAction":[{"@type":"ReadAction","target":["https:\/\/sare.eus\/es\/30-de-junio-en-irunea-etxera-kalejira\/"]}]},{"@type":"ImageObject","inLanguage":"es","@id":"https:\/\/sare.eus\/es\/30-de-junio-en-irunea-etxera-kalejira\/#primaryimage","url":"https:\/\/sare.eus\/wp-content\/uploads\/2023\/06\/ek-26-agerraldia-web.jpg","contentUrl":"https:\/\/sare.eus\/wp-content\/uploads\/2023\/06\/ek-26-agerraldia-web.jpg","width":2048,"height":1542},{"@type":"BreadcrumbList","@id":"https:\/\/sare.eus\/es\/30-de-junio-en-irunea-etxera-kalejira\/#breadcrumb","itemListElement":[{"@type":"ListItem","position":1,"name":"Home","item":"https:\/\/sare.eus\/"},{"@type":"ListItem","position":2,"name":"Llaman a participar en la kalejira \u00abETXERA\u00bb que se celebrar\u00e1 el 30 de junio en IRU\u00d1EA"}]},{"@type":"WebSite","@id":"https:\/\/sare.eus\/#website","url":"https:\/\/sare.eus\/","name":"Sare Herritarra","description":"KONPONBIDEAREN ETA GIZA ESKUBIDEEN ALDEKO SARE HERRITARRA","publisher":{"@id":"https:\/\/sare.eus\/#organization"},"potentialAction":[{"@type":"SearchAction","target":{"@type":"EntryPoint","urlTemplate":"https:\/\/sare.eus\/?s={search_term_string}"},"query-input":{"@type":"PropertyValueSpecification","valueRequired":true,"valueName":"search_term_string"}}],"inLanguage":"es"},{"@type":"Organization","@id":"https:\/\/sare.eus\/#organization","name":"Sare Herritarra","url":"https:\/\/sare.eus\/","logo":{"@type":"ImageObject","inLanguage":"es","@id":"https:\/\/sare.eus\/#\/schema\/logo\/image\/","url":"https:\/\/sare.eus\/wp-content\/uploads\/2021\/08\/sare.png","contentUrl":"https:\/\/sare.eus\/wp-content\/uploads\/2021\/08\/sare.png","width":120,"height":142,"caption":"Sare Herritarra"},"image":{"@id":"https:\/\/sare.eus\/#\/schema\/logo\/image\/"}},{"@type":"Person","@id":"https:\/\/sare.eus\/#\/schema\/person\/2fe6d0df294f56313d3ab236dbe38e17","name":"sare","image":{"@type":"ImageObject","inLanguage":"es","@id":"https:\/\/sare.eus\/#\/schema\/person\/image\/","url":"https:\/\/secure.gravatar.com\/avatar\/77cad838677ceb1977e7b3c878b55eaa7fa4aae2158983063b047c3ad7ef2c25?s=96&d=mm&r=g","contentUrl":"https:\/\/secure.gravatar.com\/avatar\/77cad838677ceb1977e7b3c878b55eaa7fa4aae2158983063b047c3ad7ef2c25?s=96&d=mm&r=g","caption":"sare"},"url":"https:\/\/sare.eus\/es\/author\/sare\/"}]}},"_links":{"self":[{"href":"https:\/\/sare.eus\/es\/wp-json\/wp\/v2\/posts\/5278","targetHints":{"allow":["GET"]}}],"collection":[{"href":"https:\/\/sare.eus\/es\/wp-json\/wp\/v2\/posts"}],"about":[{"href":"https:\/\/sare.eus\/es\/wp-json\/wp\/v2\/types\/post"}],"author":[{"embeddable":true,"href":"https:\/\/sare.eus\/es\/wp-json\/wp\/v2\/users\/2"}],"replies":[{"embeddable":true,"href":"https:\/\/sare.eus\/es\/wp-json\/wp\/v2\/comments?post=5278"}],"version-history":[{"count":5,"href":"https:\/\/sare.eus\/es\/wp-json\/wp\/v2\/posts\/5278\/revisions"}],"predecessor-version":[{"id":5289,"href":"https:\/\/sare.eus\/es\/wp-json\/wp\/v2\/posts\/5278\/revisions\/5289"}],"wp:featuredmedia":[{"embeddable":true,"href":"https:\/\/sare.eus\/es\/wp-json\/wp\/v2\/media\/5273"}],"wp:attachment":[{"href":"https:\/\/sare.eus\/es\/wp-json\/wp\/v2\/media?parent=5278"}],"wp:term":[{"taxonomy":"category","embeddable":true,"href":"https:\/\/sare.eus\/es\/wp-json\/wp\/v2\/categories?post=5278"},{"taxonomy":"post_tag","embeddable":true,"href":"https:\/\/sare.eus\/es\/wp-json\/wp\/v2\/tags?post=5278"}],"curies":[{"name":"wp","href":"https:\/\/api.w.org\/{rel}","templated":true}]}}