{"id":5265,"date":"2023-06-21T15:47:25","date_gmt":"2023-06-21T15:47:25","guid":{"rendered":"https:\/\/sare.eus\/espetxe-zaintzako-epaitegi-zentralak-berretsi-du-juan-manuel-inziarteren-gradu-erregresioa\/"},"modified":"2023-06-21T16:04:34","modified_gmt":"2023-06-21T16:04:34","slug":"el-juzgado-central-de-vigilancia-penitenciaria-confirma-la-regresion-de-grado-de-juan-manuel-inziarte","status":"publish","type":"post","link":"https:\/\/sare.eus\/es\/el-juzgado-central-de-vigilancia-penitenciaria-confirma-la-regresion-de-grado-de-juan-manuel-inziarte\/","title":{"rendered":"El Juzgado Central de Vigilancia Penitenciaria confirma la regresi\u00f3n de grado de Juan Manuel Inziarte"},"content":{"rendered":"<p>Este pasado 19 de junio, el Juzgado Central de Vigilancia Penitenciaria, ha ratificado el recurso formulado por el Ministerio Fiscal, contra el acuerdo del la Consejer\u00eda de Justicia del Gobierno Vasco, de fecha 2 de marzo, por lo que el preso vasco Juan Manuel Inziarte, vecino de Errenteria, vuelve a segundo grado penitenciario y seguir\u00e1 en prisi\u00f3n.<\/p>\n<p>Ya en esa fecha de Marzo y tras el recurso del Ministerio Fiscal , Inziarte vio suspendido el tercer grado penitenciario y tuvo que ingresar en prisi\u00f3n. Pero es ahora cuando ese recurso ha sido ratificado por el JCVP.<\/p>\n<p>Inziarte, lleva m\u00e1s de 14 a\u00f1os privado de libertad. Tiene 68 a\u00f1os y recientemente a sufrido un ictus por el que tuvo que ser ingresado en el Hospital.<\/p>\n<p>A pesar de que el auto del JCVP, indica que no existe riego de reincidencia; ha tenido una buena conducta en prisi\u00f3n; ha disfrutado de permisos penitenciarios y ha manifestado por escrito su apuesta por la paz y la conciliaci\u00f3n en nuestro Pueblo, todo ello, y en un acto de absoluta incoherencia, no ha sido suficiente para que la Audiencia Nacional, haya vuelto a decretar su ingreso en prisi\u00f3n.<\/p>\n<p>Desde la Red Ciudadana Sare, denunciamos las constantes actuaciones de los \u00f3rganos judiciales de obstaculizar las decisiones de las Juntas de Tratamientos de los centros penitenciarios, obviando que son precisamente esas instancias, quienes mejor conocen la evoluci\u00f3n de los presos y presas.<\/p>\n<p>Estamos, una vez mas, ante una decisi\u00f3n no basada en criterios jur\u00eddicos y justos, sino en mantener la confrontaci\u00f3n y la venganza como forma de proceder. Actitudes como esta, nada tienen que ver con las ansias de una , cada vez mayor parte de la sociedad vasca, que en numerosas ocasiones ha manifestado la necesidad de avanzar hacia la convivencia.<\/p>\n<p>Ante este tipo de actuaciones , hacemos un llamamiento a la sociedad vasca a participar en las convocatorias de los pr\u00f3ximos d\u00edas y tambi\u00e9n en el \u00daLTIMO VIERNES de mes que se celebrar\u00e1 pueblo a pueblo el 30 de Junio.<\/p>\n","protected":false},"excerpt":{"rendered":"<p>Este pasado 19 de junio, el Juzgado Central de Vigilancia Penitenciaria, ha ratificado el recurso formulado por el Ministerio Fiscal, contra el acuerdo del la Consejer\u00eda de Justicia del Gobierno [&hellip;]<\/p>\n","protected":false},"author":2,"featured_media":5262,"comment_status":"closed","ping_status":"closed","sticky":false,"template":"","format":"standard","meta":{"_acf_changed":false,"_et_pb_use_builder":"off","_et_pb_old_content":"","_et_gb_content_width":"","footnotes":""},"categories":[65],"tags":[],"class_list":["post-5265","post","type-post","status-publish","format-standard","has-post-thumbnail","hentry","category-progresion-de-grado","et-has-post-format-content","et_post_format-et-post-format-standard"],"acf":[],"yoast_head":"<!-- This site is optimized with the Yoast SEO plugin v26.4 - https:\/\/yoast.com\/wordpress\/plugins\/seo\/ -->\n<title>El Juzgado Central de Vigilancia Penitenciaria confirma la regresi\u00f3n de grado de Juan Manuel Inziarte - Sare Herritarra<\/title>\n<meta name=\"robots\" content=\"index, follow, max-snippet:-1, max-image-preview:large, max-video-preview:-1\" \/>\n<link rel=\"canonical\" href=\"https:\/\/sare.eus\/es\/el-juzgado-central-de-vigilancia-penitenciaria-confirma-la-regresion-de-grado-de-juan-manuel-inziarte\/\" \/>\n<meta property=\"og:locale\" content=\"es_ES\" \/>\n<meta property=\"og:type\" content=\"article\" \/>\n<meta property=\"og:title\" content=\"El Juzgado Central de Vigilancia Penitenciaria confirma la regresi\u00f3n de grado de Juan Manuel Inziarte - Sare Herritarra\" \/>\n<meta property=\"og:description\" content=\"Este pasado 19 de junio, el Juzgado Central de Vigilancia Penitenciaria, ha ratificado el recurso formulado por el Ministerio Fiscal, contra el acuerdo del la Consejer\u00eda de Justicia del Gobierno [&hellip;]\" \/>\n<meta property=\"og:url\" content=\"https:\/\/sare.eus\/es\/el-juzgado-central-de-vigilancia-penitenciaria-confirma-la-regresion-de-grado-de-juan-manuel-inziarte\/\" \/>\n<meta property=\"og:site_name\" content=\"Sare Herritarra\" \/>\n<meta property=\"article:published_time\" content=\"2023-06-21T15:47:25+00:00\" \/>\n<meta property=\"article:modified_time\" content=\"2023-06-21T16:04:34+00:00\" \/>\n<meta property=\"og:image\" content=\"https:\/\/sare.eus\/wp-content\/uploads\/2023\/06\/orereta-02.jpg\" \/>\n\t<meta property=\"og:image:width\" content=\"2048\" \/>\n\t<meta property=\"og:image:height\" content=\"1536\" \/>\n\t<meta property=\"og:image:type\" content=\"image\/jpeg\" \/>\n<meta name=\"author\" content=\"sare\" \/>\n<meta name=\"twitter:card\" content=\"summary_large_image\" \/>\n<meta name=\"twitter:label1\" content=\"Escrito por\" \/>\n\t<meta name=\"twitter:data1\" content=\"sare\" \/>\n\t<meta name=\"twitter:label2\" content=\"Tiempo de lectura\" \/>\n\t<meta name=\"twitter:data2\" content=\"2 minutos\" \/>\n<script type=\"application\/ld+json\" class=\"yoast-schema-graph\">{\"@context\":\"https:\/\/schema.org\",\"@graph\":[{\"@type\":\"Article\",\"@id\":\"https:\/\/sare.eus\/es\/el-juzgado-central-de-vigilancia-penitenciaria-confirma-la-regresion-de-grado-de-juan-manuel-inziarte\/#article\",\"isPartOf\":{\"@id\":\"https:\/\/sare.eus\/es\/el-juzgado-central-de-vigilancia-penitenciaria-confirma-la-regresion-de-grado-de-juan-manuel-inziarte\/\"},\"author\":{\"name\":\"sare\",\"@id\":\"https:\/\/sare.eus\/#\/schema\/person\/2fe6d0df294f56313d3ab236dbe38e17\"},\"headline\":\"El Juzgado Central de Vigilancia Penitenciaria confirma la regresi\u00f3n de grado de Juan Manuel Inziarte\",\"datePublished\":\"2023-06-21T15:47:25+00:00\",\"dateModified\":\"2023-06-21T16:04:34+00:00\",\"mainEntityOfPage\":{\"@id\":\"https:\/\/sare.eus\/es\/el-juzgado-central-de-vigilancia-penitenciaria-confirma-la-regresion-de-grado-de-juan-manuel-inziarte\/\"},\"wordCount\":359,\"publisher\":{\"@id\":\"https:\/\/sare.eus\/#organization\"},\"image\":{\"@id\":\"https:\/\/sare.eus\/es\/el-juzgado-central-de-vigilancia-penitenciaria-confirma-la-regresion-de-grado-de-juan-manuel-inziarte\/#primaryimage\"},\"thumbnailUrl\":\"https:\/\/sare.eus\/wp-content\/uploads\/2023\/06\/orereta-02.jpg\",\"articleSection\":[\"Progresi\u00f3n de Grado\"],\"inLanguage\":\"es\"},{\"@type\":\"WebPage\",\"@id\":\"https:\/\/sare.eus\/es\/el-juzgado-central-de-vigilancia-penitenciaria-confirma-la-regresion-de-grado-de-juan-manuel-inziarte\/\",\"url\":\"https:\/\/sare.eus\/es\/el-juzgado-central-de-vigilancia-penitenciaria-confirma-la-regresion-de-grado-de-juan-manuel-inziarte\/\",\"name\":\"El Juzgado Central de Vigilancia Penitenciaria confirma la regresi\u00f3n de grado de Juan Manuel Inziarte - Sare Herritarra\",\"isPartOf\":{\"@id\":\"https:\/\/sare.eus\/#website\"},\"primaryImageOfPage\":{\"@id\":\"https:\/\/sare.eus\/es\/el-juzgado-central-de-vigilancia-penitenciaria-confirma-la-regresion-de-grado-de-juan-manuel-inziarte\/#primaryimage\"},\"image\":{\"@id\":\"https:\/\/sare.eus\/es\/el-juzgado-central-de-vigilancia-penitenciaria-confirma-la-regresion-de-grado-de-juan-manuel-inziarte\/#primaryimage\"},\"thumbnailUrl\":\"https:\/\/sare.eus\/wp-content\/uploads\/2023\/06\/orereta-02.jpg\",\"datePublished\":\"2023-06-21T15:47:25+00:00\",\"dateModified\":\"2023-06-21T16:04:34+00:00\",\"breadcrumb\":{\"@id\":\"https:\/\/sare.eus\/es\/el-juzgado-central-de-vigilancia-penitenciaria-confirma-la-regresion-de-grado-de-juan-manuel-inziarte\/#breadcrumb\"},\"inLanguage\":\"es\",\"potentialAction\":[{\"@type\":\"ReadAction\",\"target\":[\"https:\/\/sare.eus\/es\/el-juzgado-central-de-vigilancia-penitenciaria-confirma-la-regresion-de-grado-de-juan-manuel-inziarte\/\"]}]},{\"@type\":\"ImageObject\",\"inLanguage\":\"es\",\"@id\":\"https:\/\/sare.eus\/es\/el-juzgado-central-de-vigilancia-penitenciaria-confirma-la-regresion-de-grado-de-juan-manuel-inziarte\/#primaryimage\",\"url\":\"https:\/\/sare.eus\/wp-content\/uploads\/2023\/06\/orereta-02.jpg\",\"contentUrl\":\"https:\/\/sare.eus\/wp-content\/uploads\/2023\/06\/orereta-02.jpg\",\"width\":2048,\"height\":1536},{\"@type\":\"BreadcrumbList\",\"@id\":\"https:\/\/sare.eus\/es\/el-juzgado-central-de-vigilancia-penitenciaria-confirma-la-regresion-de-grado-de-juan-manuel-inziarte\/#breadcrumb\",\"itemListElement\":[{\"@type\":\"ListItem\",\"position\":1,\"name\":\"Home\",\"item\":\"https:\/\/sare.eus\/\"},{\"@type\":\"ListItem\",\"position\":2,\"name\":\"El Juzgado Central de Vigilancia Penitenciaria confirma la regresi\u00f3n de grado de Juan Manuel Inziarte\"}]},{\"@type\":\"WebSite\",\"@id\":\"https:\/\/sare.eus\/#website\",\"url\":\"https:\/\/sare.eus\/\",\"name\":\"Sare Herritarra\",\"description\":\"KONPONBIDEAREN ETA GIZA ESKUBIDEEN ALDEKO SARE HERRITARRA\",\"publisher\":{\"@id\":\"https:\/\/sare.eus\/#organization\"},\"potentialAction\":[{\"@type\":\"SearchAction\",\"target\":{\"@type\":\"EntryPoint\",\"urlTemplate\":\"https:\/\/sare.eus\/?s={search_term_string}\"},\"query-input\":{\"@type\":\"PropertyValueSpecification\",\"valueRequired\":true,\"valueName\":\"search_term_string\"}}],\"inLanguage\":\"es\"},{\"@type\":\"Organization\",\"@id\":\"https:\/\/sare.eus\/#organization\",\"name\":\"Sare Herritarra\",\"url\":\"https:\/\/sare.eus\/\",\"logo\":{\"@type\":\"ImageObject\",\"inLanguage\":\"es\",\"@id\":\"https:\/\/sare.eus\/#\/schema\/logo\/image\/\",\"url\":\"https:\/\/sare.eus\/wp-content\/uploads\/2021\/08\/sare.png\",\"contentUrl\":\"https:\/\/sare.eus\/wp-content\/uploads\/2021\/08\/sare.png\",\"width\":120,\"height\":142,\"caption\":\"Sare Herritarra\"},\"image\":{\"@id\":\"https:\/\/sare.eus\/#\/schema\/logo\/image\/\"}},{\"@type\":\"Person\",\"@id\":\"https:\/\/sare.eus\/#\/schema\/person\/2fe6d0df294f56313d3ab236dbe38e17\",\"name\":\"sare\",\"image\":{\"@type\":\"ImageObject\",\"inLanguage\":\"es\",\"@id\":\"https:\/\/sare.eus\/#\/schema\/person\/image\/\",\"url\":\"https:\/\/secure.gravatar.com\/avatar\/77cad838677ceb1977e7b3c878b55eaa7fa4aae2158983063b047c3ad7ef2c25?s=96&d=mm&r=g\",\"contentUrl\":\"https:\/\/secure.gravatar.com\/avatar\/77cad838677ceb1977e7b3c878b55eaa7fa4aae2158983063b047c3ad7ef2c25?s=96&d=mm&r=g\",\"caption\":\"sare\"},\"url\":\"https:\/\/sare.eus\/es\/author\/sare\/\"}]}<\/script>\n<!-- \/ Yoast SEO plugin. -->","yoast_head_json":{"title":"El Juzgado Central de Vigilancia Penitenciaria confirma la regresi\u00f3n de grado de Juan Manuel Inziarte - Sare Herritarra","robots":{"index":"index","follow":"follow","max-snippet":"max-snippet:-1","max-image-preview":"max-image-preview:large","max-video-preview":"max-video-preview:-1"},"canonical":"https:\/\/sare.eus\/es\/el-juzgado-central-de-vigilancia-penitenciaria-confirma-la-regresion-de-grado-de-juan-manuel-inziarte\/","og_locale":"es_ES","og_type":"article","og_title":"El Juzgado Central de Vigilancia Penitenciaria confirma la regresi\u00f3n de grado de Juan Manuel Inziarte - Sare Herritarra","og_description":"Este pasado 19 de junio, el Juzgado Central de Vigilancia Penitenciaria, ha ratificado el recurso formulado por el Ministerio Fiscal, contra el acuerdo del la Consejer\u00eda de Justicia del Gobierno [&hellip;]","og_url":"https:\/\/sare.eus\/es\/el-juzgado-central-de-vigilancia-penitenciaria-confirma-la-regresion-de-grado-de-juan-manuel-inziarte\/","og_site_name":"Sare Herritarra","article_published_time":"2023-06-21T15:47:25+00:00","article_modified_time":"2023-06-21T16:04:34+00:00","og_image":[{"width":2048,"height":1536,"url":"https:\/\/sare.eus\/wp-content\/uploads\/2023\/06\/orereta-02.jpg","type":"image\/jpeg"}],"author":"sare","twitter_card":"summary_large_image","twitter_misc":{"Escrito por":"sare","Tiempo de lectura":"2 minutos"},"schema":{"@context":"https:\/\/schema.org","@graph":[{"@type":"Article","@id":"https:\/\/sare.eus\/es\/el-juzgado-central-de-vigilancia-penitenciaria-confirma-la-regresion-de-grado-de-juan-manuel-inziarte\/#article","isPartOf":{"@id":"https:\/\/sare.eus\/es\/el-juzgado-central-de-vigilancia-penitenciaria-confirma-la-regresion-de-grado-de-juan-manuel-inziarte\/"},"author":{"name":"sare","@id":"https:\/\/sare.eus\/#\/schema\/person\/2fe6d0df294f56313d3ab236dbe38e17"},"headline":"El Juzgado Central de Vigilancia Penitenciaria confirma la regresi\u00f3n de grado de Juan Manuel Inziarte","datePublished":"2023-06-21T15:47:25+00:00","dateModified":"2023-06-21T16:04:34+00:00","mainEntityOfPage":{"@id":"https:\/\/sare.eus\/es\/el-juzgado-central-de-vigilancia-penitenciaria-confirma-la-regresion-de-grado-de-juan-manuel-inziarte\/"},"wordCount":359,"publisher":{"@id":"https:\/\/sare.eus\/#organization"},"image":{"@id":"https:\/\/sare.eus\/es\/el-juzgado-central-de-vigilancia-penitenciaria-confirma-la-regresion-de-grado-de-juan-manuel-inziarte\/#primaryimage"},"thumbnailUrl":"https:\/\/sare.eus\/wp-content\/uploads\/2023\/06\/orereta-02.jpg","articleSection":["Progresi\u00f3n de Grado"],"inLanguage":"es"},{"@type":"WebPage","@id":"https:\/\/sare.eus\/es\/el-juzgado-central-de-vigilancia-penitenciaria-confirma-la-regresion-de-grado-de-juan-manuel-inziarte\/","url":"https:\/\/sare.eus\/es\/el-juzgado-central-de-vigilancia-penitenciaria-confirma-la-regresion-de-grado-de-juan-manuel-inziarte\/","name":"El Juzgado Central de Vigilancia Penitenciaria confirma la regresi\u00f3n de grado de Juan Manuel Inziarte - Sare Herritarra","isPartOf":{"@id":"https:\/\/sare.eus\/#website"},"primaryImageOfPage":{"@id":"https:\/\/sare.eus\/es\/el-juzgado-central-de-vigilancia-penitenciaria-confirma-la-regresion-de-grado-de-juan-manuel-inziarte\/#primaryimage"},"image":{"@id":"https:\/\/sare.eus\/es\/el-juzgado-central-de-vigilancia-penitenciaria-confirma-la-regresion-de-grado-de-juan-manuel-inziarte\/#primaryimage"},"thumbnailUrl":"https:\/\/sare.eus\/wp-content\/uploads\/2023\/06\/orereta-02.jpg","datePublished":"2023-06-21T15:47:25+00:00","dateModified":"2023-06-21T16:04:34+00:00","breadcrumb":{"@id":"https:\/\/sare.eus\/es\/el-juzgado-central-de-vigilancia-penitenciaria-confirma-la-regresion-de-grado-de-juan-manuel-inziarte\/#breadcrumb"},"inLanguage":"es","potentialAction":[{"@type":"ReadAction","target":["https:\/\/sare.eus\/es\/el-juzgado-central-de-vigilancia-penitenciaria-confirma-la-regresion-de-grado-de-juan-manuel-inziarte\/"]}]},{"@type":"ImageObject","inLanguage":"es","@id":"https:\/\/sare.eus\/es\/el-juzgado-central-de-vigilancia-penitenciaria-confirma-la-regresion-de-grado-de-juan-manuel-inziarte\/#primaryimage","url":"https:\/\/sare.eus\/wp-content\/uploads\/2023\/06\/orereta-02.jpg","contentUrl":"https:\/\/sare.eus\/wp-content\/uploads\/2023\/06\/orereta-02.jpg","width":2048,"height":1536},{"@type":"BreadcrumbList","@id":"https:\/\/sare.eus\/es\/el-juzgado-central-de-vigilancia-penitenciaria-confirma-la-regresion-de-grado-de-juan-manuel-inziarte\/#breadcrumb","itemListElement":[{"@type":"ListItem","position":1,"name":"Home","item":"https:\/\/sare.eus\/"},{"@type":"ListItem","position":2,"name":"El Juzgado Central de Vigilancia Penitenciaria confirma la regresi\u00f3n de grado de Juan Manuel Inziarte"}]},{"@type":"WebSite","@id":"https:\/\/sare.eus\/#website","url":"https:\/\/sare.eus\/","name":"Sare Herritarra","description":"KONPONBIDEAREN ETA GIZA ESKUBIDEEN ALDEKO SARE HERRITARRA","publisher":{"@id":"https:\/\/sare.eus\/#organization"},"potentialAction":[{"@type":"SearchAction","target":{"@type":"EntryPoint","urlTemplate":"https:\/\/sare.eus\/?s={search_term_string}"},"query-input":{"@type":"PropertyValueSpecification","valueRequired":true,"valueName":"search_term_string"}}],"inLanguage":"es"},{"@type":"Organization","@id":"https:\/\/sare.eus\/#organization","name":"Sare Herritarra","url":"https:\/\/sare.eus\/","logo":{"@type":"ImageObject","inLanguage":"es","@id":"https:\/\/sare.eus\/#\/schema\/logo\/image\/","url":"https:\/\/sare.eus\/wp-content\/uploads\/2021\/08\/sare.png","contentUrl":"https:\/\/sare.eus\/wp-content\/uploads\/2021\/08\/sare.png","width":120,"height":142,"caption":"Sare Herritarra"},"image":{"@id":"https:\/\/sare.eus\/#\/schema\/logo\/image\/"}},{"@type":"Person","@id":"https:\/\/sare.eus\/#\/schema\/person\/2fe6d0df294f56313d3ab236dbe38e17","name":"sare","image":{"@type":"ImageObject","inLanguage":"es","@id":"https:\/\/sare.eus\/#\/schema\/person\/image\/","url":"https:\/\/secure.gravatar.com\/avatar\/77cad838677ceb1977e7b3c878b55eaa7fa4aae2158983063b047c3ad7ef2c25?s=96&d=mm&r=g","contentUrl":"https:\/\/secure.gravatar.com\/avatar\/77cad838677ceb1977e7b3c878b55eaa7fa4aae2158983063b047c3ad7ef2c25?s=96&d=mm&r=g","caption":"sare"},"url":"https:\/\/sare.eus\/es\/author\/sare\/"}]}},"_links":{"self":[{"href":"https:\/\/sare.eus\/es\/wp-json\/wp\/v2\/posts\/5265","targetHints":{"allow":["GET"]}}],"collection":[{"href":"https:\/\/sare.eus\/es\/wp-json\/wp\/v2\/posts"}],"about":[{"href":"https:\/\/sare.eus\/es\/wp-json\/wp\/v2\/types\/post"}],"author":[{"embeddable":true,"href":"https:\/\/sare.eus\/es\/wp-json\/wp\/v2\/users\/2"}],"replies":[{"embeddable":true,"href":"https:\/\/sare.eus\/es\/wp-json\/wp\/v2\/comments?post=5265"}],"version-history":[{"count":3,"href":"https:\/\/sare.eus\/es\/wp-json\/wp\/v2\/posts\/5265\/revisions"}],"predecessor-version":[{"id":5269,"href":"https:\/\/sare.eus\/es\/wp-json\/wp\/v2\/posts\/5265\/revisions\/5269"}],"wp:featuredmedia":[{"embeddable":true,"href":"https:\/\/sare.eus\/es\/wp-json\/wp\/v2\/media\/5262"}],"wp:attachment":[{"href":"https:\/\/sare.eus\/es\/wp-json\/wp\/v2\/media?parent=5265"}],"wp:term":[{"taxonomy":"category","embeddable":true,"href":"https:\/\/sare.eus\/es\/wp-json\/wp\/v2\/categories?post=5265"},{"taxonomy":"post_tag","embeddable":true,"href":"https:\/\/sare.eus\/es\/wp-json\/wp\/v2\/tags?post=5265"}],"curies":[{"name":"wp","href":"https:\/\/api.w.org\/{rel}","templated":true}]}}