{"id":5253,"date":"2023-06-20T07:07:52","date_gmt":"2023-06-20T07:07:52","guid":{"rendered":"https:\/\/sare.eus\/?p=5253"},"modified":"2023-06-20T07:09:59","modified_gmt":"2023-06-20T07:09:59","slug":"la-mayoria-sindical-vasca-se-moviliza-junto-a-sare-contra-las-medidas-de-excepcion","status":"publish","type":"post","link":"https:\/\/sare.eus\/es\/la-mayoria-sindical-vasca-se-moviliza-junto-a-sare-contra-las-medidas-de-excepcion\/","title":{"rendered":"La mayor\u00eda sindical vasca se moviliza junto a SARE contra las medidas de excepci\u00f3n"},"content":{"rendered":"<p>Desde que arrancamos la din\u00e1mica Izan Bidea han sido muchas las movilizaciones que hemos llevado a cabo desde el ambito sindical. Llevamos la dinamica hasta los puestos de trabajo y hoy aqu\u00ed queremos denunciar las vulneraciones que supone la legislaci\u00f3n de excepci\u00f3n y reivindicar la necesidad de cambiar la actual pol\u00edtica penitenciaria.<\/p>\n<p>Es importante poner en valor los pasos dados en estos dos a\u00f1os y medio; el fin del primer grado, los acercamientos posteriores, el fin del la dispersi\u00f3n\u2026<br \/>\nSin embargo, estos cambios se han producido gracias tanto a la activaci\u00f3n social como al acuerdo y unidad de partidos, sindicatos e instituciones. Por eso consideramos imprescindible seguir desarrollando esta v\u00eda de acuerdo y activaci\u00f3n para acabar con la legislaci\u00f3n de excepci\u00f3n y acabar definitivamente con el bloqueo de la progresi\u00f3n de grado.<\/p>\n<p>Desde aqu\u00ed os animamos a que os acerqu\u00e9is a las movilizaciones que se llevar\u00e1n a cabo el 30 de Junio en las cuatro capitales de Euskal Herria junto con el \u00faltimo viernes a favor del proceso de regreso a casa.<\/p>\n<p>Tenemos claro que nos corresponde continuar con esta colaboraci\u00f3n y activaci\u00f3n hasta acabar con las medidas de excepci\u00f3n. Es necesario seguir dando pasos hacia la convivencia y la resoluci\u00f3n. Porque todos tenemos que ser parte del camino, porque con esos peque\u00f1os pasos iniciados por el impulso de todos el destino es dejar atr\u00e1s la excepcionalidad y tener cerca el camino a casa.<\/p>\n","protected":false},"excerpt":{"rendered":"<p>Desde que arrancamos la din\u00e1mica Izan Bidea han sido muchas las movilizaciones que hemos llevado a cabo desde el ambito sindical. Llevamos la dinamica hasta los puestos de trabajo y [&hellip;]<\/p>\n","protected":false},"author":2,"featured_media":5258,"comment_status":"closed","ping_status":"closed","sticky":false,"template":"","format":"standard","meta":{"_acf_changed":false,"_et_pb_use_builder":"off","_et_pb_old_content":"","_et_gb_content_width":"","footnotes":""},"categories":[69],"tags":[],"class_list":["post-5253","post","type-post","status-publish","format-standard","has-post-thumbnail","hentry","category-leyes-de-excepcion","et-has-post-format-content","et_post_format-et-post-format-standard"],"acf":[],"yoast_head":"<!-- This site is optimized with the Yoast SEO plugin v26.4 - https:\/\/yoast.com\/wordpress\/plugins\/seo\/ -->\n<title>La mayor\u00eda sindical vasca se moviliza junto a SARE contra las medidas de excepci\u00f3n - Sare Herritarra<\/title>\n<meta name=\"robots\" content=\"index, follow, max-snippet:-1, max-image-preview:large, max-video-preview:-1\" \/>\n<link rel=\"canonical\" href=\"https:\/\/sare.eus\/es\/la-mayoria-sindical-vasca-se-moviliza-junto-a-sare-contra-las-medidas-de-excepcion\/\" \/>\n<meta property=\"og:locale\" content=\"es_ES\" \/>\n<meta property=\"og:type\" content=\"article\" \/>\n<meta property=\"og:title\" content=\"La mayor\u00eda sindical vasca se moviliza junto a SARE contra las medidas de excepci\u00f3n - Sare Herritarra\" \/>\n<meta property=\"og:description\" content=\"Desde que arrancamos la din\u00e1mica Izan Bidea han sido muchas las movilizaciones que hemos llevado a cabo desde el ambito sindical. Llevamos la dinamica hasta los puestos de trabajo y [&hellip;]\" \/>\n<meta property=\"og:url\" content=\"https:\/\/sare.eus\/es\/la-mayoria-sindical-vasca-se-moviliza-junto-a-sare-contra-las-medidas-de-excepcion\/\" \/>\n<meta property=\"og:site_name\" content=\"Sare Herritarra\" \/>\n<meta property=\"article:published_time\" content=\"2023-06-20T07:07:52+00:00\" \/>\n<meta property=\"article:modified_time\" content=\"2023-06-20T07:09:59+00:00\" \/>\n<meta property=\"og:image\" content=\"https:\/\/sare.eus\/wp-content\/uploads\/2023\/06\/IMG_20230620_122747_503.jpg\" \/>\n\t<meta property=\"og:image:width\" content=\"1280\" \/>\n\t<meta property=\"og:image:height\" content=\"720\" \/>\n\t<meta property=\"og:image:type\" content=\"image\/jpeg\" \/>\n<meta name=\"author\" content=\"sare\" \/>\n<meta name=\"twitter:card\" content=\"summary_large_image\" \/>\n<meta name=\"twitter:label1\" content=\"Escrito por\" \/>\n\t<meta name=\"twitter:data1\" content=\"sare\" \/>\n\t<meta name=\"twitter:label2\" content=\"Tiempo de lectura\" \/>\n\t<meta name=\"twitter:data2\" content=\"2 minutos\" \/>\n<script type=\"application\/ld+json\" class=\"yoast-schema-graph\">{\"@context\":\"https:\/\/schema.org\",\"@graph\":[{\"@type\":\"Article\",\"@id\":\"https:\/\/sare.eus\/es\/la-mayoria-sindical-vasca-se-moviliza-junto-a-sare-contra-las-medidas-de-excepcion\/#article\",\"isPartOf\":{\"@id\":\"https:\/\/sare.eus\/es\/la-mayoria-sindical-vasca-se-moviliza-junto-a-sare-contra-las-medidas-de-excepcion\/\"},\"author\":{\"name\":\"sare\",\"@id\":\"https:\/\/sare.eus\/#\/schema\/person\/2fe6d0df294f56313d3ab236dbe38e17\"},\"headline\":\"La mayor\u00eda sindical vasca se moviliza junto a SARE contra las medidas de excepci\u00f3n\",\"datePublished\":\"2023-06-20T07:07:52+00:00\",\"dateModified\":\"2023-06-20T07:09:59+00:00\",\"mainEntityOfPage\":{\"@id\":\"https:\/\/sare.eus\/es\/la-mayoria-sindical-vasca-se-moviliza-junto-a-sare-contra-las-medidas-de-excepcion\/\"},\"wordCount\":269,\"publisher\":{\"@id\":\"https:\/\/sare.eus\/#organization\"},\"image\":{\"@id\":\"https:\/\/sare.eus\/es\/la-mayoria-sindical-vasca-se-moviliza-junto-a-sare-contra-las-medidas-de-excepcion\/#primaryimage\"},\"thumbnailUrl\":\"https:\/\/sare.eus\/wp-content\/uploads\/2023\/06\/IMG_20230620_122747_503.jpg\",\"articleSection\":[\"Leyes de Excepci\u00f3n\"],\"inLanguage\":\"es\"},{\"@type\":\"WebPage\",\"@id\":\"https:\/\/sare.eus\/es\/la-mayoria-sindical-vasca-se-moviliza-junto-a-sare-contra-las-medidas-de-excepcion\/\",\"url\":\"https:\/\/sare.eus\/es\/la-mayoria-sindical-vasca-se-moviliza-junto-a-sare-contra-las-medidas-de-excepcion\/\",\"name\":\"La mayor\u00eda sindical vasca se moviliza junto a SARE contra las medidas de excepci\u00f3n - Sare Herritarra\",\"isPartOf\":{\"@id\":\"https:\/\/sare.eus\/#website\"},\"primaryImageOfPage\":{\"@id\":\"https:\/\/sare.eus\/es\/la-mayoria-sindical-vasca-se-moviliza-junto-a-sare-contra-las-medidas-de-excepcion\/#primaryimage\"},\"image\":{\"@id\":\"https:\/\/sare.eus\/es\/la-mayoria-sindical-vasca-se-moviliza-junto-a-sare-contra-las-medidas-de-excepcion\/#primaryimage\"},\"thumbnailUrl\":\"https:\/\/sare.eus\/wp-content\/uploads\/2023\/06\/IMG_20230620_122747_503.jpg\",\"datePublished\":\"2023-06-20T07:07:52+00:00\",\"dateModified\":\"2023-06-20T07:09:59+00:00\",\"breadcrumb\":{\"@id\":\"https:\/\/sare.eus\/es\/la-mayoria-sindical-vasca-se-moviliza-junto-a-sare-contra-las-medidas-de-excepcion\/#breadcrumb\"},\"inLanguage\":\"es\",\"potentialAction\":[{\"@type\":\"ReadAction\",\"target\":[\"https:\/\/sare.eus\/es\/la-mayoria-sindical-vasca-se-moviliza-junto-a-sare-contra-las-medidas-de-excepcion\/\"]}]},{\"@type\":\"ImageObject\",\"inLanguage\":\"es\",\"@id\":\"https:\/\/sare.eus\/es\/la-mayoria-sindical-vasca-se-moviliza-junto-a-sare-contra-las-medidas-de-excepcion\/#primaryimage\",\"url\":\"https:\/\/sare.eus\/wp-content\/uploads\/2023\/06\/IMG_20230620_122747_503.jpg\",\"contentUrl\":\"https:\/\/sare.eus\/wp-content\/uploads\/2023\/06\/IMG_20230620_122747_503.jpg\",\"width\":1280,\"height\":720},{\"@type\":\"BreadcrumbList\",\"@id\":\"https:\/\/sare.eus\/es\/la-mayoria-sindical-vasca-se-moviliza-junto-a-sare-contra-las-medidas-de-excepcion\/#breadcrumb\",\"itemListElement\":[{\"@type\":\"ListItem\",\"position\":1,\"name\":\"Home\",\"item\":\"https:\/\/sare.eus\/\"},{\"@type\":\"ListItem\",\"position\":2,\"name\":\"La mayor\u00eda sindical vasca se moviliza junto a SARE contra las medidas de excepci\u00f3n\"}]},{\"@type\":\"WebSite\",\"@id\":\"https:\/\/sare.eus\/#website\",\"url\":\"https:\/\/sare.eus\/\",\"name\":\"Sare Herritarra\",\"description\":\"KONPONBIDEAREN ETA GIZA ESKUBIDEEN ALDEKO SARE HERRITARRA\",\"publisher\":{\"@id\":\"https:\/\/sare.eus\/#organization\"},\"potentialAction\":[{\"@type\":\"SearchAction\",\"target\":{\"@type\":\"EntryPoint\",\"urlTemplate\":\"https:\/\/sare.eus\/?s={search_term_string}\"},\"query-input\":{\"@type\":\"PropertyValueSpecification\",\"valueRequired\":true,\"valueName\":\"search_term_string\"}}],\"inLanguage\":\"es\"},{\"@type\":\"Organization\",\"@id\":\"https:\/\/sare.eus\/#organization\",\"name\":\"Sare Herritarra\",\"url\":\"https:\/\/sare.eus\/\",\"logo\":{\"@type\":\"ImageObject\",\"inLanguage\":\"es\",\"@id\":\"https:\/\/sare.eus\/#\/schema\/logo\/image\/\",\"url\":\"https:\/\/sare.eus\/wp-content\/uploads\/2021\/08\/sare.png\",\"contentUrl\":\"https:\/\/sare.eus\/wp-content\/uploads\/2021\/08\/sare.png\",\"width\":120,\"height\":142,\"caption\":\"Sare Herritarra\"},\"image\":{\"@id\":\"https:\/\/sare.eus\/#\/schema\/logo\/image\/\"}},{\"@type\":\"Person\",\"@id\":\"https:\/\/sare.eus\/#\/schema\/person\/2fe6d0df294f56313d3ab236dbe38e17\",\"name\":\"sare\",\"image\":{\"@type\":\"ImageObject\",\"inLanguage\":\"es\",\"@id\":\"https:\/\/sare.eus\/#\/schema\/person\/image\/\",\"url\":\"https:\/\/secure.gravatar.com\/avatar\/77cad838677ceb1977e7b3c878b55eaa7fa4aae2158983063b047c3ad7ef2c25?s=96&d=mm&r=g\",\"contentUrl\":\"https:\/\/secure.gravatar.com\/avatar\/77cad838677ceb1977e7b3c878b55eaa7fa4aae2158983063b047c3ad7ef2c25?s=96&d=mm&r=g\",\"caption\":\"sare\"},\"url\":\"https:\/\/sare.eus\/es\/author\/sare\/\"}]}<\/script>\n<!-- \/ Yoast SEO plugin. -->","yoast_head_json":{"title":"La mayor\u00eda sindical vasca se moviliza junto a SARE contra las medidas de excepci\u00f3n - Sare Herritarra","robots":{"index":"index","follow":"follow","max-snippet":"max-snippet:-1","max-image-preview":"max-image-preview:large","max-video-preview":"max-video-preview:-1"},"canonical":"https:\/\/sare.eus\/es\/la-mayoria-sindical-vasca-se-moviliza-junto-a-sare-contra-las-medidas-de-excepcion\/","og_locale":"es_ES","og_type":"article","og_title":"La mayor\u00eda sindical vasca se moviliza junto a SARE contra las medidas de excepci\u00f3n - Sare Herritarra","og_description":"Desde que arrancamos la din\u00e1mica Izan Bidea han sido muchas las movilizaciones que hemos llevado a cabo desde el ambito sindical. Llevamos la dinamica hasta los puestos de trabajo y [&hellip;]","og_url":"https:\/\/sare.eus\/es\/la-mayoria-sindical-vasca-se-moviliza-junto-a-sare-contra-las-medidas-de-excepcion\/","og_site_name":"Sare Herritarra","article_published_time":"2023-06-20T07:07:52+00:00","article_modified_time":"2023-06-20T07:09:59+00:00","og_image":[{"width":1280,"height":720,"url":"https:\/\/sare.eus\/wp-content\/uploads\/2023\/06\/IMG_20230620_122747_503.jpg","type":"image\/jpeg"}],"author":"sare","twitter_card":"summary_large_image","twitter_misc":{"Escrito por":"sare","Tiempo de lectura":"2 minutos"},"schema":{"@context":"https:\/\/schema.org","@graph":[{"@type":"Article","@id":"https:\/\/sare.eus\/es\/la-mayoria-sindical-vasca-se-moviliza-junto-a-sare-contra-las-medidas-de-excepcion\/#article","isPartOf":{"@id":"https:\/\/sare.eus\/es\/la-mayoria-sindical-vasca-se-moviliza-junto-a-sare-contra-las-medidas-de-excepcion\/"},"author":{"name":"sare","@id":"https:\/\/sare.eus\/#\/schema\/person\/2fe6d0df294f56313d3ab236dbe38e17"},"headline":"La mayor\u00eda sindical vasca se moviliza junto a SARE contra las medidas de excepci\u00f3n","datePublished":"2023-06-20T07:07:52+00:00","dateModified":"2023-06-20T07:09:59+00:00","mainEntityOfPage":{"@id":"https:\/\/sare.eus\/es\/la-mayoria-sindical-vasca-se-moviliza-junto-a-sare-contra-las-medidas-de-excepcion\/"},"wordCount":269,"publisher":{"@id":"https:\/\/sare.eus\/#organization"},"image":{"@id":"https:\/\/sare.eus\/es\/la-mayoria-sindical-vasca-se-moviliza-junto-a-sare-contra-las-medidas-de-excepcion\/#primaryimage"},"thumbnailUrl":"https:\/\/sare.eus\/wp-content\/uploads\/2023\/06\/IMG_20230620_122747_503.jpg","articleSection":["Leyes de Excepci\u00f3n"],"inLanguage":"es"},{"@type":"WebPage","@id":"https:\/\/sare.eus\/es\/la-mayoria-sindical-vasca-se-moviliza-junto-a-sare-contra-las-medidas-de-excepcion\/","url":"https:\/\/sare.eus\/es\/la-mayoria-sindical-vasca-se-moviliza-junto-a-sare-contra-las-medidas-de-excepcion\/","name":"La mayor\u00eda sindical vasca se moviliza junto a SARE contra las medidas de excepci\u00f3n - Sare Herritarra","isPartOf":{"@id":"https:\/\/sare.eus\/#website"},"primaryImageOfPage":{"@id":"https:\/\/sare.eus\/es\/la-mayoria-sindical-vasca-se-moviliza-junto-a-sare-contra-las-medidas-de-excepcion\/#primaryimage"},"image":{"@id":"https:\/\/sare.eus\/es\/la-mayoria-sindical-vasca-se-moviliza-junto-a-sare-contra-las-medidas-de-excepcion\/#primaryimage"},"thumbnailUrl":"https:\/\/sare.eus\/wp-content\/uploads\/2023\/06\/IMG_20230620_122747_503.jpg","datePublished":"2023-06-20T07:07:52+00:00","dateModified":"2023-06-20T07:09:59+00:00","breadcrumb":{"@id":"https:\/\/sare.eus\/es\/la-mayoria-sindical-vasca-se-moviliza-junto-a-sare-contra-las-medidas-de-excepcion\/#breadcrumb"},"inLanguage":"es","potentialAction":[{"@type":"ReadAction","target":["https:\/\/sare.eus\/es\/la-mayoria-sindical-vasca-se-moviliza-junto-a-sare-contra-las-medidas-de-excepcion\/"]}]},{"@type":"ImageObject","inLanguage":"es","@id":"https:\/\/sare.eus\/es\/la-mayoria-sindical-vasca-se-moviliza-junto-a-sare-contra-las-medidas-de-excepcion\/#primaryimage","url":"https:\/\/sare.eus\/wp-content\/uploads\/2023\/06\/IMG_20230620_122747_503.jpg","contentUrl":"https:\/\/sare.eus\/wp-content\/uploads\/2023\/06\/IMG_20230620_122747_503.jpg","width":1280,"height":720},{"@type":"BreadcrumbList","@id":"https:\/\/sare.eus\/es\/la-mayoria-sindical-vasca-se-moviliza-junto-a-sare-contra-las-medidas-de-excepcion\/#breadcrumb","itemListElement":[{"@type":"ListItem","position":1,"name":"Home","item":"https:\/\/sare.eus\/"},{"@type":"ListItem","position":2,"name":"La mayor\u00eda sindical vasca se moviliza junto a SARE contra las medidas de excepci\u00f3n"}]},{"@type":"WebSite","@id":"https:\/\/sare.eus\/#website","url":"https:\/\/sare.eus\/","name":"Sare Herritarra","description":"KONPONBIDEAREN ETA GIZA ESKUBIDEEN ALDEKO SARE HERRITARRA","publisher":{"@id":"https:\/\/sare.eus\/#organization"},"potentialAction":[{"@type":"SearchAction","target":{"@type":"EntryPoint","urlTemplate":"https:\/\/sare.eus\/?s={search_term_string}"},"query-input":{"@type":"PropertyValueSpecification","valueRequired":true,"valueName":"search_term_string"}}],"inLanguage":"es"},{"@type":"Organization","@id":"https:\/\/sare.eus\/#organization","name":"Sare Herritarra","url":"https:\/\/sare.eus\/","logo":{"@type":"ImageObject","inLanguage":"es","@id":"https:\/\/sare.eus\/#\/schema\/logo\/image\/","url":"https:\/\/sare.eus\/wp-content\/uploads\/2021\/08\/sare.png","contentUrl":"https:\/\/sare.eus\/wp-content\/uploads\/2021\/08\/sare.png","width":120,"height":142,"caption":"Sare Herritarra"},"image":{"@id":"https:\/\/sare.eus\/#\/schema\/logo\/image\/"}},{"@type":"Person","@id":"https:\/\/sare.eus\/#\/schema\/person\/2fe6d0df294f56313d3ab236dbe38e17","name":"sare","image":{"@type":"ImageObject","inLanguage":"es","@id":"https:\/\/sare.eus\/#\/schema\/person\/image\/","url":"https:\/\/secure.gravatar.com\/avatar\/77cad838677ceb1977e7b3c878b55eaa7fa4aae2158983063b047c3ad7ef2c25?s=96&d=mm&r=g","contentUrl":"https:\/\/secure.gravatar.com\/avatar\/77cad838677ceb1977e7b3c878b55eaa7fa4aae2158983063b047c3ad7ef2c25?s=96&d=mm&r=g","caption":"sare"},"url":"https:\/\/sare.eus\/es\/author\/sare\/"}]}},"_links":{"self":[{"href":"https:\/\/sare.eus\/es\/wp-json\/wp\/v2\/posts\/5253","targetHints":{"allow":["GET"]}}],"collection":[{"href":"https:\/\/sare.eus\/es\/wp-json\/wp\/v2\/posts"}],"about":[{"href":"https:\/\/sare.eus\/es\/wp-json\/wp\/v2\/types\/post"}],"author":[{"embeddable":true,"href":"https:\/\/sare.eus\/es\/wp-json\/wp\/v2\/users\/2"}],"replies":[{"embeddable":true,"href":"https:\/\/sare.eus\/es\/wp-json\/wp\/v2\/comments?post=5253"}],"version-history":[{"count":3,"href":"https:\/\/sare.eus\/es\/wp-json\/wp\/v2\/posts\/5253\/revisions"}],"predecessor-version":[{"id":5256,"href":"https:\/\/sare.eus\/es\/wp-json\/wp\/v2\/posts\/5253\/revisions\/5256"}],"wp:featuredmedia":[{"embeddable":true,"href":"https:\/\/sare.eus\/es\/wp-json\/wp\/v2\/media\/5258"}],"wp:attachment":[{"href":"https:\/\/sare.eus\/es\/wp-json\/wp\/v2\/media?parent=5253"}],"wp:term":[{"taxonomy":"category","embeddable":true,"href":"https:\/\/sare.eus\/es\/wp-json\/wp\/v2\/categories?post=5253"},{"taxonomy":"post_tag","embeddable":true,"href":"https:\/\/sare.eus\/es\/wp-json\/wp\/v2\/tags?post=5253"}],"curies":[{"name":"wp","href":"https:\/\/api.w.org\/{rel}","templated":true}]}}