{"id":5244,"date":"2023-06-15T07:44:28","date_gmt":"2023-06-15T07:44:28","guid":{"rendered":"https:\/\/sare.eus\/euskal-gehiengo-sindikala-salbuespen-neurrien-kontra-mobilizatuko-da\/"},"modified":"2023-06-15T07:54:49","modified_gmt":"2023-06-15T07:54:49","slug":"la-mayoria-sindical-vasca-se-movilizara-contra-las-medidas-de-excepcion-el-20-de-junio","status":"publish","type":"post","link":"https:\/\/sare.eus\/es\/la-mayoria-sindical-vasca-se-movilizara-contra-las-medidas-de-excepcion-el-20-de-junio\/","title":{"rendered":"LA MAYOR\u00cdA SINDICAL VASCA SE MOVILIZAR\u00c1 CONTRA LAS MEDIDAS DE EXCEPCI\u00d3N EL 20 DE JUNIO"},"content":{"rendered":"<blockquote>\n<p><strong>El 20 de junio la mayor\u00eda sindical vasca se movilizar\u00e1 junto a la red ciudadana SARE contra las medidas de excepci\u00f3n<\/strong><\/p>\n<\/blockquote>\n<p><br \/><em>\u00abEl 20 de junio, representantes de la mayor\u00eda sindical vasca (ELA, LAB, ESK, STEILAS, CGT\/LKN, CNT, HIRU eta EHNE)\u00a0nos sumaremos a las movilizaciones que llevaremos a cabo en colaboraci\u00f3n con Sare Herritarra en las capitales de Araba, Bizkaia y Gipuzkoa. Como iniciamos en la din\u00e1mica Izan Bidea, para manifestar que todav\u00eda nos toca seguir dando pasos hacia la convivencia y la soluci\u00f3n.<\/em><\/p>\n<p><em>En la din\u00e1mica Izan Bidea se llevaron a cabo un sinf\u00edn de iniciativas a lo largo y ancho de Euskal Herria y trasladamos aquella din\u00e1mica que se desarroll\u00f3 de pueblo en pueblo a los centros de trabajo, los trabajadores tambi\u00e9n aportamos nuestro fuelle a ese camino emprendido. De hecho, los sindicatos que convocamos esta convocatoria llevamos tiempo denunciando las vulneraciones que supone la legislaci\u00f3n de excepci\u00f3n y reivindicando la necesidad de cambiar la actual pol\u00edtica penitenciaria. Es importante poner en valor los pasos dados en estos dos a\u00f1os y medio; el fin del primer grado, las aproximaciones posteriores, el fin del distanciamiento, etc. Sin embargo, estos cambios se han producido gracias tanto a la activaci\u00f3n social como al acuerdo y unidad de partidos, sindicatos e instituciones. Por eso creemos imprescindible seguir desarrollando ese camino de acuerdo y activaci\u00f3n para acabar con la legislaci\u00f3n de excepci\u00f3n y acabar tambi\u00e9n con el bloqueo de la progresi\u00f3n de grado.<\/em><\/p>\n<p><em>En este sentido, animamos tanto a los trabajadores como a la ciudadan\u00eda a participar en las movilizaciones que se llevar\u00e1n a cabo el pr\u00f3ximo d\u00eda 20 de Junio en Bilbo, Donostia y Gasteiz a las 12:00 del mediod\u00eda. Porque todos tenemos que ser parte del camino, porque con esos peque\u00f1os pasos iniciados por el impulso de todos el destino es dejar atr\u00e1s la excepci\u00f3n y tener cerca el camino a casa.\u00bb<\/em><\/p>\n\n\n<figure class=\"wp-block-image size-large\"><img loading=\"lazy\" decoding=\"async\" width=\"724\" height=\"1024\" src=\"https:\/\/sare.eus\/wp-content\/uploads\/2023\/06\/EK-20_2023_Langileok-gertu-01-724x1024.jpg\" alt=\"\" class=\"wp-image-5240\" srcset=\"https:\/\/sare.eus\/wp-content\/uploads\/2023\/06\/EK-20_2023_Langileok-gertu-01-724x1024.jpg 724w, https:\/\/sare.eus\/wp-content\/uploads\/2023\/06\/EK-20_2023_Langileok-gertu-01-212x300.jpg 212w, https:\/\/sare.eus\/wp-content\/uploads\/2023\/06\/EK-20_2023_Langileok-gertu-01-768x1086.jpg 768w, https:\/\/sare.eus\/wp-content\/uploads\/2023\/06\/EK-20_2023_Langileok-gertu-01-1086x1536.jpg 1086w, https:\/\/sare.eus\/wp-content\/uploads\/2023\/06\/EK-20_2023_Langileok-gertu-01-1448x2048.jpg 1448w, https:\/\/sare.eus\/wp-content\/uploads\/2023\/06\/EK-20_2023_Langileok-gertu-01-1080x1527.jpg 1080w, https:\/\/sare.eus\/wp-content\/uploads\/2023\/06\/EK-20_2023_Langileok-gertu-01-scaled.jpg 1811w\" sizes=\"(max-width: 724px) 100vw, 724px\" \/><\/figure>\n","protected":false},"excerpt":{"rendered":"<p>El 20 de junio la mayor\u00eda sindical vasca se movilizar\u00e1 junto a la red ciudadana SARE contra las medidas de excepci\u00f3n \u00abEl 20 de junio, representantes de la mayor\u00eda sindical [&hellip;]<\/p>\n","protected":false},"author":2,"featured_media":4069,"comment_status":"closed","ping_status":"closed","sticky":false,"template":"","format":"standard","meta":{"_acf_changed":false,"_et_pb_use_builder":"off","_et_pb_old_content":"","_et_gb_content_width":"","footnotes":""},"categories":[69],"tags":[],"class_list":["post-5244","post","type-post","status-publish","format-standard","has-post-thumbnail","hentry","category-leyes-de-excepcion","et-has-post-format-content","et_post_format-et-post-format-standard"],"acf":[],"yoast_head":"<!-- This site is optimized with the Yoast SEO plugin v26.4 - https:\/\/yoast.com\/wordpress\/plugins\/seo\/ -->\n<title>LA MAYOR\u00cdA SINDICAL VASCA SE MOVILIZAR\u00c1 CONTRA LAS MEDIDAS DE EXCEPCI\u00d3N EL 20 DE JUNIO - Sare Herritarra<\/title>\n<meta name=\"robots\" content=\"index, follow, max-snippet:-1, max-image-preview:large, max-video-preview:-1\" \/>\n<link rel=\"canonical\" href=\"https:\/\/sare.eus\/es\/la-mayoria-sindical-vasca-se-movilizara-contra-las-medidas-de-excepcion-el-20-de-junio\/\" \/>\n<meta property=\"og:locale\" content=\"es_ES\" \/>\n<meta property=\"og:type\" content=\"article\" \/>\n<meta property=\"og:title\" content=\"LA MAYOR\u00cdA SINDICAL VASCA SE MOVILIZAR\u00c1 CONTRA LAS MEDIDAS DE EXCEPCI\u00d3N EL 20 DE JUNIO - Sare Herritarra\" \/>\n<meta property=\"og:description\" content=\"El 20 de junio la mayor\u00eda sindical vasca se movilizar\u00e1 junto a la red ciudadana SARE contra las medidas de excepci\u00f3n \u00abEl 20 de junio, representantes de la mayor\u00eda sindical [&hellip;]\" \/>\n<meta property=\"og:url\" content=\"https:\/\/sare.eus\/es\/la-mayoria-sindical-vasca-se-movilizara-contra-las-medidas-de-excepcion-el-20-de-junio\/\" \/>\n<meta property=\"og:site_name\" content=\"Sare Herritarra\" \/>\n<meta property=\"article:published_time\" content=\"2023-06-15T07:44:28+00:00\" \/>\n<meta property=\"article:modified_time\" content=\"2023-06-15T07:54:49+00:00\" \/>\n<meta property=\"og:image\" content=\"https:\/\/sare.eus\/wp-content\/uploads\/2022\/09\/WhatsApp-Image-2022-09-23-at-11.52.36.jpeg\" \/>\n\t<meta property=\"og:image:width\" content=\"1600\" \/>\n\t<meta property=\"og:image:height\" content=\"1200\" \/>\n\t<meta property=\"og:image:type\" content=\"image\/jpeg\" \/>\n<meta name=\"author\" content=\"sare\" \/>\n<meta name=\"twitter:card\" content=\"summary_large_image\" \/>\n<meta name=\"twitter:label1\" content=\"Escrito por\" \/>\n\t<meta name=\"twitter:data1\" content=\"sare\" \/>\n\t<meta name=\"twitter:label2\" content=\"Tiempo de lectura\" \/>\n\t<meta name=\"twitter:data2\" content=\"2 minutos\" \/>\n<script type=\"application\/ld+json\" class=\"yoast-schema-graph\">{\"@context\":\"https:\/\/schema.org\",\"@graph\":[{\"@type\":\"Article\",\"@id\":\"https:\/\/sare.eus\/es\/la-mayoria-sindical-vasca-se-movilizara-contra-las-medidas-de-excepcion-el-20-de-junio\/#article\",\"isPartOf\":{\"@id\":\"https:\/\/sare.eus\/es\/la-mayoria-sindical-vasca-se-movilizara-contra-las-medidas-de-excepcion-el-20-de-junio\/\"},\"author\":{\"name\":\"sare\",\"@id\":\"https:\/\/sare.eus\/#\/schema\/person\/2fe6d0df294f56313d3ab236dbe38e17\"},\"headline\":\"LA MAYOR\u00cdA SINDICAL VASCA SE MOVILIZAR\u00c1 CONTRA LAS MEDIDAS DE EXCEPCI\u00d3N EL 20 DE JUNIO\",\"datePublished\":\"2023-06-15T07:44:28+00:00\",\"dateModified\":\"2023-06-15T07:54:49+00:00\",\"mainEntityOfPage\":{\"@id\":\"https:\/\/sare.eus\/es\/la-mayoria-sindical-vasca-se-movilizara-contra-las-medidas-de-excepcion-el-20-de-junio\/\"},\"wordCount\":353,\"publisher\":{\"@id\":\"https:\/\/sare.eus\/#organization\"},\"image\":{\"@id\":\"https:\/\/sare.eus\/es\/la-mayoria-sindical-vasca-se-movilizara-contra-las-medidas-de-excepcion-el-20-de-junio\/#primaryimage\"},\"thumbnailUrl\":\"https:\/\/sare.eus\/wp-content\/uploads\/2022\/09\/WhatsApp-Image-2022-09-23-at-11.52.36.jpeg\",\"articleSection\":[\"Leyes de Excepci\u00f3n\"],\"inLanguage\":\"es\"},{\"@type\":\"WebPage\",\"@id\":\"https:\/\/sare.eus\/es\/la-mayoria-sindical-vasca-se-movilizara-contra-las-medidas-de-excepcion-el-20-de-junio\/\",\"url\":\"https:\/\/sare.eus\/es\/la-mayoria-sindical-vasca-se-movilizara-contra-las-medidas-de-excepcion-el-20-de-junio\/\",\"name\":\"LA MAYOR\u00cdA SINDICAL VASCA SE MOVILIZAR\u00c1 CONTRA LAS MEDIDAS DE EXCEPCI\u00d3N EL 20 DE JUNIO - Sare Herritarra\",\"isPartOf\":{\"@id\":\"https:\/\/sare.eus\/#website\"},\"primaryImageOfPage\":{\"@id\":\"https:\/\/sare.eus\/es\/la-mayoria-sindical-vasca-se-movilizara-contra-las-medidas-de-excepcion-el-20-de-junio\/#primaryimage\"},\"image\":{\"@id\":\"https:\/\/sare.eus\/es\/la-mayoria-sindical-vasca-se-movilizara-contra-las-medidas-de-excepcion-el-20-de-junio\/#primaryimage\"},\"thumbnailUrl\":\"https:\/\/sare.eus\/wp-content\/uploads\/2022\/09\/WhatsApp-Image-2022-09-23-at-11.52.36.jpeg\",\"datePublished\":\"2023-06-15T07:44:28+00:00\",\"dateModified\":\"2023-06-15T07:54:49+00:00\",\"breadcrumb\":{\"@id\":\"https:\/\/sare.eus\/es\/la-mayoria-sindical-vasca-se-movilizara-contra-las-medidas-de-excepcion-el-20-de-junio\/#breadcrumb\"},\"inLanguage\":\"es\",\"potentialAction\":[{\"@type\":\"ReadAction\",\"target\":[\"https:\/\/sare.eus\/es\/la-mayoria-sindical-vasca-se-movilizara-contra-las-medidas-de-excepcion-el-20-de-junio\/\"]}]},{\"@type\":\"ImageObject\",\"inLanguage\":\"es\",\"@id\":\"https:\/\/sare.eus\/es\/la-mayoria-sindical-vasca-se-movilizara-contra-las-medidas-de-excepcion-el-20-de-junio\/#primaryimage\",\"url\":\"https:\/\/sare.eus\/wp-content\/uploads\/2022\/09\/WhatsApp-Image-2022-09-23-at-11.52.36.jpeg\",\"contentUrl\":\"https:\/\/sare.eus\/wp-content\/uploads\/2022\/09\/WhatsApp-Image-2022-09-23-at-11.52.36.jpeg\",\"width\":1600,\"height\":1200},{\"@type\":\"BreadcrumbList\",\"@id\":\"https:\/\/sare.eus\/es\/la-mayoria-sindical-vasca-se-movilizara-contra-las-medidas-de-excepcion-el-20-de-junio\/#breadcrumb\",\"itemListElement\":[{\"@type\":\"ListItem\",\"position\":1,\"name\":\"Home\",\"item\":\"https:\/\/sare.eus\/\"},{\"@type\":\"ListItem\",\"position\":2,\"name\":\"LA MAYOR\u00cdA SINDICAL VASCA SE MOVILIZAR\u00c1 CONTRA LAS MEDIDAS DE EXCEPCI\u00d3N EL 20 DE JUNIO\"}]},{\"@type\":\"WebSite\",\"@id\":\"https:\/\/sare.eus\/#website\",\"url\":\"https:\/\/sare.eus\/\",\"name\":\"Sare Herritarra\",\"description\":\"KONPONBIDEAREN ETA GIZA ESKUBIDEEN ALDEKO SARE HERRITARRA\",\"publisher\":{\"@id\":\"https:\/\/sare.eus\/#organization\"},\"potentialAction\":[{\"@type\":\"SearchAction\",\"target\":{\"@type\":\"EntryPoint\",\"urlTemplate\":\"https:\/\/sare.eus\/?s={search_term_string}\"},\"query-input\":{\"@type\":\"PropertyValueSpecification\",\"valueRequired\":true,\"valueName\":\"search_term_string\"}}],\"inLanguage\":\"es\"},{\"@type\":\"Organization\",\"@id\":\"https:\/\/sare.eus\/#organization\",\"name\":\"Sare Herritarra\",\"url\":\"https:\/\/sare.eus\/\",\"logo\":{\"@type\":\"ImageObject\",\"inLanguage\":\"es\",\"@id\":\"https:\/\/sare.eus\/#\/schema\/logo\/image\/\",\"url\":\"https:\/\/sare.eus\/wp-content\/uploads\/2021\/08\/sare.png\",\"contentUrl\":\"https:\/\/sare.eus\/wp-content\/uploads\/2021\/08\/sare.png\",\"width\":120,\"height\":142,\"caption\":\"Sare Herritarra\"},\"image\":{\"@id\":\"https:\/\/sare.eus\/#\/schema\/logo\/image\/\"}},{\"@type\":\"Person\",\"@id\":\"https:\/\/sare.eus\/#\/schema\/person\/2fe6d0df294f56313d3ab236dbe38e17\",\"name\":\"sare\",\"image\":{\"@type\":\"ImageObject\",\"inLanguage\":\"es\",\"@id\":\"https:\/\/sare.eus\/#\/schema\/person\/image\/\",\"url\":\"https:\/\/secure.gravatar.com\/avatar\/77cad838677ceb1977e7b3c878b55eaa7fa4aae2158983063b047c3ad7ef2c25?s=96&d=mm&r=g\",\"contentUrl\":\"https:\/\/secure.gravatar.com\/avatar\/77cad838677ceb1977e7b3c878b55eaa7fa4aae2158983063b047c3ad7ef2c25?s=96&d=mm&r=g\",\"caption\":\"sare\"},\"url\":\"https:\/\/sare.eus\/es\/author\/sare\/\"}]}<\/script>\n<!-- \/ Yoast SEO plugin. -->","yoast_head_json":{"title":"LA MAYOR\u00cdA SINDICAL VASCA SE MOVILIZAR\u00c1 CONTRA LAS MEDIDAS DE EXCEPCI\u00d3N EL 20 DE JUNIO - Sare Herritarra","robots":{"index":"index","follow":"follow","max-snippet":"max-snippet:-1","max-image-preview":"max-image-preview:large","max-video-preview":"max-video-preview:-1"},"canonical":"https:\/\/sare.eus\/es\/la-mayoria-sindical-vasca-se-movilizara-contra-las-medidas-de-excepcion-el-20-de-junio\/","og_locale":"es_ES","og_type":"article","og_title":"LA MAYOR\u00cdA SINDICAL VASCA SE MOVILIZAR\u00c1 CONTRA LAS MEDIDAS DE EXCEPCI\u00d3N EL 20 DE JUNIO - Sare Herritarra","og_description":"El 20 de junio la mayor\u00eda sindical vasca se movilizar\u00e1 junto a la red ciudadana SARE contra las medidas de excepci\u00f3n \u00abEl 20 de junio, representantes de la mayor\u00eda sindical [&hellip;]","og_url":"https:\/\/sare.eus\/es\/la-mayoria-sindical-vasca-se-movilizara-contra-las-medidas-de-excepcion-el-20-de-junio\/","og_site_name":"Sare Herritarra","article_published_time":"2023-06-15T07:44:28+00:00","article_modified_time":"2023-06-15T07:54:49+00:00","og_image":[{"width":1600,"height":1200,"url":"https:\/\/sare.eus\/wp-content\/uploads\/2022\/09\/WhatsApp-Image-2022-09-23-at-11.52.36.jpeg","type":"image\/jpeg"}],"author":"sare","twitter_card":"summary_large_image","twitter_misc":{"Escrito por":"sare","Tiempo de lectura":"2 minutos"},"schema":{"@context":"https:\/\/schema.org","@graph":[{"@type":"Article","@id":"https:\/\/sare.eus\/es\/la-mayoria-sindical-vasca-se-movilizara-contra-las-medidas-de-excepcion-el-20-de-junio\/#article","isPartOf":{"@id":"https:\/\/sare.eus\/es\/la-mayoria-sindical-vasca-se-movilizara-contra-las-medidas-de-excepcion-el-20-de-junio\/"},"author":{"name":"sare","@id":"https:\/\/sare.eus\/#\/schema\/person\/2fe6d0df294f56313d3ab236dbe38e17"},"headline":"LA MAYOR\u00cdA SINDICAL VASCA SE MOVILIZAR\u00c1 CONTRA LAS MEDIDAS DE EXCEPCI\u00d3N EL 20 DE JUNIO","datePublished":"2023-06-15T07:44:28+00:00","dateModified":"2023-06-15T07:54:49+00:00","mainEntityOfPage":{"@id":"https:\/\/sare.eus\/es\/la-mayoria-sindical-vasca-se-movilizara-contra-las-medidas-de-excepcion-el-20-de-junio\/"},"wordCount":353,"publisher":{"@id":"https:\/\/sare.eus\/#organization"},"image":{"@id":"https:\/\/sare.eus\/es\/la-mayoria-sindical-vasca-se-movilizara-contra-las-medidas-de-excepcion-el-20-de-junio\/#primaryimage"},"thumbnailUrl":"https:\/\/sare.eus\/wp-content\/uploads\/2022\/09\/WhatsApp-Image-2022-09-23-at-11.52.36.jpeg","articleSection":["Leyes de Excepci\u00f3n"],"inLanguage":"es"},{"@type":"WebPage","@id":"https:\/\/sare.eus\/es\/la-mayoria-sindical-vasca-se-movilizara-contra-las-medidas-de-excepcion-el-20-de-junio\/","url":"https:\/\/sare.eus\/es\/la-mayoria-sindical-vasca-se-movilizara-contra-las-medidas-de-excepcion-el-20-de-junio\/","name":"LA MAYOR\u00cdA SINDICAL VASCA SE MOVILIZAR\u00c1 CONTRA LAS MEDIDAS DE EXCEPCI\u00d3N EL 20 DE JUNIO - Sare Herritarra","isPartOf":{"@id":"https:\/\/sare.eus\/#website"},"primaryImageOfPage":{"@id":"https:\/\/sare.eus\/es\/la-mayoria-sindical-vasca-se-movilizara-contra-las-medidas-de-excepcion-el-20-de-junio\/#primaryimage"},"image":{"@id":"https:\/\/sare.eus\/es\/la-mayoria-sindical-vasca-se-movilizara-contra-las-medidas-de-excepcion-el-20-de-junio\/#primaryimage"},"thumbnailUrl":"https:\/\/sare.eus\/wp-content\/uploads\/2022\/09\/WhatsApp-Image-2022-09-23-at-11.52.36.jpeg","datePublished":"2023-06-15T07:44:28+00:00","dateModified":"2023-06-15T07:54:49+00:00","breadcrumb":{"@id":"https:\/\/sare.eus\/es\/la-mayoria-sindical-vasca-se-movilizara-contra-las-medidas-de-excepcion-el-20-de-junio\/#breadcrumb"},"inLanguage":"es","potentialAction":[{"@type":"ReadAction","target":["https:\/\/sare.eus\/es\/la-mayoria-sindical-vasca-se-movilizara-contra-las-medidas-de-excepcion-el-20-de-junio\/"]}]},{"@type":"ImageObject","inLanguage":"es","@id":"https:\/\/sare.eus\/es\/la-mayoria-sindical-vasca-se-movilizara-contra-las-medidas-de-excepcion-el-20-de-junio\/#primaryimage","url":"https:\/\/sare.eus\/wp-content\/uploads\/2022\/09\/WhatsApp-Image-2022-09-23-at-11.52.36.jpeg","contentUrl":"https:\/\/sare.eus\/wp-content\/uploads\/2022\/09\/WhatsApp-Image-2022-09-23-at-11.52.36.jpeg","width":1600,"height":1200},{"@type":"BreadcrumbList","@id":"https:\/\/sare.eus\/es\/la-mayoria-sindical-vasca-se-movilizara-contra-las-medidas-de-excepcion-el-20-de-junio\/#breadcrumb","itemListElement":[{"@type":"ListItem","position":1,"name":"Home","item":"https:\/\/sare.eus\/"},{"@type":"ListItem","position":2,"name":"LA MAYOR\u00cdA SINDICAL VASCA SE MOVILIZAR\u00c1 CONTRA LAS MEDIDAS DE EXCEPCI\u00d3N EL 20 DE JUNIO"}]},{"@type":"WebSite","@id":"https:\/\/sare.eus\/#website","url":"https:\/\/sare.eus\/","name":"Sare Herritarra","description":"KONPONBIDEAREN ETA GIZA ESKUBIDEEN ALDEKO SARE HERRITARRA","publisher":{"@id":"https:\/\/sare.eus\/#organization"},"potentialAction":[{"@type":"SearchAction","target":{"@type":"EntryPoint","urlTemplate":"https:\/\/sare.eus\/?s={search_term_string}"},"query-input":{"@type":"PropertyValueSpecification","valueRequired":true,"valueName":"search_term_string"}}],"inLanguage":"es"},{"@type":"Organization","@id":"https:\/\/sare.eus\/#organization","name":"Sare Herritarra","url":"https:\/\/sare.eus\/","logo":{"@type":"ImageObject","inLanguage":"es","@id":"https:\/\/sare.eus\/#\/schema\/logo\/image\/","url":"https:\/\/sare.eus\/wp-content\/uploads\/2021\/08\/sare.png","contentUrl":"https:\/\/sare.eus\/wp-content\/uploads\/2021\/08\/sare.png","width":120,"height":142,"caption":"Sare Herritarra"},"image":{"@id":"https:\/\/sare.eus\/#\/schema\/logo\/image\/"}},{"@type":"Person","@id":"https:\/\/sare.eus\/#\/schema\/person\/2fe6d0df294f56313d3ab236dbe38e17","name":"sare","image":{"@type":"ImageObject","inLanguage":"es","@id":"https:\/\/sare.eus\/#\/schema\/person\/image\/","url":"https:\/\/secure.gravatar.com\/avatar\/77cad838677ceb1977e7b3c878b55eaa7fa4aae2158983063b047c3ad7ef2c25?s=96&d=mm&r=g","contentUrl":"https:\/\/secure.gravatar.com\/avatar\/77cad838677ceb1977e7b3c878b55eaa7fa4aae2158983063b047c3ad7ef2c25?s=96&d=mm&r=g","caption":"sare"},"url":"https:\/\/sare.eus\/es\/author\/sare\/"}]}},"_links":{"self":[{"href":"https:\/\/sare.eus\/es\/wp-json\/wp\/v2\/posts\/5244","targetHints":{"allow":["GET"]}}],"collection":[{"href":"https:\/\/sare.eus\/es\/wp-json\/wp\/v2\/posts"}],"about":[{"href":"https:\/\/sare.eus\/es\/wp-json\/wp\/v2\/types\/post"}],"author":[{"embeddable":true,"href":"https:\/\/sare.eus\/es\/wp-json\/wp\/v2\/users\/2"}],"replies":[{"embeddable":true,"href":"https:\/\/sare.eus\/es\/wp-json\/wp\/v2\/comments?post=5244"}],"version-history":[{"count":3,"href":"https:\/\/sare.eus\/es\/wp-json\/wp\/v2\/posts\/5244\/revisions"}],"predecessor-version":[{"id":5248,"href":"https:\/\/sare.eus\/es\/wp-json\/wp\/v2\/posts\/5244\/revisions\/5248"}],"wp:featuredmedia":[{"embeddable":true,"href":"https:\/\/sare.eus\/es\/wp-json\/wp\/v2\/media\/4069"}],"wp:attachment":[{"href":"https:\/\/sare.eus\/es\/wp-json\/wp\/v2\/media?parent=5244"}],"wp:term":[{"taxonomy":"category","embeddable":true,"href":"https:\/\/sare.eus\/es\/wp-json\/wp\/v2\/categories?post=5244"},{"taxonomy":"post_tag","embeddable":true,"href":"https:\/\/sare.eus\/es\/wp-json\/wp\/v2\/tags?post=5244"}],"curies":[{"name":"wp","href":"https:\/\/api.w.org\/{rel}","templated":true}]}}