{"id":5209,"date":"2023-05-31T15:24:59","date_gmt":"2023-05-31T15:24:59","guid":{"rendered":"https:\/\/sare.eus\/oharra-aitor-zelaia-eta-galder-barbadoren-aurkako-azken-epaia-dela-eta\/"},"modified":"2023-05-31T15:28:12","modified_gmt":"2023-05-31T15:28:12","slug":"ante-la-sentencia-contra-aitor-zelaia-y-galder-barbado","status":"publish","type":"post","link":"https:\/\/sare.eus\/es\/ante-la-sentencia-contra-aitor-zelaia-y-galder-barbado\/","title":{"rendered":"NOTA: Ante la sentencia contra Aitor Zelaia y Galder Barbado"},"content":{"rendered":"<p>La semana pasada conocimos la \u00faltima sentencia contra los j\u00f3venes Alaveses Aitor y Galder.<\/p>\n<p>El Tribunal Supremo ha confirmado la condena de 4 a\u00f1os de c\u00e1rcel que les impuso la Audiencia Nacional, Sare, ya denunci\u00f3 desde el primer momento esta trayectoria jur\u00eddica que empez\u00f3 hace ya cinco a\u00f1os y denunciamos tambi\u00e9n esta \u00faltima sentencia impuesta a Galder y Aitor. Una sentencia que supone dar pasos hacia atr\u00e1s, es una condena sin ning\u00fan sentido en este momento en el que estamos intentando superar la pol\u00edtica de excepci\u00f3n.<\/p>\n<p>A pesar de que han pasado 12 a\u00f1os desde que ETA decidiera poner fin a su actividad armada y cinco a\u00f1os desde su disoluci\u00f3n, hay quienes tratan de mantener un conflicto permanente.<\/p>\n<p>A pesar de que Galder y Aitor manifiestan claramente ante el juez su adhesi\u00f3n a la estrategia no violenta, y tras un juicio sin pruebas firmes, denunciamos la pr\u00e1ctica de la justicia utilizada como instrumento de venganza, sin tener en cuenta la etapa de esperanza que se abri\u00f3 hace 12 a\u00f1os. La actitud de perpetuar el fantasma de la violencia que se ha prolongado durante a\u00f1os es evidente.<\/p>\n<p>Ahora que estamos dando pasos para dar salida a la problem\u00e1tica penitenciaria y acabar con todos los sufrimientos, este tipo de sentencias no tienen cabida. Llenar las prisiones no tiene ninguna v\u00eda en el camino hacia la convivencia y la paz.<\/p>\n<p>A pesar de ello, o precisamente por ello, desde la red ciudadana SARE manifestamos nuestra voluntad de seguir trabajando por la paz, la convivencia y la soluci\u00f3n, que es lo que la inmensa mayor\u00eda de la sociedad vasca nos demanda a todos.<\/p>\n<p>Sare se suma a las movilizaciones que se convocar\u00e1n en los pr\u00f3ximos d\u00edas para denunciar esta sentencia.<\/p>\n","protected":false},"excerpt":{"rendered":"<p>La semana pasada conocimos la \u00faltima sentencia contra los j\u00f3venes Alaveses Aitor y Galder. El Tribunal Supremo ha confirmado la condena de 4 a\u00f1os de c\u00e1rcel que les impuso la [&hellip;]<\/p>\n","protected":false},"author":2,"featured_media":5210,"comment_status":"closed","ping_status":"closed","sticky":false,"template":"","format":"standard","meta":{"_acf_changed":false,"_et_pb_use_builder":"off","_et_pb_old_content":"","_et_gb_content_width":"","footnotes":""},"categories":[69],"tags":[],"class_list":["post-5209","post","type-post","status-publish","format-standard","has-post-thumbnail","hentry","category-leyes-de-excepcion","et-has-post-format-content","et_post_format-et-post-format-standard"],"acf":[],"yoast_head":"<!-- This site is optimized with the Yoast SEO plugin v26.4 - https:\/\/yoast.com\/wordpress\/plugins\/seo\/ -->\n<title>NOTA: Ante la sentencia contra Aitor Zelaia y Galder Barbado - Sare Herritarra<\/title>\n<meta name=\"robots\" content=\"index, follow, max-snippet:-1, max-image-preview:large, max-video-preview:-1\" \/>\n<link rel=\"canonical\" href=\"https:\/\/sare.eus\/es\/ante-la-sentencia-contra-aitor-zelaia-y-galder-barbado\/\" \/>\n<meta property=\"og:locale\" content=\"es_ES\" \/>\n<meta property=\"og:type\" content=\"article\" \/>\n<meta property=\"og:title\" content=\"NOTA: Ante la sentencia contra Aitor Zelaia y Galder Barbado - Sare Herritarra\" \/>\n<meta property=\"og:description\" content=\"La semana pasada conocimos la \u00faltima sentencia contra los j\u00f3venes Alaveses Aitor y Galder. El Tribunal Supremo ha confirmado la condena de 4 a\u00f1os de c\u00e1rcel que les impuso la [&hellip;]\" \/>\n<meta property=\"og:url\" content=\"https:\/\/sare.eus\/es\/ante-la-sentencia-contra-aitor-zelaia-y-galder-barbado\/\" \/>\n<meta property=\"og:site_name\" content=\"Sare Herritarra\" \/>\n<meta property=\"article:published_time\" content=\"2023-05-31T15:24:59+00:00\" \/>\n<meta property=\"article:modified_time\" content=\"2023-05-31T15:28:12+00:00\" \/>\n<meta property=\"og:image\" content=\"https:\/\/sare.eus\/wp-content\/uploads\/2023\/05\/OHARRAK-NOTA-WEBGUNEAN-JARTZEKO_02-scaled.jpg\" \/>\n\t<meta property=\"og:image:width\" content=\"2560\" \/>\n\t<meta property=\"og:image:height\" content=\"1920\" \/>\n\t<meta property=\"og:image:type\" content=\"image\/jpeg\" \/>\n<meta name=\"author\" content=\"sare\" \/>\n<meta name=\"twitter:card\" content=\"summary_large_image\" \/>\n<meta name=\"twitter:label1\" content=\"Escrito por\" \/>\n\t<meta name=\"twitter:data1\" content=\"sare\" \/>\n\t<meta name=\"twitter:label2\" content=\"Tiempo de lectura\" \/>\n\t<meta name=\"twitter:data2\" content=\"2 minutos\" \/>\n<script type=\"application\/ld+json\" class=\"yoast-schema-graph\">{\"@context\":\"https:\/\/schema.org\",\"@graph\":[{\"@type\":\"Article\",\"@id\":\"https:\/\/sare.eus\/es\/ante-la-sentencia-contra-aitor-zelaia-y-galder-barbado\/#article\",\"isPartOf\":{\"@id\":\"https:\/\/sare.eus\/es\/ante-la-sentencia-contra-aitor-zelaia-y-galder-barbado\/\"},\"author\":{\"name\":\"sare\",\"@id\":\"https:\/\/sare.eus\/#\/schema\/person\/2fe6d0df294f56313d3ab236dbe38e17\"},\"headline\":\"NOTA: Ante la sentencia contra Aitor Zelaia y Galder Barbado\",\"datePublished\":\"2023-05-31T15:24:59+00:00\",\"dateModified\":\"2023-05-31T15:28:12+00:00\",\"mainEntityOfPage\":{\"@id\":\"https:\/\/sare.eus\/es\/ante-la-sentencia-contra-aitor-zelaia-y-galder-barbado\/\"},\"wordCount\":317,\"publisher\":{\"@id\":\"https:\/\/sare.eus\/#organization\"},\"image\":{\"@id\":\"https:\/\/sare.eus\/es\/ante-la-sentencia-contra-aitor-zelaia-y-galder-barbado\/#primaryimage\"},\"thumbnailUrl\":\"https:\/\/sare.eus\/wp-content\/uploads\/2023\/05\/OHARRAK-NOTA-WEBGUNEAN-JARTZEKO_02-scaled.jpg\",\"articleSection\":[\"Leyes de Excepci\u00f3n\"],\"inLanguage\":\"es\"},{\"@type\":\"WebPage\",\"@id\":\"https:\/\/sare.eus\/es\/ante-la-sentencia-contra-aitor-zelaia-y-galder-barbado\/\",\"url\":\"https:\/\/sare.eus\/es\/ante-la-sentencia-contra-aitor-zelaia-y-galder-barbado\/\",\"name\":\"NOTA: Ante la sentencia contra Aitor Zelaia y Galder Barbado - Sare Herritarra\",\"isPartOf\":{\"@id\":\"https:\/\/sare.eus\/#website\"},\"primaryImageOfPage\":{\"@id\":\"https:\/\/sare.eus\/es\/ante-la-sentencia-contra-aitor-zelaia-y-galder-barbado\/#primaryimage\"},\"image\":{\"@id\":\"https:\/\/sare.eus\/es\/ante-la-sentencia-contra-aitor-zelaia-y-galder-barbado\/#primaryimage\"},\"thumbnailUrl\":\"https:\/\/sare.eus\/wp-content\/uploads\/2023\/05\/OHARRAK-NOTA-WEBGUNEAN-JARTZEKO_02-scaled.jpg\",\"datePublished\":\"2023-05-31T15:24:59+00:00\",\"dateModified\":\"2023-05-31T15:28:12+00:00\",\"breadcrumb\":{\"@id\":\"https:\/\/sare.eus\/es\/ante-la-sentencia-contra-aitor-zelaia-y-galder-barbado\/#breadcrumb\"},\"inLanguage\":\"es\",\"potentialAction\":[{\"@type\":\"ReadAction\",\"target\":[\"https:\/\/sare.eus\/es\/ante-la-sentencia-contra-aitor-zelaia-y-galder-barbado\/\"]}]},{\"@type\":\"ImageObject\",\"inLanguage\":\"es\",\"@id\":\"https:\/\/sare.eus\/es\/ante-la-sentencia-contra-aitor-zelaia-y-galder-barbado\/#primaryimage\",\"url\":\"https:\/\/sare.eus\/wp-content\/uploads\/2023\/05\/OHARRAK-NOTA-WEBGUNEAN-JARTZEKO_02-scaled.jpg\",\"contentUrl\":\"https:\/\/sare.eus\/wp-content\/uploads\/2023\/05\/OHARRAK-NOTA-WEBGUNEAN-JARTZEKO_02-scaled.jpg\",\"width\":2560,\"height\":1920},{\"@type\":\"BreadcrumbList\",\"@id\":\"https:\/\/sare.eus\/es\/ante-la-sentencia-contra-aitor-zelaia-y-galder-barbado\/#breadcrumb\",\"itemListElement\":[{\"@type\":\"ListItem\",\"position\":1,\"name\":\"Home\",\"item\":\"https:\/\/sare.eus\/\"},{\"@type\":\"ListItem\",\"position\":2,\"name\":\"NOTA: Ante la sentencia contra Aitor Zelaia y Galder Barbado\"}]},{\"@type\":\"WebSite\",\"@id\":\"https:\/\/sare.eus\/#website\",\"url\":\"https:\/\/sare.eus\/\",\"name\":\"Sare Herritarra\",\"description\":\"KONPONBIDEAREN ETA GIZA ESKUBIDEEN ALDEKO SARE HERRITARRA\",\"publisher\":{\"@id\":\"https:\/\/sare.eus\/#organization\"},\"potentialAction\":[{\"@type\":\"SearchAction\",\"target\":{\"@type\":\"EntryPoint\",\"urlTemplate\":\"https:\/\/sare.eus\/?s={search_term_string}\"},\"query-input\":{\"@type\":\"PropertyValueSpecification\",\"valueRequired\":true,\"valueName\":\"search_term_string\"}}],\"inLanguage\":\"es\"},{\"@type\":\"Organization\",\"@id\":\"https:\/\/sare.eus\/#organization\",\"name\":\"Sare Herritarra\",\"url\":\"https:\/\/sare.eus\/\",\"logo\":{\"@type\":\"ImageObject\",\"inLanguage\":\"es\",\"@id\":\"https:\/\/sare.eus\/#\/schema\/logo\/image\/\",\"url\":\"https:\/\/sare.eus\/wp-content\/uploads\/2021\/08\/sare.png\",\"contentUrl\":\"https:\/\/sare.eus\/wp-content\/uploads\/2021\/08\/sare.png\",\"width\":120,\"height\":142,\"caption\":\"Sare Herritarra\"},\"image\":{\"@id\":\"https:\/\/sare.eus\/#\/schema\/logo\/image\/\"}},{\"@type\":\"Person\",\"@id\":\"https:\/\/sare.eus\/#\/schema\/person\/2fe6d0df294f56313d3ab236dbe38e17\",\"name\":\"sare\",\"image\":{\"@type\":\"ImageObject\",\"inLanguage\":\"es\",\"@id\":\"https:\/\/sare.eus\/#\/schema\/person\/image\/\",\"url\":\"https:\/\/secure.gravatar.com\/avatar\/77cad838677ceb1977e7b3c878b55eaa7fa4aae2158983063b047c3ad7ef2c25?s=96&d=mm&r=g\",\"contentUrl\":\"https:\/\/secure.gravatar.com\/avatar\/77cad838677ceb1977e7b3c878b55eaa7fa4aae2158983063b047c3ad7ef2c25?s=96&d=mm&r=g\",\"caption\":\"sare\"},\"url\":\"https:\/\/sare.eus\/es\/author\/sare\/\"}]}<\/script>\n<!-- \/ Yoast SEO plugin. -->","yoast_head_json":{"title":"NOTA: Ante la sentencia contra Aitor Zelaia y Galder Barbado - Sare Herritarra","robots":{"index":"index","follow":"follow","max-snippet":"max-snippet:-1","max-image-preview":"max-image-preview:large","max-video-preview":"max-video-preview:-1"},"canonical":"https:\/\/sare.eus\/es\/ante-la-sentencia-contra-aitor-zelaia-y-galder-barbado\/","og_locale":"es_ES","og_type":"article","og_title":"NOTA: Ante la sentencia contra Aitor Zelaia y Galder Barbado - Sare Herritarra","og_description":"La semana pasada conocimos la \u00faltima sentencia contra los j\u00f3venes Alaveses Aitor y Galder. El Tribunal Supremo ha confirmado la condena de 4 a\u00f1os de c\u00e1rcel que les impuso la [&hellip;]","og_url":"https:\/\/sare.eus\/es\/ante-la-sentencia-contra-aitor-zelaia-y-galder-barbado\/","og_site_name":"Sare Herritarra","article_published_time":"2023-05-31T15:24:59+00:00","article_modified_time":"2023-05-31T15:28:12+00:00","og_image":[{"width":2560,"height":1920,"url":"https:\/\/sare.eus\/wp-content\/uploads\/2023\/05\/OHARRAK-NOTA-WEBGUNEAN-JARTZEKO_02-scaled.jpg","type":"image\/jpeg"}],"author":"sare","twitter_card":"summary_large_image","twitter_misc":{"Escrito por":"sare","Tiempo de lectura":"2 minutos"},"schema":{"@context":"https:\/\/schema.org","@graph":[{"@type":"Article","@id":"https:\/\/sare.eus\/es\/ante-la-sentencia-contra-aitor-zelaia-y-galder-barbado\/#article","isPartOf":{"@id":"https:\/\/sare.eus\/es\/ante-la-sentencia-contra-aitor-zelaia-y-galder-barbado\/"},"author":{"name":"sare","@id":"https:\/\/sare.eus\/#\/schema\/person\/2fe6d0df294f56313d3ab236dbe38e17"},"headline":"NOTA: Ante la sentencia contra Aitor Zelaia y Galder Barbado","datePublished":"2023-05-31T15:24:59+00:00","dateModified":"2023-05-31T15:28:12+00:00","mainEntityOfPage":{"@id":"https:\/\/sare.eus\/es\/ante-la-sentencia-contra-aitor-zelaia-y-galder-barbado\/"},"wordCount":317,"publisher":{"@id":"https:\/\/sare.eus\/#organization"},"image":{"@id":"https:\/\/sare.eus\/es\/ante-la-sentencia-contra-aitor-zelaia-y-galder-barbado\/#primaryimage"},"thumbnailUrl":"https:\/\/sare.eus\/wp-content\/uploads\/2023\/05\/OHARRAK-NOTA-WEBGUNEAN-JARTZEKO_02-scaled.jpg","articleSection":["Leyes de Excepci\u00f3n"],"inLanguage":"es"},{"@type":"WebPage","@id":"https:\/\/sare.eus\/es\/ante-la-sentencia-contra-aitor-zelaia-y-galder-barbado\/","url":"https:\/\/sare.eus\/es\/ante-la-sentencia-contra-aitor-zelaia-y-galder-barbado\/","name":"NOTA: Ante la sentencia contra Aitor Zelaia y Galder Barbado - Sare Herritarra","isPartOf":{"@id":"https:\/\/sare.eus\/#website"},"primaryImageOfPage":{"@id":"https:\/\/sare.eus\/es\/ante-la-sentencia-contra-aitor-zelaia-y-galder-barbado\/#primaryimage"},"image":{"@id":"https:\/\/sare.eus\/es\/ante-la-sentencia-contra-aitor-zelaia-y-galder-barbado\/#primaryimage"},"thumbnailUrl":"https:\/\/sare.eus\/wp-content\/uploads\/2023\/05\/OHARRAK-NOTA-WEBGUNEAN-JARTZEKO_02-scaled.jpg","datePublished":"2023-05-31T15:24:59+00:00","dateModified":"2023-05-31T15:28:12+00:00","breadcrumb":{"@id":"https:\/\/sare.eus\/es\/ante-la-sentencia-contra-aitor-zelaia-y-galder-barbado\/#breadcrumb"},"inLanguage":"es","potentialAction":[{"@type":"ReadAction","target":["https:\/\/sare.eus\/es\/ante-la-sentencia-contra-aitor-zelaia-y-galder-barbado\/"]}]},{"@type":"ImageObject","inLanguage":"es","@id":"https:\/\/sare.eus\/es\/ante-la-sentencia-contra-aitor-zelaia-y-galder-barbado\/#primaryimage","url":"https:\/\/sare.eus\/wp-content\/uploads\/2023\/05\/OHARRAK-NOTA-WEBGUNEAN-JARTZEKO_02-scaled.jpg","contentUrl":"https:\/\/sare.eus\/wp-content\/uploads\/2023\/05\/OHARRAK-NOTA-WEBGUNEAN-JARTZEKO_02-scaled.jpg","width":2560,"height":1920},{"@type":"BreadcrumbList","@id":"https:\/\/sare.eus\/es\/ante-la-sentencia-contra-aitor-zelaia-y-galder-barbado\/#breadcrumb","itemListElement":[{"@type":"ListItem","position":1,"name":"Home","item":"https:\/\/sare.eus\/"},{"@type":"ListItem","position":2,"name":"NOTA: Ante la sentencia contra Aitor Zelaia y Galder Barbado"}]},{"@type":"WebSite","@id":"https:\/\/sare.eus\/#website","url":"https:\/\/sare.eus\/","name":"Sare Herritarra","description":"KONPONBIDEAREN ETA GIZA ESKUBIDEEN ALDEKO SARE HERRITARRA","publisher":{"@id":"https:\/\/sare.eus\/#organization"},"potentialAction":[{"@type":"SearchAction","target":{"@type":"EntryPoint","urlTemplate":"https:\/\/sare.eus\/?s={search_term_string}"},"query-input":{"@type":"PropertyValueSpecification","valueRequired":true,"valueName":"search_term_string"}}],"inLanguage":"es"},{"@type":"Organization","@id":"https:\/\/sare.eus\/#organization","name":"Sare Herritarra","url":"https:\/\/sare.eus\/","logo":{"@type":"ImageObject","inLanguage":"es","@id":"https:\/\/sare.eus\/#\/schema\/logo\/image\/","url":"https:\/\/sare.eus\/wp-content\/uploads\/2021\/08\/sare.png","contentUrl":"https:\/\/sare.eus\/wp-content\/uploads\/2021\/08\/sare.png","width":120,"height":142,"caption":"Sare Herritarra"},"image":{"@id":"https:\/\/sare.eus\/#\/schema\/logo\/image\/"}},{"@type":"Person","@id":"https:\/\/sare.eus\/#\/schema\/person\/2fe6d0df294f56313d3ab236dbe38e17","name":"sare","image":{"@type":"ImageObject","inLanguage":"es","@id":"https:\/\/sare.eus\/#\/schema\/person\/image\/","url":"https:\/\/secure.gravatar.com\/avatar\/77cad838677ceb1977e7b3c878b55eaa7fa4aae2158983063b047c3ad7ef2c25?s=96&d=mm&r=g","contentUrl":"https:\/\/secure.gravatar.com\/avatar\/77cad838677ceb1977e7b3c878b55eaa7fa4aae2158983063b047c3ad7ef2c25?s=96&d=mm&r=g","caption":"sare"},"url":"https:\/\/sare.eus\/es\/author\/sare\/"}]}},"_links":{"self":[{"href":"https:\/\/sare.eus\/es\/wp-json\/wp\/v2\/posts\/5209","targetHints":{"allow":["GET"]}}],"collection":[{"href":"https:\/\/sare.eus\/es\/wp-json\/wp\/v2\/posts"}],"about":[{"href":"https:\/\/sare.eus\/es\/wp-json\/wp\/v2\/types\/post"}],"author":[{"embeddable":true,"href":"https:\/\/sare.eus\/es\/wp-json\/wp\/v2\/users\/2"}],"replies":[{"embeddable":true,"href":"https:\/\/sare.eus\/es\/wp-json\/wp\/v2\/comments?post=5209"}],"version-history":[{"count":2,"href":"https:\/\/sare.eus\/es\/wp-json\/wp\/v2\/posts\/5209\/revisions"}],"predecessor-version":[{"id":5213,"href":"https:\/\/sare.eus\/es\/wp-json\/wp\/v2\/posts\/5209\/revisions\/5213"}],"wp:featuredmedia":[{"embeddable":true,"href":"https:\/\/sare.eus\/es\/wp-json\/wp\/v2\/media\/5210"}],"wp:attachment":[{"href":"https:\/\/sare.eus\/es\/wp-json\/wp\/v2\/media?parent=5209"}],"wp:term":[{"taxonomy":"category","embeddable":true,"href":"https:\/\/sare.eus\/es\/wp-json\/wp\/v2\/categories?post=5209"},{"taxonomy":"post_tag","embeddable":true,"href":"https:\/\/sare.eus\/es\/wp-json\/wp\/v2\/tags?post=5209"}],"curies":[{"name":"wp","href":"https:\/\/api.w.org\/{rel}","templated":true}]}}