{"id":5194,"date":"2023-04-29T11:18:49","date_gmt":"2023-04-29T11:18:49","guid":{"rendered":"https:\/\/sare.eus\/?p=5194"},"modified":"2023-04-29T12:53:34","modified_gmt":"2023-04-29T12:53:34","slug":"sare-herritar-sarea-etapa-berri-baten-aurrean","status":"publish","type":"post","link":"https:\/\/sare.eus\/es\/sare-herritar-sarea-etapa-berri-baten-aurrean\/","title":{"rendered":"La red ciudadana SARE, ante una nueva etapa"},"content":{"rendered":"<p class=\"western\" align=\"justify\"><span style=\"font-family: Matter, monospace;\"><span style=\"font-size: medium;\">1. La sociedad vasca ha venido reclamando durante m\u00e1s de 34 a\u00f1os el fin de la pol\u00edtica de alejamiento, por considerarla cruel e inhumana<\/span><\/span> <span style=\"font-family: Matter, monospace;\"><span style=\"font-size: medium;\">al mantener a los presos y presas vascos lejos de su domicilio habitual, de sus familias y entorno vital<\/span><\/span><span style=\"font-family: Matter, monospace;\"><span style=\"font-size: medium;\">;<\/span><\/span><span style=\"font-family: Matter, monospace;\"><span style=\"font-size: medium;\"> y por ser adem\u00e1s una pol\u00edtica contraria a los derechos fundamentales, de acuerdo con una jurisprudencia ya consolidada del Tribunal Europeo de Derechos Humanos. Una pol\u00edtica penitenciaria causante de mucho dolor y sufrimiento, que nos exige a todos\/as, la reparaci\u00f3n de quienes fueron v\u00edctimas de la misma.<\/span><\/span><\/p>\n<p class=\"western\" align=\"justify\"><span style=\"font-family: Matter, monospace;\"><span style=\"font-size: medium;\">2. La superaci\u00f3n de esta pol\u00edtica de alejamiento, sin embargo,<\/span><\/span> <span style=\"font-family: Matter, monospace;\"><span style=\"font-size: medium;\">no ha <\/span><\/span><span style=\"font-family: Matter, monospace;\"><span style=\"font-size: medium;\">tra\u00eddo<\/span><\/span><span style=\"font-family: Matter, monospace;\"><span style=\"font-size: medium;\"> consigo el fin de la vulneraci\u00f3n de los derechos de los presos y presas vascos<\/span><\/span><span style=\"font-family: Matter, monospace;\"><span style=\"font-size: medium;\">. <\/span><\/span><span style=\"font-family: Matter, monospace;\"><span style=\"font-size: medium;\">Estamos viendo que la pol\u00edtica penitenciaria se est\u00e1 enfrentando a nuevos problemas suscitados por la fiscal\u00eda y los tribunales de justicia, convertidos en un poder pol\u00edtico en <\/span><\/span><span style=\"font-family: Matter, monospace;\"><span style=\"font-size: medium;\">s\u00ed mismo<\/span><\/span><span style=\"font-family: Matter, monospace;\"><span style=\"font-size: medium;\">. Una parte de ellos est\u00e1 poniendo en cuesti\u00f3n de forma sistem\u00e1tica la pol\u00edtica penitenciaria seguida por las autoridades competentes en la CAPV, corrigiendo las decisiones que se adoptan por las Juntas de Tratamiento de los centros penitenciarios, en dem\u00e9rito de los presos y presas vascos, al oponerse a las decisiones relativas a las <\/span><\/span><span style=\"font-family: Matter, monospace;\"><span style=\"font-size: medium;\">p<\/span><\/span><span style=\"font-family: Matter, monospace;\"><span style=\"font-size: medium;\">rogresiones de grado y permisos penitenciarios.<\/span><\/span><\/p>\n<p class=\"western\" align=\"justify\"><span style=\"font-family: Matter, monospace;\"><span style=\"font-size: medium;\">3. La fiscal\u00eda y los tribunales de justicia no est\u00e1n actuando en defensa de las personas presas, con criterios jur\u00eddicos, sino en base a unas decisiones que trasladan una perspectiva de la pol\u00edtica penitenciaria basada en la venganza, el odio y la falta de respeto de la legalidad.<\/span><\/span><\/p>\n<p class=\"western\" align=\"justify\"><span style=\"font-family: Matter, monospace;\"><span style=\"font-size: medium;\">4. Tras serle transferida la competencia, el Gobierno Vasco lleva dieciocho meses desarrollando su pol\u00edtica penitenciaria. Son 42 las personas presas que han visto aprobada su progresi\u00f3n a tercer grado, pero de estas 42, a 28 se les ha recurrido dicha decisi\u00f3n y doce de ellas han vuelto a ser ingresadas en prisi\u00f3n en r\u00e9gimen de segundo grado. Algunas de estas personas llevaban meses haciendo vida ordinaria, integradas en el mercado laboral y con su propia vida social y familiar .<\/span><\/span><\/p>\n<p class=\"western\" align=\"justify\"><span style=\"font-family: Matter, monospace;\"><span style=\"font-size: medium;\">El \u00faltimo ejemplo de esta actitud obstaculizadora de la justicia, es el nuevo recurso del Ministerio Fiscal, aceptado por el Juzgado Central de Vigilancia Penitenciaria, contra el tercer grado de Joseba Arregi Erostarbe, oblig\u00e1ndole, nuevamente, a ingresar en prisi\u00f3n y segundo grado. Un preso de 77 a\u00f1os de edad y m\u00e1s de 30 a\u00f1os de prisi\u00f3n cumplida.<\/span><\/span><\/p>\n<p class=\"western\" align=\"justify\"><span style=\"font-family: Matter, monospace;\"><span style=\"font-size: medium;\">5. Desde la Red Ciudadana SARE, en ning\u00fan momento hemos solicitado privilegio alguno para estos presos y presas. Nos hemos limitado a exigir la aplicaci\u00f3n de una pol\u00edtica penitenciaria ordinaria que pusiera fin a las vulneraciones de derechos que entendemos llevan sufriendo desde hace a\u00f1os. A quienes, intencionadamente, confunden esta exigencia con la impunidad, cabr\u00eda recordarles que nos estamos refiriendo a personas que llevan una media de 20 a\u00f1os ya privadas de libertad o incluso varios de ellos con cumplientos de m\u00e1s de 30 a\u00f1os de prisi\u00f3n.<\/span><\/span><\/p>\n<p class=\"western\" align=\"justify\"><span style=\"font-family: Matter, monospace;\"><span style=\"font-size: medium;\">6. Una vez que se les ha reconocido su derecho a cumplir condena cerca del domicilio familiar, estando ingresados en centros penitenciarios sitos en Euskal Herria, entendemos que debe cesar la pol\u00edtica que impide tener una pr\u00e1ctica penitenciaria que respete sus derechos, en especial a la libertad condicional o semilibertad, tras d\u00e9cadas de privaci\u00f3n de libertad.<\/span><\/span><\/p>\n<p class=\"western\" align=\"justify\"><span style=\"font-family: Matter, monospace;\"><span style=\"font-size: medium;\">7. Los queremos en casa. ETXERA. Bai, etxera. Porque es esta una reivindicaci\u00f3n, amparada por la legislaci\u00f3n penitenciaria, que en ning\u00fan caso dice que tengan que cumplir condenas dentro de los muros de la prisi\u00f3n hasta el \u00faltimo d\u00eda, sin acceso a modalidades de cumplimiento en r\u00e9gimen abierto, con mayor contacto con la sociedad a la que pertenecen. Es por tanto esta, una exigencia democr\u00e1tica que no puede ser boicoteada constantemente por tribunales de excepci\u00f3n, como entendemos que lo es la propia Audiencia Nacional.<\/span><\/span><\/p>\n<p class=\"western\" align=\"justify\"><span style=\"color: #000000;\"><span style=\"font-family: Matter, monospace;\"><span style=\"font-size: medium;\">Etxera bidea gertu, debe de ser, tambien, el cauce, el camino de regreso a casa, no solo de los presos y presas vascos, sino, tambi\u00e9n, de exiliados y deportados.<\/span><\/span><\/span><span style=\"color: #ff0000;\"><span style=\"font-family: Matter, monospace;\"><span style=\"font-size: medium;\"><br \/>\n<\/span><\/span><\/span><\/p>\n<p class=\"western\" align=\"justify\"><span style=\"font-family: Matter, monospace;\"><span style=\"font-size: medium;\">8. Denunciamos por tanto a quienes han convertido sus togas en herramienta de venganza, aun a sabiendas de que sus decisiones son contrarias a la propia legislaci\u00f3n que dicen y deben defender.<\/span><\/span><\/p>\n<p class=\"western\" align=\"justify\"><span style=\"font-family: Matter, monospace;\"><span style=\"font-size: medium;\">Contrasta esta actitud con la impunidad que gozaron quienes, desde el Estado o sus aleda\u00f1os, perpetraron asesinatos, <\/span><\/span><span style=\"font-family: Matter, monospace;\"><span style=\"font-size: medium;\">torturas<\/span><\/span><span style=\"font-family: Matter, monospace;\"><span style=\"font-size: medium;\"> y abusos de poder que nunca se investigaron y, cuando se hizo y hubo condena, la misma fue irrisoria y r\u00e1pidamente liquidada de forma silenciosa.<\/span><\/span><\/p>\n<p class=\"western\" align=\"justify\"><span style=\"font-family: Matter, monospace;\"><span style=\"font-size: medium;\">9. Han pasado m\u00e1s de 12 <\/span><\/span><span style=\"font-family: Matter, monospace;\"><span style=\"font-size: medium;\">a\u00f1os desde<\/span><\/span><span style=\"font-family: Matter, monospace;\"><span style=\"font-size: medium;\"> que ETA tom\u00f3 la decisi\u00f3n de poner fin a su actividad armada y m\u00e1s de cuatro desde que decidi\u00f3 su <\/span><\/span><span style=\"font-family: Matter, monospace;\"><span style=\"font-size: medium;\">autodisoluci\u00f3n<\/span><\/span><span style=\"font-family: Matter, monospace;\"><span style=\"font-size: medium;\">. Tiempo m\u00e1s que suficiente para que las actitudes y legislaciones<\/span><\/span> <span style=\"font-family: Matter, monospace;\"><span style=\"font-size: medium;\">se pongan al servicio de la paz, la convivencia y la resoluci\u00f3n. <\/span><\/span><\/p>\n<p class=\"western\" align=\"justify\"><span style=\"font-family: Matter, monospace;\"><span style=\"font-size: medium;\">10. Contra estas decisiones que nos retrotraen a etapas muy lejanas, reivindicamos el fin de las actitudes y legislaciones de excepci\u00f3n, como las leyes 5\/2003; 7\/2003; y 7\/2014, as\u00ed como la habilitaci\u00f3n del cauce de regreso a casa de quienes llevan muchos a\u00f1os, m\u00e1s all\u00e1 de lo legalmente exigible, sin poder obtener su libertad.<\/span><\/span><\/p>\n<p class=\"western\" align=\"justify\"><span style=\"font-family: Matter, monospace;\"><span style=\"font-size: medium;\">11.<\/span><\/span> <span style=\"font-family: Matter, monospace;\"><span style=\"font-size: medium;\">Esta reivindicaci\u00f3n es absolutamente compatible con la necesaria solidaridad y respeto que deben sentir todas las <\/span><\/span><span style=\"font-family: Matter, monospace;\"><span style=\"font-size: medium;\">v\u00edctimas<\/span><\/span><span style=\"font-family: Matter, monospace;\"><span style=\"font-size: medium;\"> de todas las violencias ejercidas en nuestro pa\u00eds. A todas ellas<\/span><\/span> <span style=\"font-family: Matter, monospace;\"><span style=\"font-size: medium;\">les debemos respeto y no la utilizaci\u00f3n partidista que de su dolor se est\u00e1 haciendo, como arma arrojadiza contra el contrario. <\/span><\/span><\/p>\n<p class=\"western\" align=\"justify\"><span style=\"font-family: Matter, monospace;\"><span style=\"font-size: medium;\">12. En este sentido, SARE continuar\u00e1 trabajando por un relato inclusivo de la vulneraci\u00f3n de derechos que se han producido en nuestro pa\u00eds. Un relato, donde todas las vulneraciones de derechos sean tenidas en cuenta. No puede haber v\u00edctimas de primer o segundo nivel. El dolor de todas ellas, debe ser reconocido y reparado. Es esta la \u00fanica forma de construir una sociedad en convivencia.<\/span><\/span><\/p>\n<p class=\"western\" align=\"justify\"><span style=\"font-family: Matter, monospace;\"><span style=\"font-size: medium;\">13. Es por ello, que queremos trasladar a la sociedad vasca, nuestro compromiso de trabajar por la paz, convivencia y resoluci\u00f3n y ello exige el fin de toda expresi\u00f3n de excepcionalidad con la que muchos a\u00f1os despu\u00e9s del fin de la actividad de ETA, se contin\u00faa vulnerando los derechos de los presos y presas vascas.<\/span><\/span><\/p>\n<p class=\"western\" align=\"justify\"><span style=\"font-family: Matter, monospace;\"><span style=\"font-size: medium;\">Para alcanzar estos objetivos, nos comprometemos, tambi\u00e9n, a pronfundizar en los consensos en el \u00e1mbito pol\u00edtico, sindical y social.<\/span><\/span><\/p>\n<p class=\"western\" align=\"left\"><span style=\"font-family: Matter, monospace;\"><span style=\"font-size: medium;\">Creemos con ello, compartir las ansias de nuestro pueblo de poner fin a una situaci\u00f3n que por injusta a todos y todas nos duele.<br \/>\n<\/span><\/span><\/p>\n","protected":false},"excerpt":{"rendered":"<p>1. La sociedad vasca ha venido reclamando durante m\u00e1s de 34 a\u00f1os el fin de la pol\u00edtica de alejamiento, por considerarla cruel e inhumana al mantener a los presos y [&hellip;]<\/p>\n","protected":false},"author":2,"featured_media":5200,"comment_status":"closed","ping_status":"closed","sticky":false,"template":"","format":"standard","meta":{"_acf_changed":false,"_et_pb_use_builder":"off","_et_pb_old_content":"","_et_gb_content_width":"","footnotes":""},"categories":[69],"tags":[],"class_list":["post-5194","post","type-post","status-publish","format-standard","has-post-thumbnail","hentry","category-leyes-de-excepcion","et-has-post-format-content","et_post_format-et-post-format-standard"],"acf":[],"yoast_head":"<!-- This site is optimized with the Yoast SEO plugin v26.4 - https:\/\/yoast.com\/wordpress\/plugins\/seo\/ -->\n<title>La red ciudadana SARE, ante una nueva etapa - Sare Herritarra<\/title>\n<meta name=\"robots\" content=\"index, follow, max-snippet:-1, max-image-preview:large, max-video-preview:-1\" \/>\n<link rel=\"canonical\" href=\"https:\/\/sare.eus\/es\/sare-herritar-sarea-etapa-berri-baten-aurrean\/\" \/>\n<meta property=\"og:locale\" content=\"es_ES\" \/>\n<meta property=\"og:type\" content=\"article\" \/>\n<meta property=\"og:title\" content=\"La red ciudadana SARE, ante una nueva etapa - Sare Herritarra\" \/>\n<meta property=\"og:description\" content=\"1. La sociedad vasca ha venido reclamando durante m\u00e1s de 34 a\u00f1os el fin de la pol\u00edtica de alejamiento, por considerarla cruel e inhumana al mantener a los presos y [&hellip;]\" \/>\n<meta property=\"og:url\" content=\"https:\/\/sare.eus\/es\/sare-herritar-sarea-etapa-berri-baten-aurrean\/\" \/>\n<meta property=\"og:site_name\" content=\"Sare Herritarra\" \/>\n<meta property=\"article:published_time\" content=\"2023-04-29T11:18:49+00:00\" \/>\n<meta property=\"article:modified_time\" content=\"2023-04-29T12:53:34+00:00\" \/>\n<meta property=\"og:image\" content=\"https:\/\/sare.eus\/wp-content\/uploads\/2023\/04\/IMG-20230429-WA0019.jpg\" \/>\n\t<meta property=\"og:image:width\" content=\"2048\" \/>\n\t<meta property=\"og:image:height\" content=\"1365\" \/>\n\t<meta property=\"og:image:type\" content=\"image\/jpeg\" \/>\n<meta name=\"author\" content=\"sare\" \/>\n<meta name=\"twitter:card\" content=\"summary_large_image\" \/>\n<meta name=\"twitter:label1\" content=\"Escrito por\" \/>\n\t<meta name=\"twitter:data1\" content=\"sare\" \/>\n\t<meta name=\"twitter:label2\" content=\"Tiempo de lectura\" \/>\n\t<meta name=\"twitter:data2\" content=\"6 minutos\" \/>\n<script type=\"application\/ld+json\" class=\"yoast-schema-graph\">{\"@context\":\"https:\/\/schema.org\",\"@graph\":[{\"@type\":\"Article\",\"@id\":\"https:\/\/sare.eus\/es\/sare-herritar-sarea-etapa-berri-baten-aurrean\/#article\",\"isPartOf\":{\"@id\":\"https:\/\/sare.eus\/es\/sare-herritar-sarea-etapa-berri-baten-aurrean\/\"},\"author\":{\"name\":\"sare\",\"@id\":\"https:\/\/sare.eus\/#\/schema\/person\/2fe6d0df294f56313d3ab236dbe38e17\"},\"headline\":\"La red ciudadana SARE, ante una nueva etapa\",\"datePublished\":\"2023-04-29T11:18:49+00:00\",\"dateModified\":\"2023-04-29T12:53:34+00:00\",\"mainEntityOfPage\":{\"@id\":\"https:\/\/sare.eus\/es\/sare-herritar-sarea-etapa-berri-baten-aurrean\/\"},\"wordCount\":1110,\"publisher\":{\"@id\":\"https:\/\/sare.eus\/#organization\"},\"image\":{\"@id\":\"https:\/\/sare.eus\/es\/sare-herritar-sarea-etapa-berri-baten-aurrean\/#primaryimage\"},\"thumbnailUrl\":\"https:\/\/sare.eus\/wp-content\/uploads\/2023\/04\/IMG-20230429-WA0019.jpg\",\"articleSection\":[\"Leyes de Excepci\u00f3n\"],\"inLanguage\":\"es\"},{\"@type\":\"WebPage\",\"@id\":\"https:\/\/sare.eus\/es\/sare-herritar-sarea-etapa-berri-baten-aurrean\/\",\"url\":\"https:\/\/sare.eus\/es\/sare-herritar-sarea-etapa-berri-baten-aurrean\/\",\"name\":\"La red ciudadana SARE, ante una nueva etapa - Sare Herritarra\",\"isPartOf\":{\"@id\":\"https:\/\/sare.eus\/#website\"},\"primaryImageOfPage\":{\"@id\":\"https:\/\/sare.eus\/es\/sare-herritar-sarea-etapa-berri-baten-aurrean\/#primaryimage\"},\"image\":{\"@id\":\"https:\/\/sare.eus\/es\/sare-herritar-sarea-etapa-berri-baten-aurrean\/#primaryimage\"},\"thumbnailUrl\":\"https:\/\/sare.eus\/wp-content\/uploads\/2023\/04\/IMG-20230429-WA0019.jpg\",\"datePublished\":\"2023-04-29T11:18:49+00:00\",\"dateModified\":\"2023-04-29T12:53:34+00:00\",\"breadcrumb\":{\"@id\":\"https:\/\/sare.eus\/es\/sare-herritar-sarea-etapa-berri-baten-aurrean\/#breadcrumb\"},\"inLanguage\":\"es\",\"potentialAction\":[{\"@type\":\"ReadAction\",\"target\":[\"https:\/\/sare.eus\/es\/sare-herritar-sarea-etapa-berri-baten-aurrean\/\"]}]},{\"@type\":\"ImageObject\",\"inLanguage\":\"es\",\"@id\":\"https:\/\/sare.eus\/es\/sare-herritar-sarea-etapa-berri-baten-aurrean\/#primaryimage\",\"url\":\"https:\/\/sare.eus\/wp-content\/uploads\/2023\/04\/IMG-20230429-WA0019.jpg\",\"contentUrl\":\"https:\/\/sare.eus\/wp-content\/uploads\/2023\/04\/IMG-20230429-WA0019.jpg\",\"width\":2048,\"height\":1365},{\"@type\":\"BreadcrumbList\",\"@id\":\"https:\/\/sare.eus\/es\/sare-herritar-sarea-etapa-berri-baten-aurrean\/#breadcrumb\",\"itemListElement\":[{\"@type\":\"ListItem\",\"position\":1,\"name\":\"Home\",\"item\":\"https:\/\/sare.eus\/\"},{\"@type\":\"ListItem\",\"position\":2,\"name\":\"La red ciudadana SARE, ante una nueva etapa\"}]},{\"@type\":\"WebSite\",\"@id\":\"https:\/\/sare.eus\/#website\",\"url\":\"https:\/\/sare.eus\/\",\"name\":\"Sare Herritarra\",\"description\":\"KONPONBIDEAREN ETA GIZA ESKUBIDEEN ALDEKO SARE HERRITARRA\",\"publisher\":{\"@id\":\"https:\/\/sare.eus\/#organization\"},\"potentialAction\":[{\"@type\":\"SearchAction\",\"target\":{\"@type\":\"EntryPoint\",\"urlTemplate\":\"https:\/\/sare.eus\/?s={search_term_string}\"},\"query-input\":{\"@type\":\"PropertyValueSpecification\",\"valueRequired\":true,\"valueName\":\"search_term_string\"}}],\"inLanguage\":\"es\"},{\"@type\":\"Organization\",\"@id\":\"https:\/\/sare.eus\/#organization\",\"name\":\"Sare Herritarra\",\"url\":\"https:\/\/sare.eus\/\",\"logo\":{\"@type\":\"ImageObject\",\"inLanguage\":\"es\",\"@id\":\"https:\/\/sare.eus\/#\/schema\/logo\/image\/\",\"url\":\"https:\/\/sare.eus\/wp-content\/uploads\/2021\/08\/sare.png\",\"contentUrl\":\"https:\/\/sare.eus\/wp-content\/uploads\/2021\/08\/sare.png\",\"width\":120,\"height\":142,\"caption\":\"Sare Herritarra\"},\"image\":{\"@id\":\"https:\/\/sare.eus\/#\/schema\/logo\/image\/\"}},{\"@type\":\"Person\",\"@id\":\"https:\/\/sare.eus\/#\/schema\/person\/2fe6d0df294f56313d3ab236dbe38e17\",\"name\":\"sare\",\"image\":{\"@type\":\"ImageObject\",\"inLanguage\":\"es\",\"@id\":\"https:\/\/sare.eus\/#\/schema\/person\/image\/\",\"url\":\"https:\/\/secure.gravatar.com\/avatar\/77cad838677ceb1977e7b3c878b55eaa7fa4aae2158983063b047c3ad7ef2c25?s=96&d=mm&r=g\",\"contentUrl\":\"https:\/\/secure.gravatar.com\/avatar\/77cad838677ceb1977e7b3c878b55eaa7fa4aae2158983063b047c3ad7ef2c25?s=96&d=mm&r=g\",\"caption\":\"sare\"},\"url\":\"https:\/\/sare.eus\/es\/author\/sare\/\"}]}<\/script>\n<!-- \/ Yoast SEO plugin. -->","yoast_head_json":{"title":"La red ciudadana SARE, ante una nueva etapa - Sare Herritarra","robots":{"index":"index","follow":"follow","max-snippet":"max-snippet:-1","max-image-preview":"max-image-preview:large","max-video-preview":"max-video-preview:-1"},"canonical":"https:\/\/sare.eus\/es\/sare-herritar-sarea-etapa-berri-baten-aurrean\/","og_locale":"es_ES","og_type":"article","og_title":"La red ciudadana SARE, ante una nueva etapa - Sare Herritarra","og_description":"1. La sociedad vasca ha venido reclamando durante m\u00e1s de 34 a\u00f1os el fin de la pol\u00edtica de alejamiento, por considerarla cruel e inhumana al mantener a los presos y [&hellip;]","og_url":"https:\/\/sare.eus\/es\/sare-herritar-sarea-etapa-berri-baten-aurrean\/","og_site_name":"Sare Herritarra","article_published_time":"2023-04-29T11:18:49+00:00","article_modified_time":"2023-04-29T12:53:34+00:00","og_image":[{"width":2048,"height":1365,"url":"https:\/\/sare.eus\/wp-content\/uploads\/2023\/04\/IMG-20230429-WA0019.jpg","type":"image\/jpeg"}],"author":"sare","twitter_card":"summary_large_image","twitter_misc":{"Escrito por":"sare","Tiempo de lectura":"6 minutos"},"schema":{"@context":"https:\/\/schema.org","@graph":[{"@type":"Article","@id":"https:\/\/sare.eus\/es\/sare-herritar-sarea-etapa-berri-baten-aurrean\/#article","isPartOf":{"@id":"https:\/\/sare.eus\/es\/sare-herritar-sarea-etapa-berri-baten-aurrean\/"},"author":{"name":"sare","@id":"https:\/\/sare.eus\/#\/schema\/person\/2fe6d0df294f56313d3ab236dbe38e17"},"headline":"La red ciudadana SARE, ante una nueva etapa","datePublished":"2023-04-29T11:18:49+00:00","dateModified":"2023-04-29T12:53:34+00:00","mainEntityOfPage":{"@id":"https:\/\/sare.eus\/es\/sare-herritar-sarea-etapa-berri-baten-aurrean\/"},"wordCount":1110,"publisher":{"@id":"https:\/\/sare.eus\/#organization"},"image":{"@id":"https:\/\/sare.eus\/es\/sare-herritar-sarea-etapa-berri-baten-aurrean\/#primaryimage"},"thumbnailUrl":"https:\/\/sare.eus\/wp-content\/uploads\/2023\/04\/IMG-20230429-WA0019.jpg","articleSection":["Leyes de Excepci\u00f3n"],"inLanguage":"es"},{"@type":"WebPage","@id":"https:\/\/sare.eus\/es\/sare-herritar-sarea-etapa-berri-baten-aurrean\/","url":"https:\/\/sare.eus\/es\/sare-herritar-sarea-etapa-berri-baten-aurrean\/","name":"La red ciudadana SARE, ante una nueva etapa - Sare Herritarra","isPartOf":{"@id":"https:\/\/sare.eus\/#website"},"primaryImageOfPage":{"@id":"https:\/\/sare.eus\/es\/sare-herritar-sarea-etapa-berri-baten-aurrean\/#primaryimage"},"image":{"@id":"https:\/\/sare.eus\/es\/sare-herritar-sarea-etapa-berri-baten-aurrean\/#primaryimage"},"thumbnailUrl":"https:\/\/sare.eus\/wp-content\/uploads\/2023\/04\/IMG-20230429-WA0019.jpg","datePublished":"2023-04-29T11:18:49+00:00","dateModified":"2023-04-29T12:53:34+00:00","breadcrumb":{"@id":"https:\/\/sare.eus\/es\/sare-herritar-sarea-etapa-berri-baten-aurrean\/#breadcrumb"},"inLanguage":"es","potentialAction":[{"@type":"ReadAction","target":["https:\/\/sare.eus\/es\/sare-herritar-sarea-etapa-berri-baten-aurrean\/"]}]},{"@type":"ImageObject","inLanguage":"es","@id":"https:\/\/sare.eus\/es\/sare-herritar-sarea-etapa-berri-baten-aurrean\/#primaryimage","url":"https:\/\/sare.eus\/wp-content\/uploads\/2023\/04\/IMG-20230429-WA0019.jpg","contentUrl":"https:\/\/sare.eus\/wp-content\/uploads\/2023\/04\/IMG-20230429-WA0019.jpg","width":2048,"height":1365},{"@type":"BreadcrumbList","@id":"https:\/\/sare.eus\/es\/sare-herritar-sarea-etapa-berri-baten-aurrean\/#breadcrumb","itemListElement":[{"@type":"ListItem","position":1,"name":"Home","item":"https:\/\/sare.eus\/"},{"@type":"ListItem","position":2,"name":"La red ciudadana SARE, ante una nueva etapa"}]},{"@type":"WebSite","@id":"https:\/\/sare.eus\/#website","url":"https:\/\/sare.eus\/","name":"Sare Herritarra","description":"KONPONBIDEAREN ETA GIZA ESKUBIDEEN ALDEKO SARE HERRITARRA","publisher":{"@id":"https:\/\/sare.eus\/#organization"},"potentialAction":[{"@type":"SearchAction","target":{"@type":"EntryPoint","urlTemplate":"https:\/\/sare.eus\/?s={search_term_string}"},"query-input":{"@type":"PropertyValueSpecification","valueRequired":true,"valueName":"search_term_string"}}],"inLanguage":"es"},{"@type":"Organization","@id":"https:\/\/sare.eus\/#organization","name":"Sare Herritarra","url":"https:\/\/sare.eus\/","logo":{"@type":"ImageObject","inLanguage":"es","@id":"https:\/\/sare.eus\/#\/schema\/logo\/image\/","url":"https:\/\/sare.eus\/wp-content\/uploads\/2021\/08\/sare.png","contentUrl":"https:\/\/sare.eus\/wp-content\/uploads\/2021\/08\/sare.png","width":120,"height":142,"caption":"Sare Herritarra"},"image":{"@id":"https:\/\/sare.eus\/#\/schema\/logo\/image\/"}},{"@type":"Person","@id":"https:\/\/sare.eus\/#\/schema\/person\/2fe6d0df294f56313d3ab236dbe38e17","name":"sare","image":{"@type":"ImageObject","inLanguage":"es","@id":"https:\/\/sare.eus\/#\/schema\/person\/image\/","url":"https:\/\/secure.gravatar.com\/avatar\/77cad838677ceb1977e7b3c878b55eaa7fa4aae2158983063b047c3ad7ef2c25?s=96&d=mm&r=g","contentUrl":"https:\/\/secure.gravatar.com\/avatar\/77cad838677ceb1977e7b3c878b55eaa7fa4aae2158983063b047c3ad7ef2c25?s=96&d=mm&r=g","caption":"sare"},"url":"https:\/\/sare.eus\/es\/author\/sare\/"}]}},"_links":{"self":[{"href":"https:\/\/sare.eus\/es\/wp-json\/wp\/v2\/posts\/5194","targetHints":{"allow":["GET"]}}],"collection":[{"href":"https:\/\/sare.eus\/es\/wp-json\/wp\/v2\/posts"}],"about":[{"href":"https:\/\/sare.eus\/es\/wp-json\/wp\/v2\/types\/post"}],"author":[{"embeddable":true,"href":"https:\/\/sare.eus\/es\/wp-json\/wp\/v2\/users\/2"}],"replies":[{"embeddable":true,"href":"https:\/\/sare.eus\/es\/wp-json\/wp\/v2\/comments?post=5194"}],"version-history":[{"count":6,"href":"https:\/\/sare.eus\/es\/wp-json\/wp\/v2\/posts\/5194\/revisions"}],"predecessor-version":[{"id":5203,"href":"https:\/\/sare.eus\/es\/wp-json\/wp\/v2\/posts\/5194\/revisions\/5203"}],"wp:featuredmedia":[{"embeddable":true,"href":"https:\/\/sare.eus\/es\/wp-json\/wp\/v2\/media\/5200"}],"wp:attachment":[{"href":"https:\/\/sare.eus\/es\/wp-json\/wp\/v2\/media?parent=5194"}],"wp:term":[{"taxonomy":"category","embeddable":true,"href":"https:\/\/sare.eus\/es\/wp-json\/wp\/v2\/categories?post=5194"},{"taxonomy":"post_tag","embeddable":true,"href":"https:\/\/sare.eus\/es\/wp-json\/wp\/v2\/tags?post=5194"}],"curies":[{"name":"wp","href":"https:\/\/api.w.org\/{rel}","templated":true}]}}