{"id":5176,"date":"2023-04-25T08:00:16","date_gmt":"2023-04-25T08:00:16","guid":{"rendered":"https:\/\/sare.eus\/zergatik-diogu-salbuespen-neurriak-eten-behar-direla\/"},"modified":"2023-04-26T20:53:36","modified_gmt":"2023-04-26T20:53:36","slug":"por-que-decimos-que-deben-suspenderse-las-medidas-de-excepcion","status":"publish","type":"post","link":"https:\/\/sare.eus\/es\/por-que-decimos-que-deben-suspenderse-las-medidas-de-excepcion\/","title":{"rendered":"\u00bfPOR QU\u00c9 DECIMOS QUE DEBEN SUSPENDERSE LAS MEDIDAS DE EXCEPCI\u00d3N?"},"content":{"rendered":"\n<blockquote class=\"wp-block-quote is-layout-flow wp-block-quote-is-layout-flow\"><p>29 de abril: STOP Medidas de excepci\u00f3n, \u00a1ning\u00fan obst\u00e1culo en el camino a casa! Con este lema queremos hacer un llamamiento a participar en nuestra multitudinaria comparecencia en el Buen Pastor de Donostia.<\/p><p><strong>COMPARECENCIA MULTITUDINARIA \u00b7 29 de abril \u00b7 11:30 \u00b7 San Sebasti\u00e1n \u00b7 Buen Pastor<\/strong><\/p><\/blockquote>\n\n\n<ul>\n<li><strong>\u00a1NO A LA CADENA PERPETUA!\u00a0<\/strong><\/li>\n<\/ul>\n<p>La ley 7\/2003 est\u00e1 en vigor y permite penas de por vida. Es una cadena perpetua encubierta.\u00a0<\/p>\n<p>Una de las leyes aprobadas para los presos vascos es la de prisi\u00f3n efectiva de hasta 40 a\u00f1os.<\/p>\n<ul>\n<li><strong>\u00a1COMPUTO DE PENAS YA!<\/strong><\/li>\n<\/ul>\n<p>La ley 7\/2014 permite no tener en cuenta las penas cumplidas en Francia.<\/p>\n<p>Los presos a los que no se les ha tenido en cuenta el tiempo cumplido en el Estado franc\u00e9s superan los 50.<\/p>\n<ul>\n<li><strong>PROGRESIONES DE GRADO\/PERMISOS<\/strong><\/li>\n<\/ul>\n<p>La Ley 5\/2003 mantiene la competencia de las progresiones de grado y\/o autorizaciones penales en un \u00f3rgano de excepci\u00f3n, la Audiencia Nacional, en detrimento de los juzgados pr\u00f3ximos.<\/p>\n<p>A los presos en segundo grado se les deniegan los permisos que legalmente les corresponden.<\/p>\n<p>S\u00f3lo hay 40 presos en tercer grado, en realidad deber\u00edan haber 110.<\/p>\n<p>Se est\u00e1n dando regresiones de grado.<\/p>\n<ul>\n<li><strong>SITUACI\u00d3N DE LOS PRESOS GRAVEMENTE ENFERMOS<\/strong><\/li>\n<\/ul>\n<p>Son 17 los presos con enfermedades graves. La ley dice que pueden salir de la c\u00e1rcel y ser atendidos fuera de la c\u00e1rcel, pero tambi\u00e9n se les vulnera este derecho.<\/p>\n<p>\u00a0<\/p>\n<blockquote>\n<p><strong>Por todo ello, el 29 de abril realizaremos una COMPARECENCIA MULTITUDINARIA en Donostia.<\/strong><\/p>\n<div class=\"row\">\n<div class=\"col-md-12 col-xs-12\"><strong>\u00a1Difunde la convocatoria!<\/strong><\/div>\n<\/div>\n<\/blockquote>\n\n\n<figure class=\"wp-block-gallery columns-3 is-cropped wp-block-gallery-1 is-layout-flex wp-block-gallery-is-layout-flex\"><ul class=\"blocks-gallery-grid\"><li class=\"blocks-gallery-item\"><figure><img loading=\"lazy\" decoding=\"async\" width=\"1024\" height=\"1024\" src=\"https:\/\/sare.eus\/wp-content\/uploads\/2023\/04\/photo_5888838112497483055_y-1024x1024.jpg\" alt=\"\" data-id=\"5157\" data-full-url=\"https:\/\/sare.eus\/wp-content\/uploads\/2023\/04\/photo_5888838112497483055_y.jpg\" data-link=\"https:\/\/sare.eus\/?attachment_id=5157\" class=\"wp-image-5157\" srcset=\"https:\/\/sare.eus\/wp-content\/uploads\/2023\/04\/photo_5888838112497483055_y-1024x1024.jpg 1024w, https:\/\/sare.eus\/wp-content\/uploads\/2023\/04\/photo_5888838112497483055_y-300x300.jpg 300w, https:\/\/sare.eus\/wp-content\/uploads\/2023\/04\/photo_5888838112497483055_y-150x150.jpg 150w, https:\/\/sare.eus\/wp-content\/uploads\/2023\/04\/photo_5888838112497483055_y-768x768.jpg 768w, https:\/\/sare.eus\/wp-content\/uploads\/2023\/04\/photo_5888838112497483055_y-1080x1080.jpg 1080w, https:\/\/sare.eus\/wp-content\/uploads\/2023\/04\/photo_5888838112497483055_y-440x440.jpg 440w, https:\/\/sare.eus\/wp-content\/uploads\/2023\/04\/photo_5888838112497483055_y.jpg 1280w\" sizes=\"(max-width: 1024px) 100vw, 1024px\" \/><\/figure><\/li><li class=\"blocks-gallery-item\"><figure><img loading=\"lazy\" decoding=\"async\" width=\"1024\" height=\"1024\" src=\"https:\/\/sare.eus\/wp-content\/uploads\/2023\/04\/photo_5920155124234305090_w-1024x1024.jpg\" alt=\"\" data-id=\"5165\" data-full-url=\"https:\/\/sare.eus\/wp-content\/uploads\/2023\/04\/photo_5920155124234305090_w.jpg\" data-link=\"https:\/\/sare.eus\/?attachment_id=5165\" class=\"wp-image-5165\" srcset=\"https:\/\/sare.eus\/wp-content\/uploads\/2023\/04\/photo_5920155124234305090_w-1024x1024.jpg 1024w, https:\/\/sare.eus\/wp-content\/uploads\/2023\/04\/photo_5920155124234305090_w-300x300.jpg 300w, https:\/\/sare.eus\/wp-content\/uploads\/2023\/04\/photo_5920155124234305090_w-150x150.jpg 150w, https:\/\/sare.eus\/wp-content\/uploads\/2023\/04\/photo_5920155124234305090_w-768x768.jpg 768w, https:\/\/sare.eus\/wp-content\/uploads\/2023\/04\/photo_5920155124234305090_w-1080x1080.jpg 1080w, https:\/\/sare.eus\/wp-content\/uploads\/2023\/04\/photo_5920155124234305090_w-440x440.jpg 440w, https:\/\/sare.eus\/wp-content\/uploads\/2023\/04\/photo_5920155124234305090_w.jpg 1334w\" sizes=\"(max-width: 1024px) 100vw, 1024px\" \/><\/figure><\/li><li class=\"blocks-gallery-item\"><figure><img loading=\"lazy\" decoding=\"async\" width=\"1024\" height=\"1024\" src=\"https:\/\/sare.eus\/wp-content\/uploads\/2023\/04\/photo_5920155124234305091_w-1024x1024.jpg\" alt=\"\" data-id=\"5167\" data-full-url=\"https:\/\/sare.eus\/wp-content\/uploads\/2023\/04\/photo_5920155124234305091_w.jpg\" data-link=\"https:\/\/sare.eus\/?attachment_id=5167\" class=\"wp-image-5167\" srcset=\"https:\/\/sare.eus\/wp-content\/uploads\/2023\/04\/photo_5920155124234305091_w-1024x1024.jpg 1024w, https:\/\/sare.eus\/wp-content\/uploads\/2023\/04\/photo_5920155124234305091_w-300x300.jpg 300w, https:\/\/sare.eus\/wp-content\/uploads\/2023\/04\/photo_5920155124234305091_w-150x150.jpg 150w, https:\/\/sare.eus\/wp-content\/uploads\/2023\/04\/photo_5920155124234305091_w-768x768.jpg 768w, https:\/\/sare.eus\/wp-content\/uploads\/2023\/04\/photo_5920155124234305091_w-1080x1080.jpg 1080w, https:\/\/sare.eus\/wp-content\/uploads\/2023\/04\/photo_5920155124234305091_w-440x440.jpg 440w, https:\/\/sare.eus\/wp-content\/uploads\/2023\/04\/photo_5920155124234305091_w.jpg 1334w\" sizes=\"(max-width: 1024px) 100vw, 1024px\" \/><\/figure><\/li><li class=\"blocks-gallery-item\"><figure><img loading=\"lazy\" decoding=\"async\" width=\"1024\" height=\"1024\" src=\"https:\/\/sare.eus\/wp-content\/uploads\/2023\/04\/photo_5920024522868767979_w-1024x1024.jpg\" alt=\"\" data-id=\"5163\" data-full-url=\"https:\/\/sare.eus\/wp-content\/uploads\/2023\/04\/photo_5920024522868767979_w.jpg\" data-link=\"https:\/\/sare.eus\/?attachment_id=5163\" class=\"wp-image-5163\" srcset=\"https:\/\/sare.eus\/wp-content\/uploads\/2023\/04\/photo_5920024522868767979_w-1024x1024.jpg 1024w, https:\/\/sare.eus\/wp-content\/uploads\/2023\/04\/photo_5920024522868767979_w-300x300.jpg 300w, https:\/\/sare.eus\/wp-content\/uploads\/2023\/04\/photo_5920024522868767979_w-150x150.jpg 150w, https:\/\/sare.eus\/wp-content\/uploads\/2023\/04\/photo_5920024522868767979_w-768x768.jpg 768w, https:\/\/sare.eus\/wp-content\/uploads\/2023\/04\/photo_5920024522868767979_w-1080x1080.jpg 1080w, https:\/\/sare.eus\/wp-content\/uploads\/2023\/04\/photo_5920024522868767979_w-440x440.jpg 440w, https:\/\/sare.eus\/wp-content\/uploads\/2023\/04\/photo_5920024522868767979_w.jpg 1334w\" sizes=\"(max-width: 1024px) 100vw, 1024px\" \/><\/figure><\/li><li class=\"blocks-gallery-item\"><figure><img loading=\"lazy\" decoding=\"async\" width=\"1024\" height=\"1024\" src=\"https:\/\/sare.eus\/wp-content\/uploads\/2023\/04\/photo_5920024522868767978_w-1024x1024.jpg\" alt=\"\" data-id=\"5161\" data-full-url=\"https:\/\/sare.eus\/wp-content\/uploads\/2023\/04\/photo_5920024522868767978_w.jpg\" data-link=\"https:\/\/sare.eus\/?attachment_id=5161\" class=\"wp-image-5161\" srcset=\"https:\/\/sare.eus\/wp-content\/uploads\/2023\/04\/photo_5920024522868767978_w-1024x1024.jpg 1024w, https:\/\/sare.eus\/wp-content\/uploads\/2023\/04\/photo_5920024522868767978_w-300x300.jpg 300w, https:\/\/sare.eus\/wp-content\/uploads\/2023\/04\/photo_5920024522868767978_w-150x150.jpg 150w, https:\/\/sare.eus\/wp-content\/uploads\/2023\/04\/photo_5920024522868767978_w-768x768.jpg 768w, https:\/\/sare.eus\/wp-content\/uploads\/2023\/04\/photo_5920024522868767978_w-1080x1080.jpg 1080w, https:\/\/sare.eus\/wp-content\/uploads\/2023\/04\/photo_5920024522868767978_w-440x440.jpg 440w, https:\/\/sare.eus\/wp-content\/uploads\/2023\/04\/photo_5920024522868767978_w.jpg 1334w\" sizes=\"(max-width: 1024px) 100vw, 1024px\" \/><\/figure><\/li><li class=\"blocks-gallery-item\"><figure><img loading=\"lazy\" decoding=\"async\" width=\"1024\" height=\"1024\" src=\"https:\/\/sare.eus\/wp-content\/uploads\/2023\/04\/photo_5920024522868767977_w-1024x1024.jpg\" alt=\"\" data-id=\"5159\" data-full-url=\"https:\/\/sare.eus\/wp-content\/uploads\/2023\/04\/photo_5920024522868767977_w.jpg\" data-link=\"https:\/\/sare.eus\/?attachment_id=5159\" class=\"wp-image-5159\" srcset=\"https:\/\/sare.eus\/wp-content\/uploads\/2023\/04\/photo_5920024522868767977_w-1024x1024.jpg 1024w, https:\/\/sare.eus\/wp-content\/uploads\/2023\/04\/photo_5920024522868767977_w-300x300.jpg 300w, https:\/\/sare.eus\/wp-content\/uploads\/2023\/04\/photo_5920024522868767977_w-150x150.jpg 150w, https:\/\/sare.eus\/wp-content\/uploads\/2023\/04\/photo_5920024522868767977_w-768x768.jpg 768w, https:\/\/sare.eus\/wp-content\/uploads\/2023\/04\/photo_5920024522868767977_w-1080x1080.jpg 1080w, https:\/\/sare.eus\/wp-content\/uploads\/2023\/04\/photo_5920024522868767977_w-440x440.jpg 440w, https:\/\/sare.eus\/wp-content\/uploads\/2023\/04\/photo_5920024522868767977_w.jpg 1334w\" sizes=\"(max-width: 1024px) 100vw, 1024px\" \/><\/figure><\/li><\/ul><\/figure>\n","protected":false},"excerpt":{"rendered":"<p>29 de abril: STOP Medidas de excepci\u00f3n, \u00a1ning\u00fan obst\u00e1culo en el camino a casa! Con este lema queremos hacer un llamamiento a participar en nuestra multitudinaria comparecencia en el Buen [&hellip;]<\/p>\n","protected":false},"author":2,"featured_media":5156,"comment_status":"closed","ping_status":"closed","sticky":false,"template":"","format":"standard","meta":{"_acf_changed":false,"_et_pb_use_builder":"off","_et_pb_old_content":"","_et_gb_content_width":"","footnotes":""},"categories":[69],"tags":[],"class_list":["post-5176","post","type-post","status-publish","format-standard","has-post-thumbnail","hentry","category-leyes-de-excepcion","et-has-post-format-content","et_post_format-et-post-format-standard"],"acf":[],"yoast_head":"<!-- This site is optimized with the Yoast SEO plugin v26.4 - https:\/\/yoast.com\/wordpress\/plugins\/seo\/ -->\n<title>\u00bfPOR QU\u00c9 DECIMOS QUE DEBEN SUSPENDERSE LAS MEDIDAS DE EXCEPCI\u00d3N? - Sare Herritarra<\/title>\n<meta name=\"robots\" content=\"index, follow, max-snippet:-1, max-image-preview:large, max-video-preview:-1\" \/>\n<link rel=\"canonical\" href=\"https:\/\/sare.eus\/es\/por-que-decimos-que-deben-suspenderse-las-medidas-de-excepcion\/\" \/>\n<meta property=\"og:locale\" content=\"es_ES\" \/>\n<meta property=\"og:type\" content=\"article\" \/>\n<meta property=\"og:title\" content=\"\u00bfPOR QU\u00c9 DECIMOS QUE DEBEN SUSPENDERSE LAS MEDIDAS DE EXCEPCI\u00d3N? - Sare Herritarra\" \/>\n<meta property=\"og:description\" content=\"29 de abril: STOP Medidas de excepci\u00f3n, \u00a1ning\u00fan obst\u00e1culo en el camino a casa! Con este lema queremos hacer un llamamiento a participar en nuestra multitudinaria comparecencia en el Buen [&hellip;]\" \/>\n<meta property=\"og:url\" content=\"https:\/\/sare.eus\/es\/por-que-decimos-que-deben-suspenderse-las-medidas-de-excepcion\/\" \/>\n<meta property=\"og:site_name\" content=\"Sare Herritarra\" \/>\n<meta property=\"article:published_time\" content=\"2023-04-25T08:00:16+00:00\" \/>\n<meta property=\"article:modified_time\" content=\"2023-04-26T20:53:36+00:00\" \/>\n<meta property=\"og:image\" content=\"https:\/\/sare.eus\/wp-content\/uploads\/2023\/04\/artzain-ona.jpg\" \/>\n\t<meta property=\"og:image:width\" content=\"500\" \/>\n\t<meta property=\"og:image:height\" content=\"348\" \/>\n\t<meta property=\"og:image:type\" content=\"image\/jpeg\" \/>\n<meta name=\"author\" content=\"sare\" \/>\n<meta name=\"twitter:card\" content=\"summary_large_image\" \/>\n<meta name=\"twitter:label1\" content=\"Escrito por\" \/>\n\t<meta name=\"twitter:data1\" content=\"sare\" \/>\n\t<meta name=\"twitter:label2\" content=\"Tiempo de lectura\" \/>\n\t<meta name=\"twitter:data2\" content=\"3 minutos\" \/>\n<script type=\"application\/ld+json\" class=\"yoast-schema-graph\">{\"@context\":\"https:\/\/schema.org\",\"@graph\":[{\"@type\":\"Article\",\"@id\":\"https:\/\/sare.eus\/es\/por-que-decimos-que-deben-suspenderse-las-medidas-de-excepcion\/#article\",\"isPartOf\":{\"@id\":\"https:\/\/sare.eus\/es\/por-que-decimos-que-deben-suspenderse-las-medidas-de-excepcion\/\"},\"author\":{\"name\":\"sare\",\"@id\":\"https:\/\/sare.eus\/#\/schema\/person\/2fe6d0df294f56313d3ab236dbe38e17\"},\"headline\":\"\u00bfPOR QU\u00c9 DECIMOS QUE DEBEN SUSPENDERSE LAS MEDIDAS DE EXCEPCI\u00d3N?\",\"datePublished\":\"2023-04-25T08:00:16+00:00\",\"dateModified\":\"2023-04-26T20:53:36+00:00\",\"mainEntityOfPage\":{\"@id\":\"https:\/\/sare.eus\/es\/por-que-decimos-que-deben-suspenderse-las-medidas-de-excepcion\/\"},\"wordCount\":255,\"publisher\":{\"@id\":\"https:\/\/sare.eus\/#organization\"},\"image\":{\"@id\":\"https:\/\/sare.eus\/es\/por-que-decimos-que-deben-suspenderse-las-medidas-de-excepcion\/#primaryimage\"},\"thumbnailUrl\":\"https:\/\/sare.eus\/wp-content\/uploads\/2023\/04\/artzain-ona.jpg\",\"articleSection\":[\"Leyes de Excepci\u00f3n\"],\"inLanguage\":\"es\"},{\"@type\":\"WebPage\",\"@id\":\"https:\/\/sare.eus\/es\/por-que-decimos-que-deben-suspenderse-las-medidas-de-excepcion\/\",\"url\":\"https:\/\/sare.eus\/es\/por-que-decimos-que-deben-suspenderse-las-medidas-de-excepcion\/\",\"name\":\"\u00bfPOR QU\u00c9 DECIMOS QUE DEBEN SUSPENDERSE LAS MEDIDAS DE EXCEPCI\u00d3N? - Sare Herritarra\",\"isPartOf\":{\"@id\":\"https:\/\/sare.eus\/#website\"},\"primaryImageOfPage\":{\"@id\":\"https:\/\/sare.eus\/es\/por-que-decimos-que-deben-suspenderse-las-medidas-de-excepcion\/#primaryimage\"},\"image\":{\"@id\":\"https:\/\/sare.eus\/es\/por-que-decimos-que-deben-suspenderse-las-medidas-de-excepcion\/#primaryimage\"},\"thumbnailUrl\":\"https:\/\/sare.eus\/wp-content\/uploads\/2023\/04\/artzain-ona.jpg\",\"datePublished\":\"2023-04-25T08:00:16+00:00\",\"dateModified\":\"2023-04-26T20:53:36+00:00\",\"breadcrumb\":{\"@id\":\"https:\/\/sare.eus\/es\/por-que-decimos-que-deben-suspenderse-las-medidas-de-excepcion\/#breadcrumb\"},\"inLanguage\":\"es\",\"potentialAction\":[{\"@type\":\"ReadAction\",\"target\":[\"https:\/\/sare.eus\/es\/por-que-decimos-que-deben-suspenderse-las-medidas-de-excepcion\/\"]}]},{\"@type\":\"ImageObject\",\"inLanguage\":\"es\",\"@id\":\"https:\/\/sare.eus\/es\/por-que-decimos-que-deben-suspenderse-las-medidas-de-excepcion\/#primaryimage\",\"url\":\"https:\/\/sare.eus\/wp-content\/uploads\/2023\/04\/artzain-ona.jpg\",\"contentUrl\":\"https:\/\/sare.eus\/wp-content\/uploads\/2023\/04\/artzain-ona.jpg\",\"width\":500,\"height\":348},{\"@type\":\"BreadcrumbList\",\"@id\":\"https:\/\/sare.eus\/es\/por-que-decimos-que-deben-suspenderse-las-medidas-de-excepcion\/#breadcrumb\",\"itemListElement\":[{\"@type\":\"ListItem\",\"position\":1,\"name\":\"Home\",\"item\":\"https:\/\/sare.eus\/\"},{\"@type\":\"ListItem\",\"position\":2,\"name\":\"\u00bfPOR QU\u00c9 DECIMOS QUE DEBEN SUSPENDERSE LAS MEDIDAS DE EXCEPCI\u00d3N?\"}]},{\"@type\":\"WebSite\",\"@id\":\"https:\/\/sare.eus\/#website\",\"url\":\"https:\/\/sare.eus\/\",\"name\":\"Sare Herritarra\",\"description\":\"KONPONBIDEAREN ETA GIZA ESKUBIDEEN ALDEKO SARE HERRITARRA\",\"publisher\":{\"@id\":\"https:\/\/sare.eus\/#organization\"},\"potentialAction\":[{\"@type\":\"SearchAction\",\"target\":{\"@type\":\"EntryPoint\",\"urlTemplate\":\"https:\/\/sare.eus\/?s={search_term_string}\"},\"query-input\":{\"@type\":\"PropertyValueSpecification\",\"valueRequired\":true,\"valueName\":\"search_term_string\"}}],\"inLanguage\":\"es\"},{\"@type\":\"Organization\",\"@id\":\"https:\/\/sare.eus\/#organization\",\"name\":\"Sare Herritarra\",\"url\":\"https:\/\/sare.eus\/\",\"logo\":{\"@type\":\"ImageObject\",\"inLanguage\":\"es\",\"@id\":\"https:\/\/sare.eus\/#\/schema\/logo\/image\/\",\"url\":\"https:\/\/sare.eus\/wp-content\/uploads\/2021\/08\/sare.png\",\"contentUrl\":\"https:\/\/sare.eus\/wp-content\/uploads\/2021\/08\/sare.png\",\"width\":120,\"height\":142,\"caption\":\"Sare Herritarra\"},\"image\":{\"@id\":\"https:\/\/sare.eus\/#\/schema\/logo\/image\/\"}},{\"@type\":\"Person\",\"@id\":\"https:\/\/sare.eus\/#\/schema\/person\/2fe6d0df294f56313d3ab236dbe38e17\",\"name\":\"sare\",\"image\":{\"@type\":\"ImageObject\",\"inLanguage\":\"es\",\"@id\":\"https:\/\/sare.eus\/#\/schema\/person\/image\/\",\"url\":\"https:\/\/secure.gravatar.com\/avatar\/77cad838677ceb1977e7b3c878b55eaa7fa4aae2158983063b047c3ad7ef2c25?s=96&d=mm&r=g\",\"contentUrl\":\"https:\/\/secure.gravatar.com\/avatar\/77cad838677ceb1977e7b3c878b55eaa7fa4aae2158983063b047c3ad7ef2c25?s=96&d=mm&r=g\",\"caption\":\"sare\"},\"url\":\"https:\/\/sare.eus\/es\/author\/sare\/\"}]}<\/script>\n<!-- \/ Yoast SEO plugin. -->","yoast_head_json":{"title":"\u00bfPOR QU\u00c9 DECIMOS QUE DEBEN SUSPENDERSE LAS MEDIDAS DE EXCEPCI\u00d3N? - Sare Herritarra","robots":{"index":"index","follow":"follow","max-snippet":"max-snippet:-1","max-image-preview":"max-image-preview:large","max-video-preview":"max-video-preview:-1"},"canonical":"https:\/\/sare.eus\/es\/por-que-decimos-que-deben-suspenderse-las-medidas-de-excepcion\/","og_locale":"es_ES","og_type":"article","og_title":"\u00bfPOR QU\u00c9 DECIMOS QUE DEBEN SUSPENDERSE LAS MEDIDAS DE EXCEPCI\u00d3N? - Sare Herritarra","og_description":"29 de abril: STOP Medidas de excepci\u00f3n, \u00a1ning\u00fan obst\u00e1culo en el camino a casa! Con este lema queremos hacer un llamamiento a participar en nuestra multitudinaria comparecencia en el Buen [&hellip;]","og_url":"https:\/\/sare.eus\/es\/por-que-decimos-que-deben-suspenderse-las-medidas-de-excepcion\/","og_site_name":"Sare Herritarra","article_published_time":"2023-04-25T08:00:16+00:00","article_modified_time":"2023-04-26T20:53:36+00:00","og_image":[{"width":500,"height":348,"url":"https:\/\/sare.eus\/wp-content\/uploads\/2023\/04\/artzain-ona.jpg","type":"image\/jpeg"}],"author":"sare","twitter_card":"summary_large_image","twitter_misc":{"Escrito por":"sare","Tiempo de lectura":"3 minutos"},"schema":{"@context":"https:\/\/schema.org","@graph":[{"@type":"Article","@id":"https:\/\/sare.eus\/es\/por-que-decimos-que-deben-suspenderse-las-medidas-de-excepcion\/#article","isPartOf":{"@id":"https:\/\/sare.eus\/es\/por-que-decimos-que-deben-suspenderse-las-medidas-de-excepcion\/"},"author":{"name":"sare","@id":"https:\/\/sare.eus\/#\/schema\/person\/2fe6d0df294f56313d3ab236dbe38e17"},"headline":"\u00bfPOR QU\u00c9 DECIMOS QUE DEBEN SUSPENDERSE LAS MEDIDAS DE EXCEPCI\u00d3N?","datePublished":"2023-04-25T08:00:16+00:00","dateModified":"2023-04-26T20:53:36+00:00","mainEntityOfPage":{"@id":"https:\/\/sare.eus\/es\/por-que-decimos-que-deben-suspenderse-las-medidas-de-excepcion\/"},"wordCount":255,"publisher":{"@id":"https:\/\/sare.eus\/#organization"},"image":{"@id":"https:\/\/sare.eus\/es\/por-que-decimos-que-deben-suspenderse-las-medidas-de-excepcion\/#primaryimage"},"thumbnailUrl":"https:\/\/sare.eus\/wp-content\/uploads\/2023\/04\/artzain-ona.jpg","articleSection":["Leyes de Excepci\u00f3n"],"inLanguage":"es"},{"@type":"WebPage","@id":"https:\/\/sare.eus\/es\/por-que-decimos-que-deben-suspenderse-las-medidas-de-excepcion\/","url":"https:\/\/sare.eus\/es\/por-que-decimos-que-deben-suspenderse-las-medidas-de-excepcion\/","name":"\u00bfPOR QU\u00c9 DECIMOS QUE DEBEN SUSPENDERSE LAS MEDIDAS DE EXCEPCI\u00d3N? - Sare Herritarra","isPartOf":{"@id":"https:\/\/sare.eus\/#website"},"primaryImageOfPage":{"@id":"https:\/\/sare.eus\/es\/por-que-decimos-que-deben-suspenderse-las-medidas-de-excepcion\/#primaryimage"},"image":{"@id":"https:\/\/sare.eus\/es\/por-que-decimos-que-deben-suspenderse-las-medidas-de-excepcion\/#primaryimage"},"thumbnailUrl":"https:\/\/sare.eus\/wp-content\/uploads\/2023\/04\/artzain-ona.jpg","datePublished":"2023-04-25T08:00:16+00:00","dateModified":"2023-04-26T20:53:36+00:00","breadcrumb":{"@id":"https:\/\/sare.eus\/es\/por-que-decimos-que-deben-suspenderse-las-medidas-de-excepcion\/#breadcrumb"},"inLanguage":"es","potentialAction":[{"@type":"ReadAction","target":["https:\/\/sare.eus\/es\/por-que-decimos-que-deben-suspenderse-las-medidas-de-excepcion\/"]}]},{"@type":"ImageObject","inLanguage":"es","@id":"https:\/\/sare.eus\/es\/por-que-decimos-que-deben-suspenderse-las-medidas-de-excepcion\/#primaryimage","url":"https:\/\/sare.eus\/wp-content\/uploads\/2023\/04\/artzain-ona.jpg","contentUrl":"https:\/\/sare.eus\/wp-content\/uploads\/2023\/04\/artzain-ona.jpg","width":500,"height":348},{"@type":"BreadcrumbList","@id":"https:\/\/sare.eus\/es\/por-que-decimos-que-deben-suspenderse-las-medidas-de-excepcion\/#breadcrumb","itemListElement":[{"@type":"ListItem","position":1,"name":"Home","item":"https:\/\/sare.eus\/"},{"@type":"ListItem","position":2,"name":"\u00bfPOR QU\u00c9 DECIMOS QUE DEBEN SUSPENDERSE LAS MEDIDAS DE EXCEPCI\u00d3N?"}]},{"@type":"WebSite","@id":"https:\/\/sare.eus\/#website","url":"https:\/\/sare.eus\/","name":"Sare Herritarra","description":"KONPONBIDEAREN ETA GIZA ESKUBIDEEN ALDEKO SARE HERRITARRA","publisher":{"@id":"https:\/\/sare.eus\/#organization"},"potentialAction":[{"@type":"SearchAction","target":{"@type":"EntryPoint","urlTemplate":"https:\/\/sare.eus\/?s={search_term_string}"},"query-input":{"@type":"PropertyValueSpecification","valueRequired":true,"valueName":"search_term_string"}}],"inLanguage":"es"},{"@type":"Organization","@id":"https:\/\/sare.eus\/#organization","name":"Sare Herritarra","url":"https:\/\/sare.eus\/","logo":{"@type":"ImageObject","inLanguage":"es","@id":"https:\/\/sare.eus\/#\/schema\/logo\/image\/","url":"https:\/\/sare.eus\/wp-content\/uploads\/2021\/08\/sare.png","contentUrl":"https:\/\/sare.eus\/wp-content\/uploads\/2021\/08\/sare.png","width":120,"height":142,"caption":"Sare Herritarra"},"image":{"@id":"https:\/\/sare.eus\/#\/schema\/logo\/image\/"}},{"@type":"Person","@id":"https:\/\/sare.eus\/#\/schema\/person\/2fe6d0df294f56313d3ab236dbe38e17","name":"sare","image":{"@type":"ImageObject","inLanguage":"es","@id":"https:\/\/sare.eus\/#\/schema\/person\/image\/","url":"https:\/\/secure.gravatar.com\/avatar\/77cad838677ceb1977e7b3c878b55eaa7fa4aae2158983063b047c3ad7ef2c25?s=96&d=mm&r=g","contentUrl":"https:\/\/secure.gravatar.com\/avatar\/77cad838677ceb1977e7b3c878b55eaa7fa4aae2158983063b047c3ad7ef2c25?s=96&d=mm&r=g","caption":"sare"},"url":"https:\/\/sare.eus\/es\/author\/sare\/"}]}},"_links":{"self":[{"href":"https:\/\/sare.eus\/es\/wp-json\/wp\/v2\/posts\/5176","targetHints":{"allow":["GET"]}}],"collection":[{"href":"https:\/\/sare.eus\/es\/wp-json\/wp\/v2\/posts"}],"about":[{"href":"https:\/\/sare.eus\/es\/wp-json\/wp\/v2\/types\/post"}],"author":[{"embeddable":true,"href":"https:\/\/sare.eus\/es\/wp-json\/wp\/v2\/users\/2"}],"replies":[{"embeddable":true,"href":"https:\/\/sare.eus\/es\/wp-json\/wp\/v2\/comments?post=5176"}],"version-history":[{"count":7,"href":"https:\/\/sare.eus\/es\/wp-json\/wp\/v2\/posts\/5176\/revisions"}],"predecessor-version":[{"id":5190,"href":"https:\/\/sare.eus\/es\/wp-json\/wp\/v2\/posts\/5176\/revisions\/5190"}],"wp:featuredmedia":[{"embeddable":true,"href":"https:\/\/sare.eus\/es\/wp-json\/wp\/v2\/media\/5156"}],"wp:attachment":[{"href":"https:\/\/sare.eus\/es\/wp-json\/wp\/v2\/media?parent=5176"}],"wp:term":[{"taxonomy":"category","embeddable":true,"href":"https:\/\/sare.eus\/es\/wp-json\/wp\/v2\/categories?post=5176"},{"taxonomy":"post_tag","embeddable":true,"href":"https:\/\/sare.eus\/es\/wp-json\/wp\/v2\/tags?post=5176"}],"curies":[{"name":"wp","href":"https:\/\/api.w.org\/{rel}","templated":true}]}}