{"id":5143,"date":"2023-03-27T15:30:18","date_gmt":"2023-03-27T15:30:18","guid":{"rendered":"https:\/\/sare.eus\/apirilak-7-osasunaren-nazioarteko-egunean-tipularen-sehaska-kanta-filma-ikusgai\/"},"modified":"2023-03-27T17:35:48","modified_gmt":"2023-03-27T17:35:48","slug":"7-de-abril-dia-internacional-de-la-salud-proyeccion-de-la-pelicula-tipularen-sehaska-kanta","status":"publish","type":"post","link":"https:\/\/sare.eus\/es\/7-de-abril-dia-internacional-de-la-salud-proyeccion-de-la-pelicula-tipularen-sehaska-kanta\/","title":{"rendered":"7 DE ABRIL, D\u00cdA INTERNACIONAL DE LA SALUD, PROYECCI\u00d3N DE LA PEL\u00cdCULA \u00abTipularen sehaska kanta\u00bb"},"content":{"rendered":"<h2><strong>Tipularen sehaska kanta, Film-documental dirigido por Lander Garro, Film que pretende dar a conocer el dolor que supone la enfermedad en prisi\u00f3n.<\/strong> Lo difundiremos en nuestro canal YouTube con motivo del 7 de Abril, D\u00eda Internacional de la Salud. La pel\u00edcula se emitir\u00e1 a partir de las 12:00 del mediod\u00eda.<\/h2>\n<p>\u00a0<\/p>\n<hr \/>\n\n\n<figure class=\"wp-block-embed is-type-video is-provider-youtube wp-block-embed-youtube wp-embed-aspect-16-9 wp-has-aspect-ratio\"><div class=\"wp-block-embed__wrapper\">\n<iframe loading=\"lazy\" title=\"TIPULAREN SEHASKA KANTA - FILMA\" width=\"1080\" height=\"608\" src=\"https:\/\/www.youtube.com\/embed\/9w-j9oByDzc?feature=oembed\" frameborder=\"0\" allow=\"accelerometer; autoplay; clipboard-write; encrypted-media; gyroscope; picture-in-picture; web-share\" allowfullscreen><\/iframe>\n<\/div><figcaption><strong>Filma euskara gaztelerazko subtituloekin <\/strong><\/figcaption><\/figure>\n\n\n<hr \/>\n<p><strong>&gt;&gt;<a href=\"https:\/\/sare.eus\/wp-content\/uploads\/2023\/03\/2023_APIRILAK-7-OSASUNAREN-NAZIOARTEKO-EGUNA.pdf\">2023_7 DE ABRIL, D\u00cdA INTERNACIONAL DE LA SALUD<\/a>|Lectura\u00a0<\/strong><\/p>\n\n\n<figure class=\"wp-block-image size-large\"><img loading=\"lazy\" decoding=\"async\" width=\"724\" height=\"1024\" src=\"https:\/\/sare.eus\/wp-content\/uploads\/2023\/03\/Larriki-gaixo-dauden-presoak-etxera_bertikala_A3_web-724x1024.jpg\" alt=\"\" class=\"wp-image-5135\" srcset=\"https:\/\/sare.eus\/wp-content\/uploads\/2023\/03\/Larriki-gaixo-dauden-presoak-etxera_bertikala_A3_web-724x1024.jpg 724w, https:\/\/sare.eus\/wp-content\/uploads\/2023\/03\/Larriki-gaixo-dauden-presoak-etxera_bertikala_A3_web-212x300.jpg 212w, https:\/\/sare.eus\/wp-content\/uploads\/2023\/03\/Larriki-gaixo-dauden-presoak-etxera_bertikala_A3_web-768x1086.jpg 768w, https:\/\/sare.eus\/wp-content\/uploads\/2023\/03\/Larriki-gaixo-dauden-presoak-etxera_bertikala_A3_web-1086x1536.jpg 1086w, https:\/\/sare.eus\/wp-content\/uploads\/2023\/03\/Larriki-gaixo-dauden-presoak-etxera_bertikala_A3_web-1449x2048.jpg 1449w, https:\/\/sare.eus\/wp-content\/uploads\/2023\/03\/Larriki-gaixo-dauden-presoak-etxera_bertikala_A3_web-1080x1527.jpg 1080w, https:\/\/sare.eus\/wp-content\/uploads\/2023\/03\/Larriki-gaixo-dauden-presoak-etxera_bertikala_A3_web-scaled.jpg 1811w\" sizes=\"(max-width: 724px) 100vw, 724px\" \/><\/figure>\n","protected":false},"excerpt":{"rendered":"<p>Tipularen sehaska kanta, Film-documental dirigido por Lander Garro, Film que pretende dar a conocer el dolor que supone la enfermedad en prisi\u00f3n. Lo difundiremos en nuestro canal YouTube con motivo [&hellip;]<\/p>\n","protected":false},"author":2,"featured_media":2331,"comment_status":"closed","ping_status":"closed","sticky":false,"template":"","format":"standard","meta":{"_acf_changed":false,"_et_pb_use_builder":"off","_et_pb_old_content":"","_et_gb_content_width":"","footnotes":""},"categories":[64],"tags":[],"class_list":["post-5143","post","type-post","status-publish","format-standard","has-post-thumbnail","hentry","category-enfermos-graves","et-has-post-format-content","et_post_format-et-post-format-standard"],"acf":[],"yoast_head":"<!-- This site is optimized with the Yoast SEO plugin v26.4 - https:\/\/yoast.com\/wordpress\/plugins\/seo\/ -->\n<title>7 DE ABRIL, D\u00cdA INTERNACIONAL DE LA SALUD, PROYECCI\u00d3N DE LA PEL\u00cdCULA &quot;Tipularen sehaska kanta&quot; - Sare Herritarra<\/title>\n<meta name=\"robots\" content=\"index, follow, max-snippet:-1, max-image-preview:large, max-video-preview:-1\" \/>\n<link rel=\"canonical\" href=\"https:\/\/sare.eus\/es\/7-de-abril-dia-internacional-de-la-salud-proyeccion-de-la-pelicula-tipularen-sehaska-kanta\/\" \/>\n<meta property=\"og:locale\" content=\"es_ES\" \/>\n<meta property=\"og:type\" content=\"article\" \/>\n<meta property=\"og:title\" content=\"7 DE ABRIL, D\u00cdA INTERNACIONAL DE LA SALUD, PROYECCI\u00d3N DE LA PEL\u00cdCULA &quot;Tipularen sehaska kanta&quot; - Sare Herritarra\" \/>\n<meta property=\"og:description\" content=\"Tipularen sehaska kanta, Film-documental dirigido por Lander Garro, Film que pretende dar a conocer el dolor que supone la enfermedad en prisi\u00f3n. Lo difundiremos en nuestro canal YouTube con motivo [&hellip;]\" \/>\n<meta property=\"og:url\" content=\"https:\/\/sare.eus\/es\/7-de-abril-dia-internacional-de-la-salud-proyeccion-de-la-pelicula-tipularen-sehaska-kanta\/\" \/>\n<meta property=\"og:site_name\" content=\"Sare Herritarra\" \/>\n<meta property=\"article:published_time\" content=\"2023-03-27T15:30:18+00:00\" \/>\n<meta property=\"article:modified_time\" content=\"2023-03-27T17:35:48+00:00\" \/>\n<meta property=\"og:image\" content=\"https:\/\/sare.eus\/wp-content\/uploads\/2022\/01\/ESTRENALDIA-OTSAILAK-03.jpg\" \/>\n\t<meta property=\"og:image:width\" content=\"1280\" \/>\n\t<meta property=\"og:image:height\" content=\"720\" \/>\n\t<meta property=\"og:image:type\" content=\"image\/jpeg\" \/>\n<meta name=\"author\" content=\"sare\" \/>\n<meta name=\"twitter:card\" content=\"summary_large_image\" \/>\n<meta name=\"twitter:label1\" content=\"Escrito por\" \/>\n\t<meta name=\"twitter:data1\" content=\"sare\" \/>\n\t<meta name=\"twitter:label2\" content=\"Tiempo de lectura\" \/>\n\t<meta name=\"twitter:data2\" content=\"1 minuto\" \/>\n<script type=\"application\/ld+json\" class=\"yoast-schema-graph\">{\"@context\":\"https:\/\/schema.org\",\"@graph\":[{\"@type\":\"Article\",\"@id\":\"https:\/\/sare.eus\/es\/7-de-abril-dia-internacional-de-la-salud-proyeccion-de-la-pelicula-tipularen-sehaska-kanta\/#article\",\"isPartOf\":{\"@id\":\"https:\/\/sare.eus\/es\/7-de-abril-dia-internacional-de-la-salud-proyeccion-de-la-pelicula-tipularen-sehaska-kanta\/\"},\"author\":{\"name\":\"sare\",\"@id\":\"https:\/\/sare.eus\/#\/schema\/person\/2fe6d0df294f56313d3ab236dbe38e17\"},\"headline\":\"7 DE ABRIL, D\u00cdA INTERNACIONAL DE LA SALUD, PROYECCI\u00d3N DE LA PEL\u00cdCULA \u00abTipularen sehaska kanta\u00bb\",\"datePublished\":\"2023-03-27T15:30:18+00:00\",\"dateModified\":\"2023-03-27T17:35:48+00:00\",\"mainEntityOfPage\":{\"@id\":\"https:\/\/sare.eus\/es\/7-de-abril-dia-internacional-de-la-salud-proyeccion-de-la-pelicula-tipularen-sehaska-kanta\/\"},\"wordCount\":89,\"publisher\":{\"@id\":\"https:\/\/sare.eus\/#organization\"},\"image\":{\"@id\":\"https:\/\/sare.eus\/es\/7-de-abril-dia-internacional-de-la-salud-proyeccion-de-la-pelicula-tipularen-sehaska-kanta\/#primaryimage\"},\"thumbnailUrl\":\"https:\/\/sare.eus\/wp-content\/uploads\/2022\/01\/ESTRENALDIA-OTSAILAK-03.jpg\",\"articleSection\":[\"Enfermos Graves\"],\"inLanguage\":\"es\"},{\"@type\":\"WebPage\",\"@id\":\"https:\/\/sare.eus\/es\/7-de-abril-dia-internacional-de-la-salud-proyeccion-de-la-pelicula-tipularen-sehaska-kanta\/\",\"url\":\"https:\/\/sare.eus\/es\/7-de-abril-dia-internacional-de-la-salud-proyeccion-de-la-pelicula-tipularen-sehaska-kanta\/\",\"name\":\"7 DE ABRIL, D\u00cdA INTERNACIONAL DE LA SALUD, PROYECCI\u00d3N DE LA PEL\u00cdCULA \\\"Tipularen sehaska kanta\\\" - Sare Herritarra\",\"isPartOf\":{\"@id\":\"https:\/\/sare.eus\/#website\"},\"primaryImageOfPage\":{\"@id\":\"https:\/\/sare.eus\/es\/7-de-abril-dia-internacional-de-la-salud-proyeccion-de-la-pelicula-tipularen-sehaska-kanta\/#primaryimage\"},\"image\":{\"@id\":\"https:\/\/sare.eus\/es\/7-de-abril-dia-internacional-de-la-salud-proyeccion-de-la-pelicula-tipularen-sehaska-kanta\/#primaryimage\"},\"thumbnailUrl\":\"https:\/\/sare.eus\/wp-content\/uploads\/2022\/01\/ESTRENALDIA-OTSAILAK-03.jpg\",\"datePublished\":\"2023-03-27T15:30:18+00:00\",\"dateModified\":\"2023-03-27T17:35:48+00:00\",\"breadcrumb\":{\"@id\":\"https:\/\/sare.eus\/es\/7-de-abril-dia-internacional-de-la-salud-proyeccion-de-la-pelicula-tipularen-sehaska-kanta\/#breadcrumb\"},\"inLanguage\":\"es\",\"potentialAction\":[{\"@type\":\"ReadAction\",\"target\":[\"https:\/\/sare.eus\/es\/7-de-abril-dia-internacional-de-la-salud-proyeccion-de-la-pelicula-tipularen-sehaska-kanta\/\"]}]},{\"@type\":\"ImageObject\",\"inLanguage\":\"es\",\"@id\":\"https:\/\/sare.eus\/es\/7-de-abril-dia-internacional-de-la-salud-proyeccion-de-la-pelicula-tipularen-sehaska-kanta\/#primaryimage\",\"url\":\"https:\/\/sare.eus\/wp-content\/uploads\/2022\/01\/ESTRENALDIA-OTSAILAK-03.jpg\",\"contentUrl\":\"https:\/\/sare.eus\/wp-content\/uploads\/2022\/01\/ESTRENALDIA-OTSAILAK-03.jpg\",\"width\":1280,\"height\":720},{\"@type\":\"BreadcrumbList\",\"@id\":\"https:\/\/sare.eus\/es\/7-de-abril-dia-internacional-de-la-salud-proyeccion-de-la-pelicula-tipularen-sehaska-kanta\/#breadcrumb\",\"itemListElement\":[{\"@type\":\"ListItem\",\"position\":1,\"name\":\"Home\",\"item\":\"https:\/\/sare.eus\/\"},{\"@type\":\"ListItem\",\"position\":2,\"name\":\"7 DE ABRIL, D\u00cdA INTERNACIONAL DE LA SALUD, PROYECCI\u00d3N DE LA PEL\u00cdCULA \u00abTipularen sehaska kanta\u00bb\"}]},{\"@type\":\"WebSite\",\"@id\":\"https:\/\/sare.eus\/#website\",\"url\":\"https:\/\/sare.eus\/\",\"name\":\"Sare Herritarra\",\"description\":\"KONPONBIDEAREN ETA GIZA ESKUBIDEEN ALDEKO SARE HERRITARRA\",\"publisher\":{\"@id\":\"https:\/\/sare.eus\/#organization\"},\"potentialAction\":[{\"@type\":\"SearchAction\",\"target\":{\"@type\":\"EntryPoint\",\"urlTemplate\":\"https:\/\/sare.eus\/?s={search_term_string}\"},\"query-input\":{\"@type\":\"PropertyValueSpecification\",\"valueRequired\":true,\"valueName\":\"search_term_string\"}}],\"inLanguage\":\"es\"},{\"@type\":\"Organization\",\"@id\":\"https:\/\/sare.eus\/#organization\",\"name\":\"Sare Herritarra\",\"url\":\"https:\/\/sare.eus\/\",\"logo\":{\"@type\":\"ImageObject\",\"inLanguage\":\"es\",\"@id\":\"https:\/\/sare.eus\/#\/schema\/logo\/image\/\",\"url\":\"https:\/\/sare.eus\/wp-content\/uploads\/2021\/08\/sare.png\",\"contentUrl\":\"https:\/\/sare.eus\/wp-content\/uploads\/2021\/08\/sare.png\",\"width\":120,\"height\":142,\"caption\":\"Sare Herritarra\"},\"image\":{\"@id\":\"https:\/\/sare.eus\/#\/schema\/logo\/image\/\"}},{\"@type\":\"Person\",\"@id\":\"https:\/\/sare.eus\/#\/schema\/person\/2fe6d0df294f56313d3ab236dbe38e17\",\"name\":\"sare\",\"image\":{\"@type\":\"ImageObject\",\"inLanguage\":\"es\",\"@id\":\"https:\/\/sare.eus\/#\/schema\/person\/image\/\",\"url\":\"https:\/\/secure.gravatar.com\/avatar\/77cad838677ceb1977e7b3c878b55eaa7fa4aae2158983063b047c3ad7ef2c25?s=96&d=mm&r=g\",\"contentUrl\":\"https:\/\/secure.gravatar.com\/avatar\/77cad838677ceb1977e7b3c878b55eaa7fa4aae2158983063b047c3ad7ef2c25?s=96&d=mm&r=g\",\"caption\":\"sare\"},\"url\":\"https:\/\/sare.eus\/es\/author\/sare\/\"}]}<\/script>\n<!-- \/ Yoast SEO plugin. -->","yoast_head_json":{"title":"7 DE ABRIL, D\u00cdA INTERNACIONAL DE LA SALUD, PROYECCI\u00d3N DE LA PEL\u00cdCULA \"Tipularen sehaska kanta\" - Sare Herritarra","robots":{"index":"index","follow":"follow","max-snippet":"max-snippet:-1","max-image-preview":"max-image-preview:large","max-video-preview":"max-video-preview:-1"},"canonical":"https:\/\/sare.eus\/es\/7-de-abril-dia-internacional-de-la-salud-proyeccion-de-la-pelicula-tipularen-sehaska-kanta\/","og_locale":"es_ES","og_type":"article","og_title":"7 DE ABRIL, D\u00cdA INTERNACIONAL DE LA SALUD, PROYECCI\u00d3N DE LA PEL\u00cdCULA \"Tipularen sehaska kanta\" - Sare Herritarra","og_description":"Tipularen sehaska kanta, Film-documental dirigido por Lander Garro, Film que pretende dar a conocer el dolor que supone la enfermedad en prisi\u00f3n. Lo difundiremos en nuestro canal YouTube con motivo [&hellip;]","og_url":"https:\/\/sare.eus\/es\/7-de-abril-dia-internacional-de-la-salud-proyeccion-de-la-pelicula-tipularen-sehaska-kanta\/","og_site_name":"Sare Herritarra","article_published_time":"2023-03-27T15:30:18+00:00","article_modified_time":"2023-03-27T17:35:48+00:00","og_image":[{"width":1280,"height":720,"url":"https:\/\/sare.eus\/wp-content\/uploads\/2022\/01\/ESTRENALDIA-OTSAILAK-03.jpg","type":"image\/jpeg"}],"author":"sare","twitter_card":"summary_large_image","twitter_misc":{"Escrito por":"sare","Tiempo de lectura":"1 minuto"},"schema":{"@context":"https:\/\/schema.org","@graph":[{"@type":"Article","@id":"https:\/\/sare.eus\/es\/7-de-abril-dia-internacional-de-la-salud-proyeccion-de-la-pelicula-tipularen-sehaska-kanta\/#article","isPartOf":{"@id":"https:\/\/sare.eus\/es\/7-de-abril-dia-internacional-de-la-salud-proyeccion-de-la-pelicula-tipularen-sehaska-kanta\/"},"author":{"name":"sare","@id":"https:\/\/sare.eus\/#\/schema\/person\/2fe6d0df294f56313d3ab236dbe38e17"},"headline":"7 DE ABRIL, D\u00cdA INTERNACIONAL DE LA SALUD, PROYECCI\u00d3N DE LA PEL\u00cdCULA \u00abTipularen sehaska kanta\u00bb","datePublished":"2023-03-27T15:30:18+00:00","dateModified":"2023-03-27T17:35:48+00:00","mainEntityOfPage":{"@id":"https:\/\/sare.eus\/es\/7-de-abril-dia-internacional-de-la-salud-proyeccion-de-la-pelicula-tipularen-sehaska-kanta\/"},"wordCount":89,"publisher":{"@id":"https:\/\/sare.eus\/#organization"},"image":{"@id":"https:\/\/sare.eus\/es\/7-de-abril-dia-internacional-de-la-salud-proyeccion-de-la-pelicula-tipularen-sehaska-kanta\/#primaryimage"},"thumbnailUrl":"https:\/\/sare.eus\/wp-content\/uploads\/2022\/01\/ESTRENALDIA-OTSAILAK-03.jpg","articleSection":["Enfermos Graves"],"inLanguage":"es"},{"@type":"WebPage","@id":"https:\/\/sare.eus\/es\/7-de-abril-dia-internacional-de-la-salud-proyeccion-de-la-pelicula-tipularen-sehaska-kanta\/","url":"https:\/\/sare.eus\/es\/7-de-abril-dia-internacional-de-la-salud-proyeccion-de-la-pelicula-tipularen-sehaska-kanta\/","name":"7 DE ABRIL, D\u00cdA INTERNACIONAL DE LA SALUD, PROYECCI\u00d3N DE LA PEL\u00cdCULA \"Tipularen sehaska kanta\" - Sare Herritarra","isPartOf":{"@id":"https:\/\/sare.eus\/#website"},"primaryImageOfPage":{"@id":"https:\/\/sare.eus\/es\/7-de-abril-dia-internacional-de-la-salud-proyeccion-de-la-pelicula-tipularen-sehaska-kanta\/#primaryimage"},"image":{"@id":"https:\/\/sare.eus\/es\/7-de-abril-dia-internacional-de-la-salud-proyeccion-de-la-pelicula-tipularen-sehaska-kanta\/#primaryimage"},"thumbnailUrl":"https:\/\/sare.eus\/wp-content\/uploads\/2022\/01\/ESTRENALDIA-OTSAILAK-03.jpg","datePublished":"2023-03-27T15:30:18+00:00","dateModified":"2023-03-27T17:35:48+00:00","breadcrumb":{"@id":"https:\/\/sare.eus\/es\/7-de-abril-dia-internacional-de-la-salud-proyeccion-de-la-pelicula-tipularen-sehaska-kanta\/#breadcrumb"},"inLanguage":"es","potentialAction":[{"@type":"ReadAction","target":["https:\/\/sare.eus\/es\/7-de-abril-dia-internacional-de-la-salud-proyeccion-de-la-pelicula-tipularen-sehaska-kanta\/"]}]},{"@type":"ImageObject","inLanguage":"es","@id":"https:\/\/sare.eus\/es\/7-de-abril-dia-internacional-de-la-salud-proyeccion-de-la-pelicula-tipularen-sehaska-kanta\/#primaryimage","url":"https:\/\/sare.eus\/wp-content\/uploads\/2022\/01\/ESTRENALDIA-OTSAILAK-03.jpg","contentUrl":"https:\/\/sare.eus\/wp-content\/uploads\/2022\/01\/ESTRENALDIA-OTSAILAK-03.jpg","width":1280,"height":720},{"@type":"BreadcrumbList","@id":"https:\/\/sare.eus\/es\/7-de-abril-dia-internacional-de-la-salud-proyeccion-de-la-pelicula-tipularen-sehaska-kanta\/#breadcrumb","itemListElement":[{"@type":"ListItem","position":1,"name":"Home","item":"https:\/\/sare.eus\/"},{"@type":"ListItem","position":2,"name":"7 DE ABRIL, D\u00cdA INTERNACIONAL DE LA SALUD, PROYECCI\u00d3N DE LA PEL\u00cdCULA \u00abTipularen sehaska kanta\u00bb"}]},{"@type":"WebSite","@id":"https:\/\/sare.eus\/#website","url":"https:\/\/sare.eus\/","name":"Sare Herritarra","description":"KONPONBIDEAREN ETA GIZA ESKUBIDEEN ALDEKO SARE HERRITARRA","publisher":{"@id":"https:\/\/sare.eus\/#organization"},"potentialAction":[{"@type":"SearchAction","target":{"@type":"EntryPoint","urlTemplate":"https:\/\/sare.eus\/?s={search_term_string}"},"query-input":{"@type":"PropertyValueSpecification","valueRequired":true,"valueName":"search_term_string"}}],"inLanguage":"es"},{"@type":"Organization","@id":"https:\/\/sare.eus\/#organization","name":"Sare Herritarra","url":"https:\/\/sare.eus\/","logo":{"@type":"ImageObject","inLanguage":"es","@id":"https:\/\/sare.eus\/#\/schema\/logo\/image\/","url":"https:\/\/sare.eus\/wp-content\/uploads\/2021\/08\/sare.png","contentUrl":"https:\/\/sare.eus\/wp-content\/uploads\/2021\/08\/sare.png","width":120,"height":142,"caption":"Sare Herritarra"},"image":{"@id":"https:\/\/sare.eus\/#\/schema\/logo\/image\/"}},{"@type":"Person","@id":"https:\/\/sare.eus\/#\/schema\/person\/2fe6d0df294f56313d3ab236dbe38e17","name":"sare","image":{"@type":"ImageObject","inLanguage":"es","@id":"https:\/\/sare.eus\/#\/schema\/person\/image\/","url":"https:\/\/secure.gravatar.com\/avatar\/77cad838677ceb1977e7b3c878b55eaa7fa4aae2158983063b047c3ad7ef2c25?s=96&d=mm&r=g","contentUrl":"https:\/\/secure.gravatar.com\/avatar\/77cad838677ceb1977e7b3c878b55eaa7fa4aae2158983063b047c3ad7ef2c25?s=96&d=mm&r=g","caption":"sare"},"url":"https:\/\/sare.eus\/es\/author\/sare\/"}]}},"_links":{"self":[{"href":"https:\/\/sare.eus\/es\/wp-json\/wp\/v2\/posts\/5143","targetHints":{"allow":["GET"]}}],"collection":[{"href":"https:\/\/sare.eus\/es\/wp-json\/wp\/v2\/posts"}],"about":[{"href":"https:\/\/sare.eus\/es\/wp-json\/wp\/v2\/types\/post"}],"author":[{"embeddable":true,"href":"https:\/\/sare.eus\/es\/wp-json\/wp\/v2\/users\/2"}],"replies":[{"embeddable":true,"href":"https:\/\/sare.eus\/es\/wp-json\/wp\/v2\/comments?post=5143"}],"version-history":[{"count":3,"href":"https:\/\/sare.eus\/es\/wp-json\/wp\/v2\/posts\/5143\/revisions"}],"predecessor-version":[{"id":5151,"href":"https:\/\/sare.eus\/es\/wp-json\/wp\/v2\/posts\/5143\/revisions\/5151"}],"wp:featuredmedia":[{"embeddable":true,"href":"https:\/\/sare.eus\/es\/wp-json\/wp\/v2\/media\/2331"}],"wp:attachment":[{"href":"https:\/\/sare.eus\/es\/wp-json\/wp\/v2\/media?parent=5143"}],"wp:term":[{"taxonomy":"category","embeddable":true,"href":"https:\/\/sare.eus\/es\/wp-json\/wp\/v2\/categories?post=5143"},{"taxonomy":"post_tag","embeddable":true,"href":"https:\/\/sare.eus\/es\/wp-json\/wp\/v2\/tags?post=5143"}],"curies":[{"name":"wp","href":"https:\/\/api.w.org\/{rel}","templated":true}]}}