{"id":5128,"date":"2023-03-26T09:30:36","date_gmt":"2023-03-26T09:30:36","guid":{"rendered":"https:\/\/sare.eus\/35-urte-eta-gero-esan-dezakegu-urruntze-politikaren-amaiera-iritsi-dela-azkenean-lortu-dugula\/"},"modified":"2023-03-26T09:33:22","modified_gmt":"2023-03-26T09:33:22","slug":"tras-35-anos-podemos-hoy-afirmar-que-ha-finalizado-el-alejamiento-por-fin-lo-hemos-conseguido","status":"publish","type":"post","link":"https:\/\/sare.eus\/es\/tras-35-anos-podemos-hoy-afirmar-que-ha-finalizado-el-alejamiento-por-fin-lo-hemos-conseguido\/","title":{"rendered":"Tras 35 a\u00f1os, podemos hoy afirmar que ha finalizado el alejamiento. Por fin lo hemos conseguido."},"content":{"rendered":"<p>Por fin. Ha llegado el momento de ofreceros la rueda de prensa que dese\u00e1bamos convocar desde hace mucho tiempo. Tras 35 a\u00f1os, podemos hoy afirmar que ha finalizado el alejamiento. Por fin lo hemos conseguido. El incansable trabajo realizado para traer a las y los presos vascos a Euskal Herria ha dado finalmente resultado. Tras mucho sufrimiento, hemos llegado al final de este cruel tiempo.<\/p>\n<p>En todos estos a\u00f1os han tenido lugar innumerables movilizaciones, conciertos, reuniones, diversas iniciativas. En sinton\u00eda con este objetivo hemos llenado las calles. Hemos estado con personas muy diferentes, esforz\u00e1ndonos una y otra vez por lograr amplios acuerdos y, finalmente, se ha consolidado una mayor\u00eda social, pol\u00edtica y sindical en favor del final del alejamiento. Queremos felicitar a quienes, de una manera u otra, han ofrecido desde la m\u00e1s peque\u00f1a a la mayor aportaci\u00f3n, porque hemos conseguido acabar con el alejamiento que tanto ansi\u00e1bamos.<\/p>\n<p>Hemos recorrido miles y miles de kil\u00f3metros que han provocado decenas de accidentes, m\u00e1s de mil personas heridas, sin olvidar las 16 personas que han quedado en la carretera. Queremos enviar uestro m\u00e1s c\u00e1lido abrazo especialmente hoy a sus familiares.<\/p>\n<p>Queremos recordar hoy a las familias y personas allegadas de quienes han perdido la vida como consecuencia de la alejamiento, as\u00ed como a todas aquellas personas y entidades que han contribuido a aligerar la pesada mochila que durante tanto tiempo han tenido que llevar; a los ch\u00f3feres de autobuses, las y los voluntarios de Mirentxin, a quienes han ayudado en las visitas, tanto en Francia como en Espa\u00f1a.<\/p>\n<p>Y ahora, \u00bfqu\u00e9? Nosotras lo tenemos muy claro. Debemos incidir en el proceso de regreso a casa de las y los presos, refugiados y deportados, en consonancia con el recorrido que prev\u00e9 la ley. Hay que seguir pidiendo que se les aplique la legislaci\u00f3n ordinaria y sortear los obst\u00e1culos que ponen a los presos y presas.<\/p>\n<p>Por lo tanto, sin perder un momento, toca trabajar en sinton\u00eda con el lema etxera. Debemos continuar en el camino que estamos recorriendo los \u00faltimos a\u00f1os,<\/p>\n<p>Porque a\u00fan se mantiene vigente la ley 7\/2003 que posibilita la perpetuidad<\/p>\n<p>Porque sigue intacta la ley 14\/2003 que impide no se compute el tiempo cumplido en Francia<\/p>\n<p>Porque la Ley 5\/2003, mantiene la competencia de las progresiones de grado y\/o permisos penitenciarios en un \u00f3rgano de excepci\u00f3n, como es la Audiencia Nacional, en detrimento de los Juzgados de proximidad.<\/p>\n<p>Porque estando en 2\u00ba grado se niegan muchos permisos<\/p>\n<p>Porque hay 33 presos en 3\u00ba grado, cuando deber\u00edan estar 110<\/p>\n<p>Porque contin\u00faan produciendose regresiones de grado<\/p>\n<p>Porque contin\u00faan vigentes las leyes de excepci\u00f3n<\/p>\n<p>Vamos a seguir promoviendo relaciones, buscando la activaci\u00f3n, llenando las plazas y transmitiendo nuestras peticiones a los cuatro vientos. Porque solo as\u00ed conseguiremos que se aplique a los presos vascos la legislaci\u00f3n ordinaria, y que desaparezcan las leyes de excepci\u00f3n.<\/p>\n<p>Y todo esto en aras de la convivencia debemos hacerlo compatible con el apoyo y exigencia de reparaci\u00f3n para todas las v\u00edctimas de todas las violencias.<\/p>\n<p>Felicidades y muchas gracias.<\/p>\n","protected":false},"excerpt":{"rendered":"<p>Por fin. Ha llegado el momento de ofreceros la rueda de prensa que dese\u00e1bamos convocar desde hace mucho tiempo. Tras 35 a\u00f1os, podemos hoy afirmar que ha finalizado el alejamiento. [&hellip;]<\/p>\n","protected":false},"author":2,"featured_media":5127,"comment_status":"closed","ping_status":"closed","sticky":false,"template":"","format":"standard","meta":{"_acf_changed":false,"_et_pb_use_builder":"off","_et_pb_old_content":"","_et_gb_content_width":"","footnotes":""},"categories":[60],"tags":[],"class_list":["post-5128","post","type-post","status-publish","format-standard","has-post-thumbnail","hentry","category-etxera-es","et-has-post-format-content","et_post_format-et-post-format-standard"],"acf":[],"yoast_head":"<!-- This site is optimized with the Yoast SEO plugin v26.4 - https:\/\/yoast.com\/wordpress\/plugins\/seo\/ -->\n<title>Tras 35 a\u00f1os, podemos hoy afirmar que ha finalizado el alejamiento. Por fin lo hemos conseguido. - Sare Herritarra<\/title>\n<meta name=\"robots\" content=\"index, follow, max-snippet:-1, max-image-preview:large, max-video-preview:-1\" \/>\n<link rel=\"canonical\" href=\"https:\/\/sare.eus\/es\/tras-35-anos-podemos-hoy-afirmar-que-ha-finalizado-el-alejamiento-por-fin-lo-hemos-conseguido\/\" \/>\n<meta property=\"og:locale\" content=\"es_ES\" \/>\n<meta property=\"og:type\" content=\"article\" \/>\n<meta property=\"og:title\" content=\"Tras 35 a\u00f1os, podemos hoy afirmar que ha finalizado el alejamiento. Por fin lo hemos conseguido. - Sare Herritarra\" \/>\n<meta property=\"og:description\" content=\"Por fin. Ha llegado el momento de ofreceros la rueda de prensa que dese\u00e1bamos convocar desde hace mucho tiempo. Tras 35 a\u00f1os, podemos hoy afirmar que ha finalizado el alejamiento. [&hellip;]\" \/>\n<meta property=\"og:url\" content=\"https:\/\/sare.eus\/es\/tras-35-anos-podemos-hoy-afirmar-que-ha-finalizado-el-alejamiento-por-fin-lo-hemos-conseguido\/\" \/>\n<meta property=\"og:site_name\" content=\"Sare Herritarra\" \/>\n<meta property=\"article:published_time\" content=\"2023-03-26T09:30:36+00:00\" \/>\n<meta property=\"article:modified_time\" content=\"2023-03-26T09:33:22+00:00\" \/>\n<meta property=\"og:image\" content=\"https:\/\/sare.eus\/wp-content\/uploads\/2023\/03\/photo_2023-03-26_11-29-37.jpg\" \/>\n\t<meta property=\"og:image:width\" content=\"1280\" \/>\n\t<meta property=\"og:image:height\" content=\"720\" \/>\n\t<meta property=\"og:image:type\" content=\"image\/jpeg\" \/>\n<meta name=\"author\" content=\"sare\" \/>\n<meta name=\"twitter:card\" content=\"summary_large_image\" \/>\n<meta name=\"twitter:label1\" content=\"Escrito por\" \/>\n\t<meta name=\"twitter:data1\" content=\"sare\" \/>\n\t<meta name=\"twitter:label2\" content=\"Tiempo de lectura\" \/>\n\t<meta name=\"twitter:data2\" content=\"3 minutos\" \/>\n<script type=\"application\/ld+json\" class=\"yoast-schema-graph\">{\"@context\":\"https:\/\/schema.org\",\"@graph\":[{\"@type\":\"Article\",\"@id\":\"https:\/\/sare.eus\/es\/tras-35-anos-podemos-hoy-afirmar-que-ha-finalizado-el-alejamiento-por-fin-lo-hemos-conseguido\/#article\",\"isPartOf\":{\"@id\":\"https:\/\/sare.eus\/es\/tras-35-anos-podemos-hoy-afirmar-que-ha-finalizado-el-alejamiento-por-fin-lo-hemos-conseguido\/\"},\"author\":{\"name\":\"sare\",\"@id\":\"https:\/\/sare.eus\/#\/schema\/person\/2fe6d0df294f56313d3ab236dbe38e17\"},\"headline\":\"Tras 35 a\u00f1os, podemos hoy afirmar que ha finalizado el alejamiento. Por fin lo hemos conseguido.\",\"datePublished\":\"2023-03-26T09:30:36+00:00\",\"dateModified\":\"2023-03-26T09:33:22+00:00\",\"mainEntityOfPage\":{\"@id\":\"https:\/\/sare.eus\/es\/tras-35-anos-podemos-hoy-afirmar-que-ha-finalizado-el-alejamiento-por-fin-lo-hemos-conseguido\/\"},\"wordCount\":541,\"publisher\":{\"@id\":\"https:\/\/sare.eus\/#organization\"},\"image\":{\"@id\":\"https:\/\/sare.eus\/es\/tras-35-anos-podemos-hoy-afirmar-que-ha-finalizado-el-alejamiento-por-fin-lo-hemos-conseguido\/#primaryimage\"},\"thumbnailUrl\":\"https:\/\/sare.eus\/wp-content\/uploads\/2023\/03\/photo_2023-03-26_11-29-37.jpg\",\"articleSection\":[\"Etxera\"],\"inLanguage\":\"es\"},{\"@type\":\"WebPage\",\"@id\":\"https:\/\/sare.eus\/es\/tras-35-anos-podemos-hoy-afirmar-que-ha-finalizado-el-alejamiento-por-fin-lo-hemos-conseguido\/\",\"url\":\"https:\/\/sare.eus\/es\/tras-35-anos-podemos-hoy-afirmar-que-ha-finalizado-el-alejamiento-por-fin-lo-hemos-conseguido\/\",\"name\":\"Tras 35 a\u00f1os, podemos hoy afirmar que ha finalizado el alejamiento. Por fin lo hemos conseguido. - Sare Herritarra\",\"isPartOf\":{\"@id\":\"https:\/\/sare.eus\/#website\"},\"primaryImageOfPage\":{\"@id\":\"https:\/\/sare.eus\/es\/tras-35-anos-podemos-hoy-afirmar-que-ha-finalizado-el-alejamiento-por-fin-lo-hemos-conseguido\/#primaryimage\"},\"image\":{\"@id\":\"https:\/\/sare.eus\/es\/tras-35-anos-podemos-hoy-afirmar-que-ha-finalizado-el-alejamiento-por-fin-lo-hemos-conseguido\/#primaryimage\"},\"thumbnailUrl\":\"https:\/\/sare.eus\/wp-content\/uploads\/2023\/03\/photo_2023-03-26_11-29-37.jpg\",\"datePublished\":\"2023-03-26T09:30:36+00:00\",\"dateModified\":\"2023-03-26T09:33:22+00:00\",\"breadcrumb\":{\"@id\":\"https:\/\/sare.eus\/es\/tras-35-anos-podemos-hoy-afirmar-que-ha-finalizado-el-alejamiento-por-fin-lo-hemos-conseguido\/#breadcrumb\"},\"inLanguage\":\"es\",\"potentialAction\":[{\"@type\":\"ReadAction\",\"target\":[\"https:\/\/sare.eus\/es\/tras-35-anos-podemos-hoy-afirmar-que-ha-finalizado-el-alejamiento-por-fin-lo-hemos-conseguido\/\"]}]},{\"@type\":\"ImageObject\",\"inLanguage\":\"es\",\"@id\":\"https:\/\/sare.eus\/es\/tras-35-anos-podemos-hoy-afirmar-que-ha-finalizado-el-alejamiento-por-fin-lo-hemos-conseguido\/#primaryimage\",\"url\":\"https:\/\/sare.eus\/wp-content\/uploads\/2023\/03\/photo_2023-03-26_11-29-37.jpg\",\"contentUrl\":\"https:\/\/sare.eus\/wp-content\/uploads\/2023\/03\/photo_2023-03-26_11-29-37.jpg\",\"width\":1280,\"height\":720},{\"@type\":\"BreadcrumbList\",\"@id\":\"https:\/\/sare.eus\/es\/tras-35-anos-podemos-hoy-afirmar-que-ha-finalizado-el-alejamiento-por-fin-lo-hemos-conseguido\/#breadcrumb\",\"itemListElement\":[{\"@type\":\"ListItem\",\"position\":1,\"name\":\"Home\",\"item\":\"https:\/\/sare.eus\/\"},{\"@type\":\"ListItem\",\"position\":2,\"name\":\"Tras 35 a\u00f1os, podemos hoy afirmar que ha finalizado el alejamiento. Por fin lo hemos conseguido.\"}]},{\"@type\":\"WebSite\",\"@id\":\"https:\/\/sare.eus\/#website\",\"url\":\"https:\/\/sare.eus\/\",\"name\":\"Sare Herritarra\",\"description\":\"KONPONBIDEAREN ETA GIZA ESKUBIDEEN ALDEKO SARE HERRITARRA\",\"publisher\":{\"@id\":\"https:\/\/sare.eus\/#organization\"},\"potentialAction\":[{\"@type\":\"SearchAction\",\"target\":{\"@type\":\"EntryPoint\",\"urlTemplate\":\"https:\/\/sare.eus\/?s={search_term_string}\"},\"query-input\":{\"@type\":\"PropertyValueSpecification\",\"valueRequired\":true,\"valueName\":\"search_term_string\"}}],\"inLanguage\":\"es\"},{\"@type\":\"Organization\",\"@id\":\"https:\/\/sare.eus\/#organization\",\"name\":\"Sare Herritarra\",\"url\":\"https:\/\/sare.eus\/\",\"logo\":{\"@type\":\"ImageObject\",\"inLanguage\":\"es\",\"@id\":\"https:\/\/sare.eus\/#\/schema\/logo\/image\/\",\"url\":\"https:\/\/sare.eus\/wp-content\/uploads\/2021\/08\/sare.png\",\"contentUrl\":\"https:\/\/sare.eus\/wp-content\/uploads\/2021\/08\/sare.png\",\"width\":120,\"height\":142,\"caption\":\"Sare Herritarra\"},\"image\":{\"@id\":\"https:\/\/sare.eus\/#\/schema\/logo\/image\/\"}},{\"@type\":\"Person\",\"@id\":\"https:\/\/sare.eus\/#\/schema\/person\/2fe6d0df294f56313d3ab236dbe38e17\",\"name\":\"sare\",\"image\":{\"@type\":\"ImageObject\",\"inLanguage\":\"es\",\"@id\":\"https:\/\/sare.eus\/#\/schema\/person\/image\/\",\"url\":\"https:\/\/secure.gravatar.com\/avatar\/77cad838677ceb1977e7b3c878b55eaa7fa4aae2158983063b047c3ad7ef2c25?s=96&d=mm&r=g\",\"contentUrl\":\"https:\/\/secure.gravatar.com\/avatar\/77cad838677ceb1977e7b3c878b55eaa7fa4aae2158983063b047c3ad7ef2c25?s=96&d=mm&r=g\",\"caption\":\"sare\"},\"url\":\"https:\/\/sare.eus\/es\/author\/sare\/\"}]}<\/script>\n<!-- \/ Yoast SEO plugin. -->","yoast_head_json":{"title":"Tras 35 a\u00f1os, podemos hoy afirmar que ha finalizado el alejamiento. Por fin lo hemos conseguido. - Sare Herritarra","robots":{"index":"index","follow":"follow","max-snippet":"max-snippet:-1","max-image-preview":"max-image-preview:large","max-video-preview":"max-video-preview:-1"},"canonical":"https:\/\/sare.eus\/es\/tras-35-anos-podemos-hoy-afirmar-que-ha-finalizado-el-alejamiento-por-fin-lo-hemos-conseguido\/","og_locale":"es_ES","og_type":"article","og_title":"Tras 35 a\u00f1os, podemos hoy afirmar que ha finalizado el alejamiento. Por fin lo hemos conseguido. - Sare Herritarra","og_description":"Por fin. Ha llegado el momento de ofreceros la rueda de prensa que dese\u00e1bamos convocar desde hace mucho tiempo. Tras 35 a\u00f1os, podemos hoy afirmar que ha finalizado el alejamiento. [&hellip;]","og_url":"https:\/\/sare.eus\/es\/tras-35-anos-podemos-hoy-afirmar-que-ha-finalizado-el-alejamiento-por-fin-lo-hemos-conseguido\/","og_site_name":"Sare Herritarra","article_published_time":"2023-03-26T09:30:36+00:00","article_modified_time":"2023-03-26T09:33:22+00:00","og_image":[{"width":1280,"height":720,"url":"https:\/\/sare.eus\/wp-content\/uploads\/2023\/03\/photo_2023-03-26_11-29-37.jpg","type":"image\/jpeg"}],"author":"sare","twitter_card":"summary_large_image","twitter_misc":{"Escrito por":"sare","Tiempo de lectura":"3 minutos"},"schema":{"@context":"https:\/\/schema.org","@graph":[{"@type":"Article","@id":"https:\/\/sare.eus\/es\/tras-35-anos-podemos-hoy-afirmar-que-ha-finalizado-el-alejamiento-por-fin-lo-hemos-conseguido\/#article","isPartOf":{"@id":"https:\/\/sare.eus\/es\/tras-35-anos-podemos-hoy-afirmar-que-ha-finalizado-el-alejamiento-por-fin-lo-hemos-conseguido\/"},"author":{"name":"sare","@id":"https:\/\/sare.eus\/#\/schema\/person\/2fe6d0df294f56313d3ab236dbe38e17"},"headline":"Tras 35 a\u00f1os, podemos hoy afirmar que ha finalizado el alejamiento. Por fin lo hemos conseguido.","datePublished":"2023-03-26T09:30:36+00:00","dateModified":"2023-03-26T09:33:22+00:00","mainEntityOfPage":{"@id":"https:\/\/sare.eus\/es\/tras-35-anos-podemos-hoy-afirmar-que-ha-finalizado-el-alejamiento-por-fin-lo-hemos-conseguido\/"},"wordCount":541,"publisher":{"@id":"https:\/\/sare.eus\/#organization"},"image":{"@id":"https:\/\/sare.eus\/es\/tras-35-anos-podemos-hoy-afirmar-que-ha-finalizado-el-alejamiento-por-fin-lo-hemos-conseguido\/#primaryimage"},"thumbnailUrl":"https:\/\/sare.eus\/wp-content\/uploads\/2023\/03\/photo_2023-03-26_11-29-37.jpg","articleSection":["Etxera"],"inLanguage":"es"},{"@type":"WebPage","@id":"https:\/\/sare.eus\/es\/tras-35-anos-podemos-hoy-afirmar-que-ha-finalizado-el-alejamiento-por-fin-lo-hemos-conseguido\/","url":"https:\/\/sare.eus\/es\/tras-35-anos-podemos-hoy-afirmar-que-ha-finalizado-el-alejamiento-por-fin-lo-hemos-conseguido\/","name":"Tras 35 a\u00f1os, podemos hoy afirmar que ha finalizado el alejamiento. Por fin lo hemos conseguido. - Sare Herritarra","isPartOf":{"@id":"https:\/\/sare.eus\/#website"},"primaryImageOfPage":{"@id":"https:\/\/sare.eus\/es\/tras-35-anos-podemos-hoy-afirmar-que-ha-finalizado-el-alejamiento-por-fin-lo-hemos-conseguido\/#primaryimage"},"image":{"@id":"https:\/\/sare.eus\/es\/tras-35-anos-podemos-hoy-afirmar-que-ha-finalizado-el-alejamiento-por-fin-lo-hemos-conseguido\/#primaryimage"},"thumbnailUrl":"https:\/\/sare.eus\/wp-content\/uploads\/2023\/03\/photo_2023-03-26_11-29-37.jpg","datePublished":"2023-03-26T09:30:36+00:00","dateModified":"2023-03-26T09:33:22+00:00","breadcrumb":{"@id":"https:\/\/sare.eus\/es\/tras-35-anos-podemos-hoy-afirmar-que-ha-finalizado-el-alejamiento-por-fin-lo-hemos-conseguido\/#breadcrumb"},"inLanguage":"es","potentialAction":[{"@type":"ReadAction","target":["https:\/\/sare.eus\/es\/tras-35-anos-podemos-hoy-afirmar-que-ha-finalizado-el-alejamiento-por-fin-lo-hemos-conseguido\/"]}]},{"@type":"ImageObject","inLanguage":"es","@id":"https:\/\/sare.eus\/es\/tras-35-anos-podemos-hoy-afirmar-que-ha-finalizado-el-alejamiento-por-fin-lo-hemos-conseguido\/#primaryimage","url":"https:\/\/sare.eus\/wp-content\/uploads\/2023\/03\/photo_2023-03-26_11-29-37.jpg","contentUrl":"https:\/\/sare.eus\/wp-content\/uploads\/2023\/03\/photo_2023-03-26_11-29-37.jpg","width":1280,"height":720},{"@type":"BreadcrumbList","@id":"https:\/\/sare.eus\/es\/tras-35-anos-podemos-hoy-afirmar-que-ha-finalizado-el-alejamiento-por-fin-lo-hemos-conseguido\/#breadcrumb","itemListElement":[{"@type":"ListItem","position":1,"name":"Home","item":"https:\/\/sare.eus\/"},{"@type":"ListItem","position":2,"name":"Tras 35 a\u00f1os, podemos hoy afirmar que ha finalizado el alejamiento. Por fin lo hemos conseguido."}]},{"@type":"WebSite","@id":"https:\/\/sare.eus\/#website","url":"https:\/\/sare.eus\/","name":"Sare Herritarra","description":"KONPONBIDEAREN ETA GIZA ESKUBIDEEN ALDEKO SARE HERRITARRA","publisher":{"@id":"https:\/\/sare.eus\/#organization"},"potentialAction":[{"@type":"SearchAction","target":{"@type":"EntryPoint","urlTemplate":"https:\/\/sare.eus\/?s={search_term_string}"},"query-input":{"@type":"PropertyValueSpecification","valueRequired":true,"valueName":"search_term_string"}}],"inLanguage":"es"},{"@type":"Organization","@id":"https:\/\/sare.eus\/#organization","name":"Sare Herritarra","url":"https:\/\/sare.eus\/","logo":{"@type":"ImageObject","inLanguage":"es","@id":"https:\/\/sare.eus\/#\/schema\/logo\/image\/","url":"https:\/\/sare.eus\/wp-content\/uploads\/2021\/08\/sare.png","contentUrl":"https:\/\/sare.eus\/wp-content\/uploads\/2021\/08\/sare.png","width":120,"height":142,"caption":"Sare Herritarra"},"image":{"@id":"https:\/\/sare.eus\/#\/schema\/logo\/image\/"}},{"@type":"Person","@id":"https:\/\/sare.eus\/#\/schema\/person\/2fe6d0df294f56313d3ab236dbe38e17","name":"sare","image":{"@type":"ImageObject","inLanguage":"es","@id":"https:\/\/sare.eus\/#\/schema\/person\/image\/","url":"https:\/\/secure.gravatar.com\/avatar\/77cad838677ceb1977e7b3c878b55eaa7fa4aae2158983063b047c3ad7ef2c25?s=96&d=mm&r=g","contentUrl":"https:\/\/secure.gravatar.com\/avatar\/77cad838677ceb1977e7b3c878b55eaa7fa4aae2158983063b047c3ad7ef2c25?s=96&d=mm&r=g","caption":"sare"},"url":"https:\/\/sare.eus\/es\/author\/sare\/"}]}},"_links":{"self":[{"href":"https:\/\/sare.eus\/es\/wp-json\/wp\/v2\/posts\/5128","targetHints":{"allow":["GET"]}}],"collection":[{"href":"https:\/\/sare.eus\/es\/wp-json\/wp\/v2\/posts"}],"about":[{"href":"https:\/\/sare.eus\/es\/wp-json\/wp\/v2\/types\/post"}],"author":[{"embeddable":true,"href":"https:\/\/sare.eus\/es\/wp-json\/wp\/v2\/users\/2"}],"replies":[{"embeddable":true,"href":"https:\/\/sare.eus\/es\/wp-json\/wp\/v2\/comments?post=5128"}],"version-history":[{"count":2,"href":"https:\/\/sare.eus\/es\/wp-json\/wp\/v2\/posts\/5128\/revisions"}],"predecessor-version":[{"id":5130,"href":"https:\/\/sare.eus\/es\/wp-json\/wp\/v2\/posts\/5128\/revisions\/5130"}],"wp:featuredmedia":[{"embeddable":true,"href":"https:\/\/sare.eus\/es\/wp-json\/wp\/v2\/media\/5127"}],"wp:attachment":[{"href":"https:\/\/sare.eus\/es\/wp-json\/wp\/v2\/media?parent=5128"}],"wp:term":[{"taxonomy":"category","embeddable":true,"href":"https:\/\/sare.eus\/es\/wp-json\/wp\/v2\/categories?post=5128"},{"taxonomy":"post_tag","embeddable":true,"href":"https:\/\/sare.eus\/es\/wp-json\/wp\/v2\/tags?post=5128"}],"curies":[{"name":"wp","href":"https:\/\/api.w.org\/{rel}","templated":true}]}}