{"id":5107,"date":"2023-03-24T13:04:47","date_gmt":"2023-03-24T13:04:47","guid":{"rendered":"https:\/\/sare.eus\/?p=5107"},"modified":"2023-03-24T17:34:51","modified_gmt":"2023-03-24T17:34:51","slug":"1-de-abril-etxera-eguna-en-arotxapea","status":"publish","type":"post","link":"https:\/\/sare.eus\/es\/1-de-abril-etxera-eguna-en-arotxapea\/","title":{"rendered":"el pr\u00f3ximo 1 de abril  etxera eguna y Manifestac\u00edon en Arrotxapea"},"content":{"rendered":"<p>Queremos informaros de la iniciativa que vamos a poner en marcha para denunciar la situaci\u00f3n que vive el preso de la Rochapea Jon Rubenach Roiz. A trav\u00e9s de la iniciativa <strong><em>\u201cBizi osorako zigorrik EZ! \/ \u00a1NO a la cadena perpetua! Jon Rubenach etxera\u201d<\/em><\/strong> denunciamos el r\u00e9gimen de excepci\u00f3n que se le aplica con la Ley 7\/2014. Consideramos que la aplicaci\u00f3n de esta Ley vulnera los derechos humanos de las personas privadas de libertad.<\/p>\n<p>Jon cumpli\u00f3 casi 16 a\u00f1os de condena en las c\u00e1rceles francesas. La Uni\u00f3n Europea dict\u00f3 una norma que pretend\u00eda que el impacto de todas las sentencias penales europeas tuviera un efecto equivalente. Esto significa que las penas cumplidas en las c\u00e1rceles de la Uni\u00f3n Europea deben ser computadas. En el caso de Jon Rubenach y otros, aproximadamente 50 presos y presas, esto no ha ocurrido. El Estado espa\u00f1ol aprob\u00f3 la Ley 7\/2014 para que los casi 16 a\u00f1os cumplidos en Francia no fueran tenidos en cuenta al cumplir la condena en las c\u00e1rceles espa\u00f1olas. Si esto se materializa, no obtendr\u00eda la libertad hasta 2048, tras pasar 45 a\u00f1os en prisi\u00f3n. 45 a\u00f1os de prisi\u00f3n efectiva equivalen a una condena perpetua encubierta.<\/p>\n<p>Esto no lo podemos permitir. La vulneraci\u00f3n del derecho de Jon a realizar el camino a casa obedece a una pol\u00edtica penitenciaria de excepci\u00f3n.<\/p>\n<p>Por todo esto, os invitamos a sumaros a nuestra iniciativa y a la manifestaci\u00f3n que llevaremos a cabo el pr\u00f3ximo 1 de abril con el lema<em><strong> \u201cBizi osorako zigorrik EZ! \/ \u00a1NO a la cadena perpetua! Jon Rubenach etxera\u201d.<\/strong><\/em><\/p>\n","protected":false},"excerpt":{"rendered":"<p>Queremos informaros de la iniciativa que vamos a poner en marcha para denunciar la situaci\u00f3n que vive el preso de la Rochapea Jon Rubenach Roiz. A trav\u00e9s de la iniciativa [&hellip;]<\/p>\n","protected":false},"author":2,"featured_media":5123,"comment_status":"closed","ping_status":"closed","sticky":false,"template":"","format":"standard","meta":{"_acf_changed":false,"_et_pb_use_builder":"off","_et_pb_old_content":"","_et_gb_content_width":"","footnotes":""},"categories":[66],"tags":[],"class_list":["post-5107","post","type-post","status-publish","format-standard","has-post-thumbnail","hentry","category-pueblos","et-has-post-format-content","et_post_format-et-post-format-standard"],"acf":[],"yoast_head":"<!-- This site is optimized with the Yoast SEO plugin v26.4 - https:\/\/yoast.com\/wordpress\/plugins\/seo\/ -->\n<title>el pr\u00f3ximo 1 de abril etxera eguna y Manifestac\u00edon en Arrotxapea - Sare Herritarra<\/title>\n<meta name=\"robots\" content=\"index, follow, max-snippet:-1, max-image-preview:large, max-video-preview:-1\" \/>\n<link rel=\"canonical\" href=\"https:\/\/sare.eus\/es\/1-de-abril-etxera-eguna-en-arotxapea\/\" \/>\n<meta property=\"og:locale\" content=\"es_ES\" \/>\n<meta property=\"og:type\" content=\"article\" \/>\n<meta property=\"og:title\" content=\"el pr\u00f3ximo 1 de abril etxera eguna y Manifestac\u00edon en Arrotxapea - Sare Herritarra\" \/>\n<meta property=\"og:description\" content=\"Queremos informaros de la iniciativa que vamos a poner en marcha para denunciar la situaci\u00f3n que vive el preso de la Rochapea Jon Rubenach Roiz. A trav\u00e9s de la iniciativa [&hellip;]\" \/>\n<meta property=\"og:url\" content=\"https:\/\/sare.eus\/es\/1-de-abril-etxera-eguna-en-arotxapea\/\" \/>\n<meta property=\"og:site_name\" content=\"Sare Herritarra\" \/>\n<meta property=\"article:published_time\" content=\"2023-03-24T13:04:47+00:00\" \/>\n<meta property=\"article:modified_time\" content=\"2023-03-24T17:34:51+00:00\" \/>\n<meta property=\"og:image\" content=\"https:\/\/sare.eus\/wp-content\/uploads\/2023\/03\/IMG_20230324_183015_429.jpg\" \/>\n\t<meta property=\"og:image:width\" content=\"1280\" \/>\n\t<meta property=\"og:image:height\" content=\"591\" \/>\n\t<meta property=\"og:image:type\" content=\"image\/jpeg\" \/>\n<meta name=\"author\" content=\"sare\" \/>\n<meta name=\"twitter:card\" content=\"summary_large_image\" \/>\n<meta name=\"twitter:label1\" content=\"Escrito por\" \/>\n\t<meta name=\"twitter:data1\" content=\"sare\" \/>\n\t<meta name=\"twitter:label2\" content=\"Tiempo de lectura\" \/>\n\t<meta name=\"twitter:data2\" content=\"2 minutos\" \/>\n<script type=\"application\/ld+json\" class=\"yoast-schema-graph\">{\"@context\":\"https:\/\/schema.org\",\"@graph\":[{\"@type\":\"Article\",\"@id\":\"https:\/\/sare.eus\/es\/1-de-abril-etxera-eguna-en-arotxapea\/#article\",\"isPartOf\":{\"@id\":\"https:\/\/sare.eus\/es\/1-de-abril-etxera-eguna-en-arotxapea\/\"},\"author\":{\"name\":\"sare\",\"@id\":\"https:\/\/sare.eus\/#\/schema\/person\/2fe6d0df294f56313d3ab236dbe38e17\"},\"headline\":\"el pr\u00f3ximo 1 de abril etxera eguna y Manifestac\u00edon en Arrotxapea\",\"datePublished\":\"2023-03-24T13:04:47+00:00\",\"dateModified\":\"2023-03-24T17:34:51+00:00\",\"mainEntityOfPage\":{\"@id\":\"https:\/\/sare.eus\/es\/1-de-abril-etxera-eguna-en-arotxapea\/\"},\"wordCount\":283,\"publisher\":{\"@id\":\"https:\/\/sare.eus\/#organization\"},\"image\":{\"@id\":\"https:\/\/sare.eus\/es\/1-de-abril-etxera-eguna-en-arotxapea\/#primaryimage\"},\"thumbnailUrl\":\"https:\/\/sare.eus\/wp-content\/uploads\/2023\/03\/IMG_20230324_183015_429.jpg\",\"articleSection\":[\"Pueblos\"],\"inLanguage\":\"es\"},{\"@type\":\"WebPage\",\"@id\":\"https:\/\/sare.eus\/es\/1-de-abril-etxera-eguna-en-arotxapea\/\",\"url\":\"https:\/\/sare.eus\/es\/1-de-abril-etxera-eguna-en-arotxapea\/\",\"name\":\"el pr\u00f3ximo 1 de abril etxera eguna y Manifestac\u00edon en Arrotxapea - Sare Herritarra\",\"isPartOf\":{\"@id\":\"https:\/\/sare.eus\/#website\"},\"primaryImageOfPage\":{\"@id\":\"https:\/\/sare.eus\/es\/1-de-abril-etxera-eguna-en-arotxapea\/#primaryimage\"},\"image\":{\"@id\":\"https:\/\/sare.eus\/es\/1-de-abril-etxera-eguna-en-arotxapea\/#primaryimage\"},\"thumbnailUrl\":\"https:\/\/sare.eus\/wp-content\/uploads\/2023\/03\/IMG_20230324_183015_429.jpg\",\"datePublished\":\"2023-03-24T13:04:47+00:00\",\"dateModified\":\"2023-03-24T17:34:51+00:00\",\"breadcrumb\":{\"@id\":\"https:\/\/sare.eus\/es\/1-de-abril-etxera-eguna-en-arotxapea\/#breadcrumb\"},\"inLanguage\":\"es\",\"potentialAction\":[{\"@type\":\"ReadAction\",\"target\":[\"https:\/\/sare.eus\/es\/1-de-abril-etxera-eguna-en-arotxapea\/\"]}]},{\"@type\":\"ImageObject\",\"inLanguage\":\"es\",\"@id\":\"https:\/\/sare.eus\/es\/1-de-abril-etxera-eguna-en-arotxapea\/#primaryimage\",\"url\":\"https:\/\/sare.eus\/wp-content\/uploads\/2023\/03\/IMG_20230324_183015_429.jpg\",\"contentUrl\":\"https:\/\/sare.eus\/wp-content\/uploads\/2023\/03\/IMG_20230324_183015_429.jpg\",\"width\":1280,\"height\":591},{\"@type\":\"BreadcrumbList\",\"@id\":\"https:\/\/sare.eus\/es\/1-de-abril-etxera-eguna-en-arotxapea\/#breadcrumb\",\"itemListElement\":[{\"@type\":\"ListItem\",\"position\":1,\"name\":\"Home\",\"item\":\"https:\/\/sare.eus\/\"},{\"@type\":\"ListItem\",\"position\":2,\"name\":\"el pr\u00f3ximo 1 de abril etxera eguna y Manifestac\u00edon en Arrotxapea\"}]},{\"@type\":\"WebSite\",\"@id\":\"https:\/\/sare.eus\/#website\",\"url\":\"https:\/\/sare.eus\/\",\"name\":\"Sare Herritarra\",\"description\":\"KONPONBIDEAREN ETA GIZA ESKUBIDEEN ALDEKO SARE HERRITARRA\",\"publisher\":{\"@id\":\"https:\/\/sare.eus\/#organization\"},\"potentialAction\":[{\"@type\":\"SearchAction\",\"target\":{\"@type\":\"EntryPoint\",\"urlTemplate\":\"https:\/\/sare.eus\/?s={search_term_string}\"},\"query-input\":{\"@type\":\"PropertyValueSpecification\",\"valueRequired\":true,\"valueName\":\"search_term_string\"}}],\"inLanguage\":\"es\"},{\"@type\":\"Organization\",\"@id\":\"https:\/\/sare.eus\/#organization\",\"name\":\"Sare Herritarra\",\"url\":\"https:\/\/sare.eus\/\",\"logo\":{\"@type\":\"ImageObject\",\"inLanguage\":\"es\",\"@id\":\"https:\/\/sare.eus\/#\/schema\/logo\/image\/\",\"url\":\"https:\/\/sare.eus\/wp-content\/uploads\/2021\/08\/sare.png\",\"contentUrl\":\"https:\/\/sare.eus\/wp-content\/uploads\/2021\/08\/sare.png\",\"width\":120,\"height\":142,\"caption\":\"Sare Herritarra\"},\"image\":{\"@id\":\"https:\/\/sare.eus\/#\/schema\/logo\/image\/\"}},{\"@type\":\"Person\",\"@id\":\"https:\/\/sare.eus\/#\/schema\/person\/2fe6d0df294f56313d3ab236dbe38e17\",\"name\":\"sare\",\"image\":{\"@type\":\"ImageObject\",\"inLanguage\":\"es\",\"@id\":\"https:\/\/sare.eus\/#\/schema\/person\/image\/\",\"url\":\"https:\/\/secure.gravatar.com\/avatar\/77cad838677ceb1977e7b3c878b55eaa7fa4aae2158983063b047c3ad7ef2c25?s=96&d=mm&r=g\",\"contentUrl\":\"https:\/\/secure.gravatar.com\/avatar\/77cad838677ceb1977e7b3c878b55eaa7fa4aae2158983063b047c3ad7ef2c25?s=96&d=mm&r=g\",\"caption\":\"sare\"},\"url\":\"https:\/\/sare.eus\/es\/author\/sare\/\"}]}<\/script>\n<!-- \/ Yoast SEO plugin. -->","yoast_head_json":{"title":"el pr\u00f3ximo 1 de abril etxera eguna y Manifestac\u00edon en Arrotxapea - Sare Herritarra","robots":{"index":"index","follow":"follow","max-snippet":"max-snippet:-1","max-image-preview":"max-image-preview:large","max-video-preview":"max-video-preview:-1"},"canonical":"https:\/\/sare.eus\/es\/1-de-abril-etxera-eguna-en-arotxapea\/","og_locale":"es_ES","og_type":"article","og_title":"el pr\u00f3ximo 1 de abril etxera eguna y Manifestac\u00edon en Arrotxapea - Sare Herritarra","og_description":"Queremos informaros de la iniciativa que vamos a poner en marcha para denunciar la situaci\u00f3n que vive el preso de la Rochapea Jon Rubenach Roiz. A trav\u00e9s de la iniciativa [&hellip;]","og_url":"https:\/\/sare.eus\/es\/1-de-abril-etxera-eguna-en-arotxapea\/","og_site_name":"Sare Herritarra","article_published_time":"2023-03-24T13:04:47+00:00","article_modified_time":"2023-03-24T17:34:51+00:00","og_image":[{"width":1280,"height":591,"url":"https:\/\/sare.eus\/wp-content\/uploads\/2023\/03\/IMG_20230324_183015_429.jpg","type":"image\/jpeg"}],"author":"sare","twitter_card":"summary_large_image","twitter_misc":{"Escrito por":"sare","Tiempo de lectura":"2 minutos"},"schema":{"@context":"https:\/\/schema.org","@graph":[{"@type":"Article","@id":"https:\/\/sare.eus\/es\/1-de-abril-etxera-eguna-en-arotxapea\/#article","isPartOf":{"@id":"https:\/\/sare.eus\/es\/1-de-abril-etxera-eguna-en-arotxapea\/"},"author":{"name":"sare","@id":"https:\/\/sare.eus\/#\/schema\/person\/2fe6d0df294f56313d3ab236dbe38e17"},"headline":"el pr\u00f3ximo 1 de abril etxera eguna y Manifestac\u00edon en Arrotxapea","datePublished":"2023-03-24T13:04:47+00:00","dateModified":"2023-03-24T17:34:51+00:00","mainEntityOfPage":{"@id":"https:\/\/sare.eus\/es\/1-de-abril-etxera-eguna-en-arotxapea\/"},"wordCount":283,"publisher":{"@id":"https:\/\/sare.eus\/#organization"},"image":{"@id":"https:\/\/sare.eus\/es\/1-de-abril-etxera-eguna-en-arotxapea\/#primaryimage"},"thumbnailUrl":"https:\/\/sare.eus\/wp-content\/uploads\/2023\/03\/IMG_20230324_183015_429.jpg","articleSection":["Pueblos"],"inLanguage":"es"},{"@type":"WebPage","@id":"https:\/\/sare.eus\/es\/1-de-abril-etxera-eguna-en-arotxapea\/","url":"https:\/\/sare.eus\/es\/1-de-abril-etxera-eguna-en-arotxapea\/","name":"el pr\u00f3ximo 1 de abril etxera eguna y Manifestac\u00edon en Arrotxapea - Sare Herritarra","isPartOf":{"@id":"https:\/\/sare.eus\/#website"},"primaryImageOfPage":{"@id":"https:\/\/sare.eus\/es\/1-de-abril-etxera-eguna-en-arotxapea\/#primaryimage"},"image":{"@id":"https:\/\/sare.eus\/es\/1-de-abril-etxera-eguna-en-arotxapea\/#primaryimage"},"thumbnailUrl":"https:\/\/sare.eus\/wp-content\/uploads\/2023\/03\/IMG_20230324_183015_429.jpg","datePublished":"2023-03-24T13:04:47+00:00","dateModified":"2023-03-24T17:34:51+00:00","breadcrumb":{"@id":"https:\/\/sare.eus\/es\/1-de-abril-etxera-eguna-en-arotxapea\/#breadcrumb"},"inLanguage":"es","potentialAction":[{"@type":"ReadAction","target":["https:\/\/sare.eus\/es\/1-de-abril-etxera-eguna-en-arotxapea\/"]}]},{"@type":"ImageObject","inLanguage":"es","@id":"https:\/\/sare.eus\/es\/1-de-abril-etxera-eguna-en-arotxapea\/#primaryimage","url":"https:\/\/sare.eus\/wp-content\/uploads\/2023\/03\/IMG_20230324_183015_429.jpg","contentUrl":"https:\/\/sare.eus\/wp-content\/uploads\/2023\/03\/IMG_20230324_183015_429.jpg","width":1280,"height":591},{"@type":"BreadcrumbList","@id":"https:\/\/sare.eus\/es\/1-de-abril-etxera-eguna-en-arotxapea\/#breadcrumb","itemListElement":[{"@type":"ListItem","position":1,"name":"Home","item":"https:\/\/sare.eus\/"},{"@type":"ListItem","position":2,"name":"el pr\u00f3ximo 1 de abril etxera eguna y Manifestac\u00edon en Arrotxapea"}]},{"@type":"WebSite","@id":"https:\/\/sare.eus\/#website","url":"https:\/\/sare.eus\/","name":"Sare Herritarra","description":"KONPONBIDEAREN ETA GIZA ESKUBIDEEN ALDEKO SARE HERRITARRA","publisher":{"@id":"https:\/\/sare.eus\/#organization"},"potentialAction":[{"@type":"SearchAction","target":{"@type":"EntryPoint","urlTemplate":"https:\/\/sare.eus\/?s={search_term_string}"},"query-input":{"@type":"PropertyValueSpecification","valueRequired":true,"valueName":"search_term_string"}}],"inLanguage":"es"},{"@type":"Organization","@id":"https:\/\/sare.eus\/#organization","name":"Sare Herritarra","url":"https:\/\/sare.eus\/","logo":{"@type":"ImageObject","inLanguage":"es","@id":"https:\/\/sare.eus\/#\/schema\/logo\/image\/","url":"https:\/\/sare.eus\/wp-content\/uploads\/2021\/08\/sare.png","contentUrl":"https:\/\/sare.eus\/wp-content\/uploads\/2021\/08\/sare.png","width":120,"height":142,"caption":"Sare Herritarra"},"image":{"@id":"https:\/\/sare.eus\/#\/schema\/logo\/image\/"}},{"@type":"Person","@id":"https:\/\/sare.eus\/#\/schema\/person\/2fe6d0df294f56313d3ab236dbe38e17","name":"sare","image":{"@type":"ImageObject","inLanguage":"es","@id":"https:\/\/sare.eus\/#\/schema\/person\/image\/","url":"https:\/\/secure.gravatar.com\/avatar\/77cad838677ceb1977e7b3c878b55eaa7fa4aae2158983063b047c3ad7ef2c25?s=96&d=mm&r=g","contentUrl":"https:\/\/secure.gravatar.com\/avatar\/77cad838677ceb1977e7b3c878b55eaa7fa4aae2158983063b047c3ad7ef2c25?s=96&d=mm&r=g","caption":"sare"},"url":"https:\/\/sare.eus\/es\/author\/sare\/"}]}},"_links":{"self":[{"href":"https:\/\/sare.eus\/es\/wp-json\/wp\/v2\/posts\/5107","targetHints":{"allow":["GET"]}}],"collection":[{"href":"https:\/\/sare.eus\/es\/wp-json\/wp\/v2\/posts"}],"about":[{"href":"https:\/\/sare.eus\/es\/wp-json\/wp\/v2\/types\/post"}],"author":[{"embeddable":true,"href":"https:\/\/sare.eus\/es\/wp-json\/wp\/v2\/users\/2"}],"replies":[{"embeddable":true,"href":"https:\/\/sare.eus\/es\/wp-json\/wp\/v2\/comments?post=5107"}],"version-history":[{"count":5,"href":"https:\/\/sare.eus\/es\/wp-json\/wp\/v2\/posts\/5107\/revisions"}],"predecessor-version":[{"id":5121,"href":"https:\/\/sare.eus\/es\/wp-json\/wp\/v2\/posts\/5107\/revisions\/5121"}],"wp:featuredmedia":[{"embeddable":true,"href":"https:\/\/sare.eus\/es\/wp-json\/wp\/v2\/media\/5123"}],"wp:attachment":[{"href":"https:\/\/sare.eus\/es\/wp-json\/wp\/v2\/media?parent=5107"}],"wp:term":[{"taxonomy":"category","embeddable":true,"href":"https:\/\/sare.eus\/es\/wp-json\/wp\/v2\/categories?post=5107"},{"taxonomy":"post_tag","embeddable":true,"href":"https:\/\/sare.eus\/es\/wp-json\/wp\/v2\/tags?post=5107"}],"curies":[{"name":"wp","href":"https:\/\/api.w.org\/{rel}","templated":true}]}}