{"id":5100,"date":"2023-03-24T09:03:18","date_gmt":"2023-03-24T09:03:18","guid":{"rendered":"https:\/\/sare.eus\/aurtengo-udaberrian-etxera-egunak-ospatuko-ditu-sarek-herriz-herri\/"},"modified":"2023-03-24T09:22:43","modified_gmt":"2023-03-24T09:22:43","slug":"esta-primavera-sare-organizara-etxera-egunak-en-diferentes-pueblos-y-barrios","status":"publish","type":"post","link":"https:\/\/sare.eus\/es\/esta-primavera-sare-organizara-etxera-egunak-en-diferentes-pueblos-y-barrios\/","title":{"rendered":"Esta primavera SARE organizara Etxera Egunak en diferentes pueblos y barrios"},"content":{"rendered":"<p>Hoy estamos a las puertas de poner fin a una de las vulneraciones de derechos sufridas durante d\u00e9cadas por las personas presas vascas y sus familias: el fin de la pol\u00edtica de alejamiento.<\/p>\n<p>Primero, es importante poner en valor los pasos dados en estos dos a\u00f1os y medio; el fin del primer grado, los acercamientos despu\u00e9s, las repatriaciones, el estar ahora, en este momento, a las puertas del fin del alejamiento, ver que algunas presas y presos est\u00e1n consiguiendo, muy poco a poco y con muchos obst\u00e1culos, recorrer el camino a casa, &#8230; nos hacen ver lo dicho, que se est\u00e1n dando pasos importantes. Y es verdad, que los avances que se han dado hasta ahora, son fruto de consensos y acuerdos en los parlamentos, pero tambi\u00e9n, sin duda, de la activaci\u00f3n social.<\/p>\n<p>La pol\u00edtica penitenciaria de excepci\u00f3n, es decir, el alejamiento, el computo de las penas o la imposici\u00f3n de penas prolongadas de casi toda la vida, las trabas para el acceso al tercer grado o la obtenci\u00f3n de permisos, y el mantener a los presos y presas gravemente enfermas en prisi\u00f3n, tienen la clara intenci\u00f3n de obstaculizar los pasos que se est\u00e1n dando en este pa\u00eds a favor de la convivencia y la paz. Hay que seguir movilizando, activando a la sociedad y haci\u00e9ndole ver que nos queda todav\u00eda muchos elementos que solucionar y que eso requiere fundamentalmente una sociedad activa, una sociedad que exija soluciones.<\/p>\n<p>Por ello, a partir de este fin de semana y durante los pr\u00f3ximos meses queremos anunciar la celebraci\u00f3n de Etxera Egunak en diferentes comarcas de Euskal Herria, por ejemplo: Amasa-Villabona, Leitza, Iru\u00f1ea (Rochapea), Lesaka, Etxarri Aranatz, Agurain, Aiaraldea, Azpeitia, Zumaia, Oiartzun, Aretxabaleta, Arrasate, Pasaia, Orereta-Errenteria, Tolosa, Lasarte-Oria, Gasteiz, Berango&#8230; y m\u00e1s). Para denunciar las vulneraciones de derechos que todav\u00eda sufren los presos vascos en esta nueva fase y denunciar los obst\u00e1culos que les impiden recorrer el camino de vuelta a casa.<\/p>\n","protected":false},"excerpt":{"rendered":"<p>Hoy estamos a las puertas de poner fin a una de las vulneraciones de derechos sufridas durante d\u00e9cadas por las personas presas vascas y sus familias: el fin de la [&hellip;]<\/p>\n","protected":false},"author":2,"featured_media":5104,"comment_status":"closed","ping_status":"closed","sticky":false,"template":"","format":"standard","meta":{"_acf_changed":false,"_et_pb_use_builder":"off","_et_pb_old_content":"","_et_gb_content_width":"","footnotes":""},"categories":[69],"tags":[],"class_list":["post-5100","post","type-post","status-publish","format-standard","has-post-thumbnail","hentry","category-leyes-de-excepcion","et-has-post-format-content","et_post_format-et-post-format-standard"],"acf":[],"yoast_head":"<!-- This site is optimized with the Yoast SEO plugin v26.4 - https:\/\/yoast.com\/wordpress\/plugins\/seo\/ -->\n<title>Esta primavera SARE organizara Etxera Egunak en diferentes pueblos y barrios - Sare Herritarra<\/title>\n<meta name=\"robots\" content=\"index, follow, max-snippet:-1, max-image-preview:large, max-video-preview:-1\" \/>\n<link rel=\"canonical\" href=\"https:\/\/sare.eus\/es\/esta-primavera-sare-organizara-etxera-egunak-en-diferentes-pueblos-y-barrios\/\" \/>\n<meta property=\"og:locale\" content=\"es_ES\" \/>\n<meta property=\"og:type\" content=\"article\" \/>\n<meta property=\"og:title\" content=\"Esta primavera SARE organizara Etxera Egunak en diferentes pueblos y barrios - Sare Herritarra\" \/>\n<meta property=\"og:description\" content=\"Hoy estamos a las puertas de poner fin a una de las vulneraciones de derechos sufridas durante d\u00e9cadas por las personas presas vascas y sus familias: el fin de la [&hellip;]\" \/>\n<meta property=\"og:url\" content=\"https:\/\/sare.eus\/es\/esta-primavera-sare-organizara-etxera-egunak-en-diferentes-pueblos-y-barrios\/\" \/>\n<meta property=\"og:site_name\" content=\"Sare Herritarra\" \/>\n<meta property=\"article:published_time\" content=\"2023-03-24T09:03:18+00:00\" \/>\n<meta property=\"article:modified_time\" content=\"2023-03-24T09:22:43+00:00\" \/>\n<meta property=\"og:image\" content=\"https:\/\/sare.eus\/wp-content\/uploads\/2023\/03\/Lazkao-artxiboko-irudia-01.jpg\" \/>\n\t<meta property=\"og:image:width\" content=\"675\" \/>\n\t<meta property=\"og:image:height\" content=\"426\" \/>\n\t<meta property=\"og:image:type\" content=\"image\/jpeg\" \/>\n<meta name=\"author\" content=\"sare\" \/>\n<meta name=\"twitter:card\" content=\"summary_large_image\" \/>\n<meta name=\"twitter:label1\" content=\"Escrito por\" \/>\n\t<meta name=\"twitter:data1\" content=\"sare\" \/>\n\t<meta name=\"twitter:label2\" content=\"Tiempo de lectura\" \/>\n\t<meta name=\"twitter:data2\" content=\"2 minutos\" \/>\n<script type=\"application\/ld+json\" class=\"yoast-schema-graph\">{\"@context\":\"https:\/\/schema.org\",\"@graph\":[{\"@type\":\"Article\",\"@id\":\"https:\/\/sare.eus\/es\/esta-primavera-sare-organizara-etxera-egunak-en-diferentes-pueblos-y-barrios\/#article\",\"isPartOf\":{\"@id\":\"https:\/\/sare.eus\/es\/esta-primavera-sare-organizara-etxera-egunak-en-diferentes-pueblos-y-barrios\/\"},\"author\":{\"name\":\"sare\",\"@id\":\"https:\/\/sare.eus\/#\/schema\/person\/2fe6d0df294f56313d3ab236dbe38e17\"},\"headline\":\"Esta primavera SARE organizara Etxera Egunak en diferentes pueblos y barrios\",\"datePublished\":\"2023-03-24T09:03:18+00:00\",\"dateModified\":\"2023-03-24T09:22:43+00:00\",\"mainEntityOfPage\":{\"@id\":\"https:\/\/sare.eus\/es\/esta-primavera-sare-organizara-etxera-egunak-en-diferentes-pueblos-y-barrios\/\"},\"wordCount\":354,\"publisher\":{\"@id\":\"https:\/\/sare.eus\/#organization\"},\"image\":{\"@id\":\"https:\/\/sare.eus\/es\/esta-primavera-sare-organizara-etxera-egunak-en-diferentes-pueblos-y-barrios\/#primaryimage\"},\"thumbnailUrl\":\"https:\/\/sare.eus\/wp-content\/uploads\/2023\/03\/Lazkao-artxiboko-irudia-01.jpg\",\"articleSection\":[\"Leyes de Excepci\u00f3n\"],\"inLanguage\":\"es\"},{\"@type\":\"WebPage\",\"@id\":\"https:\/\/sare.eus\/es\/esta-primavera-sare-organizara-etxera-egunak-en-diferentes-pueblos-y-barrios\/\",\"url\":\"https:\/\/sare.eus\/es\/esta-primavera-sare-organizara-etxera-egunak-en-diferentes-pueblos-y-barrios\/\",\"name\":\"Esta primavera SARE organizara Etxera Egunak en diferentes pueblos y barrios - Sare Herritarra\",\"isPartOf\":{\"@id\":\"https:\/\/sare.eus\/#website\"},\"primaryImageOfPage\":{\"@id\":\"https:\/\/sare.eus\/es\/esta-primavera-sare-organizara-etxera-egunak-en-diferentes-pueblos-y-barrios\/#primaryimage\"},\"image\":{\"@id\":\"https:\/\/sare.eus\/es\/esta-primavera-sare-organizara-etxera-egunak-en-diferentes-pueblos-y-barrios\/#primaryimage\"},\"thumbnailUrl\":\"https:\/\/sare.eus\/wp-content\/uploads\/2023\/03\/Lazkao-artxiboko-irudia-01.jpg\",\"datePublished\":\"2023-03-24T09:03:18+00:00\",\"dateModified\":\"2023-03-24T09:22:43+00:00\",\"breadcrumb\":{\"@id\":\"https:\/\/sare.eus\/es\/esta-primavera-sare-organizara-etxera-egunak-en-diferentes-pueblos-y-barrios\/#breadcrumb\"},\"inLanguage\":\"es\",\"potentialAction\":[{\"@type\":\"ReadAction\",\"target\":[\"https:\/\/sare.eus\/es\/esta-primavera-sare-organizara-etxera-egunak-en-diferentes-pueblos-y-barrios\/\"]}]},{\"@type\":\"ImageObject\",\"inLanguage\":\"es\",\"@id\":\"https:\/\/sare.eus\/es\/esta-primavera-sare-organizara-etxera-egunak-en-diferentes-pueblos-y-barrios\/#primaryimage\",\"url\":\"https:\/\/sare.eus\/wp-content\/uploads\/2023\/03\/Lazkao-artxiboko-irudia-01.jpg\",\"contentUrl\":\"https:\/\/sare.eus\/wp-content\/uploads\/2023\/03\/Lazkao-artxiboko-irudia-01.jpg\",\"width\":675,\"height\":426},{\"@type\":\"BreadcrumbList\",\"@id\":\"https:\/\/sare.eus\/es\/esta-primavera-sare-organizara-etxera-egunak-en-diferentes-pueblos-y-barrios\/#breadcrumb\",\"itemListElement\":[{\"@type\":\"ListItem\",\"position\":1,\"name\":\"Home\",\"item\":\"https:\/\/sare.eus\/\"},{\"@type\":\"ListItem\",\"position\":2,\"name\":\"Esta primavera SARE organizara Etxera Egunak en diferentes pueblos y barrios\"}]},{\"@type\":\"WebSite\",\"@id\":\"https:\/\/sare.eus\/#website\",\"url\":\"https:\/\/sare.eus\/\",\"name\":\"Sare Herritarra\",\"description\":\"KONPONBIDEAREN ETA GIZA ESKUBIDEEN ALDEKO SARE HERRITARRA\",\"publisher\":{\"@id\":\"https:\/\/sare.eus\/#organization\"},\"potentialAction\":[{\"@type\":\"SearchAction\",\"target\":{\"@type\":\"EntryPoint\",\"urlTemplate\":\"https:\/\/sare.eus\/?s={search_term_string}\"},\"query-input\":{\"@type\":\"PropertyValueSpecification\",\"valueRequired\":true,\"valueName\":\"search_term_string\"}}],\"inLanguage\":\"es\"},{\"@type\":\"Organization\",\"@id\":\"https:\/\/sare.eus\/#organization\",\"name\":\"Sare Herritarra\",\"url\":\"https:\/\/sare.eus\/\",\"logo\":{\"@type\":\"ImageObject\",\"inLanguage\":\"es\",\"@id\":\"https:\/\/sare.eus\/#\/schema\/logo\/image\/\",\"url\":\"https:\/\/sare.eus\/wp-content\/uploads\/2021\/08\/sare.png\",\"contentUrl\":\"https:\/\/sare.eus\/wp-content\/uploads\/2021\/08\/sare.png\",\"width\":120,\"height\":142,\"caption\":\"Sare Herritarra\"},\"image\":{\"@id\":\"https:\/\/sare.eus\/#\/schema\/logo\/image\/\"}},{\"@type\":\"Person\",\"@id\":\"https:\/\/sare.eus\/#\/schema\/person\/2fe6d0df294f56313d3ab236dbe38e17\",\"name\":\"sare\",\"image\":{\"@type\":\"ImageObject\",\"inLanguage\":\"es\",\"@id\":\"https:\/\/sare.eus\/#\/schema\/person\/image\/\",\"url\":\"https:\/\/secure.gravatar.com\/avatar\/77cad838677ceb1977e7b3c878b55eaa7fa4aae2158983063b047c3ad7ef2c25?s=96&d=mm&r=g\",\"contentUrl\":\"https:\/\/secure.gravatar.com\/avatar\/77cad838677ceb1977e7b3c878b55eaa7fa4aae2158983063b047c3ad7ef2c25?s=96&d=mm&r=g\",\"caption\":\"sare\"},\"url\":\"https:\/\/sare.eus\/es\/author\/sare\/\"}]}<\/script>\n<!-- \/ Yoast SEO plugin. -->","yoast_head_json":{"title":"Esta primavera SARE organizara Etxera Egunak en diferentes pueblos y barrios - Sare Herritarra","robots":{"index":"index","follow":"follow","max-snippet":"max-snippet:-1","max-image-preview":"max-image-preview:large","max-video-preview":"max-video-preview:-1"},"canonical":"https:\/\/sare.eus\/es\/esta-primavera-sare-organizara-etxera-egunak-en-diferentes-pueblos-y-barrios\/","og_locale":"es_ES","og_type":"article","og_title":"Esta primavera SARE organizara Etxera Egunak en diferentes pueblos y barrios - Sare Herritarra","og_description":"Hoy estamos a las puertas de poner fin a una de las vulneraciones de derechos sufridas durante d\u00e9cadas por las personas presas vascas y sus familias: el fin de la [&hellip;]","og_url":"https:\/\/sare.eus\/es\/esta-primavera-sare-organizara-etxera-egunak-en-diferentes-pueblos-y-barrios\/","og_site_name":"Sare Herritarra","article_published_time":"2023-03-24T09:03:18+00:00","article_modified_time":"2023-03-24T09:22:43+00:00","og_image":[{"width":675,"height":426,"url":"https:\/\/sare.eus\/wp-content\/uploads\/2023\/03\/Lazkao-artxiboko-irudia-01.jpg","type":"image\/jpeg"}],"author":"sare","twitter_card":"summary_large_image","twitter_misc":{"Escrito por":"sare","Tiempo de lectura":"2 minutos"},"schema":{"@context":"https:\/\/schema.org","@graph":[{"@type":"Article","@id":"https:\/\/sare.eus\/es\/esta-primavera-sare-organizara-etxera-egunak-en-diferentes-pueblos-y-barrios\/#article","isPartOf":{"@id":"https:\/\/sare.eus\/es\/esta-primavera-sare-organizara-etxera-egunak-en-diferentes-pueblos-y-barrios\/"},"author":{"name":"sare","@id":"https:\/\/sare.eus\/#\/schema\/person\/2fe6d0df294f56313d3ab236dbe38e17"},"headline":"Esta primavera SARE organizara Etxera Egunak en diferentes pueblos y barrios","datePublished":"2023-03-24T09:03:18+00:00","dateModified":"2023-03-24T09:22:43+00:00","mainEntityOfPage":{"@id":"https:\/\/sare.eus\/es\/esta-primavera-sare-organizara-etxera-egunak-en-diferentes-pueblos-y-barrios\/"},"wordCount":354,"publisher":{"@id":"https:\/\/sare.eus\/#organization"},"image":{"@id":"https:\/\/sare.eus\/es\/esta-primavera-sare-organizara-etxera-egunak-en-diferentes-pueblos-y-barrios\/#primaryimage"},"thumbnailUrl":"https:\/\/sare.eus\/wp-content\/uploads\/2023\/03\/Lazkao-artxiboko-irudia-01.jpg","articleSection":["Leyes de Excepci\u00f3n"],"inLanguage":"es"},{"@type":"WebPage","@id":"https:\/\/sare.eus\/es\/esta-primavera-sare-organizara-etxera-egunak-en-diferentes-pueblos-y-barrios\/","url":"https:\/\/sare.eus\/es\/esta-primavera-sare-organizara-etxera-egunak-en-diferentes-pueblos-y-barrios\/","name":"Esta primavera SARE organizara Etxera Egunak en diferentes pueblos y barrios - Sare Herritarra","isPartOf":{"@id":"https:\/\/sare.eus\/#website"},"primaryImageOfPage":{"@id":"https:\/\/sare.eus\/es\/esta-primavera-sare-organizara-etxera-egunak-en-diferentes-pueblos-y-barrios\/#primaryimage"},"image":{"@id":"https:\/\/sare.eus\/es\/esta-primavera-sare-organizara-etxera-egunak-en-diferentes-pueblos-y-barrios\/#primaryimage"},"thumbnailUrl":"https:\/\/sare.eus\/wp-content\/uploads\/2023\/03\/Lazkao-artxiboko-irudia-01.jpg","datePublished":"2023-03-24T09:03:18+00:00","dateModified":"2023-03-24T09:22:43+00:00","breadcrumb":{"@id":"https:\/\/sare.eus\/es\/esta-primavera-sare-organizara-etxera-egunak-en-diferentes-pueblos-y-barrios\/#breadcrumb"},"inLanguage":"es","potentialAction":[{"@type":"ReadAction","target":["https:\/\/sare.eus\/es\/esta-primavera-sare-organizara-etxera-egunak-en-diferentes-pueblos-y-barrios\/"]}]},{"@type":"ImageObject","inLanguage":"es","@id":"https:\/\/sare.eus\/es\/esta-primavera-sare-organizara-etxera-egunak-en-diferentes-pueblos-y-barrios\/#primaryimage","url":"https:\/\/sare.eus\/wp-content\/uploads\/2023\/03\/Lazkao-artxiboko-irudia-01.jpg","contentUrl":"https:\/\/sare.eus\/wp-content\/uploads\/2023\/03\/Lazkao-artxiboko-irudia-01.jpg","width":675,"height":426},{"@type":"BreadcrumbList","@id":"https:\/\/sare.eus\/es\/esta-primavera-sare-organizara-etxera-egunak-en-diferentes-pueblos-y-barrios\/#breadcrumb","itemListElement":[{"@type":"ListItem","position":1,"name":"Home","item":"https:\/\/sare.eus\/"},{"@type":"ListItem","position":2,"name":"Esta primavera SARE organizara Etxera Egunak en diferentes pueblos y barrios"}]},{"@type":"WebSite","@id":"https:\/\/sare.eus\/#website","url":"https:\/\/sare.eus\/","name":"Sare Herritarra","description":"KONPONBIDEAREN ETA GIZA ESKUBIDEEN ALDEKO SARE HERRITARRA","publisher":{"@id":"https:\/\/sare.eus\/#organization"},"potentialAction":[{"@type":"SearchAction","target":{"@type":"EntryPoint","urlTemplate":"https:\/\/sare.eus\/?s={search_term_string}"},"query-input":{"@type":"PropertyValueSpecification","valueRequired":true,"valueName":"search_term_string"}}],"inLanguage":"es"},{"@type":"Organization","@id":"https:\/\/sare.eus\/#organization","name":"Sare Herritarra","url":"https:\/\/sare.eus\/","logo":{"@type":"ImageObject","inLanguage":"es","@id":"https:\/\/sare.eus\/#\/schema\/logo\/image\/","url":"https:\/\/sare.eus\/wp-content\/uploads\/2021\/08\/sare.png","contentUrl":"https:\/\/sare.eus\/wp-content\/uploads\/2021\/08\/sare.png","width":120,"height":142,"caption":"Sare Herritarra"},"image":{"@id":"https:\/\/sare.eus\/#\/schema\/logo\/image\/"}},{"@type":"Person","@id":"https:\/\/sare.eus\/#\/schema\/person\/2fe6d0df294f56313d3ab236dbe38e17","name":"sare","image":{"@type":"ImageObject","inLanguage":"es","@id":"https:\/\/sare.eus\/#\/schema\/person\/image\/","url":"https:\/\/secure.gravatar.com\/avatar\/77cad838677ceb1977e7b3c878b55eaa7fa4aae2158983063b047c3ad7ef2c25?s=96&d=mm&r=g","contentUrl":"https:\/\/secure.gravatar.com\/avatar\/77cad838677ceb1977e7b3c878b55eaa7fa4aae2158983063b047c3ad7ef2c25?s=96&d=mm&r=g","caption":"sare"},"url":"https:\/\/sare.eus\/es\/author\/sare\/"}]}},"_links":{"self":[{"href":"https:\/\/sare.eus\/es\/wp-json\/wp\/v2\/posts\/5100","targetHints":{"allow":["GET"]}}],"collection":[{"href":"https:\/\/sare.eus\/es\/wp-json\/wp\/v2\/posts"}],"about":[{"href":"https:\/\/sare.eus\/es\/wp-json\/wp\/v2\/types\/post"}],"author":[{"embeddable":true,"href":"https:\/\/sare.eus\/es\/wp-json\/wp\/v2\/users\/2"}],"replies":[{"embeddable":true,"href":"https:\/\/sare.eus\/es\/wp-json\/wp\/v2\/comments?post=5100"}],"version-history":[{"count":1,"href":"https:\/\/sare.eus\/es\/wp-json\/wp\/v2\/posts\/5100\/revisions"}],"predecessor-version":[{"id":5102,"href":"https:\/\/sare.eus\/es\/wp-json\/wp\/v2\/posts\/5100\/revisions\/5102"}],"wp:featuredmedia":[{"embeddable":true,"href":"https:\/\/sare.eus\/es\/wp-json\/wp\/v2\/media\/5104"}],"wp:attachment":[{"href":"https:\/\/sare.eus\/es\/wp-json\/wp\/v2\/media?parent=5100"}],"wp:term":[{"taxonomy":"category","embeddable":true,"href":"https:\/\/sare.eus\/es\/wp-json\/wp\/v2\/categories?post=5100"},{"taxonomy":"post_tag","embeddable":true,"href":"https:\/\/sare.eus\/es\/wp-json\/wp\/v2\/tags?post=5100"}],"curies":[{"name":"wp","href":"https:\/\/api.w.org\/{rel}","templated":true}]}}