{"id":5074,"date":"2023-03-17T12:22:23","date_gmt":"2023-03-17T12:22:23","guid":{"rendered":"https:\/\/sare.eus\/5069\/"},"modified":"2023-03-17T19:57:04","modified_gmt":"2023-03-17T19:57:04","slug":"atris_inziarte","status":"publish","type":"post","link":"https:\/\/sare.eus\/es\/atris_inziarte\/","title":{"rendered":"Errenteria y Donostia denuncian la suspensi\u00f3n de los terceros grados de Inziarte y Atristain"},"content":{"rendered":"<p style=\"text-align: left;\">Esta semana hemos conocido que Xabier Atristain y Juan Manuel Inziarte han tenido que volver a la prisi\u00f3n de Martutene, tras haber acordado el Juzgado Central de Vigilancia Penitenciaria (JCVP) admitir en un auto, con efecto suspensivo, el recurso formulado por el Ministerio Fiscal contra el acuerdo de la Consejer\u00eda de Justicia del Gobierno Vasco del pasado 2 de marzo,\u00a0por el que se les clasific\u00f3 en tercer grado.\u00a0<\/p>\n<p style=\"text-align: left;\">En ambos casos, se ha aplicado por primera vez la doctrina del Tribunal Supremo, seg\u00fan la cual, el preso debe reingresar en prisi\u00f3n en el momento en que el JCVP admite la solicitud del fiscal de suspender el tercer grado y a la espera de que resuelva el recurso.<\/p>\n<p style=\"text-align: left;\">En cuanto a Atristain, como cumpl\u00eda las condiciones requeridas, en julio de 2022 la Consejer\u00eda de Jusiticia del Gobierno Vasco le dio el tercer grado, con lo que pod\u00eda acudir a dormir a su domicilio. Tuvo que volver a prisi\u00f3n tres meses m\u00e1s tarde, una vez que la Audiencia Nacional le regresara a segundo grado. Hace 15 d\u00edas, el Departamento de Justicia clasific\u00f3 de nuevo a Atristain en tercer grado, pero este nuevo recurso interpuesto por la fiscal\u00eda en Madrid devuelve al preso donostiarra a la c\u00e1rcel.<\/p>\n<p style=\"text-align: left;\">Atristain cumple ya 12 a\u00f1os y medio preso de una condena de 17. Su caso es especialmente sintom\u00e1tico en cuanto a conculcaci\u00f3n de derechos, ya que, una sentencia del Tribunal Europeo de Derechos Humanos concluy\u00f3, hace un a\u00f1o, que no hab\u00eda tenido un juicio justo, dado que durante su detenci\u00f3n incomunicada no se le permiti\u00f3 designar abogado de confianza. El Tribunal Supremo espa\u00f1ol decidi\u00f3 no revisar su condena.<\/p>\n<p style=\"text-align: left;\">En cuanto a Juanma Inziarte, queremos denunciar p\u00fablicamente la situaci\u00f3n a la que le lleva la justicia espa\u00f1ola. Tiene 68 a\u00f1os de edad y lleva 14 en la c\u00e1rcel. El pr\u00f3ximo a\u00f1o cumplir\u00e1 las \u00be partes de su condena. Por cumplir las condiciones requeridas, a petici\u00f3n de la junta de tratamiento de Martutene, el Gobierno Vasco le dio el tercer grado hace quince d\u00edas.<\/p>\n<p style=\"text-align: left;\">Estos d\u00edas se ha hecho p\u00fablico, adem\u00e1s, que Inziarte sufri\u00f3 recientemente un ictus y en estos momentos se encuentra convaleciente. Queremos llamar la atenci\u00f3n acerca de que el reingreso en prisi\u00f3n no va a beneficiar en absoluto su proceso de recuperaci\u00f3n.<\/p>\n<p style=\"text-align: left;\">Sabemos, desgraciadamente, que los de Juan Manuel Inziarte y Xabier Atristain no son un casos aislados. La Audiencia Nacional est\u00e1 regresando de manera sistem\u00e1tica los terceros grados de presas y presos vascos. Recientemente ocurri\u00f3 con Ainhoa Barbarin, y anteriormente con Asier Karrera. De igual manera que los meses anteriores denunciamos las regresiones de grado de Mikel San Argimiro, Aitor Esnaola, Joseba Arregi o Asier Rodr\u00edguez. Y debemos seguir haci\u00e9ndolo, tanto en las calles, como en las instituciones. Cabe citar que los ayuntamientos de Donostia, Legorreta, O\u00f1ati, Santurtzi, Azkoiti, Etxarri o Urretxu aprobaron una declaraci\u00f3n institucional para denunciar la situaci\u00f3n, que ahora la ha aprobado el ayuntamiento de Errenteria, dejando clara la preocupaci\u00f3n por la situaci\u00f3n y pidiendo que se dejen atr\u00e1s este tipo de conductas.<\/p>\n<p style=\"text-align: left;\">Ahora que se est\u00e1n dando cambios en la pol\u00edtica penitenciaria y ante el final de la pol\u00edtica de alejamiento, la Fiscal\u00eda, con la ayuda de la Audiencia Nacional, sigue poniendo trabas ante la implantaci\u00f3n de la legislaci\u00f3n ordinaria y ante el proceso del camino a casa, zancadilleando la convivencia y obstaculizando el recorrido penitenciario iniciado hace tiempo por los presos vascos.<\/p>\n<p style=\"text-align: left;\">Pero tenemos muy claro que queremos construir la convivencia, algo para lo que todos y todas somos necesarios. Todas aquellas personas que queremos que acabe de una vez por todas la excepcionalidad penitenciaria debemos trabajar conjuntamente, ya que esta es la respuesta m\u00e1s eficaz. Seguiremos trabajando hasta culminar el camino de vuelta a casa.<\/p>\n<p>\u00a0<\/p>\n\n\n<figure class=\"wp-block-gallery columns-3 is-cropped wp-block-gallery-1 is-layout-flex wp-block-gallery-is-layout-flex\"><ul class=\"blocks-gallery-grid\"><li class=\"blocks-gallery-item\"><figure><img loading=\"lazy\" decoding=\"async\" width=\"1024\" height=\"576\" src=\"https:\/\/sare.eus\/wp-content\/uploads\/2023\/03\/WhatsApp-Image-2023-03-17-at-19.45.23-1-1024x576.jpeg\" alt=\"\" data-id=\"5089\" data-full-url=\"https:\/\/sare.eus\/wp-content\/uploads\/2023\/03\/WhatsApp-Image-2023-03-17-at-19.45.23-1.jpeg\" data-link=\"https:\/\/sare.eus\/es\/atris_inziarte\/whatsapp-image-2023-03-17-at-19-45-23-1\/\" class=\"wp-image-5089\" srcset=\"https:\/\/sare.eus\/wp-content\/uploads\/2023\/03\/WhatsApp-Image-2023-03-17-at-19.45.23-1-1024x576.jpeg 1024w, https:\/\/sare.eus\/wp-content\/uploads\/2023\/03\/WhatsApp-Image-2023-03-17-at-19.45.23-1-300x169.jpeg 300w, https:\/\/sare.eus\/wp-content\/uploads\/2023\/03\/WhatsApp-Image-2023-03-17-at-19.45.23-1-768x432.jpeg 768w, https:\/\/sare.eus\/wp-content\/uploads\/2023\/03\/WhatsApp-Image-2023-03-17-at-19.45.23-1-1536x864.jpeg 1536w, https:\/\/sare.eus\/wp-content\/uploads\/2023\/03\/WhatsApp-Image-2023-03-17-at-19.45.23-1-1080x608.jpeg 1080w, https:\/\/sare.eus\/wp-content\/uploads\/2023\/03\/WhatsApp-Image-2023-03-17-at-19.45.23-1.jpeg 2016w\" sizes=\"(max-width: 1024px) 100vw, 1024px\" \/><figcaption class=\"blocks-gallery-item__caption\">DONOSTIA<\/figcaption><\/figure><\/li><li class=\"blocks-gallery-item\"><figure><img loading=\"lazy\" decoding=\"async\" width=\"1024\" height=\"576\" src=\"https:\/\/sare.eus\/wp-content\/uploads\/2023\/03\/WhatsApp-Image-2023-03-17-at-19.45.23-1024x576.jpeg\" alt=\"\" data-id=\"5091\" data-full-url=\"https:\/\/sare.eus\/wp-content\/uploads\/2023\/03\/WhatsApp-Image-2023-03-17-at-19.45.23.jpeg\" data-link=\"https:\/\/sare.eus\/es\/atris_inziarte\/whatsapp-image-2023-03-17-at-19-45-23\/\" class=\"wp-image-5091\" srcset=\"https:\/\/sare.eus\/wp-content\/uploads\/2023\/03\/WhatsApp-Image-2023-03-17-at-19.45.23-1024x576.jpeg 1024w, https:\/\/sare.eus\/wp-content\/uploads\/2023\/03\/WhatsApp-Image-2023-03-17-at-19.45.23-300x169.jpeg 300w, https:\/\/sare.eus\/wp-content\/uploads\/2023\/03\/WhatsApp-Image-2023-03-17-at-19.45.23-768x432.jpeg 768w, https:\/\/sare.eus\/wp-content\/uploads\/2023\/03\/WhatsApp-Image-2023-03-17-at-19.45.23-1536x864.jpeg 1536w, https:\/\/sare.eus\/wp-content\/uploads\/2023\/03\/WhatsApp-Image-2023-03-17-at-19.45.23-1080x608.jpeg 1080w, https:\/\/sare.eus\/wp-content\/uploads\/2023\/03\/WhatsApp-Image-2023-03-17-at-19.45.23.jpeg 2016w\" sizes=\"(max-width: 1024px) 100vw, 1024px\" \/><figcaption class=\"blocks-gallery-item__caption\">DONOSTIA<\/figcaption><\/figure><\/li><li class=\"blocks-gallery-item\"><figure><img loading=\"lazy\" decoding=\"async\" width=\"1024\" height=\"768\" src=\"https:\/\/sare.eus\/wp-content\/uploads\/2023\/03\/orereta-02-1024x768.jpg\" alt=\"\" data-id=\"5087\" data-full-url=\"https:\/\/sare.eus\/wp-content\/uploads\/2023\/03\/orereta-02.jpg\" data-link=\"https:\/\/sare.eus\/es\/atris_inziarte\/orereta-02\/\" class=\"wp-image-5087\" srcset=\"https:\/\/sare.eus\/wp-content\/uploads\/2023\/03\/orereta-02-1024x768.jpg 1024w, https:\/\/sare.eus\/wp-content\/uploads\/2023\/03\/orereta-02-300x225.jpg 300w, https:\/\/sare.eus\/wp-content\/uploads\/2023\/03\/orereta-02-768x576.jpg 768w, https:\/\/sare.eus\/wp-content\/uploads\/2023\/03\/orereta-02-1536x1152.jpg 1536w, https:\/\/sare.eus\/wp-content\/uploads\/2023\/03\/orereta-02-1080x810.jpg 1080w, https:\/\/sare.eus\/wp-content\/uploads\/2023\/03\/orereta-02.jpg 2048w\" sizes=\"(max-width: 1024px) 100vw, 1024px\" \/><figcaption class=\"blocks-gallery-item__caption\">ERRENTERIA<\/figcaption><\/figure><\/li><li class=\"blocks-gallery-item\"><figure><img loading=\"lazy\" decoding=\"async\" width=\"1024\" height=\"768\" src=\"https:\/\/sare.eus\/wp-content\/uploads\/2023\/03\/orereta-01-1024x768.jpg\" alt=\"\" data-id=\"5085\" data-full-url=\"https:\/\/sare.eus\/wp-content\/uploads\/2023\/03\/orereta-01.jpg\" data-link=\"https:\/\/sare.eus\/es\/atris_inziarte\/orereta-01\/\" class=\"wp-image-5085\" srcset=\"https:\/\/sare.eus\/wp-content\/uploads\/2023\/03\/orereta-01-1024x768.jpg 1024w, https:\/\/sare.eus\/wp-content\/uploads\/2023\/03\/orereta-01-300x225.jpg 300w, https:\/\/sare.eus\/wp-content\/uploads\/2023\/03\/orereta-01-768x576.jpg 768w, https:\/\/sare.eus\/wp-content\/uploads\/2023\/03\/orereta-01-1536x1152.jpg 1536w, https:\/\/sare.eus\/wp-content\/uploads\/2023\/03\/orereta-01-1080x810.jpg 1080w, https:\/\/sare.eus\/wp-content\/uploads\/2023\/03\/orereta-01.jpg 2048w\" sizes=\"(max-width: 1024px) 100vw, 1024px\" \/><figcaption class=\"blocks-gallery-item__caption\">ERRENTERIA<\/figcaption><\/figure><\/li><\/ul><\/figure>\n","protected":false},"excerpt":{"rendered":"<p>Esta semana hemos conocido que Xabier Atristain y Juan Manuel Inziarte han tenido que volver a la prisi\u00f3n de Martutene, tras haber acordado el Juzgado Central de Vigilancia Penitenciaria (JCVP) [&hellip;]<\/p>\n","protected":false},"author":2,"featured_media":5083,"comment_status":"closed","ping_status":"closed","sticky":false,"template":"","format":"standard","meta":{"_acf_changed":false,"_et_pb_use_builder":"off","_et_pb_old_content":"","_et_gb_content_width":"","footnotes":""},"categories":[65],"tags":[],"class_list":["post-5074","post","type-post","status-publish","format-standard","has-post-thumbnail","hentry","category-progresion-de-grado","et-has-post-format-content","et_post_format-et-post-format-standard"],"acf":[],"yoast_head":"<!-- This site is optimized with the Yoast SEO plugin v26.4 - https:\/\/yoast.com\/wordpress\/plugins\/seo\/ -->\n<title>Errenteria y Donostia denuncian la suspensi\u00f3n de los terceros grados de Inziarte y Atristain - Sare Herritarra<\/title>\n<meta name=\"robots\" content=\"index, follow, max-snippet:-1, max-image-preview:large, max-video-preview:-1\" \/>\n<link rel=\"canonical\" href=\"https:\/\/sare.eus\/es\/atris_inziarte\/\" \/>\n<meta property=\"og:locale\" content=\"es_ES\" \/>\n<meta property=\"og:type\" content=\"article\" \/>\n<meta property=\"og:title\" content=\"Errenteria y Donostia denuncian la suspensi\u00f3n de los terceros grados de Inziarte y Atristain - Sare Herritarra\" \/>\n<meta property=\"og:description\" content=\"Esta semana hemos conocido que Xabier Atristain y Juan Manuel Inziarte han tenido que volver a la prisi\u00f3n de Martutene, tras haber acordado el Juzgado Central de Vigilancia Penitenciaria (JCVP) [&hellip;]\" \/>\n<meta property=\"og:url\" content=\"https:\/\/sare.eus\/es\/atris_inziarte\/\" \/>\n<meta property=\"og:site_name\" content=\"Sare Herritarra\" \/>\n<meta property=\"article:published_time\" content=\"2023-03-17T12:22:23+00:00\" \/>\n<meta property=\"article:modified_time\" content=\"2023-03-17T19:57:04+00:00\" \/>\n<meta property=\"og:image\" content=\"https:\/\/sare.eus\/wp-content\/uploads\/2023\/03\/WhatsApp-Image-2023-03-17-at-19.45.24.jpeg\" \/>\n\t<meta property=\"og:image:width\" content=\"2016\" \/>\n\t<meta property=\"og:image:height\" content=\"1134\" \/>\n\t<meta property=\"og:image:type\" content=\"image\/jpeg\" \/>\n<meta name=\"author\" content=\"sare\" \/>\n<meta name=\"twitter:card\" content=\"summary_large_image\" \/>\n<meta name=\"twitter:label1\" content=\"Escrito por\" \/>\n\t<meta name=\"twitter:data1\" content=\"sare\" \/>\n\t<meta name=\"twitter:label2\" content=\"Tiempo de lectura\" \/>\n\t<meta name=\"twitter:data2\" content=\"5 minutos\" \/>\n<script type=\"application\/ld+json\" class=\"yoast-schema-graph\">{\"@context\":\"https:\/\/schema.org\",\"@graph\":[{\"@type\":\"Article\",\"@id\":\"https:\/\/sare.eus\/es\/atris_inziarte\/#article\",\"isPartOf\":{\"@id\":\"https:\/\/sare.eus\/es\/atris_inziarte\/\"},\"author\":{\"name\":\"sare\",\"@id\":\"https:\/\/sare.eus\/#\/schema\/person\/2fe6d0df294f56313d3ab236dbe38e17\"},\"headline\":\"Errenteria y Donostia denuncian la suspensi\u00f3n de los terceros grados de Inziarte y Atristain\",\"datePublished\":\"2023-03-17T12:22:23+00:00\",\"dateModified\":\"2023-03-17T19:57:04+00:00\",\"mainEntityOfPage\":{\"@id\":\"https:\/\/sare.eus\/es\/atris_inziarte\/\"},\"wordCount\":679,\"publisher\":{\"@id\":\"https:\/\/sare.eus\/#organization\"},\"image\":{\"@id\":\"https:\/\/sare.eus\/es\/atris_inziarte\/#primaryimage\"},\"thumbnailUrl\":\"https:\/\/sare.eus\/wp-content\/uploads\/2023\/03\/WhatsApp-Image-2023-03-17-at-19.45.24.jpeg\",\"articleSection\":[\"Progresi\u00f3n de Grado\"],\"inLanguage\":\"es\"},{\"@type\":\"WebPage\",\"@id\":\"https:\/\/sare.eus\/es\/atris_inziarte\/\",\"url\":\"https:\/\/sare.eus\/es\/atris_inziarte\/\",\"name\":\"Errenteria y Donostia denuncian la suspensi\u00f3n de los terceros grados de Inziarte y Atristain - Sare Herritarra\",\"isPartOf\":{\"@id\":\"https:\/\/sare.eus\/#website\"},\"primaryImageOfPage\":{\"@id\":\"https:\/\/sare.eus\/es\/atris_inziarte\/#primaryimage\"},\"image\":{\"@id\":\"https:\/\/sare.eus\/es\/atris_inziarte\/#primaryimage\"},\"thumbnailUrl\":\"https:\/\/sare.eus\/wp-content\/uploads\/2023\/03\/WhatsApp-Image-2023-03-17-at-19.45.24.jpeg\",\"datePublished\":\"2023-03-17T12:22:23+00:00\",\"dateModified\":\"2023-03-17T19:57:04+00:00\",\"breadcrumb\":{\"@id\":\"https:\/\/sare.eus\/es\/atris_inziarte\/#breadcrumb\"},\"inLanguage\":\"es\",\"potentialAction\":[{\"@type\":\"ReadAction\",\"target\":[\"https:\/\/sare.eus\/es\/atris_inziarte\/\"]}]},{\"@type\":\"ImageObject\",\"inLanguage\":\"es\",\"@id\":\"https:\/\/sare.eus\/es\/atris_inziarte\/#primaryimage\",\"url\":\"https:\/\/sare.eus\/wp-content\/uploads\/2023\/03\/WhatsApp-Image-2023-03-17-at-19.45.24.jpeg\",\"contentUrl\":\"https:\/\/sare.eus\/wp-content\/uploads\/2023\/03\/WhatsApp-Image-2023-03-17-at-19.45.24.jpeg\",\"width\":2016,\"height\":1134},{\"@type\":\"BreadcrumbList\",\"@id\":\"https:\/\/sare.eus\/es\/atris_inziarte\/#breadcrumb\",\"itemListElement\":[{\"@type\":\"ListItem\",\"position\":1,\"name\":\"Home\",\"item\":\"https:\/\/sare.eus\/\"},{\"@type\":\"ListItem\",\"position\":2,\"name\":\"Errenteria y Donostia denuncian la suspensi\u00f3n de los terceros grados de Inziarte y Atristain\"}]},{\"@type\":\"WebSite\",\"@id\":\"https:\/\/sare.eus\/#website\",\"url\":\"https:\/\/sare.eus\/\",\"name\":\"Sare Herritarra\",\"description\":\"KONPONBIDEAREN ETA GIZA ESKUBIDEEN ALDEKO SARE HERRITARRA\",\"publisher\":{\"@id\":\"https:\/\/sare.eus\/#organization\"},\"potentialAction\":[{\"@type\":\"SearchAction\",\"target\":{\"@type\":\"EntryPoint\",\"urlTemplate\":\"https:\/\/sare.eus\/?s={search_term_string}\"},\"query-input\":{\"@type\":\"PropertyValueSpecification\",\"valueRequired\":true,\"valueName\":\"search_term_string\"}}],\"inLanguage\":\"es\"},{\"@type\":\"Organization\",\"@id\":\"https:\/\/sare.eus\/#organization\",\"name\":\"Sare Herritarra\",\"url\":\"https:\/\/sare.eus\/\",\"logo\":{\"@type\":\"ImageObject\",\"inLanguage\":\"es\",\"@id\":\"https:\/\/sare.eus\/#\/schema\/logo\/image\/\",\"url\":\"https:\/\/sare.eus\/wp-content\/uploads\/2021\/08\/sare.png\",\"contentUrl\":\"https:\/\/sare.eus\/wp-content\/uploads\/2021\/08\/sare.png\",\"width\":120,\"height\":142,\"caption\":\"Sare Herritarra\"},\"image\":{\"@id\":\"https:\/\/sare.eus\/#\/schema\/logo\/image\/\"}},{\"@type\":\"Person\",\"@id\":\"https:\/\/sare.eus\/#\/schema\/person\/2fe6d0df294f56313d3ab236dbe38e17\",\"name\":\"sare\",\"image\":{\"@type\":\"ImageObject\",\"inLanguage\":\"es\",\"@id\":\"https:\/\/sare.eus\/#\/schema\/person\/image\/\",\"url\":\"https:\/\/secure.gravatar.com\/avatar\/77cad838677ceb1977e7b3c878b55eaa7fa4aae2158983063b047c3ad7ef2c25?s=96&d=mm&r=g\",\"contentUrl\":\"https:\/\/secure.gravatar.com\/avatar\/77cad838677ceb1977e7b3c878b55eaa7fa4aae2158983063b047c3ad7ef2c25?s=96&d=mm&r=g\",\"caption\":\"sare\"},\"url\":\"https:\/\/sare.eus\/es\/author\/sare\/\"}]}<\/script>\n<!-- \/ Yoast SEO plugin. -->","yoast_head_json":{"title":"Errenteria y Donostia denuncian la suspensi\u00f3n de los terceros grados de Inziarte y Atristain - Sare Herritarra","robots":{"index":"index","follow":"follow","max-snippet":"max-snippet:-1","max-image-preview":"max-image-preview:large","max-video-preview":"max-video-preview:-1"},"canonical":"https:\/\/sare.eus\/es\/atris_inziarte\/","og_locale":"es_ES","og_type":"article","og_title":"Errenteria y Donostia denuncian la suspensi\u00f3n de los terceros grados de Inziarte y Atristain - Sare Herritarra","og_description":"Esta semana hemos conocido que Xabier Atristain y Juan Manuel Inziarte han tenido que volver a la prisi\u00f3n de Martutene, tras haber acordado el Juzgado Central de Vigilancia Penitenciaria (JCVP) [&hellip;]","og_url":"https:\/\/sare.eus\/es\/atris_inziarte\/","og_site_name":"Sare Herritarra","article_published_time":"2023-03-17T12:22:23+00:00","article_modified_time":"2023-03-17T19:57:04+00:00","og_image":[{"width":2016,"height":1134,"url":"https:\/\/sare.eus\/wp-content\/uploads\/2023\/03\/WhatsApp-Image-2023-03-17-at-19.45.24.jpeg","type":"image\/jpeg"}],"author":"sare","twitter_card":"summary_large_image","twitter_misc":{"Escrito por":"sare","Tiempo de lectura":"5 minutos"},"schema":{"@context":"https:\/\/schema.org","@graph":[{"@type":"Article","@id":"https:\/\/sare.eus\/es\/atris_inziarte\/#article","isPartOf":{"@id":"https:\/\/sare.eus\/es\/atris_inziarte\/"},"author":{"name":"sare","@id":"https:\/\/sare.eus\/#\/schema\/person\/2fe6d0df294f56313d3ab236dbe38e17"},"headline":"Errenteria y Donostia denuncian la suspensi\u00f3n de los terceros grados de Inziarte y Atristain","datePublished":"2023-03-17T12:22:23+00:00","dateModified":"2023-03-17T19:57:04+00:00","mainEntityOfPage":{"@id":"https:\/\/sare.eus\/es\/atris_inziarte\/"},"wordCount":679,"publisher":{"@id":"https:\/\/sare.eus\/#organization"},"image":{"@id":"https:\/\/sare.eus\/es\/atris_inziarte\/#primaryimage"},"thumbnailUrl":"https:\/\/sare.eus\/wp-content\/uploads\/2023\/03\/WhatsApp-Image-2023-03-17-at-19.45.24.jpeg","articleSection":["Progresi\u00f3n de Grado"],"inLanguage":"es"},{"@type":"WebPage","@id":"https:\/\/sare.eus\/es\/atris_inziarte\/","url":"https:\/\/sare.eus\/es\/atris_inziarte\/","name":"Errenteria y Donostia denuncian la suspensi\u00f3n de los terceros grados de Inziarte y Atristain - Sare Herritarra","isPartOf":{"@id":"https:\/\/sare.eus\/#website"},"primaryImageOfPage":{"@id":"https:\/\/sare.eus\/es\/atris_inziarte\/#primaryimage"},"image":{"@id":"https:\/\/sare.eus\/es\/atris_inziarte\/#primaryimage"},"thumbnailUrl":"https:\/\/sare.eus\/wp-content\/uploads\/2023\/03\/WhatsApp-Image-2023-03-17-at-19.45.24.jpeg","datePublished":"2023-03-17T12:22:23+00:00","dateModified":"2023-03-17T19:57:04+00:00","breadcrumb":{"@id":"https:\/\/sare.eus\/es\/atris_inziarte\/#breadcrumb"},"inLanguage":"es","potentialAction":[{"@type":"ReadAction","target":["https:\/\/sare.eus\/es\/atris_inziarte\/"]}]},{"@type":"ImageObject","inLanguage":"es","@id":"https:\/\/sare.eus\/es\/atris_inziarte\/#primaryimage","url":"https:\/\/sare.eus\/wp-content\/uploads\/2023\/03\/WhatsApp-Image-2023-03-17-at-19.45.24.jpeg","contentUrl":"https:\/\/sare.eus\/wp-content\/uploads\/2023\/03\/WhatsApp-Image-2023-03-17-at-19.45.24.jpeg","width":2016,"height":1134},{"@type":"BreadcrumbList","@id":"https:\/\/sare.eus\/es\/atris_inziarte\/#breadcrumb","itemListElement":[{"@type":"ListItem","position":1,"name":"Home","item":"https:\/\/sare.eus\/"},{"@type":"ListItem","position":2,"name":"Errenteria y Donostia denuncian la suspensi\u00f3n de los terceros grados de Inziarte y Atristain"}]},{"@type":"WebSite","@id":"https:\/\/sare.eus\/#website","url":"https:\/\/sare.eus\/","name":"Sare Herritarra","description":"KONPONBIDEAREN ETA GIZA ESKUBIDEEN ALDEKO SARE HERRITARRA","publisher":{"@id":"https:\/\/sare.eus\/#organization"},"potentialAction":[{"@type":"SearchAction","target":{"@type":"EntryPoint","urlTemplate":"https:\/\/sare.eus\/?s={search_term_string}"},"query-input":{"@type":"PropertyValueSpecification","valueRequired":true,"valueName":"search_term_string"}}],"inLanguage":"es"},{"@type":"Organization","@id":"https:\/\/sare.eus\/#organization","name":"Sare Herritarra","url":"https:\/\/sare.eus\/","logo":{"@type":"ImageObject","inLanguage":"es","@id":"https:\/\/sare.eus\/#\/schema\/logo\/image\/","url":"https:\/\/sare.eus\/wp-content\/uploads\/2021\/08\/sare.png","contentUrl":"https:\/\/sare.eus\/wp-content\/uploads\/2021\/08\/sare.png","width":120,"height":142,"caption":"Sare Herritarra"},"image":{"@id":"https:\/\/sare.eus\/#\/schema\/logo\/image\/"}},{"@type":"Person","@id":"https:\/\/sare.eus\/#\/schema\/person\/2fe6d0df294f56313d3ab236dbe38e17","name":"sare","image":{"@type":"ImageObject","inLanguage":"es","@id":"https:\/\/sare.eus\/#\/schema\/person\/image\/","url":"https:\/\/secure.gravatar.com\/avatar\/77cad838677ceb1977e7b3c878b55eaa7fa4aae2158983063b047c3ad7ef2c25?s=96&d=mm&r=g","contentUrl":"https:\/\/secure.gravatar.com\/avatar\/77cad838677ceb1977e7b3c878b55eaa7fa4aae2158983063b047c3ad7ef2c25?s=96&d=mm&r=g","caption":"sare"},"url":"https:\/\/sare.eus\/es\/author\/sare\/"}]}},"_links":{"self":[{"href":"https:\/\/sare.eus\/es\/wp-json\/wp\/v2\/posts\/5074","targetHints":{"allow":["GET"]}}],"collection":[{"href":"https:\/\/sare.eus\/es\/wp-json\/wp\/v2\/posts"}],"about":[{"href":"https:\/\/sare.eus\/es\/wp-json\/wp\/v2\/types\/post"}],"author":[{"embeddable":true,"href":"https:\/\/sare.eus\/es\/wp-json\/wp\/v2\/users\/2"}],"replies":[{"embeddable":true,"href":"https:\/\/sare.eus\/es\/wp-json\/wp\/v2\/comments?post=5074"}],"version-history":[{"count":4,"href":"https:\/\/sare.eus\/es\/wp-json\/wp\/v2\/posts\/5074\/revisions"}],"predecessor-version":[{"id":5094,"href":"https:\/\/sare.eus\/es\/wp-json\/wp\/v2\/posts\/5074\/revisions\/5094"}],"wp:featuredmedia":[{"embeddable":true,"href":"https:\/\/sare.eus\/es\/wp-json\/wp\/v2\/media\/5083"}],"wp:attachment":[{"href":"https:\/\/sare.eus\/es\/wp-json\/wp\/v2\/media?parent=5074"}],"wp:term":[{"taxonomy":"category","embeddable":true,"href":"https:\/\/sare.eus\/es\/wp-json\/wp\/v2\/categories?post=5074"},{"taxonomy":"post_tag","embeddable":true,"href":"https:\/\/sare.eus\/es\/wp-json\/wp\/v2\/tags?post=5074"}],"curies":[{"name":"wp","href":"https:\/\/api.w.org\/{rel}","templated":true}]}}