{"id":5036,"date":"2023-03-08T11:13:58","date_gmt":"2023-03-08T11:13:58","guid":{"rendered":"https:\/\/sare.eus\/euskal-emakume-presoak-etxera\/"},"modified":"2023-03-08T11:26:13","modified_gmt":"2023-03-08T11:26:13","slug":"euskal-emakume-presoak-etxera","status":"publish","type":"post","link":"https:\/\/sare.eus\/es\/euskal-emakume-presoak-etxera\/","title":{"rendered":"Euskal emakume presoak #Etxera"},"content":{"rendered":"\n<figure class=\"wp-block-embed is-type-video is-provider-youtube wp-block-embed-youtube wp-embed-aspect-16-9 wp-has-aspect-ratio\"><div class=\"wp-block-embed__wrapper\">\n<iframe loading=\"lazy\" title=\"Euskal emakume presoak #Etxera\" width=\"1080\" height=\"608\" src=\"https:\/\/www.youtube.com\/embed\/y4X9ipab-40?feature=oembed\" frameborder=\"0\" allow=\"accelerometer; autoplay; clipboard-write; encrypted-media; gyroscope; picture-in-picture; web-share\" allowfullscreen><\/iframe>\n<\/div><\/figure>\n\n\n<p>En apoyo al Movimiento Feminista de Euskal Herria y con motivo de la jornada de movilizaciones convocada para el 8 de marzo, hemos convocado una movilizaci\u00f3n para informar sobre la situaci\u00f3n de las mujeres presas. De hecho, por ser mujeres presas durante todos estos a\u00f1os han estado a\u00fan m\u00e1s aisladas y a\u00fan m\u00e1s alejadas, sufriendo un castigo m\u00e1s cruel dentro del sistema carcelario, uno de los exponentes m\u00e1s n\u00edtidos del sistema patriarcal. Esta situaci\u00f3n ha cambiado un poco en los \u00faltimos meses, ya que los acercamientos de presxs vascxs en el Estado espa\u00f1ol han supuesto que un tercio de las mujeres presas que se encontraban dispersadas se encuentren ya en c\u00e1rceles de Euskal Herria. En cambio, todav\u00eda hay 4 presas fuera de Euskal Herria, 2 en el estado franc\u00e9s y 2 en el estado espa\u00f1ol. En total son 26 las mujeres vascas presas.<\/p>\n<p>Si estar preso bajo la pol\u00edtica penitenciaria de excepci\u00f3n hace m\u00e1s dura la prisi\u00f3n, en el caso de las mujeres se a\u00f1ade el hecho de tener que cumplir condena en un lugar pensado exclusivamente para hombres. Se encuentran en un \u00abno-lugar\u00bb, porque en este sistema patriarcal es inaceptable que la mujer sea delincuente. Las prisiones se convierten en f\u00e1bricas de recreaci\u00f3n de las \u00abbuenas mujeres\u00bb, que utilizan para \u00abreeducar\u00bb a las mujeres presas. Las zonas de trabajo, los talleres, los reglamentos de vestimenta, las limitaciones para vivir la sexualidad&#8230; se utilizan para colocar a la mujer en el lugar que le corresponde seg\u00fan el sistema patriarcal.<\/p>\n<p>Las mujeres sufren un triple castigo por estar presas:<\/p>\n<p><strong>\u00b7 Castigo social:<\/strong> porque rompe el papel pasivo que el patriarcado impone a la mujer.<\/p>\n<p><strong>\u00b7 Castigo personal:<\/strong> en el caso de \u00abmala mujer\u00bb y\/o madres se a\u00f1ade la sentencia de \u00abmala madre\u00bb a la pena impuesta.\u00a0<\/p>\n<p><strong>\u00b7 Sanci\u00f3n penal:<\/strong> tal y como se ha indicado anteriormente, ya que la condena debe cumplirse bajo un sistema penal que no est\u00e9 preparado para mujeres.<\/p>\n<p>Adem\u00e1s de esto, las mujeres presas vascas, tienen una pena adicional; una pol\u00edtica penitenciaria de excepci\u00f3n. Como consecuencia de esto, y debido a la escasez de prisiones que est\u00e1n designadas para mujeres, las mujeres presas vascas se encuentran m\u00e1s lejos y m\u00e1s aisladas, con todo lo que esto conlleva.<\/p>\n<p>En estos d\u00edas de movilizaciones en las que nos une el empoderamiento de las mujeres y la disoluci\u00f3n del sistema patriarcal, debemos entender tambi\u00e9n las c\u00e1rceles como un \u00e1mbito a trabajar.<\/p>\n<p>Acabar definitivamente con la cruda realidad penitenciaria nos corresponde a toda la sociedad, y para ello y para poder desarrollar el proceso de vuelta a casa, tenemos que seguir recorriendo el camino. \u00a1En el \u00e1mbito social, pol\u00edtico, sindical, institucional, y en la calle!<\/p>\n<p><strong>Emakume presoak etxera!<\/strong><\/p>","protected":false},"excerpt":{"rendered":"<p>En apoyo al Movimiento Feminista de Euskal Herria y con motivo de la jornada de movilizaciones convocada para el 8 de marzo, hemos convocado una movilizaci\u00f3n para informar sobre la [&hellip;]<\/p>\n","protected":false},"author":2,"featured_media":5034,"comment_status":"closed","ping_status":"closed","sticky":false,"template":"","format":"standard","meta":{"_acf_changed":false,"_et_pb_use_builder":"off","_et_pb_old_content":"","_et_gb_content_width":"","footnotes":""},"categories":[63],"tags":[],"class_list":["post-5036","post","type-post","status-publish","format-standard","has-post-thumbnail","hentry","category-mujer-y-carcel","et-has-post-format-content","et_post_format-et-post-format-standard"],"acf":[],"yoast_head":"<!-- This site is optimized with the Yoast SEO plugin v26.4 - https:\/\/yoast.com\/wordpress\/plugins\/seo\/ -->\n<title>Euskal emakume presoak #Etxera - Sare Herritarra<\/title>\n<meta name=\"robots\" content=\"index, follow, max-snippet:-1, max-image-preview:large, max-video-preview:-1\" \/>\n<link rel=\"canonical\" href=\"https:\/\/sare.eus\/es\/euskal-emakume-presoak-etxera\/\" \/>\n<meta property=\"og:locale\" content=\"es_ES\" \/>\n<meta property=\"og:type\" content=\"article\" \/>\n<meta property=\"og:title\" content=\"Euskal emakume presoak #Etxera - Sare Herritarra\" \/>\n<meta property=\"og:description\" content=\"En apoyo al Movimiento Feminista de Euskal Herria y con motivo de la jornada de movilizaciones convocada para el 8 de marzo, hemos convocado una movilizaci\u00f3n para informar sobre la [&hellip;]\" \/>\n<meta property=\"og:url\" content=\"https:\/\/sare.eus\/es\/euskal-emakume-presoak-etxera\/\" \/>\n<meta property=\"og:site_name\" content=\"Sare Herritarra\" \/>\n<meta property=\"article:published_time\" content=\"2023-03-08T11:13:58+00:00\" \/>\n<meta property=\"article:modified_time\" content=\"2023-03-08T11:26:13+00:00\" \/>\n<meta property=\"og:image\" content=\"https:\/\/sare.eus\/wp-content\/uploads\/2023\/03\/photo_2023-03-08_12-05-59.jpg\" \/>\n\t<meta property=\"og:image:width\" content=\"1280\" \/>\n\t<meta property=\"og:image:height\" content=\"720\" \/>\n\t<meta property=\"og:image:type\" content=\"image\/jpeg\" \/>\n<meta name=\"author\" content=\"sare\" \/>\n<meta name=\"twitter:card\" content=\"summary_large_image\" \/>\n<meta name=\"twitter:label1\" content=\"Escrito por\" \/>\n\t<meta name=\"twitter:data1\" content=\"sare\" \/>\n\t<meta name=\"twitter:label2\" content=\"Tiempo de lectura\" \/>\n\t<meta name=\"twitter:data2\" content=\"3 minutos\" \/>\n<script type=\"application\/ld+json\" class=\"yoast-schema-graph\">{\"@context\":\"https:\/\/schema.org\",\"@graph\":[{\"@type\":\"Article\",\"@id\":\"https:\/\/sare.eus\/es\/euskal-emakume-presoak-etxera\/#article\",\"isPartOf\":{\"@id\":\"https:\/\/sare.eus\/es\/euskal-emakume-presoak-etxera\/\"},\"author\":{\"name\":\"sare\",\"@id\":\"https:\/\/sare.eus\/#\/schema\/person\/2fe6d0df294f56313d3ab236dbe38e17\"},\"headline\":\"Euskal emakume presoak #Etxera\",\"datePublished\":\"2023-03-08T11:13:58+00:00\",\"dateModified\":\"2023-03-08T11:26:13+00:00\",\"mainEntityOfPage\":{\"@id\":\"https:\/\/sare.eus\/es\/euskal-emakume-presoak-etxera\/\"},\"wordCount\":487,\"publisher\":{\"@id\":\"https:\/\/sare.eus\/#organization\"},\"image\":{\"@id\":\"https:\/\/sare.eus\/es\/euskal-emakume-presoak-etxera\/#primaryimage\"},\"thumbnailUrl\":\"https:\/\/sare.eus\/wp-content\/uploads\/2023\/03\/photo_2023-03-08_12-05-59.jpg\",\"articleSection\":[\"Mujer y C\u00e1rcel\"],\"inLanguage\":\"es\"},{\"@type\":\"WebPage\",\"@id\":\"https:\/\/sare.eus\/es\/euskal-emakume-presoak-etxera\/\",\"url\":\"https:\/\/sare.eus\/es\/euskal-emakume-presoak-etxera\/\",\"name\":\"Euskal emakume presoak #Etxera - Sare Herritarra\",\"isPartOf\":{\"@id\":\"https:\/\/sare.eus\/#website\"},\"primaryImageOfPage\":{\"@id\":\"https:\/\/sare.eus\/es\/euskal-emakume-presoak-etxera\/#primaryimage\"},\"image\":{\"@id\":\"https:\/\/sare.eus\/es\/euskal-emakume-presoak-etxera\/#primaryimage\"},\"thumbnailUrl\":\"https:\/\/sare.eus\/wp-content\/uploads\/2023\/03\/photo_2023-03-08_12-05-59.jpg\",\"datePublished\":\"2023-03-08T11:13:58+00:00\",\"dateModified\":\"2023-03-08T11:26:13+00:00\",\"breadcrumb\":{\"@id\":\"https:\/\/sare.eus\/es\/euskal-emakume-presoak-etxera\/#breadcrumb\"},\"inLanguage\":\"es\",\"potentialAction\":[{\"@type\":\"ReadAction\",\"target\":[\"https:\/\/sare.eus\/es\/euskal-emakume-presoak-etxera\/\"]}]},{\"@type\":\"ImageObject\",\"inLanguage\":\"es\",\"@id\":\"https:\/\/sare.eus\/es\/euskal-emakume-presoak-etxera\/#primaryimage\",\"url\":\"https:\/\/sare.eus\/wp-content\/uploads\/2023\/03\/photo_2023-03-08_12-05-59.jpg\",\"contentUrl\":\"https:\/\/sare.eus\/wp-content\/uploads\/2023\/03\/photo_2023-03-08_12-05-59.jpg\",\"width\":1280,\"height\":720},{\"@type\":\"BreadcrumbList\",\"@id\":\"https:\/\/sare.eus\/es\/euskal-emakume-presoak-etxera\/#breadcrumb\",\"itemListElement\":[{\"@type\":\"ListItem\",\"position\":1,\"name\":\"Home\",\"item\":\"https:\/\/sare.eus\/\"},{\"@type\":\"ListItem\",\"position\":2,\"name\":\"Euskal emakume presoak #Etxera\"}]},{\"@type\":\"WebSite\",\"@id\":\"https:\/\/sare.eus\/#website\",\"url\":\"https:\/\/sare.eus\/\",\"name\":\"Sare Herritarra\",\"description\":\"KONPONBIDEAREN ETA GIZA ESKUBIDEEN ALDEKO SARE HERRITARRA\",\"publisher\":{\"@id\":\"https:\/\/sare.eus\/#organization\"},\"potentialAction\":[{\"@type\":\"SearchAction\",\"target\":{\"@type\":\"EntryPoint\",\"urlTemplate\":\"https:\/\/sare.eus\/?s={search_term_string}\"},\"query-input\":{\"@type\":\"PropertyValueSpecification\",\"valueRequired\":true,\"valueName\":\"search_term_string\"}}],\"inLanguage\":\"es\"},{\"@type\":\"Organization\",\"@id\":\"https:\/\/sare.eus\/#organization\",\"name\":\"Sare Herritarra\",\"url\":\"https:\/\/sare.eus\/\",\"logo\":{\"@type\":\"ImageObject\",\"inLanguage\":\"es\",\"@id\":\"https:\/\/sare.eus\/#\/schema\/logo\/image\/\",\"url\":\"https:\/\/sare.eus\/wp-content\/uploads\/2021\/08\/sare.png\",\"contentUrl\":\"https:\/\/sare.eus\/wp-content\/uploads\/2021\/08\/sare.png\",\"width\":120,\"height\":142,\"caption\":\"Sare Herritarra\"},\"image\":{\"@id\":\"https:\/\/sare.eus\/#\/schema\/logo\/image\/\"}},{\"@type\":\"Person\",\"@id\":\"https:\/\/sare.eus\/#\/schema\/person\/2fe6d0df294f56313d3ab236dbe38e17\",\"name\":\"sare\",\"image\":{\"@type\":\"ImageObject\",\"inLanguage\":\"es\",\"@id\":\"https:\/\/sare.eus\/#\/schema\/person\/image\/\",\"url\":\"https:\/\/secure.gravatar.com\/avatar\/77cad838677ceb1977e7b3c878b55eaa7fa4aae2158983063b047c3ad7ef2c25?s=96&d=mm&r=g\",\"contentUrl\":\"https:\/\/secure.gravatar.com\/avatar\/77cad838677ceb1977e7b3c878b55eaa7fa4aae2158983063b047c3ad7ef2c25?s=96&d=mm&r=g\",\"caption\":\"sare\"},\"url\":\"https:\/\/sare.eus\/es\/author\/sare\/\"}]}<\/script>\n<!-- \/ Yoast SEO plugin. -->","yoast_head_json":{"title":"Euskal emakume presoak #Etxera - Sare Herritarra","robots":{"index":"index","follow":"follow","max-snippet":"max-snippet:-1","max-image-preview":"max-image-preview:large","max-video-preview":"max-video-preview:-1"},"canonical":"https:\/\/sare.eus\/es\/euskal-emakume-presoak-etxera\/","og_locale":"es_ES","og_type":"article","og_title":"Euskal emakume presoak #Etxera - Sare Herritarra","og_description":"En apoyo al Movimiento Feminista de Euskal Herria y con motivo de la jornada de movilizaciones convocada para el 8 de marzo, hemos convocado una movilizaci\u00f3n para informar sobre la [&hellip;]","og_url":"https:\/\/sare.eus\/es\/euskal-emakume-presoak-etxera\/","og_site_name":"Sare Herritarra","article_published_time":"2023-03-08T11:13:58+00:00","article_modified_time":"2023-03-08T11:26:13+00:00","og_image":[{"width":1280,"height":720,"url":"https:\/\/sare.eus\/wp-content\/uploads\/2023\/03\/photo_2023-03-08_12-05-59.jpg","type":"image\/jpeg"}],"author":"sare","twitter_card":"summary_large_image","twitter_misc":{"Escrito por":"sare","Tiempo de lectura":"3 minutos"},"schema":{"@context":"https:\/\/schema.org","@graph":[{"@type":"Article","@id":"https:\/\/sare.eus\/es\/euskal-emakume-presoak-etxera\/#article","isPartOf":{"@id":"https:\/\/sare.eus\/es\/euskal-emakume-presoak-etxera\/"},"author":{"name":"sare","@id":"https:\/\/sare.eus\/#\/schema\/person\/2fe6d0df294f56313d3ab236dbe38e17"},"headline":"Euskal emakume presoak #Etxera","datePublished":"2023-03-08T11:13:58+00:00","dateModified":"2023-03-08T11:26:13+00:00","mainEntityOfPage":{"@id":"https:\/\/sare.eus\/es\/euskal-emakume-presoak-etxera\/"},"wordCount":487,"publisher":{"@id":"https:\/\/sare.eus\/#organization"},"image":{"@id":"https:\/\/sare.eus\/es\/euskal-emakume-presoak-etxera\/#primaryimage"},"thumbnailUrl":"https:\/\/sare.eus\/wp-content\/uploads\/2023\/03\/photo_2023-03-08_12-05-59.jpg","articleSection":["Mujer y C\u00e1rcel"],"inLanguage":"es"},{"@type":"WebPage","@id":"https:\/\/sare.eus\/es\/euskal-emakume-presoak-etxera\/","url":"https:\/\/sare.eus\/es\/euskal-emakume-presoak-etxera\/","name":"Euskal emakume presoak #Etxera - Sare Herritarra","isPartOf":{"@id":"https:\/\/sare.eus\/#website"},"primaryImageOfPage":{"@id":"https:\/\/sare.eus\/es\/euskal-emakume-presoak-etxera\/#primaryimage"},"image":{"@id":"https:\/\/sare.eus\/es\/euskal-emakume-presoak-etxera\/#primaryimage"},"thumbnailUrl":"https:\/\/sare.eus\/wp-content\/uploads\/2023\/03\/photo_2023-03-08_12-05-59.jpg","datePublished":"2023-03-08T11:13:58+00:00","dateModified":"2023-03-08T11:26:13+00:00","breadcrumb":{"@id":"https:\/\/sare.eus\/es\/euskal-emakume-presoak-etxera\/#breadcrumb"},"inLanguage":"es","potentialAction":[{"@type":"ReadAction","target":["https:\/\/sare.eus\/es\/euskal-emakume-presoak-etxera\/"]}]},{"@type":"ImageObject","inLanguage":"es","@id":"https:\/\/sare.eus\/es\/euskal-emakume-presoak-etxera\/#primaryimage","url":"https:\/\/sare.eus\/wp-content\/uploads\/2023\/03\/photo_2023-03-08_12-05-59.jpg","contentUrl":"https:\/\/sare.eus\/wp-content\/uploads\/2023\/03\/photo_2023-03-08_12-05-59.jpg","width":1280,"height":720},{"@type":"BreadcrumbList","@id":"https:\/\/sare.eus\/es\/euskal-emakume-presoak-etxera\/#breadcrumb","itemListElement":[{"@type":"ListItem","position":1,"name":"Home","item":"https:\/\/sare.eus\/"},{"@type":"ListItem","position":2,"name":"Euskal emakume presoak #Etxera"}]},{"@type":"WebSite","@id":"https:\/\/sare.eus\/#website","url":"https:\/\/sare.eus\/","name":"Sare Herritarra","description":"KONPONBIDEAREN ETA GIZA ESKUBIDEEN ALDEKO SARE HERRITARRA","publisher":{"@id":"https:\/\/sare.eus\/#organization"},"potentialAction":[{"@type":"SearchAction","target":{"@type":"EntryPoint","urlTemplate":"https:\/\/sare.eus\/?s={search_term_string}"},"query-input":{"@type":"PropertyValueSpecification","valueRequired":true,"valueName":"search_term_string"}}],"inLanguage":"es"},{"@type":"Organization","@id":"https:\/\/sare.eus\/#organization","name":"Sare Herritarra","url":"https:\/\/sare.eus\/","logo":{"@type":"ImageObject","inLanguage":"es","@id":"https:\/\/sare.eus\/#\/schema\/logo\/image\/","url":"https:\/\/sare.eus\/wp-content\/uploads\/2021\/08\/sare.png","contentUrl":"https:\/\/sare.eus\/wp-content\/uploads\/2021\/08\/sare.png","width":120,"height":142,"caption":"Sare Herritarra"},"image":{"@id":"https:\/\/sare.eus\/#\/schema\/logo\/image\/"}},{"@type":"Person","@id":"https:\/\/sare.eus\/#\/schema\/person\/2fe6d0df294f56313d3ab236dbe38e17","name":"sare","image":{"@type":"ImageObject","inLanguage":"es","@id":"https:\/\/sare.eus\/#\/schema\/person\/image\/","url":"https:\/\/secure.gravatar.com\/avatar\/77cad838677ceb1977e7b3c878b55eaa7fa4aae2158983063b047c3ad7ef2c25?s=96&d=mm&r=g","contentUrl":"https:\/\/secure.gravatar.com\/avatar\/77cad838677ceb1977e7b3c878b55eaa7fa4aae2158983063b047c3ad7ef2c25?s=96&d=mm&r=g","caption":"sare"},"url":"https:\/\/sare.eus\/es\/author\/sare\/"}]}},"_links":{"self":[{"href":"https:\/\/sare.eus\/es\/wp-json\/wp\/v2\/posts\/5036","targetHints":{"allow":["GET"]}}],"collection":[{"href":"https:\/\/sare.eus\/es\/wp-json\/wp\/v2\/posts"}],"about":[{"href":"https:\/\/sare.eus\/es\/wp-json\/wp\/v2\/types\/post"}],"author":[{"embeddable":true,"href":"https:\/\/sare.eus\/es\/wp-json\/wp\/v2\/users\/2"}],"replies":[{"embeddable":true,"href":"https:\/\/sare.eus\/es\/wp-json\/wp\/v2\/comments?post=5036"}],"version-history":[{"count":1,"href":"https:\/\/sare.eus\/es\/wp-json\/wp\/v2\/posts\/5036\/revisions"}],"predecessor-version":[{"id":5038,"href":"https:\/\/sare.eus\/es\/wp-json\/wp\/v2\/posts\/5036\/revisions\/5038"}],"wp:featuredmedia":[{"embeddable":true,"href":"https:\/\/sare.eus\/es\/wp-json\/wp\/v2\/media\/5034"}],"wp:attachment":[{"href":"https:\/\/sare.eus\/es\/wp-json\/wp\/v2\/media?parent=5036"}],"wp:term":[{"taxonomy":"category","embeddable":true,"href":"https:\/\/sare.eus\/es\/wp-json\/wp\/v2\/categories?post=5036"},{"taxonomy":"post_tag","embeddable":true,"href":"https:\/\/sare.eus\/es\/wp-json\/wp\/v2\/tags?post=5036"}],"curies":[{"name":"wp","href":"https:\/\/api.w.org\/{rel}","templated":true}]}}