{"id":5028,"date":"2023-03-06T20:19:33","date_gmt":"2023-03-06T20:19:33","guid":{"rendered":"https:\/\/sare.eus\/sarek-viii-batzar-orokorra-egin-du-astigarragan\/"},"modified":"2023-03-07T08:55:40","modified_gmt":"2023-03-07T08:55:40","slug":"sare-celebra-su-viii-asamblea-general-en-astigarraga","status":"publish","type":"post","link":"https:\/\/sare.eus\/es\/sare-celebra-su-viii-asamblea-general-en-astigarraga\/","title":{"rendered":"Sare CELEBRA SU VIII ASAMBLEA GENERAL EN ASTIGARRAGA"},"content":{"rendered":"\n<figure class=\"wp-block-embed is-type-video is-provider-youtube wp-block-embed-youtube wp-embed-aspect-16-9 wp-has-aspect-ratio\"><div class=\"wp-block-embed__wrapper\">\n<iframe loading=\"lazy\" title=\"2022 2023 SARE BATZAR OROKORRAK BIDEOA\" width=\"1080\" height=\"608\" src=\"https:\/\/www.youtube.com\/embed\/cXBXDHXDGA4?feature=oembed\" frameborder=\"0\" allow=\"accelerometer; autoplay; clipboard-write; encrypted-media; gyroscope; picture-in-picture; web-share\" allowfullscreen><\/iframe>\n<\/div><figcaption><strong>2022\/2023 urteko bideo laburpena<\/strong><\/figcaption><\/figure>\n\n\n<p>Afrontamos esta VIII asamblea de SARE, con \u00e1nimos y fuerzas renovados, tras el \u00e9xito de la multitudinaria manifestaci\u00f3n del 7 de enero en Bilbo.<\/p>\n<p>Ha costado mucho tiempo y sufrimiento, pero hoy podemos decir que, con el esfuerzo de muchas personas, la pol\u00edtica de alejamiento, 34 a\u00f1os despu\u00e9s de su implantaci\u00f3n ha finalizado. Una etapa muy larga, que hemos finalizado.\u00a0<\/p>\n<p>En esta Asamblea, pondremos en com\u00fan, la forma en como vamos a proceder a hacer frente a una segunda etapa. La de conseguir abrir el camino de regreso a casa de los presos\/as vascos.\u00a0<\/p>\n<p>Somos conscientes que el camino que nos queda por recorrer, no ser\u00e1 sencillo. Tenemos enfrente a una justicia instalada en la confrontaci\u00f3n e incluso la prevaricaci\u00f3n, pero tenemos a nuestro favor, una cada vez m\u00e1s importante parte de la sociedad vasca, dispuesta a poner fin a esta situaci\u00f3n. Y estamos dispuestos a recorrer este camino.\u00a0<\/p>\n<p>Y este camino, hay que recorrerlo reconociendo el dolor generado por las diferentes violencias desarrollados en nuestro Pueblo. Trasladando ese reconocimiento y empat\u00eda a todas las victimas, porque entre todos y todas, debemos reconstruir la convivencia en EH.\u00a0<\/p>\n<p>El fin del alejamiento no supone el fin de la resoluci\u00f3n del problema. El primer paso ha sido la reivindicaci\u00f3n de su traslado a c\u00e1rceles vascas, pero no para que se les continu\u00e9 aplicando una legislaci\u00f3n penitenciaria de excepci\u00f3n, sino para que tras d\u00e9cadas de privaci\u00f3n de libertad, puedan alcanzar la libertad, a trav\u00e9s de la aplicaci\u00f3n de la legislaci\u00f3n ordinaria.\u00a0<\/p>\n<hr \/>\n\n\n<figure class=\"wp-block-gallery columns-3 is-cropped wp-block-gallery-1 is-layout-flex wp-block-gallery-is-layout-flex\"><ul class=\"blocks-gallery-grid\"><li class=\"blocks-gallery-item\"><figure><img loading=\"lazy\" decoding=\"async\" width=\"1024\" height=\"576\" src=\"https:\/\/sare.eus\/wp-content\/uploads\/2023\/03\/IMG_20230306_211804_295-1024x576.jpg\" alt=\"\" data-id=\"5011\" data-full-url=\"https:\/\/sare.eus\/wp-content\/uploads\/2023\/03\/IMG_20230306_211804_295.jpg\" data-link=\"https:\/\/sare.eus\/?attachment_id=5011\" class=\"wp-image-5011\" srcset=\"https:\/\/sare.eus\/wp-content\/uploads\/2023\/03\/IMG_20230306_211804_295-1024x576.jpg 1024w, https:\/\/sare.eus\/wp-content\/uploads\/2023\/03\/IMG_20230306_211804_295-300x169.jpg 300w, https:\/\/sare.eus\/wp-content\/uploads\/2023\/03\/IMG_20230306_211804_295-768x432.jpg 768w, https:\/\/sare.eus\/wp-content\/uploads\/2023\/03\/IMG_20230306_211804_295-1080x608.jpg 1080w, https:\/\/sare.eus\/wp-content\/uploads\/2023\/03\/IMG_20230306_211804_295.jpg 1280w\" sizes=\"(max-width: 1024px) 100vw, 1024px\" \/><\/figure><\/li><li class=\"blocks-gallery-item\"><figure><img loading=\"lazy\" decoding=\"async\" width=\"1024\" height=\"576\" src=\"https:\/\/sare.eus\/wp-content\/uploads\/2023\/03\/IMG_20230306_211804_337-1024x576.jpg\" alt=\"\" data-id=\"5013\" data-full-url=\"https:\/\/sare.eus\/wp-content\/uploads\/2023\/03\/IMG_20230306_211804_337.jpg\" data-link=\"https:\/\/sare.eus\/?attachment_id=5013\" class=\"wp-image-5013\" srcset=\"https:\/\/sare.eus\/wp-content\/uploads\/2023\/03\/IMG_20230306_211804_337-1024x576.jpg 1024w, https:\/\/sare.eus\/wp-content\/uploads\/2023\/03\/IMG_20230306_211804_337-300x169.jpg 300w, https:\/\/sare.eus\/wp-content\/uploads\/2023\/03\/IMG_20230306_211804_337-768x432.jpg 768w, https:\/\/sare.eus\/wp-content\/uploads\/2023\/03\/IMG_20230306_211804_337-1080x608.jpg 1080w, https:\/\/sare.eus\/wp-content\/uploads\/2023\/03\/IMG_20230306_211804_337.jpg 1280w\" sizes=\"(max-width: 1024px) 100vw, 1024px\" \/><\/figure><\/li><li class=\"blocks-gallery-item\"><figure><img loading=\"lazy\" decoding=\"async\" width=\"1024\" height=\"576\" src=\"https:\/\/sare.eus\/wp-content\/uploads\/2023\/03\/IMG_20230306_211803_916-1024x576.jpg\" alt=\"\" data-id=\"5015\" data-full-url=\"https:\/\/sare.eus\/wp-content\/uploads\/2023\/03\/IMG_20230306_211803_916.jpg\" data-link=\"https:\/\/sare.eus\/?attachment_id=5015\" class=\"wp-image-5015\" srcset=\"https:\/\/sare.eus\/wp-content\/uploads\/2023\/03\/IMG_20230306_211803_916-1024x576.jpg 1024w, https:\/\/sare.eus\/wp-content\/uploads\/2023\/03\/IMG_20230306_211803_916-300x169.jpg 300w, https:\/\/sare.eus\/wp-content\/uploads\/2023\/03\/IMG_20230306_211803_916-768x432.jpg 768w, https:\/\/sare.eus\/wp-content\/uploads\/2023\/03\/IMG_20230306_211803_916-1080x608.jpg 1080w, https:\/\/sare.eus\/wp-content\/uploads\/2023\/03\/IMG_20230306_211803_916.jpg 1280w\" sizes=\"(max-width: 1024px) 100vw, 1024px\" \/><\/figure><\/li><li class=\"blocks-gallery-item\"><figure><img loading=\"lazy\" decoding=\"async\" width=\"1024\" height=\"576\" src=\"https:\/\/sare.eus\/wp-content\/uploads\/2023\/03\/IMG_20230306_211803_668-1024x576.jpg\" alt=\"\" data-id=\"5017\" data-full-url=\"https:\/\/sare.eus\/wp-content\/uploads\/2023\/03\/IMG_20230306_211803_668.jpg\" data-link=\"https:\/\/sare.eus\/?attachment_id=5017\" class=\"wp-image-5017\" srcset=\"https:\/\/sare.eus\/wp-content\/uploads\/2023\/03\/IMG_20230306_211803_668-1024x576.jpg 1024w, https:\/\/sare.eus\/wp-content\/uploads\/2023\/03\/IMG_20230306_211803_668-300x169.jpg 300w, https:\/\/sare.eus\/wp-content\/uploads\/2023\/03\/IMG_20230306_211803_668-768x432.jpg 768w, https:\/\/sare.eus\/wp-content\/uploads\/2023\/03\/IMG_20230306_211803_668-1080x608.jpg 1080w, https:\/\/sare.eus\/wp-content\/uploads\/2023\/03\/IMG_20230306_211803_668.jpg 1280w\" sizes=\"(max-width: 1024px) 100vw, 1024px\" \/><\/figure><\/li><li class=\"blocks-gallery-item\"><figure><img loading=\"lazy\" decoding=\"async\" width=\"1024\" height=\"576\" src=\"https:\/\/sare.eus\/wp-content\/uploads\/2023\/03\/IMG_20230306_211804_177-1024x576.jpg\" alt=\"\" data-id=\"5019\" data-full-url=\"https:\/\/sare.eus\/wp-content\/uploads\/2023\/03\/IMG_20230306_211804_177.jpg\" data-link=\"https:\/\/sare.eus\/?attachment_id=5019\" class=\"wp-image-5019\" srcset=\"https:\/\/sare.eus\/wp-content\/uploads\/2023\/03\/IMG_20230306_211804_177-1024x576.jpg 1024w, https:\/\/sare.eus\/wp-content\/uploads\/2023\/03\/IMG_20230306_211804_177-300x169.jpg 300w, https:\/\/sare.eus\/wp-content\/uploads\/2023\/03\/IMG_20230306_211804_177-768x432.jpg 768w, https:\/\/sare.eus\/wp-content\/uploads\/2023\/03\/IMG_20230306_211804_177-1080x608.jpg 1080w, https:\/\/sare.eus\/wp-content\/uploads\/2023\/03\/IMG_20230306_211804_177.jpg 1280w\" sizes=\"(max-width: 1024px) 100vw, 1024px\" \/><\/figure><\/li><li class=\"blocks-gallery-item\"><figure><img loading=\"lazy\" decoding=\"async\" width=\"1024\" height=\"576\" src=\"https:\/\/sare.eus\/wp-content\/uploads\/2023\/03\/IMG_20230306_211755_240-1024x576.jpg\" alt=\"\" data-id=\"5021\" data-full-url=\"https:\/\/sare.eus\/wp-content\/uploads\/2023\/03\/IMG_20230306_211755_240.jpg\" data-link=\"https:\/\/sare.eus\/?attachment_id=5021\" class=\"wp-image-5021\" srcset=\"https:\/\/sare.eus\/wp-content\/uploads\/2023\/03\/IMG_20230306_211755_240-1024x576.jpg 1024w, https:\/\/sare.eus\/wp-content\/uploads\/2023\/03\/IMG_20230306_211755_240-300x169.jpg 300w, https:\/\/sare.eus\/wp-content\/uploads\/2023\/03\/IMG_20230306_211755_240-768x432.jpg 768w, https:\/\/sare.eus\/wp-content\/uploads\/2023\/03\/IMG_20230306_211755_240-1080x608.jpg 1080w, https:\/\/sare.eus\/wp-content\/uploads\/2023\/03\/IMG_20230306_211755_240.jpg 1280w\" sizes=\"(max-width: 1024px) 100vw, 1024px\" \/><\/figure><\/li><li class=\"blocks-gallery-item\"><figure><img loading=\"lazy\" decoding=\"async\" width=\"1024\" height=\"576\" src=\"https:\/\/sare.eus\/wp-content\/uploads\/2023\/03\/IMG_20230306_211755_202-1024x576.jpg\" alt=\"\" data-id=\"5023\" data-full-url=\"https:\/\/sare.eus\/wp-content\/uploads\/2023\/03\/IMG_20230306_211755_202.jpg\" data-link=\"https:\/\/sare.eus\/?attachment_id=5023\" class=\"wp-image-5023\" srcset=\"https:\/\/sare.eus\/wp-content\/uploads\/2023\/03\/IMG_20230306_211755_202-1024x576.jpg 1024w, https:\/\/sare.eus\/wp-content\/uploads\/2023\/03\/IMG_20230306_211755_202-300x169.jpg 300w, https:\/\/sare.eus\/wp-content\/uploads\/2023\/03\/IMG_20230306_211755_202-768x432.jpg 768w, https:\/\/sare.eus\/wp-content\/uploads\/2023\/03\/IMG_20230306_211755_202-1080x608.jpg 1080w, https:\/\/sare.eus\/wp-content\/uploads\/2023\/03\/IMG_20230306_211755_202.jpg 1280w\" sizes=\"(max-width: 1024px) 100vw, 1024px\" \/><\/figure><\/li><\/ul><\/figure>\n","protected":false},"excerpt":{"rendered":"<p>Afrontamos esta VIII asamblea de SARE, con \u00e1nimos y fuerzas renovados, tras el \u00e9xito de la multitudinaria manifestaci\u00f3n del 7 de enero en Bilbo. Ha costado mucho tiempo y sufrimiento, [&hellip;]<\/p>\n","protected":false},"author":2,"featured_media":5010,"comment_status":"closed","ping_status":"closed","sticky":false,"template":"","format":"standard","meta":{"_acf_changed":false,"_et_pb_use_builder":"off","_et_pb_old_content":"","_et_gb_content_width":"","footnotes":""},"categories":[60],"tags":[],"class_list":["post-5028","post","type-post","status-publish","format-standard","has-post-thumbnail","hentry","category-etxera-es","et-has-post-format-content","et_post_format-et-post-format-standard"],"acf":[],"yoast_head":"<!-- This site is optimized with the Yoast SEO plugin v26.4 - https:\/\/yoast.com\/wordpress\/plugins\/seo\/ -->\n<title>Sare CELEBRA SU VIII ASAMBLEA GENERAL EN ASTIGARRAGA - Sare Herritarra<\/title>\n<meta name=\"robots\" content=\"index, follow, max-snippet:-1, max-image-preview:large, max-video-preview:-1\" \/>\n<link rel=\"canonical\" href=\"https:\/\/sare.eus\/es\/sare-celebra-su-viii-asamblea-general-en-astigarraga\/\" \/>\n<meta property=\"og:locale\" content=\"es_ES\" \/>\n<meta property=\"og:type\" content=\"article\" \/>\n<meta property=\"og:title\" content=\"Sare CELEBRA SU VIII ASAMBLEA GENERAL EN ASTIGARRAGA - Sare Herritarra\" \/>\n<meta property=\"og:description\" content=\"Afrontamos esta VIII asamblea de SARE, con \u00e1nimos y fuerzas renovados, tras el \u00e9xito de la multitudinaria manifestaci\u00f3n del 7 de enero en Bilbo. Ha costado mucho tiempo y sufrimiento, [&hellip;]\" \/>\n<meta property=\"og:url\" content=\"https:\/\/sare.eus\/es\/sare-celebra-su-viii-asamblea-general-en-astigarraga\/\" \/>\n<meta property=\"og:site_name\" content=\"Sare Herritarra\" \/>\n<meta property=\"article:published_time\" content=\"2023-03-06T20:19:33+00:00\" \/>\n<meta property=\"article:modified_time\" content=\"2023-03-07T08:55:40+00:00\" \/>\n<meta property=\"og:image\" content=\"https:\/\/sare.eus\/wp-content\/uploads\/2023\/03\/IMG_20230306_211804_165.jpg\" \/>\n\t<meta property=\"og:image:width\" content=\"1280\" \/>\n\t<meta property=\"og:image:height\" content=\"720\" \/>\n\t<meta property=\"og:image:type\" content=\"image\/jpeg\" \/>\n<meta name=\"author\" content=\"sare\" \/>\n<meta name=\"twitter:card\" content=\"summary_large_image\" \/>\n<meta name=\"twitter:label1\" content=\"Escrito por\" \/>\n\t<meta name=\"twitter:data1\" content=\"sare\" \/>\n\t<meta name=\"twitter:label2\" content=\"Tiempo de lectura\" \/>\n\t<meta name=\"twitter:data2\" content=\"3 minutos\" \/>\n<script type=\"application\/ld+json\" class=\"yoast-schema-graph\">{\"@context\":\"https:\/\/schema.org\",\"@graph\":[{\"@type\":\"Article\",\"@id\":\"https:\/\/sare.eus\/es\/sare-celebra-su-viii-asamblea-general-en-astigarraga\/#article\",\"isPartOf\":{\"@id\":\"https:\/\/sare.eus\/es\/sare-celebra-su-viii-asamblea-general-en-astigarraga\/\"},\"author\":{\"name\":\"sare\",\"@id\":\"https:\/\/sare.eus\/#\/schema\/person\/2fe6d0df294f56313d3ab236dbe38e17\"},\"headline\":\"Sare CELEBRA SU VIII ASAMBLEA GENERAL EN ASTIGARRAGA\",\"datePublished\":\"2023-03-06T20:19:33+00:00\",\"dateModified\":\"2023-03-07T08:55:40+00:00\",\"mainEntityOfPage\":{\"@id\":\"https:\/\/sare.eus\/es\/sare-celebra-su-viii-asamblea-general-en-astigarraga\/\"},\"wordCount\":283,\"publisher\":{\"@id\":\"https:\/\/sare.eus\/#organization\"},\"image\":{\"@id\":\"https:\/\/sare.eus\/es\/sare-celebra-su-viii-asamblea-general-en-astigarraga\/#primaryimage\"},\"thumbnailUrl\":\"https:\/\/sare.eus\/wp-content\/uploads\/2023\/03\/IMG_20230306_211804_165.jpg\",\"articleSection\":[\"Etxera\"],\"inLanguage\":\"es\"},{\"@type\":\"WebPage\",\"@id\":\"https:\/\/sare.eus\/es\/sare-celebra-su-viii-asamblea-general-en-astigarraga\/\",\"url\":\"https:\/\/sare.eus\/es\/sare-celebra-su-viii-asamblea-general-en-astigarraga\/\",\"name\":\"Sare CELEBRA SU VIII ASAMBLEA GENERAL EN ASTIGARRAGA - Sare Herritarra\",\"isPartOf\":{\"@id\":\"https:\/\/sare.eus\/#website\"},\"primaryImageOfPage\":{\"@id\":\"https:\/\/sare.eus\/es\/sare-celebra-su-viii-asamblea-general-en-astigarraga\/#primaryimage\"},\"image\":{\"@id\":\"https:\/\/sare.eus\/es\/sare-celebra-su-viii-asamblea-general-en-astigarraga\/#primaryimage\"},\"thumbnailUrl\":\"https:\/\/sare.eus\/wp-content\/uploads\/2023\/03\/IMG_20230306_211804_165.jpg\",\"datePublished\":\"2023-03-06T20:19:33+00:00\",\"dateModified\":\"2023-03-07T08:55:40+00:00\",\"breadcrumb\":{\"@id\":\"https:\/\/sare.eus\/es\/sare-celebra-su-viii-asamblea-general-en-astigarraga\/#breadcrumb\"},\"inLanguage\":\"es\",\"potentialAction\":[{\"@type\":\"ReadAction\",\"target\":[\"https:\/\/sare.eus\/es\/sare-celebra-su-viii-asamblea-general-en-astigarraga\/\"]}]},{\"@type\":\"ImageObject\",\"inLanguage\":\"es\",\"@id\":\"https:\/\/sare.eus\/es\/sare-celebra-su-viii-asamblea-general-en-astigarraga\/#primaryimage\",\"url\":\"https:\/\/sare.eus\/wp-content\/uploads\/2023\/03\/IMG_20230306_211804_165.jpg\",\"contentUrl\":\"https:\/\/sare.eus\/wp-content\/uploads\/2023\/03\/IMG_20230306_211804_165.jpg\",\"width\":1280,\"height\":720},{\"@type\":\"BreadcrumbList\",\"@id\":\"https:\/\/sare.eus\/es\/sare-celebra-su-viii-asamblea-general-en-astigarraga\/#breadcrumb\",\"itemListElement\":[{\"@type\":\"ListItem\",\"position\":1,\"name\":\"Home\",\"item\":\"https:\/\/sare.eus\/\"},{\"@type\":\"ListItem\",\"position\":2,\"name\":\"Sare CELEBRA SU VIII ASAMBLEA GENERAL EN ASTIGARRAGA\"}]},{\"@type\":\"WebSite\",\"@id\":\"https:\/\/sare.eus\/#website\",\"url\":\"https:\/\/sare.eus\/\",\"name\":\"Sare Herritarra\",\"description\":\"KONPONBIDEAREN ETA GIZA ESKUBIDEEN ALDEKO SARE HERRITARRA\",\"publisher\":{\"@id\":\"https:\/\/sare.eus\/#organization\"},\"potentialAction\":[{\"@type\":\"SearchAction\",\"target\":{\"@type\":\"EntryPoint\",\"urlTemplate\":\"https:\/\/sare.eus\/?s={search_term_string}\"},\"query-input\":{\"@type\":\"PropertyValueSpecification\",\"valueRequired\":true,\"valueName\":\"search_term_string\"}}],\"inLanguage\":\"es\"},{\"@type\":\"Organization\",\"@id\":\"https:\/\/sare.eus\/#organization\",\"name\":\"Sare Herritarra\",\"url\":\"https:\/\/sare.eus\/\",\"logo\":{\"@type\":\"ImageObject\",\"inLanguage\":\"es\",\"@id\":\"https:\/\/sare.eus\/#\/schema\/logo\/image\/\",\"url\":\"https:\/\/sare.eus\/wp-content\/uploads\/2021\/08\/sare.png\",\"contentUrl\":\"https:\/\/sare.eus\/wp-content\/uploads\/2021\/08\/sare.png\",\"width\":120,\"height\":142,\"caption\":\"Sare Herritarra\"},\"image\":{\"@id\":\"https:\/\/sare.eus\/#\/schema\/logo\/image\/\"}},{\"@type\":\"Person\",\"@id\":\"https:\/\/sare.eus\/#\/schema\/person\/2fe6d0df294f56313d3ab236dbe38e17\",\"name\":\"sare\",\"image\":{\"@type\":\"ImageObject\",\"inLanguage\":\"es\",\"@id\":\"https:\/\/sare.eus\/#\/schema\/person\/image\/\",\"url\":\"https:\/\/secure.gravatar.com\/avatar\/77cad838677ceb1977e7b3c878b55eaa7fa4aae2158983063b047c3ad7ef2c25?s=96&d=mm&r=g\",\"contentUrl\":\"https:\/\/secure.gravatar.com\/avatar\/77cad838677ceb1977e7b3c878b55eaa7fa4aae2158983063b047c3ad7ef2c25?s=96&d=mm&r=g\",\"caption\":\"sare\"},\"url\":\"https:\/\/sare.eus\/es\/author\/sare\/\"}]}<\/script>\n<!-- \/ Yoast SEO plugin. -->","yoast_head_json":{"title":"Sare CELEBRA SU VIII ASAMBLEA GENERAL EN ASTIGARRAGA - Sare Herritarra","robots":{"index":"index","follow":"follow","max-snippet":"max-snippet:-1","max-image-preview":"max-image-preview:large","max-video-preview":"max-video-preview:-1"},"canonical":"https:\/\/sare.eus\/es\/sare-celebra-su-viii-asamblea-general-en-astigarraga\/","og_locale":"es_ES","og_type":"article","og_title":"Sare CELEBRA SU VIII ASAMBLEA GENERAL EN ASTIGARRAGA - Sare Herritarra","og_description":"Afrontamos esta VIII asamblea de SARE, con \u00e1nimos y fuerzas renovados, tras el \u00e9xito de la multitudinaria manifestaci\u00f3n del 7 de enero en Bilbo. Ha costado mucho tiempo y sufrimiento, [&hellip;]","og_url":"https:\/\/sare.eus\/es\/sare-celebra-su-viii-asamblea-general-en-astigarraga\/","og_site_name":"Sare Herritarra","article_published_time":"2023-03-06T20:19:33+00:00","article_modified_time":"2023-03-07T08:55:40+00:00","og_image":[{"width":1280,"height":720,"url":"https:\/\/sare.eus\/wp-content\/uploads\/2023\/03\/IMG_20230306_211804_165.jpg","type":"image\/jpeg"}],"author":"sare","twitter_card":"summary_large_image","twitter_misc":{"Escrito por":"sare","Tiempo de lectura":"3 minutos"},"schema":{"@context":"https:\/\/schema.org","@graph":[{"@type":"Article","@id":"https:\/\/sare.eus\/es\/sare-celebra-su-viii-asamblea-general-en-astigarraga\/#article","isPartOf":{"@id":"https:\/\/sare.eus\/es\/sare-celebra-su-viii-asamblea-general-en-astigarraga\/"},"author":{"name":"sare","@id":"https:\/\/sare.eus\/#\/schema\/person\/2fe6d0df294f56313d3ab236dbe38e17"},"headline":"Sare CELEBRA SU VIII ASAMBLEA GENERAL EN ASTIGARRAGA","datePublished":"2023-03-06T20:19:33+00:00","dateModified":"2023-03-07T08:55:40+00:00","mainEntityOfPage":{"@id":"https:\/\/sare.eus\/es\/sare-celebra-su-viii-asamblea-general-en-astigarraga\/"},"wordCount":283,"publisher":{"@id":"https:\/\/sare.eus\/#organization"},"image":{"@id":"https:\/\/sare.eus\/es\/sare-celebra-su-viii-asamblea-general-en-astigarraga\/#primaryimage"},"thumbnailUrl":"https:\/\/sare.eus\/wp-content\/uploads\/2023\/03\/IMG_20230306_211804_165.jpg","articleSection":["Etxera"],"inLanguage":"es"},{"@type":"WebPage","@id":"https:\/\/sare.eus\/es\/sare-celebra-su-viii-asamblea-general-en-astigarraga\/","url":"https:\/\/sare.eus\/es\/sare-celebra-su-viii-asamblea-general-en-astigarraga\/","name":"Sare CELEBRA SU VIII ASAMBLEA GENERAL EN ASTIGARRAGA - Sare Herritarra","isPartOf":{"@id":"https:\/\/sare.eus\/#website"},"primaryImageOfPage":{"@id":"https:\/\/sare.eus\/es\/sare-celebra-su-viii-asamblea-general-en-astigarraga\/#primaryimage"},"image":{"@id":"https:\/\/sare.eus\/es\/sare-celebra-su-viii-asamblea-general-en-astigarraga\/#primaryimage"},"thumbnailUrl":"https:\/\/sare.eus\/wp-content\/uploads\/2023\/03\/IMG_20230306_211804_165.jpg","datePublished":"2023-03-06T20:19:33+00:00","dateModified":"2023-03-07T08:55:40+00:00","breadcrumb":{"@id":"https:\/\/sare.eus\/es\/sare-celebra-su-viii-asamblea-general-en-astigarraga\/#breadcrumb"},"inLanguage":"es","potentialAction":[{"@type":"ReadAction","target":["https:\/\/sare.eus\/es\/sare-celebra-su-viii-asamblea-general-en-astigarraga\/"]}]},{"@type":"ImageObject","inLanguage":"es","@id":"https:\/\/sare.eus\/es\/sare-celebra-su-viii-asamblea-general-en-astigarraga\/#primaryimage","url":"https:\/\/sare.eus\/wp-content\/uploads\/2023\/03\/IMG_20230306_211804_165.jpg","contentUrl":"https:\/\/sare.eus\/wp-content\/uploads\/2023\/03\/IMG_20230306_211804_165.jpg","width":1280,"height":720},{"@type":"BreadcrumbList","@id":"https:\/\/sare.eus\/es\/sare-celebra-su-viii-asamblea-general-en-astigarraga\/#breadcrumb","itemListElement":[{"@type":"ListItem","position":1,"name":"Home","item":"https:\/\/sare.eus\/"},{"@type":"ListItem","position":2,"name":"Sare CELEBRA SU VIII ASAMBLEA GENERAL EN ASTIGARRAGA"}]},{"@type":"WebSite","@id":"https:\/\/sare.eus\/#website","url":"https:\/\/sare.eus\/","name":"Sare Herritarra","description":"KONPONBIDEAREN ETA GIZA ESKUBIDEEN ALDEKO SARE HERRITARRA","publisher":{"@id":"https:\/\/sare.eus\/#organization"},"potentialAction":[{"@type":"SearchAction","target":{"@type":"EntryPoint","urlTemplate":"https:\/\/sare.eus\/?s={search_term_string}"},"query-input":{"@type":"PropertyValueSpecification","valueRequired":true,"valueName":"search_term_string"}}],"inLanguage":"es"},{"@type":"Organization","@id":"https:\/\/sare.eus\/#organization","name":"Sare Herritarra","url":"https:\/\/sare.eus\/","logo":{"@type":"ImageObject","inLanguage":"es","@id":"https:\/\/sare.eus\/#\/schema\/logo\/image\/","url":"https:\/\/sare.eus\/wp-content\/uploads\/2021\/08\/sare.png","contentUrl":"https:\/\/sare.eus\/wp-content\/uploads\/2021\/08\/sare.png","width":120,"height":142,"caption":"Sare Herritarra"},"image":{"@id":"https:\/\/sare.eus\/#\/schema\/logo\/image\/"}},{"@type":"Person","@id":"https:\/\/sare.eus\/#\/schema\/person\/2fe6d0df294f56313d3ab236dbe38e17","name":"sare","image":{"@type":"ImageObject","inLanguage":"es","@id":"https:\/\/sare.eus\/#\/schema\/person\/image\/","url":"https:\/\/secure.gravatar.com\/avatar\/77cad838677ceb1977e7b3c878b55eaa7fa4aae2158983063b047c3ad7ef2c25?s=96&d=mm&r=g","contentUrl":"https:\/\/secure.gravatar.com\/avatar\/77cad838677ceb1977e7b3c878b55eaa7fa4aae2158983063b047c3ad7ef2c25?s=96&d=mm&r=g","caption":"sare"},"url":"https:\/\/sare.eus\/es\/author\/sare\/"}]}},"_links":{"self":[{"href":"https:\/\/sare.eus\/es\/wp-json\/wp\/v2\/posts\/5028","targetHints":{"allow":["GET"]}}],"collection":[{"href":"https:\/\/sare.eus\/es\/wp-json\/wp\/v2\/posts"}],"about":[{"href":"https:\/\/sare.eus\/es\/wp-json\/wp\/v2\/types\/post"}],"author":[{"embeddable":true,"href":"https:\/\/sare.eus\/es\/wp-json\/wp\/v2\/users\/2"}],"replies":[{"embeddable":true,"href":"https:\/\/sare.eus\/es\/wp-json\/wp\/v2\/comments?post=5028"}],"version-history":[{"count":2,"href":"https:\/\/sare.eus\/es\/wp-json\/wp\/v2\/posts\/5028\/revisions"}],"predecessor-version":[{"id":5031,"href":"https:\/\/sare.eus\/es\/wp-json\/wp\/v2\/posts\/5028\/revisions\/5031"}],"wp:featuredmedia":[{"embeddable":true,"href":"https:\/\/sare.eus\/es\/wp-json\/wp\/v2\/media\/5010"}],"wp:attachment":[{"href":"https:\/\/sare.eus\/es\/wp-json\/wp\/v2\/media?parent=5028"}],"wp:term":[{"taxonomy":"category","embeddable":true,"href":"https:\/\/sare.eus\/es\/wp-json\/wp\/v2\/categories?post=5028"},{"taxonomy":"post_tag","embeddable":true,"href":"https:\/\/sare.eus\/es\/wp-json\/wp\/v2\/tags?post=5028"}],"curies":[{"name":"wp","href":"https:\/\/api.w.org\/{rel}","templated":true}]}}