{"id":4995,"date":"2023-02-25T09:39:22","date_gmt":"2023-02-25T09:39:22","guid":{"rendered":"https:\/\/sare.eus\/sarek-eta-etxeratek-deituta-4-600-lagun-baino-gehiago-mobilizatu-ziren-atzo-euskal-herri-osoan-otsaileko-azken-ostiraleko-mobilizazioetan\/"},"modified":"2023-02-25T09:46:42","modified_gmt":"2023-02-25T09:46:42","slug":"convocadas-por-sare-y-etxerat-mas-de-4-600-personas-se-movilizaron-ayer-en-pueblos-y-ciudades-de-euskal-herria-con-motivo-del-ultimo-viernes-de-febrero","status":"publish","type":"post","link":"https:\/\/sare.eus\/es\/convocadas-por-sare-y-etxerat-mas-de-4-600-personas-se-movilizaron-ayer-en-pueblos-y-ciudades-de-euskal-herria-con-motivo-del-ultimo-viernes-de-febrero\/","title":{"rendered":"Convocadas por Sare y Etxerat, m\u00e1s de 4.600 personas se movilizaron ayer en pueblos y ciudades de Euskal Herria con motivo del \u00faltimo viernes de febrero"},"content":{"rendered":"<p>Hemos recibido informaci\u00f3n de concentraciones de un total de 76 pueblos y ciudades, aunque se desarrollaron asimismo movilizaciones en otros puntos de los que no hemos recibido informaci\u00f3n.<\/p>\n<p>Queremos destacar el sencillo homenaje a los familiares que durante 34 a\u00f1os se han venido movilizando en Donostia. Ayer se celebr\u00f3 en la capital de Gipuzkoa la primera movilizaci\u00f3n mensual (hasta ahora eran semanales) en la que participaron m\u00e1s de 330 personas. <a href=\"https:\/\/sare.eus\/ainhoa-barbarin-eta-asier-karreraren-gradu-erregresioak-salatzeko-manifestazioak-egon-dira-urretxu-ata-etxarri-aranatzen\/\" target=\"_blank\" rel=\"noopener\">Por otra parte, en Etxarri y Urretxu tuvieron lugar importantes movilizaciones en respuesta a las regresi\u00f3n de grado que han impuesto a Asier Karrera y Ainhoa Barbarin.<\/a><\/p>\n<hr \/>\n<p>\u00a0<\/p>\n<p><strong>AZKEN OSTIRALA LECTURA<\/strong><\/p>\n<p>Nos encontramos a las puertas del final definitivo del alejamiento y la dispersi\u00f3n de los presos y de las presas vascas, a la espera de ese \u00faltimo anuncio con el que se cierren las prisiones espa\u00f1olas tras m\u00e1s de 35 a\u00f1os.<\/p>\n<p>Los presos y las presas est\u00e1n mejor; su entorno afectivo tambi\u00e9n, y, ya en Euskal Herria, las gestiones para que mejore su vida en prisi\u00f3n son m\u00e1s f\u00e1ciles. Esta situaci\u00f3n es fruto de mucho esfuerzo y trabajo, y ese logro se debe a la labor conjunta por parte de agentes pol\u00edticos y sociales, a acuerdos institucionales, pero, sobre todo, al trabajo incansable de tantas y tantas personas en los pueblos y barrios de Euskal Herria y a la movilizaci\u00f3n de la sociedad vasca, por supuesto.<\/p>\n<p>Movilizaci\u00f3n y trabajo que seguir\u00e1n siendo decisivos en los pr\u00f3ximos tiempos, en cada pueblo, en cada barrio, para acabar de recorrer el camino a casa y para que finalice la excepcionalidad que se contin\u00faa aplicando.<\/p>\n<p>Hemos tenido alguna buenas noticias este mes de febrero, en forma de algunos nuevos terceros grados, alguna ratificaci\u00f3n de tercer grado, dos libertades condicionales, pero se han producido dos regresiones de grado en los casos de Asier Karrera y Ainhoa Barbarin, que han tenido que volver a la prisi\u00f3n de Martutene. Tenemos claro que esa ser\u00e1 una de nuestras grandes reivindicaciones en los pr\u00f3ximos meses.<\/p>\n<p>Queremos tener un recuerdo este mes de febrero con las 16 personas fallecidas en decenas de accidentes de circulaci\u00f3n consecuencia de la dispersi\u00f3n. Otxandio ha recordado a Ruben Garate, una de ellas, que perdiera la vida hace 23 a\u00f1os, y el pr\u00f3ximo martes se cumplir\u00e1n 20 de la muerte en la carretera de los lasartearras I\u00f1aki Balerdi y Argi Iturralde.<\/p>\n<p>Con el fin del alejamiento cerramos una dura etapa en nuestro pa\u00eds, y seguimos en otra, en la que debemos avanzar constantemente. Hemos cambiado nuestra imagen principal, sin mapa y siguiendo las flechas, el objetivo es continuar buscando consensos por el fin de la excepcionalidad, y que formen parte del mismo todas aquellas personas que est\u00e1n por el respeto a los derechos de los presos y de las presas.<\/p>\n<p>En nuestra mano est\u00e1, por lo tanto, que la pr\u00f3xima primavera sirva para seguir impulsando la aplicaci\u00f3n de la legislaci\u00f3n ordinaria a las presas y a los presos vascos y continuar trabajando en la convivencia en este pa\u00eds, mirando al futuro. Deberemos para ello continuar moviliz\u00e1ndonos a fin de avanzar en el camino de vuelta a casa.<\/p>\n\n\n<figure class=\"wp-block-gallery columns-2 is-cropped wp-block-gallery-1 is-layout-flex wp-block-gallery-is-layout-flex\"><ul class=\"blocks-gallery-grid\"><li class=\"blocks-gallery-item\"><figure><img loading=\"lazy\" decoding=\"async\" width=\"1024\" height=\"682\" src=\"https:\/\/sare.eus\/wp-content\/uploads\/2023\/02\/2023-02-24-donostia-1-1024x682.jpg\" alt=\"\" data-id=\"4986\" data-full-url=\"https:\/\/sare.eus\/wp-content\/uploads\/2023\/02\/2023-02-24-donostia-1.jpg\" data-link=\"https:\/\/sare.eus\/?attachment_id=4986\" class=\"wp-image-4986\" srcset=\"https:\/\/sare.eus\/wp-content\/uploads\/2023\/02\/2023-02-24-donostia-1-1024x682.jpg 1024w, https:\/\/sare.eus\/wp-content\/uploads\/2023\/02\/2023-02-24-donostia-1-300x200.jpg 300w, https:\/\/sare.eus\/wp-content\/uploads\/2023\/02\/2023-02-24-donostia-1-768x512.jpg 768w, https:\/\/sare.eus\/wp-content\/uploads\/2023\/02\/2023-02-24-donostia-1-1536x1023.jpg 1536w, https:\/\/sare.eus\/wp-content\/uploads\/2023\/02\/2023-02-24-donostia-1-1080x720.jpg 1080w, https:\/\/sare.eus\/wp-content\/uploads\/2023\/02\/2023-02-24-donostia-1.jpg 1600w\" sizes=\"(max-width: 1024px) 100vw, 1024px\" \/><\/figure><\/li><li class=\"blocks-gallery-item\"><figure><img loading=\"lazy\" decoding=\"async\" width=\"1024\" height=\"724\" src=\"https:\/\/sare.eus\/wp-content\/uploads\/2023\/02\/2023-02-24-donostia_02_Mesa-de-trabajo-1-1024x724.jpg\" alt=\"\" data-id=\"4988\" data-full-url=\"https:\/\/sare.eus\/wp-content\/uploads\/2023\/02\/2023-02-24-donostia_02_Mesa-de-trabajo-1-scaled.jpg\" data-link=\"https:\/\/sare.eus\/?attachment_id=4988\" class=\"wp-image-4988\" srcset=\"https:\/\/sare.eus\/wp-content\/uploads\/2023\/02\/2023-02-24-donostia_02_Mesa-de-trabajo-1-1024x724.jpg 1024w, https:\/\/sare.eus\/wp-content\/uploads\/2023\/02\/2023-02-24-donostia_02_Mesa-de-trabajo-1-300x212.jpg 300w, https:\/\/sare.eus\/wp-content\/uploads\/2023\/02\/2023-02-24-donostia_02_Mesa-de-trabajo-1-768x543.jpg 768w, https:\/\/sare.eus\/wp-content\/uploads\/2023\/02\/2023-02-24-donostia_02_Mesa-de-trabajo-1-1536x1086.jpg 1536w, https:\/\/sare.eus\/wp-content\/uploads\/2023\/02\/2023-02-24-donostia_02_Mesa-de-trabajo-1-2048x1449.jpg 2048w, https:\/\/sare.eus\/wp-content\/uploads\/2023\/02\/2023-02-24-donostia_02_Mesa-de-trabajo-1-400x284.jpg 400w, https:\/\/sare.eus\/wp-content\/uploads\/2023\/02\/2023-02-24-donostia_02_Mesa-de-trabajo-1-1080x764.jpg 1080w\" sizes=\"(max-width: 1024px) 100vw, 1024px\" \/><\/figure><\/li><\/ul><\/figure>\n\n\n\n<figure class=\"wp-block-embed is-type-rich is-provider-twitter wp-block-embed-twitter\"><div class=\"wp-block-embed__wrapper\">\nhttps:\/\/twitter.com\/SareDonostia\/status\/1629373480830468098?t=oppjZ-nifC27dbA8lUmAkw&#038;s=08\n<\/div><\/figure>\n","protected":false},"excerpt":{"rendered":"<p>Hemos recibido informaci\u00f3n de concentraciones de un total de 76 pueblos y ciudades, aunque se desarrollaron asimismo movilizaciones en otros puntos de los que no hemos recibido informaci\u00f3n. Queremos destacar [&hellip;]<\/p>\n","protected":false},"author":2,"featured_media":5005,"comment_status":"closed","ping_status":"closed","sticky":false,"template":"","format":"standard","meta":{"_acf_changed":false,"_et_pb_use_builder":"off","_et_pb_old_content":"","_et_gb_content_width":"","footnotes":""},"categories":[60],"tags":[],"class_list":["post-4995","post","type-post","status-publish","format-standard","has-post-thumbnail","hentry","category-etxera-es","et-has-post-format-content","et_post_format-et-post-format-standard"],"acf":[],"yoast_head":"<!-- This site is optimized with the Yoast SEO plugin v26.4 - https:\/\/yoast.com\/wordpress\/plugins\/seo\/ -->\n<title>Convocadas por Sare y Etxerat, m\u00e1s de 4.600 personas se movilizaron ayer en pueblos y ciudades de Euskal Herria con motivo del \u00faltimo viernes de febrero - Sare Herritarra<\/title>\n<meta name=\"robots\" content=\"index, follow, max-snippet:-1, max-image-preview:large, max-video-preview:-1\" \/>\n<link rel=\"canonical\" href=\"https:\/\/sare.eus\/es\/convocadas-por-sare-y-etxerat-mas-de-4-600-personas-se-movilizaron-ayer-en-pueblos-y-ciudades-de-euskal-herria-con-motivo-del-ultimo-viernes-de-febrero\/\" \/>\n<meta property=\"og:locale\" content=\"es_ES\" \/>\n<meta property=\"og:type\" content=\"article\" \/>\n<meta property=\"og:title\" content=\"Convocadas por Sare y Etxerat, m\u00e1s de 4.600 personas se movilizaron ayer en pueblos y ciudades de Euskal Herria con motivo del \u00faltimo viernes de febrero - Sare Herritarra\" \/>\n<meta property=\"og:description\" content=\"Hemos recibido informaci\u00f3n de concentraciones de un total de 76 pueblos y ciudades, aunque se desarrollaron asimismo movilizaciones en otros puntos de los que no hemos recibido informaci\u00f3n. Queremos destacar [&hellip;]\" \/>\n<meta property=\"og:url\" content=\"https:\/\/sare.eus\/es\/convocadas-por-sare-y-etxerat-mas-de-4-600-personas-se-movilizaron-ayer-en-pueblos-y-ciudades-de-euskal-herria-con-motivo-del-ultimo-viernes-de-febrero\/\" \/>\n<meta property=\"og:site_name\" content=\"Sare Herritarra\" \/>\n<meta property=\"article:published_time\" content=\"2023-02-25T09:39:22+00:00\" \/>\n<meta property=\"article:modified_time\" content=\"2023-02-25T09:46:42+00:00\" \/>\n<meta property=\"og:image\" content=\"https:\/\/sare.eus\/wp-content\/uploads\/2023\/02\/2023-02-24-donostia-01_Mesa-de-trabajo-1-scaled.jpg\" \/>\n\t<meta property=\"og:image:width\" content=\"2560\" \/>\n\t<meta property=\"og:image:height\" content=\"1811\" \/>\n\t<meta property=\"og:image:type\" content=\"image\/jpeg\" \/>\n<meta name=\"author\" content=\"sare\" \/>\n<meta name=\"twitter:card\" content=\"summary_large_image\" \/>\n<meta name=\"twitter:label1\" content=\"Escrito por\" \/>\n\t<meta name=\"twitter:data1\" content=\"sare\" \/>\n\t<meta name=\"twitter:label2\" content=\"Tiempo de lectura\" \/>\n\t<meta name=\"twitter:data2\" content=\"3 minutos\" \/>\n<script type=\"application\/ld+json\" class=\"yoast-schema-graph\">{\"@context\":\"https:\/\/schema.org\",\"@graph\":[{\"@type\":\"Article\",\"@id\":\"https:\/\/sare.eus\/es\/convocadas-por-sare-y-etxerat-mas-de-4-600-personas-se-movilizaron-ayer-en-pueblos-y-ciudades-de-euskal-herria-con-motivo-del-ultimo-viernes-de-febrero\/#article\",\"isPartOf\":{\"@id\":\"https:\/\/sare.eus\/es\/convocadas-por-sare-y-etxerat-mas-de-4-600-personas-se-movilizaron-ayer-en-pueblos-y-ciudades-de-euskal-herria-con-motivo-del-ultimo-viernes-de-febrero\/\"},\"author\":{\"name\":\"sare\",\"@id\":\"https:\/\/sare.eus\/#\/schema\/person\/2fe6d0df294f56313d3ab236dbe38e17\"},\"headline\":\"Convocadas por Sare y Etxerat, m\u00e1s de 4.600 personas se movilizaron ayer en pueblos y ciudades de Euskal Herria con motivo del \u00faltimo viernes de febrero\",\"datePublished\":\"2023-02-25T09:39:22+00:00\",\"dateModified\":\"2023-02-25T09:46:42+00:00\",\"mainEntityOfPage\":{\"@id\":\"https:\/\/sare.eus\/es\/convocadas-por-sare-y-etxerat-mas-de-4-600-personas-se-movilizaron-ayer-en-pueblos-y-ciudades-de-euskal-herria-con-motivo-del-ultimo-viernes-de-febrero\/\"},\"wordCount\":580,\"publisher\":{\"@id\":\"https:\/\/sare.eus\/#organization\"},\"image\":{\"@id\":\"https:\/\/sare.eus\/es\/convocadas-por-sare-y-etxerat-mas-de-4-600-personas-se-movilizaron-ayer-en-pueblos-y-ciudades-de-euskal-herria-con-motivo-del-ultimo-viernes-de-febrero\/#primaryimage\"},\"thumbnailUrl\":\"https:\/\/sare.eus\/wp-content\/uploads\/2023\/02\/2023-02-24-donostia-01_Mesa-de-trabajo-1-scaled.jpg\",\"articleSection\":[\"Etxera\"],\"inLanguage\":\"es\"},{\"@type\":\"WebPage\",\"@id\":\"https:\/\/sare.eus\/es\/convocadas-por-sare-y-etxerat-mas-de-4-600-personas-se-movilizaron-ayer-en-pueblos-y-ciudades-de-euskal-herria-con-motivo-del-ultimo-viernes-de-febrero\/\",\"url\":\"https:\/\/sare.eus\/es\/convocadas-por-sare-y-etxerat-mas-de-4-600-personas-se-movilizaron-ayer-en-pueblos-y-ciudades-de-euskal-herria-con-motivo-del-ultimo-viernes-de-febrero\/\",\"name\":\"Convocadas por Sare y Etxerat, m\u00e1s de 4.600 personas se movilizaron ayer en pueblos y ciudades de Euskal Herria con motivo del \u00faltimo viernes de febrero - Sare Herritarra\",\"isPartOf\":{\"@id\":\"https:\/\/sare.eus\/#website\"},\"primaryImageOfPage\":{\"@id\":\"https:\/\/sare.eus\/es\/convocadas-por-sare-y-etxerat-mas-de-4-600-personas-se-movilizaron-ayer-en-pueblos-y-ciudades-de-euskal-herria-con-motivo-del-ultimo-viernes-de-febrero\/#primaryimage\"},\"image\":{\"@id\":\"https:\/\/sare.eus\/es\/convocadas-por-sare-y-etxerat-mas-de-4-600-personas-se-movilizaron-ayer-en-pueblos-y-ciudades-de-euskal-herria-con-motivo-del-ultimo-viernes-de-febrero\/#primaryimage\"},\"thumbnailUrl\":\"https:\/\/sare.eus\/wp-content\/uploads\/2023\/02\/2023-02-24-donostia-01_Mesa-de-trabajo-1-scaled.jpg\",\"datePublished\":\"2023-02-25T09:39:22+00:00\",\"dateModified\":\"2023-02-25T09:46:42+00:00\",\"breadcrumb\":{\"@id\":\"https:\/\/sare.eus\/es\/convocadas-por-sare-y-etxerat-mas-de-4-600-personas-se-movilizaron-ayer-en-pueblos-y-ciudades-de-euskal-herria-con-motivo-del-ultimo-viernes-de-febrero\/#breadcrumb\"},\"inLanguage\":\"es\",\"potentialAction\":[{\"@type\":\"ReadAction\",\"target\":[\"https:\/\/sare.eus\/es\/convocadas-por-sare-y-etxerat-mas-de-4-600-personas-se-movilizaron-ayer-en-pueblos-y-ciudades-de-euskal-herria-con-motivo-del-ultimo-viernes-de-febrero\/\"]}]},{\"@type\":\"ImageObject\",\"inLanguage\":\"es\",\"@id\":\"https:\/\/sare.eus\/es\/convocadas-por-sare-y-etxerat-mas-de-4-600-personas-se-movilizaron-ayer-en-pueblos-y-ciudades-de-euskal-herria-con-motivo-del-ultimo-viernes-de-febrero\/#primaryimage\",\"url\":\"https:\/\/sare.eus\/wp-content\/uploads\/2023\/02\/2023-02-24-donostia-01_Mesa-de-trabajo-1-scaled.jpg\",\"contentUrl\":\"https:\/\/sare.eus\/wp-content\/uploads\/2023\/02\/2023-02-24-donostia-01_Mesa-de-trabajo-1-scaled.jpg\",\"width\":2560,\"height\":1811},{\"@type\":\"BreadcrumbList\",\"@id\":\"https:\/\/sare.eus\/es\/convocadas-por-sare-y-etxerat-mas-de-4-600-personas-se-movilizaron-ayer-en-pueblos-y-ciudades-de-euskal-herria-con-motivo-del-ultimo-viernes-de-febrero\/#breadcrumb\",\"itemListElement\":[{\"@type\":\"ListItem\",\"position\":1,\"name\":\"Home\",\"item\":\"https:\/\/sare.eus\/\"},{\"@type\":\"ListItem\",\"position\":2,\"name\":\"Convocadas por Sare y Etxerat, m\u00e1s de 4.600 personas se movilizaron ayer en pueblos y ciudades de Euskal Herria con motivo del \u00faltimo viernes de febrero\"}]},{\"@type\":\"WebSite\",\"@id\":\"https:\/\/sare.eus\/#website\",\"url\":\"https:\/\/sare.eus\/\",\"name\":\"Sare Herritarra\",\"description\":\"KONPONBIDEAREN ETA GIZA ESKUBIDEEN ALDEKO SARE HERRITARRA\",\"publisher\":{\"@id\":\"https:\/\/sare.eus\/#organization\"},\"potentialAction\":[{\"@type\":\"SearchAction\",\"target\":{\"@type\":\"EntryPoint\",\"urlTemplate\":\"https:\/\/sare.eus\/?s={search_term_string}\"},\"query-input\":{\"@type\":\"PropertyValueSpecification\",\"valueRequired\":true,\"valueName\":\"search_term_string\"}}],\"inLanguage\":\"es\"},{\"@type\":\"Organization\",\"@id\":\"https:\/\/sare.eus\/#organization\",\"name\":\"Sare Herritarra\",\"url\":\"https:\/\/sare.eus\/\",\"logo\":{\"@type\":\"ImageObject\",\"inLanguage\":\"es\",\"@id\":\"https:\/\/sare.eus\/#\/schema\/logo\/image\/\",\"url\":\"https:\/\/sare.eus\/wp-content\/uploads\/2021\/08\/sare.png\",\"contentUrl\":\"https:\/\/sare.eus\/wp-content\/uploads\/2021\/08\/sare.png\",\"width\":120,\"height\":142,\"caption\":\"Sare Herritarra\"},\"image\":{\"@id\":\"https:\/\/sare.eus\/#\/schema\/logo\/image\/\"}},{\"@type\":\"Person\",\"@id\":\"https:\/\/sare.eus\/#\/schema\/person\/2fe6d0df294f56313d3ab236dbe38e17\",\"name\":\"sare\",\"image\":{\"@type\":\"ImageObject\",\"inLanguage\":\"es\",\"@id\":\"https:\/\/sare.eus\/#\/schema\/person\/image\/\",\"url\":\"https:\/\/secure.gravatar.com\/avatar\/77cad838677ceb1977e7b3c878b55eaa7fa4aae2158983063b047c3ad7ef2c25?s=96&d=mm&r=g\",\"contentUrl\":\"https:\/\/secure.gravatar.com\/avatar\/77cad838677ceb1977e7b3c878b55eaa7fa4aae2158983063b047c3ad7ef2c25?s=96&d=mm&r=g\",\"caption\":\"sare\"},\"url\":\"https:\/\/sare.eus\/es\/author\/sare\/\"}]}<\/script>\n<!-- \/ Yoast SEO plugin. -->","yoast_head_json":{"title":"Convocadas por Sare y Etxerat, m\u00e1s de 4.600 personas se movilizaron ayer en pueblos y ciudades de Euskal Herria con motivo del \u00faltimo viernes de febrero - Sare Herritarra","robots":{"index":"index","follow":"follow","max-snippet":"max-snippet:-1","max-image-preview":"max-image-preview:large","max-video-preview":"max-video-preview:-1"},"canonical":"https:\/\/sare.eus\/es\/convocadas-por-sare-y-etxerat-mas-de-4-600-personas-se-movilizaron-ayer-en-pueblos-y-ciudades-de-euskal-herria-con-motivo-del-ultimo-viernes-de-febrero\/","og_locale":"es_ES","og_type":"article","og_title":"Convocadas por Sare y Etxerat, m\u00e1s de 4.600 personas se movilizaron ayer en pueblos y ciudades de Euskal Herria con motivo del \u00faltimo viernes de febrero - Sare Herritarra","og_description":"Hemos recibido informaci\u00f3n de concentraciones de un total de 76 pueblos y ciudades, aunque se desarrollaron asimismo movilizaciones en otros puntos de los que no hemos recibido informaci\u00f3n. Queremos destacar [&hellip;]","og_url":"https:\/\/sare.eus\/es\/convocadas-por-sare-y-etxerat-mas-de-4-600-personas-se-movilizaron-ayer-en-pueblos-y-ciudades-de-euskal-herria-con-motivo-del-ultimo-viernes-de-febrero\/","og_site_name":"Sare Herritarra","article_published_time":"2023-02-25T09:39:22+00:00","article_modified_time":"2023-02-25T09:46:42+00:00","og_image":[{"width":2560,"height":1811,"url":"https:\/\/sare.eus\/wp-content\/uploads\/2023\/02\/2023-02-24-donostia-01_Mesa-de-trabajo-1-scaled.jpg","type":"image\/jpeg"}],"author":"sare","twitter_card":"summary_large_image","twitter_misc":{"Escrito por":"sare","Tiempo de lectura":"3 minutos"},"schema":{"@context":"https:\/\/schema.org","@graph":[{"@type":"Article","@id":"https:\/\/sare.eus\/es\/convocadas-por-sare-y-etxerat-mas-de-4-600-personas-se-movilizaron-ayer-en-pueblos-y-ciudades-de-euskal-herria-con-motivo-del-ultimo-viernes-de-febrero\/#article","isPartOf":{"@id":"https:\/\/sare.eus\/es\/convocadas-por-sare-y-etxerat-mas-de-4-600-personas-se-movilizaron-ayer-en-pueblos-y-ciudades-de-euskal-herria-con-motivo-del-ultimo-viernes-de-febrero\/"},"author":{"name":"sare","@id":"https:\/\/sare.eus\/#\/schema\/person\/2fe6d0df294f56313d3ab236dbe38e17"},"headline":"Convocadas por Sare y Etxerat, m\u00e1s de 4.600 personas se movilizaron ayer en pueblos y ciudades de Euskal Herria con motivo del \u00faltimo viernes de febrero","datePublished":"2023-02-25T09:39:22+00:00","dateModified":"2023-02-25T09:46:42+00:00","mainEntityOfPage":{"@id":"https:\/\/sare.eus\/es\/convocadas-por-sare-y-etxerat-mas-de-4-600-personas-se-movilizaron-ayer-en-pueblos-y-ciudades-de-euskal-herria-con-motivo-del-ultimo-viernes-de-febrero\/"},"wordCount":580,"publisher":{"@id":"https:\/\/sare.eus\/#organization"},"image":{"@id":"https:\/\/sare.eus\/es\/convocadas-por-sare-y-etxerat-mas-de-4-600-personas-se-movilizaron-ayer-en-pueblos-y-ciudades-de-euskal-herria-con-motivo-del-ultimo-viernes-de-febrero\/#primaryimage"},"thumbnailUrl":"https:\/\/sare.eus\/wp-content\/uploads\/2023\/02\/2023-02-24-donostia-01_Mesa-de-trabajo-1-scaled.jpg","articleSection":["Etxera"],"inLanguage":"es"},{"@type":"WebPage","@id":"https:\/\/sare.eus\/es\/convocadas-por-sare-y-etxerat-mas-de-4-600-personas-se-movilizaron-ayer-en-pueblos-y-ciudades-de-euskal-herria-con-motivo-del-ultimo-viernes-de-febrero\/","url":"https:\/\/sare.eus\/es\/convocadas-por-sare-y-etxerat-mas-de-4-600-personas-se-movilizaron-ayer-en-pueblos-y-ciudades-de-euskal-herria-con-motivo-del-ultimo-viernes-de-febrero\/","name":"Convocadas por Sare y Etxerat, m\u00e1s de 4.600 personas se movilizaron ayer en pueblos y ciudades de Euskal Herria con motivo del \u00faltimo viernes de febrero - Sare Herritarra","isPartOf":{"@id":"https:\/\/sare.eus\/#website"},"primaryImageOfPage":{"@id":"https:\/\/sare.eus\/es\/convocadas-por-sare-y-etxerat-mas-de-4-600-personas-se-movilizaron-ayer-en-pueblos-y-ciudades-de-euskal-herria-con-motivo-del-ultimo-viernes-de-febrero\/#primaryimage"},"image":{"@id":"https:\/\/sare.eus\/es\/convocadas-por-sare-y-etxerat-mas-de-4-600-personas-se-movilizaron-ayer-en-pueblos-y-ciudades-de-euskal-herria-con-motivo-del-ultimo-viernes-de-febrero\/#primaryimage"},"thumbnailUrl":"https:\/\/sare.eus\/wp-content\/uploads\/2023\/02\/2023-02-24-donostia-01_Mesa-de-trabajo-1-scaled.jpg","datePublished":"2023-02-25T09:39:22+00:00","dateModified":"2023-02-25T09:46:42+00:00","breadcrumb":{"@id":"https:\/\/sare.eus\/es\/convocadas-por-sare-y-etxerat-mas-de-4-600-personas-se-movilizaron-ayer-en-pueblos-y-ciudades-de-euskal-herria-con-motivo-del-ultimo-viernes-de-febrero\/#breadcrumb"},"inLanguage":"es","potentialAction":[{"@type":"ReadAction","target":["https:\/\/sare.eus\/es\/convocadas-por-sare-y-etxerat-mas-de-4-600-personas-se-movilizaron-ayer-en-pueblos-y-ciudades-de-euskal-herria-con-motivo-del-ultimo-viernes-de-febrero\/"]}]},{"@type":"ImageObject","inLanguage":"es","@id":"https:\/\/sare.eus\/es\/convocadas-por-sare-y-etxerat-mas-de-4-600-personas-se-movilizaron-ayer-en-pueblos-y-ciudades-de-euskal-herria-con-motivo-del-ultimo-viernes-de-febrero\/#primaryimage","url":"https:\/\/sare.eus\/wp-content\/uploads\/2023\/02\/2023-02-24-donostia-01_Mesa-de-trabajo-1-scaled.jpg","contentUrl":"https:\/\/sare.eus\/wp-content\/uploads\/2023\/02\/2023-02-24-donostia-01_Mesa-de-trabajo-1-scaled.jpg","width":2560,"height":1811},{"@type":"BreadcrumbList","@id":"https:\/\/sare.eus\/es\/convocadas-por-sare-y-etxerat-mas-de-4-600-personas-se-movilizaron-ayer-en-pueblos-y-ciudades-de-euskal-herria-con-motivo-del-ultimo-viernes-de-febrero\/#breadcrumb","itemListElement":[{"@type":"ListItem","position":1,"name":"Home","item":"https:\/\/sare.eus\/"},{"@type":"ListItem","position":2,"name":"Convocadas por Sare y Etxerat, m\u00e1s de 4.600 personas se movilizaron ayer en pueblos y ciudades de Euskal Herria con motivo del \u00faltimo viernes de febrero"}]},{"@type":"WebSite","@id":"https:\/\/sare.eus\/#website","url":"https:\/\/sare.eus\/","name":"Sare Herritarra","description":"KONPONBIDEAREN ETA GIZA ESKUBIDEEN ALDEKO SARE HERRITARRA","publisher":{"@id":"https:\/\/sare.eus\/#organization"},"potentialAction":[{"@type":"SearchAction","target":{"@type":"EntryPoint","urlTemplate":"https:\/\/sare.eus\/?s={search_term_string}"},"query-input":{"@type":"PropertyValueSpecification","valueRequired":true,"valueName":"search_term_string"}}],"inLanguage":"es"},{"@type":"Organization","@id":"https:\/\/sare.eus\/#organization","name":"Sare Herritarra","url":"https:\/\/sare.eus\/","logo":{"@type":"ImageObject","inLanguage":"es","@id":"https:\/\/sare.eus\/#\/schema\/logo\/image\/","url":"https:\/\/sare.eus\/wp-content\/uploads\/2021\/08\/sare.png","contentUrl":"https:\/\/sare.eus\/wp-content\/uploads\/2021\/08\/sare.png","width":120,"height":142,"caption":"Sare Herritarra"},"image":{"@id":"https:\/\/sare.eus\/#\/schema\/logo\/image\/"}},{"@type":"Person","@id":"https:\/\/sare.eus\/#\/schema\/person\/2fe6d0df294f56313d3ab236dbe38e17","name":"sare","image":{"@type":"ImageObject","inLanguage":"es","@id":"https:\/\/sare.eus\/#\/schema\/person\/image\/","url":"https:\/\/secure.gravatar.com\/avatar\/77cad838677ceb1977e7b3c878b55eaa7fa4aae2158983063b047c3ad7ef2c25?s=96&d=mm&r=g","contentUrl":"https:\/\/secure.gravatar.com\/avatar\/77cad838677ceb1977e7b3c878b55eaa7fa4aae2158983063b047c3ad7ef2c25?s=96&d=mm&r=g","caption":"sare"},"url":"https:\/\/sare.eus\/es\/author\/sare\/"}]}},"_links":{"self":[{"href":"https:\/\/sare.eus\/es\/wp-json\/wp\/v2\/posts\/4995","targetHints":{"allow":["GET"]}}],"collection":[{"href":"https:\/\/sare.eus\/es\/wp-json\/wp\/v2\/posts"}],"about":[{"href":"https:\/\/sare.eus\/es\/wp-json\/wp\/v2\/types\/post"}],"author":[{"embeddable":true,"href":"https:\/\/sare.eus\/es\/wp-json\/wp\/v2\/users\/2"}],"replies":[{"embeddable":true,"href":"https:\/\/sare.eus\/es\/wp-json\/wp\/v2\/comments?post=4995"}],"version-history":[{"count":4,"href":"https:\/\/sare.eus\/es\/wp-json\/wp\/v2\/posts\/4995\/revisions"}],"predecessor-version":[{"id":5002,"href":"https:\/\/sare.eus\/es\/wp-json\/wp\/v2\/posts\/4995\/revisions\/5002"}],"wp:featuredmedia":[{"embeddable":true,"href":"https:\/\/sare.eus\/es\/wp-json\/wp\/v2\/media\/5005"}],"wp:attachment":[{"href":"https:\/\/sare.eus\/es\/wp-json\/wp\/v2\/media?parent=4995"}],"wp:term":[{"taxonomy":"category","embeddable":true,"href":"https:\/\/sare.eus\/es\/wp-json\/wp\/v2\/categories?post=4995"},{"taxonomy":"post_tag","embeddable":true,"href":"https:\/\/sare.eus\/es\/wp-json\/wp\/v2\/tags?post=4995"}],"curies":[{"name":"wp","href":"https:\/\/api.w.org\/{rel}","templated":true}]}}