{"id":4946,"date":"2023-02-24T12:05:18","date_gmt":"2023-02-24T12:05:18","guid":{"rendered":"https:\/\/sare.eus\/?p=4946"},"modified":"2023-02-24T12:05:20","modified_gmt":"2023-02-24T12:05:20","slug":"entrevista-sare-no-va-a-parar-hasta-traer-al-ultimo-preso-a-casa","status":"publish","type":"post","link":"https:\/\/sare.eus\/es\/entrevista-sare-no-va-a-parar-hasta-traer-al-ultimo-preso-a-casa\/","title":{"rendered":"[ENTREVISTA] \u00abSare no va a parar hasta traer al \u00faltimo preso a casa\u00bb"},"content":{"rendered":"<p><strong>AHOTSA.INFO<\/strong><\/p>\n<p>Joseba Azkarraga, portavoz de Sare Herritarra, opina que el paso m\u00e1s importante dado hasta ahora por esta red ciudadana ha sido poner fin a 34 a\u00f1os de pol\u00edtica de alejamiento de los y las presas pol\u00edticas. Pese a ello, y aunque el Gobierno Vasco haya dado cauce a m\u00e1s de 30 progresiones de grado, la Audiencia Nacional y la Fiscal\u00eda est\u00e1n maniobrando para evitar la libertad de los y las presas. Azkarraga defiende que el lema \u00abEtxera\u00bb propugna la necesidad de traer de vuelta a casa a los y las presas \u00abpara avanzar en la convivencia\u00bb.<\/p>\n<p>\u00a0<\/p>\n\n\n<figure class=\"wp-block-embed is-type-video is-provider-youtube wp-block-embed-youtube wp-embed-aspect-16-9 wp-has-aspect-ratio\"><div class=\"wp-block-embed__wrapper\">\n<iframe loading=\"lazy\" title=\"&quot;Sare no va a parar hasta traer al \u00faltimo preso a casa&quot;\" width=\"1080\" height=\"608\" src=\"https:\/\/www.youtube.com\/embed\/fpNwlaDt2sc?feature=oembed\" frameborder=\"0\" allow=\"accelerometer; autoplay; clipboard-write; encrypted-media; gyroscope; picture-in-picture; web-share\" allowfullscreen><\/iframe>\n<\/div><\/figure>\n","protected":false},"excerpt":{"rendered":"<p>AHOTSA.INFO Joseba Azkarraga, portavoz de Sare Herritarra, opina que el paso m\u00e1s importante dado hasta ahora por esta red ciudadana ha sido poner fin a 34 a\u00f1os de pol\u00edtica de [&hellip;]<\/p>\n","protected":false},"author":2,"featured_media":4947,"comment_status":"closed","ping_status":"closed","sticky":false,"template":"","format":"standard","meta":{"_acf_changed":false,"_et_pb_use_builder":"off","_et_pb_old_content":"","_et_gb_content_width":"","footnotes":""},"categories":[70],"tags":[],"class_list":["post-4946","post","type-post","status-publish","format-standard","has-post-thumbnail","hentry","category-alejamiento","et-has-post-format-content","et_post_format-et-post-format-standard"],"acf":[],"yoast_head":"<!-- This site is optimized with the Yoast SEO plugin v26.4 - https:\/\/yoast.com\/wordpress\/plugins\/seo\/ -->\n<title>[ENTREVISTA] &quot;Sare no va a parar hasta traer al \u00faltimo preso a casa&quot; - Sare Herritarra<\/title>\n<meta name=\"robots\" content=\"index, follow, max-snippet:-1, max-image-preview:large, max-video-preview:-1\" \/>\n<link rel=\"canonical\" href=\"https:\/\/sare.eus\/es\/entrevista-sare-no-va-a-parar-hasta-traer-al-ultimo-preso-a-casa\/\" \/>\n<meta property=\"og:locale\" content=\"es_ES\" \/>\n<meta property=\"og:type\" content=\"article\" \/>\n<meta property=\"og:title\" content=\"[ENTREVISTA] &quot;Sare no va a parar hasta traer al \u00faltimo preso a casa&quot; - Sare Herritarra\" \/>\n<meta property=\"og:description\" content=\"AHOTSA.INFO Joseba Azkarraga, portavoz de Sare Herritarra, opina que el paso m\u00e1s importante dado hasta ahora por esta red ciudadana ha sido poner fin a 34 a\u00f1os de pol\u00edtica de [&hellip;]\" \/>\n<meta property=\"og:url\" content=\"https:\/\/sare.eus\/es\/entrevista-sare-no-va-a-parar-hasta-traer-al-ultimo-preso-a-casa\/\" \/>\n<meta property=\"og:site_name\" content=\"Sare Herritarra\" \/>\n<meta property=\"article:published_time\" content=\"2023-02-24T12:05:18+00:00\" \/>\n<meta property=\"article:modified_time\" content=\"2023-02-24T12:05:20+00:00\" \/>\n<meta property=\"og:image\" content=\"https:\/\/sare.eus\/wp-content\/uploads\/2023\/02\/JOSEBA-AHOTSA.jpg\" \/>\n\t<meta property=\"og:image:width\" content=\"1280\" \/>\n\t<meta property=\"og:image:height\" content=\"720\" \/>\n\t<meta property=\"og:image:type\" content=\"image\/jpeg\" \/>\n<meta name=\"author\" content=\"sare\" \/>\n<meta name=\"twitter:card\" content=\"summary_large_image\" \/>\n<meta name=\"twitter:label1\" content=\"Escrito por\" \/>\n\t<meta name=\"twitter:data1\" content=\"sare\" \/>\n\t<meta name=\"twitter:label2\" content=\"Tiempo de lectura\" \/>\n\t<meta name=\"twitter:data2\" content=\"1 minuto\" \/>\n<script type=\"application\/ld+json\" class=\"yoast-schema-graph\">{\"@context\":\"https:\/\/schema.org\",\"@graph\":[{\"@type\":\"Article\",\"@id\":\"https:\/\/sare.eus\/es\/entrevista-sare-no-va-a-parar-hasta-traer-al-ultimo-preso-a-casa\/#article\",\"isPartOf\":{\"@id\":\"https:\/\/sare.eus\/es\/entrevista-sare-no-va-a-parar-hasta-traer-al-ultimo-preso-a-casa\/\"},\"author\":{\"name\":\"sare\",\"@id\":\"https:\/\/sare.eus\/#\/schema\/person\/2fe6d0df294f56313d3ab236dbe38e17\"},\"headline\":\"[ENTREVISTA] \u00abSare no va a parar hasta traer al \u00faltimo preso a casa\u00bb\",\"datePublished\":\"2023-02-24T12:05:18+00:00\",\"dateModified\":\"2023-02-24T12:05:20+00:00\",\"mainEntityOfPage\":{\"@id\":\"https:\/\/sare.eus\/es\/entrevista-sare-no-va-a-parar-hasta-traer-al-ultimo-preso-a-casa\/\"},\"wordCount\":121,\"publisher\":{\"@id\":\"https:\/\/sare.eus\/#organization\"},\"image\":{\"@id\":\"https:\/\/sare.eus\/es\/entrevista-sare-no-va-a-parar-hasta-traer-al-ultimo-preso-a-casa\/#primaryimage\"},\"thumbnailUrl\":\"https:\/\/sare.eus\/wp-content\/uploads\/2023\/02\/JOSEBA-AHOTSA.jpg\",\"articleSection\":[\"Alejamiento\"],\"inLanguage\":\"es\"},{\"@type\":\"WebPage\",\"@id\":\"https:\/\/sare.eus\/es\/entrevista-sare-no-va-a-parar-hasta-traer-al-ultimo-preso-a-casa\/\",\"url\":\"https:\/\/sare.eus\/es\/entrevista-sare-no-va-a-parar-hasta-traer-al-ultimo-preso-a-casa\/\",\"name\":\"[ENTREVISTA] \\\"Sare no va a parar hasta traer al \u00faltimo preso a casa\\\" - Sare Herritarra\",\"isPartOf\":{\"@id\":\"https:\/\/sare.eus\/#website\"},\"primaryImageOfPage\":{\"@id\":\"https:\/\/sare.eus\/es\/entrevista-sare-no-va-a-parar-hasta-traer-al-ultimo-preso-a-casa\/#primaryimage\"},\"image\":{\"@id\":\"https:\/\/sare.eus\/es\/entrevista-sare-no-va-a-parar-hasta-traer-al-ultimo-preso-a-casa\/#primaryimage\"},\"thumbnailUrl\":\"https:\/\/sare.eus\/wp-content\/uploads\/2023\/02\/JOSEBA-AHOTSA.jpg\",\"datePublished\":\"2023-02-24T12:05:18+00:00\",\"dateModified\":\"2023-02-24T12:05:20+00:00\",\"breadcrumb\":{\"@id\":\"https:\/\/sare.eus\/es\/entrevista-sare-no-va-a-parar-hasta-traer-al-ultimo-preso-a-casa\/#breadcrumb\"},\"inLanguage\":\"es\",\"potentialAction\":[{\"@type\":\"ReadAction\",\"target\":[\"https:\/\/sare.eus\/es\/entrevista-sare-no-va-a-parar-hasta-traer-al-ultimo-preso-a-casa\/\"]}]},{\"@type\":\"ImageObject\",\"inLanguage\":\"es\",\"@id\":\"https:\/\/sare.eus\/es\/entrevista-sare-no-va-a-parar-hasta-traer-al-ultimo-preso-a-casa\/#primaryimage\",\"url\":\"https:\/\/sare.eus\/wp-content\/uploads\/2023\/02\/JOSEBA-AHOTSA.jpg\",\"contentUrl\":\"https:\/\/sare.eus\/wp-content\/uploads\/2023\/02\/JOSEBA-AHOTSA.jpg\",\"width\":1280,\"height\":720},{\"@type\":\"BreadcrumbList\",\"@id\":\"https:\/\/sare.eus\/es\/entrevista-sare-no-va-a-parar-hasta-traer-al-ultimo-preso-a-casa\/#breadcrumb\",\"itemListElement\":[{\"@type\":\"ListItem\",\"position\":1,\"name\":\"Home\",\"item\":\"https:\/\/sare.eus\/\"},{\"@type\":\"ListItem\",\"position\":2,\"name\":\"[ENTREVISTA] \u00abSare no va a parar hasta traer al \u00faltimo preso a casa\u00bb\"}]},{\"@type\":\"WebSite\",\"@id\":\"https:\/\/sare.eus\/#website\",\"url\":\"https:\/\/sare.eus\/\",\"name\":\"Sare Herritarra\",\"description\":\"KONPONBIDEAREN ETA GIZA ESKUBIDEEN ALDEKO SARE HERRITARRA\",\"publisher\":{\"@id\":\"https:\/\/sare.eus\/#organization\"},\"potentialAction\":[{\"@type\":\"SearchAction\",\"target\":{\"@type\":\"EntryPoint\",\"urlTemplate\":\"https:\/\/sare.eus\/?s={search_term_string}\"},\"query-input\":{\"@type\":\"PropertyValueSpecification\",\"valueRequired\":true,\"valueName\":\"search_term_string\"}}],\"inLanguage\":\"es\"},{\"@type\":\"Organization\",\"@id\":\"https:\/\/sare.eus\/#organization\",\"name\":\"Sare Herritarra\",\"url\":\"https:\/\/sare.eus\/\",\"logo\":{\"@type\":\"ImageObject\",\"inLanguage\":\"es\",\"@id\":\"https:\/\/sare.eus\/#\/schema\/logo\/image\/\",\"url\":\"https:\/\/sare.eus\/wp-content\/uploads\/2021\/08\/sare.png\",\"contentUrl\":\"https:\/\/sare.eus\/wp-content\/uploads\/2021\/08\/sare.png\",\"width\":120,\"height\":142,\"caption\":\"Sare Herritarra\"},\"image\":{\"@id\":\"https:\/\/sare.eus\/#\/schema\/logo\/image\/\"}},{\"@type\":\"Person\",\"@id\":\"https:\/\/sare.eus\/#\/schema\/person\/2fe6d0df294f56313d3ab236dbe38e17\",\"name\":\"sare\",\"image\":{\"@type\":\"ImageObject\",\"inLanguage\":\"es\",\"@id\":\"https:\/\/sare.eus\/#\/schema\/person\/image\/\",\"url\":\"https:\/\/secure.gravatar.com\/avatar\/77cad838677ceb1977e7b3c878b55eaa7fa4aae2158983063b047c3ad7ef2c25?s=96&d=mm&r=g\",\"contentUrl\":\"https:\/\/secure.gravatar.com\/avatar\/77cad838677ceb1977e7b3c878b55eaa7fa4aae2158983063b047c3ad7ef2c25?s=96&d=mm&r=g\",\"caption\":\"sare\"},\"url\":\"https:\/\/sare.eus\/es\/author\/sare\/\"}]}<\/script>\n<!-- \/ Yoast SEO plugin. -->","yoast_head_json":{"title":"[ENTREVISTA] \"Sare no va a parar hasta traer al \u00faltimo preso a casa\" - Sare Herritarra","robots":{"index":"index","follow":"follow","max-snippet":"max-snippet:-1","max-image-preview":"max-image-preview:large","max-video-preview":"max-video-preview:-1"},"canonical":"https:\/\/sare.eus\/es\/entrevista-sare-no-va-a-parar-hasta-traer-al-ultimo-preso-a-casa\/","og_locale":"es_ES","og_type":"article","og_title":"[ENTREVISTA] \"Sare no va a parar hasta traer al \u00faltimo preso a casa\" - Sare Herritarra","og_description":"AHOTSA.INFO Joseba Azkarraga, portavoz de Sare Herritarra, opina que el paso m\u00e1s importante dado hasta ahora por esta red ciudadana ha sido poner fin a 34 a\u00f1os de pol\u00edtica de [&hellip;]","og_url":"https:\/\/sare.eus\/es\/entrevista-sare-no-va-a-parar-hasta-traer-al-ultimo-preso-a-casa\/","og_site_name":"Sare Herritarra","article_published_time":"2023-02-24T12:05:18+00:00","article_modified_time":"2023-02-24T12:05:20+00:00","og_image":[{"width":1280,"height":720,"url":"https:\/\/sare.eus\/wp-content\/uploads\/2023\/02\/JOSEBA-AHOTSA.jpg","type":"image\/jpeg"}],"author":"sare","twitter_card":"summary_large_image","twitter_misc":{"Escrito por":"sare","Tiempo de lectura":"1 minuto"},"schema":{"@context":"https:\/\/schema.org","@graph":[{"@type":"Article","@id":"https:\/\/sare.eus\/es\/entrevista-sare-no-va-a-parar-hasta-traer-al-ultimo-preso-a-casa\/#article","isPartOf":{"@id":"https:\/\/sare.eus\/es\/entrevista-sare-no-va-a-parar-hasta-traer-al-ultimo-preso-a-casa\/"},"author":{"name":"sare","@id":"https:\/\/sare.eus\/#\/schema\/person\/2fe6d0df294f56313d3ab236dbe38e17"},"headline":"[ENTREVISTA] \u00abSare no va a parar hasta traer al \u00faltimo preso a casa\u00bb","datePublished":"2023-02-24T12:05:18+00:00","dateModified":"2023-02-24T12:05:20+00:00","mainEntityOfPage":{"@id":"https:\/\/sare.eus\/es\/entrevista-sare-no-va-a-parar-hasta-traer-al-ultimo-preso-a-casa\/"},"wordCount":121,"publisher":{"@id":"https:\/\/sare.eus\/#organization"},"image":{"@id":"https:\/\/sare.eus\/es\/entrevista-sare-no-va-a-parar-hasta-traer-al-ultimo-preso-a-casa\/#primaryimage"},"thumbnailUrl":"https:\/\/sare.eus\/wp-content\/uploads\/2023\/02\/JOSEBA-AHOTSA.jpg","articleSection":["Alejamiento"],"inLanguage":"es"},{"@type":"WebPage","@id":"https:\/\/sare.eus\/es\/entrevista-sare-no-va-a-parar-hasta-traer-al-ultimo-preso-a-casa\/","url":"https:\/\/sare.eus\/es\/entrevista-sare-no-va-a-parar-hasta-traer-al-ultimo-preso-a-casa\/","name":"[ENTREVISTA] \"Sare no va a parar hasta traer al \u00faltimo preso a casa\" - Sare Herritarra","isPartOf":{"@id":"https:\/\/sare.eus\/#website"},"primaryImageOfPage":{"@id":"https:\/\/sare.eus\/es\/entrevista-sare-no-va-a-parar-hasta-traer-al-ultimo-preso-a-casa\/#primaryimage"},"image":{"@id":"https:\/\/sare.eus\/es\/entrevista-sare-no-va-a-parar-hasta-traer-al-ultimo-preso-a-casa\/#primaryimage"},"thumbnailUrl":"https:\/\/sare.eus\/wp-content\/uploads\/2023\/02\/JOSEBA-AHOTSA.jpg","datePublished":"2023-02-24T12:05:18+00:00","dateModified":"2023-02-24T12:05:20+00:00","breadcrumb":{"@id":"https:\/\/sare.eus\/es\/entrevista-sare-no-va-a-parar-hasta-traer-al-ultimo-preso-a-casa\/#breadcrumb"},"inLanguage":"es","potentialAction":[{"@type":"ReadAction","target":["https:\/\/sare.eus\/es\/entrevista-sare-no-va-a-parar-hasta-traer-al-ultimo-preso-a-casa\/"]}]},{"@type":"ImageObject","inLanguage":"es","@id":"https:\/\/sare.eus\/es\/entrevista-sare-no-va-a-parar-hasta-traer-al-ultimo-preso-a-casa\/#primaryimage","url":"https:\/\/sare.eus\/wp-content\/uploads\/2023\/02\/JOSEBA-AHOTSA.jpg","contentUrl":"https:\/\/sare.eus\/wp-content\/uploads\/2023\/02\/JOSEBA-AHOTSA.jpg","width":1280,"height":720},{"@type":"BreadcrumbList","@id":"https:\/\/sare.eus\/es\/entrevista-sare-no-va-a-parar-hasta-traer-al-ultimo-preso-a-casa\/#breadcrumb","itemListElement":[{"@type":"ListItem","position":1,"name":"Home","item":"https:\/\/sare.eus\/"},{"@type":"ListItem","position":2,"name":"[ENTREVISTA] \u00abSare no va a parar hasta traer al \u00faltimo preso a casa\u00bb"}]},{"@type":"WebSite","@id":"https:\/\/sare.eus\/#website","url":"https:\/\/sare.eus\/","name":"Sare Herritarra","description":"KONPONBIDEAREN ETA GIZA ESKUBIDEEN ALDEKO SARE HERRITARRA","publisher":{"@id":"https:\/\/sare.eus\/#organization"},"potentialAction":[{"@type":"SearchAction","target":{"@type":"EntryPoint","urlTemplate":"https:\/\/sare.eus\/?s={search_term_string}"},"query-input":{"@type":"PropertyValueSpecification","valueRequired":true,"valueName":"search_term_string"}}],"inLanguage":"es"},{"@type":"Organization","@id":"https:\/\/sare.eus\/#organization","name":"Sare Herritarra","url":"https:\/\/sare.eus\/","logo":{"@type":"ImageObject","inLanguage":"es","@id":"https:\/\/sare.eus\/#\/schema\/logo\/image\/","url":"https:\/\/sare.eus\/wp-content\/uploads\/2021\/08\/sare.png","contentUrl":"https:\/\/sare.eus\/wp-content\/uploads\/2021\/08\/sare.png","width":120,"height":142,"caption":"Sare Herritarra"},"image":{"@id":"https:\/\/sare.eus\/#\/schema\/logo\/image\/"}},{"@type":"Person","@id":"https:\/\/sare.eus\/#\/schema\/person\/2fe6d0df294f56313d3ab236dbe38e17","name":"sare","image":{"@type":"ImageObject","inLanguage":"es","@id":"https:\/\/sare.eus\/#\/schema\/person\/image\/","url":"https:\/\/secure.gravatar.com\/avatar\/77cad838677ceb1977e7b3c878b55eaa7fa4aae2158983063b047c3ad7ef2c25?s=96&d=mm&r=g","contentUrl":"https:\/\/secure.gravatar.com\/avatar\/77cad838677ceb1977e7b3c878b55eaa7fa4aae2158983063b047c3ad7ef2c25?s=96&d=mm&r=g","caption":"sare"},"url":"https:\/\/sare.eus\/es\/author\/sare\/"}]}},"_links":{"self":[{"href":"https:\/\/sare.eus\/es\/wp-json\/wp\/v2\/posts\/4946","targetHints":{"allow":["GET"]}}],"collection":[{"href":"https:\/\/sare.eus\/es\/wp-json\/wp\/v2\/posts"}],"about":[{"href":"https:\/\/sare.eus\/es\/wp-json\/wp\/v2\/types\/post"}],"author":[{"embeddable":true,"href":"https:\/\/sare.eus\/es\/wp-json\/wp\/v2\/users\/2"}],"replies":[{"embeddable":true,"href":"https:\/\/sare.eus\/es\/wp-json\/wp\/v2\/comments?post=4946"}],"version-history":[{"count":1,"href":"https:\/\/sare.eus\/es\/wp-json\/wp\/v2\/posts\/4946\/revisions"}],"predecessor-version":[{"id":4949,"href":"https:\/\/sare.eus\/es\/wp-json\/wp\/v2\/posts\/4946\/revisions\/4949"}],"wp:featuredmedia":[{"embeddable":true,"href":"https:\/\/sare.eus\/es\/wp-json\/wp\/v2\/media\/4947"}],"wp:attachment":[{"href":"https:\/\/sare.eus\/es\/wp-json\/wp\/v2\/media?parent=4946"}],"wp:term":[{"taxonomy":"category","embeddable":true,"href":"https:\/\/sare.eus\/es\/wp-json\/wp\/v2\/categories?post=4946"},{"taxonomy":"post_tag","embeddable":true,"href":"https:\/\/sare.eus\/es\/wp-json\/wp\/v2\/tags?post=4946"}],"curies":[{"name":"wp","href":"https:\/\/api.w.org\/{rel}","templated":true}]}}