{"id":4786,"date":"2023-01-29T11:28:25","date_gmt":"2023-01-29T11:28:25","guid":{"rendered":"https:\/\/sare.eus\/?p=4786"},"modified":"2023-01-29T11:34:38","modified_gmt":"2023-01-29T11:34:38","slug":"27-de-enero-de-2023-azken-ostirala","status":"publish","type":"post","link":"https:\/\/sare.eus\/es\/27-de-enero-de-2023-azken-ostirala\/","title":{"rendered":"27 de Enero de 2023, Azken Ostirala (\u00daltimo viernes)"},"content":{"rendered":"\n<p>Afrontamos la movilizaci\u00f3n de este \u00faltimo viernes de enero aprovechando el impulso que nos ha dado la manifestaci\u00f3n del pasado 7 de enero en Bilbo. Ha sido la respuesta de decenas de miles de personas en la calle al llamamiento a manifestarse, porque es el momento clave para afrontar el camino de vuelta a casa de las personas presas, exiliadas y deportadas.<\/p>\n\n\n\n<p>La del 7 de enero fue una movilizaci\u00f3n por la que queremos, tambi\u00e9n hoy, en cada pueblo y plaza de Euskal Herria, felicitar a la sociedad vasca. Una gran parte de la misma respalda lo que desde hace a\u00f1os venimos reivindicando: el fin de la excepcionalidad penitenciaria a perpetuidad y el respeto a todas las v\u00edctimas de la violencia. Respeto y reconocimiento para todas ellas.<\/p>\n\n\n\n<figure class=\"wp-block-pullquote\"><blockquote><p><strong>#EtxeraBideaGertu<\/strong> es el camino que marcan las flechas, el de los derechos de los presos y presas vascas, que iniciaron su recorrido penitenciario hace ya mucho tiempo, a que se les aplique la legalidad ordinaria.<\/p><\/blockquote><\/figure>\n\n\n\n<p>No son beneficios, no hablamos de impunidad. Defendemos los derechos de presas y presos. Casi tres de cada cuatro han cumplido el tiempo de prisi\u00f3n requerido en la legislaci\u00f3n para ser propuestos a tercer grado. Hay 17 presos con enfermedades graves o incurables. 70 llevan m\u00e1s de 20 a\u00f1os en prisi\u00f3n, algunos de ellos m\u00e1s de 30.<\/p>\n\n\n\n<p>Al igual que hasta ahora debemos seguir trabajando en esta nueva fase que ahora afrontamos, para conseguir recorrer el camino de vuelta a casa, para que cumplan la ley ordinaria en el caso de las y los presos vascos. Siguiendo la direcci\u00f3n que nos marcan las flechas, es el momento de comenzar a hacer realidad el lema <strong>#EtxeraBideaGertu.<\/strong><\/p>\n\n\n\n<p>Queremos que la nueva banderola que tenemos entre manos llegue a todos los rincones de Euskal Herria. Es importante que nos sintamos todas y todos parte de ella porque se adapta a este nuevo tiempo en el que debemos trabajar para poner fin a las leyes de excepci\u00f3n que obstaculizan el camino.<\/p>\n\n\n<hr>\n\n\n<figure class=\"wp-block-gallery columns-3 is-cropped wp-block-gallery-1 is-layout-flex wp-block-gallery-is-layout-flex\"><ul class=\"blocks-gallery-grid\"><li class=\"blocks-gallery-item\"><figure><img loading=\"lazy\" decoding=\"async\" width=\"726\" height=\"480\" src=\"https:\/\/sare.eus\/wp-content\/uploads\/2023\/01\/alegia.jpg\" alt=\"\" data-id=\"4788\" data-full-url=\"https:\/\/sare.eus\/wp-content\/uploads\/2023\/01\/alegia.jpg\" data-link=\"https:\/\/sare.eus\/es\/?attachment_id=4788\" class=\"wp-image-4788\" srcset=\"https:\/\/sare.eus\/wp-content\/uploads\/2023\/01\/alegia.jpg 726w, https:\/\/sare.eus\/wp-content\/uploads\/2023\/01\/alegia-300x198.jpg 300w\" sizes=\"(max-width: 726px) 100vw, 726px\" \/><\/figure><\/li><li class=\"blocks-gallery-item\"><figure><img loading=\"lazy\" decoding=\"async\" width=\"726\" height=\"480\" src=\"https:\/\/sare.eus\/wp-content\/uploads\/2023\/01\/arbizu.jpg\" alt=\"\" data-id=\"4790\" data-full-url=\"https:\/\/sare.eus\/wp-content\/uploads\/2023\/01\/arbizu.jpg\" data-link=\"https:\/\/sare.eus\/es\/?attachment_id=4790\" class=\"wp-image-4790\" srcset=\"https:\/\/sare.eus\/wp-content\/uploads\/2023\/01\/arbizu.jpg 726w, https:\/\/sare.eus\/wp-content\/uploads\/2023\/01\/arbizu-300x198.jpg 300w\" sizes=\"(max-width: 726px) 100vw, 726px\" \/><\/figure><\/li><li class=\"blocks-gallery-item\"><figure><img loading=\"lazy\" decoding=\"async\" width=\"726\" height=\"480\" src=\"https:\/\/sare.eus\/wp-content\/uploads\/2023\/01\/ARRASATE.jpg\" alt=\"\" data-id=\"4792\" data-full-url=\"https:\/\/sare.eus\/wp-content\/uploads\/2023\/01\/ARRASATE.jpg\" data-link=\"https:\/\/sare.eus\/es\/?attachment_id=4792\" class=\"wp-image-4792\" srcset=\"https:\/\/sare.eus\/wp-content\/uploads\/2023\/01\/ARRASATE.jpg 726w, https:\/\/sare.eus\/wp-content\/uploads\/2023\/01\/ARRASATE-300x198.jpg 300w\" sizes=\"(max-width: 726px) 100vw, 726px\" \/><\/figure><\/li><li class=\"blocks-gallery-item\"><figure><img loading=\"lazy\" decoding=\"async\" width=\"726\" height=\"480\" src=\"https:\/\/sare.eus\/wp-content\/uploads\/2023\/01\/basauri.jpg\" alt=\"\" data-id=\"4794\" data-full-url=\"https:\/\/sare.eus\/wp-content\/uploads\/2023\/01\/basauri.jpg\" data-link=\"https:\/\/sare.eus\/es\/?attachment_id=4794\" class=\"wp-image-4794\" srcset=\"https:\/\/sare.eus\/wp-content\/uploads\/2023\/01\/basauri.jpg 726w, https:\/\/sare.eus\/wp-content\/uploads\/2023\/01\/basauri-300x198.jpg 300w\" sizes=\"(max-width: 726px) 100vw, 726px\" \/><\/figure><\/li><li class=\"blocks-gallery-item\"><figure><img loading=\"lazy\" decoding=\"async\" width=\"726\" height=\"480\" src=\"https:\/\/sare.eus\/wp-content\/uploads\/2023\/01\/bergara.jpg\" alt=\"\" data-id=\"4796\" data-full-url=\"https:\/\/sare.eus\/wp-content\/uploads\/2023\/01\/bergara.jpg\" data-link=\"https:\/\/sare.eus\/es\/?attachment_id=4796\" class=\"wp-image-4796\" srcset=\"https:\/\/sare.eus\/wp-content\/uploads\/2023\/01\/bergara.jpg 726w, https:\/\/sare.eus\/wp-content\/uploads\/2023\/01\/bergara-300x198.jpg 300w\" sizes=\"(max-width: 726px) 100vw, 726px\" \/><\/figure><\/li><li class=\"blocks-gallery-item\"><figure><img loading=\"lazy\" decoding=\"async\" width=\"726\" height=\"480\" src=\"https:\/\/sare.eus\/wp-content\/uploads\/2023\/01\/durango-01.jpg\" alt=\"\" data-id=\"4798\" data-full-url=\"https:\/\/sare.eus\/wp-content\/uploads\/2023\/01\/durango-01.jpg\" data-link=\"https:\/\/sare.eus\/es\/?attachment_id=4798\" class=\"wp-image-4798\" srcset=\"https:\/\/sare.eus\/wp-content\/uploads\/2023\/01\/durango-01.jpg 726w, https:\/\/sare.eus\/wp-content\/uploads\/2023\/01\/durango-01-300x198.jpg 300w\" sizes=\"(max-width: 726px) 100vw, 726px\" \/><\/figure><\/li><li class=\"blocks-gallery-item\"><figure><img loading=\"lazy\" decoding=\"async\" width=\"726\" height=\"480\" src=\"https:\/\/sare.eus\/wp-content\/uploads\/2023\/01\/durango.jpg\" alt=\"\" data-id=\"4800\" data-full-url=\"https:\/\/sare.eus\/wp-content\/uploads\/2023\/01\/durango.jpg\" data-link=\"https:\/\/sare.eus\/es\/?attachment_id=4800\" class=\"wp-image-4800\" srcset=\"https:\/\/sare.eus\/wp-content\/uploads\/2023\/01\/durango.jpg 726w, https:\/\/sare.eus\/wp-content\/uploads\/2023\/01\/durango-300x198.jpg 300w\" sizes=\"(max-width: 726px) 100vw, 726px\" \/><\/figure><\/li><li class=\"blocks-gallery-item\"><figure><img loading=\"lazy\" decoding=\"async\" width=\"726\" height=\"480\" src=\"https:\/\/sare.eus\/wp-content\/uploads\/2023\/01\/gasteiz.jpg\" alt=\"\" data-id=\"4802\" data-full-url=\"https:\/\/sare.eus\/wp-content\/uploads\/2023\/01\/gasteiz.jpg\" data-link=\"https:\/\/sare.eus\/es\/?attachment_id=4802\" class=\"wp-image-4802\" srcset=\"https:\/\/sare.eus\/wp-content\/uploads\/2023\/01\/gasteiz.jpg 726w, https:\/\/sare.eus\/wp-content\/uploads\/2023\/01\/gasteiz-300x198.jpg 300w\" sizes=\"(max-width: 726px) 100vw, 726px\" \/><\/figure><\/li><li class=\"blocks-gallery-item\"><figure><img loading=\"lazy\" decoding=\"async\" width=\"726\" height=\"480\" src=\"https:\/\/sare.eus\/wp-content\/uploads\/2023\/01\/igorre.jpg\" alt=\"\" data-id=\"4804\" data-full-url=\"https:\/\/sare.eus\/wp-content\/uploads\/2023\/01\/igorre.jpg\" data-link=\"https:\/\/sare.eus\/es\/?attachment_id=4804\" class=\"wp-image-4804\" srcset=\"https:\/\/sare.eus\/wp-content\/uploads\/2023\/01\/igorre.jpg 726w, https:\/\/sare.eus\/wp-content\/uploads\/2023\/01\/igorre-300x198.jpg 300w\" sizes=\"(max-width: 726px) 100vw, 726px\" \/><\/figure><\/li><li class=\"blocks-gallery-item\"><figure><img loading=\"lazy\" decoding=\"async\" width=\"1024\" height=\"660\" src=\"https:\/\/sare.eus\/wp-content\/uploads\/2023\/01\/manaria-1024x660.jpg\" alt=\"\" data-id=\"4806\" data-full-url=\"https:\/\/sare.eus\/wp-content\/uploads\/2023\/01\/manaria.jpg\" data-link=\"https:\/\/sare.eus\/es\/?attachment_id=4806\" class=\"wp-image-4806\" srcset=\"https:\/\/sare.eus\/wp-content\/uploads\/2023\/01\/manaria-1024x660.jpg 1024w, https:\/\/sare.eus\/wp-content\/uploads\/2023\/01\/manaria-300x193.jpg 300w, https:\/\/sare.eus\/wp-content\/uploads\/2023\/01\/manaria-768x495.jpg 768w, https:\/\/sare.eus\/wp-content\/uploads\/2023\/01\/manaria-1080x696.jpg 1080w, https:\/\/sare.eus\/wp-content\/uploads\/2023\/01\/manaria.jpg 1280w\" sizes=\"(max-width: 1024px) 100vw, 1024px\" \/><\/figure><\/li><li class=\"blocks-gallery-item\"><figure><img loading=\"lazy\" decoding=\"async\" width=\"726\" height=\"480\" src=\"https:\/\/sare.eus\/wp-content\/uploads\/2023\/01\/orozko.jpg\" alt=\"\" data-id=\"4808\" data-full-url=\"https:\/\/sare.eus\/wp-content\/uploads\/2023\/01\/orozko.jpg\" data-link=\"https:\/\/sare.eus\/es\/?attachment_id=4808\" class=\"wp-image-4808\" srcset=\"https:\/\/sare.eus\/wp-content\/uploads\/2023\/01\/orozko.jpg 726w, https:\/\/sare.eus\/wp-content\/uploads\/2023\/01\/orozko-300x198.jpg 300w\" sizes=\"(max-width: 726px) 100vw, 726px\" \/><\/figure><\/li><\/ul><\/figure>\n","protected":false},"excerpt":{"rendered":"<p>Afrontamos la movilizaci\u00f3n de este \u00faltimo viernes de enero aprovechando el impulso que nos ha dado la manifestaci\u00f3n del pasado 7 de enero en Bilbo. Ha sido la respuesta de [&hellip;]<\/p>\n","protected":false},"author":2,"featured_media":4800,"comment_status":"closed","ping_status":"closed","sticky":false,"template":"","format":"standard","meta":{"_acf_changed":false,"_et_pb_use_builder":"off","_et_pb_old_content":"","_et_gb_content_width":"","footnotes":""},"categories":[60],"tags":[],"class_list":["post-4786","post","type-post","status-publish","format-standard","has-post-thumbnail","hentry","category-etxera-es","et-has-post-format-content","et_post_format-et-post-format-standard"],"acf":[],"yoast_head":"<!-- This site is optimized with the Yoast SEO plugin v26.4 - https:\/\/yoast.com\/wordpress\/plugins\/seo\/ -->\n<title>27 de Enero de 2023, Azken Ostirala (\u00daltimo viernes) - Sare Herritarra<\/title>\n<meta name=\"robots\" content=\"index, follow, max-snippet:-1, max-image-preview:large, max-video-preview:-1\" \/>\n<link rel=\"canonical\" href=\"https:\/\/sare.eus\/es\/27-de-enero-de-2023-azken-ostirala\/\" \/>\n<meta property=\"og:locale\" content=\"es_ES\" \/>\n<meta property=\"og:type\" content=\"article\" \/>\n<meta property=\"og:title\" content=\"27 de Enero de 2023, Azken Ostirala (\u00daltimo viernes) - Sare Herritarra\" \/>\n<meta property=\"og:description\" content=\"Afrontamos la movilizaci\u00f3n de este \u00faltimo viernes de enero aprovechando el impulso que nos ha dado la manifestaci\u00f3n del pasado 7 de enero en Bilbo. Ha sido la respuesta de [&hellip;]\" \/>\n<meta property=\"og:url\" content=\"https:\/\/sare.eus\/es\/27-de-enero-de-2023-azken-ostirala\/\" \/>\n<meta property=\"og:site_name\" content=\"Sare Herritarra\" \/>\n<meta property=\"article:published_time\" content=\"2023-01-29T11:28:25+00:00\" \/>\n<meta property=\"article:modified_time\" content=\"2023-01-29T11:34:38+00:00\" \/>\n<meta property=\"og:image\" content=\"https:\/\/sare.eus\/wp-content\/uploads\/2023\/01\/durango.jpg\" \/>\n\t<meta property=\"og:image:width\" content=\"726\" \/>\n\t<meta property=\"og:image:height\" content=\"480\" \/>\n\t<meta property=\"og:image:type\" content=\"image\/jpeg\" \/>\n<meta name=\"author\" content=\"sare\" \/>\n<meta name=\"twitter:card\" content=\"summary_large_image\" \/>\n<meta name=\"twitter:label1\" content=\"Escrito por\" \/>\n\t<meta name=\"twitter:data1\" content=\"sare\" \/>\n\t<meta name=\"twitter:label2\" content=\"Tiempo de lectura\" \/>\n\t<meta name=\"twitter:data2\" content=\"4 minutos\" \/>\n<script type=\"application\/ld+json\" class=\"yoast-schema-graph\">{\"@context\":\"https:\/\/schema.org\",\"@graph\":[{\"@type\":\"Article\",\"@id\":\"https:\/\/sare.eus\/es\/27-de-enero-de-2023-azken-ostirala\/#article\",\"isPartOf\":{\"@id\":\"https:\/\/sare.eus\/es\/27-de-enero-de-2023-azken-ostirala\/\"},\"author\":{\"name\":\"sare\",\"@id\":\"https:\/\/sare.eus\/#\/schema\/person\/2fe6d0df294f56313d3ab236dbe38e17\"},\"headline\":\"27 de Enero de 2023, Azken Ostirala (\u00daltimo viernes)\",\"datePublished\":\"2023-01-29T11:28:25+00:00\",\"dateModified\":\"2023-01-29T11:34:38+00:00\",\"mainEntityOfPage\":{\"@id\":\"https:\/\/sare.eus\/es\/27-de-enero-de-2023-azken-ostirala\/\"},\"wordCount\":344,\"publisher\":{\"@id\":\"https:\/\/sare.eus\/#organization\"},\"image\":{\"@id\":\"https:\/\/sare.eus\/es\/27-de-enero-de-2023-azken-ostirala\/#primaryimage\"},\"thumbnailUrl\":\"https:\/\/sare.eus\/wp-content\/uploads\/2023\/01\/durango.jpg\",\"articleSection\":[\"Etxera\"],\"inLanguage\":\"es\"},{\"@type\":\"WebPage\",\"@id\":\"https:\/\/sare.eus\/es\/27-de-enero-de-2023-azken-ostirala\/\",\"url\":\"https:\/\/sare.eus\/es\/27-de-enero-de-2023-azken-ostirala\/\",\"name\":\"27 de Enero de 2023, Azken Ostirala (\u00daltimo viernes) - Sare Herritarra\",\"isPartOf\":{\"@id\":\"https:\/\/sare.eus\/#website\"},\"primaryImageOfPage\":{\"@id\":\"https:\/\/sare.eus\/es\/27-de-enero-de-2023-azken-ostirala\/#primaryimage\"},\"image\":{\"@id\":\"https:\/\/sare.eus\/es\/27-de-enero-de-2023-azken-ostirala\/#primaryimage\"},\"thumbnailUrl\":\"https:\/\/sare.eus\/wp-content\/uploads\/2023\/01\/durango.jpg\",\"datePublished\":\"2023-01-29T11:28:25+00:00\",\"dateModified\":\"2023-01-29T11:34:38+00:00\",\"breadcrumb\":{\"@id\":\"https:\/\/sare.eus\/es\/27-de-enero-de-2023-azken-ostirala\/#breadcrumb\"},\"inLanguage\":\"es\",\"potentialAction\":[{\"@type\":\"ReadAction\",\"target\":[\"https:\/\/sare.eus\/es\/27-de-enero-de-2023-azken-ostirala\/\"]}]},{\"@type\":\"ImageObject\",\"inLanguage\":\"es\",\"@id\":\"https:\/\/sare.eus\/es\/27-de-enero-de-2023-azken-ostirala\/#primaryimage\",\"url\":\"https:\/\/sare.eus\/wp-content\/uploads\/2023\/01\/durango.jpg\",\"contentUrl\":\"https:\/\/sare.eus\/wp-content\/uploads\/2023\/01\/durango.jpg\",\"width\":726,\"height\":480},{\"@type\":\"BreadcrumbList\",\"@id\":\"https:\/\/sare.eus\/es\/27-de-enero-de-2023-azken-ostirala\/#breadcrumb\",\"itemListElement\":[{\"@type\":\"ListItem\",\"position\":1,\"name\":\"Home\",\"item\":\"https:\/\/sare.eus\/\"},{\"@type\":\"ListItem\",\"position\":2,\"name\":\"27 de Enero de 2023, Azken Ostirala (\u00daltimo viernes)\"}]},{\"@type\":\"WebSite\",\"@id\":\"https:\/\/sare.eus\/#website\",\"url\":\"https:\/\/sare.eus\/\",\"name\":\"Sare Herritarra\",\"description\":\"KONPONBIDEAREN ETA GIZA ESKUBIDEEN ALDEKO SARE HERRITARRA\",\"publisher\":{\"@id\":\"https:\/\/sare.eus\/#organization\"},\"potentialAction\":[{\"@type\":\"SearchAction\",\"target\":{\"@type\":\"EntryPoint\",\"urlTemplate\":\"https:\/\/sare.eus\/?s={search_term_string}\"},\"query-input\":{\"@type\":\"PropertyValueSpecification\",\"valueRequired\":true,\"valueName\":\"search_term_string\"}}],\"inLanguage\":\"es\"},{\"@type\":\"Organization\",\"@id\":\"https:\/\/sare.eus\/#organization\",\"name\":\"Sare Herritarra\",\"url\":\"https:\/\/sare.eus\/\",\"logo\":{\"@type\":\"ImageObject\",\"inLanguage\":\"es\",\"@id\":\"https:\/\/sare.eus\/#\/schema\/logo\/image\/\",\"url\":\"https:\/\/sare.eus\/wp-content\/uploads\/2021\/08\/sare.png\",\"contentUrl\":\"https:\/\/sare.eus\/wp-content\/uploads\/2021\/08\/sare.png\",\"width\":120,\"height\":142,\"caption\":\"Sare Herritarra\"},\"image\":{\"@id\":\"https:\/\/sare.eus\/#\/schema\/logo\/image\/\"}},{\"@type\":\"Person\",\"@id\":\"https:\/\/sare.eus\/#\/schema\/person\/2fe6d0df294f56313d3ab236dbe38e17\",\"name\":\"sare\",\"image\":{\"@type\":\"ImageObject\",\"inLanguage\":\"es\",\"@id\":\"https:\/\/sare.eus\/#\/schema\/person\/image\/\",\"url\":\"https:\/\/secure.gravatar.com\/avatar\/77cad838677ceb1977e7b3c878b55eaa7fa4aae2158983063b047c3ad7ef2c25?s=96&d=mm&r=g\",\"contentUrl\":\"https:\/\/secure.gravatar.com\/avatar\/77cad838677ceb1977e7b3c878b55eaa7fa4aae2158983063b047c3ad7ef2c25?s=96&d=mm&r=g\",\"caption\":\"sare\"},\"url\":\"https:\/\/sare.eus\/es\/author\/sare\/\"}]}<\/script>\n<!-- \/ Yoast SEO plugin. -->","yoast_head_json":{"title":"27 de Enero de 2023, Azken Ostirala (\u00daltimo viernes) - Sare Herritarra","robots":{"index":"index","follow":"follow","max-snippet":"max-snippet:-1","max-image-preview":"max-image-preview:large","max-video-preview":"max-video-preview:-1"},"canonical":"https:\/\/sare.eus\/es\/27-de-enero-de-2023-azken-ostirala\/","og_locale":"es_ES","og_type":"article","og_title":"27 de Enero de 2023, Azken Ostirala (\u00daltimo viernes) - Sare Herritarra","og_description":"Afrontamos la movilizaci\u00f3n de este \u00faltimo viernes de enero aprovechando el impulso que nos ha dado la manifestaci\u00f3n del pasado 7 de enero en Bilbo. Ha sido la respuesta de [&hellip;]","og_url":"https:\/\/sare.eus\/es\/27-de-enero-de-2023-azken-ostirala\/","og_site_name":"Sare Herritarra","article_published_time":"2023-01-29T11:28:25+00:00","article_modified_time":"2023-01-29T11:34:38+00:00","og_image":[{"width":726,"height":480,"url":"https:\/\/sare.eus\/wp-content\/uploads\/2023\/01\/durango.jpg","type":"image\/jpeg"}],"author":"sare","twitter_card":"summary_large_image","twitter_misc":{"Escrito por":"sare","Tiempo de lectura":"4 minutos"},"schema":{"@context":"https:\/\/schema.org","@graph":[{"@type":"Article","@id":"https:\/\/sare.eus\/es\/27-de-enero-de-2023-azken-ostirala\/#article","isPartOf":{"@id":"https:\/\/sare.eus\/es\/27-de-enero-de-2023-azken-ostirala\/"},"author":{"name":"sare","@id":"https:\/\/sare.eus\/#\/schema\/person\/2fe6d0df294f56313d3ab236dbe38e17"},"headline":"27 de Enero de 2023, Azken Ostirala (\u00daltimo viernes)","datePublished":"2023-01-29T11:28:25+00:00","dateModified":"2023-01-29T11:34:38+00:00","mainEntityOfPage":{"@id":"https:\/\/sare.eus\/es\/27-de-enero-de-2023-azken-ostirala\/"},"wordCount":344,"publisher":{"@id":"https:\/\/sare.eus\/#organization"},"image":{"@id":"https:\/\/sare.eus\/es\/27-de-enero-de-2023-azken-ostirala\/#primaryimage"},"thumbnailUrl":"https:\/\/sare.eus\/wp-content\/uploads\/2023\/01\/durango.jpg","articleSection":["Etxera"],"inLanguage":"es"},{"@type":"WebPage","@id":"https:\/\/sare.eus\/es\/27-de-enero-de-2023-azken-ostirala\/","url":"https:\/\/sare.eus\/es\/27-de-enero-de-2023-azken-ostirala\/","name":"27 de Enero de 2023, Azken Ostirala (\u00daltimo viernes) - Sare Herritarra","isPartOf":{"@id":"https:\/\/sare.eus\/#website"},"primaryImageOfPage":{"@id":"https:\/\/sare.eus\/es\/27-de-enero-de-2023-azken-ostirala\/#primaryimage"},"image":{"@id":"https:\/\/sare.eus\/es\/27-de-enero-de-2023-azken-ostirala\/#primaryimage"},"thumbnailUrl":"https:\/\/sare.eus\/wp-content\/uploads\/2023\/01\/durango.jpg","datePublished":"2023-01-29T11:28:25+00:00","dateModified":"2023-01-29T11:34:38+00:00","breadcrumb":{"@id":"https:\/\/sare.eus\/es\/27-de-enero-de-2023-azken-ostirala\/#breadcrumb"},"inLanguage":"es","potentialAction":[{"@type":"ReadAction","target":["https:\/\/sare.eus\/es\/27-de-enero-de-2023-azken-ostirala\/"]}]},{"@type":"ImageObject","inLanguage":"es","@id":"https:\/\/sare.eus\/es\/27-de-enero-de-2023-azken-ostirala\/#primaryimage","url":"https:\/\/sare.eus\/wp-content\/uploads\/2023\/01\/durango.jpg","contentUrl":"https:\/\/sare.eus\/wp-content\/uploads\/2023\/01\/durango.jpg","width":726,"height":480},{"@type":"BreadcrumbList","@id":"https:\/\/sare.eus\/es\/27-de-enero-de-2023-azken-ostirala\/#breadcrumb","itemListElement":[{"@type":"ListItem","position":1,"name":"Home","item":"https:\/\/sare.eus\/"},{"@type":"ListItem","position":2,"name":"27 de Enero de 2023, Azken Ostirala (\u00daltimo viernes)"}]},{"@type":"WebSite","@id":"https:\/\/sare.eus\/#website","url":"https:\/\/sare.eus\/","name":"Sare Herritarra","description":"KONPONBIDEAREN ETA GIZA ESKUBIDEEN ALDEKO SARE HERRITARRA","publisher":{"@id":"https:\/\/sare.eus\/#organization"},"potentialAction":[{"@type":"SearchAction","target":{"@type":"EntryPoint","urlTemplate":"https:\/\/sare.eus\/?s={search_term_string}"},"query-input":{"@type":"PropertyValueSpecification","valueRequired":true,"valueName":"search_term_string"}}],"inLanguage":"es"},{"@type":"Organization","@id":"https:\/\/sare.eus\/#organization","name":"Sare Herritarra","url":"https:\/\/sare.eus\/","logo":{"@type":"ImageObject","inLanguage":"es","@id":"https:\/\/sare.eus\/#\/schema\/logo\/image\/","url":"https:\/\/sare.eus\/wp-content\/uploads\/2021\/08\/sare.png","contentUrl":"https:\/\/sare.eus\/wp-content\/uploads\/2021\/08\/sare.png","width":120,"height":142,"caption":"Sare Herritarra"},"image":{"@id":"https:\/\/sare.eus\/#\/schema\/logo\/image\/"}},{"@type":"Person","@id":"https:\/\/sare.eus\/#\/schema\/person\/2fe6d0df294f56313d3ab236dbe38e17","name":"sare","image":{"@type":"ImageObject","inLanguage":"es","@id":"https:\/\/sare.eus\/#\/schema\/person\/image\/","url":"https:\/\/secure.gravatar.com\/avatar\/77cad838677ceb1977e7b3c878b55eaa7fa4aae2158983063b047c3ad7ef2c25?s=96&d=mm&r=g","contentUrl":"https:\/\/secure.gravatar.com\/avatar\/77cad838677ceb1977e7b3c878b55eaa7fa4aae2158983063b047c3ad7ef2c25?s=96&d=mm&r=g","caption":"sare"},"url":"https:\/\/sare.eus\/es\/author\/sare\/"}]}},"_links":{"self":[{"href":"https:\/\/sare.eus\/es\/wp-json\/wp\/v2\/posts\/4786","targetHints":{"allow":["GET"]}}],"collection":[{"href":"https:\/\/sare.eus\/es\/wp-json\/wp\/v2\/posts"}],"about":[{"href":"https:\/\/sare.eus\/es\/wp-json\/wp\/v2\/types\/post"}],"author":[{"embeddable":true,"href":"https:\/\/sare.eus\/es\/wp-json\/wp\/v2\/users\/2"}],"replies":[{"embeddable":true,"href":"https:\/\/sare.eus\/es\/wp-json\/wp\/v2\/comments?post=4786"}],"version-history":[{"count":5,"href":"https:\/\/sare.eus\/es\/wp-json\/wp\/v2\/posts\/4786\/revisions"}],"predecessor-version":[{"id":4817,"href":"https:\/\/sare.eus\/es\/wp-json\/wp\/v2\/posts\/4786\/revisions\/4817"}],"wp:featuredmedia":[{"embeddable":true,"href":"https:\/\/sare.eus\/es\/wp-json\/wp\/v2\/media\/4800"}],"wp:attachment":[{"href":"https:\/\/sare.eus\/es\/wp-json\/wp\/v2\/media?parent=4786"}],"wp:term":[{"taxonomy":"category","embeddable":true,"href":"https:\/\/sare.eus\/es\/wp-json\/wp\/v2\/categories?post=4786"},{"taxonomy":"post_tag","embeddable":true,"href":"https:\/\/sare.eus\/es\/wp-json\/wp\/v2\/tags?post=4786"}],"curies":[{"name":"wp","href":"https:\/\/api.w.org\/{rel}","templated":true}]}}