{"id":4779,"date":"2023-01-28T17:06:59","date_gmt":"2023-01-28T17:06:59","guid":{"rendered":"https:\/\/sare.eus\/asier-rodriguezen-espetxeratzea-mendekuan-oinarritutakoa-dela-salatu-dugu-santurtzin\/"},"modified":"2023-01-30T10:54:55","modified_gmt":"2023-01-30T10:54:55","slug":"en-santurtzi-denunciamos-que-el-ingreso-en-prision-de-asier-rodriguez-es-basado-en-la-venganza","status":"publish","type":"post","link":"https:\/\/sare.eus\/es\/en-santurtzi-denunciamos-que-el-ingreso-en-prision-de-asier-rodriguez-es-basado-en-la-venganza\/","title":{"rendered":"En Santurtzi denunciamos que el ingreso en prisi\u00f3n de Asier Rodr\u00edguez es \u00abbasado en la venganza\u00bb"},"content":{"rendered":"\n<p>El mi\u00e9rcoles supimos que el preso de Santurtzi, Asier Rodr\u00edguez, ha debido regresar a prisi\u00f3n, una vez de que le hayan devuelto al segundo grado. Una vez m\u00e1s, la Audiencia Nacional ha rechazado la decisi\u00f3n de proponer el tercer grado para el preso, por parte de la Junta de Tratamiento de Basauri, instancia que tiene la responsabilidad y la necesaria informaci\u00f3n sobre su evoluci\u00f3n, obstaculizando as\u00ed el recorrido penitenciario que debe realizar Asier Rodr\u00edguez y su camino de vuelta a casa.<\/p>\n\n\n\n<p>Asier se encontraba desde el pasado mes de noviembre en tercer grado, con nosotras y nosotros, sin problema alguno, afrontando la resocializaci\u00f3n, tal y como plantea la propia ley. Con la ley en la mano, Asier cumple todos los requisitos para el tercer grado; ha cumplido m\u00e1s de la mitad de su condena que finaliza el a\u00f1o 2030 y lleva 13 a\u00f1os en prisi\u00f3n. Pero, a pesar de todo ello, como en otros casos de presos y presas vascas, la Audiencia Nacional vuelve a dictar regresi\u00f3n de grado.<\/p>\n\n\n\n<p>Desgraciadamente, lo sabemos muy bien, el de Asier no es un caso aislado. Hace algunos meses hemos denunciado p\u00fablicamente los de Xabier Atristain, Mikel San Argimiro, Aitor Esnaola o Joseba Arregi, asimismo devueltos a segundo grado. Vamos a continuar denunciando estos retrocesos, tanto en la calle, como en las instituciones. De igual manera que las corporaciones de Donostia, Legorreta y O\u00f1ati aprobaron una declaraci\u00f3n institucional para denunciar la situaci\u00f3n, esperamos que en Santurtzi se apruebe la misma declaraci\u00f3n, dejando clara la preocupaci\u00f3n por la situaci\u00f3n y pidiendo que se deje atr\u00e1s en este tipo de actuaciones.<\/p>\n\n\n\n<figure class=\"wp-block-embed is-type-video is-provider-youtube wp-block-embed-youtube wp-embed-aspect-16-9 wp-has-aspect-ratio\"><div class=\"wp-block-embed__wrapper\">\n<iframe loading=\"lazy\" title=\"En Santurtzi denunciamos que el ingreso en prisi\u00f3n de Asier Rodr\u00edguez es &quot;basado en la venganza&quot;\" width=\"1080\" height=\"810\" src=\"https:\/\/www.youtube.com\/embed\/Am8k1w7zDMo?feature=oembed\" frameborder=\"0\" allow=\"accelerometer; autoplay; clipboard-write; encrypted-media; gyroscope; picture-in-picture; web-share\" allowfullscreen><\/iframe>\n<\/div><\/figure>\n\n\n\n<p>Queremos dejarlo muy claro. Adem\u00e1s de los de estos cinco presos, decenas de recursos de la fiscal\u00eda contra terceros grados de presos vascos esperan la resoluci\u00f3n del Juzgado Central de Vigilancia Penitenciaria de la Audiencia Nacional.<\/p>\n\n\n\n<p>En este nuevo tiempo en que se est\u00e1n dando cambios en la pol\u00edtica penitenciairia y se han dado pasos para acabar con la pol\u00edtica de alejamiento, la fiscal\u00eda, de la mano de la Audiencia Nacional, contin\u00faa poniendo trabas a la aplicaci\u00f3n de la legislaci\u00f3n ordinaria y al proceso de regreso a casa, lo que supone un aut\u00e9ntico obst\u00e1culo para la convivencia.<\/p>\n\n\n\n<p>Hoy nos hemos reunido precisamente para denunciar la posici\u00f3n de la fiscal\u00eda y la Audiencia Nacional. Tambi\u00e9n lo hacemos para manifestar que Asier deber\u00eda estar en su casa. Esta manera de actuar bloqueando el camino que marca la ley no podemos interpretarla sino como una voluntad por volver a la situaci\u00f3n anterior, no se puede entender de otra manera. Es inaceptable que en 2023 contin\u00faen manteniendo posiciones sustentadas en la venganza y el odio.<\/p>\n\n\n\n<p>Pero lo tenemos muy claro. Queremos construir la convivencia y eso s\u00f3lo se puede hacer de forma conjunta, entre todas y todos. Ante injusticias como \u00e9sta, quienes estamos por el final definitivo de la excepcionalidad penitenciaria, no tenemos otra que continuar trabajando conjuntamente, porque \u00e9sta es la respuesta m\u00e1s eficaz. No podemos aceptar regresiones, no aceptamos retrocesos y por eso estamos hoy aqu\u00ed, para que vuelvan a casa porque cumplen todas las condiciones. Y seguiremos en la calle mientras esto no se cumpla.<\/p>\n\n\n\n<p>Garbi utzi nahi dugu, 5 preso hauez gain ere beste hamarna preso daudela fiskalaren errekurtsoa dela eta, epaiaren zain daude.<\/p>\n\n\n\n<p>Espetxe politikaren baitan aldaketak eman eta urruntze politikarekin amaitzeko urratsak ematen ari garen honetan, Fiskaltzak, Audientzia Nazionalaren laguntzaz, legedia arruntaren ezarpenaren aurrean eta etxeratze prozesuaren aurrean oztopoak jartzen jarraitzen du, elkarbizitza zangotrabatuz.<\/p>\n\n\n\n<p>Gaur hemen batu gara egoera hau eta Fiskaltzaren eta Audientzia Nazionalaren jarrera salatzeko. Baita, Asierrek etxean behar lukeela argi adierazteko. Legeak ezarritako bideari oztopoak jartzeko jarrera hau, iraganeko egoerara itzultzeko nahiarekin baino ezin dugu lotu, halakorik ezin baita bestelakoan ulertu. Izugarria da 2023. urtean oraindik mendekuan eta gorrotoan oinarritutako jarrerekin jarraitzea.<\/p>\n\n\n\n<p>Baina guk argi dugu, guk elkarbizitza eraiki nahi dugu, eta hori guztion artean egin behar dugu. Horrelako gertakarien aurrean, salbuespenezko espetxe politika behin betikoz amaitzea nahi dugunok elkarlanean aritu behar dugu, hori delako erantzunik eraginkorrena. Ezin ditugu atzerapauso hauek onartu eta horregatik gaude gaur hemen, baldintza guztiak betetzen dituztelako etxean izateko, eta hori horrela ez den bitartean lanean eta kalean jarraituko dugulako,<\/p>\n","protected":false},"excerpt":{"rendered":"<p>El mi\u00e9rcoles supimos que el preso de Santurtzi, Asier Rodr\u00edguez, ha debido regresar a prisi\u00f3n, una vez de que le hayan devuelto al segundo grado. Una vez m\u00e1s, la Audiencia [&hellip;]<\/p>\n","protected":false},"author":2,"featured_media":4777,"comment_status":"closed","ping_status":"closed","sticky":false,"template":"","format":"standard","meta":{"_acf_changed":false,"_et_pb_use_builder":"off","_et_pb_old_content":"","_et_gb_content_width":"","footnotes":""},"categories":[69],"tags":[],"class_list":["post-4779","post","type-post","status-publish","format-standard","has-post-thumbnail","hentry","category-leyes-de-excepcion","et-has-post-format-content","et_post_format-et-post-format-standard"],"acf":[],"yoast_head":"<!-- This site is optimized with the Yoast SEO plugin v26.4 - https:\/\/yoast.com\/wordpress\/plugins\/seo\/ -->\n<title>En Santurtzi denunciamos que el ingreso en prisi\u00f3n de Asier Rodr\u00edguez es &quot;basado en la venganza&quot; - Sare Herritarra<\/title>\n<meta name=\"robots\" content=\"index, follow, max-snippet:-1, max-image-preview:large, max-video-preview:-1\" \/>\n<link rel=\"canonical\" href=\"https:\/\/sare.eus\/es\/en-santurtzi-denunciamos-que-el-ingreso-en-prision-de-asier-rodriguez-es-basado-en-la-venganza\/\" \/>\n<meta property=\"og:locale\" content=\"es_ES\" \/>\n<meta property=\"og:type\" content=\"article\" \/>\n<meta property=\"og:title\" content=\"En Santurtzi denunciamos que el ingreso en prisi\u00f3n de Asier Rodr\u00edguez es &quot;basado en la venganza&quot; - Sare Herritarra\" \/>\n<meta property=\"og:description\" content=\"El mi\u00e9rcoles supimos que el preso de Santurtzi, Asier Rodr\u00edguez, ha debido regresar a prisi\u00f3n, una vez de que le hayan devuelto al segundo grado. Una vez m\u00e1s, la Audiencia [&hellip;]\" \/>\n<meta property=\"og:url\" content=\"https:\/\/sare.eus\/es\/en-santurtzi-denunciamos-que-el-ingreso-en-prision-de-asier-rodriguez-es-basado-en-la-venganza\/\" \/>\n<meta property=\"og:site_name\" content=\"Sare Herritarra\" \/>\n<meta property=\"article:published_time\" content=\"2023-01-28T17:06:59+00:00\" \/>\n<meta property=\"article:modified_time\" content=\"2023-01-30T10:54:55+00:00\" \/>\n<meta property=\"og:image\" content=\"https:\/\/sare.eus\/wp-content\/uploads\/2023\/01\/argazkia0.jpg\" \/>\n\t<meta property=\"og:image:width\" content=\"1920\" \/>\n\t<meta property=\"og:image:height\" content=\"1080\" \/>\n\t<meta property=\"og:image:type\" content=\"image\/jpeg\" \/>\n<meta name=\"author\" content=\"sare\" \/>\n<meta name=\"twitter:card\" content=\"summary_large_image\" \/>\n<meta name=\"twitter:label1\" content=\"Escrito por\" \/>\n\t<meta name=\"twitter:data1\" content=\"sare\" \/>\n\t<meta name=\"twitter:label2\" content=\"Tiempo de lectura\" \/>\n\t<meta name=\"twitter:data2\" content=\"4 minutos\" \/>\n<script type=\"application\/ld+json\" class=\"yoast-schema-graph\">{\"@context\":\"https:\/\/schema.org\",\"@graph\":[{\"@type\":\"Article\",\"@id\":\"https:\/\/sare.eus\/es\/en-santurtzi-denunciamos-que-el-ingreso-en-prision-de-asier-rodriguez-es-basado-en-la-venganza\/#article\",\"isPartOf\":{\"@id\":\"https:\/\/sare.eus\/es\/en-santurtzi-denunciamos-que-el-ingreso-en-prision-de-asier-rodriguez-es-basado-en-la-venganza\/\"},\"author\":{\"name\":\"sare\",\"@id\":\"https:\/\/sare.eus\/#\/schema\/person\/2fe6d0df294f56313d3ab236dbe38e17\"},\"headline\":\"En Santurtzi denunciamos que el ingreso en prisi\u00f3n de Asier Rodr\u00edguez es \u00abbasado en la venganza\u00bb\",\"datePublished\":\"2023-01-28T17:06:59+00:00\",\"dateModified\":\"2023-01-30T10:54:55+00:00\",\"mainEntityOfPage\":{\"@id\":\"https:\/\/sare.eus\/es\/en-santurtzi-denunciamos-que-el-ingreso-en-prision-de-asier-rodriguez-es-basado-en-la-venganza\/\"},\"wordCount\":746,\"publisher\":{\"@id\":\"https:\/\/sare.eus\/#organization\"},\"image\":{\"@id\":\"https:\/\/sare.eus\/es\/en-santurtzi-denunciamos-que-el-ingreso-en-prision-de-asier-rodriguez-es-basado-en-la-venganza\/#primaryimage\"},\"thumbnailUrl\":\"https:\/\/sare.eus\/wp-content\/uploads\/2023\/01\/argazkia0.jpg\",\"articleSection\":[\"Leyes de Excepci\u00f3n\"],\"inLanguage\":\"es\"},{\"@type\":\"WebPage\",\"@id\":\"https:\/\/sare.eus\/es\/en-santurtzi-denunciamos-que-el-ingreso-en-prision-de-asier-rodriguez-es-basado-en-la-venganza\/\",\"url\":\"https:\/\/sare.eus\/es\/en-santurtzi-denunciamos-que-el-ingreso-en-prision-de-asier-rodriguez-es-basado-en-la-venganza\/\",\"name\":\"En Santurtzi denunciamos que el ingreso en prisi\u00f3n de Asier Rodr\u00edguez es \\\"basado en la venganza\\\" - Sare Herritarra\",\"isPartOf\":{\"@id\":\"https:\/\/sare.eus\/#website\"},\"primaryImageOfPage\":{\"@id\":\"https:\/\/sare.eus\/es\/en-santurtzi-denunciamos-que-el-ingreso-en-prision-de-asier-rodriguez-es-basado-en-la-venganza\/#primaryimage\"},\"image\":{\"@id\":\"https:\/\/sare.eus\/es\/en-santurtzi-denunciamos-que-el-ingreso-en-prision-de-asier-rodriguez-es-basado-en-la-venganza\/#primaryimage\"},\"thumbnailUrl\":\"https:\/\/sare.eus\/wp-content\/uploads\/2023\/01\/argazkia0.jpg\",\"datePublished\":\"2023-01-28T17:06:59+00:00\",\"dateModified\":\"2023-01-30T10:54:55+00:00\",\"breadcrumb\":{\"@id\":\"https:\/\/sare.eus\/es\/en-santurtzi-denunciamos-que-el-ingreso-en-prision-de-asier-rodriguez-es-basado-en-la-venganza\/#breadcrumb\"},\"inLanguage\":\"es\",\"potentialAction\":[{\"@type\":\"ReadAction\",\"target\":[\"https:\/\/sare.eus\/es\/en-santurtzi-denunciamos-que-el-ingreso-en-prision-de-asier-rodriguez-es-basado-en-la-venganza\/\"]}]},{\"@type\":\"ImageObject\",\"inLanguage\":\"es\",\"@id\":\"https:\/\/sare.eus\/es\/en-santurtzi-denunciamos-que-el-ingreso-en-prision-de-asier-rodriguez-es-basado-en-la-venganza\/#primaryimage\",\"url\":\"https:\/\/sare.eus\/wp-content\/uploads\/2023\/01\/argazkia0.jpg\",\"contentUrl\":\"https:\/\/sare.eus\/wp-content\/uploads\/2023\/01\/argazkia0.jpg\",\"width\":1920,\"height\":1080},{\"@type\":\"BreadcrumbList\",\"@id\":\"https:\/\/sare.eus\/es\/en-santurtzi-denunciamos-que-el-ingreso-en-prision-de-asier-rodriguez-es-basado-en-la-venganza\/#breadcrumb\",\"itemListElement\":[{\"@type\":\"ListItem\",\"position\":1,\"name\":\"Home\",\"item\":\"https:\/\/sare.eus\/\"},{\"@type\":\"ListItem\",\"position\":2,\"name\":\"En Santurtzi denunciamos que el ingreso en prisi\u00f3n de Asier Rodr\u00edguez es \u00abbasado en la venganza\u00bb\"}]},{\"@type\":\"WebSite\",\"@id\":\"https:\/\/sare.eus\/#website\",\"url\":\"https:\/\/sare.eus\/\",\"name\":\"Sare Herritarra\",\"description\":\"KONPONBIDEAREN ETA GIZA ESKUBIDEEN ALDEKO SARE HERRITARRA\",\"publisher\":{\"@id\":\"https:\/\/sare.eus\/#organization\"},\"potentialAction\":[{\"@type\":\"SearchAction\",\"target\":{\"@type\":\"EntryPoint\",\"urlTemplate\":\"https:\/\/sare.eus\/?s={search_term_string}\"},\"query-input\":{\"@type\":\"PropertyValueSpecification\",\"valueRequired\":true,\"valueName\":\"search_term_string\"}}],\"inLanguage\":\"es\"},{\"@type\":\"Organization\",\"@id\":\"https:\/\/sare.eus\/#organization\",\"name\":\"Sare Herritarra\",\"url\":\"https:\/\/sare.eus\/\",\"logo\":{\"@type\":\"ImageObject\",\"inLanguage\":\"es\",\"@id\":\"https:\/\/sare.eus\/#\/schema\/logo\/image\/\",\"url\":\"https:\/\/sare.eus\/wp-content\/uploads\/2021\/08\/sare.png\",\"contentUrl\":\"https:\/\/sare.eus\/wp-content\/uploads\/2021\/08\/sare.png\",\"width\":120,\"height\":142,\"caption\":\"Sare Herritarra\"},\"image\":{\"@id\":\"https:\/\/sare.eus\/#\/schema\/logo\/image\/\"}},{\"@type\":\"Person\",\"@id\":\"https:\/\/sare.eus\/#\/schema\/person\/2fe6d0df294f56313d3ab236dbe38e17\",\"name\":\"sare\",\"image\":{\"@type\":\"ImageObject\",\"inLanguage\":\"es\",\"@id\":\"https:\/\/sare.eus\/#\/schema\/person\/image\/\",\"url\":\"https:\/\/secure.gravatar.com\/avatar\/77cad838677ceb1977e7b3c878b55eaa7fa4aae2158983063b047c3ad7ef2c25?s=96&d=mm&r=g\",\"contentUrl\":\"https:\/\/secure.gravatar.com\/avatar\/77cad838677ceb1977e7b3c878b55eaa7fa4aae2158983063b047c3ad7ef2c25?s=96&d=mm&r=g\",\"caption\":\"sare\"},\"url\":\"https:\/\/sare.eus\/es\/author\/sare\/\"}]}<\/script>\n<!-- \/ Yoast SEO plugin. -->","yoast_head_json":{"title":"En Santurtzi denunciamos que el ingreso en prisi\u00f3n de Asier Rodr\u00edguez es \"basado en la venganza\" - Sare Herritarra","robots":{"index":"index","follow":"follow","max-snippet":"max-snippet:-1","max-image-preview":"max-image-preview:large","max-video-preview":"max-video-preview:-1"},"canonical":"https:\/\/sare.eus\/es\/en-santurtzi-denunciamos-que-el-ingreso-en-prision-de-asier-rodriguez-es-basado-en-la-venganza\/","og_locale":"es_ES","og_type":"article","og_title":"En Santurtzi denunciamos que el ingreso en prisi\u00f3n de Asier Rodr\u00edguez es \"basado en la venganza\" - Sare Herritarra","og_description":"El mi\u00e9rcoles supimos que el preso de Santurtzi, Asier Rodr\u00edguez, ha debido regresar a prisi\u00f3n, una vez de que le hayan devuelto al segundo grado. Una vez m\u00e1s, la Audiencia [&hellip;]","og_url":"https:\/\/sare.eus\/es\/en-santurtzi-denunciamos-que-el-ingreso-en-prision-de-asier-rodriguez-es-basado-en-la-venganza\/","og_site_name":"Sare Herritarra","article_published_time":"2023-01-28T17:06:59+00:00","article_modified_time":"2023-01-30T10:54:55+00:00","og_image":[{"width":1920,"height":1080,"url":"https:\/\/sare.eus\/wp-content\/uploads\/2023\/01\/argazkia0.jpg","type":"image\/jpeg"}],"author":"sare","twitter_card":"summary_large_image","twitter_misc":{"Escrito por":"sare","Tiempo de lectura":"4 minutos"},"schema":{"@context":"https:\/\/schema.org","@graph":[{"@type":"Article","@id":"https:\/\/sare.eus\/es\/en-santurtzi-denunciamos-que-el-ingreso-en-prision-de-asier-rodriguez-es-basado-en-la-venganza\/#article","isPartOf":{"@id":"https:\/\/sare.eus\/es\/en-santurtzi-denunciamos-que-el-ingreso-en-prision-de-asier-rodriguez-es-basado-en-la-venganza\/"},"author":{"name":"sare","@id":"https:\/\/sare.eus\/#\/schema\/person\/2fe6d0df294f56313d3ab236dbe38e17"},"headline":"En Santurtzi denunciamos que el ingreso en prisi\u00f3n de Asier Rodr\u00edguez es \u00abbasado en la venganza\u00bb","datePublished":"2023-01-28T17:06:59+00:00","dateModified":"2023-01-30T10:54:55+00:00","mainEntityOfPage":{"@id":"https:\/\/sare.eus\/es\/en-santurtzi-denunciamos-que-el-ingreso-en-prision-de-asier-rodriguez-es-basado-en-la-venganza\/"},"wordCount":746,"publisher":{"@id":"https:\/\/sare.eus\/#organization"},"image":{"@id":"https:\/\/sare.eus\/es\/en-santurtzi-denunciamos-que-el-ingreso-en-prision-de-asier-rodriguez-es-basado-en-la-venganza\/#primaryimage"},"thumbnailUrl":"https:\/\/sare.eus\/wp-content\/uploads\/2023\/01\/argazkia0.jpg","articleSection":["Leyes de Excepci\u00f3n"],"inLanguage":"es"},{"@type":"WebPage","@id":"https:\/\/sare.eus\/es\/en-santurtzi-denunciamos-que-el-ingreso-en-prision-de-asier-rodriguez-es-basado-en-la-venganza\/","url":"https:\/\/sare.eus\/es\/en-santurtzi-denunciamos-que-el-ingreso-en-prision-de-asier-rodriguez-es-basado-en-la-venganza\/","name":"En Santurtzi denunciamos que el ingreso en prisi\u00f3n de Asier Rodr\u00edguez es \"basado en la venganza\" - Sare Herritarra","isPartOf":{"@id":"https:\/\/sare.eus\/#website"},"primaryImageOfPage":{"@id":"https:\/\/sare.eus\/es\/en-santurtzi-denunciamos-que-el-ingreso-en-prision-de-asier-rodriguez-es-basado-en-la-venganza\/#primaryimage"},"image":{"@id":"https:\/\/sare.eus\/es\/en-santurtzi-denunciamos-que-el-ingreso-en-prision-de-asier-rodriguez-es-basado-en-la-venganza\/#primaryimage"},"thumbnailUrl":"https:\/\/sare.eus\/wp-content\/uploads\/2023\/01\/argazkia0.jpg","datePublished":"2023-01-28T17:06:59+00:00","dateModified":"2023-01-30T10:54:55+00:00","breadcrumb":{"@id":"https:\/\/sare.eus\/es\/en-santurtzi-denunciamos-que-el-ingreso-en-prision-de-asier-rodriguez-es-basado-en-la-venganza\/#breadcrumb"},"inLanguage":"es","potentialAction":[{"@type":"ReadAction","target":["https:\/\/sare.eus\/es\/en-santurtzi-denunciamos-que-el-ingreso-en-prision-de-asier-rodriguez-es-basado-en-la-venganza\/"]}]},{"@type":"ImageObject","inLanguage":"es","@id":"https:\/\/sare.eus\/es\/en-santurtzi-denunciamos-que-el-ingreso-en-prision-de-asier-rodriguez-es-basado-en-la-venganza\/#primaryimage","url":"https:\/\/sare.eus\/wp-content\/uploads\/2023\/01\/argazkia0.jpg","contentUrl":"https:\/\/sare.eus\/wp-content\/uploads\/2023\/01\/argazkia0.jpg","width":1920,"height":1080},{"@type":"BreadcrumbList","@id":"https:\/\/sare.eus\/es\/en-santurtzi-denunciamos-que-el-ingreso-en-prision-de-asier-rodriguez-es-basado-en-la-venganza\/#breadcrumb","itemListElement":[{"@type":"ListItem","position":1,"name":"Home","item":"https:\/\/sare.eus\/"},{"@type":"ListItem","position":2,"name":"En Santurtzi denunciamos que el ingreso en prisi\u00f3n de Asier Rodr\u00edguez es \u00abbasado en la venganza\u00bb"}]},{"@type":"WebSite","@id":"https:\/\/sare.eus\/#website","url":"https:\/\/sare.eus\/","name":"Sare Herritarra","description":"KONPONBIDEAREN ETA GIZA ESKUBIDEEN ALDEKO SARE HERRITARRA","publisher":{"@id":"https:\/\/sare.eus\/#organization"},"potentialAction":[{"@type":"SearchAction","target":{"@type":"EntryPoint","urlTemplate":"https:\/\/sare.eus\/?s={search_term_string}"},"query-input":{"@type":"PropertyValueSpecification","valueRequired":true,"valueName":"search_term_string"}}],"inLanguage":"es"},{"@type":"Organization","@id":"https:\/\/sare.eus\/#organization","name":"Sare Herritarra","url":"https:\/\/sare.eus\/","logo":{"@type":"ImageObject","inLanguage":"es","@id":"https:\/\/sare.eus\/#\/schema\/logo\/image\/","url":"https:\/\/sare.eus\/wp-content\/uploads\/2021\/08\/sare.png","contentUrl":"https:\/\/sare.eus\/wp-content\/uploads\/2021\/08\/sare.png","width":120,"height":142,"caption":"Sare Herritarra"},"image":{"@id":"https:\/\/sare.eus\/#\/schema\/logo\/image\/"}},{"@type":"Person","@id":"https:\/\/sare.eus\/#\/schema\/person\/2fe6d0df294f56313d3ab236dbe38e17","name":"sare","image":{"@type":"ImageObject","inLanguage":"es","@id":"https:\/\/sare.eus\/#\/schema\/person\/image\/","url":"https:\/\/secure.gravatar.com\/avatar\/77cad838677ceb1977e7b3c878b55eaa7fa4aae2158983063b047c3ad7ef2c25?s=96&d=mm&r=g","contentUrl":"https:\/\/secure.gravatar.com\/avatar\/77cad838677ceb1977e7b3c878b55eaa7fa4aae2158983063b047c3ad7ef2c25?s=96&d=mm&r=g","caption":"sare"},"url":"https:\/\/sare.eus\/es\/author\/sare\/"}]}},"_links":{"self":[{"href":"https:\/\/sare.eus\/es\/wp-json\/wp\/v2\/posts\/4779","targetHints":{"allow":["GET"]}}],"collection":[{"href":"https:\/\/sare.eus\/es\/wp-json\/wp\/v2\/posts"}],"about":[{"href":"https:\/\/sare.eus\/es\/wp-json\/wp\/v2\/types\/post"}],"author":[{"embeddable":true,"href":"https:\/\/sare.eus\/es\/wp-json\/wp\/v2\/users\/2"}],"replies":[{"embeddable":true,"href":"https:\/\/sare.eus\/es\/wp-json\/wp\/v2\/comments?post=4779"}],"version-history":[{"count":4,"href":"https:\/\/sare.eus\/es\/wp-json\/wp\/v2\/posts\/4779\/revisions"}],"predecessor-version":[{"id":4823,"href":"https:\/\/sare.eus\/es\/wp-json\/wp\/v2\/posts\/4779\/revisions\/4823"}],"wp:featuredmedia":[{"embeddable":true,"href":"https:\/\/sare.eus\/es\/wp-json\/wp\/v2\/media\/4777"}],"wp:attachment":[{"href":"https:\/\/sare.eus\/es\/wp-json\/wp\/v2\/media?parent=4779"}],"wp:term":[{"taxonomy":"category","embeddable":true,"href":"https:\/\/sare.eus\/es\/wp-json\/wp\/v2\/categories?post=4779"},{"taxonomy":"post_tag","embeddable":true,"href":"https:\/\/sare.eus\/es\/wp-json\/wp\/v2\/tags?post=4779"}],"curies":[{"name":"wp","href":"https:\/\/api.w.org\/{rel}","templated":true}]}}