{"id":4707,"date":"2023-01-08T17:47:15","date_gmt":"2023-01-08T17:47:15","guid":{"rendered":"https:\/\/sare.eus\/urtarrilaren-7ko-balorazioa\/"},"modified":"2023-01-09T21:03:29","modified_gmt":"2023-01-09T21:03:29","slug":"valoracion-7-de-enero","status":"publish","type":"post","link":"https:\/\/sare.eus\/es\/valoracion-7-de-enero\/","title":{"rendered":"Valoraci\u00f3n DE LA JORNADA DE AYER EN bILBO"},"content":{"rendered":"<p>Ayer las calles de Bilbo, nos confirmaron la voluntad de una gran parte de la sociedad vasca, de avanzar. De poner fin, a la excepcionalidad que a\u00fan se aplica a los presos y presas vascos.<\/p>\n<p>Esta movilizaci\u00f3n ha representado un respaldo a lo que desde hace a\u00f1os, venimos reivindicando: fin de las excepcionalidades; respeto a todas las victimas de la violencia y tratamiento igual, para todas ellas.<\/p>\n<p>#EtxeraBideaGertu, ser\u00e1 a partir de estos momentos, el camino a seguir. Hacerlo posible depender\u00e1 de la capacidad que tengamos entre todos: \u00e1mbito pol\u00edtico, sindical y social, de poder ir sustituyendo la excepcionalidad por una pol\u00edtica penitenciaria ordinaria.<\/p>\n<p><strong>Este es el nuevo reto que nos marcamos. Pero tiene que ser un reto colectivo, donde todos y todas, trabajemos.<\/strong><\/p>\n<hr>\n<p><strong>&#x1f3a6; 2023.01.07 | Bilbo<\/strong><\/p>\n<p><strong>#EtxeraBideaGertu, presoen etxeratze prozesuan aurrera egiteko beste urrats bat.<\/strong><\/p>\n<p><strong>&#x23ef;&#xfe0f; Ikusi, gozatu, zabaldu, jarri zuen sareetan&#8230; eta bihar berriz lanera etxerako bidean beste mugarri bat jartzera.<\/strong><\/p>\n\n\n<figure class=\"wp-block-embed is-type-video is-provider-youtube wp-block-embed-youtube wp-embed-aspect-16-9 wp-has-aspect-ratio\"><div class=\"wp-block-embed__wrapper\">\n<iframe loading=\"lazy\" title=\"2023.01.07 | Bilbo \u00b7 #EtxeraBideaGertu, presoen etxeratze prozesuan aurrera egiteko beste urrats bat\" width=\"1080\" height=\"608\" src=\"https:\/\/www.youtube.com\/embed\/OmYmjz_6Hhk?feature=oembed\" frameborder=\"0\" allow=\"accelerometer; autoplay; clipboard-write; encrypted-media; gyroscope; picture-in-picture; web-share\" allowfullscreen><\/iframe>\n<\/div><\/figure>\n\n\n<p><strong>Beste bideo batzuk:&nbsp;<\/strong><\/p>\n\n\n<figure class=\"wp-block-embed is-type-video is-provider-youtube wp-block-embed-youtube wp-embed-aspect-16-9 wp-has-aspect-ratio\"><div class=\"wp-block-embed__wrapper\">\n<iframe loading=\"lazy\" title=\"Milaka pertsonak &quot;salbuespenezko neurriak bertan behera uzteko&quot; eskatu dute Bilbon\" width=\"1080\" height=\"608\" src=\"https:\/\/www.youtube.com\/embed\/u1jYDBAOSXA?feature=oembed\" frameborder=\"0\" allow=\"accelerometer; autoplay; clipboard-write; encrypted-media; gyroscope; picture-in-picture; web-share\" allowfullscreen><\/iframe>\n<\/div><\/figure>\n\n\n\n<figure class=\"wp-block-embed is-type-video is-provider-youtube wp-block-embed-youtube wp-embed-aspect-16-9 wp-has-aspect-ratio\"><div class=\"wp-block-embed__wrapper\">\n<iframe loading=\"lazy\" title=\"Milaka lagunek eman diote bultzada berri bat euskal presoen etxeratze prozesuari Bilbon\" width=\"1080\" height=\"608\" src=\"https:\/\/www.youtube.com\/embed\/yGd6o3a62pM?feature=oembed\" frameborder=\"0\" allow=\"accelerometer; autoplay; clipboard-write; encrypted-media; gyroscope; picture-in-picture; web-share\" allowfullscreen><\/iframe>\n<\/div><\/figure>\n\n\n\n<figure class=\"wp-block-embed is-type-video is-provider-youtube wp-block-embed-youtube wp-embed-aspect-16-9 wp-has-aspect-ratio\"><div class=\"wp-block-embed__wrapper\">\n<iframe loading=\"lazy\" title=\"Oihal txuri batek sortarazten duena euskal presoen etxeratze bidea azkartzeko\" width=\"1080\" height=\"608\" src=\"https:\/\/www.youtube.com\/embed\/Xv68auq62kk?feature=oembed\" frameborder=\"0\" allow=\"accelerometer; autoplay; clipboard-write; encrypted-media; gyroscope; picture-in-picture; web-share\" allowfullscreen><\/iframe>\n<\/div><\/figure>\n\n\n\n<figure class=\"wp-block-embed is-type-video is-provider-youtube wp-block-embed-youtube wp-embed-aspect-16-9 wp-has-aspect-ratio\"><div class=\"wp-block-embed__wrapper\">\n<iframe loading=\"lazy\" title=\"&#039;Etxera bidea gertu&#039; lelopean manifestazio jendetsua\" width=\"1080\" height=\"608\" src=\"https:\/\/www.youtube.com\/embed\/wdd8u3Ana8o?feature=oembed\" frameborder=\"0\" allow=\"accelerometer; autoplay; clipboard-write; encrypted-media; gyroscope; picture-in-picture; web-share\" allowfullscreen><\/iframe>\n<\/div><\/figure>\n\n\n<hr>\n<p><strong>Un resumen prensa<\/strong><\/p>\n\n\n<div class=\"wp-block-columns is-layout-flex wp-container-core-columns-is-layout-9d6595d7 wp-block-columns-is-layout-flex\">\n<div class=\"wp-block-column is-layout-flow wp-block-column-is-layout-flow\">\n<figure class=\"wp-block-embed is-type-rich is-provider-twitter wp-block-embed-twitter\"><div class=\"wp-block-embed__wrapper\">\n<blockquote class=\"twitter-tweet\" data-width=\"550\" data-dnt=\"true\"><p lang=\"eu\" dir=\"ltr\">Jendetza bildu du <a href=\"https:\/\/twitter.com\/sare_herritarra?ref_src=twsrc%5Etfw\">@sare_herritarra<\/a>\u200bren <a href=\"https:\/\/twitter.com\/hashtag\/EtxeraBideaGertu?src=hash&amp;ref_src=twsrc%5Etfw\">#EtxeraBideaGertu<\/a> manifestazioak Bilbon euskal presoak etxeratzearen alde. Ia ordubete behar izan du mugitzen hasteko, batu den jende kopuru handiaren ondorioz.<a href=\"https:\/\/twitter.com\/j_arruabarrena?ref_src=twsrc%5Etfw\">@j_arruabarrena<\/a> <a href=\"https:\/\/t.co\/q7hiSmmGUR\">https:\/\/t.co\/q7hiSmmGUR<\/a><\/p>&mdash; Berria.eus (@berria) <a href=\"https:\/\/twitter.com\/berria\/status\/1611833805509197824?ref_src=twsrc%5Etfw\">January 7, 2023<\/a><\/blockquote><script async src=\"https:\/\/platform.twitter.com\/widgets.js\" charset=\"utf-8\"><\/script>\n<\/div><\/figure>\n<\/div>\n\n\n\n<div class=\"wp-block-column is-layout-flow wp-block-column-is-layout-flow\">\n<figure class=\"wp-block-embed is-type-rich is-provider-twitter wp-block-embed-twitter\"><div class=\"wp-block-embed__wrapper\">\n<blockquote class=\"twitter-tweet\" data-width=\"550\" data-dnt=\"true\"><p lang=\"es\" dir=\"ltr\">[AVANCE] Multitudinaria manifestaci\u00f3n para exigir que la vuelta a casa de los presos se haga realidad<a href=\"https:\/\/t.co\/A2F0Unm0qX\">https:\/\/t.co\/A2F0Unm0qX<\/a><a href=\"https:\/\/twitter.com\/hashtag\/EtxeraBideaGertu?src=hash&amp;ref_src=twsrc%5Etfw\">#EtxeraBideaGertu<\/a> <a href=\"https:\/\/t.co\/OId4CQtMmV\">pic.twitter.com\/OId4CQtMmV<\/a><\/p>&mdash; naiz: (@naiz_info) <a href=\"https:\/\/twitter.com\/naiz_info\/status\/1611783998493048834?ref_src=twsrc%5Etfw\">January 7, 2023<\/a><\/blockquote><script async src=\"https:\/\/platform.twitter.com\/widgets.js\" charset=\"utf-8\"><\/script>\n<\/div><\/figure>\n<\/div>\n\n\n\n<div class=\"wp-block-column is-layout-flow wp-block-column-is-layout-flow\">\n<figure class=\"wp-block-embed is-type-rich is-provider-twitter wp-block-embed-twitter\"><div class=\"wp-block-embed__wrapper\">\nhttps:\/\/twitter.com\/HamaikaTb\/status\/1612379166934011905?s=20&#038;t=K-ESmXrDW0KCvKvrcBsITw\n<\/div><\/figure>\n<\/div>\n<\/div>\n\n\n\n<div class=\"wp-block-columns is-layout-flex wp-container-core-columns-is-layout-9d6595d7 wp-block-columns-is-layout-flex\">\n<div class=\"wp-block-column is-layout-flow wp-block-column-is-layout-flow\">\n<figure class=\"wp-block-embed is-type-rich is-provider-twitter wp-block-embed-twitter\"><div class=\"wp-block-embed__wrapper\">\n<blockquote class=\"twitter-tweet\" data-width=\"550\" data-dnt=\"true\"><p lang=\"eu\" dir=\"ltr\">[BIDEOA] Milaka lagunek eman diote bultzada berri bat euskal presoen etxeratze prozesuari Bilbon <a href=\"https:\/\/twitter.com\/sare_herritarra?ref_src=twsrc%5Etfw\">@sare_herritarra<\/a>-k eta <a href=\"https:\/\/twitter.com\/BakeBidea?ref_src=twsrc%5Etfw\">@BakeBidea<\/a>-k Bilbon antolatutako manifestazioak milaka lagun bildu ditu<a href=\"https:\/\/t.co\/xz7YeB4T9u\">https:\/\/t.co\/xz7YeB4T9u<\/a><br><br> <a href=\"https:\/\/twitter.com\/hashtag\/EtxeraBideaGertu?src=hash&amp;ref_src=twsrc%5Etfw\">#EtxeraBideaGertu<\/a><br><br>                    \u2199\ufe0f<br>               \u2197\ufe0f <a href=\"https:\/\/t.co\/pxpxO4VguS\">pic.twitter.com\/pxpxO4VguS<\/a><\/p>&mdash; Ahotsa.info (@AhotsaInfo) <a href=\"https:\/\/twitter.com\/AhotsaInfo\/status\/1611836937827917824?ref_src=twsrc%5Etfw\">January 7, 2023<\/a><\/blockquote><script async src=\"https:\/\/platform.twitter.com\/widgets.js\" charset=\"utf-8\"><\/script>\n<\/div><\/figure>\n<\/div>\n\n\n\n<div class=\"wp-block-column is-layout-flow wp-block-column-is-layout-flow\">\n<figure class=\"wp-block-embed is-type-rich is-provider-twitter wp-block-embed-twitter\"><div class=\"wp-block-embed__wrapper\">\n<blockquote class=\"twitter-tweet\" data-width=\"550\" data-dnt=\"true\"><p lang=\"es\" dir=\"ltr\">\u25b6\ufe0f Miles de personas reivindican en <a href=\"https:\/\/twitter.com\/hashtag\/Bilbao?src=hash&amp;ref_src=twsrc%5Etfw\">#Bilbao<\/a> un nuevo tiempo sin pol\u00edticas de dispersi\u00f3n <a href=\"https:\/\/t.co\/3FMtd8FZGo\">https:\/\/t.co\/3FMtd8FZGo<\/a> <a href=\"https:\/\/twitter.com\/sare_herritarra?ref_src=twsrc%5Etfw\">@sare_herritarra<\/a><\/p>&mdash; EITB Noticias (@eitbNoticias) <a href=\"https:\/\/twitter.com\/eitbNoticias\/status\/1611820775983484928?ref_src=twsrc%5Etfw\">January 7, 2023<\/a><\/blockquote><script async src=\"https:\/\/platform.twitter.com\/widgets.js\" charset=\"utf-8\"><\/script>\n<\/div><\/figure>\n\n\n\n<div class=\"wp-block-columns is-layout-flex wp-container-core-columns-is-layout-9d6595d7 wp-block-columns-is-layout-flex\">\n<div class=\"wp-block-column is-layout-flow wp-block-column-is-layout-flow\">\n<figure class=\"wp-block-embed is-type-rich is-provider-twitter wp-block-embed-twitter\"><div class=\"wp-block-embed__wrapper\">\nhttps:\/\/twitter.com\/deia_eus\/status\/1611809897724743684?s=20&#038;t=d_C4Vk-BcBl1nf0ym6zpAA\n<\/div><\/figure>\n<\/div>\n<\/div>\n<\/div>\n\n\n\n<div class=\"wp-block-column is-layout-flow wp-block-column-is-layout-flow\">\n<figure class=\"wp-block-embed is-type-rich is-provider-twitter wp-block-embed-twitter\"><div class=\"wp-block-embed__wrapper\">\n<blockquote class=\"twitter-tweet\" data-width=\"550\" data-dnt=\"true\"><p lang=\"eu\" dir=\"ltr\">[ARGAZKIAK] <a href=\"https:\/\/twitter.com\/hashtag\/EtxeraBideaGertu?src=hash&amp;ref_src=twsrc%5Etfw\">#EtxeraBideaGertu<\/a>! Milaka lagunek eman diote bultzada berri bat euskal presoen etxeratze prozesuari Bilbon. <a href=\"https:\/\/t.co\/7hfQfb3ko8\">https:\/\/t.co\/7hfQfb3ko8<\/a><a href=\"https:\/\/twitter.com\/hashtag\/leretourmaintenant?src=hash&amp;ref_src=twsrc%5Etfw\">#leretourmaintenant<\/a> <a href=\"https:\/\/twitter.com\/hashtag\/etxera?src=hash&amp;ref_src=twsrc%5Etfw\">#etxera<\/a> <a href=\"https:\/\/t.co\/Cfe0WCoKgN\">pic.twitter.com\/Cfe0WCoKgN<\/a><\/p>&mdash; Ekinklik Argazkiak (@Ekinklik) <a href=\"https:\/\/twitter.com\/Ekinklik\/status\/1611841709440221186?ref_src=twsrc%5Etfw\">January 7, 2023<\/a><\/blockquote><script async src=\"https:\/\/platform.twitter.com\/widgets.js\" charset=\"utf-8\"><\/script>\n<\/div><\/figure>\n\n\n\n<div class=\"wp-block-columns is-layout-flex wp-container-core-columns-is-layout-9d6595d7 wp-block-columns-is-layout-flex\">\n<div class=\"wp-block-column is-layout-flow wp-block-column-is-layout-flow\">\n<figure class=\"wp-block-embed is-type-rich is-provider-twitter wp-block-embed-twitter\"><div class=\"wp-block-embed__wrapper\">\n<blockquote class=\"twitter-tweet\" data-width=\"550\" data-dnt=\"true\"><p lang=\"es\" dir=\"ltr\">Miles de personas se manifiestan en Bilbao en apoyo a los presos de ETA pese al fin de la dispersi\u00f3n <a href=\"https:\/\/t.co\/d9IdjsJkT2\">https:\/\/t.co\/d9IdjsJkT2<\/a><\/p>&mdash; El Diario Vasco (@diariovasco) <a href=\"https:\/\/twitter.com\/diariovasco\/status\/1611790901591818247?ref_src=twsrc%5Etfw\">January 7, 2023<\/a><\/blockquote><script async src=\"https:\/\/platform.twitter.com\/widgets.js\" charset=\"utf-8\"><\/script>\n<\/div><\/figure>\n<\/div>\n<\/div>\n<\/div>\n<\/div>\n\n\n\n<div class=\"wp-block-columns is-layout-flex wp-container-core-columns-is-layout-9d6595d7 wp-block-columns-is-layout-flex\">\n<div class=\"wp-block-column is-layout-flow wp-block-column-is-layout-flow\">\n<figure class=\"wp-block-embed is-type-rich is-provider-twitter wp-block-embed-twitter\"><div class=\"wp-block-embed__wrapper\">\nhttps:\/\/twitter.com\/elnacionalcat_e\/status\/1611858785315831810?s=20&#038;t=K-ESmXrDW0KCvKvrcBsITw\n<\/div><\/figure>\n<\/div>\n\n\n\n<div class=\"wp-block-column is-layout-flow wp-block-column-is-layout-flow\">\n<figure class=\"wp-block-embed is-type-rich is-provider-twitter wp-block-embed-twitter\"><div class=\"wp-block-embed__wrapper\">\n<blockquote class=\"twitter-tweet\" data-width=\"550\" data-dnt=\"true\"><p lang=\"es\" dir=\"ltr\">Decenas de miles de personas se han manifestado en Bilbao (20.000, seg\u00fan la polic\u00eda municipal) en favor de los presos de ETA. Han asistido pol\u00edticos de EH Bildu, como Arnaldo Otegi y Arkaitz Rodr\u00edguez; y de ERC, como Joan Tarda y Carme Forcadell <a href=\"https:\/\/t.co\/aaOf5kHWcY\">https:\/\/t.co\/aaOf5kHWcY<\/a><\/p>&mdash; EL PA\u00cdS (@el_pais) <a href=\"https:\/\/twitter.com\/el_pais\/status\/1611821401526214658?ref_src=twsrc%5Etfw\">January 7, 2023<\/a><\/blockquote><script async src=\"https:\/\/platform.twitter.com\/widgets.js\" charset=\"utf-8\"><\/script>\n<\/div><\/figure>\n<\/div>\n\n\n\n<div class=\"wp-block-column is-layout-flow wp-block-column-is-layout-flow\">\n<figure class=\"wp-block-embed is-type-rich is-provider-twitter wp-block-embed-twitter\"><div class=\"wp-block-embed__wrapper\">\n<blockquote class=\"twitter-tweet\" data-width=\"550\" data-dnt=\"true\"><p lang=\"es\" dir=\"ltr\">Miles de personas se manifiestan en Bilbao en apoyo a los presos de ETA pese al fin de la dispersi\u00f3n <a href=\"https:\/\/t.co\/yVcYVNaOey\">https:\/\/t.co\/yVcYVNaOey<\/a><\/p>&mdash; El Correo (@elcorreo_com) <a href=\"https:\/\/twitter.com\/elcorreo_com\/status\/1611790025728868352?ref_src=twsrc%5Etfw\">January 7, 2023<\/a><\/blockquote><script async src=\"https:\/\/platform.twitter.com\/widgets.js\" charset=\"utf-8\"><\/script>\n<\/div><\/figure>\n<\/div>\n<\/div>\n\n\n\n<div class=\"wp-block-columns is-layout-flex wp-container-core-columns-is-layout-9d6595d7 wp-block-columns-is-layout-flex\">\n<div class=\"wp-block-column is-layout-flow wp-block-column-is-layout-flow\">\n<figure class=\"wp-block-embed is-type-rich is-provider-twitter wp-block-embed-twitter\"><div class=\"wp-block-embed__wrapper\">\n<blockquote class=\"twitter-tweet\" data-width=\"550\" data-dnt=\"true\"><p lang=\"es\" dir=\"ltr\">\u2197\ufe0f\u2199\ufe0f El camino a casa est\u00e1 cerca: clamor en Bilbo en un nuevo ciclo &quot;a favor de la paz, convivencia y la resoluci\u00f3n&quot;: <a href=\"https:\/\/t.co\/MJMxFvAuFp\">https:\/\/t.co\/MJMxFvAuFp<\/a><br><br>\u270d\ufe0f Cr\u00f3nica de <a href=\"https:\/\/twitter.com\/igoiz17?ref_src=twsrc%5Etfw\">@igoiz17<\/a> y <a href=\"https:\/\/twitter.com\/chtricas?ref_src=twsrc%5Etfw\">@chtricas<\/a> de la movilizaci\u00f3n <a href=\"https:\/\/twitter.com\/hashtag\/EtxeraBideaGertu?src=hash&amp;ref_src=twsrc%5Etfw\">#EtxeraBideaGertu<\/a> de <a href=\"https:\/\/twitter.com\/sare_herritarra?ref_src=twsrc%5Etfw\">@sare_herritarra<\/a> que ha reunido a decenas de miles de personas <a href=\"https:\/\/t.co\/XRuopktguT\">pic.twitter.com\/XRuopktguT<\/a><\/p>&mdash; AraInfo (@arainfonoticias) <a href=\"https:\/\/twitter.com\/arainfonoticias\/status\/1611801224206057476?ref_src=twsrc%5Etfw\">January 7, 2023<\/a><\/blockquote><script async src=\"https:\/\/platform.twitter.com\/widgets.js\" charset=\"utf-8\"><\/script>\n<\/div><\/figure>\n\n\n\n<div class=\"wp-block-columns is-layout-flex wp-container-core-columns-is-layout-9d6595d7 wp-block-columns-is-layout-flex\">\n<div class=\"wp-block-column is-layout-flow wp-block-column-is-layout-flow\">\n<figure class=\"wp-block-embed is-type-rich is-provider-twitter wp-block-embed-twitter\"><div class=\"wp-block-embed__wrapper\">\n<blockquote class=\"twitter-tweet\" data-width=\"550\" data-dnt=\"true\"><p lang=\"es\" dir=\"ltr\">La multitudinaria onvocatoria de <a href=\"https:\/\/twitter.com\/hashtag\/Sare?src=hash&amp;ref_src=twsrc%5Etfw\">#Sare<\/a> pide que se aplique a los presos vascos la &quot;ley penitencia ordinaria y se ponga fin a todas las medidas de excepci\u00f3n&quot;<a href=\"https:\/\/t.co\/5QtUK2rIgM\">https:\/\/t.co\/5QtUK2rIgM<\/a><\/p>&mdash; Noticias de Gipuzkoa (@NotGip) <a href=\"https:\/\/twitter.com\/NotGip\/status\/1611790142624104450?ref_src=twsrc%5Etfw\">January 7, 2023<\/a><\/blockquote><script async src=\"https:\/\/platform.twitter.com\/widgets.js\" charset=\"utf-8\"><\/script>\n<\/div><\/figure>\n<\/div>\n<\/div>\n<\/div>\n\n\n\n<div class=\"wp-block-column is-layout-flow wp-block-column-is-layout-flow\">\n<figure class=\"wp-block-embed is-type-rich is-provider-twitter wp-block-embed-twitter\"><div class=\"wp-block-embed__wrapper\">\n<blockquote class=\"twitter-tweet\" data-width=\"550\" data-dnt=\"true\"><p lang=\"eu\" dir=\"ltr\">Milaka lagunek eman diote bultzada berri bat euskal presoen etxeratze prozesuari Bilbon<a href=\"https:\/\/twitter.com\/AhotsaInfo?ref_src=twsrc%5Etfw\">@AhotsaInfo<\/a>-k sortutako bideoa. <br><br>Argazkia: <a href=\"https:\/\/twitter.com\/sare_herritarra?ref_src=twsrc%5Etfw\">@sare_herritarra<\/a><a href=\"https:\/\/t.co\/iiXTfiuwR3\">https:\/\/t.co\/iiXTfiuwR3<\/a> <a href=\"https:\/\/t.co\/0lGagjASw7\">pic.twitter.com\/0lGagjASw7<\/a><\/p>&mdash; ARGIA (@argia) <a href=\"https:\/\/twitter.com\/argia\/status\/1612335864142594051?ref_src=twsrc%5Etfw\">January 9, 2023<\/a><\/blockquote><script async src=\"https:\/\/platform.twitter.com\/widgets.js\" charset=\"utf-8\"><\/script>\n<\/div><\/figure>\n<\/div>\n\n\n\n<div class=\"wp-block-column is-layout-flow wp-block-column-is-layout-flow\">\n<figure class=\"wp-block-embed is-type-rich is-provider-twitter wp-block-embed-twitter\"><div class=\"wp-block-embed__wrapper\">\n<blockquote class=\"twitter-tweet\" data-width=\"550\" data-dnt=\"true\"><p lang=\"es\" dir=\"ltr\">La convocatoria anual, convocada por <a href=\"https:\/\/twitter.com\/sare_herritarra?ref_src=twsrc%5Etfw\">@sare_herritarra<\/a>, reclamaba el fin de la excepcionalidad, denunciando que seis de cada diez personas presas vascas disfrutar\u00edan del tercer grado si se les aplicase la legislaci\u00f3n penitenciaria ordinaria: <a href=\"https:\/\/t.co\/sgQKbKgs72\">https:\/\/t.co\/sgQKbKgs72<\/a><\/p>&mdash; Hordago | El Salto (@Hordago_ElSalto) <a href=\"https:\/\/twitter.com\/Hordago_ElSalto\/status\/1612109121951612928?ref_src=twsrc%5Etfw\">January 8, 2023<\/a><\/blockquote><script async src=\"https:\/\/platform.twitter.com\/widgets.js\" charset=\"utf-8\"><\/script>\n<\/div><\/figure>\n\n\n\n<div class=\"wp-block-columns is-layout-flex wp-container-core-columns-is-layout-9d6595d7 wp-block-columns-is-layout-flex\">\n<div class=\"wp-block-column is-layout-flow wp-block-column-is-layout-flow\">\n<figure class=\"wp-block-embed is-type-rich is-provider-twitter wp-block-embed-twitter\"><div class=\"wp-block-embed__wrapper\">\n<blockquote class=\"twitter-tweet\" data-width=\"550\" data-dnt=\"true\"><p lang=\"es\" dir=\"ltr\">Sare, la red ciudadana que ha convocado la marcha, asegura que &quot;se ha ganado&quot; a la etapa del alejamiento de los presos de ETA, pero exige a jueces y fiscales que permitan acercar a los reclusos &quot;a casa&quot;<a href=\"https:\/\/t.co\/op3uScuKxV\">https:\/\/t.co\/op3uScuKxV<\/a><\/p>&mdash; Vozp\u00f3puli (@voz_populi) <a href=\"https:\/\/twitter.com\/voz_populi\/status\/1612090496540712961?ref_src=twsrc%5Etfw\">January 8, 2023<\/a><\/blockquote><script async src=\"https:\/\/platform.twitter.com\/widgets.js\" charset=\"utf-8\"><\/script>\n<\/div><\/figure>\n<\/div>\n<\/div>\n<\/div>\n<\/div>\n\n\n\n<div class=\"wp-block-columns is-layout-flex wp-container-core-columns-is-layout-9d6595d7 wp-block-columns-is-layout-flex\">\n<div class=\"wp-block-column is-layout-flow wp-block-column-is-layout-flow\">\n<figure class=\"wp-block-embed is-type-rich is-provider-twitter wp-block-embed-twitter\"><div class=\"wp-block-embed__wrapper\">\nhttps:\/\/twitter.com\/kazetaeus\/status\/1612047386641154048?s=20&#038;t=K-ESmXrDW0KCvKvrcBsITw\n<\/div><\/figure>\n\n\n\n<div class=\"wp-block-columns is-layout-flex wp-container-core-columns-is-layout-9d6595d7 wp-block-columns-is-layout-flex\">\n<div class=\"wp-block-column is-layout-flow wp-block-column-is-layout-flow\">\n<figure class=\"wp-block-embed is-type-rich is-provider-twitter wp-block-embed-twitter\"><div class=\"wp-block-embed__wrapper\">\n<blockquote class=\"twitter-tweet\" data-width=\"550\" data-dnt=\"true\"><p lang=\"fr\" dir=\"ltr\">Prisonniers basques : une mar\u00e9e humaine dans les rues de Bilbo <a href=\"https:\/\/t.co\/HMUpkTaISX\">https:\/\/t.co\/HMUpkTaISX<\/a> <a href=\"https:\/\/twitter.com\/hashtag\/Urt7Bilbora?src=hash&amp;ref_src=twsrc%5Etfw\">#Urt7Bilbora<\/a> <a href=\"https:\/\/twitter.com\/BakeBidea?ref_src=twsrc%5Etfw\">@BakeBidea<\/a> <a href=\"https:\/\/twitter.com\/sare_herritarra?ref_src=twsrc%5Etfw\">@sare_herritarra<\/a> <a href=\"https:\/\/t.co\/8TjhXyRUvE\">pic.twitter.com\/8TjhXyRUvE<\/a><\/p>&mdash; Mediabask info (@MediabaskInfo) <a href=\"https:\/\/twitter.com\/MediabaskInfo\/status\/1611799465983152128?ref_src=twsrc%5Etfw\">January 7, 2023<\/a><\/blockquote><script async src=\"https:\/\/platform.twitter.com\/widgets.js\" charset=\"utf-8\"><\/script>\n<\/div><\/figure>\n<\/div>\n<\/div>\n<\/div>\n\n\n\n<div class=\"wp-block-column is-layout-flow wp-block-column-is-layout-flow\">\n<figure class=\"wp-block-embed is-type-rich is-provider-twitter wp-block-embed-twitter\"><div class=\"wp-block-embed__wrapper\">\n<blockquote class=\"twitter-tweet\" data-width=\"550\" data-dnt=\"true\"><p lang=\"es\" dir=\"ltr\"><a href=\"https:\/\/twitter.com\/hashtag\/Presos?src=hash&amp;ref_src=twsrc%5Etfw\">#Presos<\/a> | Marea humana en Bilbao por el fin de la dispersi\u00f3n de los presos de ETA<a href=\"https:\/\/twitter.com\/sare_herritarra?ref_src=twsrc%5Etfw\">@sare_herritarra<\/a> <a href=\"https:\/\/t.co\/Needxprlby\">https:\/\/t.co\/Needxprlby<\/a><\/p>&mdash; Cadena SER Euskadi (@SEReuskadi) <a href=\"https:\/\/twitter.com\/SEReuskadi\/status\/1611991502112137217?ref_src=twsrc%5Etfw\">January 8, 2023<\/a><\/blockquote><script async src=\"https:\/\/platform.twitter.com\/widgets.js\" charset=\"utf-8\"><\/script>\n<\/div><\/figure>\n\n\n\n<div class=\"wp-block-columns is-layout-flex wp-container-core-columns-is-layout-9d6595d7 wp-block-columns-is-layout-flex\">\n<div class=\"wp-block-column is-layout-flow wp-block-column-is-layout-flow\">\n<figure class=\"wp-block-embed is-type-rich is-provider-twitter wp-block-embed-twitter\"><div class=\"wp-block-embed__wrapper\">\n<blockquote class=\"twitter-tweet\" data-width=\"550\" data-dnt=\"true\"><p lang=\"en\" dir=\"ltr\">Thousands march during a demonstration organized by the asociation Etxerat and the citizen&#39;s network Sare, which is calling for the application of an ordinary penitentiary policy to Basque political prisoners. January 07, 2023. Bilbo (Basque Country). <a href=\"https:\/\/t.co\/AkXDSWxVt5\">pic.twitter.com\/AkXDSWxVt5<\/a><\/p>&mdash; Bostok Photo (@BostokPhoto) <a href=\"https:\/\/twitter.com\/BostokPhoto\/status\/1611845558922092544?ref_src=twsrc%5Etfw\">January 7, 2023<\/a><\/blockquote><script async src=\"https:\/\/platform.twitter.com\/widgets.js\" charset=\"utf-8\"><\/script>\n<\/div><\/figure>\n<\/div>\n<\/div>\n<\/div>\n\n\n\n<div class=\"wp-block-column is-layout-flow wp-block-column-is-layout-flow\">\n<figure class=\"wp-block-embed is-type-rich is-provider-twitter wp-block-embed-twitter\"><div class=\"wp-block-embed__wrapper\">\n<blockquote class=\"twitter-tweet\" data-width=\"550\" data-dnt=\"true\"><p lang=\"es\" dir=\"ltr\">Decenas de miles de manifestantes celebran en Bilbao que &quot;se ha ganado la etapa del alejamiento&quot; de los presos de ETA. Sare pide que jueces y fiscales &quot;dejen de retorcer la ley&quot; y permitan, &quot;con la legislaci\u00f3n ordinaria&quot;, acercar a los reclusos &quot;a casa&quot; <a href=\"https:\/\/t.co\/yVQOSFjuEu\">https:\/\/t.co\/yVQOSFjuEu<\/a><\/p>&mdash; Europa Press (@europapress) <a href=\"https:\/\/twitter.com\/europapress\/status\/1611793338780340230?ref_src=twsrc%5Etfw\">January 7, 2023<\/a><\/blockquote><script async src=\"https:\/\/platform.twitter.com\/widgets.js\" charset=\"utf-8\"><\/script>\n<\/div><\/figure>\n<\/div>\n<\/div>\n\n\n\n<div class=\"wp-block-columns is-layout-flex wp-container-core-columns-is-layout-9d6595d7 wp-block-columns-is-layout-flex\">\n<div class=\"wp-block-column is-layout-flow wp-block-column-is-layout-flow\">\n<figure class=\"wp-block-embed is-type-rich is-provider-twitter wp-block-embed-twitter\"><div class=\"wp-block-embed__wrapper\">\n<blockquote class=\"twitter-tweet\" data-width=\"550\" data-dnt=\"true\"><p lang=\"es\" dir=\"ltr\">Manifestaci\u00f3n en Bilbao a favor del &quot;acercamiento a casa&quot; de los presos de ETA <a href=\"https:\/\/t.co\/fSfDFSzuYs\">https:\/\/t.co\/fSfDFSzuYs<\/a><\/p>&mdash; ElPeri\u00f3dico Pol\u00edtica (@eppolitica_cas) <a href=\"https:\/\/twitter.com\/eppolitica_cas\/status\/1612020444260978689?ref_src=twsrc%5Etfw\">January 8, 2023<\/a><\/blockquote><script async src=\"https:\/\/platform.twitter.com\/widgets.js\" charset=\"utf-8\"><\/script>\n<\/div><\/figure>\n<\/div>\n\n\n\n<div class=\"wp-block-column is-layout-flow wp-block-column-is-layout-flow\">\n<figure class=\"wp-block-embed is-type-rich is-provider-twitter wp-block-embed-twitter\"><div class=\"wp-block-embed__wrapper\">\n<blockquote class=\"twitter-tweet\" data-width=\"550\" data-dnt=\"true\"><p lang=\"ca\" dir=\"ltr\">Azkarraga, de la <a href=\"https:\/\/twitter.com\/sare_herritarra?ref_src=twsrc%5Etfw\">@sare_herritarra<\/a>, denuncia que s&#39;estan cometent irregularitats amb els presos bascos, el 64% dels quals continua empresonat malgrat tenir dret al tercer grau <a href=\"https:\/\/t.co\/eux1A3kYwc\">https:\/\/t.co\/eux1A3kYwc<\/a><\/p>&mdash; La Rep\u00fablica (@LaRepublicaCat) <a href=\"https:\/\/twitter.com\/LaRepublicaCat\/status\/1611775805184409603?ref_src=twsrc%5Etfw\">January 7, 2023<\/a><\/blockquote><script async src=\"https:\/\/platform.twitter.com\/widgets.js\" charset=\"utf-8\"><\/script>\n<\/div><\/figure>\n<\/div>\n\n\n\n<div class=\"wp-block-column is-layout-flow wp-block-column-is-layout-flow\">\n<figure class=\"wp-block-embed is-type-rich is-provider-twitter wp-block-embed-twitter\"><div class=\"wp-block-embed__wrapper\">\nhttps:\/\/twitter.com\/Foku_eus\/status\/1612381220809150466?s=20&#038;t=d_C4Vk-BcBl1nf0ym6zpAA\n<\/div><\/figure>\n<\/div>\n<\/div>\n\n\n\n<div class=\"wp-block-columns is-layout-flex wp-container-core-columns-is-layout-9d6595d7 wp-block-columns-is-layout-flex\">\n<div class=\"wp-block-column is-layout-flow wp-block-column-is-layout-flow\">\n<figure class=\"wp-block-embed is-type-rich is-provider-twitter wp-block-embed-twitter\"><div class=\"wp-block-embed__wrapper\">\n<blockquote class=\"twitter-tweet\" data-width=\"550\" data-dnt=\"true\"><p lang=\"es\" dir=\"ltr\">Unas 20.000 personas marchan por Bilbao para reclamar derechos para los presos de ETA <a href=\"https:\/\/t.co\/MioGkdLHOS\">https:\/\/t.co\/MioGkdLHOS<\/a><\/p>&mdash; P\u00fablico (@publico_es) <a href=\"https:\/\/twitter.com\/publico_es\/status\/1611832758128476161?ref_src=twsrc%5Etfw\">January 7, 2023<\/a><\/blockquote><script async src=\"https:\/\/platform.twitter.com\/widgets.js\" charset=\"utf-8\"><\/script>\n<\/div><\/figure>\n<\/div>\n\n\n\n<div class=\"wp-block-column is-layout-flow wp-block-column-is-layout-flow\">\n<figure class=\"wp-block-embed is-type-rich is-provider-twitter wp-block-embed-twitter\"><div class=\"wp-block-embed__wrapper\">\n<blockquote class=\"twitter-tweet\" data-width=\"550\" data-dnt=\"true\"><p lang=\"fr\" dir=\"ltr\"><a href=\"https:\/\/twitter.com\/hashtag\/Paysbasque?src=hash&amp;ref_src=twsrc%5Etfw\">#Paysbasque<\/a> Le processus de paix avec l\u2019ETA bute toujours sur la question des prisonniers et prisonni\u00e8res. A Bilbao samedi, quelque 60\u2019000 manifestant\u2022es r\u00e9clamaient \u00abla fin du r\u00e9gime d\u2019exception\u00bb. REPORTAGE OFFERT<a href=\"https:\/\/t.co\/eLWPpnn7QH\">https:\/\/t.co\/eLWPpnn7QH<\/a><\/p>&mdash; Le Courrier (@lecourrier) <a href=\"https:\/\/twitter.com\/lecourrier\/status\/1612517552382435342?ref_src=twsrc%5Etfw\">January 9, 2023<\/a><\/blockquote><script async src=\"https:\/\/platform.twitter.com\/widgets.js\" charset=\"utf-8\"><\/script>\n<\/div><\/figure>\n<\/div>\n\n\n\n<div class=\"wp-block-column is-layout-flow wp-block-column-is-layout-flow\">\n<figure class=\"wp-block-embed is-type-rich is-provider-twitter wp-block-embed-twitter\"><div class=\"wp-block-embed__wrapper\">\n<blockquote class=\"twitter-tweet\" data-width=\"550\" data-dnt=\"true\"><p lang=\"es\" dir=\"ltr\">Decenas de miles de personas salen a la calle en Bilbao en defensa de los derechos de los presos de ETA <a href=\"https:\/\/t.co\/qc8oNPF3VG\">https:\/\/t.co\/qc8oNPF3VG<\/a><\/p>&mdash; elDiario.es Euskadi (@eldiarioeus) <a href=\"https:\/\/twitter.com\/eldiarioeus\/status\/1612411486785118209?ref_src=twsrc%5Etfw\">January 9, 2023<\/a><\/blockquote><script async src=\"https:\/\/platform.twitter.com\/widgets.js\" charset=\"utf-8\"><\/script>\n<\/div><\/figure>\n<\/div>\n<\/div>\n\n\n\n<div class=\"wp-block-columns is-layout-flex wp-container-core-columns-is-layout-9d6595d7 wp-block-columns-is-layout-flex\">\n<div class=\"wp-block-column is-layout-flow wp-block-column-is-layout-flow\">\n<figure class=\"wp-block-embed is-type-rich is-provider-twitter wp-block-embed-twitter\"><div class=\"wp-block-embed__wrapper\">\n<blockquote class=\"twitter-tweet\" data-width=\"550\" data-dnt=\"true\"><p lang=\"es\" dir=\"ltr\">Una manifestaci\u00f3n en Bilbao a favor de los presos de ETA reclama el fin de la dispersi\u00f3n.<br><br>Con una participaci\u00f3n de 20.000 personas, seg\u00fan la polic\u00eda local, la marcha ha reclamado aplicar la pol\u00edtica penitenciaria ordinaria.<a href=\"https:\/\/t.co\/AQVTdb65w6\">https:\/\/t.co\/AQVTdb65w6<\/a><\/p>&mdash; RTVE Noticias (@rtvenoticias) <a href=\"https:\/\/twitter.com\/rtvenoticias\/status\/1611801661068001280?ref_src=twsrc%5Etfw\">January 7, 2023<\/a><\/blockquote><script async src=\"https:\/\/platform.twitter.com\/widgets.js\" charset=\"utf-8\"><\/script>\n<\/div><\/figure>\n<\/div>\n\n\n\n<div class=\"wp-block-column is-layout-flow wp-block-column-is-layout-flow\"><\/div>\n\n\n\n<div class=\"wp-block-column is-layout-flow wp-block-column-is-layout-flow\"><\/div>\n<\/div>\n\n\n<hr>\n<p><strong><a href=\"https:\/\/photos.app.goo.gl\/dDkj3GostUcCgj5aA\" target=\"_blank\" rel=\"noopener\">Fotos del acto de Euskalduna<\/a><\/strong><\/p>\n<p><\/p>\n\n\n<figure class=\"wp-block-image size-large\"><a href=\"https:\/\/photos.app.goo.gl\/dDkj3GostUcCgj5aA\" target=\"_blank\" rel=\"noopener\"><img loading=\"lazy\" decoding=\"async\" width=\"1024\" height=\"287\" src=\"https:\/\/sare.eus\/wp-content\/uploads\/2023\/01\/GALERIAK_Mesa-de-trabajo-1-1024x287.jpg\" alt=\"\" class=\"wp-image-4730\" srcset=\"https:\/\/sare.eus\/wp-content\/uploads\/2023\/01\/GALERIAK_Mesa-de-trabajo-1-1024x287.jpg 1024w, https:\/\/sare.eus\/wp-content\/uploads\/2023\/01\/GALERIAK_Mesa-de-trabajo-1-300x84.jpg 300w, https:\/\/sare.eus\/wp-content\/uploads\/2023\/01\/GALERIAK_Mesa-de-trabajo-1-768x215.jpg 768w, https:\/\/sare.eus\/wp-content\/uploads\/2023\/01\/GALERIAK_Mesa-de-trabajo-1-1080x303.jpg 1080w, https:\/\/sare.eus\/wp-content\/uploads\/2023\/01\/GALERIAK_Mesa-de-trabajo-1.jpg 1084w\" sizes=\"(max-width: 1024px) 100vw, 1024px\" \/><\/a><\/figure>\n\n\n<hr>\n<p><a href=\"https:\/\/photos.app.goo.gl\/BqnPKNZg4qP8uesdA\" target=\"_blank\" rel=\"noopener\"><strong>Fotos de la movilizaci\u00f3n de la Tarde&nbsp;<\/strong><\/a><\/p>\n\n\n<figure class=\"wp-block-image size-large\"><a href=\"https:\/\/photos.app.goo.gl\/BqnPKNZg4qP8uesdA\" target=\"_blank\" rel=\"noopener\"><img loading=\"lazy\" decoding=\"async\" width=\"1024\" height=\"287\" src=\"https:\/\/sare.eus\/wp-content\/uploads\/2023\/01\/GALERIAK-02-1024x287.jpg\" alt=\"\" class=\"wp-image-4735\" srcset=\"https:\/\/sare.eus\/wp-content\/uploads\/2023\/01\/GALERIAK-02-1024x287.jpg 1024w, https:\/\/sare.eus\/wp-content\/uploads\/2023\/01\/GALERIAK-02-300x84.jpg 300w, https:\/\/sare.eus\/wp-content\/uploads\/2023\/01\/GALERIAK-02-768x215.jpg 768w, https:\/\/sare.eus\/wp-content\/uploads\/2023\/01\/GALERIAK-02-1080x303.jpg 1080w, https:\/\/sare.eus\/wp-content\/uploads\/2023\/01\/GALERIAK-02.jpg 1084w\" sizes=\"(max-width: 1024px) 100vw, 1024px\" \/><\/a><\/figure>\n","protected":false},"excerpt":{"rendered":"<p>Ayer las calles de Bilbo, nos confirmaron la voluntad de una gran parte de la sociedad vasca, de avanzar. De poner fin, a la excepcionalidad que a\u00fan se aplica a [&hellip;]<\/p>\n","protected":false},"author":2,"featured_media":4700,"comment_status":"closed","ping_status":"closed","sticky":false,"template":"","format":"standard","meta":{"_acf_changed":false,"_et_pb_use_builder":"off","_et_pb_old_content":"","_et_gb_content_width":"","footnotes":""},"categories":[60],"tags":[],"class_list":["post-4707","post","type-post","status-publish","format-standard","has-post-thumbnail","hentry","category-etxera-es","et-has-post-format-content","et_post_format-et-post-format-standard"],"acf":[],"yoast_head":"<!-- This site is optimized with the Yoast SEO plugin v26.4 - https:\/\/yoast.com\/wordpress\/plugins\/seo\/ -->\n<title>Valoraci\u00f3n DE LA JORNADA DE AYER EN bILBO - Sare Herritarra<\/title>\n<meta name=\"robots\" content=\"index, follow, max-snippet:-1, max-image-preview:large, max-video-preview:-1\" \/>\n<link rel=\"canonical\" href=\"https:\/\/sare.eus\/es\/valoracion-7-de-enero\/\" \/>\n<meta property=\"og:locale\" content=\"es_ES\" \/>\n<meta property=\"og:type\" content=\"article\" \/>\n<meta property=\"og:title\" content=\"Valoraci\u00f3n DE LA JORNADA DE AYER EN bILBO - Sare Herritarra\" \/>\n<meta property=\"og:description\" content=\"Ayer las calles de Bilbo, nos confirmaron la voluntad de una gran parte de la sociedad vasca, de avanzar. De poner fin, a la excepcionalidad que a\u00fan se aplica a [&hellip;]\" \/>\n<meta property=\"og:url\" content=\"https:\/\/sare.eus\/es\/valoracion-7-de-enero\/\" \/>\n<meta property=\"og:site_name\" content=\"Sare Herritarra\" \/>\n<meta property=\"article:published_time\" content=\"2023-01-08T17:47:15+00:00\" \/>\n<meta property=\"article:modified_time\" content=\"2023-01-09T21:03:29+00:00\" \/>\n<meta property=\"og:image\" content=\"https:\/\/sare.eus\/wp-content\/uploads\/2023\/01\/wen-balorazioa-scaled.jpg\" \/>\n\t<meta property=\"og:image:width\" content=\"2560\" \/>\n\t<meta property=\"og:image:height\" content=\"1707\" \/>\n\t<meta property=\"og:image:type\" content=\"image\/jpeg\" \/>\n<meta name=\"author\" content=\"sare\" \/>\n<meta name=\"twitter:card\" content=\"summary_large_image\" \/>\n<meta name=\"twitter:label1\" content=\"Escrito por\" \/>\n\t<meta name=\"twitter:data1\" content=\"sare\" \/>\n\t<meta name=\"twitter:label2\" content=\"Tiempo de lectura\" \/>\n\t<meta name=\"twitter:data2\" content=\"2 minutos\" \/>\n<script type=\"application\/ld+json\" class=\"yoast-schema-graph\">{\"@context\":\"https:\/\/schema.org\",\"@graph\":[{\"@type\":\"Article\",\"@id\":\"https:\/\/sare.eus\/es\/valoracion-7-de-enero\/#article\",\"isPartOf\":{\"@id\":\"https:\/\/sare.eus\/es\/valoracion-7-de-enero\/\"},\"author\":{\"name\":\"sare\",\"@id\":\"https:\/\/sare.eus\/#\/schema\/person\/2fe6d0df294f56313d3ab236dbe38e17\"},\"headline\":\"Valoraci\u00f3n DE LA JORNADA DE AYER EN bILBO\",\"datePublished\":\"2023-01-08T17:47:15+00:00\",\"dateModified\":\"2023-01-09T21:03:29+00:00\",\"mainEntityOfPage\":{\"@id\":\"https:\/\/sare.eus\/es\/valoracion-7-de-enero\/\"},\"wordCount\":555,\"publisher\":{\"@id\":\"https:\/\/sare.eus\/#organization\"},\"image\":{\"@id\":\"https:\/\/sare.eus\/es\/valoracion-7-de-enero\/#primaryimage\"},\"thumbnailUrl\":\"https:\/\/sare.eus\/wp-content\/uploads\/2023\/01\/wen-balorazioa-scaled.jpg\",\"articleSection\":[\"Etxera\"],\"inLanguage\":\"es\"},{\"@type\":\"WebPage\",\"@id\":\"https:\/\/sare.eus\/es\/valoracion-7-de-enero\/\",\"url\":\"https:\/\/sare.eus\/es\/valoracion-7-de-enero\/\",\"name\":\"Valoraci\u00f3n DE LA JORNADA DE AYER EN bILBO - Sare Herritarra\",\"isPartOf\":{\"@id\":\"https:\/\/sare.eus\/#website\"},\"primaryImageOfPage\":{\"@id\":\"https:\/\/sare.eus\/es\/valoracion-7-de-enero\/#primaryimage\"},\"image\":{\"@id\":\"https:\/\/sare.eus\/es\/valoracion-7-de-enero\/#primaryimage\"},\"thumbnailUrl\":\"https:\/\/sare.eus\/wp-content\/uploads\/2023\/01\/wen-balorazioa-scaled.jpg\",\"datePublished\":\"2023-01-08T17:47:15+00:00\",\"dateModified\":\"2023-01-09T21:03:29+00:00\",\"breadcrumb\":{\"@id\":\"https:\/\/sare.eus\/es\/valoracion-7-de-enero\/#breadcrumb\"},\"inLanguage\":\"es\",\"potentialAction\":[{\"@type\":\"ReadAction\",\"target\":[\"https:\/\/sare.eus\/es\/valoracion-7-de-enero\/\"]}]},{\"@type\":\"ImageObject\",\"inLanguage\":\"es\",\"@id\":\"https:\/\/sare.eus\/es\/valoracion-7-de-enero\/#primaryimage\",\"url\":\"https:\/\/sare.eus\/wp-content\/uploads\/2023\/01\/wen-balorazioa-scaled.jpg\",\"contentUrl\":\"https:\/\/sare.eus\/wp-content\/uploads\/2023\/01\/wen-balorazioa-scaled.jpg\",\"width\":2560,\"height\":1707},{\"@type\":\"BreadcrumbList\",\"@id\":\"https:\/\/sare.eus\/es\/valoracion-7-de-enero\/#breadcrumb\",\"itemListElement\":[{\"@type\":\"ListItem\",\"position\":1,\"name\":\"Home\",\"item\":\"https:\/\/sare.eus\/\"},{\"@type\":\"ListItem\",\"position\":2,\"name\":\"Valoraci\u00f3n DE LA JORNADA DE AYER EN bILBO\"}]},{\"@type\":\"WebSite\",\"@id\":\"https:\/\/sare.eus\/#website\",\"url\":\"https:\/\/sare.eus\/\",\"name\":\"Sare Herritarra\",\"description\":\"KONPONBIDEAREN ETA GIZA ESKUBIDEEN ALDEKO SARE HERRITARRA\",\"publisher\":{\"@id\":\"https:\/\/sare.eus\/#organization\"},\"potentialAction\":[{\"@type\":\"SearchAction\",\"target\":{\"@type\":\"EntryPoint\",\"urlTemplate\":\"https:\/\/sare.eus\/?s={search_term_string}\"},\"query-input\":{\"@type\":\"PropertyValueSpecification\",\"valueRequired\":true,\"valueName\":\"search_term_string\"}}],\"inLanguage\":\"es\"},{\"@type\":\"Organization\",\"@id\":\"https:\/\/sare.eus\/#organization\",\"name\":\"Sare Herritarra\",\"url\":\"https:\/\/sare.eus\/\",\"logo\":{\"@type\":\"ImageObject\",\"inLanguage\":\"es\",\"@id\":\"https:\/\/sare.eus\/#\/schema\/logo\/image\/\",\"url\":\"https:\/\/sare.eus\/wp-content\/uploads\/2021\/08\/sare.png\",\"contentUrl\":\"https:\/\/sare.eus\/wp-content\/uploads\/2021\/08\/sare.png\",\"width\":120,\"height\":142,\"caption\":\"Sare Herritarra\"},\"image\":{\"@id\":\"https:\/\/sare.eus\/#\/schema\/logo\/image\/\"}},{\"@type\":\"Person\",\"@id\":\"https:\/\/sare.eus\/#\/schema\/person\/2fe6d0df294f56313d3ab236dbe38e17\",\"name\":\"sare\",\"image\":{\"@type\":\"ImageObject\",\"inLanguage\":\"es\",\"@id\":\"https:\/\/sare.eus\/#\/schema\/person\/image\/\",\"url\":\"https:\/\/secure.gravatar.com\/avatar\/77cad838677ceb1977e7b3c878b55eaa7fa4aae2158983063b047c3ad7ef2c25?s=96&d=mm&r=g\",\"contentUrl\":\"https:\/\/secure.gravatar.com\/avatar\/77cad838677ceb1977e7b3c878b55eaa7fa4aae2158983063b047c3ad7ef2c25?s=96&d=mm&r=g\",\"caption\":\"sare\"},\"url\":\"https:\/\/sare.eus\/es\/author\/sare\/\"}]}<\/script>\n<!-- \/ Yoast SEO plugin. -->","yoast_head_json":{"title":"Valoraci\u00f3n DE LA JORNADA DE AYER EN bILBO - Sare Herritarra","robots":{"index":"index","follow":"follow","max-snippet":"max-snippet:-1","max-image-preview":"max-image-preview:large","max-video-preview":"max-video-preview:-1"},"canonical":"https:\/\/sare.eus\/es\/valoracion-7-de-enero\/","og_locale":"es_ES","og_type":"article","og_title":"Valoraci\u00f3n DE LA JORNADA DE AYER EN bILBO - Sare Herritarra","og_description":"Ayer las calles de Bilbo, nos confirmaron la voluntad de una gran parte de la sociedad vasca, de avanzar. De poner fin, a la excepcionalidad que a\u00fan se aplica a [&hellip;]","og_url":"https:\/\/sare.eus\/es\/valoracion-7-de-enero\/","og_site_name":"Sare Herritarra","article_published_time":"2023-01-08T17:47:15+00:00","article_modified_time":"2023-01-09T21:03:29+00:00","og_image":[{"width":2560,"height":1707,"url":"https:\/\/sare.eus\/wp-content\/uploads\/2023\/01\/wen-balorazioa-scaled.jpg","type":"image\/jpeg"}],"author":"sare","twitter_card":"summary_large_image","twitter_misc":{"Escrito por":"sare","Tiempo de lectura":"2 minutos"},"schema":{"@context":"https:\/\/schema.org","@graph":[{"@type":"Article","@id":"https:\/\/sare.eus\/es\/valoracion-7-de-enero\/#article","isPartOf":{"@id":"https:\/\/sare.eus\/es\/valoracion-7-de-enero\/"},"author":{"name":"sare","@id":"https:\/\/sare.eus\/#\/schema\/person\/2fe6d0df294f56313d3ab236dbe38e17"},"headline":"Valoraci\u00f3n DE LA JORNADA DE AYER EN bILBO","datePublished":"2023-01-08T17:47:15+00:00","dateModified":"2023-01-09T21:03:29+00:00","mainEntityOfPage":{"@id":"https:\/\/sare.eus\/es\/valoracion-7-de-enero\/"},"wordCount":555,"publisher":{"@id":"https:\/\/sare.eus\/#organization"},"image":{"@id":"https:\/\/sare.eus\/es\/valoracion-7-de-enero\/#primaryimage"},"thumbnailUrl":"https:\/\/sare.eus\/wp-content\/uploads\/2023\/01\/wen-balorazioa-scaled.jpg","articleSection":["Etxera"],"inLanguage":"es"},{"@type":"WebPage","@id":"https:\/\/sare.eus\/es\/valoracion-7-de-enero\/","url":"https:\/\/sare.eus\/es\/valoracion-7-de-enero\/","name":"Valoraci\u00f3n DE LA JORNADA DE AYER EN bILBO - Sare Herritarra","isPartOf":{"@id":"https:\/\/sare.eus\/#website"},"primaryImageOfPage":{"@id":"https:\/\/sare.eus\/es\/valoracion-7-de-enero\/#primaryimage"},"image":{"@id":"https:\/\/sare.eus\/es\/valoracion-7-de-enero\/#primaryimage"},"thumbnailUrl":"https:\/\/sare.eus\/wp-content\/uploads\/2023\/01\/wen-balorazioa-scaled.jpg","datePublished":"2023-01-08T17:47:15+00:00","dateModified":"2023-01-09T21:03:29+00:00","breadcrumb":{"@id":"https:\/\/sare.eus\/es\/valoracion-7-de-enero\/#breadcrumb"},"inLanguage":"es","potentialAction":[{"@type":"ReadAction","target":["https:\/\/sare.eus\/es\/valoracion-7-de-enero\/"]}]},{"@type":"ImageObject","inLanguage":"es","@id":"https:\/\/sare.eus\/es\/valoracion-7-de-enero\/#primaryimage","url":"https:\/\/sare.eus\/wp-content\/uploads\/2023\/01\/wen-balorazioa-scaled.jpg","contentUrl":"https:\/\/sare.eus\/wp-content\/uploads\/2023\/01\/wen-balorazioa-scaled.jpg","width":2560,"height":1707},{"@type":"BreadcrumbList","@id":"https:\/\/sare.eus\/es\/valoracion-7-de-enero\/#breadcrumb","itemListElement":[{"@type":"ListItem","position":1,"name":"Home","item":"https:\/\/sare.eus\/"},{"@type":"ListItem","position":2,"name":"Valoraci\u00f3n DE LA JORNADA DE AYER EN bILBO"}]},{"@type":"WebSite","@id":"https:\/\/sare.eus\/#website","url":"https:\/\/sare.eus\/","name":"Sare Herritarra","description":"KONPONBIDEAREN ETA GIZA ESKUBIDEEN ALDEKO SARE HERRITARRA","publisher":{"@id":"https:\/\/sare.eus\/#organization"},"potentialAction":[{"@type":"SearchAction","target":{"@type":"EntryPoint","urlTemplate":"https:\/\/sare.eus\/?s={search_term_string}"},"query-input":{"@type":"PropertyValueSpecification","valueRequired":true,"valueName":"search_term_string"}}],"inLanguage":"es"},{"@type":"Organization","@id":"https:\/\/sare.eus\/#organization","name":"Sare Herritarra","url":"https:\/\/sare.eus\/","logo":{"@type":"ImageObject","inLanguage":"es","@id":"https:\/\/sare.eus\/#\/schema\/logo\/image\/","url":"https:\/\/sare.eus\/wp-content\/uploads\/2021\/08\/sare.png","contentUrl":"https:\/\/sare.eus\/wp-content\/uploads\/2021\/08\/sare.png","width":120,"height":142,"caption":"Sare Herritarra"},"image":{"@id":"https:\/\/sare.eus\/#\/schema\/logo\/image\/"}},{"@type":"Person","@id":"https:\/\/sare.eus\/#\/schema\/person\/2fe6d0df294f56313d3ab236dbe38e17","name":"sare","image":{"@type":"ImageObject","inLanguage":"es","@id":"https:\/\/sare.eus\/#\/schema\/person\/image\/","url":"https:\/\/secure.gravatar.com\/avatar\/77cad838677ceb1977e7b3c878b55eaa7fa4aae2158983063b047c3ad7ef2c25?s=96&d=mm&r=g","contentUrl":"https:\/\/secure.gravatar.com\/avatar\/77cad838677ceb1977e7b3c878b55eaa7fa4aae2158983063b047c3ad7ef2c25?s=96&d=mm&r=g","caption":"sare"},"url":"https:\/\/sare.eus\/es\/author\/sare\/"}]}},"_links":{"self":[{"href":"https:\/\/sare.eus\/es\/wp-json\/wp\/v2\/posts\/4707","targetHints":{"allow":["GET"]}}],"collection":[{"href":"https:\/\/sare.eus\/es\/wp-json\/wp\/v2\/posts"}],"about":[{"href":"https:\/\/sare.eus\/es\/wp-json\/wp\/v2\/types\/post"}],"author":[{"embeddable":true,"href":"https:\/\/sare.eus\/es\/wp-json\/wp\/v2\/users\/2"}],"replies":[{"embeddable":true,"href":"https:\/\/sare.eus\/es\/wp-json\/wp\/v2\/comments?post=4707"}],"version-history":[{"count":14,"href":"https:\/\/sare.eus\/es\/wp-json\/wp\/v2\/posts\/4707\/revisions"}],"predecessor-version":[{"id":4748,"href":"https:\/\/sare.eus\/es\/wp-json\/wp\/v2\/posts\/4707\/revisions\/4748"}],"wp:featuredmedia":[{"embeddable":true,"href":"https:\/\/sare.eus\/es\/wp-json\/wp\/v2\/media\/4700"}],"wp:attachment":[{"href":"https:\/\/sare.eus\/es\/wp-json\/wp\/v2\/media?parent=4707"}],"wp:term":[{"taxonomy":"category","embeddable":true,"href":"https:\/\/sare.eus\/es\/wp-json\/wp\/v2\/categories?post=4707"},{"taxonomy":"post_tag","embeddable":true,"href":"https:\/\/sare.eus\/es\/wp-json\/wp\/v2\/tags?post=4707"}],"curies":[{"name":"wp","href":"https:\/\/api.w.org\/{rel}","templated":true}]}}