{"id":4685,"date":"2023-01-07T19:02:31","date_gmt":"2023-01-07T19:02:31","guid":{"rendered":"https:\/\/sare.eus\/milaka-prestona-elakrtu-gara-gaur-bilbo-mila-esker\/"},"modified":"2023-01-07T20:13:59","modified_gmt":"2023-01-07T20:13:59","slug":"milaka-pertsona-elkartu-gara-gaur-bilbo-mila-esker","status":"publish","type":"post","link":"https:\/\/sare.eus\/es\/milaka-pertsona-elkartu-gara-gaur-bilbo-mila-esker\/","title":{"rendered":"MILES DE PERSONAS NOS hemos JUNTAdo HOY EN BILBAO, eskarrik asko!"},"content":{"rendered":"\n<p><\/p>\n\n\n<p class=\"western\" align=\"justify\"><span style=\"font-family: Matter, monospace;\"><span style=\"font-size: medium;\">Han pasado 34 a\u00f1os desde aquel noviembre de 1988, cuando Madrid, puso en funcionamiento la pol\u00edtica de alejamiento y dispersi\u00f3n contra las presas y presos vascos y sus familias. Hoy, ante miles y miles de ciudadanos llegados desde todos los rincones de Euskal Herria, podemos decir que nos ha costado, pero que hemos ganado esta etapa. Y la hemos ganado entre todos y todas. <\/span><\/span><\/p>\n<p class=\"western\" align=\"justify\"><span style=\"font-family: Matter, monospace;\"><span style=\"font-size: medium;\">No tuvieron en cuenta la firme voluntad de la sociedad vasca de plantar cara, democr\u00e1ticamente, a esta vulneraci\u00f3n de derechos.<\/span><\/span><\/p>\n<p class=\"western\" align=\"justify\"><span style=\"font-family: Matter, monospace;\"><span style=\"font-size: medium;\">En ese camino de centenares de miles de kil\u00f3metros recorridos, ha habido mucho sufrimiento, un importante da\u00f1o moral y un fuerte coste econ\u00f3mico para que ni una sola semana, ning\u00fan preso y presa se quedar\u00e1 sin la visita de los suyos.<\/span><\/span><\/p>\n<p class=\"western\" align=\"justify\"><span style=\"font-family: Matter, monospace;\"><span style=\"font-size: medium;\">Por ello, hoy, comenzamos por el agradecimiento y el recuerdo.<\/span><\/span><\/p>\n<p class=\"western\" align=\"justify\"><span style=\"font-family: Matter, monospace;\"><span style=\"font-size: medium;\">El agradecimiento a la sociedad vasca por su generosidad y su apuesta en contra de las vulneraciones de derechos. Agradecimientos a quienes en la carretera con Mirentxin o en las calles con su apoyo, han conseguido mantener la llama de la reivindicaci\u00f3n y de la solidaridad, durante m\u00e1s de tres d\u00e9cadas.<\/span><\/span><\/p>\n<p class=\"western\" align=\"justify\"><span style=\"font-family: Matter, monospace;\"><span style=\"font-size: medium;\">El recuerdo para quienes perdieron la vida en las carreteras cuando iban o ven\u00edan de visitar a sus familiares presos. En nuestra memoria siempre estar\u00e1n Ruben Garate, Argi Iturralde, I\u00f1aki Balerdi, Antonia Fernandez, Mari Carmen Salbide, Leo Esteban, Jose Mari Maruri, Pilar Arsuaga, Alfonso Isasi, I\u00f1aki Saez, Asier Heriz, Sara Fernandez, Karmele Solaguren, Natividad Junco, Rosa Amezaga, Arantza Amezaga. V\u00edctimas todas ellas de esta pol\u00edtica penitenciaria de alejamiento. Beti Gogoan!!!<\/span><\/span><\/p>\n<p class=\"western\" align=\"justify\"><span style=\"font-family: Matter, monospace;\"><span style=\"font-size: medium;\">El 8 de octubre en Donostia os animamos a cambiar el rostro de preocupaci\u00f3n de nuestras caras por una mirada y una expresi\u00f3n de esperanza, y tambi\u00e9n de satisfacci\u00f3n. Esperanza y satisfaci\u00f3n porque vamos ganando la batalla contra la venganza. Porque estamos ganando la batalla contra el odio y la revancha. Porque creemos en nuestras propias fuerzas y adem\u00e1s continuamos avanzando. Lentamente, pero avanzamos. <\/span><\/span><\/p>\n<p class=\"western\" align=\"justify\"><span style=\"font-family: Matter, monospace;\"><span style=\"font-size: medium;\">Este pueblo, con sus gentes y junto con la mayor\u00eda pol\u00edtica y la unanimidad sindical, ya tom\u00f3 la decisi\u00f3n hace mucho tiempo y se comprometi\u00f3 a que los presos y presas vascas iniciaran el camino de regreso a casa, por derecho propio y en aras de la convivencia.Que los estados lo pusieran en marcha era nuestro objetivo.<\/span><\/span><\/p>\n<p class=\"western\" align=\"justify\"><span style=\"font-family: Matter, monospace;\"><span style=\"font-size: medium;\">El futuro es nuestro, pero tenemos que continuar construy\u00e9ndolo y decidi\u00e9ndolo desde aqu\u00ed. Estas personas son parte de esta sociedad y es este pueblo qui\u00e9n debe poder decidir c\u00f3mo y cu\u00e1ndo vuelven a sus casas y se reincorporan a la sociedad. <\/span><\/span><\/p>\n<p class=\"western\" align=\"justify\"><span style=\"font-family: Matter, monospace;\"><span style=\"font-size: medium;\">Sin duda, todas las v\u00edctimas de todas las violencias sufridas en Euskal Herria merecen nuestro respeto en su dolor y un trato igualitario por parte de los Gobiernos. Es m\u00e1s, mientras no busquemos una soluci\u00f3n al problema de las v\u00edctimas y se les traslade el debido respeto desde la sociedad, y mientras no busquemos una soluci\u00f3n a la situaci\u00f3n de los presos y presas vascos, no podremos hablar de convivencia. <\/span><\/span><\/p>\n<p class=\"western\" align=\"justify\"><span style=\"font-family: Matter, monospace;\"><span style=\"font-size: medium;\">Este es el reto que tenemos por delante y la Red Ciudadana SARE y BAKE BIDEA est\u00e1n dispuesta a asumir el compromiso de ser parte activa en la RESOLUCI\u00d3N.<\/span><\/span><\/p>\n<p class=\"western\" align=\"justify\"><span style=\"font-family: Matter, monospace;\"><span style=\"font-size: medium;\">Son muchos e importantes los obst\u00e1culos que tenemos por delante, que tratan de impedir que este pa\u00eds pueda avanzar hacia una verdadera paz y convivencia. <\/span><\/span><\/p>\n<p class=\"western\" align=\"justify\"><span style=\"font-family: Matter, monospace;\"><span style=\"font-size: medium;\">Y entre estos obst\u00e1culos, tiene un papel protagonista los juzgados de excepci\u00f3n y la fiscalia, que, desde el af\u00e1n de revancha, decide, a cientos de kms. de distancia, sobre la libertad o no de personas de las que poco sabe y que no le interesan. Lo hace adem\u00e1s, obviando las decisiones de quienes en los centros penitenciarios conocen la evoluci\u00f3n positiva de estas personas privadas de libertad por largos a\u00f1os de condena.<\/span><\/span><\/p>\n<p class=\"western\" align=\"justify\"><span style=\"font-family: Matter, monospace;\"><span style=\"font-size: medium;\">Ejercer la soberan\u00eda es tambi\u00e9n poder tomar desde aqu\u00ed decisiones sobre estas personas. Esto es lo democratico.<\/span><\/span><\/p>\n<p class=\"western\" align=\"justify\"><span style=\"font-family: Matter, monospace;\"><span style=\"font-size: medium;\">De ah\u00ed el lema de la manifestaci\u00f3n de este a\u00f1o: ETXERA BIDEA GERTU!!! Nada mejor que estas palabras para reflejar el sentir que mueve nuestra voluntad de avanzar. <\/span><\/span><\/p>\n<p class=\"western\" align=\"justify\"><span style=\"font-family: Matter, monospace;\"><span style=\"font-size: medium;\">Y esto lo tenemos que hacer juntos y juntas. Creando espacios de convivencia. Una convivencia que anhela la sociedad vasca, tras d\u00e9cadas de confrontaci\u00f3n y violencia. Buscamos cerrar el ciclo de violencias y represi\u00f3n, para entrar en el ciclo de la pacificaci\u00f3n, la convivencia y la resoluci\u00f3n.<\/span><\/span><\/p>\n<p class=\"western\" align=\"justify\"><span style=\"font-family: Matter, monospace;\"><span style=\"font-size: medium;\">No se puede continuar subordinando la agenda de los Derechos Humanos a la conveniencia partidista y a la raz\u00f3n de Estado. Los Derechos humanos no son parcelables. Son un todo, incluida la empat\u00eda con quienes han sufrido la acci\u00f3n de las diferentes violencias en nuestro pueblo.<\/span><\/span><\/p>\n<p class=\"western\" align=\"justify\"><span style=\"font-family: Matter, monospace;\"><span style=\"font-size: medium;\">Ello nos lleva a rechazar el af\u00e1n de venganza de quienes contin\u00faan retorciendo las leyes para infligir un mayor castigo hacia hombres y mujeres, que llevan d\u00e9cadas privadas de libertad y en condiciones manifiestamente mejorables, mientras observamos como no hay nadie en la c\u00e1rcel por torturar o por cr\u00edmenes de Estado.<\/span><\/span><\/p>\n<p class=\"western\" align=\"justify\"><span style=\"font-family: Matter, monospace;\"><span style=\"font-size: medium;\">Desde Baiona a Altsatsu; desde Kuartango a Lizarra, desde Oion a Lekeitio, desde Baigorri a Santurtzi, desde Oiartzun a Gasteiz, desde Catalunya, Galizia o Espa\u00f1a, hoy, quienes estamos aqu\u00ed queremos demostrar nuestra solidaridad y compromiso.<\/span><\/span><\/p>\n<p class=\"western\" align=\"justify\"><span style=\"font-family: Matter, monospace;\"><span style=\"font-size: medium;\">Solidaridad con los presos\/as vascos y sus familias, solidaridad y empat\u00eda con las v\u00edctimas de todas las violencias y compromiso, como Red Ciudadana SARE y BAKE BIDEA , en seguir trabajando para poner fin a una situaci\u00f3n que por injusta a todos nos duele.<\/span><\/span><\/p>\n<p class=\"western\" align=\"justify\"><span style=\"font-family: Matter, monospace;\"><span style=\"font-size: medium;\">Hemos demostrado que esta sociedad necesita mirar al futuro, necesita acabar con el sufrimiento; y para ello solo la movilizaci\u00f3n social y la voluntad de la mayor\u00eda pol\u00edtica y sindical vasca puede allanar el camino de la libertad. <\/span><\/span><\/p>\n<p class=\"western\" align=\"justify\"><span style=\"font-family: Matter Heavy, monospace;\"><span style=\"font-size: medium;\">BAI BAI eta BAI: ETXERA BIDEA GERTU.<\/span><\/span><\/p>\n<p class=\"western\" align=\"justify\"><span style=\"font-family: Matter Heavy, monospace;\"><span style=\"font-size: medium;\">PRESOS Y PRESAS, IHESLARIAK ETA DEPORTATUAK, ETXERA. <\/span><\/span><\/p>\n<p class=\"western\" align=\"justify\"><span style=\"font-family: Matter Heavy, monospace;\"><span style=\"font-size: medium;\">DENOK BATERA LORTUKO DUGU<\/span><\/span><\/p>","protected":false},"excerpt":{"rendered":"<p>Han pasado 34 a\u00f1os desde aquel noviembre de 1988, cuando Madrid, puso en funcionamiento la pol\u00edtica de alejamiento y dispersi\u00f3n contra las presas y presos vascos y sus familias. Hoy, [&hellip;]<\/p>\n","protected":false},"author":2,"featured_media":4682,"comment_status":"closed","ping_status":"closed","sticky":false,"template":"","format":"standard","meta":{"_acf_changed":false,"_et_pb_use_builder":"off","_et_pb_old_content":"","_et_gb_content_width":"","footnotes":""},"categories":[60],"tags":[],"class_list":["post-4685","post","type-post","status-publish","format-standard","has-post-thumbnail","hentry","category-etxera-es","et-has-post-format-content","et_post_format-et-post-format-standard"],"acf":[],"yoast_head":"<!-- This site is optimized with the Yoast SEO plugin v26.4 - https:\/\/yoast.com\/wordpress\/plugins\/seo\/ -->\n<title>MILES DE PERSONAS NOS hemos JUNTAdo HOY EN BILBAO, eskarrik asko! - Sare Herritarra<\/title>\n<meta name=\"robots\" content=\"index, follow, max-snippet:-1, max-image-preview:large, max-video-preview:-1\" \/>\n<link rel=\"canonical\" href=\"https:\/\/sare.eus\/es\/milaka-pertsona-elkartu-gara-gaur-bilbo-mila-esker\/\" \/>\n<meta property=\"og:locale\" content=\"es_ES\" \/>\n<meta property=\"og:type\" content=\"article\" \/>\n<meta property=\"og:title\" content=\"MILES DE PERSONAS NOS hemos JUNTAdo HOY EN BILBAO, eskarrik asko! - Sare Herritarra\" \/>\n<meta property=\"og:description\" content=\"Han pasado 34 a\u00f1os desde aquel noviembre de 1988, cuando Madrid, puso en funcionamiento la pol\u00edtica de alejamiento y dispersi\u00f3n contra las presas y presos vascos y sus familias. Hoy, [&hellip;]\" \/>\n<meta property=\"og:url\" content=\"https:\/\/sare.eus\/es\/milaka-pertsona-elkartu-gara-gaur-bilbo-mila-esker\/\" \/>\n<meta property=\"og:site_name\" content=\"Sare Herritarra\" \/>\n<meta property=\"article:published_time\" content=\"2023-01-07T19:02:31+00:00\" \/>\n<meta property=\"article:modified_time\" content=\"2023-01-07T20:13:59+00:00\" \/>\n<meta property=\"og:image\" content=\"https:\/\/sare.eus\/wp-content\/uploads\/2023\/01\/photo_2023-01-07_19-59-05.jpg\" \/>\n\t<meta property=\"og:image:width\" content=\"1280\" \/>\n\t<meta property=\"og:image:height\" content=\"853\" \/>\n\t<meta property=\"og:image:type\" content=\"image\/jpeg\" \/>\n<meta name=\"author\" content=\"sare\" \/>\n<meta name=\"twitter:card\" content=\"summary_large_image\" \/>\n<meta name=\"twitter:label1\" content=\"Escrito por\" \/>\n\t<meta name=\"twitter:data1\" content=\"sare\" \/>\n\t<meta name=\"twitter:label2\" content=\"Tiempo de lectura\" \/>\n\t<meta name=\"twitter:data2\" content=\"6 minutos\" \/>\n<script type=\"application\/ld+json\" class=\"yoast-schema-graph\">{\"@context\":\"https:\/\/schema.org\",\"@graph\":[{\"@type\":\"Article\",\"@id\":\"https:\/\/sare.eus\/es\/milaka-pertsona-elkartu-gara-gaur-bilbo-mila-esker\/#article\",\"isPartOf\":{\"@id\":\"https:\/\/sare.eus\/es\/milaka-pertsona-elkartu-gara-gaur-bilbo-mila-esker\/\"},\"author\":{\"name\":\"sare\",\"@id\":\"https:\/\/sare.eus\/#\/schema\/person\/2fe6d0df294f56313d3ab236dbe38e17\"},\"headline\":\"MILES DE PERSONAS NOS hemos JUNTAdo HOY EN BILBAO, eskarrik asko!\",\"datePublished\":\"2023-01-07T19:02:31+00:00\",\"dateModified\":\"2023-01-07T20:13:59+00:00\",\"mainEntityOfPage\":{\"@id\":\"https:\/\/sare.eus\/es\/milaka-pertsona-elkartu-gara-gaur-bilbo-mila-esker\/\"},\"wordCount\":1019,\"publisher\":{\"@id\":\"https:\/\/sare.eus\/#organization\"},\"image\":{\"@id\":\"https:\/\/sare.eus\/es\/milaka-pertsona-elkartu-gara-gaur-bilbo-mila-esker\/#primaryimage\"},\"thumbnailUrl\":\"https:\/\/sare.eus\/wp-content\/uploads\/2023\/01\/photo_2023-01-07_19-59-05.jpg\",\"articleSection\":[\"Etxera\"],\"inLanguage\":\"es\"},{\"@type\":\"WebPage\",\"@id\":\"https:\/\/sare.eus\/es\/milaka-pertsona-elkartu-gara-gaur-bilbo-mila-esker\/\",\"url\":\"https:\/\/sare.eus\/es\/milaka-pertsona-elkartu-gara-gaur-bilbo-mila-esker\/\",\"name\":\"MILES DE PERSONAS NOS hemos JUNTAdo HOY EN BILBAO, eskarrik asko! - Sare Herritarra\",\"isPartOf\":{\"@id\":\"https:\/\/sare.eus\/#website\"},\"primaryImageOfPage\":{\"@id\":\"https:\/\/sare.eus\/es\/milaka-pertsona-elkartu-gara-gaur-bilbo-mila-esker\/#primaryimage\"},\"image\":{\"@id\":\"https:\/\/sare.eus\/es\/milaka-pertsona-elkartu-gara-gaur-bilbo-mila-esker\/#primaryimage\"},\"thumbnailUrl\":\"https:\/\/sare.eus\/wp-content\/uploads\/2023\/01\/photo_2023-01-07_19-59-05.jpg\",\"datePublished\":\"2023-01-07T19:02:31+00:00\",\"dateModified\":\"2023-01-07T20:13:59+00:00\",\"breadcrumb\":{\"@id\":\"https:\/\/sare.eus\/es\/milaka-pertsona-elkartu-gara-gaur-bilbo-mila-esker\/#breadcrumb\"},\"inLanguage\":\"es\",\"potentialAction\":[{\"@type\":\"ReadAction\",\"target\":[\"https:\/\/sare.eus\/es\/milaka-pertsona-elkartu-gara-gaur-bilbo-mila-esker\/\"]}]},{\"@type\":\"ImageObject\",\"inLanguage\":\"es\",\"@id\":\"https:\/\/sare.eus\/es\/milaka-pertsona-elkartu-gara-gaur-bilbo-mila-esker\/#primaryimage\",\"url\":\"https:\/\/sare.eus\/wp-content\/uploads\/2023\/01\/photo_2023-01-07_19-59-05.jpg\",\"contentUrl\":\"https:\/\/sare.eus\/wp-content\/uploads\/2023\/01\/photo_2023-01-07_19-59-05.jpg\",\"width\":1280,\"height\":853},{\"@type\":\"BreadcrumbList\",\"@id\":\"https:\/\/sare.eus\/es\/milaka-pertsona-elkartu-gara-gaur-bilbo-mila-esker\/#breadcrumb\",\"itemListElement\":[{\"@type\":\"ListItem\",\"position\":1,\"name\":\"Home\",\"item\":\"https:\/\/sare.eus\/\"},{\"@type\":\"ListItem\",\"position\":2,\"name\":\"MILES DE PERSONAS NOS hemos JUNTAdo HOY EN BILBAO, eskarrik asko!\"}]},{\"@type\":\"WebSite\",\"@id\":\"https:\/\/sare.eus\/#website\",\"url\":\"https:\/\/sare.eus\/\",\"name\":\"Sare Herritarra\",\"description\":\"KONPONBIDEAREN ETA GIZA ESKUBIDEEN ALDEKO SARE HERRITARRA\",\"publisher\":{\"@id\":\"https:\/\/sare.eus\/#organization\"},\"potentialAction\":[{\"@type\":\"SearchAction\",\"target\":{\"@type\":\"EntryPoint\",\"urlTemplate\":\"https:\/\/sare.eus\/?s={search_term_string}\"},\"query-input\":{\"@type\":\"PropertyValueSpecification\",\"valueRequired\":true,\"valueName\":\"search_term_string\"}}],\"inLanguage\":\"es\"},{\"@type\":\"Organization\",\"@id\":\"https:\/\/sare.eus\/#organization\",\"name\":\"Sare Herritarra\",\"url\":\"https:\/\/sare.eus\/\",\"logo\":{\"@type\":\"ImageObject\",\"inLanguage\":\"es\",\"@id\":\"https:\/\/sare.eus\/#\/schema\/logo\/image\/\",\"url\":\"https:\/\/sare.eus\/wp-content\/uploads\/2021\/08\/sare.png\",\"contentUrl\":\"https:\/\/sare.eus\/wp-content\/uploads\/2021\/08\/sare.png\",\"width\":120,\"height\":142,\"caption\":\"Sare Herritarra\"},\"image\":{\"@id\":\"https:\/\/sare.eus\/#\/schema\/logo\/image\/\"}},{\"@type\":\"Person\",\"@id\":\"https:\/\/sare.eus\/#\/schema\/person\/2fe6d0df294f56313d3ab236dbe38e17\",\"name\":\"sare\",\"image\":{\"@type\":\"ImageObject\",\"inLanguage\":\"es\",\"@id\":\"https:\/\/sare.eus\/#\/schema\/person\/image\/\",\"url\":\"https:\/\/secure.gravatar.com\/avatar\/77cad838677ceb1977e7b3c878b55eaa7fa4aae2158983063b047c3ad7ef2c25?s=96&d=mm&r=g\",\"contentUrl\":\"https:\/\/secure.gravatar.com\/avatar\/77cad838677ceb1977e7b3c878b55eaa7fa4aae2158983063b047c3ad7ef2c25?s=96&d=mm&r=g\",\"caption\":\"sare\"},\"url\":\"https:\/\/sare.eus\/es\/author\/sare\/\"}]}<\/script>\n<!-- \/ Yoast SEO plugin. -->","yoast_head_json":{"title":"MILES DE PERSONAS NOS hemos JUNTAdo HOY EN BILBAO, eskarrik asko! - Sare Herritarra","robots":{"index":"index","follow":"follow","max-snippet":"max-snippet:-1","max-image-preview":"max-image-preview:large","max-video-preview":"max-video-preview:-1"},"canonical":"https:\/\/sare.eus\/es\/milaka-pertsona-elkartu-gara-gaur-bilbo-mila-esker\/","og_locale":"es_ES","og_type":"article","og_title":"MILES DE PERSONAS NOS hemos JUNTAdo HOY EN BILBAO, eskarrik asko! - Sare Herritarra","og_description":"Han pasado 34 a\u00f1os desde aquel noviembre de 1988, cuando Madrid, puso en funcionamiento la pol\u00edtica de alejamiento y dispersi\u00f3n contra las presas y presos vascos y sus familias. Hoy, [&hellip;]","og_url":"https:\/\/sare.eus\/es\/milaka-pertsona-elkartu-gara-gaur-bilbo-mila-esker\/","og_site_name":"Sare Herritarra","article_published_time":"2023-01-07T19:02:31+00:00","article_modified_time":"2023-01-07T20:13:59+00:00","og_image":[{"width":1280,"height":853,"url":"https:\/\/sare.eus\/wp-content\/uploads\/2023\/01\/photo_2023-01-07_19-59-05.jpg","type":"image\/jpeg"}],"author":"sare","twitter_card":"summary_large_image","twitter_misc":{"Escrito por":"sare","Tiempo de lectura":"6 minutos"},"schema":{"@context":"https:\/\/schema.org","@graph":[{"@type":"Article","@id":"https:\/\/sare.eus\/es\/milaka-pertsona-elkartu-gara-gaur-bilbo-mila-esker\/#article","isPartOf":{"@id":"https:\/\/sare.eus\/es\/milaka-pertsona-elkartu-gara-gaur-bilbo-mila-esker\/"},"author":{"name":"sare","@id":"https:\/\/sare.eus\/#\/schema\/person\/2fe6d0df294f56313d3ab236dbe38e17"},"headline":"MILES DE PERSONAS NOS hemos JUNTAdo HOY EN BILBAO, eskarrik asko!","datePublished":"2023-01-07T19:02:31+00:00","dateModified":"2023-01-07T20:13:59+00:00","mainEntityOfPage":{"@id":"https:\/\/sare.eus\/es\/milaka-pertsona-elkartu-gara-gaur-bilbo-mila-esker\/"},"wordCount":1019,"publisher":{"@id":"https:\/\/sare.eus\/#organization"},"image":{"@id":"https:\/\/sare.eus\/es\/milaka-pertsona-elkartu-gara-gaur-bilbo-mila-esker\/#primaryimage"},"thumbnailUrl":"https:\/\/sare.eus\/wp-content\/uploads\/2023\/01\/photo_2023-01-07_19-59-05.jpg","articleSection":["Etxera"],"inLanguage":"es"},{"@type":"WebPage","@id":"https:\/\/sare.eus\/es\/milaka-pertsona-elkartu-gara-gaur-bilbo-mila-esker\/","url":"https:\/\/sare.eus\/es\/milaka-pertsona-elkartu-gara-gaur-bilbo-mila-esker\/","name":"MILES DE PERSONAS NOS hemos JUNTAdo HOY EN BILBAO, eskarrik asko! - Sare Herritarra","isPartOf":{"@id":"https:\/\/sare.eus\/#website"},"primaryImageOfPage":{"@id":"https:\/\/sare.eus\/es\/milaka-pertsona-elkartu-gara-gaur-bilbo-mila-esker\/#primaryimage"},"image":{"@id":"https:\/\/sare.eus\/es\/milaka-pertsona-elkartu-gara-gaur-bilbo-mila-esker\/#primaryimage"},"thumbnailUrl":"https:\/\/sare.eus\/wp-content\/uploads\/2023\/01\/photo_2023-01-07_19-59-05.jpg","datePublished":"2023-01-07T19:02:31+00:00","dateModified":"2023-01-07T20:13:59+00:00","breadcrumb":{"@id":"https:\/\/sare.eus\/es\/milaka-pertsona-elkartu-gara-gaur-bilbo-mila-esker\/#breadcrumb"},"inLanguage":"es","potentialAction":[{"@type":"ReadAction","target":["https:\/\/sare.eus\/es\/milaka-pertsona-elkartu-gara-gaur-bilbo-mila-esker\/"]}]},{"@type":"ImageObject","inLanguage":"es","@id":"https:\/\/sare.eus\/es\/milaka-pertsona-elkartu-gara-gaur-bilbo-mila-esker\/#primaryimage","url":"https:\/\/sare.eus\/wp-content\/uploads\/2023\/01\/photo_2023-01-07_19-59-05.jpg","contentUrl":"https:\/\/sare.eus\/wp-content\/uploads\/2023\/01\/photo_2023-01-07_19-59-05.jpg","width":1280,"height":853},{"@type":"BreadcrumbList","@id":"https:\/\/sare.eus\/es\/milaka-pertsona-elkartu-gara-gaur-bilbo-mila-esker\/#breadcrumb","itemListElement":[{"@type":"ListItem","position":1,"name":"Home","item":"https:\/\/sare.eus\/"},{"@type":"ListItem","position":2,"name":"MILES DE PERSONAS NOS hemos JUNTAdo HOY EN BILBAO, eskarrik asko!"}]},{"@type":"WebSite","@id":"https:\/\/sare.eus\/#website","url":"https:\/\/sare.eus\/","name":"Sare Herritarra","description":"KONPONBIDEAREN ETA GIZA ESKUBIDEEN ALDEKO SARE HERRITARRA","publisher":{"@id":"https:\/\/sare.eus\/#organization"},"potentialAction":[{"@type":"SearchAction","target":{"@type":"EntryPoint","urlTemplate":"https:\/\/sare.eus\/?s={search_term_string}"},"query-input":{"@type":"PropertyValueSpecification","valueRequired":true,"valueName":"search_term_string"}}],"inLanguage":"es"},{"@type":"Organization","@id":"https:\/\/sare.eus\/#organization","name":"Sare Herritarra","url":"https:\/\/sare.eus\/","logo":{"@type":"ImageObject","inLanguage":"es","@id":"https:\/\/sare.eus\/#\/schema\/logo\/image\/","url":"https:\/\/sare.eus\/wp-content\/uploads\/2021\/08\/sare.png","contentUrl":"https:\/\/sare.eus\/wp-content\/uploads\/2021\/08\/sare.png","width":120,"height":142,"caption":"Sare Herritarra"},"image":{"@id":"https:\/\/sare.eus\/#\/schema\/logo\/image\/"}},{"@type":"Person","@id":"https:\/\/sare.eus\/#\/schema\/person\/2fe6d0df294f56313d3ab236dbe38e17","name":"sare","image":{"@type":"ImageObject","inLanguage":"es","@id":"https:\/\/sare.eus\/#\/schema\/person\/image\/","url":"https:\/\/secure.gravatar.com\/avatar\/77cad838677ceb1977e7b3c878b55eaa7fa4aae2158983063b047c3ad7ef2c25?s=96&d=mm&r=g","contentUrl":"https:\/\/secure.gravatar.com\/avatar\/77cad838677ceb1977e7b3c878b55eaa7fa4aae2158983063b047c3ad7ef2c25?s=96&d=mm&r=g","caption":"sare"},"url":"https:\/\/sare.eus\/es\/author\/sare\/"}]}},"_links":{"self":[{"href":"https:\/\/sare.eus\/es\/wp-json\/wp\/v2\/posts\/4685","targetHints":{"allow":["GET"]}}],"collection":[{"href":"https:\/\/sare.eus\/es\/wp-json\/wp\/v2\/posts"}],"about":[{"href":"https:\/\/sare.eus\/es\/wp-json\/wp\/v2\/types\/post"}],"author":[{"embeddable":true,"href":"https:\/\/sare.eus\/es\/wp-json\/wp\/v2\/users\/2"}],"replies":[{"embeddable":true,"href":"https:\/\/sare.eus\/es\/wp-json\/wp\/v2\/comments?post=4685"}],"version-history":[{"count":7,"href":"https:\/\/sare.eus\/es\/wp-json\/wp\/v2\/posts\/4685\/revisions"}],"predecessor-version":[{"id":4697,"href":"https:\/\/sare.eus\/es\/wp-json\/wp\/v2\/posts\/4685\/revisions\/4697"}],"wp:featuredmedia":[{"embeddable":true,"href":"https:\/\/sare.eus\/es\/wp-json\/wp\/v2\/media\/4682"}],"wp:attachment":[{"href":"https:\/\/sare.eus\/es\/wp-json\/wp\/v2\/media?parent=4685"}],"wp:term":[{"taxonomy":"category","embeddable":true,"href":"https:\/\/sare.eus\/es\/wp-json\/wp\/v2\/categories?post=4685"},{"taxonomy":"post_tag","embeddable":true,"href":"https:\/\/sare.eus\/es\/wp-json\/wp\/v2\/tags?post=4685"}],"curies":[{"name":"wp","href":"https:\/\/api.w.org\/{rel}","templated":true}]}}