{"id":4678,"date":"2023-01-07T11:57:38","date_gmt":"2023-01-07T11:57:38","guid":{"rendered":"https:\/\/sare.eus\/elkarbizitzarantz-aurrera-eginez\/"},"modified":"2023-01-07T14:02:15","modified_gmt":"2023-01-07T14:02:15","slug":"avanzando-hacia-la-convivencia","status":"publish","type":"post","link":"https:\/\/sare.eus\/es\/avanzando-hacia-la-convivencia\/","title":{"rendered":"AVANZANDO HACIA LA CONVIVENCIA"},"content":{"rendered":"<p>Desde la Red Ciudadana SARE y BAKE BIDEA queremos que nuestras primeras palabras, en este acto, sean de agradecimiento a quienes, desde el \u00e1mbito pol\u00edtico, sindical y social vasco, nos acompa\u00f1\u00e1is hoy y nos hab\u00e9is demostrado vuestro apoyo aun no pudiendo estar hoy, en la b\u00fasqueda de la convivencia, que tanto necesita nuestro Pueblo.<\/p>\n<p>Por ello, eskerrik asko, a quienes signific\u00e1is la mayor\u00eda pol\u00edtica vasca, EAJ\/PNV, EH Bildu y Unidas Podemos. Gracias, tambien, a los representantes de los partidos de Iparralde. EHB y EELV. Gracias, tambien, a los reprsentantes del sindicalismo vasco y a las asociaciones que trabaj\u00e1is, junto a SARE, en la defensa de los DDHH. Eskerrik asko.<\/p>\n<p>A quienes desde Catalunya mostr\u00e1is, con vuestra presencia, vuestra solidaridad. MOLTES GR\u00c0CIES, ERC, JUNTS y CUP, as\u00ed como a ANC y Omnium Cultural.<\/p>\n<p>Al BNG, MOITAS GRAZAS, por estar un a\u00f1o m\u00e1s acompa\u00f1\u00e1ndonos.<\/p>\n<p>El pasado d\u00eda 3 de enero, en Donostia, present\u00e1bamos una nueva imagen para un nuevo tiempo. Un nuevo tiempo que va abri\u00e9ndose paso, poco a poco, de forma imparable, en el que solo la apuesta por los DDHH puede posibilitar un escenario muy diferente al que hemos vivido durante muchas d\u00e9cadas. El acuerdo, la empat\u00eda y la solidaridad van sustituyendo a la confrontaci\u00f3n y el enfrentamiento.<\/p>\n<p>El pasado a\u00f1o, en este mismo lugar, habl\u00e1bamos desde la esperanza y coment\u00e1bamos que 2022 iba a ser el a\u00f1o del fin de la pol\u00edtica de alejamiento y dispersi\u00f3n. Y, en efecto, esa etapa, pr\u00e1cticamente, se est\u00e1 cerrando.<\/p>\n<p>En el camino ha habido mucho sufrimiento. De las v\u00edctimas de las distintas violencias, o de la sociedad traumatizada como un todo; o de las familias que -en viajes interminables de visita a sus allegados- han dejado muchas vidas en las carreteras. Pero, en medio de todo ello, tambi\u00e9n, ha habido mucha solidaridad. Afortunadamente la mayor\u00eda pol\u00edtica y sindical vasca apost\u00f3 por poner fin a las pol\u00edticas penitenciarias de excepci\u00f3n.<\/p>\n<p>La utop\u00eda es nuestro sue\u00f1o \u00bfPor qu\u00e9 no so\u00f1ar con un futuro mejor para nuestros hijos\/as, nietos\/as? \u00bfPor qu\u00e9 no so\u00f1ar con que la convivencia entre gentes enfrentadas durante d\u00e9cadas se vaya abriendo camino?<\/p>\n<p>Es gratificante escuchar las reflexiones de personas que han sufrido de manera tan directa la violencia. \u00a1Qu\u00e9 importancia tiene vuestro testimonio y, m\u00e1s a\u00fan, vuestro deseo de avanzar sin tener que olvidar y, adem\u00e1s, hacerlo sin odiar! \u00a1Gracias por vuestro ejemplo! \u00a1Cuanto tenemos que aprender de vosotras a\u00fan: Rosa Lluch; Rosa Rodero; Maider Garc\u00eda; Irantzu Benito; Mari Nieves Diez! Tamara Muruetagoiena!!<\/p>\n<p>Alguien puede pensar que con esta mesa de reflexi\u00f3n hemos repetido el esquema del pasado a\u00f1o. Es posible. Pero lo continuaremos haciendo cuantas veces haga falta. Porque no podremos construir convivencia sin la empat\u00eda con quienes tan directamente han sido v\u00edctimas de las violencias. De cualquiera de las violencias producidas en Euskal Herria.<\/p>\n<p>Hoy, podemos decir que estamos cerrando una etapa -la del alejamiento y la dispersi\u00f3n- que ha supuesto una dedicaci\u00f3n muy importante de nuestros esfuerzos. Y, ahora, hemos abierto otra etapa. La de apurar la aplicaci\u00f3n de una pol\u00edtica penitenciaria ordinaria, para ir posibilitando el regreso a casa de los presos y presas vascos, tras haber cumplido parte de sus condenas que, en muchos casos, han supuesto m\u00e1s de dos y tres d\u00e9cadas de privaci\u00f3n de libertad.<\/p>\n<p>Y lo continuaremos haciendo como hasta ahora. Reivindic\u00e1ndolo en la calle, como haremos esta tarde, y tambi\u00e9n, tocando todas aquellas instancias pol\u00edticas e institucionales que tienen en sus manos poner fin a esta situaci\u00f3n.<\/p>\n<p>Desde SARE, continuaremos trabajando para alcanzar un acuerdo de m\u00ednimos, para que las v\u00edctimas de las distintas violencias sean, se\u00e1is sujetos de respeto, de reconocimiento del da\u00f1o causado y de la reparaci\u00f3n a la que una sociedad avanzada debe hacer frente.<\/p>\n<p>Empat\u00eda. Conocimiento del otro y sobre todo escuchar. Escuchar mucho. Esta es la clave para poder avanzar.<\/p>\n<p>Nos enfrentamos, sin duda, a instancias ancladas en el pasado. A instituciones, conveniencias y mentalidades empe\u00f1adas en transmitir que aqu\u00ed no ha cambiado nada o incluso que ETA sigue existiendo. As\u00ed desde el \u00e1mbito judicial, la Fiscal\u00eda de la Audiencia Nacional est\u00e1 empe\u00f1ada en frustrar la aplicaci\u00f3n de la legislaci\u00f3n penitenciaria ordinaria.<\/p>\n<p>Nosotros\/as entendemos que jueces o fiscales tengan ideolog\u00eda pol\u00edtica. Lo que denunciamos es que esa ideolog\u00eda la trasladen a sus decisiones judiciales y que, de manera sistem\u00e1tica, recorten derechos que afectan a presos y presas. No pedimos privilegios. Lo que pedimos es que no se produzcan excepciones, como las que estamos viendo desde hace tiempo, y con m\u00e1s claridad desde hace varios meses.<\/p>\n<p>Se hace un flaco favor a la credibilidad de la justicia cuando, de manera constante, se recurren las decisiones de las Juntas de Tratamiento de los Centros Penitenciarios, y se rechazan las progresiones de grado que aprueba la Administraci\u00f3n penitenciaria vasca.<\/p>\n<p>Cuando la pol\u00edtica entra por la puerta de la Audiencia Nacional, la Justicia sale por la ventana.<\/p>\n<p>A pesar de los agoreros de turno que intentan trasladar que ETA sigue presente, hay que recordarles que ya hace 12 a\u00f1os que ETA tom\u00f3 la decisi\u00f3n de un alto el fuego definitivo, hasta llegar a su disoluci\u00f3n. Es hora de avanzar, del reencuentro, del abrazo. Pero tambi\u00e9n les decimos a quienes est\u00e1n atrapados en su propio d\u00eda de la marmota que no nos entretengan. Nosotros y nosotras a lo nuestro. Avanzar. Avanzar. Avanzar, sin olvidar y sin odiar.<\/p>\n<p>Es de justicia reconocer la posici\u00f3n de generosidad de cada vez m\u00e1s v\u00edctimas de las violencias, defendiendo, junto al respeto a su condici\u00f3n de v\u00edctimas, la necesidad de una forma diferente de abordar el problema de la vulneraci\u00f3n de derechos que contin\u00faan sufriendo los presos y presas vascos.<\/p>\n","protected":false},"excerpt":{"rendered":"<p>Desde la Red Ciudadana SARE y BAKE BIDEA queremos que nuestras primeras palabras, en este acto, sean de agradecimiento a quienes, desde el \u00e1mbito pol\u00edtico, sindical y social vasco, nos [&hellip;]<\/p>\n","protected":false},"author":2,"featured_media":4676,"comment_status":"closed","ping_status":"closed","sticky":false,"template":"","format":"standard","meta":{"_acf_changed":false,"_et_pb_use_builder":"off","_et_pb_old_content":"","_et_gb_content_width":"","footnotes":""},"categories":[60],"tags":[],"class_list":["post-4678","post","type-post","status-publish","format-standard","has-post-thumbnail","hentry","category-etxera-es","et-has-post-format-content","et_post_format-et-post-format-standard"],"acf":[],"yoast_head":"<!-- This site is optimized with the Yoast SEO plugin v26.4 - https:\/\/yoast.com\/wordpress\/plugins\/seo\/ -->\n<title>AVANZANDO HACIA LA CONVIVENCIA - Sare Herritarra<\/title>\n<meta name=\"robots\" content=\"index, follow, max-snippet:-1, max-image-preview:large, max-video-preview:-1\" \/>\n<link rel=\"canonical\" href=\"https:\/\/sare.eus\/es\/avanzando-hacia-la-convivencia\/\" \/>\n<meta property=\"og:locale\" content=\"es_ES\" \/>\n<meta property=\"og:type\" content=\"article\" \/>\n<meta property=\"og:title\" content=\"AVANZANDO HACIA LA CONVIVENCIA - Sare Herritarra\" \/>\n<meta property=\"og:description\" content=\"Desde la Red Ciudadana SARE y BAKE BIDEA queremos que nuestras primeras palabras, en este acto, sean de agradecimiento a quienes, desde el \u00e1mbito pol\u00edtico, sindical y social vasco, nos [&hellip;]\" \/>\n<meta property=\"og:url\" content=\"https:\/\/sare.eus\/es\/avanzando-hacia-la-convivencia\/\" \/>\n<meta property=\"og:site_name\" content=\"Sare Herritarra\" \/>\n<meta property=\"article:published_time\" content=\"2023-01-07T11:57:38+00:00\" \/>\n<meta property=\"article:modified_time\" content=\"2023-01-07T14:02:15+00:00\" \/>\n<meta property=\"og:image\" content=\"https:\/\/sare.eus\/wp-content\/uploads\/2023\/01\/photo_2023-01-07_12-57-01.jpg\" \/>\n\t<meta property=\"og:image:width\" content=\"1280\" \/>\n\t<meta property=\"og:image:height\" content=\"853\" \/>\n\t<meta property=\"og:image:type\" content=\"image\/jpeg\" \/>\n<meta name=\"author\" content=\"sare\" \/>\n<meta name=\"twitter:card\" content=\"summary_large_image\" \/>\n<meta name=\"twitter:label1\" content=\"Escrito por\" \/>\n\t<meta name=\"twitter:data1\" content=\"sare\" \/>\n\t<meta name=\"twitter:label2\" content=\"Tiempo de lectura\" \/>\n\t<meta name=\"twitter:data2\" content=\"6 minutos\" \/>\n<script type=\"application\/ld+json\" class=\"yoast-schema-graph\">{\"@context\":\"https:\/\/schema.org\",\"@graph\":[{\"@type\":\"Article\",\"@id\":\"https:\/\/sare.eus\/es\/avanzando-hacia-la-convivencia\/#article\",\"isPartOf\":{\"@id\":\"https:\/\/sare.eus\/es\/avanzando-hacia-la-convivencia\/\"},\"author\":{\"name\":\"sare\",\"@id\":\"https:\/\/sare.eus\/#\/schema\/person\/2fe6d0df294f56313d3ab236dbe38e17\"},\"headline\":\"AVANZANDO HACIA LA CONVIVENCIA\",\"datePublished\":\"2023-01-07T11:57:38+00:00\",\"dateModified\":\"2023-01-07T14:02:15+00:00\",\"mainEntityOfPage\":{\"@id\":\"https:\/\/sare.eus\/es\/avanzando-hacia-la-convivencia\/\"},\"wordCount\":1025,\"publisher\":{\"@id\":\"https:\/\/sare.eus\/#organization\"},\"image\":{\"@id\":\"https:\/\/sare.eus\/es\/avanzando-hacia-la-convivencia\/#primaryimage\"},\"thumbnailUrl\":\"https:\/\/sare.eus\/wp-content\/uploads\/2023\/01\/photo_2023-01-07_12-57-01.jpg\",\"articleSection\":[\"Etxera\"],\"inLanguage\":\"es\"},{\"@type\":\"WebPage\",\"@id\":\"https:\/\/sare.eus\/es\/avanzando-hacia-la-convivencia\/\",\"url\":\"https:\/\/sare.eus\/es\/avanzando-hacia-la-convivencia\/\",\"name\":\"AVANZANDO HACIA LA CONVIVENCIA - Sare Herritarra\",\"isPartOf\":{\"@id\":\"https:\/\/sare.eus\/#website\"},\"primaryImageOfPage\":{\"@id\":\"https:\/\/sare.eus\/es\/avanzando-hacia-la-convivencia\/#primaryimage\"},\"image\":{\"@id\":\"https:\/\/sare.eus\/es\/avanzando-hacia-la-convivencia\/#primaryimage\"},\"thumbnailUrl\":\"https:\/\/sare.eus\/wp-content\/uploads\/2023\/01\/photo_2023-01-07_12-57-01.jpg\",\"datePublished\":\"2023-01-07T11:57:38+00:00\",\"dateModified\":\"2023-01-07T14:02:15+00:00\",\"breadcrumb\":{\"@id\":\"https:\/\/sare.eus\/es\/avanzando-hacia-la-convivencia\/#breadcrumb\"},\"inLanguage\":\"es\",\"potentialAction\":[{\"@type\":\"ReadAction\",\"target\":[\"https:\/\/sare.eus\/es\/avanzando-hacia-la-convivencia\/\"]}]},{\"@type\":\"ImageObject\",\"inLanguage\":\"es\",\"@id\":\"https:\/\/sare.eus\/es\/avanzando-hacia-la-convivencia\/#primaryimage\",\"url\":\"https:\/\/sare.eus\/wp-content\/uploads\/2023\/01\/photo_2023-01-07_12-57-01.jpg\",\"contentUrl\":\"https:\/\/sare.eus\/wp-content\/uploads\/2023\/01\/photo_2023-01-07_12-57-01.jpg\",\"width\":1280,\"height\":853},{\"@type\":\"BreadcrumbList\",\"@id\":\"https:\/\/sare.eus\/es\/avanzando-hacia-la-convivencia\/#breadcrumb\",\"itemListElement\":[{\"@type\":\"ListItem\",\"position\":1,\"name\":\"Home\",\"item\":\"https:\/\/sare.eus\/\"},{\"@type\":\"ListItem\",\"position\":2,\"name\":\"AVANZANDO HACIA LA CONVIVENCIA\"}]},{\"@type\":\"WebSite\",\"@id\":\"https:\/\/sare.eus\/#website\",\"url\":\"https:\/\/sare.eus\/\",\"name\":\"Sare Herritarra\",\"description\":\"KONPONBIDEAREN ETA GIZA ESKUBIDEEN ALDEKO SARE HERRITARRA\",\"publisher\":{\"@id\":\"https:\/\/sare.eus\/#organization\"},\"potentialAction\":[{\"@type\":\"SearchAction\",\"target\":{\"@type\":\"EntryPoint\",\"urlTemplate\":\"https:\/\/sare.eus\/?s={search_term_string}\"},\"query-input\":{\"@type\":\"PropertyValueSpecification\",\"valueRequired\":true,\"valueName\":\"search_term_string\"}}],\"inLanguage\":\"es\"},{\"@type\":\"Organization\",\"@id\":\"https:\/\/sare.eus\/#organization\",\"name\":\"Sare Herritarra\",\"url\":\"https:\/\/sare.eus\/\",\"logo\":{\"@type\":\"ImageObject\",\"inLanguage\":\"es\",\"@id\":\"https:\/\/sare.eus\/#\/schema\/logo\/image\/\",\"url\":\"https:\/\/sare.eus\/wp-content\/uploads\/2021\/08\/sare.png\",\"contentUrl\":\"https:\/\/sare.eus\/wp-content\/uploads\/2021\/08\/sare.png\",\"width\":120,\"height\":142,\"caption\":\"Sare Herritarra\"},\"image\":{\"@id\":\"https:\/\/sare.eus\/#\/schema\/logo\/image\/\"}},{\"@type\":\"Person\",\"@id\":\"https:\/\/sare.eus\/#\/schema\/person\/2fe6d0df294f56313d3ab236dbe38e17\",\"name\":\"sare\",\"image\":{\"@type\":\"ImageObject\",\"inLanguage\":\"es\",\"@id\":\"https:\/\/sare.eus\/#\/schema\/person\/image\/\",\"url\":\"https:\/\/secure.gravatar.com\/avatar\/77cad838677ceb1977e7b3c878b55eaa7fa4aae2158983063b047c3ad7ef2c25?s=96&d=mm&r=g\",\"contentUrl\":\"https:\/\/secure.gravatar.com\/avatar\/77cad838677ceb1977e7b3c878b55eaa7fa4aae2158983063b047c3ad7ef2c25?s=96&d=mm&r=g\",\"caption\":\"sare\"},\"url\":\"https:\/\/sare.eus\/es\/author\/sare\/\"}]}<\/script>\n<!-- \/ Yoast SEO plugin. -->","yoast_head_json":{"title":"AVANZANDO HACIA LA CONVIVENCIA - Sare Herritarra","robots":{"index":"index","follow":"follow","max-snippet":"max-snippet:-1","max-image-preview":"max-image-preview:large","max-video-preview":"max-video-preview:-1"},"canonical":"https:\/\/sare.eus\/es\/avanzando-hacia-la-convivencia\/","og_locale":"es_ES","og_type":"article","og_title":"AVANZANDO HACIA LA CONVIVENCIA - Sare Herritarra","og_description":"Desde la Red Ciudadana SARE y BAKE BIDEA queremos que nuestras primeras palabras, en este acto, sean de agradecimiento a quienes, desde el \u00e1mbito pol\u00edtico, sindical y social vasco, nos [&hellip;]","og_url":"https:\/\/sare.eus\/es\/avanzando-hacia-la-convivencia\/","og_site_name":"Sare Herritarra","article_published_time":"2023-01-07T11:57:38+00:00","article_modified_time":"2023-01-07T14:02:15+00:00","og_image":[{"width":1280,"height":853,"url":"https:\/\/sare.eus\/wp-content\/uploads\/2023\/01\/photo_2023-01-07_12-57-01.jpg","type":"image\/jpeg"}],"author":"sare","twitter_card":"summary_large_image","twitter_misc":{"Escrito por":"sare","Tiempo de lectura":"6 minutos"},"schema":{"@context":"https:\/\/schema.org","@graph":[{"@type":"Article","@id":"https:\/\/sare.eus\/es\/avanzando-hacia-la-convivencia\/#article","isPartOf":{"@id":"https:\/\/sare.eus\/es\/avanzando-hacia-la-convivencia\/"},"author":{"name":"sare","@id":"https:\/\/sare.eus\/#\/schema\/person\/2fe6d0df294f56313d3ab236dbe38e17"},"headline":"AVANZANDO HACIA LA CONVIVENCIA","datePublished":"2023-01-07T11:57:38+00:00","dateModified":"2023-01-07T14:02:15+00:00","mainEntityOfPage":{"@id":"https:\/\/sare.eus\/es\/avanzando-hacia-la-convivencia\/"},"wordCount":1025,"publisher":{"@id":"https:\/\/sare.eus\/#organization"},"image":{"@id":"https:\/\/sare.eus\/es\/avanzando-hacia-la-convivencia\/#primaryimage"},"thumbnailUrl":"https:\/\/sare.eus\/wp-content\/uploads\/2023\/01\/photo_2023-01-07_12-57-01.jpg","articleSection":["Etxera"],"inLanguage":"es"},{"@type":"WebPage","@id":"https:\/\/sare.eus\/es\/avanzando-hacia-la-convivencia\/","url":"https:\/\/sare.eus\/es\/avanzando-hacia-la-convivencia\/","name":"AVANZANDO HACIA LA CONVIVENCIA - Sare Herritarra","isPartOf":{"@id":"https:\/\/sare.eus\/#website"},"primaryImageOfPage":{"@id":"https:\/\/sare.eus\/es\/avanzando-hacia-la-convivencia\/#primaryimage"},"image":{"@id":"https:\/\/sare.eus\/es\/avanzando-hacia-la-convivencia\/#primaryimage"},"thumbnailUrl":"https:\/\/sare.eus\/wp-content\/uploads\/2023\/01\/photo_2023-01-07_12-57-01.jpg","datePublished":"2023-01-07T11:57:38+00:00","dateModified":"2023-01-07T14:02:15+00:00","breadcrumb":{"@id":"https:\/\/sare.eus\/es\/avanzando-hacia-la-convivencia\/#breadcrumb"},"inLanguage":"es","potentialAction":[{"@type":"ReadAction","target":["https:\/\/sare.eus\/es\/avanzando-hacia-la-convivencia\/"]}]},{"@type":"ImageObject","inLanguage":"es","@id":"https:\/\/sare.eus\/es\/avanzando-hacia-la-convivencia\/#primaryimage","url":"https:\/\/sare.eus\/wp-content\/uploads\/2023\/01\/photo_2023-01-07_12-57-01.jpg","contentUrl":"https:\/\/sare.eus\/wp-content\/uploads\/2023\/01\/photo_2023-01-07_12-57-01.jpg","width":1280,"height":853},{"@type":"BreadcrumbList","@id":"https:\/\/sare.eus\/es\/avanzando-hacia-la-convivencia\/#breadcrumb","itemListElement":[{"@type":"ListItem","position":1,"name":"Home","item":"https:\/\/sare.eus\/"},{"@type":"ListItem","position":2,"name":"AVANZANDO HACIA LA CONVIVENCIA"}]},{"@type":"WebSite","@id":"https:\/\/sare.eus\/#website","url":"https:\/\/sare.eus\/","name":"Sare Herritarra","description":"KONPONBIDEAREN ETA GIZA ESKUBIDEEN ALDEKO SARE HERRITARRA","publisher":{"@id":"https:\/\/sare.eus\/#organization"},"potentialAction":[{"@type":"SearchAction","target":{"@type":"EntryPoint","urlTemplate":"https:\/\/sare.eus\/?s={search_term_string}"},"query-input":{"@type":"PropertyValueSpecification","valueRequired":true,"valueName":"search_term_string"}}],"inLanguage":"es"},{"@type":"Organization","@id":"https:\/\/sare.eus\/#organization","name":"Sare Herritarra","url":"https:\/\/sare.eus\/","logo":{"@type":"ImageObject","inLanguage":"es","@id":"https:\/\/sare.eus\/#\/schema\/logo\/image\/","url":"https:\/\/sare.eus\/wp-content\/uploads\/2021\/08\/sare.png","contentUrl":"https:\/\/sare.eus\/wp-content\/uploads\/2021\/08\/sare.png","width":120,"height":142,"caption":"Sare Herritarra"},"image":{"@id":"https:\/\/sare.eus\/#\/schema\/logo\/image\/"}},{"@type":"Person","@id":"https:\/\/sare.eus\/#\/schema\/person\/2fe6d0df294f56313d3ab236dbe38e17","name":"sare","image":{"@type":"ImageObject","inLanguage":"es","@id":"https:\/\/sare.eus\/#\/schema\/person\/image\/","url":"https:\/\/secure.gravatar.com\/avatar\/77cad838677ceb1977e7b3c878b55eaa7fa4aae2158983063b047c3ad7ef2c25?s=96&d=mm&r=g","contentUrl":"https:\/\/secure.gravatar.com\/avatar\/77cad838677ceb1977e7b3c878b55eaa7fa4aae2158983063b047c3ad7ef2c25?s=96&d=mm&r=g","caption":"sare"},"url":"https:\/\/sare.eus\/es\/author\/sare\/"}]}},"_links":{"self":[{"href":"https:\/\/sare.eus\/es\/wp-json\/wp\/v2\/posts\/4678","targetHints":{"allow":["GET"]}}],"collection":[{"href":"https:\/\/sare.eus\/es\/wp-json\/wp\/v2\/posts"}],"about":[{"href":"https:\/\/sare.eus\/es\/wp-json\/wp\/v2\/types\/post"}],"author":[{"embeddable":true,"href":"https:\/\/sare.eus\/es\/wp-json\/wp\/v2\/users\/2"}],"replies":[{"embeddable":true,"href":"https:\/\/sare.eus\/es\/wp-json\/wp\/v2\/comments?post=4678"}],"version-history":[{"count":1,"href":"https:\/\/sare.eus\/es\/wp-json\/wp\/v2\/posts\/4678\/revisions"}],"predecessor-version":[{"id":4680,"href":"https:\/\/sare.eus\/es\/wp-json\/wp\/v2\/posts\/4678\/revisions\/4680"}],"wp:featuredmedia":[{"embeddable":true,"href":"https:\/\/sare.eus\/es\/wp-json\/wp\/v2\/media\/4676"}],"wp:attachment":[{"href":"https:\/\/sare.eus\/es\/wp-json\/wp\/v2\/media?parent=4678"}],"wp:term":[{"taxonomy":"category","embeddable":true,"href":"https:\/\/sare.eus\/es\/wp-json\/wp\/v2\/categories?post=4678"},{"taxonomy":"post_tag","embeddable":true,"href":"https:\/\/sare.eus\/es\/wp-json\/wp\/v2\/tags?post=4678"}],"curies":[{"name":"wp","href":"https:\/\/api.w.org\/{rel}","templated":true}]}}