{"id":4668,"date":"2023-01-05T14:46:37","date_gmt":"2023-01-05T14:46:37","guid":{"rendered":"https:\/\/sare.eus\/demagun-%c2%b7-iritzi-artikulua\/"},"modified":"2023-01-05T16:17:09","modified_gmt":"2023-01-05T16:17:09","slug":"supongamos-articulo-de-opinion","status":"publish","type":"post","link":"https:\/\/sare.eus\/es\/supongamos-articulo-de-opinion\/","title":{"rendered":"SUPONGAMOS \u00b7art\u00edculo de opini\u00f3n"},"content":{"rendered":"<p class=\"western\" align=\"justify\"><span lang=\"es-ES\">Supongamos: siete de enero, diez mil personas en Bilbao. Desastre. Fracaso. Cat\u00e1strofe. \u00bfDe qui\u00e9n? De Sare. De los presos. Del Colectivo. De los partidos, sindicatos. De la sociedad. No los quieren ni los suyos. Los han olvidado. No les importa. La sociedad los ha condenado a la indiferencia, a la soledad. Les ha dado la espalda. \u00c9xito de la pol\u00edtica penitenciaria. Firmeza de la ley. Salud de la democracia espa\u00f1ola. Imperio de la ley.<\/span><\/p>\n<p class=\"western\" align=\"justify\"><span lang=\"es-ES\">Leer\u00edamos y escuchar\u00edamos mejores perlas en los medios, en las redes.<\/span><\/p>\n<p class=\"western\" align=\"justify\"><span lang=\"es-ES\">Supongamos: siete de enero, doscientas mil personas colapsan Bilbao. Reinar\u00eda el silencio, pero el eco del \u00e9xito no llegar\u00eda s\u00f3lo a las celdas, tambi\u00e9n llegar\u00eda a muchas oficinas, sonar\u00edan muchos tel\u00e9fonos, se abrir\u00edan puertas, facilitar\u00eda muchas decisiones, obligar\u00eda otras, en favor de las presas y presos. Ser\u00eda m\u00e1s dif\u00edcil rechazar los terceros grados, facilitar\u00eda la progresi\u00f3n de grado, los permisos, las libertades.<\/span><\/p>\n<p class=\"western\" align=\"justify\"><span lang=\"es-ES\">Meras hip\u00f3tesis. Necesita algo m\u00e1s concreto quien est\u00e1 pensando ir o no ir a Bilbao. Tambi\u00e9n quienes estamos colocando Bilbao en la lista de prioridades, en las de arriba o en las de abajo. A veces es m\u00e1s f\u00e1cil pensar en negativo: qu\u00e9 significa no hacer, qu\u00e9 significa no acudir el siete de enero: que no me importan los derechos de las presas, que no me preocupa que su situaci\u00f3n mejore, que las presas sigan en prisi\u00f3n sea una cuesti\u00f3n de segundo, tercer orden, que no es alarmante que la situaci\u00f3n de las presas empeore.<\/span><\/p>\n<p class=\"western\" align=\"justify\"><span lang=\"es-ES\">Escalofr\u00edos.<\/span><\/p>\n<p class=\"western\" align=\"justify\"><span lang=\"es-ES\">Prefiero pensar que acompa\u00f1o a las presas en sus decisiones, que apoyo el camino que han tomado para que salgan de la c\u00e1rcel, que apoyo la pol\u00edtica que ha acabado con la dispersi\u00f3n, que me importan sus condiciones de vida, que aparte de legal, tambi\u00e9n es de justicia intentar que las presas est\u00e9n en casa<\/span><\/p>\n<p class=\"western\" align=\"justify\"><span lang=\"es-ES\">El tama\u00f1o del esfuerzo dificulta la negativa. Las caracter\u00edsticas del mismo, me recuerda la importancia de la colectividad. No hay pelea dise\u00f1ada a la justa medida de cada cual, no hay revoluci\u00f3n de mi talla. De conseguir algo, ser\u00e1 junto con muchos. Me gusten m\u00e1s o menos. El intento mismo me ense\u00f1a que de poco vale la complicidad que acaba en uno mismo, que no pisa calle.<\/span><\/p>\n<p class=\"western\" align=\"justify\"><a name=\"_GoBack\"><\/a><span lang=\"es-ES\">Mejor ser pr\u00e1ctico. Concreto. Se ha acabado con la dispersi\u00f3n. Han. Hab\u00e9is. Hemos. He acabado. Se han necesitado de un conjunto de condiciones, es cierto. La m\u00e1s importante para m\u00ed, no porque de hecho lo sea, sino porque es en la que puedo incidir: que haya habido gente en la calle por las presas, en cientos de movilizaciones peque\u00f1as, en gigantes unas cuantas. Todas necesarias. Hay que aprovechar la ola para seguir haciendo camino, para acabar definitivamente con el de la dispersi\u00f3n y comenzar el de regreso a casa.<\/span><\/p>\n\n\n<p><strong>Nahikari Iturbe, Mikel Mundi\u00f1ano, Inaxio Oiarzabal, Aitor Lexartza, Jon Marauri (Sare Herritarreko kideak)<\/strong><\/p>\n","protected":false},"excerpt":{"rendered":"<p>Supongamos: siete de enero, diez mil personas en Bilbao. Desastre. Fracaso. Cat\u00e1strofe. \u00bfDe qui\u00e9n? De Sare. De los presos. Del Colectivo. De los partidos, sindicatos. De la sociedad. No los [&hellip;]<\/p>\n","protected":false},"author":2,"featured_media":4160,"comment_status":"closed","ping_status":"closed","sticky":false,"template":"","format":"standard","meta":{"_acf_changed":false,"_et_pb_use_builder":"off","_et_pb_old_content":"","_et_gb_content_width":"","footnotes":""},"categories":[60],"tags":[],"class_list":["post-4668","post","type-post","status-publish","format-standard","has-post-thumbnail","hentry","category-etxera-es","et-has-post-format-content","et_post_format-et-post-format-standard"],"acf":[],"yoast_head":"<!-- This site is optimized with the Yoast SEO plugin v26.4 - https:\/\/yoast.com\/wordpress\/plugins\/seo\/ -->\n<title>SUPONGAMOS \u00b7art\u00edculo de opini\u00f3n - Sare Herritarra<\/title>\n<meta name=\"robots\" content=\"index, follow, max-snippet:-1, max-image-preview:large, max-video-preview:-1\" \/>\n<link rel=\"canonical\" href=\"https:\/\/sare.eus\/es\/supongamos-articulo-de-opinion\/\" \/>\n<meta property=\"og:locale\" content=\"es_ES\" \/>\n<meta property=\"og:type\" content=\"article\" \/>\n<meta property=\"og:title\" content=\"SUPONGAMOS \u00b7art\u00edculo de opini\u00f3n - Sare Herritarra\" \/>\n<meta property=\"og:description\" content=\"Supongamos: siete de enero, diez mil personas en Bilbao. Desastre. Fracaso. Cat\u00e1strofe. \u00bfDe qui\u00e9n? De Sare. De los presos. Del Colectivo. De los partidos, sindicatos. De la sociedad. No los [&hellip;]\" \/>\n<meta property=\"og:url\" content=\"https:\/\/sare.eus\/es\/supongamos-articulo-de-opinion\/\" \/>\n<meta property=\"og:site_name\" content=\"Sare Herritarra\" \/>\n<meta property=\"article:published_time\" content=\"2023-01-05T14:46:37+00:00\" \/>\n<meta property=\"article:modified_time\" content=\"2023-01-05T16:17:09+00:00\" \/>\n<meta property=\"og:image\" content=\"https:\/\/sare.eus\/wp-content\/uploads\/2022\/10\/U8DONOSTIA.jpeg\" \/>\n\t<meta property=\"og:image:width\" content=\"2164\" \/>\n\t<meta property=\"og:image:height\" content=\"1444\" \/>\n\t<meta property=\"og:image:type\" content=\"image\/jpeg\" \/>\n<meta name=\"author\" content=\"sare\" \/>\n<meta name=\"twitter:card\" content=\"summary_large_image\" \/>\n<meta name=\"twitter:label1\" content=\"Escrito por\" \/>\n\t<meta name=\"twitter:data1\" content=\"sare\" \/>\n\t<meta name=\"twitter:label2\" content=\"Tiempo de lectura\" \/>\n\t<meta name=\"twitter:data2\" content=\"3 minutos\" \/>\n<script type=\"application\/ld+json\" class=\"yoast-schema-graph\">{\"@context\":\"https:\/\/schema.org\",\"@graph\":[{\"@type\":\"Article\",\"@id\":\"https:\/\/sare.eus\/es\/supongamos-articulo-de-opinion\/#article\",\"isPartOf\":{\"@id\":\"https:\/\/sare.eus\/es\/supongamos-articulo-de-opinion\/\"},\"author\":{\"name\":\"sare\",\"@id\":\"https:\/\/sare.eus\/#\/schema\/person\/2fe6d0df294f56313d3ab236dbe38e17\"},\"headline\":\"SUPONGAMOS \u00b7art\u00edculo de opini\u00f3n\",\"datePublished\":\"2023-01-05T14:46:37+00:00\",\"dateModified\":\"2023-01-05T16:17:09+00:00\",\"mainEntityOfPage\":{\"@id\":\"https:\/\/sare.eus\/es\/supongamos-articulo-de-opinion\/\"},\"wordCount\":523,\"publisher\":{\"@id\":\"https:\/\/sare.eus\/#organization\"},\"image\":{\"@id\":\"https:\/\/sare.eus\/es\/supongamos-articulo-de-opinion\/#primaryimage\"},\"thumbnailUrl\":\"https:\/\/sare.eus\/wp-content\/uploads\/2022\/10\/U8DONOSTIA.jpeg\",\"articleSection\":[\"Etxera\"],\"inLanguage\":\"es\"},{\"@type\":\"WebPage\",\"@id\":\"https:\/\/sare.eus\/es\/supongamos-articulo-de-opinion\/\",\"url\":\"https:\/\/sare.eus\/es\/supongamos-articulo-de-opinion\/\",\"name\":\"SUPONGAMOS \u00b7art\u00edculo de opini\u00f3n - Sare Herritarra\",\"isPartOf\":{\"@id\":\"https:\/\/sare.eus\/#website\"},\"primaryImageOfPage\":{\"@id\":\"https:\/\/sare.eus\/es\/supongamos-articulo-de-opinion\/#primaryimage\"},\"image\":{\"@id\":\"https:\/\/sare.eus\/es\/supongamos-articulo-de-opinion\/#primaryimage\"},\"thumbnailUrl\":\"https:\/\/sare.eus\/wp-content\/uploads\/2022\/10\/U8DONOSTIA.jpeg\",\"datePublished\":\"2023-01-05T14:46:37+00:00\",\"dateModified\":\"2023-01-05T16:17:09+00:00\",\"breadcrumb\":{\"@id\":\"https:\/\/sare.eus\/es\/supongamos-articulo-de-opinion\/#breadcrumb\"},\"inLanguage\":\"es\",\"potentialAction\":[{\"@type\":\"ReadAction\",\"target\":[\"https:\/\/sare.eus\/es\/supongamos-articulo-de-opinion\/\"]}]},{\"@type\":\"ImageObject\",\"inLanguage\":\"es\",\"@id\":\"https:\/\/sare.eus\/es\/supongamos-articulo-de-opinion\/#primaryimage\",\"url\":\"https:\/\/sare.eus\/wp-content\/uploads\/2022\/10\/U8DONOSTIA.jpeg\",\"contentUrl\":\"https:\/\/sare.eus\/wp-content\/uploads\/2022\/10\/U8DONOSTIA.jpeg\",\"width\":2164,\"height\":1444},{\"@type\":\"BreadcrumbList\",\"@id\":\"https:\/\/sare.eus\/es\/supongamos-articulo-de-opinion\/#breadcrumb\",\"itemListElement\":[{\"@type\":\"ListItem\",\"position\":1,\"name\":\"Home\",\"item\":\"https:\/\/sare.eus\/\"},{\"@type\":\"ListItem\",\"position\":2,\"name\":\"SUPONGAMOS \u00b7art\u00edculo de opini\u00f3n\"}]},{\"@type\":\"WebSite\",\"@id\":\"https:\/\/sare.eus\/#website\",\"url\":\"https:\/\/sare.eus\/\",\"name\":\"Sare Herritarra\",\"description\":\"KONPONBIDEAREN ETA GIZA ESKUBIDEEN ALDEKO SARE HERRITARRA\",\"publisher\":{\"@id\":\"https:\/\/sare.eus\/#organization\"},\"potentialAction\":[{\"@type\":\"SearchAction\",\"target\":{\"@type\":\"EntryPoint\",\"urlTemplate\":\"https:\/\/sare.eus\/?s={search_term_string}\"},\"query-input\":{\"@type\":\"PropertyValueSpecification\",\"valueRequired\":true,\"valueName\":\"search_term_string\"}}],\"inLanguage\":\"es\"},{\"@type\":\"Organization\",\"@id\":\"https:\/\/sare.eus\/#organization\",\"name\":\"Sare Herritarra\",\"url\":\"https:\/\/sare.eus\/\",\"logo\":{\"@type\":\"ImageObject\",\"inLanguage\":\"es\",\"@id\":\"https:\/\/sare.eus\/#\/schema\/logo\/image\/\",\"url\":\"https:\/\/sare.eus\/wp-content\/uploads\/2021\/08\/sare.png\",\"contentUrl\":\"https:\/\/sare.eus\/wp-content\/uploads\/2021\/08\/sare.png\",\"width\":120,\"height\":142,\"caption\":\"Sare Herritarra\"},\"image\":{\"@id\":\"https:\/\/sare.eus\/#\/schema\/logo\/image\/\"}},{\"@type\":\"Person\",\"@id\":\"https:\/\/sare.eus\/#\/schema\/person\/2fe6d0df294f56313d3ab236dbe38e17\",\"name\":\"sare\",\"image\":{\"@type\":\"ImageObject\",\"inLanguage\":\"es\",\"@id\":\"https:\/\/sare.eus\/#\/schema\/person\/image\/\",\"url\":\"https:\/\/secure.gravatar.com\/avatar\/77cad838677ceb1977e7b3c878b55eaa7fa4aae2158983063b047c3ad7ef2c25?s=96&d=mm&r=g\",\"contentUrl\":\"https:\/\/secure.gravatar.com\/avatar\/77cad838677ceb1977e7b3c878b55eaa7fa4aae2158983063b047c3ad7ef2c25?s=96&d=mm&r=g\",\"caption\":\"sare\"},\"url\":\"https:\/\/sare.eus\/es\/author\/sare\/\"}]}<\/script>\n<!-- \/ Yoast SEO plugin. -->","yoast_head_json":{"title":"SUPONGAMOS \u00b7art\u00edculo de opini\u00f3n - Sare Herritarra","robots":{"index":"index","follow":"follow","max-snippet":"max-snippet:-1","max-image-preview":"max-image-preview:large","max-video-preview":"max-video-preview:-1"},"canonical":"https:\/\/sare.eus\/es\/supongamos-articulo-de-opinion\/","og_locale":"es_ES","og_type":"article","og_title":"SUPONGAMOS \u00b7art\u00edculo de opini\u00f3n - Sare Herritarra","og_description":"Supongamos: siete de enero, diez mil personas en Bilbao. Desastre. Fracaso. Cat\u00e1strofe. \u00bfDe qui\u00e9n? De Sare. De los presos. Del Colectivo. De los partidos, sindicatos. De la sociedad. No los [&hellip;]","og_url":"https:\/\/sare.eus\/es\/supongamos-articulo-de-opinion\/","og_site_name":"Sare Herritarra","article_published_time":"2023-01-05T14:46:37+00:00","article_modified_time":"2023-01-05T16:17:09+00:00","og_image":[{"width":2164,"height":1444,"url":"https:\/\/sare.eus\/wp-content\/uploads\/2022\/10\/U8DONOSTIA.jpeg","type":"image\/jpeg"}],"author":"sare","twitter_card":"summary_large_image","twitter_misc":{"Escrito por":"sare","Tiempo de lectura":"3 minutos"},"schema":{"@context":"https:\/\/schema.org","@graph":[{"@type":"Article","@id":"https:\/\/sare.eus\/es\/supongamos-articulo-de-opinion\/#article","isPartOf":{"@id":"https:\/\/sare.eus\/es\/supongamos-articulo-de-opinion\/"},"author":{"name":"sare","@id":"https:\/\/sare.eus\/#\/schema\/person\/2fe6d0df294f56313d3ab236dbe38e17"},"headline":"SUPONGAMOS \u00b7art\u00edculo de opini\u00f3n","datePublished":"2023-01-05T14:46:37+00:00","dateModified":"2023-01-05T16:17:09+00:00","mainEntityOfPage":{"@id":"https:\/\/sare.eus\/es\/supongamos-articulo-de-opinion\/"},"wordCount":523,"publisher":{"@id":"https:\/\/sare.eus\/#organization"},"image":{"@id":"https:\/\/sare.eus\/es\/supongamos-articulo-de-opinion\/#primaryimage"},"thumbnailUrl":"https:\/\/sare.eus\/wp-content\/uploads\/2022\/10\/U8DONOSTIA.jpeg","articleSection":["Etxera"],"inLanguage":"es"},{"@type":"WebPage","@id":"https:\/\/sare.eus\/es\/supongamos-articulo-de-opinion\/","url":"https:\/\/sare.eus\/es\/supongamos-articulo-de-opinion\/","name":"SUPONGAMOS \u00b7art\u00edculo de opini\u00f3n - Sare Herritarra","isPartOf":{"@id":"https:\/\/sare.eus\/#website"},"primaryImageOfPage":{"@id":"https:\/\/sare.eus\/es\/supongamos-articulo-de-opinion\/#primaryimage"},"image":{"@id":"https:\/\/sare.eus\/es\/supongamos-articulo-de-opinion\/#primaryimage"},"thumbnailUrl":"https:\/\/sare.eus\/wp-content\/uploads\/2022\/10\/U8DONOSTIA.jpeg","datePublished":"2023-01-05T14:46:37+00:00","dateModified":"2023-01-05T16:17:09+00:00","breadcrumb":{"@id":"https:\/\/sare.eus\/es\/supongamos-articulo-de-opinion\/#breadcrumb"},"inLanguage":"es","potentialAction":[{"@type":"ReadAction","target":["https:\/\/sare.eus\/es\/supongamos-articulo-de-opinion\/"]}]},{"@type":"ImageObject","inLanguage":"es","@id":"https:\/\/sare.eus\/es\/supongamos-articulo-de-opinion\/#primaryimage","url":"https:\/\/sare.eus\/wp-content\/uploads\/2022\/10\/U8DONOSTIA.jpeg","contentUrl":"https:\/\/sare.eus\/wp-content\/uploads\/2022\/10\/U8DONOSTIA.jpeg","width":2164,"height":1444},{"@type":"BreadcrumbList","@id":"https:\/\/sare.eus\/es\/supongamos-articulo-de-opinion\/#breadcrumb","itemListElement":[{"@type":"ListItem","position":1,"name":"Home","item":"https:\/\/sare.eus\/"},{"@type":"ListItem","position":2,"name":"SUPONGAMOS \u00b7art\u00edculo de opini\u00f3n"}]},{"@type":"WebSite","@id":"https:\/\/sare.eus\/#website","url":"https:\/\/sare.eus\/","name":"Sare Herritarra","description":"KONPONBIDEAREN ETA GIZA ESKUBIDEEN ALDEKO SARE HERRITARRA","publisher":{"@id":"https:\/\/sare.eus\/#organization"},"potentialAction":[{"@type":"SearchAction","target":{"@type":"EntryPoint","urlTemplate":"https:\/\/sare.eus\/?s={search_term_string}"},"query-input":{"@type":"PropertyValueSpecification","valueRequired":true,"valueName":"search_term_string"}}],"inLanguage":"es"},{"@type":"Organization","@id":"https:\/\/sare.eus\/#organization","name":"Sare Herritarra","url":"https:\/\/sare.eus\/","logo":{"@type":"ImageObject","inLanguage":"es","@id":"https:\/\/sare.eus\/#\/schema\/logo\/image\/","url":"https:\/\/sare.eus\/wp-content\/uploads\/2021\/08\/sare.png","contentUrl":"https:\/\/sare.eus\/wp-content\/uploads\/2021\/08\/sare.png","width":120,"height":142,"caption":"Sare Herritarra"},"image":{"@id":"https:\/\/sare.eus\/#\/schema\/logo\/image\/"}},{"@type":"Person","@id":"https:\/\/sare.eus\/#\/schema\/person\/2fe6d0df294f56313d3ab236dbe38e17","name":"sare","image":{"@type":"ImageObject","inLanguage":"es","@id":"https:\/\/sare.eus\/#\/schema\/person\/image\/","url":"https:\/\/secure.gravatar.com\/avatar\/77cad838677ceb1977e7b3c878b55eaa7fa4aae2158983063b047c3ad7ef2c25?s=96&d=mm&r=g","contentUrl":"https:\/\/secure.gravatar.com\/avatar\/77cad838677ceb1977e7b3c878b55eaa7fa4aae2158983063b047c3ad7ef2c25?s=96&d=mm&r=g","caption":"sare"},"url":"https:\/\/sare.eus\/es\/author\/sare\/"}]}},"_links":{"self":[{"href":"https:\/\/sare.eus\/es\/wp-json\/wp\/v2\/posts\/4668","targetHints":{"allow":["GET"]}}],"collection":[{"href":"https:\/\/sare.eus\/es\/wp-json\/wp\/v2\/posts"}],"about":[{"href":"https:\/\/sare.eus\/es\/wp-json\/wp\/v2\/types\/post"}],"author":[{"embeddable":true,"href":"https:\/\/sare.eus\/es\/wp-json\/wp\/v2\/users\/2"}],"replies":[{"embeddable":true,"href":"https:\/\/sare.eus\/es\/wp-json\/wp\/v2\/comments?post=4668"}],"version-history":[{"count":4,"href":"https:\/\/sare.eus\/es\/wp-json\/wp\/v2\/posts\/4668\/revisions"}],"predecessor-version":[{"id":4673,"href":"https:\/\/sare.eus\/es\/wp-json\/wp\/v2\/posts\/4668\/revisions\/4673"}],"wp:featuredmedia":[{"embeddable":true,"href":"https:\/\/sare.eus\/es\/wp-json\/wp\/v2\/media\/4160"}],"wp:attachment":[{"href":"https:\/\/sare.eus\/es\/wp-json\/wp\/v2\/media?parent=4668"}],"wp:term":[{"taxonomy":"category","embeddable":true,"href":"https:\/\/sare.eus\/es\/wp-json\/wp\/v2\/categories?post=4668"},{"taxonomy":"post_tag","embeddable":true,"href":"https:\/\/sare.eus\/es\/wp-json\/wp\/v2\/tags?post=4668"}],"curies":[{"name":"wp","href":"https:\/\/api.w.org\/{rel}","templated":true}]}}