{"id":4651,"date":"2023-01-03T10:30:21","date_gmt":"2023-01-03T10:30:21","guid":{"rendered":"https:\/\/sare.eus\/irudi-berria-ere-aurkeztu-dugu-urruntze-politikaren-amaiera-gertu-dela-irudikatzeko\/"},"modified":"2023-01-03T16:14:57","modified_gmt":"2023-01-03T16:14:57","slug":"presentamos-una-nueva-imagen-para-ilustrar-la-proximidad-del-fin-de-la-politica-de-alejamiento","status":"publish","type":"post","link":"https:\/\/sare.eus\/es\/presentamos-una-nueva-imagen-para-ilustrar-la-proximidad-del-fin-de-la-politica-de-alejamiento\/","title":{"rendered":"presentamos una nueva imagen para ilustrar la proximidad del fin de la pol\u00edtica de alejamiento"},"content":{"rendered":"<p>34 largos a\u00f1os; 34 largos a\u00f1os desde que se empez\u00f3 a aplicar la pol\u00edtica de alejamiento, la cual ha generado mucho sufrimiento psicol\u00f3gico, econ\u00f3mico y\/o f\u00edsico. Somos muchas personas las que hemos conocido Puerto o Curtise, Castell\u00f3 o Fresnes, recorriendo cada semana miles de kil\u00f3metros; y, lo que es peor, no podemos olvidar a esas 16 personas que a lo largo de ese tiempo han muerto en la carretera, en esos viajes interminables.<\/p>\n<p>Pero esta dura situaci\u00f3n gener\u00f3 una respuesta de una parte importante de la sociedad vasca, que al margen de ideolog\u00edas partidistas, se moviliz\u00f3 durante a\u00f1os, para poner fin a una pol\u00edtica de alejamiento, que vulneraba los derechos no solo de los presos y presas, sino, tambi\u00e9n, de sus familias. Siendo conscientes de lo que todo esto representaba, hemos trabajado incansablemente codo con codo, con personas a las que nos ha unido, la necesidad de poner fin a este sufrimiento.<\/p>\n<p>Hoy, afortunadamente, esperamos que el inicio de 2023 sea el fin de la pol\u00edtica de alejamiento.<\/p>\n<p>Hoy, nos hemos reunido de nuevo en ese camino. Queremos poner en valor la importancia de lo conseguido, y, a partir de este momento, continuar trabajando hasta llegar al final del camino.<\/p>\n<p>Porque es a\u00fan un camino largo el que nos queda por recorrer.<\/p>\n<p>\u00a0<\/p>\n<p>\u00a0<\/p>\n\n\n<figure class=\"wp-block-embed is-type-video is-provider-youtube wp-block-embed-youtube wp-embed-aspect-16-9 wp-has-aspect-ratio\"><div class=\"wp-block-embed__wrapper\">\n<iframe loading=\"lazy\" title=\"IHOLDI BERISTAIN:  es el momento de ir haciendo realidad el Etxera Bidea Gertu.\" width=\"1080\" height=\"608\" src=\"https:\/\/www.youtube.com\/embed\/oAmJQpaR8_o?feature=oembed\" frameborder=\"0\" allow=\"accelerometer; autoplay; clipboard-write; encrypted-media; gyroscope; picture-in-picture\" allowfullscreen><\/iframe>\n<\/div><\/figure>\n\n\n<p>Est\u00e1n en EH, s\u00ed; nos hemos quitado una gran carga de encima, pero a\u00fan continua vigente la pol\u00edtica penitenciaria de excepci\u00f3n. Es por ello, que queremos reivindicar un camino sin obst\u00e1culos, donde las progresiones de grado o los permisos penitenciarios, se apliquen sin excepci\u00f3n. Que se aplique la ley y no se hurte los derechos a los que estos presos\/as, tienen derecho.<\/p>\n<p>Con este objetivo nos hemos reunido, hoy aqu\u00ed, junto a agentes que trabajan en favor de los derechos de las presas y de los presos vascos. Somos personas de diferentes \u00e1mbitos ideol\u00f3gicos o profesionales. Nos mueve, la necesidad de avanzar hacia una verdadera paz y convivencia.<\/p>\n<p>Todas y todos, al igual que estos \u00faltimos a\u00f1os, tenemos que seguir colaborando, para que, desde Euskal Herria, se materialice el proceso de vuelta a casa seg\u00fan lo establecido legalmente.<\/p>\n<p>Ahora, hemos modificado nuestra imagen; no necesitamos un mapa, pero, siguiendo el camino que nos han mostrado las flechas, es el momento de ir haciendo realidad el Etxera Bidea Gertu. Queremos que esta imagen llegue a todos los rincones, y que nos sintamos todas y todos parte de ella, poniendo fin a la excepcionalidad para poder recorrer el el camino de vuelta a casa.<\/p>\n<p>Os animamos a participar en la movilizaci\u00f3n del S\u00e1bado en Bilbo para seguir haciendo el caminando juntas.<\/p>\n<p>Entre todas y todos lo conseguiremos;<br \/>Eskerrik asko<\/p>\n\n\n<div class=\"wp-block-columns is-layout-flex wp-container-core-columns-is-layout-9d6595d7 wp-block-columns-is-layout-flex\">\n<div class=\"wp-block-column is-layout-flow wp-block-column-is-layout-flow\">\n<p><strong>PRESENTACI\u00d3N DE LA NUEVA IMAGEN 3 ENERO DONOSTIA:<\/strong><br>1) Joseba Azkarraga (SARE)<br>2) Bego Atxa (SARE)<br>3) Inaxio Oiarzabal (SARE)<br>4) Nahikari Iturbe (SARE)<br>5) Mikel Mundi\u00f1ano (SARE)<br>6) Gorka Garcia (Etxerat)<br>7) Xochitl Karasatorre (Etxerat)<br>8) Nagore Mujika (Etxerat)<br>9) Jon Ander Resa (Etxerat)<br>10) Fermina Billanueva (Etxerat)<br>11) Axi Muniain (Surflaria)<br>12) Lur Errekondo (Herri Kirolari eta aurkezlea)<br>13) Mikel Larunbe (pelotari ohia)<br>14) Oihana Azkorbebeitia (Korrikalaria)<br>15) Alaitz Olarte (Arraunlaria Donostiarra)<br>16) Ioritz Etxeberria (Arraunlaria Orio)<br>17) Aiur Illarreta (KAYAK SURF)<br>18) Be\u00f1at Gaztelumendi (Bertsolaria)<br>19) Amaia Agirre (Bertsolaria)<br>20) Joxe Mari Arretxea \u201cporrotx\u201d (pailazoa)<br>21) Josu Txapartegi \u201cTxapas\u201d (musikaria)<\/p>\n<\/div>\n\n\n\n<div class=\"wp-block-column is-layout-flow wp-block-column-is-layout-flow\">\n<p>22) Mikel Aranburu (Futbolari ohia)<br>23) Pello Armendariz (musikaria Skakeitan)<br>24) Unai Ribera (Streaerra Klak)<br>25) Laura Re Lozano (Streamerra Klak)<br>26) Kattalin Miner (idazlea, aktibista feminista)<br>27) I\u00f1aki Lasagabaster (abokatua)<br>28) Ramon Zallo (abokatua)<br>29) Felix Ca\u00f1ada (abokatua)<br>30) Xabier Euzkitze (aurkezlea)<br>31) Itziar Itu\u00f1o (akotresa)<br>32) Ramon Agirre (aktorea)<br>33) Iholdi Beristain (Go!azeneko partaidea)<br>34) Maite Aristegi (sindikalista)<br>35) Aitor Agirrezabal (Hatortxu Rock)<br>36) Maider Galardi (kazetaria)<br>37) Joxe Beramendi \u201cExprai\u201d (marrazkilaria)<br>38) Maitane Azurmendi (marrazkilaria)<br>39) Amaia Izko (abokatua)<br>40) I\u00f1aki Petxarroman (kazetaria)<br>41) I\u00f1aki Artola (pelotaria)<br>42) Jon Maya (dantzaria)<br>43) Aritz Colio (Hatortxu Rock)<br>44) Jokin Pedre\u00f1o (Tik tokerra)<\/p>\n<\/div>\n<\/div>\n\n\n\n<figure class=\"wp-block-image size-full\"><img loading=\"lazy\" decoding=\"async\" width=\"327\" height=\"253\" src=\"https:\/\/sare.eus\/wp-content\/uploads\/2023\/01\/PEGATA-IKUR-BERRIA_11.5X89CM-01.jpg\" alt=\"\" class=\"wp-image-4658\" srcset=\"https:\/\/sare.eus\/wp-content\/uploads\/2023\/01\/PEGATA-IKUR-BERRIA_11.5X89CM-01.jpg 327w, https:\/\/sare.eus\/wp-content\/uploads\/2023\/01\/PEGATA-IKUR-BERRIA_11.5X89CM-01-300x232.jpg 300w\" sizes=\"(max-width: 327px) 100vw, 327px\" \/><\/figure>\n","protected":false},"excerpt":{"rendered":"<p>34 largos a\u00f1os; 34 largos a\u00f1os desde que se empez\u00f3 a aplicar la pol\u00edtica de alejamiento, la cual ha generado mucho sufrimiento psicol\u00f3gico, econ\u00f3mico y\/o f\u00edsico. Somos muchas personas las [&hellip;]<\/p>\n","protected":false},"author":2,"featured_media":4655,"comment_status":"closed","ping_status":"closed","sticky":false,"template":"","format":"standard","meta":{"_acf_changed":false,"_et_pb_use_builder":"off","_et_pb_old_content":"","_et_gb_content_width":"","footnotes":""},"categories":[60],"tags":[],"class_list":["post-4651","post","type-post","status-publish","format-standard","has-post-thumbnail","hentry","category-etxera-es","et-has-post-format-content","et_post_format-et-post-format-standard"],"acf":[],"yoast_head":"<!-- This site is optimized with the Yoast SEO plugin v26.4 - https:\/\/yoast.com\/wordpress\/plugins\/seo\/ -->\n<title>presentamos una nueva imagen para ilustrar la proximidad del fin de la pol\u00edtica de alejamiento - Sare Herritarra<\/title>\n<meta name=\"robots\" content=\"index, follow, max-snippet:-1, max-image-preview:large, max-video-preview:-1\" \/>\n<link rel=\"canonical\" href=\"https:\/\/sare.eus\/es\/presentamos-una-nueva-imagen-para-ilustrar-la-proximidad-del-fin-de-la-politica-de-alejamiento\/\" \/>\n<meta property=\"og:locale\" content=\"es_ES\" \/>\n<meta property=\"og:type\" content=\"article\" \/>\n<meta property=\"og:title\" content=\"presentamos una nueva imagen para ilustrar la proximidad del fin de la pol\u00edtica de alejamiento - Sare Herritarra\" \/>\n<meta property=\"og:description\" content=\"34 largos a\u00f1os; 34 largos a\u00f1os desde que se empez\u00f3 a aplicar la pol\u00edtica de alejamiento, la cual ha generado mucho sufrimiento psicol\u00f3gico, econ\u00f3mico y\/o f\u00edsico. Somos muchas personas las [&hellip;]\" \/>\n<meta property=\"og:url\" content=\"https:\/\/sare.eus\/es\/presentamos-una-nueva-imagen-para-ilustrar-la-proximidad-del-fin-de-la-politica-de-alejamiento\/\" \/>\n<meta property=\"og:site_name\" content=\"Sare Herritarra\" \/>\n<meta property=\"article:published_time\" content=\"2023-01-03T10:30:21+00:00\" \/>\n<meta property=\"article:modified_time\" content=\"2023-01-03T16:14:57+00:00\" \/>\n<meta property=\"og:image\" content=\"https:\/\/sare.eus\/wp-content\/uploads\/2023\/01\/int20230103011663.jpg\" \/>\n\t<meta property=\"og:image:width\" content=\"2304\" \/>\n\t<meta property=\"og:image:height\" content=\"1536\" \/>\n\t<meta property=\"og:image:type\" content=\"image\/jpeg\" \/>\n<meta name=\"author\" content=\"sare\" \/>\n<meta name=\"twitter:card\" content=\"summary_large_image\" \/>\n<meta name=\"twitter:label1\" content=\"Escrito por\" \/>\n\t<meta name=\"twitter:data1\" content=\"sare\" \/>\n\t<meta name=\"twitter:label2\" content=\"Tiempo de lectura\" \/>\n\t<meta name=\"twitter:data2\" content=\"4 minutos\" \/>\n<script type=\"application\/ld+json\" class=\"yoast-schema-graph\">{\"@context\":\"https:\/\/schema.org\",\"@graph\":[{\"@type\":\"Article\",\"@id\":\"https:\/\/sare.eus\/es\/presentamos-una-nueva-imagen-para-ilustrar-la-proximidad-del-fin-de-la-politica-de-alejamiento\/#article\",\"isPartOf\":{\"@id\":\"https:\/\/sare.eus\/es\/presentamos-una-nueva-imagen-para-ilustrar-la-proximidad-del-fin-de-la-politica-de-alejamiento\/\"},\"author\":{\"name\":\"sare\",\"@id\":\"https:\/\/sare.eus\/#\/schema\/person\/2fe6d0df294f56313d3ab236dbe38e17\"},\"headline\":\"presentamos una nueva imagen para ilustrar la proximidad del fin de la pol\u00edtica de alejamiento\",\"datePublished\":\"2023-01-03T10:30:21+00:00\",\"dateModified\":\"2023-01-03T16:14:57+00:00\",\"mainEntityOfPage\":{\"@id\":\"https:\/\/sare.eus\/es\/presentamos-una-nueva-imagen-para-ilustrar-la-proximidad-del-fin-de-la-politica-de-alejamiento\/\"},\"wordCount\":655,\"publisher\":{\"@id\":\"https:\/\/sare.eus\/#organization\"},\"image\":{\"@id\":\"https:\/\/sare.eus\/es\/presentamos-una-nueva-imagen-para-ilustrar-la-proximidad-del-fin-de-la-politica-de-alejamiento\/#primaryimage\"},\"thumbnailUrl\":\"https:\/\/sare.eus\/wp-content\/uploads\/2023\/01\/int20230103011663.jpg\",\"articleSection\":[\"Etxera\"],\"inLanguage\":\"es\"},{\"@type\":\"WebPage\",\"@id\":\"https:\/\/sare.eus\/es\/presentamos-una-nueva-imagen-para-ilustrar-la-proximidad-del-fin-de-la-politica-de-alejamiento\/\",\"url\":\"https:\/\/sare.eus\/es\/presentamos-una-nueva-imagen-para-ilustrar-la-proximidad-del-fin-de-la-politica-de-alejamiento\/\",\"name\":\"presentamos una nueva imagen para ilustrar la proximidad del fin de la pol\u00edtica de alejamiento - Sare Herritarra\",\"isPartOf\":{\"@id\":\"https:\/\/sare.eus\/#website\"},\"primaryImageOfPage\":{\"@id\":\"https:\/\/sare.eus\/es\/presentamos-una-nueva-imagen-para-ilustrar-la-proximidad-del-fin-de-la-politica-de-alejamiento\/#primaryimage\"},\"image\":{\"@id\":\"https:\/\/sare.eus\/es\/presentamos-una-nueva-imagen-para-ilustrar-la-proximidad-del-fin-de-la-politica-de-alejamiento\/#primaryimage\"},\"thumbnailUrl\":\"https:\/\/sare.eus\/wp-content\/uploads\/2023\/01\/int20230103011663.jpg\",\"datePublished\":\"2023-01-03T10:30:21+00:00\",\"dateModified\":\"2023-01-03T16:14:57+00:00\",\"breadcrumb\":{\"@id\":\"https:\/\/sare.eus\/es\/presentamos-una-nueva-imagen-para-ilustrar-la-proximidad-del-fin-de-la-politica-de-alejamiento\/#breadcrumb\"},\"inLanguage\":\"es\",\"potentialAction\":[{\"@type\":\"ReadAction\",\"target\":[\"https:\/\/sare.eus\/es\/presentamos-una-nueva-imagen-para-ilustrar-la-proximidad-del-fin-de-la-politica-de-alejamiento\/\"]}]},{\"@type\":\"ImageObject\",\"inLanguage\":\"es\",\"@id\":\"https:\/\/sare.eus\/es\/presentamos-una-nueva-imagen-para-ilustrar-la-proximidad-del-fin-de-la-politica-de-alejamiento\/#primaryimage\",\"url\":\"https:\/\/sare.eus\/wp-content\/uploads\/2023\/01\/int20230103011663.jpg\",\"contentUrl\":\"https:\/\/sare.eus\/wp-content\/uploads\/2023\/01\/int20230103011663.jpg\",\"width\":2304,\"height\":1536,\"caption\":\"I2023-01-03, Donostia. Presoen Euskal Herriratzea aldarrikatzeko ikur berriaren aurkezpena SARE eta ETXERAt-en eskutik. 03-01-2023, San Sebasti\u00e1n. Presentaci\u00f3n del nuevo logo solicitando el acercamiento de los presos de la mano de SARE y ETXERAT\"},{\"@type\":\"BreadcrumbList\",\"@id\":\"https:\/\/sare.eus\/es\/presentamos-una-nueva-imagen-para-ilustrar-la-proximidad-del-fin-de-la-politica-de-alejamiento\/#breadcrumb\",\"itemListElement\":[{\"@type\":\"ListItem\",\"position\":1,\"name\":\"Home\",\"item\":\"https:\/\/sare.eus\/\"},{\"@type\":\"ListItem\",\"position\":2,\"name\":\"presentamos una nueva imagen para ilustrar la proximidad del fin de la pol\u00edtica de alejamiento\"}]},{\"@type\":\"WebSite\",\"@id\":\"https:\/\/sare.eus\/#website\",\"url\":\"https:\/\/sare.eus\/\",\"name\":\"Sare Herritarra\",\"description\":\"KONPONBIDEAREN ETA GIZA ESKUBIDEEN ALDEKO SARE HERRITARRA\",\"publisher\":{\"@id\":\"https:\/\/sare.eus\/#organization\"},\"potentialAction\":[{\"@type\":\"SearchAction\",\"target\":{\"@type\":\"EntryPoint\",\"urlTemplate\":\"https:\/\/sare.eus\/?s={search_term_string}\"},\"query-input\":{\"@type\":\"PropertyValueSpecification\",\"valueRequired\":true,\"valueName\":\"search_term_string\"}}],\"inLanguage\":\"es\"},{\"@type\":\"Organization\",\"@id\":\"https:\/\/sare.eus\/#organization\",\"name\":\"Sare Herritarra\",\"url\":\"https:\/\/sare.eus\/\",\"logo\":{\"@type\":\"ImageObject\",\"inLanguage\":\"es\",\"@id\":\"https:\/\/sare.eus\/#\/schema\/logo\/image\/\",\"url\":\"https:\/\/sare.eus\/wp-content\/uploads\/2021\/08\/sare.png\",\"contentUrl\":\"https:\/\/sare.eus\/wp-content\/uploads\/2021\/08\/sare.png\",\"width\":120,\"height\":142,\"caption\":\"Sare Herritarra\"},\"image\":{\"@id\":\"https:\/\/sare.eus\/#\/schema\/logo\/image\/\"}},{\"@type\":\"Person\",\"@id\":\"https:\/\/sare.eus\/#\/schema\/person\/2fe6d0df294f56313d3ab236dbe38e17\",\"name\":\"sare\",\"image\":{\"@type\":\"ImageObject\",\"inLanguage\":\"es\",\"@id\":\"https:\/\/sare.eus\/#\/schema\/person\/image\/\",\"url\":\"https:\/\/secure.gravatar.com\/avatar\/77cad838677ceb1977e7b3c878b55eaa7fa4aae2158983063b047c3ad7ef2c25?s=96&d=mm&r=g\",\"contentUrl\":\"https:\/\/secure.gravatar.com\/avatar\/77cad838677ceb1977e7b3c878b55eaa7fa4aae2158983063b047c3ad7ef2c25?s=96&d=mm&r=g\",\"caption\":\"sare\"},\"url\":\"https:\/\/sare.eus\/es\/author\/sare\/\"}]}<\/script>\n<!-- \/ Yoast SEO plugin. -->","yoast_head_json":{"title":"presentamos una nueva imagen para ilustrar la proximidad del fin de la pol\u00edtica de alejamiento - Sare Herritarra","robots":{"index":"index","follow":"follow","max-snippet":"max-snippet:-1","max-image-preview":"max-image-preview:large","max-video-preview":"max-video-preview:-1"},"canonical":"https:\/\/sare.eus\/es\/presentamos-una-nueva-imagen-para-ilustrar-la-proximidad-del-fin-de-la-politica-de-alejamiento\/","og_locale":"es_ES","og_type":"article","og_title":"presentamos una nueva imagen para ilustrar la proximidad del fin de la pol\u00edtica de alejamiento - Sare Herritarra","og_description":"34 largos a\u00f1os; 34 largos a\u00f1os desde que se empez\u00f3 a aplicar la pol\u00edtica de alejamiento, la cual ha generado mucho sufrimiento psicol\u00f3gico, econ\u00f3mico y\/o f\u00edsico. Somos muchas personas las [&hellip;]","og_url":"https:\/\/sare.eus\/es\/presentamos-una-nueva-imagen-para-ilustrar-la-proximidad-del-fin-de-la-politica-de-alejamiento\/","og_site_name":"Sare Herritarra","article_published_time":"2023-01-03T10:30:21+00:00","article_modified_time":"2023-01-03T16:14:57+00:00","og_image":[{"width":2304,"height":1536,"url":"https:\/\/sare.eus\/wp-content\/uploads\/2023\/01\/int20230103011663.jpg","type":"image\/jpeg"}],"author":"sare","twitter_card":"summary_large_image","twitter_misc":{"Escrito por":"sare","Tiempo de lectura":"4 minutos"},"schema":{"@context":"https:\/\/schema.org","@graph":[{"@type":"Article","@id":"https:\/\/sare.eus\/es\/presentamos-una-nueva-imagen-para-ilustrar-la-proximidad-del-fin-de-la-politica-de-alejamiento\/#article","isPartOf":{"@id":"https:\/\/sare.eus\/es\/presentamos-una-nueva-imagen-para-ilustrar-la-proximidad-del-fin-de-la-politica-de-alejamiento\/"},"author":{"name":"sare","@id":"https:\/\/sare.eus\/#\/schema\/person\/2fe6d0df294f56313d3ab236dbe38e17"},"headline":"presentamos una nueva imagen para ilustrar la proximidad del fin de la pol\u00edtica de alejamiento","datePublished":"2023-01-03T10:30:21+00:00","dateModified":"2023-01-03T16:14:57+00:00","mainEntityOfPage":{"@id":"https:\/\/sare.eus\/es\/presentamos-una-nueva-imagen-para-ilustrar-la-proximidad-del-fin-de-la-politica-de-alejamiento\/"},"wordCount":655,"publisher":{"@id":"https:\/\/sare.eus\/#organization"},"image":{"@id":"https:\/\/sare.eus\/es\/presentamos-una-nueva-imagen-para-ilustrar-la-proximidad-del-fin-de-la-politica-de-alejamiento\/#primaryimage"},"thumbnailUrl":"https:\/\/sare.eus\/wp-content\/uploads\/2023\/01\/int20230103011663.jpg","articleSection":["Etxera"],"inLanguage":"es"},{"@type":"WebPage","@id":"https:\/\/sare.eus\/es\/presentamos-una-nueva-imagen-para-ilustrar-la-proximidad-del-fin-de-la-politica-de-alejamiento\/","url":"https:\/\/sare.eus\/es\/presentamos-una-nueva-imagen-para-ilustrar-la-proximidad-del-fin-de-la-politica-de-alejamiento\/","name":"presentamos una nueva imagen para ilustrar la proximidad del fin de la pol\u00edtica de alejamiento - Sare Herritarra","isPartOf":{"@id":"https:\/\/sare.eus\/#website"},"primaryImageOfPage":{"@id":"https:\/\/sare.eus\/es\/presentamos-una-nueva-imagen-para-ilustrar-la-proximidad-del-fin-de-la-politica-de-alejamiento\/#primaryimage"},"image":{"@id":"https:\/\/sare.eus\/es\/presentamos-una-nueva-imagen-para-ilustrar-la-proximidad-del-fin-de-la-politica-de-alejamiento\/#primaryimage"},"thumbnailUrl":"https:\/\/sare.eus\/wp-content\/uploads\/2023\/01\/int20230103011663.jpg","datePublished":"2023-01-03T10:30:21+00:00","dateModified":"2023-01-03T16:14:57+00:00","breadcrumb":{"@id":"https:\/\/sare.eus\/es\/presentamos-una-nueva-imagen-para-ilustrar-la-proximidad-del-fin-de-la-politica-de-alejamiento\/#breadcrumb"},"inLanguage":"es","potentialAction":[{"@type":"ReadAction","target":["https:\/\/sare.eus\/es\/presentamos-una-nueva-imagen-para-ilustrar-la-proximidad-del-fin-de-la-politica-de-alejamiento\/"]}]},{"@type":"ImageObject","inLanguage":"es","@id":"https:\/\/sare.eus\/es\/presentamos-una-nueva-imagen-para-ilustrar-la-proximidad-del-fin-de-la-politica-de-alejamiento\/#primaryimage","url":"https:\/\/sare.eus\/wp-content\/uploads\/2023\/01\/int20230103011663.jpg","contentUrl":"https:\/\/sare.eus\/wp-content\/uploads\/2023\/01\/int20230103011663.jpg","width":2304,"height":1536,"caption":"I2023-01-03, Donostia. Presoen Euskal Herriratzea aldarrikatzeko ikur berriaren aurkezpena SARE eta ETXERAt-en eskutik. 03-01-2023, San Sebasti\u00e1n. Presentaci\u00f3n del nuevo logo solicitando el acercamiento de los presos de la mano de SARE y ETXERAT"},{"@type":"BreadcrumbList","@id":"https:\/\/sare.eus\/es\/presentamos-una-nueva-imagen-para-ilustrar-la-proximidad-del-fin-de-la-politica-de-alejamiento\/#breadcrumb","itemListElement":[{"@type":"ListItem","position":1,"name":"Home","item":"https:\/\/sare.eus\/"},{"@type":"ListItem","position":2,"name":"presentamos una nueva imagen para ilustrar la proximidad del fin de la pol\u00edtica de alejamiento"}]},{"@type":"WebSite","@id":"https:\/\/sare.eus\/#website","url":"https:\/\/sare.eus\/","name":"Sare Herritarra","description":"KONPONBIDEAREN ETA GIZA ESKUBIDEEN ALDEKO SARE HERRITARRA","publisher":{"@id":"https:\/\/sare.eus\/#organization"},"potentialAction":[{"@type":"SearchAction","target":{"@type":"EntryPoint","urlTemplate":"https:\/\/sare.eus\/?s={search_term_string}"},"query-input":{"@type":"PropertyValueSpecification","valueRequired":true,"valueName":"search_term_string"}}],"inLanguage":"es"},{"@type":"Organization","@id":"https:\/\/sare.eus\/#organization","name":"Sare Herritarra","url":"https:\/\/sare.eus\/","logo":{"@type":"ImageObject","inLanguage":"es","@id":"https:\/\/sare.eus\/#\/schema\/logo\/image\/","url":"https:\/\/sare.eus\/wp-content\/uploads\/2021\/08\/sare.png","contentUrl":"https:\/\/sare.eus\/wp-content\/uploads\/2021\/08\/sare.png","width":120,"height":142,"caption":"Sare Herritarra"},"image":{"@id":"https:\/\/sare.eus\/#\/schema\/logo\/image\/"}},{"@type":"Person","@id":"https:\/\/sare.eus\/#\/schema\/person\/2fe6d0df294f56313d3ab236dbe38e17","name":"sare","image":{"@type":"ImageObject","inLanguage":"es","@id":"https:\/\/sare.eus\/#\/schema\/person\/image\/","url":"https:\/\/secure.gravatar.com\/avatar\/77cad838677ceb1977e7b3c878b55eaa7fa4aae2158983063b047c3ad7ef2c25?s=96&d=mm&r=g","contentUrl":"https:\/\/secure.gravatar.com\/avatar\/77cad838677ceb1977e7b3c878b55eaa7fa4aae2158983063b047c3ad7ef2c25?s=96&d=mm&r=g","caption":"sare"},"url":"https:\/\/sare.eus\/es\/author\/sare\/"}]}},"_links":{"self":[{"href":"https:\/\/sare.eus\/es\/wp-json\/wp\/v2\/posts\/4651","targetHints":{"allow":["GET"]}}],"collection":[{"href":"https:\/\/sare.eus\/es\/wp-json\/wp\/v2\/posts"}],"about":[{"href":"https:\/\/sare.eus\/es\/wp-json\/wp\/v2\/types\/post"}],"author":[{"embeddable":true,"href":"https:\/\/sare.eus\/es\/wp-json\/wp\/v2\/users\/2"}],"replies":[{"embeddable":true,"href":"https:\/\/sare.eus\/es\/wp-json\/wp\/v2\/comments?post=4651"}],"version-history":[{"count":4,"href":"https:\/\/sare.eus\/es\/wp-json\/wp\/v2\/posts\/4651\/revisions"}],"predecessor-version":[{"id":4662,"href":"https:\/\/sare.eus\/es\/wp-json\/wp\/v2\/posts\/4651\/revisions\/4662"}],"wp:featuredmedia":[{"embeddable":true,"href":"https:\/\/sare.eus\/es\/wp-json\/wp\/v2\/media\/4655"}],"wp:attachment":[{"href":"https:\/\/sare.eus\/es\/wp-json\/wp\/v2\/media?parent=4651"}],"wp:term":[{"taxonomy":"category","embeddable":true,"href":"https:\/\/sare.eus\/es\/wp-json\/wp\/v2\/categories?post=4651"},{"taxonomy":"post_tag","embeddable":true,"href":"https:\/\/sare.eus\/es\/wp-json\/wp\/v2\/tags?post=4651"}],"curies":[{"name":"wp","href":"https:\/\/api.w.org\/{rel}","templated":true}]}}