{"id":4623,"date":"2022-12-31T14:30:11","date_gmt":"2022-12-31T14:30:11","guid":{"rendered":"https:\/\/sare.eus\/urtea-amaitzeko-etxerabideagertu-eta-salbuespen-legediarekin-amaitzeko-deialdiak\/"},"modified":"2022-12-31T16:50:33","modified_gmt":"2022-12-31T16:50:33","slug":"a-finales-de-ano-bajo-el-lema-etxerabideagertu-y-bajo-la-legislacion-de-excepcion","status":"publish","type":"post","link":"https:\/\/sare.eus\/es\/a-finales-de-ano-bajo-el-lema-etxerabideagertu-y-bajo-la-legislacion-de-excepcion\/","title":{"rendered":"A finales de a\u00f1o, bajo el lema #EtxeraBideaGertu y bajo la legislaci\u00f3n de excepci\u00f3n, hemos convocado movilizaciones en diferentes localidades de Euskal Herria."},"content":{"rendered":"<p class=\"western\" align=\"justify\">Las fechas navide\u00f1as suelen ser especiales para todas y para todos; son una \u00e9poca para sentirnos m\u00e1s cerca de nuestra familia y de nuestro entorno; para estar juntas y juntos en comidas y cenas, y, por desgracia, en muchas casas todav\u00eda se mantienen los vac\u00edos que ya duran muchos a\u00f1os.<\/p>\n<p class=\"western\" align=\"justify\">Est\u00e1n m\u00e1s cerca, s\u00ed; las tenemos m\u00e1s cerca, s\u00ed; y eso, sin lugar a dudas, supone quitarse una gran carga de encima. Y ha sido posible gracias al esfuerzo de todas y todos; ha sido posible gracias al esfuerzo de todas las personas que han llevado a cabo tareas de cuidado durante 34 a\u00f1os, de las personas que han estado en activo en la calle; de quienes han trabajado conjuntamente en el \u00e1mbito institucional, en el pol\u00edtico o en el sindical. Est\u00e1n m\u00e1s cerca y en 2\u00ba grado, y es el momento de darle el valor que le corresponde.<\/p>\n<p class=\"western\" align=\"justify\">Pero que nadie piense que el camino termina aqu\u00ed; todav\u00eda nos queda un largo camino por recorrer, ya que son muchas personas las que, cumpliendo todas las condiciones establecidas por ley, no est\u00e1n consiguiendo permisos; o 110 tendr\u00edan que estar en 3<sup>er<\/sup> grado, pero s\u00f3lo est\u00e1n 33&#8230; En el camino de vuelta a casa son evidentes estas trabas. Se saltan los informes de las direcciones de las c\u00e1rceles y las decisiones del Gobierno Vasco; esos ataques de Madrid son un claro obst\u00e1culo en ese camino.<\/p>\n<p align=\"justify\">\u00a0<\/p>\n\n\n<figure class=\"wp-block-embed is-type-video is-provider-youtube wp-block-embed-youtube wp-embed-aspect-16-9 wp-has-aspect-ratio\"><div class=\"wp-block-embed__wrapper\">\n<iframe loading=\"lazy\" title=\"Martutenetik #EtxeraBideaGertu eta salbuespen legediarekin amaitzeko deialdia\" width=\"1080\" height=\"608\" src=\"https:\/\/www.youtube.com\/embed\/Pc4BJ73GvIw?feature=oembed\" frameborder=\"0\" allow=\"accelerometer; autoplay; clipboard-write; encrypted-media; gyroscope; picture-in-picture\" allowfullscreen><\/iframe>\n<\/div><figcaption>MARTUTENEKO MOBILIZAZIOA<\/figcaption><\/figure>\n\n\n<p class=\"western\" align=\"justify\">Ha habido 9 regresiones de grado, lo que supone un enorme paso atr\u00e1s en el camino para superar definitivamente las medidas de excepci\u00f3n. Adem\u00e1s, 13 est\u00e1n a la espera de sentencia, los recursos de la fiscal\u00eda de la Audiencia Nacional son constantes, y solo podemos entenderlo como una actitud basada en la venganza y en el odio.<\/p>\n<p class=\"western\" align=\"justify\">Pero, como hemos hecho hasta ahora, nosotras y nosotros tenemos el firme compromiso de seguir trabajando conjuntamente con quienes queremos llevar a cabo con normalidad el proceso hacia la convivencia y la vuelta a casa. No podemos quedarnos a mitad de camino, y vamos a seguir promoviendo el trabajo en com\u00fan, la activaci\u00f3n y la movilizaci\u00f3n hasta culminar el proceso de vuelta a casa. Porque es el \u00fanico modo de cambiar esta situaci\u00f3n.<\/p>\n<p class=\"western\" align=\"justify\">As\u00ed pues, teniendo presentes los retos a afrontar en esta nueva fase, tenemos que saber poner en valor tambi\u00e9n este momento. Tenemos que ser conscientes de la fuerza que conlleva nuestro trabajo conjunto, y nuestra \u00fanica opci\u00f3n es seguir en ese camino, porque as\u00ed conseguiremos superar estas trabas tambi\u00e9n.<\/p>\n<p class=\"western\" align=\"justify\">Por lo tanto, hoy aqu\u00ed, y el 7 de enero en Bilbao, defenderemos el proceso de vuelta a casa de las personas presas, refugiadas y deportadas, y nos opondremos a todas las medidas de excepci\u00f3n.<\/p>\n<p class=\"western\" align=\"justify\"><strong>\u00a1Entre todas y todos lo conseguiremos!<\/strong><\/p>\n<p class=\"western\" align=\"justify\"><strong>Eskerrik asko eta<\/strong><\/p>\n<p class=\"western\" align=\"justify\"><strong>\u00a1Nos volveremos a ver en Bilbao!<\/strong><\/p>\n<p>\u00a0<\/p>\n\n\n<figure class=\"wp-block-embed is-type-video is-provider-youtube wp-block-embed-youtube wp-embed-aspect-16-9 wp-has-aspect-ratio\"><div class=\"wp-block-embed__wrapper\">\n<iframe loading=\"lazy\" title=\"Euskal presoak etxeratzeko urratsak ematen jarraitzeko deia herriz herri\" width=\"1080\" height=\"608\" src=\"https:\/\/www.youtube.com\/embed\/w-5UCSwLWsQ?feature=oembed\" frameborder=\"0\" allow=\"accelerometer; autoplay; clipboard-write; encrypted-media; gyroscope; picture-in-picture\" allowfullscreen><\/iframe>\n<\/div><figcaption>IRU\u00d1EKO MOBILIZAZIOA &#8211; AHOTSA.INFO<\/figcaption><\/figure>\n\n\n\n<div class=\"wp-block-columns is-layout-flex wp-container-core-columns-is-layout-9d6595d7 wp-block-columns-is-layout-flex\">\n<div class=\"wp-block-column is-layout-flow wp-block-column-is-layout-flow\">\n<figure class=\"wp-block-embed is-type-rich is-provider-twitter wp-block-embed-twitter\"><div class=\"wp-block-embed__wrapper\">\n<blockquote class=\"twitter-tweet\" data-width=\"550\" data-dnt=\"true\"><p lang=\"eu\" dir=\"ltr\">Urteko azken mobilizazioa!<br>Eskerrik asko Basaurira gerturatu zareten guztioi! <br>\u2197\ufe0fDenon artean <a href=\"https:\/\/twitter.com\/hashtag\/EtxeraBideaGertu?src=hash&amp;ref_src=twsrc%5Etfw\">#EtxeraBideaGertu<\/a> \u2199\ufe0f<a href=\"https:\/\/twitter.com\/hashtag\/Urt7Bilbora?src=hash&amp;ref_src=twsrc%5Etfw\">#Urt7Bilbora<\/a> <a href=\"https:\/\/t.co\/tP4vpz2ubx\">pic.twitter.com\/tP4vpz2ubx<\/a><\/p>&mdash; Sare Bilbo (@SareBilbo) <a href=\"https:\/\/twitter.com\/SareBilbo\/status\/1609152605418131457?ref_src=twsrc%5Etfw\">December 31, 2022<\/a><\/blockquote><script async src=\"https:\/\/platform.twitter.com\/widgets.js\" charset=\"utf-8\"><\/script>\n<\/div><\/figure>\n\n\n\n<div class=\"wp-block-columns is-layout-flex wp-container-core-columns-is-layout-9d6595d7 wp-block-columns-is-layout-flex\">\n<div class=\"wp-block-column is-layout-flow wp-block-column-is-layout-flow\">\n<figure class=\"wp-block-embed is-type-rich is-provider-twitter wp-block-embed-twitter\"><div class=\"wp-block-embed__wrapper\">\n<blockquote class=\"twitter-tweet\" data-width=\"550\" data-dnt=\"true\"><p lang=\"eu\" dir=\"ltr\">Presoen etxeratzea gauzatzeko aldarria, urte bukaerako elkarretaratzeetan <a href=\"https:\/\/t.co\/8EBIDNOQbO\">https:\/\/t.co\/8EBIDNOQbO<\/a> <a href=\"https:\/\/t.co\/74D61wxEyc\">pic.twitter.com\/74D61wxEyc<\/a><\/p>&mdash; naiz: (@naiz_info) <a href=\"https:\/\/twitter.com\/naiz_info\/status\/1608919304107446274?ref_src=twsrc%5Etfw\">December 30, 2022<\/a><\/blockquote><script async src=\"https:\/\/platform.twitter.com\/widgets.js\" charset=\"utf-8\"><\/script>\n<\/div><\/figure>\n<\/div>\n<\/div>\n<\/div>\n\n\n\n<div class=\"wp-block-column is-layout-flow wp-block-column-is-layout-flow\">\n<figure class=\"wp-block-embed is-type-rich is-provider-twitter wp-block-embed-twitter\"><div class=\"wp-block-embed__wrapper\">\nhttps:\/\/twitter.com\/Foku_eus\/status\/1609134833376059393?s=20&#038;t=LPLc4lxeUhMYfTWdIChuMw\n<\/div><\/figure>\n\n\n\n<div class=\"wp-block-columns is-layout-flex wp-container-core-columns-is-layout-9d6595d7 wp-block-columns-is-layout-flex\">\n<div class=\"wp-block-column is-layout-flow wp-block-column-is-layout-flow\"><\/div>\n<\/div>\n<\/div>\n<\/div>\n\n\n\n<div class=\"wp-block-columns is-layout-flex wp-container-core-columns-is-layout-9d6595d7 wp-block-columns-is-layout-flex\">\n<div class=\"wp-block-column is-layout-flow wp-block-column-is-layout-flow\">\n<figure class=\"wp-block-embed is-type-rich is-provider-twitter wp-block-embed-twitter\"><div class=\"wp-block-embed__wrapper\">\nhttps:\/\/twitter.com\/naiz_info\/status\/1609182419273269249?s=20&#038;t=LPLc4lxeUhMYfTWdIChuMw\n<\/div><\/figure>\n<\/div>\n\n\n\n<div class=\"wp-block-column is-layout-flow wp-block-column-is-layout-flow\">\n<figure class=\"wp-block-embed is-type-rich is-provider-twitter wp-block-embed-twitter\"><div class=\"wp-block-embed__wrapper\">\n<blockquote class=\"twitter-tweet\" data-width=\"550\" data-dnt=\"true\"><p lang=\"eu\" dir=\"ltr\">.<a href=\"https:\/\/twitter.com\/sare_herritarra?ref_src=twsrc%5Etfw\">@sare_herritarra<\/a>\u200bk deituta manifestazio bana egin dute gaur goizean ehunka lagunek Martuteneko eta Basauriko espetxeen parean. <a href=\"https:\/\/twitter.com\/hashtag\/EtxeraBideaGertu?src=hash&amp;ref_src=twsrc%5Etfw\">#EtxeraBideaGertu<\/a> bidea gertu lelopean elkartu dira, eta gradu aldaketetan izaten ari den \u00abatzerapausoa\u00bb salatu dute.<a href=\"https:\/\/twitter.com\/jonordoez?ref_src=twsrc%5Etfw\">@jonordoez<\/a><a href=\"https:\/\/t.co\/1D86S0Rv9c\">https:\/\/t.co\/1D86S0Rv9c<\/a><\/p>&mdash; Berria.eus (@berria) <a href=\"https:\/\/twitter.com\/berria\/status\/1609165095241764866?ref_src=twsrc%5Etfw\">December 31, 2022<\/a><\/blockquote><script async src=\"https:\/\/platform.twitter.com\/widgets.js\" charset=\"utf-8\"><\/script>\n<\/div><\/figure>\n<\/div>\n<\/div>\n","protected":false},"excerpt":{"rendered":"<p>Las fechas navide\u00f1as suelen ser especiales para todas y para todos; son una \u00e9poca para sentirnos m\u00e1s cerca de nuestra familia y de nuestro entorno; para estar juntas y juntos [&hellip;]<\/p>\n","protected":false},"author":2,"featured_media":4613,"comment_status":"closed","ping_status":"closed","sticky":false,"template":"","format":"standard","meta":{"_acf_changed":false,"_et_pb_use_builder":"off","_et_pb_old_content":"","_et_gb_content_width":"","footnotes":""},"categories":[60],"tags":[],"class_list":["post-4623","post","type-post","status-publish","format-standard","has-post-thumbnail","hentry","category-etxera-es","et-has-post-format-content","et_post_format-et-post-format-standard"],"acf":[],"yoast_head":"<!-- This site is optimized with the Yoast SEO plugin v26.4 - https:\/\/yoast.com\/wordpress\/plugins\/seo\/ -->\n<title>A finales de a\u00f1o, bajo el lema #EtxeraBideaGertu y bajo la legislaci\u00f3n de excepci\u00f3n, hemos convocado movilizaciones en diferentes localidades de Euskal Herria. - Sare Herritarra<\/title>\n<meta name=\"robots\" content=\"index, follow, max-snippet:-1, max-image-preview:large, max-video-preview:-1\" \/>\n<link rel=\"canonical\" href=\"https:\/\/sare.eus\/es\/a-finales-de-ano-bajo-el-lema-etxerabideagertu-y-bajo-la-legislacion-de-excepcion\/\" \/>\n<meta property=\"og:locale\" content=\"es_ES\" \/>\n<meta property=\"og:type\" content=\"article\" \/>\n<meta property=\"og:title\" content=\"A finales de a\u00f1o, bajo el lema #EtxeraBideaGertu y bajo la legislaci\u00f3n de excepci\u00f3n, hemos convocado movilizaciones en diferentes localidades de Euskal Herria. - Sare Herritarra\" \/>\n<meta property=\"og:description\" content=\"Las fechas navide\u00f1as suelen ser especiales para todas y para todos; son una \u00e9poca para sentirnos m\u00e1s cerca de nuestra familia y de nuestro entorno; para estar juntas y juntos [&hellip;]\" \/>\n<meta property=\"og:url\" content=\"https:\/\/sare.eus\/es\/a-finales-de-ano-bajo-el-lema-etxerabideagertu-y-bajo-la-legislacion-de-excepcion\/\" \/>\n<meta property=\"og:site_name\" content=\"Sare Herritarra\" \/>\n<meta property=\"article:published_time\" content=\"2022-12-31T14:30:11+00:00\" \/>\n<meta property=\"article:modified_time\" content=\"2022-12-31T16:50:33+00:00\" \/>\n<meta property=\"og:image\" content=\"https:\/\/sare.eus\/wp-content\/uploads\/2022\/12\/AB-31-MARTU-EDIT-_10.jpg\" \/>\n\t<meta property=\"og:image:width\" content=\"1280\" \/>\n\t<meta property=\"og:image:height\" content=\"720\" \/>\n\t<meta property=\"og:image:type\" content=\"image\/jpeg\" \/>\n<meta name=\"author\" content=\"sare\" \/>\n<meta name=\"twitter:card\" content=\"summary_large_image\" \/>\n<meta name=\"twitter:label1\" content=\"Escrito por\" \/>\n\t<meta name=\"twitter:data1\" content=\"sare\" \/>\n\t<meta name=\"twitter:label2\" content=\"Tiempo de lectura\" \/>\n\t<meta name=\"twitter:data2\" content=\"3 minutos\" \/>\n<script type=\"application\/ld+json\" class=\"yoast-schema-graph\">{\"@context\":\"https:\/\/schema.org\",\"@graph\":[{\"@type\":\"Article\",\"@id\":\"https:\/\/sare.eus\/es\/a-finales-de-ano-bajo-el-lema-etxerabideagertu-y-bajo-la-legislacion-de-excepcion\/#article\",\"isPartOf\":{\"@id\":\"https:\/\/sare.eus\/es\/a-finales-de-ano-bajo-el-lema-etxerabideagertu-y-bajo-la-legislacion-de-excepcion\/\"},\"author\":{\"name\":\"sare\",\"@id\":\"https:\/\/sare.eus\/#\/schema\/person\/2fe6d0df294f56313d3ab236dbe38e17\"},\"headline\":\"A finales de a\u00f1o, bajo el lema #EtxeraBideaGertu y bajo la legislaci\u00f3n de excepci\u00f3n, hemos convocado movilizaciones en diferentes localidades de Euskal Herria.\",\"datePublished\":\"2022-12-31T14:30:11+00:00\",\"dateModified\":\"2022-12-31T16:50:33+00:00\",\"mainEntityOfPage\":{\"@id\":\"https:\/\/sare.eus\/es\/a-finales-de-ano-bajo-el-lema-etxerabideagertu-y-bajo-la-legislacion-de-excepcion\/\"},\"wordCount\":586,\"publisher\":{\"@id\":\"https:\/\/sare.eus\/#organization\"},\"image\":{\"@id\":\"https:\/\/sare.eus\/es\/a-finales-de-ano-bajo-el-lema-etxerabideagertu-y-bajo-la-legislacion-de-excepcion\/#primaryimage\"},\"thumbnailUrl\":\"https:\/\/sare.eus\/wp-content\/uploads\/2022\/12\/AB-31-MARTU-EDIT-_10.jpg\",\"articleSection\":[\"Etxera\"],\"inLanguage\":\"es\"},{\"@type\":\"WebPage\",\"@id\":\"https:\/\/sare.eus\/es\/a-finales-de-ano-bajo-el-lema-etxerabideagertu-y-bajo-la-legislacion-de-excepcion\/\",\"url\":\"https:\/\/sare.eus\/es\/a-finales-de-ano-bajo-el-lema-etxerabideagertu-y-bajo-la-legislacion-de-excepcion\/\",\"name\":\"A finales de a\u00f1o, bajo el lema #EtxeraBideaGertu y bajo la legislaci\u00f3n de excepci\u00f3n, hemos convocado movilizaciones en diferentes localidades de Euskal Herria. - Sare Herritarra\",\"isPartOf\":{\"@id\":\"https:\/\/sare.eus\/#website\"},\"primaryImageOfPage\":{\"@id\":\"https:\/\/sare.eus\/es\/a-finales-de-ano-bajo-el-lema-etxerabideagertu-y-bajo-la-legislacion-de-excepcion\/#primaryimage\"},\"image\":{\"@id\":\"https:\/\/sare.eus\/es\/a-finales-de-ano-bajo-el-lema-etxerabideagertu-y-bajo-la-legislacion-de-excepcion\/#primaryimage\"},\"thumbnailUrl\":\"https:\/\/sare.eus\/wp-content\/uploads\/2022\/12\/AB-31-MARTU-EDIT-_10.jpg\",\"datePublished\":\"2022-12-31T14:30:11+00:00\",\"dateModified\":\"2022-12-31T16:50:33+00:00\",\"breadcrumb\":{\"@id\":\"https:\/\/sare.eus\/es\/a-finales-de-ano-bajo-el-lema-etxerabideagertu-y-bajo-la-legislacion-de-excepcion\/#breadcrumb\"},\"inLanguage\":\"es\",\"potentialAction\":[{\"@type\":\"ReadAction\",\"target\":[\"https:\/\/sare.eus\/es\/a-finales-de-ano-bajo-el-lema-etxerabideagertu-y-bajo-la-legislacion-de-excepcion\/\"]}]},{\"@type\":\"ImageObject\",\"inLanguage\":\"es\",\"@id\":\"https:\/\/sare.eus\/es\/a-finales-de-ano-bajo-el-lema-etxerabideagertu-y-bajo-la-legislacion-de-excepcion\/#primaryimage\",\"url\":\"https:\/\/sare.eus\/wp-content\/uploads\/2022\/12\/AB-31-MARTU-EDIT-_10.jpg\",\"contentUrl\":\"https:\/\/sare.eus\/wp-content\/uploads\/2022\/12\/AB-31-MARTU-EDIT-_10.jpg\",\"width\":1280,\"height\":720},{\"@type\":\"BreadcrumbList\",\"@id\":\"https:\/\/sare.eus\/es\/a-finales-de-ano-bajo-el-lema-etxerabideagertu-y-bajo-la-legislacion-de-excepcion\/#breadcrumb\",\"itemListElement\":[{\"@type\":\"ListItem\",\"position\":1,\"name\":\"Home\",\"item\":\"https:\/\/sare.eus\/\"},{\"@type\":\"ListItem\",\"position\":2,\"name\":\"A finales de a\u00f1o, bajo el lema #EtxeraBideaGertu y bajo la legislaci\u00f3n de excepci\u00f3n, hemos convocado movilizaciones en diferentes localidades de Euskal Herria.\"}]},{\"@type\":\"WebSite\",\"@id\":\"https:\/\/sare.eus\/#website\",\"url\":\"https:\/\/sare.eus\/\",\"name\":\"Sare Herritarra\",\"description\":\"KONPONBIDEAREN ETA GIZA ESKUBIDEEN ALDEKO SARE HERRITARRA\",\"publisher\":{\"@id\":\"https:\/\/sare.eus\/#organization\"},\"potentialAction\":[{\"@type\":\"SearchAction\",\"target\":{\"@type\":\"EntryPoint\",\"urlTemplate\":\"https:\/\/sare.eus\/?s={search_term_string}\"},\"query-input\":{\"@type\":\"PropertyValueSpecification\",\"valueRequired\":true,\"valueName\":\"search_term_string\"}}],\"inLanguage\":\"es\"},{\"@type\":\"Organization\",\"@id\":\"https:\/\/sare.eus\/#organization\",\"name\":\"Sare Herritarra\",\"url\":\"https:\/\/sare.eus\/\",\"logo\":{\"@type\":\"ImageObject\",\"inLanguage\":\"es\",\"@id\":\"https:\/\/sare.eus\/#\/schema\/logo\/image\/\",\"url\":\"https:\/\/sare.eus\/wp-content\/uploads\/2021\/08\/sare.png\",\"contentUrl\":\"https:\/\/sare.eus\/wp-content\/uploads\/2021\/08\/sare.png\",\"width\":120,\"height\":142,\"caption\":\"Sare Herritarra\"},\"image\":{\"@id\":\"https:\/\/sare.eus\/#\/schema\/logo\/image\/\"}},{\"@type\":\"Person\",\"@id\":\"https:\/\/sare.eus\/#\/schema\/person\/2fe6d0df294f56313d3ab236dbe38e17\",\"name\":\"sare\",\"image\":{\"@type\":\"ImageObject\",\"inLanguage\":\"es\",\"@id\":\"https:\/\/sare.eus\/#\/schema\/person\/image\/\",\"url\":\"https:\/\/secure.gravatar.com\/avatar\/77cad838677ceb1977e7b3c878b55eaa7fa4aae2158983063b047c3ad7ef2c25?s=96&d=mm&r=g\",\"contentUrl\":\"https:\/\/secure.gravatar.com\/avatar\/77cad838677ceb1977e7b3c878b55eaa7fa4aae2158983063b047c3ad7ef2c25?s=96&d=mm&r=g\",\"caption\":\"sare\"},\"url\":\"https:\/\/sare.eus\/es\/author\/sare\/\"}]}<\/script>\n<!-- \/ Yoast SEO plugin. -->","yoast_head_json":{"title":"A finales de a\u00f1o, bajo el lema #EtxeraBideaGertu y bajo la legislaci\u00f3n de excepci\u00f3n, hemos convocado movilizaciones en diferentes localidades de Euskal Herria. - Sare Herritarra","robots":{"index":"index","follow":"follow","max-snippet":"max-snippet:-1","max-image-preview":"max-image-preview:large","max-video-preview":"max-video-preview:-1"},"canonical":"https:\/\/sare.eus\/es\/a-finales-de-ano-bajo-el-lema-etxerabideagertu-y-bajo-la-legislacion-de-excepcion\/","og_locale":"es_ES","og_type":"article","og_title":"A finales de a\u00f1o, bajo el lema #EtxeraBideaGertu y bajo la legislaci\u00f3n de excepci\u00f3n, hemos convocado movilizaciones en diferentes localidades de Euskal Herria. - Sare Herritarra","og_description":"Las fechas navide\u00f1as suelen ser especiales para todas y para todos; son una \u00e9poca para sentirnos m\u00e1s cerca de nuestra familia y de nuestro entorno; para estar juntas y juntos [&hellip;]","og_url":"https:\/\/sare.eus\/es\/a-finales-de-ano-bajo-el-lema-etxerabideagertu-y-bajo-la-legislacion-de-excepcion\/","og_site_name":"Sare Herritarra","article_published_time":"2022-12-31T14:30:11+00:00","article_modified_time":"2022-12-31T16:50:33+00:00","og_image":[{"width":1280,"height":720,"url":"https:\/\/sare.eus\/wp-content\/uploads\/2022\/12\/AB-31-MARTU-EDIT-_10.jpg","type":"image\/jpeg"}],"author":"sare","twitter_card":"summary_large_image","twitter_misc":{"Escrito por":"sare","Tiempo de lectura":"3 minutos"},"schema":{"@context":"https:\/\/schema.org","@graph":[{"@type":"Article","@id":"https:\/\/sare.eus\/es\/a-finales-de-ano-bajo-el-lema-etxerabideagertu-y-bajo-la-legislacion-de-excepcion\/#article","isPartOf":{"@id":"https:\/\/sare.eus\/es\/a-finales-de-ano-bajo-el-lema-etxerabideagertu-y-bajo-la-legislacion-de-excepcion\/"},"author":{"name":"sare","@id":"https:\/\/sare.eus\/#\/schema\/person\/2fe6d0df294f56313d3ab236dbe38e17"},"headline":"A finales de a\u00f1o, bajo el lema #EtxeraBideaGertu y bajo la legislaci\u00f3n de excepci\u00f3n, hemos convocado movilizaciones en diferentes localidades de Euskal Herria.","datePublished":"2022-12-31T14:30:11+00:00","dateModified":"2022-12-31T16:50:33+00:00","mainEntityOfPage":{"@id":"https:\/\/sare.eus\/es\/a-finales-de-ano-bajo-el-lema-etxerabideagertu-y-bajo-la-legislacion-de-excepcion\/"},"wordCount":586,"publisher":{"@id":"https:\/\/sare.eus\/#organization"},"image":{"@id":"https:\/\/sare.eus\/es\/a-finales-de-ano-bajo-el-lema-etxerabideagertu-y-bajo-la-legislacion-de-excepcion\/#primaryimage"},"thumbnailUrl":"https:\/\/sare.eus\/wp-content\/uploads\/2022\/12\/AB-31-MARTU-EDIT-_10.jpg","articleSection":["Etxera"],"inLanguage":"es"},{"@type":"WebPage","@id":"https:\/\/sare.eus\/es\/a-finales-de-ano-bajo-el-lema-etxerabideagertu-y-bajo-la-legislacion-de-excepcion\/","url":"https:\/\/sare.eus\/es\/a-finales-de-ano-bajo-el-lema-etxerabideagertu-y-bajo-la-legislacion-de-excepcion\/","name":"A finales de a\u00f1o, bajo el lema #EtxeraBideaGertu y bajo la legislaci\u00f3n de excepci\u00f3n, hemos convocado movilizaciones en diferentes localidades de Euskal Herria. - Sare Herritarra","isPartOf":{"@id":"https:\/\/sare.eus\/#website"},"primaryImageOfPage":{"@id":"https:\/\/sare.eus\/es\/a-finales-de-ano-bajo-el-lema-etxerabideagertu-y-bajo-la-legislacion-de-excepcion\/#primaryimage"},"image":{"@id":"https:\/\/sare.eus\/es\/a-finales-de-ano-bajo-el-lema-etxerabideagertu-y-bajo-la-legislacion-de-excepcion\/#primaryimage"},"thumbnailUrl":"https:\/\/sare.eus\/wp-content\/uploads\/2022\/12\/AB-31-MARTU-EDIT-_10.jpg","datePublished":"2022-12-31T14:30:11+00:00","dateModified":"2022-12-31T16:50:33+00:00","breadcrumb":{"@id":"https:\/\/sare.eus\/es\/a-finales-de-ano-bajo-el-lema-etxerabideagertu-y-bajo-la-legislacion-de-excepcion\/#breadcrumb"},"inLanguage":"es","potentialAction":[{"@type":"ReadAction","target":["https:\/\/sare.eus\/es\/a-finales-de-ano-bajo-el-lema-etxerabideagertu-y-bajo-la-legislacion-de-excepcion\/"]}]},{"@type":"ImageObject","inLanguage":"es","@id":"https:\/\/sare.eus\/es\/a-finales-de-ano-bajo-el-lema-etxerabideagertu-y-bajo-la-legislacion-de-excepcion\/#primaryimage","url":"https:\/\/sare.eus\/wp-content\/uploads\/2022\/12\/AB-31-MARTU-EDIT-_10.jpg","contentUrl":"https:\/\/sare.eus\/wp-content\/uploads\/2022\/12\/AB-31-MARTU-EDIT-_10.jpg","width":1280,"height":720},{"@type":"BreadcrumbList","@id":"https:\/\/sare.eus\/es\/a-finales-de-ano-bajo-el-lema-etxerabideagertu-y-bajo-la-legislacion-de-excepcion\/#breadcrumb","itemListElement":[{"@type":"ListItem","position":1,"name":"Home","item":"https:\/\/sare.eus\/"},{"@type":"ListItem","position":2,"name":"A finales de a\u00f1o, bajo el lema #EtxeraBideaGertu y bajo la legislaci\u00f3n de excepci\u00f3n, hemos convocado movilizaciones en diferentes localidades de Euskal Herria."}]},{"@type":"WebSite","@id":"https:\/\/sare.eus\/#website","url":"https:\/\/sare.eus\/","name":"Sare Herritarra","description":"KONPONBIDEAREN ETA GIZA ESKUBIDEEN ALDEKO SARE HERRITARRA","publisher":{"@id":"https:\/\/sare.eus\/#organization"},"potentialAction":[{"@type":"SearchAction","target":{"@type":"EntryPoint","urlTemplate":"https:\/\/sare.eus\/?s={search_term_string}"},"query-input":{"@type":"PropertyValueSpecification","valueRequired":true,"valueName":"search_term_string"}}],"inLanguage":"es"},{"@type":"Organization","@id":"https:\/\/sare.eus\/#organization","name":"Sare Herritarra","url":"https:\/\/sare.eus\/","logo":{"@type":"ImageObject","inLanguage":"es","@id":"https:\/\/sare.eus\/#\/schema\/logo\/image\/","url":"https:\/\/sare.eus\/wp-content\/uploads\/2021\/08\/sare.png","contentUrl":"https:\/\/sare.eus\/wp-content\/uploads\/2021\/08\/sare.png","width":120,"height":142,"caption":"Sare Herritarra"},"image":{"@id":"https:\/\/sare.eus\/#\/schema\/logo\/image\/"}},{"@type":"Person","@id":"https:\/\/sare.eus\/#\/schema\/person\/2fe6d0df294f56313d3ab236dbe38e17","name":"sare","image":{"@type":"ImageObject","inLanguage":"es","@id":"https:\/\/sare.eus\/#\/schema\/person\/image\/","url":"https:\/\/secure.gravatar.com\/avatar\/77cad838677ceb1977e7b3c878b55eaa7fa4aae2158983063b047c3ad7ef2c25?s=96&d=mm&r=g","contentUrl":"https:\/\/secure.gravatar.com\/avatar\/77cad838677ceb1977e7b3c878b55eaa7fa4aae2158983063b047c3ad7ef2c25?s=96&d=mm&r=g","caption":"sare"},"url":"https:\/\/sare.eus\/es\/author\/sare\/"}]}},"_links":{"self":[{"href":"https:\/\/sare.eus\/es\/wp-json\/wp\/v2\/posts\/4623","targetHints":{"allow":["GET"]}}],"collection":[{"href":"https:\/\/sare.eus\/es\/wp-json\/wp\/v2\/posts"}],"about":[{"href":"https:\/\/sare.eus\/es\/wp-json\/wp\/v2\/types\/post"}],"author":[{"embeddable":true,"href":"https:\/\/sare.eus\/es\/wp-json\/wp\/v2\/users\/2"}],"replies":[{"embeddable":true,"href":"https:\/\/sare.eus\/es\/wp-json\/wp\/v2\/comments?post=4623"}],"version-history":[{"count":3,"href":"https:\/\/sare.eus\/es\/wp-json\/wp\/v2\/posts\/4623\/revisions"}],"predecessor-version":[{"id":4626,"href":"https:\/\/sare.eus\/es\/wp-json\/wp\/v2\/posts\/4623\/revisions\/4626"}],"wp:featuredmedia":[{"embeddable":true,"href":"https:\/\/sare.eus\/es\/wp-json\/wp\/v2\/media\/4613"}],"wp:attachment":[{"href":"https:\/\/sare.eus\/es\/wp-json\/wp\/v2\/media?parent=4623"}],"wp:term":[{"taxonomy":"category","embeddable":true,"href":"https:\/\/sare.eus\/es\/wp-json\/wp\/v2\/categories?post=4623"},{"taxonomy":"post_tag","embeddable":true,"href":"https:\/\/sare.eus\/es\/wp-json\/wp\/v2\/tags?post=4623"}],"curies":[{"name":"wp","href":"https:\/\/api.w.org\/{rel}","templated":true}]}}