{"id":4587,"date":"2022-12-29T08:50:46","date_gmt":"2022-12-29T08:50:46","guid":{"rendered":"https:\/\/sare.eus\/elkarbizitzarantz-aurrera-eginez-mahaingurua\/"},"modified":"2022-12-29T09:18:54","modified_gmt":"2022-12-29T09:18:54","slug":"avanzando-hacia-la-convivencia-mesa-redonda","status":"publish","type":"post","link":"https:\/\/sare.eus\/es\/avanzando-hacia-la-convivencia-mesa-redonda\/","title":{"rendered":"AVANZANDO HACIA LA CONVIVENCIA &#8211; MESA REDONDA"},"content":{"rendered":"\n<p>Urtarrilak 7 de enero \u00b7 Bilbo \u00b7 10:30 \u00b7 Euskalduna jauregia<\/p>\n\n\n\n<p><strong>AVANZANDO HACIA LA CONVIVENCIA &#8211; MESA REDONDA<\/strong><\/p>\n\n\n\n<p>Participar\u00e1n:<br>\u00b7 Rosa Rodero, v\u00edctima de ETA (viuda de Joseba Goikoetxea)<br>\u00b7 Rosa Lluch, v\u00edctima de ETA (hija de Ernest Lluch)<br>\u00b7 Maider Garc\u00eda, v\u00edctima del GAL (hija de Juan Carlos Garc\u00eda)<br>\u00b7 Irantzu Benito, v\u00edctima de la Dispersi\u00f3n (Perdido dos amigos en accidente de coche)<br>\u00b7 Mari Nieves D\u00edaz, v\u00edctima de tortura (madre de Iratxe Sorzabal presa vasca)<br>\u00b7 Tamara Muruetagoiena, v\u00edctima de tortura (hija de Esteban Muruetagoiena)<\/p>\n\n\n\n<p>\u00b7 La periodista Maider Galardi como moderadora<\/p>\n\n\n\n<p><strong>En Directo en sare.eus y en el canal de&nbsp; youtube:&nbsp;<a href=\"https:\/\/www.youtube.com\/@SareHerritarra\/streams\" target=\"_blank\" rel=\"noreferrer noopener\">https:\/\/www.youtube.com\/@SareHerritarra\/streams<\/a>&nbsp;<\/strong><\/p>\n\n\n\n<figure class=\"wp-block-image size-large\"><img loading=\"lazy\" decoding=\"async\" width=\"724\" height=\"1024\" src=\"https:\/\/sare.eus\/wp-content\/uploads\/2022\/12\/web_urt-7-euskalduna-cast_Mesa-de-trabajo-1-724x1024.jpg\" alt=\"\" class=\"wp-image-4590\" srcset=\"https:\/\/sare.eus\/wp-content\/uploads\/2022\/12\/web_urt-7-euskalduna-cast_Mesa-de-trabajo-1-724x1024.jpg 724w, https:\/\/sare.eus\/wp-content\/uploads\/2022\/12\/web_urt-7-euskalduna-cast_Mesa-de-trabajo-1-212x300.jpg 212w, https:\/\/sare.eus\/wp-content\/uploads\/2022\/12\/web_urt-7-euskalduna-cast_Mesa-de-trabajo-1-768x1086.jpg 768w, https:\/\/sare.eus\/wp-content\/uploads\/2022\/12\/web_urt-7-euskalduna-cast_Mesa-de-trabajo-1.jpg 842w\" sizes=\"(max-width: 724px) 100vw, 724px\" \/><\/figure>\n\n\n\n<p><\/p>\n","protected":false},"excerpt":{"rendered":"<p>Urtarrilak 7 de enero \u00b7 Bilbo \u00b7 10:30 \u00b7 Euskalduna jauregia AVANZANDO HACIA LA CONVIVENCIA &#8211; MESA REDONDA Participar\u00e1n:\u00b7 Rosa Rodero, v\u00edctima de ETA (viuda de Joseba Goikoetxea)\u00b7 Rosa Lluch, [&hellip;]<\/p>\n","protected":false},"author":2,"featured_media":4582,"comment_status":"closed","ping_status":"closed","sticky":false,"template":"","format":"standard","meta":{"_acf_changed":false,"_et_pb_use_builder":"off","_et_pb_old_content":"","_et_gb_content_width":"","footnotes":""},"categories":[60],"tags":[],"class_list":["post-4587","post","type-post","status-publish","format-standard","has-post-thumbnail","hentry","category-etxera-es","et-has-post-format-content","et_post_format-et-post-format-standard"],"acf":[],"yoast_head":"<!-- This site is optimized with the Yoast SEO plugin v26.4 - https:\/\/yoast.com\/wordpress\/plugins\/seo\/ -->\n<title>AVANZANDO HACIA LA CONVIVENCIA - MESA REDONDA - Sare Herritarra<\/title>\n<meta name=\"robots\" content=\"index, follow, max-snippet:-1, max-image-preview:large, max-video-preview:-1\" \/>\n<link rel=\"canonical\" href=\"https:\/\/sare.eus\/es\/avanzando-hacia-la-convivencia-mesa-redonda\/\" \/>\n<meta property=\"og:locale\" content=\"es_ES\" \/>\n<meta property=\"og:type\" content=\"article\" \/>\n<meta property=\"og:title\" content=\"AVANZANDO HACIA LA CONVIVENCIA - MESA REDONDA - Sare Herritarra\" \/>\n<meta property=\"og:description\" content=\"Urtarrilak 7 de enero \u00b7 Bilbo \u00b7 10:30 \u00b7 Euskalduna jauregia AVANZANDO HACIA LA CONVIVENCIA &#8211; MESA REDONDA Participar\u00e1n:\u00b7 Rosa Rodero, v\u00edctima de ETA (viuda de Joseba Goikoetxea)\u00b7 Rosa Lluch, [&hellip;]\" \/>\n<meta property=\"og:url\" content=\"https:\/\/sare.eus\/es\/avanzando-hacia-la-convivencia-mesa-redonda\/\" \/>\n<meta property=\"og:site_name\" content=\"Sare Herritarra\" \/>\n<meta property=\"article:published_time\" content=\"2022-12-29T08:50:46+00:00\" \/>\n<meta property=\"article:modified_time\" content=\"2022-12-29T09:18:54+00:00\" \/>\n<meta property=\"og:image\" content=\"https:\/\/sare.eus\/wp-content\/uploads\/2022\/12\/urt-7-euskalduna-HD_Mesa-de-trabajo-1.jpg\" \/>\n\t<meta property=\"og:image:width\" content=\"1920\" \/>\n\t<meta property=\"og:image:height\" content=\"1080\" \/>\n\t<meta property=\"og:image:type\" content=\"image\/jpeg\" \/>\n<meta name=\"author\" content=\"sare\" \/>\n<meta name=\"twitter:card\" content=\"summary_large_image\" \/>\n<meta name=\"twitter:label1\" content=\"Escrito por\" \/>\n\t<meta name=\"twitter:data1\" content=\"sare\" \/>\n\t<meta name=\"twitter:label2\" content=\"Tiempo de lectura\" \/>\n\t<meta name=\"twitter:data2\" content=\"1 minuto\" \/>\n<script type=\"application\/ld+json\" class=\"yoast-schema-graph\">{\"@context\":\"https:\/\/schema.org\",\"@graph\":[{\"@type\":\"Article\",\"@id\":\"https:\/\/sare.eus\/es\/avanzando-hacia-la-convivencia-mesa-redonda\/#article\",\"isPartOf\":{\"@id\":\"https:\/\/sare.eus\/es\/avanzando-hacia-la-convivencia-mesa-redonda\/\"},\"author\":{\"name\":\"sare\",\"@id\":\"https:\/\/sare.eus\/#\/schema\/person\/2fe6d0df294f56313d3ab236dbe38e17\"},\"headline\":\"AVANZANDO HACIA LA CONVIVENCIA &#8211; MESA REDONDA\",\"datePublished\":\"2022-12-29T08:50:46+00:00\",\"dateModified\":\"2022-12-29T09:18:54+00:00\",\"mainEntityOfPage\":{\"@id\":\"https:\/\/sare.eus\/es\/avanzando-hacia-la-convivencia-mesa-redonda\/\"},\"wordCount\":120,\"publisher\":{\"@id\":\"https:\/\/sare.eus\/#organization\"},\"image\":{\"@id\":\"https:\/\/sare.eus\/es\/avanzando-hacia-la-convivencia-mesa-redonda\/#primaryimage\"},\"thumbnailUrl\":\"https:\/\/sare.eus\/wp-content\/uploads\/2022\/12\/urt-7-euskalduna-HD_Mesa-de-trabajo-1.jpg\",\"articleSection\":[\"Etxera\"],\"inLanguage\":\"es\"},{\"@type\":\"WebPage\",\"@id\":\"https:\/\/sare.eus\/es\/avanzando-hacia-la-convivencia-mesa-redonda\/\",\"url\":\"https:\/\/sare.eus\/es\/avanzando-hacia-la-convivencia-mesa-redonda\/\",\"name\":\"AVANZANDO HACIA LA CONVIVENCIA - MESA REDONDA - Sare Herritarra\",\"isPartOf\":{\"@id\":\"https:\/\/sare.eus\/#website\"},\"primaryImageOfPage\":{\"@id\":\"https:\/\/sare.eus\/es\/avanzando-hacia-la-convivencia-mesa-redonda\/#primaryimage\"},\"image\":{\"@id\":\"https:\/\/sare.eus\/es\/avanzando-hacia-la-convivencia-mesa-redonda\/#primaryimage\"},\"thumbnailUrl\":\"https:\/\/sare.eus\/wp-content\/uploads\/2022\/12\/urt-7-euskalduna-HD_Mesa-de-trabajo-1.jpg\",\"datePublished\":\"2022-12-29T08:50:46+00:00\",\"dateModified\":\"2022-12-29T09:18:54+00:00\",\"breadcrumb\":{\"@id\":\"https:\/\/sare.eus\/es\/avanzando-hacia-la-convivencia-mesa-redonda\/#breadcrumb\"},\"inLanguage\":\"es\",\"potentialAction\":[{\"@type\":\"ReadAction\",\"target\":[\"https:\/\/sare.eus\/es\/avanzando-hacia-la-convivencia-mesa-redonda\/\"]}]},{\"@type\":\"ImageObject\",\"inLanguage\":\"es\",\"@id\":\"https:\/\/sare.eus\/es\/avanzando-hacia-la-convivencia-mesa-redonda\/#primaryimage\",\"url\":\"https:\/\/sare.eus\/wp-content\/uploads\/2022\/12\/urt-7-euskalduna-HD_Mesa-de-trabajo-1.jpg\",\"contentUrl\":\"https:\/\/sare.eus\/wp-content\/uploads\/2022\/12\/urt-7-euskalduna-HD_Mesa-de-trabajo-1.jpg\",\"width\":1920,\"height\":1080},{\"@type\":\"BreadcrumbList\",\"@id\":\"https:\/\/sare.eus\/es\/avanzando-hacia-la-convivencia-mesa-redonda\/#breadcrumb\",\"itemListElement\":[{\"@type\":\"ListItem\",\"position\":1,\"name\":\"Home\",\"item\":\"https:\/\/sare.eus\/\"},{\"@type\":\"ListItem\",\"position\":2,\"name\":\"AVANZANDO HACIA LA CONVIVENCIA &#8211; MESA REDONDA\"}]},{\"@type\":\"WebSite\",\"@id\":\"https:\/\/sare.eus\/#website\",\"url\":\"https:\/\/sare.eus\/\",\"name\":\"Sare Herritarra\",\"description\":\"KONPONBIDEAREN ETA GIZA ESKUBIDEEN ALDEKO SARE HERRITARRA\",\"publisher\":{\"@id\":\"https:\/\/sare.eus\/#organization\"},\"potentialAction\":[{\"@type\":\"SearchAction\",\"target\":{\"@type\":\"EntryPoint\",\"urlTemplate\":\"https:\/\/sare.eus\/?s={search_term_string}\"},\"query-input\":{\"@type\":\"PropertyValueSpecification\",\"valueRequired\":true,\"valueName\":\"search_term_string\"}}],\"inLanguage\":\"es\"},{\"@type\":\"Organization\",\"@id\":\"https:\/\/sare.eus\/#organization\",\"name\":\"Sare Herritarra\",\"url\":\"https:\/\/sare.eus\/\",\"logo\":{\"@type\":\"ImageObject\",\"inLanguage\":\"es\",\"@id\":\"https:\/\/sare.eus\/#\/schema\/logo\/image\/\",\"url\":\"https:\/\/sare.eus\/wp-content\/uploads\/2021\/08\/sare.png\",\"contentUrl\":\"https:\/\/sare.eus\/wp-content\/uploads\/2021\/08\/sare.png\",\"width\":120,\"height\":142,\"caption\":\"Sare Herritarra\"},\"image\":{\"@id\":\"https:\/\/sare.eus\/#\/schema\/logo\/image\/\"}},{\"@type\":\"Person\",\"@id\":\"https:\/\/sare.eus\/#\/schema\/person\/2fe6d0df294f56313d3ab236dbe38e17\",\"name\":\"sare\",\"image\":{\"@type\":\"ImageObject\",\"inLanguage\":\"es\",\"@id\":\"https:\/\/sare.eus\/#\/schema\/person\/image\/\",\"url\":\"https:\/\/secure.gravatar.com\/avatar\/77cad838677ceb1977e7b3c878b55eaa7fa4aae2158983063b047c3ad7ef2c25?s=96&d=mm&r=g\",\"contentUrl\":\"https:\/\/secure.gravatar.com\/avatar\/77cad838677ceb1977e7b3c878b55eaa7fa4aae2158983063b047c3ad7ef2c25?s=96&d=mm&r=g\",\"caption\":\"sare\"},\"url\":\"https:\/\/sare.eus\/es\/author\/sare\/\"}]}<\/script>\n<!-- \/ Yoast SEO plugin. -->","yoast_head_json":{"title":"AVANZANDO HACIA LA CONVIVENCIA - MESA REDONDA - Sare Herritarra","robots":{"index":"index","follow":"follow","max-snippet":"max-snippet:-1","max-image-preview":"max-image-preview:large","max-video-preview":"max-video-preview:-1"},"canonical":"https:\/\/sare.eus\/es\/avanzando-hacia-la-convivencia-mesa-redonda\/","og_locale":"es_ES","og_type":"article","og_title":"AVANZANDO HACIA LA CONVIVENCIA - MESA REDONDA - Sare Herritarra","og_description":"Urtarrilak 7 de enero \u00b7 Bilbo \u00b7 10:30 \u00b7 Euskalduna jauregia AVANZANDO HACIA LA CONVIVENCIA &#8211; MESA REDONDA Participar\u00e1n:\u00b7 Rosa Rodero, v\u00edctima de ETA (viuda de Joseba Goikoetxea)\u00b7 Rosa Lluch, [&hellip;]","og_url":"https:\/\/sare.eus\/es\/avanzando-hacia-la-convivencia-mesa-redonda\/","og_site_name":"Sare Herritarra","article_published_time":"2022-12-29T08:50:46+00:00","article_modified_time":"2022-12-29T09:18:54+00:00","og_image":[{"width":1920,"height":1080,"url":"https:\/\/sare.eus\/wp-content\/uploads\/2022\/12\/urt-7-euskalduna-HD_Mesa-de-trabajo-1.jpg","type":"image\/jpeg"}],"author":"sare","twitter_card":"summary_large_image","twitter_misc":{"Escrito por":"sare","Tiempo de lectura":"1 minuto"},"schema":{"@context":"https:\/\/schema.org","@graph":[{"@type":"Article","@id":"https:\/\/sare.eus\/es\/avanzando-hacia-la-convivencia-mesa-redonda\/#article","isPartOf":{"@id":"https:\/\/sare.eus\/es\/avanzando-hacia-la-convivencia-mesa-redonda\/"},"author":{"name":"sare","@id":"https:\/\/sare.eus\/#\/schema\/person\/2fe6d0df294f56313d3ab236dbe38e17"},"headline":"AVANZANDO HACIA LA CONVIVENCIA &#8211; MESA REDONDA","datePublished":"2022-12-29T08:50:46+00:00","dateModified":"2022-12-29T09:18:54+00:00","mainEntityOfPage":{"@id":"https:\/\/sare.eus\/es\/avanzando-hacia-la-convivencia-mesa-redonda\/"},"wordCount":120,"publisher":{"@id":"https:\/\/sare.eus\/#organization"},"image":{"@id":"https:\/\/sare.eus\/es\/avanzando-hacia-la-convivencia-mesa-redonda\/#primaryimage"},"thumbnailUrl":"https:\/\/sare.eus\/wp-content\/uploads\/2022\/12\/urt-7-euskalduna-HD_Mesa-de-trabajo-1.jpg","articleSection":["Etxera"],"inLanguage":"es"},{"@type":"WebPage","@id":"https:\/\/sare.eus\/es\/avanzando-hacia-la-convivencia-mesa-redonda\/","url":"https:\/\/sare.eus\/es\/avanzando-hacia-la-convivencia-mesa-redonda\/","name":"AVANZANDO HACIA LA CONVIVENCIA - MESA REDONDA - Sare Herritarra","isPartOf":{"@id":"https:\/\/sare.eus\/#website"},"primaryImageOfPage":{"@id":"https:\/\/sare.eus\/es\/avanzando-hacia-la-convivencia-mesa-redonda\/#primaryimage"},"image":{"@id":"https:\/\/sare.eus\/es\/avanzando-hacia-la-convivencia-mesa-redonda\/#primaryimage"},"thumbnailUrl":"https:\/\/sare.eus\/wp-content\/uploads\/2022\/12\/urt-7-euskalduna-HD_Mesa-de-trabajo-1.jpg","datePublished":"2022-12-29T08:50:46+00:00","dateModified":"2022-12-29T09:18:54+00:00","breadcrumb":{"@id":"https:\/\/sare.eus\/es\/avanzando-hacia-la-convivencia-mesa-redonda\/#breadcrumb"},"inLanguage":"es","potentialAction":[{"@type":"ReadAction","target":["https:\/\/sare.eus\/es\/avanzando-hacia-la-convivencia-mesa-redonda\/"]}]},{"@type":"ImageObject","inLanguage":"es","@id":"https:\/\/sare.eus\/es\/avanzando-hacia-la-convivencia-mesa-redonda\/#primaryimage","url":"https:\/\/sare.eus\/wp-content\/uploads\/2022\/12\/urt-7-euskalduna-HD_Mesa-de-trabajo-1.jpg","contentUrl":"https:\/\/sare.eus\/wp-content\/uploads\/2022\/12\/urt-7-euskalduna-HD_Mesa-de-trabajo-1.jpg","width":1920,"height":1080},{"@type":"BreadcrumbList","@id":"https:\/\/sare.eus\/es\/avanzando-hacia-la-convivencia-mesa-redonda\/#breadcrumb","itemListElement":[{"@type":"ListItem","position":1,"name":"Home","item":"https:\/\/sare.eus\/"},{"@type":"ListItem","position":2,"name":"AVANZANDO HACIA LA CONVIVENCIA &#8211; MESA REDONDA"}]},{"@type":"WebSite","@id":"https:\/\/sare.eus\/#website","url":"https:\/\/sare.eus\/","name":"Sare Herritarra","description":"KONPONBIDEAREN ETA GIZA ESKUBIDEEN ALDEKO SARE HERRITARRA","publisher":{"@id":"https:\/\/sare.eus\/#organization"},"potentialAction":[{"@type":"SearchAction","target":{"@type":"EntryPoint","urlTemplate":"https:\/\/sare.eus\/?s={search_term_string}"},"query-input":{"@type":"PropertyValueSpecification","valueRequired":true,"valueName":"search_term_string"}}],"inLanguage":"es"},{"@type":"Organization","@id":"https:\/\/sare.eus\/#organization","name":"Sare Herritarra","url":"https:\/\/sare.eus\/","logo":{"@type":"ImageObject","inLanguage":"es","@id":"https:\/\/sare.eus\/#\/schema\/logo\/image\/","url":"https:\/\/sare.eus\/wp-content\/uploads\/2021\/08\/sare.png","contentUrl":"https:\/\/sare.eus\/wp-content\/uploads\/2021\/08\/sare.png","width":120,"height":142,"caption":"Sare Herritarra"},"image":{"@id":"https:\/\/sare.eus\/#\/schema\/logo\/image\/"}},{"@type":"Person","@id":"https:\/\/sare.eus\/#\/schema\/person\/2fe6d0df294f56313d3ab236dbe38e17","name":"sare","image":{"@type":"ImageObject","inLanguage":"es","@id":"https:\/\/sare.eus\/#\/schema\/person\/image\/","url":"https:\/\/secure.gravatar.com\/avatar\/77cad838677ceb1977e7b3c878b55eaa7fa4aae2158983063b047c3ad7ef2c25?s=96&d=mm&r=g","contentUrl":"https:\/\/secure.gravatar.com\/avatar\/77cad838677ceb1977e7b3c878b55eaa7fa4aae2158983063b047c3ad7ef2c25?s=96&d=mm&r=g","caption":"sare"},"url":"https:\/\/sare.eus\/es\/author\/sare\/"}]}},"_links":{"self":[{"href":"https:\/\/sare.eus\/es\/wp-json\/wp\/v2\/posts\/4587","targetHints":{"allow":["GET"]}}],"collection":[{"href":"https:\/\/sare.eus\/es\/wp-json\/wp\/v2\/posts"}],"about":[{"href":"https:\/\/sare.eus\/es\/wp-json\/wp\/v2\/types\/post"}],"author":[{"embeddable":true,"href":"https:\/\/sare.eus\/es\/wp-json\/wp\/v2\/users\/2"}],"replies":[{"embeddable":true,"href":"https:\/\/sare.eus\/es\/wp-json\/wp\/v2\/comments?post=4587"}],"version-history":[{"count":2,"href":"https:\/\/sare.eus\/es\/wp-json\/wp\/v2\/posts\/4587\/revisions"}],"predecessor-version":[{"id":4592,"href":"https:\/\/sare.eus\/es\/wp-json\/wp\/v2\/posts\/4587\/revisions\/4592"}],"wp:featuredmedia":[{"embeddable":true,"href":"https:\/\/sare.eus\/es\/wp-json\/wp\/v2\/media\/4582"}],"wp:attachment":[{"href":"https:\/\/sare.eus\/es\/wp-json\/wp\/v2\/media?parent=4587"}],"wp:term":[{"taxonomy":"category","embeddable":true,"href":"https:\/\/sare.eus\/es\/wp-json\/wp\/v2\/categories?post=4587"},{"taxonomy":"post_tag","embeddable":true,"href":"https:\/\/sare.eus\/es\/wp-json\/wp\/v2\/tags?post=4587"}],"curies":[{"name":"wp","href":"https:\/\/api.w.org\/{rel}","templated":true}]}}