{"id":4557,"date":"2022-12-26T19:44:42","date_gmt":"2022-12-26T19:44:42","guid":{"rendered":"https:\/\/sare.eus\/nafarroatik-urtarrilaren-7an-bilbora-joateko-deia\/"},"modified":"2022-12-26T19:54:28","modified_gmt":"2022-12-26T19:54:28","slug":"llamada-a-bilbo-el-7-de-enero-desde-nafarroa","status":"publish","type":"post","link":"https:\/\/sare.eus\/es\/llamada-a-bilbo-el-7-de-enero-desde-nafarroa\/","title":{"rendered":"Llamada a Bilbo el 7 de enero desde Nafarroa"},"content":{"rendered":"\n<p>En esta comparecencia de hoy nos hemos reunido familiares de presos y presas de Nafarroa, familiares de Karmele Solaguren, v\u00edctima de la pol\u00edtica de alejamiento, una delegaci\u00f3n de Hatortxu Rock y miembros de Sare.<br><br>El 7 de enero llenaremos las calles de Bilbao de dignidad, de esperanza para la convivencia y de exigencia de respeto a los derechos humanos que sistem\u00e1ticamente son vulnerados en el caso de los y las presas vascas y a sus familias.<\/p>\n\n\n\n<p>Bilbao ser\u00e1, una vez m\u00e1s, un punto de inflexi\u00f3n para reivindicar el camino que nos falta para alcanzar nuestros objetivos. Llevamos dos a\u00f1os sin poder llevar a cabo la multitudinaria movilizaci\u00f3n de enero en Bilbao. \u00a1Ahora es el momento, ahora! Porque son muchos los objetivos pendientes y su soluci\u00f3n depende del impulso de las mayor\u00edas pol\u00edticas y sindicales vascas, pero tambi\u00e9n fundamentalmente de la movilizaci\u00f3n de la sociedad.<\/p>\n\n\n\n<figure class=\"wp-block-image size-large\"><img loading=\"lazy\" decoding=\"async\" width=\"1024\" height=\"724\" src=\"https:\/\/sare.eus\/wp-content\/uploads\/2022\/12\/web_AB30_31-HERRIZ-HERRI-01-01-1024x724.jpg\" alt=\"\" class=\"wp-image-4554\" srcset=\"https:\/\/sare.eus\/wp-content\/uploads\/2022\/12\/web_AB30_31-HERRIZ-HERRI-01-01-1024x724.jpg 1024w, https:\/\/sare.eus\/wp-content\/uploads\/2022\/12\/web_AB30_31-HERRIZ-HERRI-01-01-300x212.jpg 300w, https:\/\/sare.eus\/wp-content\/uploads\/2022\/12\/web_AB30_31-HERRIZ-HERRI-01-01-768x543.jpg 768w, https:\/\/sare.eus\/wp-content\/uploads\/2022\/12\/web_AB30_31-HERRIZ-HERRI-01-01-400x284.jpg 400w, https:\/\/sare.eus\/wp-content\/uploads\/2022\/12\/web_AB30_31-HERRIZ-HERRI-01-01-1080x764.jpg 1080w, https:\/\/sare.eus\/wp-content\/uploads\/2022\/12\/web_AB30_31-HERRIZ-HERRI-01-01.jpg 1192w\" sizes=\"(max-width: 1024px) 100vw, 1024px\" \/><\/figure>\n\n\n\n<p>Hace m\u00e1s de siete a\u00f1os, cuando se cre\u00f3 SARE Herritarra, sab\u00edamos que nuestros retos eran dif\u00edciles. Que tendr\u00edamos que enfrentarnos a grandes obst\u00e1culos porque, en definitiva, hay sectores tambi\u00e9n que no quieren cambiar la situaci\u00f3n: los que se empe\u00f1an en decir que nada ha cambiado, los que se empe\u00f1an en decir que ETA est\u00e1 viva\u2026 son los grupos de presi\u00f3n que tenemos enfrente en Francia o en Espa\u00f1a, los que tienen mucho inter\u00e9s en perpetuar la confrontaci\u00f3n y el sufrimiento. Una de ellas es la Audiencia Nacional, que, a trav\u00e9s del ministerio fiscal, bloquea constantemente el camino de vuelta a casa de estos presos y presas. La pol\u00edtica penitenciaria de excepci\u00f3n, es decir, el alejamiento, el computo de las penas o la imposici\u00f3n de penas prolongadas de casi toda la vida y las trabas para el acceso al tercer grado o la obtenci\u00f3n de permisos, tienen la clara intenci\u00f3n de obstaculizar los pasos que se est\u00e1n dando en este pa\u00eds a favor de la convivencia y la paz.<\/p>\n\n\n\n<p>\u00a1Sin embargo, hemos conseguido seguir adelante! Hoy estamos a las puertas de poner fin a una de las vulneraciones de derechos sufridas durante d\u00e9cadas por las personas presas vascas y sus familias: el fin de la pol\u00edtica de alejamiento.<br><br>Hemos avanzado y tenemos que seguir avanzando para llevar hasta el final el proceso de vuelta a casa. Para ello, deben derogarse las medidas de excepci\u00f3n que se aplican a los presos vascos. Lo antes posible.<\/p>\n\n\n\n<p>En estos momentos es m\u00e1s necesario que nunca movilizarse de forma masiva para denunciar los obst\u00e1culos que se est\u00e1n poniendo en el camino de vuelta a casa de presos y presas vascas. No podemos pensar que los problemas s\u00f3lo se resolver\u00e1n en despachos o instancias judiciales. Es imprescindible que a estos despachos llegue con claridad el eco de la voluntad mayoritaria de una sociedad que quiere avanzar en el camino de las soluciones y la convivencia. Por ello, <strong>las m\u00e1s de cincuenta concentraciones que se realizar\u00e1n en todo el Herrialde los d\u00edas 30 y 31 de diciembre y la gran manifestaci\u00f3n del 7 de enero en Bilbao tendr\u00e1n especial relevancia.<\/strong><\/p>\n\n\n\n<p>As\u00ed pues, <strong>el 7 de enero, a las 17:00 de la tarde, llenaremos la calle Autonom\u00eda y bajo el lema Etxera bidea GERTU<\/strong>, iniciando una manifestaci\u00f3n desde la calle Autonom\u00eda, hasta el Ayuntamiento de Bilbao. Por la resoluci\u00f3n, por la paz, la convivencia y el regreso a casa presos, huidos y deportados. \u00a1Lo conseguiremos!<\/p>\n","protected":false},"excerpt":{"rendered":"<p>En esta comparecencia de hoy nos hemos reunido familiares de presos y presas de Nafarroa, familiares de Karmele Solaguren, v\u00edctima de la pol\u00edtica de alejamiento, una delegaci\u00f3n de Hatortxu Rock [&hellip;]<\/p>\n","protected":false},"author":2,"featured_media":4566,"comment_status":"closed","ping_status":"closed","sticky":false,"template":"","format":"standard","meta":{"_acf_changed":false,"_et_pb_use_builder":"off","_et_pb_old_content":"","_et_gb_content_width":"","footnotes":""},"categories":[60],"tags":[],"class_list":["post-4557","post","type-post","status-publish","format-standard","has-post-thumbnail","hentry","category-etxera-es","et-has-post-format-content","et_post_format-et-post-format-standard"],"acf":[],"yoast_head":"<!-- This site is optimized with the Yoast SEO plugin v26.4 - https:\/\/yoast.com\/wordpress\/plugins\/seo\/ -->\n<title>Llamada a Bilbo el 7 de enero desde Nafarroa - Sare Herritarra<\/title>\n<meta name=\"robots\" content=\"index, follow, max-snippet:-1, max-image-preview:large, max-video-preview:-1\" \/>\n<link rel=\"canonical\" href=\"https:\/\/sare.eus\/es\/llamada-a-bilbo-el-7-de-enero-desde-nafarroa\/\" \/>\n<meta property=\"og:locale\" content=\"es_ES\" \/>\n<meta property=\"og:type\" content=\"article\" \/>\n<meta property=\"og:title\" content=\"Llamada a Bilbo el 7 de enero desde Nafarroa - Sare Herritarra\" \/>\n<meta property=\"og:description\" content=\"En esta comparecencia de hoy nos hemos reunido familiares de presos y presas de Nafarroa, familiares de Karmele Solaguren, v\u00edctima de la pol\u00edtica de alejamiento, una delegaci\u00f3n de Hatortxu Rock [&hellip;]\" \/>\n<meta property=\"og:url\" content=\"https:\/\/sare.eus\/es\/llamada-a-bilbo-el-7-de-enero-desde-nafarroa\/\" \/>\n<meta property=\"og:site_name\" content=\"Sare Herritarra\" \/>\n<meta property=\"article:published_time\" content=\"2022-12-26T19:44:42+00:00\" \/>\n<meta property=\"article:modified_time\" content=\"2022-12-26T19:54:28+00:00\" \/>\n<meta property=\"og:image\" content=\"https:\/\/sare.eus\/wp-content\/uploads\/2022\/12\/2022.12.27.-SARE-IRUNEA-AGERRALDIA-01.jpg\" \/>\n\t<meta property=\"og:image:width\" content=\"1280\" \/>\n\t<meta property=\"og:image:height\" content=\"832\" \/>\n\t<meta property=\"og:image:type\" content=\"image\/jpeg\" \/>\n<meta name=\"author\" content=\"sare\" \/>\n<meta name=\"twitter:card\" content=\"summary_large_image\" \/>\n<meta name=\"twitter:label1\" content=\"Escrito por\" \/>\n\t<meta name=\"twitter:data1\" content=\"sare\" \/>\n\t<meta name=\"twitter:label2\" content=\"Tiempo de lectura\" \/>\n\t<meta name=\"twitter:data2\" content=\"4 minutos\" \/>\n<script type=\"application\/ld+json\" class=\"yoast-schema-graph\">{\"@context\":\"https:\/\/schema.org\",\"@graph\":[{\"@type\":\"Article\",\"@id\":\"https:\/\/sare.eus\/es\/llamada-a-bilbo-el-7-de-enero-desde-nafarroa\/#article\",\"isPartOf\":{\"@id\":\"https:\/\/sare.eus\/es\/llamada-a-bilbo-el-7-de-enero-desde-nafarroa\/\"},\"author\":{\"name\":\"sare\",\"@id\":\"https:\/\/sare.eus\/#\/schema\/person\/2fe6d0df294f56313d3ab236dbe38e17\"},\"headline\":\"Llamada a Bilbo el 7 de enero desde Nafarroa\",\"datePublished\":\"2022-12-26T19:44:42+00:00\",\"dateModified\":\"2022-12-26T19:54:28+00:00\",\"mainEntityOfPage\":{\"@id\":\"https:\/\/sare.eus\/es\/llamada-a-bilbo-el-7-de-enero-desde-nafarroa\/\"},\"wordCount\":605,\"publisher\":{\"@id\":\"https:\/\/sare.eus\/#organization\"},\"image\":{\"@id\":\"https:\/\/sare.eus\/es\/llamada-a-bilbo-el-7-de-enero-desde-nafarroa\/#primaryimage\"},\"thumbnailUrl\":\"https:\/\/sare.eus\/wp-content\/uploads\/2022\/12\/2022.12.27.-SARE-IRUNEA-AGERRALDIA-01.jpg\",\"articleSection\":[\"Etxera\"],\"inLanguage\":\"es\"},{\"@type\":\"WebPage\",\"@id\":\"https:\/\/sare.eus\/es\/llamada-a-bilbo-el-7-de-enero-desde-nafarroa\/\",\"url\":\"https:\/\/sare.eus\/es\/llamada-a-bilbo-el-7-de-enero-desde-nafarroa\/\",\"name\":\"Llamada a Bilbo el 7 de enero desde Nafarroa - Sare Herritarra\",\"isPartOf\":{\"@id\":\"https:\/\/sare.eus\/#website\"},\"primaryImageOfPage\":{\"@id\":\"https:\/\/sare.eus\/es\/llamada-a-bilbo-el-7-de-enero-desde-nafarroa\/#primaryimage\"},\"image\":{\"@id\":\"https:\/\/sare.eus\/es\/llamada-a-bilbo-el-7-de-enero-desde-nafarroa\/#primaryimage\"},\"thumbnailUrl\":\"https:\/\/sare.eus\/wp-content\/uploads\/2022\/12\/2022.12.27.-SARE-IRUNEA-AGERRALDIA-01.jpg\",\"datePublished\":\"2022-12-26T19:44:42+00:00\",\"dateModified\":\"2022-12-26T19:54:28+00:00\",\"breadcrumb\":{\"@id\":\"https:\/\/sare.eus\/es\/llamada-a-bilbo-el-7-de-enero-desde-nafarroa\/#breadcrumb\"},\"inLanguage\":\"es\",\"potentialAction\":[{\"@type\":\"ReadAction\",\"target\":[\"https:\/\/sare.eus\/es\/llamada-a-bilbo-el-7-de-enero-desde-nafarroa\/\"]}]},{\"@type\":\"ImageObject\",\"inLanguage\":\"es\",\"@id\":\"https:\/\/sare.eus\/es\/llamada-a-bilbo-el-7-de-enero-desde-nafarroa\/#primaryimage\",\"url\":\"https:\/\/sare.eus\/wp-content\/uploads\/2022\/12\/2022.12.27.-SARE-IRUNEA-AGERRALDIA-01.jpg\",\"contentUrl\":\"https:\/\/sare.eus\/wp-content\/uploads\/2022\/12\/2022.12.27.-SARE-IRUNEA-AGERRALDIA-01.jpg\",\"width\":1280,\"height\":832},{\"@type\":\"BreadcrumbList\",\"@id\":\"https:\/\/sare.eus\/es\/llamada-a-bilbo-el-7-de-enero-desde-nafarroa\/#breadcrumb\",\"itemListElement\":[{\"@type\":\"ListItem\",\"position\":1,\"name\":\"Home\",\"item\":\"https:\/\/sare.eus\/\"},{\"@type\":\"ListItem\",\"position\":2,\"name\":\"Llamada a Bilbo el 7 de enero desde Nafarroa\"}]},{\"@type\":\"WebSite\",\"@id\":\"https:\/\/sare.eus\/#website\",\"url\":\"https:\/\/sare.eus\/\",\"name\":\"Sare Herritarra\",\"description\":\"KONPONBIDEAREN ETA GIZA ESKUBIDEEN ALDEKO SARE HERRITARRA\",\"publisher\":{\"@id\":\"https:\/\/sare.eus\/#organization\"},\"potentialAction\":[{\"@type\":\"SearchAction\",\"target\":{\"@type\":\"EntryPoint\",\"urlTemplate\":\"https:\/\/sare.eus\/?s={search_term_string}\"},\"query-input\":{\"@type\":\"PropertyValueSpecification\",\"valueRequired\":true,\"valueName\":\"search_term_string\"}}],\"inLanguage\":\"es\"},{\"@type\":\"Organization\",\"@id\":\"https:\/\/sare.eus\/#organization\",\"name\":\"Sare Herritarra\",\"url\":\"https:\/\/sare.eus\/\",\"logo\":{\"@type\":\"ImageObject\",\"inLanguage\":\"es\",\"@id\":\"https:\/\/sare.eus\/#\/schema\/logo\/image\/\",\"url\":\"https:\/\/sare.eus\/wp-content\/uploads\/2021\/08\/sare.png\",\"contentUrl\":\"https:\/\/sare.eus\/wp-content\/uploads\/2021\/08\/sare.png\",\"width\":120,\"height\":142,\"caption\":\"Sare Herritarra\"},\"image\":{\"@id\":\"https:\/\/sare.eus\/#\/schema\/logo\/image\/\"}},{\"@type\":\"Person\",\"@id\":\"https:\/\/sare.eus\/#\/schema\/person\/2fe6d0df294f56313d3ab236dbe38e17\",\"name\":\"sare\",\"image\":{\"@type\":\"ImageObject\",\"inLanguage\":\"es\",\"@id\":\"https:\/\/sare.eus\/#\/schema\/person\/image\/\",\"url\":\"https:\/\/secure.gravatar.com\/avatar\/77cad838677ceb1977e7b3c878b55eaa7fa4aae2158983063b047c3ad7ef2c25?s=96&d=mm&r=g\",\"contentUrl\":\"https:\/\/secure.gravatar.com\/avatar\/77cad838677ceb1977e7b3c878b55eaa7fa4aae2158983063b047c3ad7ef2c25?s=96&d=mm&r=g\",\"caption\":\"sare\"},\"url\":\"https:\/\/sare.eus\/es\/author\/sare\/\"}]}<\/script>\n<!-- \/ Yoast SEO plugin. -->","yoast_head_json":{"title":"Llamada a Bilbo el 7 de enero desde Nafarroa - Sare Herritarra","robots":{"index":"index","follow":"follow","max-snippet":"max-snippet:-1","max-image-preview":"max-image-preview:large","max-video-preview":"max-video-preview:-1"},"canonical":"https:\/\/sare.eus\/es\/llamada-a-bilbo-el-7-de-enero-desde-nafarroa\/","og_locale":"es_ES","og_type":"article","og_title":"Llamada a Bilbo el 7 de enero desde Nafarroa - Sare Herritarra","og_description":"En esta comparecencia de hoy nos hemos reunido familiares de presos y presas de Nafarroa, familiares de Karmele Solaguren, v\u00edctima de la pol\u00edtica de alejamiento, una delegaci\u00f3n de Hatortxu Rock [&hellip;]","og_url":"https:\/\/sare.eus\/es\/llamada-a-bilbo-el-7-de-enero-desde-nafarroa\/","og_site_name":"Sare Herritarra","article_published_time":"2022-12-26T19:44:42+00:00","article_modified_time":"2022-12-26T19:54:28+00:00","og_image":[{"width":1280,"height":832,"url":"https:\/\/sare.eus\/wp-content\/uploads\/2022\/12\/2022.12.27.-SARE-IRUNEA-AGERRALDIA-01.jpg","type":"image\/jpeg"}],"author":"sare","twitter_card":"summary_large_image","twitter_misc":{"Escrito por":"sare","Tiempo de lectura":"4 minutos"},"schema":{"@context":"https:\/\/schema.org","@graph":[{"@type":"Article","@id":"https:\/\/sare.eus\/es\/llamada-a-bilbo-el-7-de-enero-desde-nafarroa\/#article","isPartOf":{"@id":"https:\/\/sare.eus\/es\/llamada-a-bilbo-el-7-de-enero-desde-nafarroa\/"},"author":{"name":"sare","@id":"https:\/\/sare.eus\/#\/schema\/person\/2fe6d0df294f56313d3ab236dbe38e17"},"headline":"Llamada a Bilbo el 7 de enero desde Nafarroa","datePublished":"2022-12-26T19:44:42+00:00","dateModified":"2022-12-26T19:54:28+00:00","mainEntityOfPage":{"@id":"https:\/\/sare.eus\/es\/llamada-a-bilbo-el-7-de-enero-desde-nafarroa\/"},"wordCount":605,"publisher":{"@id":"https:\/\/sare.eus\/#organization"},"image":{"@id":"https:\/\/sare.eus\/es\/llamada-a-bilbo-el-7-de-enero-desde-nafarroa\/#primaryimage"},"thumbnailUrl":"https:\/\/sare.eus\/wp-content\/uploads\/2022\/12\/2022.12.27.-SARE-IRUNEA-AGERRALDIA-01.jpg","articleSection":["Etxera"],"inLanguage":"es"},{"@type":"WebPage","@id":"https:\/\/sare.eus\/es\/llamada-a-bilbo-el-7-de-enero-desde-nafarroa\/","url":"https:\/\/sare.eus\/es\/llamada-a-bilbo-el-7-de-enero-desde-nafarroa\/","name":"Llamada a Bilbo el 7 de enero desde Nafarroa - Sare Herritarra","isPartOf":{"@id":"https:\/\/sare.eus\/#website"},"primaryImageOfPage":{"@id":"https:\/\/sare.eus\/es\/llamada-a-bilbo-el-7-de-enero-desde-nafarroa\/#primaryimage"},"image":{"@id":"https:\/\/sare.eus\/es\/llamada-a-bilbo-el-7-de-enero-desde-nafarroa\/#primaryimage"},"thumbnailUrl":"https:\/\/sare.eus\/wp-content\/uploads\/2022\/12\/2022.12.27.-SARE-IRUNEA-AGERRALDIA-01.jpg","datePublished":"2022-12-26T19:44:42+00:00","dateModified":"2022-12-26T19:54:28+00:00","breadcrumb":{"@id":"https:\/\/sare.eus\/es\/llamada-a-bilbo-el-7-de-enero-desde-nafarroa\/#breadcrumb"},"inLanguage":"es","potentialAction":[{"@type":"ReadAction","target":["https:\/\/sare.eus\/es\/llamada-a-bilbo-el-7-de-enero-desde-nafarroa\/"]}]},{"@type":"ImageObject","inLanguage":"es","@id":"https:\/\/sare.eus\/es\/llamada-a-bilbo-el-7-de-enero-desde-nafarroa\/#primaryimage","url":"https:\/\/sare.eus\/wp-content\/uploads\/2022\/12\/2022.12.27.-SARE-IRUNEA-AGERRALDIA-01.jpg","contentUrl":"https:\/\/sare.eus\/wp-content\/uploads\/2022\/12\/2022.12.27.-SARE-IRUNEA-AGERRALDIA-01.jpg","width":1280,"height":832},{"@type":"BreadcrumbList","@id":"https:\/\/sare.eus\/es\/llamada-a-bilbo-el-7-de-enero-desde-nafarroa\/#breadcrumb","itemListElement":[{"@type":"ListItem","position":1,"name":"Home","item":"https:\/\/sare.eus\/"},{"@type":"ListItem","position":2,"name":"Llamada a Bilbo el 7 de enero desde Nafarroa"}]},{"@type":"WebSite","@id":"https:\/\/sare.eus\/#website","url":"https:\/\/sare.eus\/","name":"Sare Herritarra","description":"KONPONBIDEAREN ETA GIZA ESKUBIDEEN ALDEKO SARE HERRITARRA","publisher":{"@id":"https:\/\/sare.eus\/#organization"},"potentialAction":[{"@type":"SearchAction","target":{"@type":"EntryPoint","urlTemplate":"https:\/\/sare.eus\/?s={search_term_string}"},"query-input":{"@type":"PropertyValueSpecification","valueRequired":true,"valueName":"search_term_string"}}],"inLanguage":"es"},{"@type":"Organization","@id":"https:\/\/sare.eus\/#organization","name":"Sare Herritarra","url":"https:\/\/sare.eus\/","logo":{"@type":"ImageObject","inLanguage":"es","@id":"https:\/\/sare.eus\/#\/schema\/logo\/image\/","url":"https:\/\/sare.eus\/wp-content\/uploads\/2021\/08\/sare.png","contentUrl":"https:\/\/sare.eus\/wp-content\/uploads\/2021\/08\/sare.png","width":120,"height":142,"caption":"Sare Herritarra"},"image":{"@id":"https:\/\/sare.eus\/#\/schema\/logo\/image\/"}},{"@type":"Person","@id":"https:\/\/sare.eus\/#\/schema\/person\/2fe6d0df294f56313d3ab236dbe38e17","name":"sare","image":{"@type":"ImageObject","inLanguage":"es","@id":"https:\/\/sare.eus\/#\/schema\/person\/image\/","url":"https:\/\/secure.gravatar.com\/avatar\/77cad838677ceb1977e7b3c878b55eaa7fa4aae2158983063b047c3ad7ef2c25?s=96&d=mm&r=g","contentUrl":"https:\/\/secure.gravatar.com\/avatar\/77cad838677ceb1977e7b3c878b55eaa7fa4aae2158983063b047c3ad7ef2c25?s=96&d=mm&r=g","caption":"sare"},"url":"https:\/\/sare.eus\/es\/author\/sare\/"}]}},"_links":{"self":[{"href":"https:\/\/sare.eus\/es\/wp-json\/wp\/v2\/posts\/4557","targetHints":{"allow":["GET"]}}],"collection":[{"href":"https:\/\/sare.eus\/es\/wp-json\/wp\/v2\/posts"}],"about":[{"href":"https:\/\/sare.eus\/es\/wp-json\/wp\/v2\/types\/post"}],"author":[{"embeddable":true,"href":"https:\/\/sare.eus\/es\/wp-json\/wp\/v2\/users\/2"}],"replies":[{"embeddable":true,"href":"https:\/\/sare.eus\/es\/wp-json\/wp\/v2\/comments?post=4557"}],"version-history":[{"count":4,"href":"https:\/\/sare.eus\/es\/wp-json\/wp\/v2\/posts\/4557\/revisions"}],"predecessor-version":[{"id":4564,"href":"https:\/\/sare.eus\/es\/wp-json\/wp\/v2\/posts\/4557\/revisions\/4564"}],"wp:featuredmedia":[{"embeddable":true,"href":"https:\/\/sare.eus\/es\/wp-json\/wp\/v2\/media\/4566"}],"wp:attachment":[{"href":"https:\/\/sare.eus\/es\/wp-json\/wp\/v2\/media?parent=4557"}],"wp:term":[{"taxonomy":"category","embeddable":true,"href":"https:\/\/sare.eus\/es\/wp-json\/wp\/v2\/categories?post=4557"},{"taxonomy":"post_tag","embeddable":true,"href":"https:\/\/sare.eus\/es\/wp-json\/wp\/v2\/tags?post=4557"}],"curies":[{"name":"wp","href":"https:\/\/api.w.org\/{rel}","templated":true}]}}