{"id":4452,"date":"2022-12-16T10:49:06","date_gmt":"2022-12-16T10:49:06","guid":{"rendered":"https:\/\/sare.eus\/?p=4452"},"modified":"2022-12-16T12:16:35","modified_gmt":"2022-12-16T12:16:35","slug":"nuestra-posicion-ante-la-manifestacion-de-la-red-ciudadana-sare-del-7-de-enero-en-bilbo","status":"publish","type":"post","link":"https:\/\/sare.eus\/es\/nuestra-posicion-ante-la-manifestacion-de-la-red-ciudadana-sare-del-7-de-enero-en-bilbo\/","title":{"rendered":"NUESTRA POSICI\u00d3N ANTE LA MANIFESTACI\u00d3N DE LA RED CIUDADANA SARE DEL 7 DE ENERO EN BILBO"},"content":{"rendered":"\n<p>Quienes hoy comparecemos en esta convocatoria de prensa no somos pol\u00edticos o pol\u00edticas, no representamos a ning\u00fan colectivo concreto; nos representamos a nosotras mismas y a nuestras propias vivencias.<\/p>\n\n\n\n<p>Algunas nos conocemos ya, otras nos hemos conocido hoy aqu\u00ed. Es muy posible que ideol\u00f3gicamente seamos diferentes o incluso muy diferentes. Que no compartamos ideolog\u00edas ni modos de pensar sobre muchos aspectos. Pero nos da igual. Eso no es lo importante.<\/p>\n\n\n\n<p>Lo importante es que, de una forma u otra, todos y todas somos v\u00edctimas de la violencia que durante d\u00e9cadas ha causado tanto dolor y sufrimiento en nuestro pueblo.<\/p>\n\n\n\n<p>Unos y unas, o somos v\u00edctimas de ETA, o del GAL, o de la tortura o de las consecuencias de la pol\u00edtica de dispersi\u00f3n y alejamiento. Todas y todos hemos padecido de manera diferente, pero muy dura, la violencia y hoy estamos aqu\u00ed para decir que no queremos que nuestro silencio sea utilizado por nadie para continuar causando dolor y sufrimiento a nadie.<\/p>\n\n\n\n<p>Que ya es hora de comenzar a reconstruir tantos puentes rotos por la confrontaci\u00f3n que ha acarreado tanto sufrimiento. Que es hora de ir reconstruyendo la convivencia en nuestro pa\u00eds, y esto exige la voluntad de avanzar, sin olvidar lo que cada uno y cada una de nosotras hemos padecido, pero sin odiar.<\/p>\n\n\n\n<p>Qu\u00e9 importante es la empat\u00eda. El aceptar y comprender el sufrimiento de la otra persona, pero, sobre todo, poner todo nuestro esfuerzo en buscar soluciones dignas para todos y para todas.<\/p>\n\n\n\n<p>De ah\u00ed que hablar sea imprescindible, pero a\u00fan m\u00e1s saber escucharnos, para as\u00ed entendernos mejor y poder avanzar hacia la convivencia.<\/p>\n\n\n\n<p>Es por ello que, con nuestra presencia hoy en este acto, queremos mostrar nuestro apoyo a los actos que la Red Ciudadana SARE ha convocado para el pr\u00f3ximo d\u00eda 7 de enero en Bilbo.<\/p>\n\n\n\n<p>Por la ma\u00f1ana, en el Palacio Euskalduna, diferentes v\u00edctimas, unidas por la necesidad de avanzar en la convivencia, reflexionaremos sobre c\u00f3mo poder hacerlo. Y por la tarde, participaremos en la manifestaci\u00f3n que a partir de las 17 horas recorrer\u00e1 las calles de Bilbo.<\/p>\n\n\n\n<figure class=\"wp-block-embed is-type-rich is-provider-twitter wp-block-embed-twitter\"><div class=\"wp-block-embed__wrapper\">\n<blockquote class=\"twitter-tweet\" data-width=\"550\" data-dnt=\"true\"><p lang=\"es\" dir=\"ltr\">Rosa Rodero, Axun Lasa, Ibon Garate y Unai Romano: <br><br>&quot;Nuestra posici\u00f3n ante la manifestaci\u00f3n de la Red ciudadana SARE del 7 de enero en Bilbo&quot; <a href=\"https:\/\/t.co\/WyzmI4tN5W\">https:\/\/t.co\/WyzmI4tN5W<\/a> <a href=\"https:\/\/twitter.com\/hashtag\/7EneBilbo?src=hash&amp;ref_src=twsrc%5Etfw\">#7EneBilbo<\/a> <a href=\"https:\/\/t.co\/KHqyG9oV3y\">pic.twitter.com\/KHqyG9oV3y<\/a><\/p>&mdash; Sare \u2197\ufe0f #Urt7Bilbora (@sare_herritarra) <a href=\"https:\/\/twitter.com\/sare_herritarra\/status\/1603723017854636033?ref_src=twsrc%5Etfw\">December 16, 2022<\/a><\/blockquote><script async src=\"https:\/\/platform.twitter.com\/widgets.js\" charset=\"utf-8\"><\/script>\n<\/div><\/figure>\n\n\n\n<p>La movilizaci\u00f3n social es un instrumento m\u00e1s que tienen los pueblos para hacer o\u00edr sus reivindicaciones. Y entre estas reivindicaciones, Euskal Herria, despu\u00e9s de tantas d\u00e9cadas de enfrentamiento, tiene hoy la necesidad de ir cerrando heridas.<\/p>\n\n\n\n<p>Y nos vamos a referir a dos de ellas.<\/p>\n\n\n\n<p>1.- La necesidad de aplicar medidas de reconocimiento y de apoyo a todas las v\u00edctimas de las violencias, sin excepci\u00f3n alguna. No hay ning\u00fan dolor que una violencia concreta haya causado menor o mayor que el causado por otra violencia de signo diferente. Por tanto, no puede pasar m\u00e1s tiempo sin la aplicaci\u00f3n de medidas iguales para todos y todas.<\/p>\n\n\n\n<p>2.- Una soluci\u00f3n justa y legal al problema de los presos y presas vascos. Durante d\u00e9cadas han sufrido, sobre todo sus familiares, una pol\u00edtica de alejamiento que est\u00e1 tocando a su fin. Ahora es el momento, tambi\u00e9n, de que la ley y la justicia sean aplicadas sin excepciones y por tanto, tras d\u00e9cadas de privaci\u00f3n de libertad, puedan ir iniciando el camino de regreso a sus casas, si as\u00ed lo indica la ley.<\/p>\n\n\n\n<p>Nos mueve en esto la necesidad y obligaci\u00f3n que tenemos de poder dejar a nuestros hijos e hijas, nietos y nietas, una sociedad mejor que la que heredamos de nuestros mayores.<\/p>\n\n\n\n<p><strong>Por todo ello, nosotros y nosotras tambi\u00e9n estaremos el 7 de enero en las calles de Bilbo.<\/strong><\/p>\n\n\n<hr \/>\n<p>\u00a0<\/p>\n\n\n<div class=\"wp-block-columns is-layout-flex wp-container-core-columns-is-layout-9d6595d7 wp-block-columns-is-layout-flex\">\n<div class=\"wp-block-column is-layout-flow wp-block-column-is-layout-flow\">\n<figure class=\"wp-block-embed is-type-rich is-provider-twitter wp-block-embed-twitter\"><div class=\"wp-block-embed__wrapper\">\n<blockquote class=\"twitter-tweet\" data-width=\"550\" data-dnt=\"true\"><p lang=\"eu\" dir=\"ltr\">Indarkeriaren hiru biktimak agerraldia egin dute, <a href=\"https:\/\/twitter.com\/sare_herritarra?ref_src=twsrc%5Etfw\">@sare_herritarra<\/a>-k urtarrilaren 7rako antolatu duen manifestazioari babesa emateko. Rosa Roderok, Unai Romanok, Ibon Garatek, Asun Lasak egin dute bat deialdiarekin.<a href=\"https:\/\/twitter.com\/GotzonH?ref_src=twsrc%5Etfw\">@GotzonH<\/a><a href=\"https:\/\/t.co\/M4rLBv49H2\">https:\/\/t.co\/M4rLBv49H2<\/a><\/p>&mdash; Berria.eus (@berria) <a href=\"https:\/\/twitter.com\/berria\/status\/1603721606693416960?ref_src=twsrc%5Etfw\">December 16, 2022<\/a><\/blockquote><script async src=\"https:\/\/platform.twitter.com\/widgets.js\" charset=\"utf-8\"><\/script>\n<\/div><\/figure>\n<\/div>\n\n\n\n<div class=\"wp-block-column is-layout-flow wp-block-column-is-layout-flow\">\n<figure class=\"wp-block-embed is-type-rich is-provider-twitter wp-block-embed-twitter\"><div class=\"wp-block-embed__wrapper\">\n<blockquote class=\"twitter-tweet\" data-width=\"550\" data-dnt=\"true\"><p lang=\"es\" dir=\"ltr\"><a href=\"https:\/\/twitter.com\/hashtag\/presos?src=hash&amp;ref_src=twsrc%5Etfw\">#presos<\/a> | V\u00edctimas de ETA y del GAL reclaman &quot;una soluci\u00f3n justa y legal al problema de los presos&quot;<a href=\"https:\/\/twitter.com\/sare_herritarra?ref_src=twsrc%5Etfw\">@sare_herritarra<\/a> <a href=\"https:\/\/t.co\/7exE5igrLy\">https:\/\/t.co\/7exE5igrLy<\/a><\/p>&mdash; Cadena SER Euskadi (@SEReuskadi) <a href=\"https:\/\/twitter.com\/SEReuskadi\/status\/1603719402700021761?ref_src=twsrc%5Etfw\">December 16, 2022<\/a><\/blockquote><script async src=\"https:\/\/platform.twitter.com\/widgets.js\" charset=\"utf-8\"><\/script>\n<\/div><\/figure>\n<\/div>\n\n\n\n<div class=\"wp-block-column is-layout-flow wp-block-column-is-layout-flow\">\n<figure class=\"wp-block-embed is-type-rich is-provider-twitter wp-block-embed-twitter\"><div class=\"wp-block-embed__wrapper\">\n<blockquote class=\"twitter-tweet\" data-width=\"550\" data-dnt=\"true\"><p lang=\"es\" dir=\"ltr\">V\u00edctimas de distintas violencias se suman a la manifestaci\u00f3n de Sare del 7 de enero en Bilbo <a href=\"https:\/\/t.co\/W70526Mw5A\">https:\/\/t.co\/W70526Mw5A<\/a> <a href=\"https:\/\/t.co\/ianQDxHTRk\">pic.twitter.com\/ianQDxHTRk<\/a><\/p>&mdash; naiz: (@naiz_info) <a href=\"https:\/\/twitter.com\/naiz_info\/status\/1603708251870208000?ref_src=twsrc%5Etfw\">December 16, 2022<\/a><\/blockquote><script async src=\"https:\/\/platform.twitter.com\/widgets.js\" charset=\"utf-8\"><\/script>\n<\/div><\/figure>\n<\/div>\n<\/div>\n","protected":false},"excerpt":{"rendered":"<p>Quienes hoy comparecemos en esta convocatoria de prensa no somos pol\u00edticos o pol\u00edticas, no representamos a ning\u00fan colectivo concreto; nos representamos a nosotras mismas y a nuestras propias vivencias. Algunas [&hellip;]<\/p>\n","protected":false},"author":2,"featured_media":4453,"comment_status":"closed","ping_status":"closed","sticky":false,"template":"","format":"standard","meta":{"_acf_changed":false,"_et_pb_use_builder":"off","_et_pb_old_content":"","_et_gb_content_width":"","footnotes":""},"categories":[60],"tags":[],"class_list":["post-4452","post","type-post","status-publish","format-standard","has-post-thumbnail","hentry","category-etxera-es","et-has-post-format-content","et_post_format-et-post-format-standard"],"acf":[],"yoast_head":"<!-- This site is optimized with the Yoast SEO plugin v26.4 - https:\/\/yoast.com\/wordpress\/plugins\/seo\/ -->\n<title>NUESTRA POSICI\u00d3N ANTE LA MANIFESTACI\u00d3N DE LA RED CIUDADANA SARE DEL 7 DE ENERO EN BILBO - Sare Herritarra<\/title>\n<meta name=\"robots\" content=\"index, follow, max-snippet:-1, max-image-preview:large, max-video-preview:-1\" \/>\n<link rel=\"canonical\" href=\"https:\/\/sare.eus\/es\/nuestra-posicion-ante-la-manifestacion-de-la-red-ciudadana-sare-del-7-de-enero-en-bilbo\/\" \/>\n<meta property=\"og:locale\" content=\"es_ES\" \/>\n<meta property=\"og:type\" content=\"article\" \/>\n<meta property=\"og:title\" content=\"NUESTRA POSICI\u00d3N ANTE LA MANIFESTACI\u00d3N DE LA RED CIUDADANA SARE DEL 7 DE ENERO EN BILBO - Sare Herritarra\" \/>\n<meta property=\"og:description\" content=\"Quienes hoy comparecemos en esta convocatoria de prensa no somos pol\u00edticos o pol\u00edticas, no representamos a ning\u00fan colectivo concreto; nos representamos a nosotras mismas y a nuestras propias vivencias. Algunas [&hellip;]\" \/>\n<meta property=\"og:url\" content=\"https:\/\/sare.eus\/es\/nuestra-posicion-ante-la-manifestacion-de-la-red-ciudadana-sare-del-7-de-enero-en-bilbo\/\" \/>\n<meta property=\"og:site_name\" content=\"Sare Herritarra\" \/>\n<meta property=\"article:published_time\" content=\"2022-12-16T10:49:06+00:00\" \/>\n<meta property=\"article:modified_time\" content=\"2022-12-16T12:16:35+00:00\" \/>\n<meta property=\"og:image\" content=\"https:\/\/sare.eus\/wp-content\/uploads\/2022\/12\/web_2022.12.16-Agerraldia-Bilbo.jpg\" \/>\n\t<meta property=\"og:image:width\" content=\"1280\" \/>\n\t<meta property=\"og:image:height\" content=\"901\" \/>\n\t<meta property=\"og:image:type\" content=\"image\/jpeg\" \/>\n<meta name=\"author\" content=\"sare\" \/>\n<meta name=\"twitter:card\" content=\"summary_large_image\" \/>\n<meta name=\"twitter:label1\" content=\"Escrito por\" \/>\n\t<meta name=\"twitter:data1\" content=\"sare\" \/>\n\t<meta name=\"twitter:label2\" content=\"Tiempo de lectura\" \/>\n\t<meta name=\"twitter:data2\" content=\"4 minutos\" \/>\n<script type=\"application\/ld+json\" class=\"yoast-schema-graph\">{\"@context\":\"https:\/\/schema.org\",\"@graph\":[{\"@type\":\"Article\",\"@id\":\"https:\/\/sare.eus\/es\/nuestra-posicion-ante-la-manifestacion-de-la-red-ciudadana-sare-del-7-de-enero-en-bilbo\/#article\",\"isPartOf\":{\"@id\":\"https:\/\/sare.eus\/es\/nuestra-posicion-ante-la-manifestacion-de-la-red-ciudadana-sare-del-7-de-enero-en-bilbo\/\"},\"author\":{\"name\":\"sare\",\"@id\":\"https:\/\/sare.eus\/#\/schema\/person\/2fe6d0df294f56313d3ab236dbe38e17\"},\"headline\":\"NUESTRA POSICI\u00d3N ANTE LA MANIFESTACI\u00d3N DE LA RED CIUDADANA SARE DEL 7 DE ENERO EN BILBO\",\"datePublished\":\"2022-12-16T10:49:06+00:00\",\"dateModified\":\"2022-12-16T12:16:35+00:00\",\"mainEntityOfPage\":{\"@id\":\"https:\/\/sare.eus\/es\/nuestra-posicion-ante-la-manifestacion-de-la-red-ciudadana-sare-del-7-de-enero-en-bilbo\/\"},\"wordCount\":669,\"publisher\":{\"@id\":\"https:\/\/sare.eus\/#organization\"},\"image\":{\"@id\":\"https:\/\/sare.eus\/es\/nuestra-posicion-ante-la-manifestacion-de-la-red-ciudadana-sare-del-7-de-enero-en-bilbo\/#primaryimage\"},\"thumbnailUrl\":\"https:\/\/sare.eus\/wp-content\/uploads\/2022\/12\/web_2022.12.16-Agerraldia-Bilbo.jpg\",\"articleSection\":[\"Etxera\"],\"inLanguage\":\"es\"},{\"@type\":\"WebPage\",\"@id\":\"https:\/\/sare.eus\/es\/nuestra-posicion-ante-la-manifestacion-de-la-red-ciudadana-sare-del-7-de-enero-en-bilbo\/\",\"url\":\"https:\/\/sare.eus\/es\/nuestra-posicion-ante-la-manifestacion-de-la-red-ciudadana-sare-del-7-de-enero-en-bilbo\/\",\"name\":\"NUESTRA POSICI\u00d3N ANTE LA MANIFESTACI\u00d3N DE LA RED CIUDADANA SARE DEL 7 DE ENERO EN BILBO - Sare Herritarra\",\"isPartOf\":{\"@id\":\"https:\/\/sare.eus\/#website\"},\"primaryImageOfPage\":{\"@id\":\"https:\/\/sare.eus\/es\/nuestra-posicion-ante-la-manifestacion-de-la-red-ciudadana-sare-del-7-de-enero-en-bilbo\/#primaryimage\"},\"image\":{\"@id\":\"https:\/\/sare.eus\/es\/nuestra-posicion-ante-la-manifestacion-de-la-red-ciudadana-sare-del-7-de-enero-en-bilbo\/#primaryimage\"},\"thumbnailUrl\":\"https:\/\/sare.eus\/wp-content\/uploads\/2022\/12\/web_2022.12.16-Agerraldia-Bilbo.jpg\",\"datePublished\":\"2022-12-16T10:49:06+00:00\",\"dateModified\":\"2022-12-16T12:16:35+00:00\",\"breadcrumb\":{\"@id\":\"https:\/\/sare.eus\/es\/nuestra-posicion-ante-la-manifestacion-de-la-red-ciudadana-sare-del-7-de-enero-en-bilbo\/#breadcrumb\"},\"inLanguage\":\"es\",\"potentialAction\":[{\"@type\":\"ReadAction\",\"target\":[\"https:\/\/sare.eus\/es\/nuestra-posicion-ante-la-manifestacion-de-la-red-ciudadana-sare-del-7-de-enero-en-bilbo\/\"]}]},{\"@type\":\"ImageObject\",\"inLanguage\":\"es\",\"@id\":\"https:\/\/sare.eus\/es\/nuestra-posicion-ante-la-manifestacion-de-la-red-ciudadana-sare-del-7-de-enero-en-bilbo\/#primaryimage\",\"url\":\"https:\/\/sare.eus\/wp-content\/uploads\/2022\/12\/web_2022.12.16-Agerraldia-Bilbo.jpg\",\"contentUrl\":\"https:\/\/sare.eus\/wp-content\/uploads\/2022\/12\/web_2022.12.16-Agerraldia-Bilbo.jpg\",\"width\":1280,\"height\":901},{\"@type\":\"BreadcrumbList\",\"@id\":\"https:\/\/sare.eus\/es\/nuestra-posicion-ante-la-manifestacion-de-la-red-ciudadana-sare-del-7-de-enero-en-bilbo\/#breadcrumb\",\"itemListElement\":[{\"@type\":\"ListItem\",\"position\":1,\"name\":\"Home\",\"item\":\"https:\/\/sare.eus\/\"},{\"@type\":\"ListItem\",\"position\":2,\"name\":\"NUESTRA POSICI\u00d3N ANTE LA MANIFESTACI\u00d3N DE LA RED CIUDADANA SARE DEL 7 DE ENERO EN BILBO\"}]},{\"@type\":\"WebSite\",\"@id\":\"https:\/\/sare.eus\/#website\",\"url\":\"https:\/\/sare.eus\/\",\"name\":\"Sare Herritarra\",\"description\":\"KONPONBIDEAREN ETA GIZA ESKUBIDEEN ALDEKO SARE HERRITARRA\",\"publisher\":{\"@id\":\"https:\/\/sare.eus\/#organization\"},\"potentialAction\":[{\"@type\":\"SearchAction\",\"target\":{\"@type\":\"EntryPoint\",\"urlTemplate\":\"https:\/\/sare.eus\/?s={search_term_string}\"},\"query-input\":{\"@type\":\"PropertyValueSpecification\",\"valueRequired\":true,\"valueName\":\"search_term_string\"}}],\"inLanguage\":\"es\"},{\"@type\":\"Organization\",\"@id\":\"https:\/\/sare.eus\/#organization\",\"name\":\"Sare Herritarra\",\"url\":\"https:\/\/sare.eus\/\",\"logo\":{\"@type\":\"ImageObject\",\"inLanguage\":\"es\",\"@id\":\"https:\/\/sare.eus\/#\/schema\/logo\/image\/\",\"url\":\"https:\/\/sare.eus\/wp-content\/uploads\/2021\/08\/sare.png\",\"contentUrl\":\"https:\/\/sare.eus\/wp-content\/uploads\/2021\/08\/sare.png\",\"width\":120,\"height\":142,\"caption\":\"Sare Herritarra\"},\"image\":{\"@id\":\"https:\/\/sare.eus\/#\/schema\/logo\/image\/\"}},{\"@type\":\"Person\",\"@id\":\"https:\/\/sare.eus\/#\/schema\/person\/2fe6d0df294f56313d3ab236dbe38e17\",\"name\":\"sare\",\"image\":{\"@type\":\"ImageObject\",\"inLanguage\":\"es\",\"@id\":\"https:\/\/sare.eus\/#\/schema\/person\/image\/\",\"url\":\"https:\/\/secure.gravatar.com\/avatar\/77cad838677ceb1977e7b3c878b55eaa7fa4aae2158983063b047c3ad7ef2c25?s=96&d=mm&r=g\",\"contentUrl\":\"https:\/\/secure.gravatar.com\/avatar\/77cad838677ceb1977e7b3c878b55eaa7fa4aae2158983063b047c3ad7ef2c25?s=96&d=mm&r=g\",\"caption\":\"sare\"},\"url\":\"https:\/\/sare.eus\/es\/author\/sare\/\"}]}<\/script>\n<!-- \/ Yoast SEO plugin. -->","yoast_head_json":{"title":"NUESTRA POSICI\u00d3N ANTE LA MANIFESTACI\u00d3N DE LA RED CIUDADANA SARE DEL 7 DE ENERO EN BILBO - Sare Herritarra","robots":{"index":"index","follow":"follow","max-snippet":"max-snippet:-1","max-image-preview":"max-image-preview:large","max-video-preview":"max-video-preview:-1"},"canonical":"https:\/\/sare.eus\/es\/nuestra-posicion-ante-la-manifestacion-de-la-red-ciudadana-sare-del-7-de-enero-en-bilbo\/","og_locale":"es_ES","og_type":"article","og_title":"NUESTRA POSICI\u00d3N ANTE LA MANIFESTACI\u00d3N DE LA RED CIUDADANA SARE DEL 7 DE ENERO EN BILBO - Sare Herritarra","og_description":"Quienes hoy comparecemos en esta convocatoria de prensa no somos pol\u00edticos o pol\u00edticas, no representamos a ning\u00fan colectivo concreto; nos representamos a nosotras mismas y a nuestras propias vivencias. Algunas [&hellip;]","og_url":"https:\/\/sare.eus\/es\/nuestra-posicion-ante-la-manifestacion-de-la-red-ciudadana-sare-del-7-de-enero-en-bilbo\/","og_site_name":"Sare Herritarra","article_published_time":"2022-12-16T10:49:06+00:00","article_modified_time":"2022-12-16T12:16:35+00:00","og_image":[{"width":1280,"height":901,"url":"https:\/\/sare.eus\/wp-content\/uploads\/2022\/12\/web_2022.12.16-Agerraldia-Bilbo.jpg","type":"image\/jpeg"}],"author":"sare","twitter_card":"summary_large_image","twitter_misc":{"Escrito por":"sare","Tiempo de lectura":"4 minutos"},"schema":{"@context":"https:\/\/schema.org","@graph":[{"@type":"Article","@id":"https:\/\/sare.eus\/es\/nuestra-posicion-ante-la-manifestacion-de-la-red-ciudadana-sare-del-7-de-enero-en-bilbo\/#article","isPartOf":{"@id":"https:\/\/sare.eus\/es\/nuestra-posicion-ante-la-manifestacion-de-la-red-ciudadana-sare-del-7-de-enero-en-bilbo\/"},"author":{"name":"sare","@id":"https:\/\/sare.eus\/#\/schema\/person\/2fe6d0df294f56313d3ab236dbe38e17"},"headline":"NUESTRA POSICI\u00d3N ANTE LA MANIFESTACI\u00d3N DE LA RED CIUDADANA SARE DEL 7 DE ENERO EN BILBO","datePublished":"2022-12-16T10:49:06+00:00","dateModified":"2022-12-16T12:16:35+00:00","mainEntityOfPage":{"@id":"https:\/\/sare.eus\/es\/nuestra-posicion-ante-la-manifestacion-de-la-red-ciudadana-sare-del-7-de-enero-en-bilbo\/"},"wordCount":669,"publisher":{"@id":"https:\/\/sare.eus\/#organization"},"image":{"@id":"https:\/\/sare.eus\/es\/nuestra-posicion-ante-la-manifestacion-de-la-red-ciudadana-sare-del-7-de-enero-en-bilbo\/#primaryimage"},"thumbnailUrl":"https:\/\/sare.eus\/wp-content\/uploads\/2022\/12\/web_2022.12.16-Agerraldia-Bilbo.jpg","articleSection":["Etxera"],"inLanguage":"es"},{"@type":"WebPage","@id":"https:\/\/sare.eus\/es\/nuestra-posicion-ante-la-manifestacion-de-la-red-ciudadana-sare-del-7-de-enero-en-bilbo\/","url":"https:\/\/sare.eus\/es\/nuestra-posicion-ante-la-manifestacion-de-la-red-ciudadana-sare-del-7-de-enero-en-bilbo\/","name":"NUESTRA POSICI\u00d3N ANTE LA MANIFESTACI\u00d3N DE LA RED CIUDADANA SARE DEL 7 DE ENERO EN BILBO - Sare Herritarra","isPartOf":{"@id":"https:\/\/sare.eus\/#website"},"primaryImageOfPage":{"@id":"https:\/\/sare.eus\/es\/nuestra-posicion-ante-la-manifestacion-de-la-red-ciudadana-sare-del-7-de-enero-en-bilbo\/#primaryimage"},"image":{"@id":"https:\/\/sare.eus\/es\/nuestra-posicion-ante-la-manifestacion-de-la-red-ciudadana-sare-del-7-de-enero-en-bilbo\/#primaryimage"},"thumbnailUrl":"https:\/\/sare.eus\/wp-content\/uploads\/2022\/12\/web_2022.12.16-Agerraldia-Bilbo.jpg","datePublished":"2022-12-16T10:49:06+00:00","dateModified":"2022-12-16T12:16:35+00:00","breadcrumb":{"@id":"https:\/\/sare.eus\/es\/nuestra-posicion-ante-la-manifestacion-de-la-red-ciudadana-sare-del-7-de-enero-en-bilbo\/#breadcrumb"},"inLanguage":"es","potentialAction":[{"@type":"ReadAction","target":["https:\/\/sare.eus\/es\/nuestra-posicion-ante-la-manifestacion-de-la-red-ciudadana-sare-del-7-de-enero-en-bilbo\/"]}]},{"@type":"ImageObject","inLanguage":"es","@id":"https:\/\/sare.eus\/es\/nuestra-posicion-ante-la-manifestacion-de-la-red-ciudadana-sare-del-7-de-enero-en-bilbo\/#primaryimage","url":"https:\/\/sare.eus\/wp-content\/uploads\/2022\/12\/web_2022.12.16-Agerraldia-Bilbo.jpg","contentUrl":"https:\/\/sare.eus\/wp-content\/uploads\/2022\/12\/web_2022.12.16-Agerraldia-Bilbo.jpg","width":1280,"height":901},{"@type":"BreadcrumbList","@id":"https:\/\/sare.eus\/es\/nuestra-posicion-ante-la-manifestacion-de-la-red-ciudadana-sare-del-7-de-enero-en-bilbo\/#breadcrumb","itemListElement":[{"@type":"ListItem","position":1,"name":"Home","item":"https:\/\/sare.eus\/"},{"@type":"ListItem","position":2,"name":"NUESTRA POSICI\u00d3N ANTE LA MANIFESTACI\u00d3N DE LA RED CIUDADANA SARE DEL 7 DE ENERO EN BILBO"}]},{"@type":"WebSite","@id":"https:\/\/sare.eus\/#website","url":"https:\/\/sare.eus\/","name":"Sare Herritarra","description":"KONPONBIDEAREN ETA GIZA ESKUBIDEEN ALDEKO SARE HERRITARRA","publisher":{"@id":"https:\/\/sare.eus\/#organization"},"potentialAction":[{"@type":"SearchAction","target":{"@type":"EntryPoint","urlTemplate":"https:\/\/sare.eus\/?s={search_term_string}"},"query-input":{"@type":"PropertyValueSpecification","valueRequired":true,"valueName":"search_term_string"}}],"inLanguage":"es"},{"@type":"Organization","@id":"https:\/\/sare.eus\/#organization","name":"Sare Herritarra","url":"https:\/\/sare.eus\/","logo":{"@type":"ImageObject","inLanguage":"es","@id":"https:\/\/sare.eus\/#\/schema\/logo\/image\/","url":"https:\/\/sare.eus\/wp-content\/uploads\/2021\/08\/sare.png","contentUrl":"https:\/\/sare.eus\/wp-content\/uploads\/2021\/08\/sare.png","width":120,"height":142,"caption":"Sare Herritarra"},"image":{"@id":"https:\/\/sare.eus\/#\/schema\/logo\/image\/"}},{"@type":"Person","@id":"https:\/\/sare.eus\/#\/schema\/person\/2fe6d0df294f56313d3ab236dbe38e17","name":"sare","image":{"@type":"ImageObject","inLanguage":"es","@id":"https:\/\/sare.eus\/#\/schema\/person\/image\/","url":"https:\/\/secure.gravatar.com\/avatar\/77cad838677ceb1977e7b3c878b55eaa7fa4aae2158983063b047c3ad7ef2c25?s=96&d=mm&r=g","contentUrl":"https:\/\/secure.gravatar.com\/avatar\/77cad838677ceb1977e7b3c878b55eaa7fa4aae2158983063b047c3ad7ef2c25?s=96&d=mm&r=g","caption":"sare"},"url":"https:\/\/sare.eus\/es\/author\/sare\/"}]}},"_links":{"self":[{"href":"https:\/\/sare.eus\/es\/wp-json\/wp\/v2\/posts\/4452","targetHints":{"allow":["GET"]}}],"collection":[{"href":"https:\/\/sare.eus\/es\/wp-json\/wp\/v2\/posts"}],"about":[{"href":"https:\/\/sare.eus\/es\/wp-json\/wp\/v2\/types\/post"}],"author":[{"embeddable":true,"href":"https:\/\/sare.eus\/es\/wp-json\/wp\/v2\/users\/2"}],"replies":[{"embeddable":true,"href":"https:\/\/sare.eus\/es\/wp-json\/wp\/v2\/comments?post=4452"}],"version-history":[{"count":2,"href":"https:\/\/sare.eus\/es\/wp-json\/wp\/v2\/posts\/4452\/revisions"}],"predecessor-version":[{"id":4463,"href":"https:\/\/sare.eus\/es\/wp-json\/wp\/v2\/posts\/4452\/revisions\/4463"}],"wp:featuredmedia":[{"embeddable":true,"href":"https:\/\/sare.eus\/es\/wp-json\/wp\/v2\/media\/4453"}],"wp:attachment":[{"href":"https:\/\/sare.eus\/es\/wp-json\/wp\/v2\/media?parent=4452"}],"wp:term":[{"taxonomy":"category","embeddable":true,"href":"https:\/\/sare.eus\/es\/wp-json\/wp\/v2\/categories?post=4452"},{"taxonomy":"post_tag","embeddable":true,"href":"https:\/\/sare.eus\/es\/wp-json\/wp\/v2\/tags?post=4452"}],"curies":[{"name":"wp","href":"https:\/\/api.w.org\/{rel}","templated":true}]}}