{"id":4430,"date":"2022-12-15T09:17:31","date_gmt":"2022-12-15T09:17:31","guid":{"rendered":"https:\/\/sare.eus\/urtarrilaren-7an-gazteok-bilbora\/"},"modified":"2022-12-15T14:45:11","modified_gmt":"2022-12-15T14:45:11","slug":"7-de-enero-gazteok-bilbora","status":"publish","type":"post","link":"https:\/\/sare.eus\/es\/7-de-enero-gazteok-bilbora\/","title":{"rendered":"7 de Enero, Gazteok Bilbora"},"content":{"rendered":"<p>Hoy, nos hemos reunido aqu\u00ed j\u00f3venes que estamos trabajando en diversos \u00e1mbitos en<br \/>Euskal Herria. J\u00f3venes que trabajamos d\u00eda a d\u00eda para transformar nuestra sociedad, al igual que muchas generaciones de j\u00f3venes a lo largo y ancho del mundo. Pero tenemos tambi\u00e9n realidades que nos diferencian del resto, realidades que tambi\u00e9n queremos transformar. Por eso nos hemos reunido hoy aqu\u00ed.<\/p>\n<p>En Euskal Herria hemos vivido un conflicto que ha durado d\u00e9cadas, lo que pone de manifiesto la existencia de innumerables \u00e1reas a\u00fan por resolver. Adem\u00e1s, este conflicto ha generado sufrimiento de diferentes maneras, aunque durante la \u00faltima d\u00e9cada se han dado pasos importantes hacia la convivencia y hacia la paz. Hemos visto iniciativas entre quienes antes no se ve\u00eda posible el trabajo en com\u00fan; tambi\u00e9n hemos conocido realidades diferentes, pero todav\u00eda tenemos presente la pol\u00edtica penitenciaria de excepci\u00f3n.<\/p>\n<p>Es verdad que hemos visto un cambio en la pol\u00edtica de alejamiento, pero algunas presas y algunos presos siguen lejos, situaci\u00f3n que debe desaparecer ya, de manera inmediata. Y, aunque este cambio nos ha generado esperanza, siguen vigentes todav\u00eda muchas medidas de excepci\u00f3n.<\/p>\n<p>Dentro del avance que suponen las progresiones de grado, nos preocupan especialmente las regresiones de grado a consecuencia de los recursos de la fiscal\u00eda de la Audiencia Nacional. Tomando como base la legislaci\u00f3n ordinaria, obstaculizar la v\u00eda de las progresiones solo nos evoca un t\u00e9rmino: venganza. Las intervenciones del estado y de la extrema derecha son, hoy por hoy, el principal obst\u00e1culo para la resoluci\u00f3n de las consecuencias del conflicto. Bajo esos intereses, su objetivo es encadenar un pueblo entero al pasado y al conflicto. Ante ese contexto, queremos hacer un llamamiento para avanzar conjuntamente. Frente a todos esos obst\u00e1culos, las y los j\u00f3venes optamos por la resoluci\u00f3n. Asumimos como generaci\u00f3n la responsabilidad que exige este momento hist\u00f3rico, desde el compromiso que supone ser la primera generaci\u00f3n que no ha vivido directamente toda la crudeza del conflicto. Por ello, queremos y debemos ser la \u00faltima generaci\u00f3n que sufre los efectos del conflicto. Y eso supone poner fin a la pol\u00edtica de alejamiento y de excepci\u00f3n.<\/p>\n<p>\u00a0<\/p>\n\n\n<figure class=\"wp-block-embed is-type-video is-provider-youtube wp-block-embed-youtube wp-embed-aspect-16-9 wp-has-aspect-ratio\"><div class=\"wp-block-embed__wrapper\">\n<iframe loading=\"lazy\" title=\"#Urt7Bilbora | U7 GAZTEOK BILBORA!\" width=\"1080\" height=\"608\" src=\"https:\/\/www.youtube.com\/embed\/F-Tix2Q8tEw?feature=oembed\" frameborder=\"0\" allow=\"accelerometer; autoplay; clipboard-write; encrypted-media; gyroscope; picture-in-picture\" allowfullscreen><\/iframe>\n<\/div><\/figure>\n\n\n<p>Como los imanes, con capacidad y fuerza para atraer elementos, queremos mostrar esa capacidad para la juventud, atrayendo hacia casa, acercando a las personas vascas presas y refugiadas. Tenemos por objetivo la paz y la convivencia basadas en la igualdad, y queremos impulsar las tareas que hay en ese camino, queremos analizar el fundamento del conflicto y alcanzar soluciones. En ese camino, el 7 de enero llenaremos las calles de Bilbao.<\/p>\n<p>Por ello, hacemos un llamamiento a la juventud, a toda nuestra generaci\u00f3n, para que est\u00e9n junto a nosotras y nosotros en Bilbao.<\/p>\n<p><strong>\u00a1El 7 de enero, la juventud a Bilbao! Etxera bidea gertu!<\/strong><\/p>\n<hr \/>\n<p>\u00a0<\/p>\n\n\n<figure class=\"wp-block-image size-large\"><img loading=\"lazy\" decoding=\"async\" width=\"1024\" height=\"724\" src=\"https:\/\/sare.eus\/wp-content\/uploads\/2022\/12\/web_AGERRALDI-SARE-OFIZIAL_maketa_Mesa-de-trabajo-1-1024x724.jpg\" alt=\"\" class=\"wp-image-4427\" srcset=\"https:\/\/sare.eus\/wp-content\/uploads\/2022\/12\/web_AGERRALDI-SARE-OFIZIAL_maketa_Mesa-de-trabajo-1-1024x724.jpg 1024w, https:\/\/sare.eus\/wp-content\/uploads\/2022\/12\/web_AGERRALDI-SARE-OFIZIAL_maketa_Mesa-de-trabajo-1-300x212.jpg 300w, https:\/\/sare.eus\/wp-content\/uploads\/2022\/12\/web_AGERRALDI-SARE-OFIZIAL_maketa_Mesa-de-trabajo-1-768x543.jpg 768w, https:\/\/sare.eus\/wp-content\/uploads\/2022\/12\/web_AGERRALDI-SARE-OFIZIAL_maketa_Mesa-de-trabajo-1-400x284.jpg 400w, https:\/\/sare.eus\/wp-content\/uploads\/2022\/12\/web_AGERRALDI-SARE-OFIZIAL_maketa_Mesa-de-trabajo-1-1080x764.jpg 1080w, https:\/\/sare.eus\/wp-content\/uploads\/2022\/12\/web_AGERRALDI-SARE-OFIZIAL_maketa_Mesa-de-trabajo-1.jpg 1191w\" sizes=\"(max-width: 1024px) 100vw, 1024px\" \/><\/figure>\n","protected":false},"excerpt":{"rendered":"<p>Hoy, nos hemos reunido aqu\u00ed j\u00f3venes que estamos trabajando en diversos \u00e1mbitos enEuskal Herria. J\u00f3venes que trabajamos d\u00eda a d\u00eda para transformar nuestra sociedad, al igual que muchas generaciones de [&hellip;]<\/p>\n","protected":false},"author":2,"featured_media":4426,"comment_status":"closed","ping_status":"closed","sticky":false,"template":"","format":"standard","meta":{"_acf_changed":false,"_et_pb_use_builder":"off","_et_pb_old_content":"","_et_gb_content_width":"","footnotes":""},"categories":[60],"tags":[],"class_list":["post-4430","post","type-post","status-publish","format-standard","has-post-thumbnail","hentry","category-etxera-es","et-has-post-format-content","et_post_format-et-post-format-standard"],"acf":[],"yoast_head":"<!-- This site is optimized with the Yoast SEO plugin v26.4 - https:\/\/yoast.com\/wordpress\/plugins\/seo\/ -->\n<title>7 de Enero, Gazteok Bilbora - Sare Herritarra<\/title>\n<meta name=\"robots\" content=\"index, follow, max-snippet:-1, max-image-preview:large, max-video-preview:-1\" \/>\n<link rel=\"canonical\" href=\"https:\/\/sare.eus\/es\/7-de-enero-gazteok-bilbora\/\" \/>\n<meta property=\"og:locale\" content=\"es_ES\" \/>\n<meta property=\"og:type\" content=\"article\" \/>\n<meta property=\"og:title\" content=\"7 de Enero, Gazteok Bilbora - Sare Herritarra\" \/>\n<meta property=\"og:description\" content=\"Hoy, nos hemos reunido aqu\u00ed j\u00f3venes que estamos trabajando en diversos \u00e1mbitos enEuskal Herria. J\u00f3venes que trabajamos d\u00eda a d\u00eda para transformar nuestra sociedad, al igual que muchas generaciones de [&hellip;]\" \/>\n<meta property=\"og:url\" content=\"https:\/\/sare.eus\/es\/7-de-enero-gazteok-bilbora\/\" \/>\n<meta property=\"og:site_name\" content=\"Sare Herritarra\" \/>\n<meta property=\"article:published_time\" content=\"2022-12-15T09:17:31+00:00\" \/>\n<meta property=\"article:modified_time\" content=\"2022-12-15T14:45:11+00:00\" \/>\n<meta property=\"og:image\" content=\"https:\/\/sare.eus\/wp-content\/uploads\/2022\/12\/web_argazkia-maketarako.jpg\" \/>\n\t<meta property=\"og:image:width\" content=\"1094\" \/>\n\t<meta property=\"og:image:height\" content=\"702\" \/>\n\t<meta property=\"og:image:type\" content=\"image\/jpeg\" \/>\n<meta name=\"author\" content=\"sare\" \/>\n<meta name=\"twitter:card\" content=\"summary_large_image\" \/>\n<meta name=\"twitter:label1\" content=\"Escrito por\" \/>\n\t<meta name=\"twitter:data1\" content=\"sare\" \/>\n\t<meta name=\"twitter:label2\" content=\"Tiempo de lectura\" \/>\n\t<meta name=\"twitter:data2\" content=\"3 minutos\" \/>\n<script type=\"application\/ld+json\" class=\"yoast-schema-graph\">{\"@context\":\"https:\/\/schema.org\",\"@graph\":[{\"@type\":\"Article\",\"@id\":\"https:\/\/sare.eus\/es\/7-de-enero-gazteok-bilbora\/#article\",\"isPartOf\":{\"@id\":\"https:\/\/sare.eus\/es\/7-de-enero-gazteok-bilbora\/\"},\"author\":{\"name\":\"sare\",\"@id\":\"https:\/\/sare.eus\/#\/schema\/person\/2fe6d0df294f56313d3ab236dbe38e17\"},\"headline\":\"7 de Enero, Gazteok Bilbora\",\"datePublished\":\"2022-12-15T09:17:31+00:00\",\"dateModified\":\"2022-12-15T14:45:11+00:00\",\"mainEntityOfPage\":{\"@id\":\"https:\/\/sare.eus\/es\/7-de-enero-gazteok-bilbora\/\"},\"wordCount\":495,\"publisher\":{\"@id\":\"https:\/\/sare.eus\/#organization\"},\"image\":{\"@id\":\"https:\/\/sare.eus\/es\/7-de-enero-gazteok-bilbora\/#primaryimage\"},\"thumbnailUrl\":\"https:\/\/sare.eus\/wp-content\/uploads\/2022\/12\/web_argazkia-maketarako.jpg\",\"articleSection\":[\"Etxera\"],\"inLanguage\":\"es\"},{\"@type\":\"WebPage\",\"@id\":\"https:\/\/sare.eus\/es\/7-de-enero-gazteok-bilbora\/\",\"url\":\"https:\/\/sare.eus\/es\/7-de-enero-gazteok-bilbora\/\",\"name\":\"7 de Enero, Gazteok Bilbora - Sare Herritarra\",\"isPartOf\":{\"@id\":\"https:\/\/sare.eus\/#website\"},\"primaryImageOfPage\":{\"@id\":\"https:\/\/sare.eus\/es\/7-de-enero-gazteok-bilbora\/#primaryimage\"},\"image\":{\"@id\":\"https:\/\/sare.eus\/es\/7-de-enero-gazteok-bilbora\/#primaryimage\"},\"thumbnailUrl\":\"https:\/\/sare.eus\/wp-content\/uploads\/2022\/12\/web_argazkia-maketarako.jpg\",\"datePublished\":\"2022-12-15T09:17:31+00:00\",\"dateModified\":\"2022-12-15T14:45:11+00:00\",\"breadcrumb\":{\"@id\":\"https:\/\/sare.eus\/es\/7-de-enero-gazteok-bilbora\/#breadcrumb\"},\"inLanguage\":\"es\",\"potentialAction\":[{\"@type\":\"ReadAction\",\"target\":[\"https:\/\/sare.eus\/es\/7-de-enero-gazteok-bilbora\/\"]}]},{\"@type\":\"ImageObject\",\"inLanguage\":\"es\",\"@id\":\"https:\/\/sare.eus\/es\/7-de-enero-gazteok-bilbora\/#primaryimage\",\"url\":\"https:\/\/sare.eus\/wp-content\/uploads\/2022\/12\/web_argazkia-maketarako.jpg\",\"contentUrl\":\"https:\/\/sare.eus\/wp-content\/uploads\/2022\/12\/web_argazkia-maketarako.jpg\",\"width\":1094,\"height\":702},{\"@type\":\"BreadcrumbList\",\"@id\":\"https:\/\/sare.eus\/es\/7-de-enero-gazteok-bilbora\/#breadcrumb\",\"itemListElement\":[{\"@type\":\"ListItem\",\"position\":1,\"name\":\"Home\",\"item\":\"https:\/\/sare.eus\/\"},{\"@type\":\"ListItem\",\"position\":2,\"name\":\"7 de Enero, Gazteok Bilbora\"}]},{\"@type\":\"WebSite\",\"@id\":\"https:\/\/sare.eus\/#website\",\"url\":\"https:\/\/sare.eus\/\",\"name\":\"Sare Herritarra\",\"description\":\"KONPONBIDEAREN ETA GIZA ESKUBIDEEN ALDEKO SARE HERRITARRA\",\"publisher\":{\"@id\":\"https:\/\/sare.eus\/#organization\"},\"potentialAction\":[{\"@type\":\"SearchAction\",\"target\":{\"@type\":\"EntryPoint\",\"urlTemplate\":\"https:\/\/sare.eus\/?s={search_term_string}\"},\"query-input\":{\"@type\":\"PropertyValueSpecification\",\"valueRequired\":true,\"valueName\":\"search_term_string\"}}],\"inLanguage\":\"es\"},{\"@type\":\"Organization\",\"@id\":\"https:\/\/sare.eus\/#organization\",\"name\":\"Sare Herritarra\",\"url\":\"https:\/\/sare.eus\/\",\"logo\":{\"@type\":\"ImageObject\",\"inLanguage\":\"es\",\"@id\":\"https:\/\/sare.eus\/#\/schema\/logo\/image\/\",\"url\":\"https:\/\/sare.eus\/wp-content\/uploads\/2021\/08\/sare.png\",\"contentUrl\":\"https:\/\/sare.eus\/wp-content\/uploads\/2021\/08\/sare.png\",\"width\":120,\"height\":142,\"caption\":\"Sare Herritarra\"},\"image\":{\"@id\":\"https:\/\/sare.eus\/#\/schema\/logo\/image\/\"}},{\"@type\":\"Person\",\"@id\":\"https:\/\/sare.eus\/#\/schema\/person\/2fe6d0df294f56313d3ab236dbe38e17\",\"name\":\"sare\",\"image\":{\"@type\":\"ImageObject\",\"inLanguage\":\"es\",\"@id\":\"https:\/\/sare.eus\/#\/schema\/person\/image\/\",\"url\":\"https:\/\/secure.gravatar.com\/avatar\/77cad838677ceb1977e7b3c878b55eaa7fa4aae2158983063b047c3ad7ef2c25?s=96&d=mm&r=g\",\"contentUrl\":\"https:\/\/secure.gravatar.com\/avatar\/77cad838677ceb1977e7b3c878b55eaa7fa4aae2158983063b047c3ad7ef2c25?s=96&d=mm&r=g\",\"caption\":\"sare\"},\"url\":\"https:\/\/sare.eus\/es\/author\/sare\/\"}]}<\/script>\n<!-- \/ Yoast SEO plugin. -->","yoast_head_json":{"title":"7 de Enero, Gazteok Bilbora - Sare Herritarra","robots":{"index":"index","follow":"follow","max-snippet":"max-snippet:-1","max-image-preview":"max-image-preview:large","max-video-preview":"max-video-preview:-1"},"canonical":"https:\/\/sare.eus\/es\/7-de-enero-gazteok-bilbora\/","og_locale":"es_ES","og_type":"article","og_title":"7 de Enero, Gazteok Bilbora - Sare Herritarra","og_description":"Hoy, nos hemos reunido aqu\u00ed j\u00f3venes que estamos trabajando en diversos \u00e1mbitos enEuskal Herria. J\u00f3venes que trabajamos d\u00eda a d\u00eda para transformar nuestra sociedad, al igual que muchas generaciones de [&hellip;]","og_url":"https:\/\/sare.eus\/es\/7-de-enero-gazteok-bilbora\/","og_site_name":"Sare Herritarra","article_published_time":"2022-12-15T09:17:31+00:00","article_modified_time":"2022-12-15T14:45:11+00:00","og_image":[{"width":1094,"height":702,"url":"https:\/\/sare.eus\/wp-content\/uploads\/2022\/12\/web_argazkia-maketarako.jpg","type":"image\/jpeg"}],"author":"sare","twitter_card":"summary_large_image","twitter_misc":{"Escrito por":"sare","Tiempo de lectura":"3 minutos"},"schema":{"@context":"https:\/\/schema.org","@graph":[{"@type":"Article","@id":"https:\/\/sare.eus\/es\/7-de-enero-gazteok-bilbora\/#article","isPartOf":{"@id":"https:\/\/sare.eus\/es\/7-de-enero-gazteok-bilbora\/"},"author":{"name":"sare","@id":"https:\/\/sare.eus\/#\/schema\/person\/2fe6d0df294f56313d3ab236dbe38e17"},"headline":"7 de Enero, Gazteok Bilbora","datePublished":"2022-12-15T09:17:31+00:00","dateModified":"2022-12-15T14:45:11+00:00","mainEntityOfPage":{"@id":"https:\/\/sare.eus\/es\/7-de-enero-gazteok-bilbora\/"},"wordCount":495,"publisher":{"@id":"https:\/\/sare.eus\/#organization"},"image":{"@id":"https:\/\/sare.eus\/es\/7-de-enero-gazteok-bilbora\/#primaryimage"},"thumbnailUrl":"https:\/\/sare.eus\/wp-content\/uploads\/2022\/12\/web_argazkia-maketarako.jpg","articleSection":["Etxera"],"inLanguage":"es"},{"@type":"WebPage","@id":"https:\/\/sare.eus\/es\/7-de-enero-gazteok-bilbora\/","url":"https:\/\/sare.eus\/es\/7-de-enero-gazteok-bilbora\/","name":"7 de Enero, Gazteok Bilbora - Sare Herritarra","isPartOf":{"@id":"https:\/\/sare.eus\/#website"},"primaryImageOfPage":{"@id":"https:\/\/sare.eus\/es\/7-de-enero-gazteok-bilbora\/#primaryimage"},"image":{"@id":"https:\/\/sare.eus\/es\/7-de-enero-gazteok-bilbora\/#primaryimage"},"thumbnailUrl":"https:\/\/sare.eus\/wp-content\/uploads\/2022\/12\/web_argazkia-maketarako.jpg","datePublished":"2022-12-15T09:17:31+00:00","dateModified":"2022-12-15T14:45:11+00:00","breadcrumb":{"@id":"https:\/\/sare.eus\/es\/7-de-enero-gazteok-bilbora\/#breadcrumb"},"inLanguage":"es","potentialAction":[{"@type":"ReadAction","target":["https:\/\/sare.eus\/es\/7-de-enero-gazteok-bilbora\/"]}]},{"@type":"ImageObject","inLanguage":"es","@id":"https:\/\/sare.eus\/es\/7-de-enero-gazteok-bilbora\/#primaryimage","url":"https:\/\/sare.eus\/wp-content\/uploads\/2022\/12\/web_argazkia-maketarako.jpg","contentUrl":"https:\/\/sare.eus\/wp-content\/uploads\/2022\/12\/web_argazkia-maketarako.jpg","width":1094,"height":702},{"@type":"BreadcrumbList","@id":"https:\/\/sare.eus\/es\/7-de-enero-gazteok-bilbora\/#breadcrumb","itemListElement":[{"@type":"ListItem","position":1,"name":"Home","item":"https:\/\/sare.eus\/"},{"@type":"ListItem","position":2,"name":"7 de Enero, Gazteok Bilbora"}]},{"@type":"WebSite","@id":"https:\/\/sare.eus\/#website","url":"https:\/\/sare.eus\/","name":"Sare Herritarra","description":"KONPONBIDEAREN ETA GIZA ESKUBIDEEN ALDEKO SARE HERRITARRA","publisher":{"@id":"https:\/\/sare.eus\/#organization"},"potentialAction":[{"@type":"SearchAction","target":{"@type":"EntryPoint","urlTemplate":"https:\/\/sare.eus\/?s={search_term_string}"},"query-input":{"@type":"PropertyValueSpecification","valueRequired":true,"valueName":"search_term_string"}}],"inLanguage":"es"},{"@type":"Organization","@id":"https:\/\/sare.eus\/#organization","name":"Sare Herritarra","url":"https:\/\/sare.eus\/","logo":{"@type":"ImageObject","inLanguage":"es","@id":"https:\/\/sare.eus\/#\/schema\/logo\/image\/","url":"https:\/\/sare.eus\/wp-content\/uploads\/2021\/08\/sare.png","contentUrl":"https:\/\/sare.eus\/wp-content\/uploads\/2021\/08\/sare.png","width":120,"height":142,"caption":"Sare Herritarra"},"image":{"@id":"https:\/\/sare.eus\/#\/schema\/logo\/image\/"}},{"@type":"Person","@id":"https:\/\/sare.eus\/#\/schema\/person\/2fe6d0df294f56313d3ab236dbe38e17","name":"sare","image":{"@type":"ImageObject","inLanguage":"es","@id":"https:\/\/sare.eus\/#\/schema\/person\/image\/","url":"https:\/\/secure.gravatar.com\/avatar\/77cad838677ceb1977e7b3c878b55eaa7fa4aae2158983063b047c3ad7ef2c25?s=96&d=mm&r=g","contentUrl":"https:\/\/secure.gravatar.com\/avatar\/77cad838677ceb1977e7b3c878b55eaa7fa4aae2158983063b047c3ad7ef2c25?s=96&d=mm&r=g","caption":"sare"},"url":"https:\/\/sare.eus\/es\/author\/sare\/"}]}},"_links":{"self":[{"href":"https:\/\/sare.eus\/es\/wp-json\/wp\/v2\/posts\/4430","targetHints":{"allow":["GET"]}}],"collection":[{"href":"https:\/\/sare.eus\/es\/wp-json\/wp\/v2\/posts"}],"about":[{"href":"https:\/\/sare.eus\/es\/wp-json\/wp\/v2\/types\/post"}],"author":[{"embeddable":true,"href":"https:\/\/sare.eus\/es\/wp-json\/wp\/v2\/users\/2"}],"replies":[{"embeddable":true,"href":"https:\/\/sare.eus\/es\/wp-json\/wp\/v2\/comments?post=4430"}],"version-history":[{"count":3,"href":"https:\/\/sare.eus\/es\/wp-json\/wp\/v2\/posts\/4430\/revisions"}],"predecessor-version":[{"id":4441,"href":"https:\/\/sare.eus\/es\/wp-json\/wp\/v2\/posts\/4430\/revisions\/4441"}],"wp:featuredmedia":[{"embeddable":true,"href":"https:\/\/sare.eus\/es\/wp-json\/wp\/v2\/media\/4426"}],"wp:attachment":[{"href":"https:\/\/sare.eus\/es\/wp-json\/wp\/v2\/media?parent=4430"}],"wp:term":[{"taxonomy":"category","embeddable":true,"href":"https:\/\/sare.eus\/es\/wp-json\/wp\/v2\/categories?post=4430"},{"taxonomy":"post_tag","embeddable":true,"href":"https:\/\/sare.eus\/es\/wp-json\/wp\/v2\/tags?post=4430"}],"curies":[{"name":"wp","href":"https:\/\/api.w.org\/{rel}","templated":true}]}}