{"id":4363,"date":"2022-12-12T09:49:53","date_gmt":"2022-12-12T09:49:53","guid":{"rendered":"https:\/\/sare.eus\/sarek-mobilizazioak-egingo-ditu-araba-bizkaia-gipuzkoa-eta-nafarroan-gabon-sasoian\/"},"modified":"2022-12-15T21:01:35","modified_gmt":"2022-12-15T21:01:35","slug":"sare-realizara-movilizaciones-en-araba-bizkaia-gipuzkoa-y-nafarroa-en-el-contexto-navideno","status":"publish","type":"post","link":"https:\/\/sare.eus\/es\/sare-realizara-movilizaciones-en-araba-bizkaia-gipuzkoa-y-nafarroa-en-el-contexto-navideno\/","title":{"rendered":"SARE realizar\u00e1 movilizaciones en Araba, Bizkaia, Gipuzkoa y Nafarroa en el contexto navide\u00f1o"},"content":{"rendered":"\n<p>Entramos en diciembre y con la convocatoria del 7 de Enero llegan tambi\u00e9n nuestras movilizaciones navide\u00f1as. En estas fechas especiales para todos, nos parece importante denunciar la situaci\u00f3n de quienes tienen vulnerados sus derechos y, aun cumpliendo todos los requisitos, los mantienen en la c\u00e1rcel en 2\u00ba grado.<\/p>\n\n\n\n<p>Ha sido un a\u00f1o muy importante para todos y todas, porque en el 2022 se ha dado un gran paso en el fin de la pol\u00edtica de alejamiento, est\u00e1n m\u00e1s cerca de casa, y esa es una gran noticia para la sociedad vasca. Pero todav\u00eda, los presos y las presas vascas tienen un sinf\u00edn de obst\u00e1culos en su camino de regreso a casa, y tenemos que seguir trabajando para acabar con todas estas medidas de excepci\u00f3n. En la actualidad deber\u00edan estar en 3.\u00ba grado o en libertad condicional unos 110 presos.<\/p>\n\n\n\n<p>Pese a la concesi\u00f3n del grado 3, el recurso de la fiscal\u00eda de la Audiencia Nacional ha obligado a regresar a 2\u00ba grado a seis presos y por ello volver a prisi\u00f3n. Eso nos parece un gran paso atr\u00e1s para una sociedad que mira hacia adelante y quiere superar el pasado. Con la colaboraci\u00f3n como base, profundizando en el conocimiento y el entendimiento entre diferentes, debemos superar conjuntamente todos estos obst\u00e1culos y para ello hemos convocado movilizaciones para estas navidades:<\/p>\n\n\n\n<p>ARABA \u00b7 Gasteiz \u2013 24 de Diciembre \u00b7 19:00 \u00b7 Manifestaci\u00f3n \u00b7 Fuente de los Patos<\/p>\n\n\n\n<p>NAFARROA GARAIA &#8211; 30\/31 de Diciembre \u00b7 Movilizaciones descentralizadas pueblo a pueblo<\/p>\n\n\n\n<p>GIPUZKOA \u00b7 Donostia &#8211; 31 de Diciembre \u00b7 11:00 \u00b7 Manifestaci\u00f3n \u00b7 C\u00e1rcel de Martuteneko espetxetik<\/p>\n\n\n\n<p>BIZKAIA \u00b7 Basauri \u2013 31 de Diciembre \u00b7 12:00 \u00b7 Manifestaci\u00f3n \u00b7 C\u00e1rcel de Basauri<\/p>\n\n\n<p><strong>ABENDUAK 24 de DICIEMBRE<\/strong><br \/>Lizarra \u00b7 19:00 \u00b7 Koroatze plaza \u00b7 Eguberrietako TOPA!<\/p>\n<hr \/>\n<p><strong>ABENDUAK 29 de DICIEMBRE<\/strong><br \/>Burlata \u00b7 19:30 \u00b7 Askas Plaza<\/p>\n<hr \/>\n<p><strong>ABENDUAK 30 de DICIEMBRE<\/strong><\/p>\n<p>Altsasu \u00b7 19:30 \u00b7 Udaletxe aurrean<\/p>\n<p>Aranguren Ibarra \u00b7 19:00 \u00b7 Mutiloa Plaza<\/p>\n<p>Araitz-Betelu \u00b7 20:30 \u00b7 Betelu<\/p>\n<p>Arbizu \u00b7 20:00 \u00b7 Plazan<\/p>\n<p>Areso \u00b7 20:00 \u00b7 Plaza zaharrean<\/p>\n<p>Atarrabia \u00b7 19:00 \u00b7 Udaletxe plazan<\/p>\n<p>Au\u00f1amendi \u00b7 19:00 \u00b7 Garraldako Plazan<\/p>\n<p>Bara\u00f1ain \u00b7 20:00 \u00b7 Udal Plaza aurrean [Avda. de los Deportes]<\/p>\n<p>Bera \u00b7 20:00 \u00b7 Mukixu zubian<\/p>\n<p>Berriozar \u00b7 20:00 \u00b7 Udaletxe aurrean<\/p>\n<p>Doneztebe \u00b7 19:00 \u00b7 Santa Luzia Plaza<\/p>\n<p>Erronkaribar \u00b7 18:00 Izabako Antiteatroan\u00a0<\/p>\n<p>Etxarri Aranatz \u00b7 20:00 \u00b7 Plazan<\/p>\n<p>Ira\u00f1eta \u00b7 20:00 \u00b7 Frontoian<\/p>\n<p>IRU\u00d1EA \u00b7 20:00 \u00b7 Sarasate pasealekuan<\/p>\n<p>Irunberri \u00b7 20:00 \u00b7 Arkupetan<\/p>\n<p>Irurtzun \u00b7 20:00 \u00b7 San Martin Kalea 7 \u00b7 (Asteraingo bidegurutzean)<\/p>\n<p>Iturmendi \u00b7 19:00 \u00b7 Herriko Plazan<\/p>\n<p>Jauntsaras \u00b7 19:00 \u00b7 Eskola aurrean [Anue, Atez, Odieta, Ultzama, Basaburua, Imotz]<\/p>\n<p>Larraga \u00b7 19:00 \u00b7 Markesinan (Redin tabernaren aurrean)<\/p>\n<p>Larraun \u00b7 19:00 \u00b7 Lekunberriko Frontoiko Plazan<\/p>\n<p>Leitza \u00b7 19:00 \u00b7 Ekitaldia \u00b7 Leitzako Plazan<\/p>\n<p>Lesaka \u00b7 20:00 \u00b7 Plazan<\/p>\n<p>Mendigorria \u00b7 18:00 \u00b7 Los autosen (Bus geltokian)<\/p>\n<p>Oteitza \u00b7 19:00 \u00b7 El Rason<\/p>\n<p>Tafalla \u00b7 20:00 \u00b7 Lau eskinasetik (enkartelada mugikorra)<\/p>\n<p>Tutera \u00b7 20:00 \u00b7 San Jaime Plazan<\/p>\n<p>Uharte \u00b7 19:30 \u00b7 San Juan Plaza\u00a0<\/p>\n<p>Urdiain \u00b7 19:00 \u00b7 Herrientxeko atayen<\/p>\n<p>Zizur Nagusia \u00b7 19:00 \u00b7 Udaletxean<\/p>\n<hr \/>\n<p><strong>ABENDUAK 31 de DICIEMBRE <\/strong><br \/>Agoitz \u00b7 19:00 \u00b7 Udaletxe aurrean<\/p>\n<p>Antsoain \u00b7 18:30 \u00b7 Lapurbide Plaza (ondoren luntxa Bikupen)<\/p>\n<p>Bakaiku \u00b7 20:00 \u00b7 Erdiko iturrian<\/p>\n<p>Elizondo \u00b7 20:00 \u00b7 Elizondoko Plazan<\/p>\n<p>Gares \u00b7 19:00 \u00b7 Plazan<\/p>\n<p>Goizueta \u00b7 20:00 \u00b7 Herriko Plazan<\/p>\n<p>Kaseda \u00b7 20:00 \u00b7 Merkatu Plaza-Mercado<\/p>\n<p>Lakuntza \u00b7 19:00 \u00b7 Plazan<\/p>\n<p>Ororbia \u00b7 13:00 \u00b7 Markesinan [Oltza-Etxauri-Orkoien]<\/p>\n<p>Uharte Arakil \u00b7 20:00 \u00b7 San Juan Plazan<\/p>\n<hr \/>\n<p><strong>URTARRILAK 04 de ENERO\u00a0<\/strong><br \/>Lodosa-Sartaguda \u00b7 19:00 \u00b7 Paseo (Lodosa)<\/p>\n<p>\u00a0<\/p>","protected":false},"excerpt":{"rendered":"<p>Entramos en diciembre y con la convocatoria del 7 de Enero llegan tambi\u00e9n nuestras movilizaciones navide\u00f1as. En estas fechas especiales para todos, nos parece importante denunciar la situaci\u00f3n de quienes [&hellip;]<\/p>\n","protected":false},"author":2,"featured_media":4361,"comment_status":"closed","ping_status":"closed","sticky":false,"template":"","format":"standard","meta":{"_acf_changed":false,"_et_pb_use_builder":"off","_et_pb_old_content":"","_et_gb_content_width":"","footnotes":""},"categories":[60],"tags":[],"class_list":["post-4363","post","type-post","status-publish","format-standard","has-post-thumbnail","hentry","category-etxera-es","et-has-post-format-content","et_post_format-et-post-format-standard"],"acf":[],"yoast_head":"<!-- This site is optimized with the Yoast SEO plugin v26.4 - https:\/\/yoast.com\/wordpress\/plugins\/seo\/ -->\n<title>SARE realizar\u00e1 movilizaciones en Araba, Bizkaia, Gipuzkoa y Nafarroa en el contexto navide\u00f1o - Sare Herritarra<\/title>\n<meta name=\"robots\" content=\"index, follow, max-snippet:-1, max-image-preview:large, max-video-preview:-1\" \/>\n<link rel=\"canonical\" href=\"https:\/\/sare.eus\/es\/sare-realizara-movilizaciones-en-araba-bizkaia-gipuzkoa-y-nafarroa-en-el-contexto-navideno\/\" \/>\n<meta property=\"og:locale\" content=\"es_ES\" \/>\n<meta property=\"og:type\" content=\"article\" \/>\n<meta property=\"og:title\" content=\"SARE realizar\u00e1 movilizaciones en Araba, Bizkaia, Gipuzkoa y Nafarroa en el contexto navide\u00f1o - Sare Herritarra\" \/>\n<meta property=\"og:description\" content=\"Entramos en diciembre y con la convocatoria del 7 de Enero llegan tambi\u00e9n nuestras movilizaciones navide\u00f1as. En estas fechas especiales para todos, nos parece importante denunciar la situaci\u00f3n de quienes [&hellip;]\" \/>\n<meta property=\"og:url\" content=\"https:\/\/sare.eus\/es\/sare-realizara-movilizaciones-en-araba-bizkaia-gipuzkoa-y-nafarroa-en-el-contexto-navideno\/\" \/>\n<meta property=\"og:site_name\" content=\"Sare Herritarra\" \/>\n<meta property=\"article:published_time\" content=\"2022-12-12T09:49:53+00:00\" \/>\n<meta property=\"article:modified_time\" content=\"2022-12-15T21:01:35+00:00\" \/>\n<meta property=\"og:image\" content=\"https:\/\/sare.eus\/wp-content\/uploads\/2022\/12\/DBK-0157.jpg\" \/>\n\t<meta property=\"og:image:width\" content=\"1024\" \/>\n\t<meta property=\"og:image:height\" content=\"768\" \/>\n\t<meta property=\"og:image:type\" content=\"image\/jpeg\" \/>\n<meta name=\"author\" content=\"sare\" \/>\n<meta name=\"twitter:card\" content=\"summary_large_image\" \/>\n<meta name=\"twitter:label1\" content=\"Escrito por\" \/>\n\t<meta name=\"twitter:data1\" content=\"sare\" \/>\n\t<meta name=\"twitter:label2\" content=\"Tiempo de lectura\" \/>\n\t<meta name=\"twitter:data2\" content=\"4 minutos\" \/>\n<script type=\"application\/ld+json\" class=\"yoast-schema-graph\">{\"@context\":\"https:\/\/schema.org\",\"@graph\":[{\"@type\":\"Article\",\"@id\":\"https:\/\/sare.eus\/es\/sare-realizara-movilizaciones-en-araba-bizkaia-gipuzkoa-y-nafarroa-en-el-contexto-navideno\/#article\",\"isPartOf\":{\"@id\":\"https:\/\/sare.eus\/es\/sare-realizara-movilizaciones-en-araba-bizkaia-gipuzkoa-y-nafarroa-en-el-contexto-navideno\/\"},\"author\":{\"name\":\"sare\",\"@id\":\"https:\/\/sare.eus\/#\/schema\/person\/2fe6d0df294f56313d3ab236dbe38e17\"},\"headline\":\"SARE realizar\u00e1 movilizaciones en Araba, Bizkaia, Gipuzkoa y Nafarroa en el contexto navide\u00f1o\",\"datePublished\":\"2022-12-12T09:49:53+00:00\",\"dateModified\":\"2022-12-15T21:01:35+00:00\",\"mainEntityOfPage\":{\"@id\":\"https:\/\/sare.eus\/es\/sare-realizara-movilizaciones-en-araba-bizkaia-gipuzkoa-y-nafarroa-en-el-contexto-navideno\/\"},\"wordCount\":461,\"publisher\":{\"@id\":\"https:\/\/sare.eus\/#organization\"},\"image\":{\"@id\":\"https:\/\/sare.eus\/es\/sare-realizara-movilizaciones-en-araba-bizkaia-gipuzkoa-y-nafarroa-en-el-contexto-navideno\/#primaryimage\"},\"thumbnailUrl\":\"https:\/\/sare.eus\/wp-content\/uploads\/2022\/12\/DBK-0157.jpg\",\"articleSection\":[\"Etxera\"],\"inLanguage\":\"es\"},{\"@type\":\"WebPage\",\"@id\":\"https:\/\/sare.eus\/es\/sare-realizara-movilizaciones-en-araba-bizkaia-gipuzkoa-y-nafarroa-en-el-contexto-navideno\/\",\"url\":\"https:\/\/sare.eus\/es\/sare-realizara-movilizaciones-en-araba-bizkaia-gipuzkoa-y-nafarroa-en-el-contexto-navideno\/\",\"name\":\"SARE realizar\u00e1 movilizaciones en Araba, Bizkaia, Gipuzkoa y Nafarroa en el contexto navide\u00f1o - Sare Herritarra\",\"isPartOf\":{\"@id\":\"https:\/\/sare.eus\/#website\"},\"primaryImageOfPage\":{\"@id\":\"https:\/\/sare.eus\/es\/sare-realizara-movilizaciones-en-araba-bizkaia-gipuzkoa-y-nafarroa-en-el-contexto-navideno\/#primaryimage\"},\"image\":{\"@id\":\"https:\/\/sare.eus\/es\/sare-realizara-movilizaciones-en-araba-bizkaia-gipuzkoa-y-nafarroa-en-el-contexto-navideno\/#primaryimage\"},\"thumbnailUrl\":\"https:\/\/sare.eus\/wp-content\/uploads\/2022\/12\/DBK-0157.jpg\",\"datePublished\":\"2022-12-12T09:49:53+00:00\",\"dateModified\":\"2022-12-15T21:01:35+00:00\",\"breadcrumb\":{\"@id\":\"https:\/\/sare.eus\/es\/sare-realizara-movilizaciones-en-araba-bizkaia-gipuzkoa-y-nafarroa-en-el-contexto-navideno\/#breadcrumb\"},\"inLanguage\":\"es\",\"potentialAction\":[{\"@type\":\"ReadAction\",\"target\":[\"https:\/\/sare.eus\/es\/sare-realizara-movilizaciones-en-araba-bizkaia-gipuzkoa-y-nafarroa-en-el-contexto-navideno\/\"]}]},{\"@type\":\"ImageObject\",\"inLanguage\":\"es\",\"@id\":\"https:\/\/sare.eus\/es\/sare-realizara-movilizaciones-en-araba-bizkaia-gipuzkoa-y-nafarroa-en-el-contexto-navideno\/#primaryimage\",\"url\":\"https:\/\/sare.eus\/wp-content\/uploads\/2022\/12\/DBK-0157.jpg\",\"contentUrl\":\"https:\/\/sare.eus\/wp-content\/uploads\/2022\/12\/DBK-0157.jpg\",\"width\":1024,\"height\":768},{\"@type\":\"BreadcrumbList\",\"@id\":\"https:\/\/sare.eus\/es\/sare-realizara-movilizaciones-en-araba-bizkaia-gipuzkoa-y-nafarroa-en-el-contexto-navideno\/#breadcrumb\",\"itemListElement\":[{\"@type\":\"ListItem\",\"position\":1,\"name\":\"Home\",\"item\":\"https:\/\/sare.eus\/\"},{\"@type\":\"ListItem\",\"position\":2,\"name\":\"SARE realizar\u00e1 movilizaciones en Araba, Bizkaia, Gipuzkoa y Nafarroa en el contexto navide\u00f1o\"}]},{\"@type\":\"WebSite\",\"@id\":\"https:\/\/sare.eus\/#website\",\"url\":\"https:\/\/sare.eus\/\",\"name\":\"Sare Herritarra\",\"description\":\"KONPONBIDEAREN ETA GIZA ESKUBIDEEN ALDEKO SARE HERRITARRA\",\"publisher\":{\"@id\":\"https:\/\/sare.eus\/#organization\"},\"potentialAction\":[{\"@type\":\"SearchAction\",\"target\":{\"@type\":\"EntryPoint\",\"urlTemplate\":\"https:\/\/sare.eus\/?s={search_term_string}\"},\"query-input\":{\"@type\":\"PropertyValueSpecification\",\"valueRequired\":true,\"valueName\":\"search_term_string\"}}],\"inLanguage\":\"es\"},{\"@type\":\"Organization\",\"@id\":\"https:\/\/sare.eus\/#organization\",\"name\":\"Sare Herritarra\",\"url\":\"https:\/\/sare.eus\/\",\"logo\":{\"@type\":\"ImageObject\",\"inLanguage\":\"es\",\"@id\":\"https:\/\/sare.eus\/#\/schema\/logo\/image\/\",\"url\":\"https:\/\/sare.eus\/wp-content\/uploads\/2021\/08\/sare.png\",\"contentUrl\":\"https:\/\/sare.eus\/wp-content\/uploads\/2021\/08\/sare.png\",\"width\":120,\"height\":142,\"caption\":\"Sare Herritarra\"},\"image\":{\"@id\":\"https:\/\/sare.eus\/#\/schema\/logo\/image\/\"}},{\"@type\":\"Person\",\"@id\":\"https:\/\/sare.eus\/#\/schema\/person\/2fe6d0df294f56313d3ab236dbe38e17\",\"name\":\"sare\",\"image\":{\"@type\":\"ImageObject\",\"inLanguage\":\"es\",\"@id\":\"https:\/\/sare.eus\/#\/schema\/person\/image\/\",\"url\":\"https:\/\/secure.gravatar.com\/avatar\/77cad838677ceb1977e7b3c878b55eaa7fa4aae2158983063b047c3ad7ef2c25?s=96&d=mm&r=g\",\"contentUrl\":\"https:\/\/secure.gravatar.com\/avatar\/77cad838677ceb1977e7b3c878b55eaa7fa4aae2158983063b047c3ad7ef2c25?s=96&d=mm&r=g\",\"caption\":\"sare\"},\"url\":\"https:\/\/sare.eus\/es\/author\/sare\/\"}]}<\/script>\n<!-- \/ Yoast SEO plugin. -->","yoast_head_json":{"title":"SARE realizar\u00e1 movilizaciones en Araba, Bizkaia, Gipuzkoa y Nafarroa en el contexto navide\u00f1o - Sare Herritarra","robots":{"index":"index","follow":"follow","max-snippet":"max-snippet:-1","max-image-preview":"max-image-preview:large","max-video-preview":"max-video-preview:-1"},"canonical":"https:\/\/sare.eus\/es\/sare-realizara-movilizaciones-en-araba-bizkaia-gipuzkoa-y-nafarroa-en-el-contexto-navideno\/","og_locale":"es_ES","og_type":"article","og_title":"SARE realizar\u00e1 movilizaciones en Araba, Bizkaia, Gipuzkoa y Nafarroa en el contexto navide\u00f1o - Sare Herritarra","og_description":"Entramos en diciembre y con la convocatoria del 7 de Enero llegan tambi\u00e9n nuestras movilizaciones navide\u00f1as. En estas fechas especiales para todos, nos parece importante denunciar la situaci\u00f3n de quienes [&hellip;]","og_url":"https:\/\/sare.eus\/es\/sare-realizara-movilizaciones-en-araba-bizkaia-gipuzkoa-y-nafarroa-en-el-contexto-navideno\/","og_site_name":"Sare Herritarra","article_published_time":"2022-12-12T09:49:53+00:00","article_modified_time":"2022-12-15T21:01:35+00:00","og_image":[{"width":1024,"height":768,"url":"https:\/\/sare.eus\/wp-content\/uploads\/2022\/12\/DBK-0157.jpg","type":"image\/jpeg"}],"author":"sare","twitter_card":"summary_large_image","twitter_misc":{"Escrito por":"sare","Tiempo de lectura":"4 minutos"},"schema":{"@context":"https:\/\/schema.org","@graph":[{"@type":"Article","@id":"https:\/\/sare.eus\/es\/sare-realizara-movilizaciones-en-araba-bizkaia-gipuzkoa-y-nafarroa-en-el-contexto-navideno\/#article","isPartOf":{"@id":"https:\/\/sare.eus\/es\/sare-realizara-movilizaciones-en-araba-bizkaia-gipuzkoa-y-nafarroa-en-el-contexto-navideno\/"},"author":{"name":"sare","@id":"https:\/\/sare.eus\/#\/schema\/person\/2fe6d0df294f56313d3ab236dbe38e17"},"headline":"SARE realizar\u00e1 movilizaciones en Araba, Bizkaia, Gipuzkoa y Nafarroa en el contexto navide\u00f1o","datePublished":"2022-12-12T09:49:53+00:00","dateModified":"2022-12-15T21:01:35+00:00","mainEntityOfPage":{"@id":"https:\/\/sare.eus\/es\/sare-realizara-movilizaciones-en-araba-bizkaia-gipuzkoa-y-nafarroa-en-el-contexto-navideno\/"},"wordCount":461,"publisher":{"@id":"https:\/\/sare.eus\/#organization"},"image":{"@id":"https:\/\/sare.eus\/es\/sare-realizara-movilizaciones-en-araba-bizkaia-gipuzkoa-y-nafarroa-en-el-contexto-navideno\/#primaryimage"},"thumbnailUrl":"https:\/\/sare.eus\/wp-content\/uploads\/2022\/12\/DBK-0157.jpg","articleSection":["Etxera"],"inLanguage":"es"},{"@type":"WebPage","@id":"https:\/\/sare.eus\/es\/sare-realizara-movilizaciones-en-araba-bizkaia-gipuzkoa-y-nafarroa-en-el-contexto-navideno\/","url":"https:\/\/sare.eus\/es\/sare-realizara-movilizaciones-en-araba-bizkaia-gipuzkoa-y-nafarroa-en-el-contexto-navideno\/","name":"SARE realizar\u00e1 movilizaciones en Araba, Bizkaia, Gipuzkoa y Nafarroa en el contexto navide\u00f1o - Sare Herritarra","isPartOf":{"@id":"https:\/\/sare.eus\/#website"},"primaryImageOfPage":{"@id":"https:\/\/sare.eus\/es\/sare-realizara-movilizaciones-en-araba-bizkaia-gipuzkoa-y-nafarroa-en-el-contexto-navideno\/#primaryimage"},"image":{"@id":"https:\/\/sare.eus\/es\/sare-realizara-movilizaciones-en-araba-bizkaia-gipuzkoa-y-nafarroa-en-el-contexto-navideno\/#primaryimage"},"thumbnailUrl":"https:\/\/sare.eus\/wp-content\/uploads\/2022\/12\/DBK-0157.jpg","datePublished":"2022-12-12T09:49:53+00:00","dateModified":"2022-12-15T21:01:35+00:00","breadcrumb":{"@id":"https:\/\/sare.eus\/es\/sare-realizara-movilizaciones-en-araba-bizkaia-gipuzkoa-y-nafarroa-en-el-contexto-navideno\/#breadcrumb"},"inLanguage":"es","potentialAction":[{"@type":"ReadAction","target":["https:\/\/sare.eus\/es\/sare-realizara-movilizaciones-en-araba-bizkaia-gipuzkoa-y-nafarroa-en-el-contexto-navideno\/"]}]},{"@type":"ImageObject","inLanguage":"es","@id":"https:\/\/sare.eus\/es\/sare-realizara-movilizaciones-en-araba-bizkaia-gipuzkoa-y-nafarroa-en-el-contexto-navideno\/#primaryimage","url":"https:\/\/sare.eus\/wp-content\/uploads\/2022\/12\/DBK-0157.jpg","contentUrl":"https:\/\/sare.eus\/wp-content\/uploads\/2022\/12\/DBK-0157.jpg","width":1024,"height":768},{"@type":"BreadcrumbList","@id":"https:\/\/sare.eus\/es\/sare-realizara-movilizaciones-en-araba-bizkaia-gipuzkoa-y-nafarroa-en-el-contexto-navideno\/#breadcrumb","itemListElement":[{"@type":"ListItem","position":1,"name":"Home","item":"https:\/\/sare.eus\/"},{"@type":"ListItem","position":2,"name":"SARE realizar\u00e1 movilizaciones en Araba, Bizkaia, Gipuzkoa y Nafarroa en el contexto navide\u00f1o"}]},{"@type":"WebSite","@id":"https:\/\/sare.eus\/#website","url":"https:\/\/sare.eus\/","name":"Sare Herritarra","description":"KONPONBIDEAREN ETA GIZA ESKUBIDEEN ALDEKO SARE HERRITARRA","publisher":{"@id":"https:\/\/sare.eus\/#organization"},"potentialAction":[{"@type":"SearchAction","target":{"@type":"EntryPoint","urlTemplate":"https:\/\/sare.eus\/?s={search_term_string}"},"query-input":{"@type":"PropertyValueSpecification","valueRequired":true,"valueName":"search_term_string"}}],"inLanguage":"es"},{"@type":"Organization","@id":"https:\/\/sare.eus\/#organization","name":"Sare Herritarra","url":"https:\/\/sare.eus\/","logo":{"@type":"ImageObject","inLanguage":"es","@id":"https:\/\/sare.eus\/#\/schema\/logo\/image\/","url":"https:\/\/sare.eus\/wp-content\/uploads\/2021\/08\/sare.png","contentUrl":"https:\/\/sare.eus\/wp-content\/uploads\/2021\/08\/sare.png","width":120,"height":142,"caption":"Sare Herritarra"},"image":{"@id":"https:\/\/sare.eus\/#\/schema\/logo\/image\/"}},{"@type":"Person","@id":"https:\/\/sare.eus\/#\/schema\/person\/2fe6d0df294f56313d3ab236dbe38e17","name":"sare","image":{"@type":"ImageObject","inLanguage":"es","@id":"https:\/\/sare.eus\/#\/schema\/person\/image\/","url":"https:\/\/secure.gravatar.com\/avatar\/77cad838677ceb1977e7b3c878b55eaa7fa4aae2158983063b047c3ad7ef2c25?s=96&d=mm&r=g","contentUrl":"https:\/\/secure.gravatar.com\/avatar\/77cad838677ceb1977e7b3c878b55eaa7fa4aae2158983063b047c3ad7ef2c25?s=96&d=mm&r=g","caption":"sare"},"url":"https:\/\/sare.eus\/es\/author\/sare\/"}]}},"_links":{"self":[{"href":"https:\/\/sare.eus\/es\/wp-json\/wp\/v2\/posts\/4363","targetHints":{"allow":["GET"]}}],"collection":[{"href":"https:\/\/sare.eus\/es\/wp-json\/wp\/v2\/posts"}],"about":[{"href":"https:\/\/sare.eus\/es\/wp-json\/wp\/v2\/types\/post"}],"author":[{"embeddable":true,"href":"https:\/\/sare.eus\/es\/wp-json\/wp\/v2\/users\/2"}],"replies":[{"embeddable":true,"href":"https:\/\/sare.eus\/es\/wp-json\/wp\/v2\/comments?post=4363"}],"version-history":[{"count":3,"href":"https:\/\/sare.eus\/es\/wp-json\/wp\/v2\/posts\/4363\/revisions"}],"predecessor-version":[{"id":4446,"href":"https:\/\/sare.eus\/es\/wp-json\/wp\/v2\/posts\/4363\/revisions\/4446"}],"wp:featuredmedia":[{"embeddable":true,"href":"https:\/\/sare.eus\/es\/wp-json\/wp\/v2\/media\/4361"}],"wp:attachment":[{"href":"https:\/\/sare.eus\/es\/wp-json\/wp\/v2\/media?parent=4363"}],"wp:term":[{"taxonomy":"category","embeddable":true,"href":"https:\/\/sare.eus\/es\/wp-json\/wp\/v2\/categories?post=4363"},{"taxonomy":"post_tag","embeddable":true,"href":"https:\/\/sare.eus\/es\/wp-json\/wp\/v2\/tags?post=4363"}],"curies":[{"name":"wp","href":"https:\/\/api.w.org\/{rel}","templated":true}]}}