{"id":4350,"date":"2022-12-10T20:22:53","date_gmt":"2022-12-10T20:22:53","guid":{"rendered":"https:\/\/sare.eus\/auzitegi-nazionaleko-fiskaltzak-hirugarren-graduei-aplikatzen-dien-etengabeko-blokeoa-salatzeko-salatzeko-ehundaka-lagun-batu-dira-gaur-arratsaldean-durangon\/"},"modified":"2022-12-10T20:31:32","modified_gmt":"2022-12-10T20:31:32","slug":"cientos-de-personas-en-la-manifestacion-de-durango-para-denunciar-el-bloqueo-permanente-que-la-fiscalia-de-la-audiencia-nacional-aplica-a-los-terceros-grados","status":"publish","type":"post","link":"https:\/\/sare.eus\/es\/cientos-de-personas-en-la-manifestacion-de-durango-para-denunciar-el-bloqueo-permanente-que-la-fiscalia-de-la-audiencia-nacional-aplica-a-los-terceros-grados\/","title":{"rendered":"Cientos de personas en la Manifestaci\u00f3n de Durango para denunciar el bloqueo permanente que la fiscal\u00eda de la Audiencia Nacional aplica a los terceros grados"},"content":{"rendered":"\n<figure class=\"wp-block-embed is-type-video is-provider-youtube wp-block-embed-youtube wp-embed-aspect-16-9 wp-has-aspect-ratio\"><div class=\"wp-block-embed__wrapper\">\n<iframe loading=\"lazy\" title=\"10.12.2022. Durango - Etxerako bidean oztoporik ez, \u00a1No a la regresi\u00f3n de grados!\" width=\"1080\" height=\"608\" src=\"https:\/\/www.youtube.com\/embed\/b16XuUvPfYQ?feature=oembed\" frameborder=\"0\" allow=\"accelerometer; autoplay; clipboard-write; encrypted-media; gyroscope; picture-in-picture\" allowfullscreen><\/iframe>\n<\/div><\/figure>\n\n\n<p>Avanzamos, s\u00ed. Pero en otras ocasiones retrocedemos o nos hacen retroceder. Sab\u00edamos, y lo hemos dicho en muchas ocasiones, que el camino que iniciamos hace ocho a\u00f1os era un proceso complejo, con muchas dificultades, pero ello no ha supuesto que hayamos desistido de nuestros objetivos.<\/p>\n<p>Y cuando creemos que tenemos raz\u00f3n, que estamos defendiendo objetivos justos y leg\u00edtimos y que, adem\u00e1s, una gran parte de la sociedad vasca comparte la necesidad de poner fin a la vulneraci\u00f3n de derechos que sufren los presos y presas vascos, todo ello nos da fuerza para continuar nuestro camino.<\/p>\n<p>Con el esfuerzo de partidos pol\u00edticos, sindicatos y organizaciones sociales, pero, sobre todo, con el apoyo de la sociedad civil, estamos consiguiendo poner fin a la pol\u00edtica de alejamiento, que tanto sufrimiento ha causado y contin\u00faa causando en nuestro Pueblo.<\/p>\n<p>Y, desde hace un tiempo, nos estamos enfrentando a los sectores m\u00e1s conservadores e intransigentes del Estado espa\u00f1ol. No solo del \u00e1mbito de la pol\u00edtica, sino tambi\u00e9n, del \u00e1mbito judicial.<\/p>\n<p>Tenemos enfrente a un entramado jur\u00eddico-pol\u00edtico muy poderoso, que utiliza las togas para imprimir en sus decisiones judiciales una ideolog\u00eda defensora de los postulados pol\u00edticos de la extrema derecha pol\u00edtica.<\/p>\n<p>Una vez s\u00ed y otra tambi\u00e9n, vemos como presos y presas que, habiendo cumplido m\u00e1s de dos y hasta tres d\u00e9cadas de prisi\u00f3n consiguen que se les apruebe el tercer grado penitenciario y alcanzar la semilibertad, son devueltos a prisi\u00f3n y a segundo grado. Eso no es justicia. Eso es venganza. Y cuando la pol\u00edtica vengativa entra por las puertas de la Audiencia Nacional, la justicia sale por la ventana.<\/p>\n<p>De los 33 presos\/as, a los que el Gobierno Vasco, ha aprobado su progresi\u00f3n a tercer grado y la semilibertad, la fiscal\u00eda ha recurrido 23 de ellos, de los que 6 han vuelto a prisi\u00f3n y en segundo grado penitenciario y 13 est\u00e1n a la espera de la decisi\u00f3n del Juzgado Central de Vigilancia Penitenciaria. De esta forma, la Audiencia Nacional, boicotea las decisiones de los profesionales penitenciarios que son los que conocen la evoluci\u00f3n de los presos\/as.<\/p>\n<p>Hace unos d\u00edas, fue Joseba Arregi Erostarbe, pero antes fueron 5 presos m\u00e1s los afectados por las regresiones de grado. Arregi, ha cumplido 30 a\u00f1os de privaci\u00f3n de libertad ininterrumpidamente. Tiene 76 a\u00f1os. \u00bfAlguien, con criterios de justicia puede defender que su nuevo encarcelamiento es justo? NO: Es venganza.<\/p>\n<p>Contra todo ello es esta movilizaci\u00f3n de hoy. Y ser\u00e1 la del 7 de enero en Bilbo.<\/p>\n<p>Demostremos en la calle que cada vez somos m\u00e1s quienes apostamos por la convivencia. Quienes nos oponemos a la confrontaci\u00f3n. Quienes queremos, paz, convivencia y resoluci\u00f3n.<\/p>\n<p>La defensa de los DDHH es cosa de todos y todas. No nos equivoquemos al pensar que eso lo tienen que defender los gobiernos y los estados. NO. Los gobiernos y a los estados no se mueven, los movemos la gente que pac\u00edficamente nos movilizamos en las calles.<\/p>\n<p><strong>Por tanto, la pr\u00f3xima cita es el 7 de enero en Bilbo. Entre todos y todas lo vamos a conseguir, como hemos conseguido poner fin al alejamiento y a la dispersi\u00f3n.<\/strong><\/p>\n\n\n<div class=\"wp-block-columns is-layout-flex wp-container-core-columns-is-layout-9d6595d7 wp-block-columns-is-layout-flex\">\n<div class=\"wp-block-column is-layout-flow wp-block-column-is-layout-flow\">\n<figure class=\"wp-block-embed is-type-rich is-provider-twitter wp-block-embed-twitter\"><div class=\"wp-block-embed__wrapper\">\n<blockquote class=\"twitter-tweet\" data-width=\"550\" data-dnt=\"true\"><p lang=\"es\" dir=\"ltr\">Sare denuncia en las calles de Durango los criterios \u00abvengativos\u00bb de las regresiones de grado <a href=\"https:\/\/t.co\/4StqsXKqj9\">https:\/\/t.co\/4StqsXKqj9<\/a> <a href=\"https:\/\/t.co\/WY5HHmNAcA\">pic.twitter.com\/WY5HHmNAcA<\/a><\/p>&mdash; naiz: (@naiz_info) <a href=\"https:\/\/twitter.com\/naiz_info\/status\/1601656039350235137?ref_src=twsrc%5Etfw\">December 10, 2022<\/a><\/blockquote><script async src=\"https:\/\/platform.twitter.com\/widgets.js\" charset=\"utf-8\"><\/script>\n<\/div><\/figure>\n<\/div>\n\n\n\n<div class=\"wp-block-column is-layout-flow wp-block-column-is-layout-flow\">\n<figure class=\"wp-block-embed is-type-rich is-provider-twitter wp-block-embed-twitter\"><div class=\"wp-block-embed__wrapper\">\n<blockquote class=\"twitter-tweet\" data-width=\"550\" data-dnt=\"true\"><p lang=\"es\" dir=\"ltr\">BIZKAIA | Sare se manifiesta en Durango para denunciar las &quot;regresiones de grado&quot; de los presos de ETA<a href=\"https:\/\/t.co\/yKsR6ncn2x\">https:\/\/t.co\/yKsR6ncn2x<\/a><\/p>&mdash; EITB Noticias (@eitbNoticias) <a href=\"https:\/\/twitter.com\/eitbNoticias\/status\/1601638859233808386?ref_src=twsrc%5Etfw\">December 10, 2022<\/a><\/blockquote><script async src=\"https:\/\/platform.twitter.com\/widgets.js\" charset=\"utf-8\"><\/script>\n<\/div><\/figure>\n<\/div>\n<\/div>\n","protected":false},"excerpt":{"rendered":"<p>Avanzamos, s\u00ed. Pero en otras ocasiones retrocedemos o nos hacen retroceder. Sab\u00edamos, y lo hemos dicho en muchas ocasiones, que el camino que iniciamos hace ocho a\u00f1os era un proceso [&hellip;]<\/p>\n","protected":false},"author":2,"featured_media":4348,"comment_status":"closed","ping_status":"closed","sticky":false,"template":"","format":"standard","meta":{"_acf_changed":false,"_et_pb_use_builder":"off","_et_pb_old_content":"","_et_gb_content_width":"","footnotes":""},"categories":[69],"tags":[],"class_list":["post-4350","post","type-post","status-publish","format-standard","has-post-thumbnail","hentry","category-leyes-de-excepcion","et-has-post-format-content","et_post_format-et-post-format-standard"],"acf":[],"yoast_head":"<!-- This site is optimized with the Yoast SEO plugin v26.4 - https:\/\/yoast.com\/wordpress\/plugins\/seo\/ -->\n<title>Cientos de personas en la Manifestaci\u00f3n de Durango para denunciar el bloqueo permanente que la fiscal\u00eda de la Audiencia Nacional aplica a los terceros grados - Sare Herritarra<\/title>\n<meta name=\"robots\" content=\"index, follow, max-snippet:-1, max-image-preview:large, max-video-preview:-1\" \/>\n<link rel=\"canonical\" href=\"https:\/\/sare.eus\/es\/cientos-de-personas-en-la-manifestacion-de-durango-para-denunciar-el-bloqueo-permanente-que-la-fiscalia-de-la-audiencia-nacional-aplica-a-los-terceros-grados\/\" \/>\n<meta property=\"og:locale\" content=\"es_ES\" \/>\n<meta property=\"og:type\" content=\"article\" \/>\n<meta property=\"og:title\" content=\"Cientos de personas en la Manifestaci\u00f3n de Durango para denunciar el bloqueo permanente que la fiscal\u00eda de la Audiencia Nacional aplica a los terceros grados - Sare Herritarra\" \/>\n<meta property=\"og:description\" content=\"Avanzamos, s\u00ed. Pero en otras ocasiones retrocedemos o nos hacen retroceder. Sab\u00edamos, y lo hemos dicho en muchas ocasiones, que el camino que iniciamos hace ocho a\u00f1os era un proceso [&hellip;]\" \/>\n<meta property=\"og:url\" content=\"https:\/\/sare.eus\/es\/cientos-de-personas-en-la-manifestacion-de-durango-para-denunciar-el-bloqueo-permanente-que-la-fiscalia-de-la-audiencia-nacional-aplica-a-los-terceros-grados\/\" \/>\n<meta property=\"og:site_name\" content=\"Sare Herritarra\" \/>\n<meta property=\"article:published_time\" content=\"2022-12-10T20:22:53+00:00\" \/>\n<meta property=\"article:modified_time\" content=\"2022-12-10T20:31:32+00:00\" \/>\n<meta property=\"og:image\" content=\"https:\/\/sare.eus\/wp-content\/uploads\/2022\/12\/photo_2022-12-10_21-19-36.jpg\" \/>\n\t<meta property=\"og:image:width\" content=\"1280\" \/>\n\t<meta property=\"og:image:height\" content=\"846\" \/>\n\t<meta property=\"og:image:type\" content=\"image\/jpeg\" \/>\n<meta name=\"author\" content=\"sare\" \/>\n<meta name=\"twitter:card\" content=\"summary_large_image\" \/>\n<meta name=\"twitter:label1\" content=\"Escrito por\" \/>\n\t<meta name=\"twitter:data1\" content=\"sare\" \/>\n\t<meta name=\"twitter:label2\" content=\"Tiempo de lectura\" \/>\n\t<meta name=\"twitter:data2\" content=\"3 minutos\" \/>\n<script type=\"application\/ld+json\" class=\"yoast-schema-graph\">{\"@context\":\"https:\/\/schema.org\",\"@graph\":[{\"@type\":\"Article\",\"@id\":\"https:\/\/sare.eus\/es\/cientos-de-personas-en-la-manifestacion-de-durango-para-denunciar-el-bloqueo-permanente-que-la-fiscalia-de-la-audiencia-nacional-aplica-a-los-terceros-grados\/#article\",\"isPartOf\":{\"@id\":\"https:\/\/sare.eus\/es\/cientos-de-personas-en-la-manifestacion-de-durango-para-denunciar-el-bloqueo-permanente-que-la-fiscalia-de-la-audiencia-nacional-aplica-a-los-terceros-grados\/\"},\"author\":{\"name\":\"sare\",\"@id\":\"https:\/\/sare.eus\/#\/schema\/person\/2fe6d0df294f56313d3ab236dbe38e17\"},\"headline\":\"Cientos de personas en la Manifestaci\u00f3n de Durango para denunciar el bloqueo permanente que la fiscal\u00eda de la Audiencia Nacional aplica a los terceros grados\",\"datePublished\":\"2022-12-10T20:22:53+00:00\",\"dateModified\":\"2022-12-10T20:31:32+00:00\",\"mainEntityOfPage\":{\"@id\":\"https:\/\/sare.eus\/es\/cientos-de-personas-en-la-manifestacion-de-durango-para-denunciar-el-bloqueo-permanente-que-la-fiscalia-de-la-audiencia-nacional-aplica-a-los-terceros-grados\/\"},\"wordCount\":604,\"publisher\":{\"@id\":\"https:\/\/sare.eus\/#organization\"},\"image\":{\"@id\":\"https:\/\/sare.eus\/es\/cientos-de-personas-en-la-manifestacion-de-durango-para-denunciar-el-bloqueo-permanente-que-la-fiscalia-de-la-audiencia-nacional-aplica-a-los-terceros-grados\/#primaryimage\"},\"thumbnailUrl\":\"https:\/\/sare.eus\/wp-content\/uploads\/2022\/12\/photo_2022-12-10_21-19-36.jpg\",\"articleSection\":[\"Leyes de Excepci\u00f3n\"],\"inLanguage\":\"es\"},{\"@type\":\"WebPage\",\"@id\":\"https:\/\/sare.eus\/es\/cientos-de-personas-en-la-manifestacion-de-durango-para-denunciar-el-bloqueo-permanente-que-la-fiscalia-de-la-audiencia-nacional-aplica-a-los-terceros-grados\/\",\"url\":\"https:\/\/sare.eus\/es\/cientos-de-personas-en-la-manifestacion-de-durango-para-denunciar-el-bloqueo-permanente-que-la-fiscalia-de-la-audiencia-nacional-aplica-a-los-terceros-grados\/\",\"name\":\"Cientos de personas en la Manifestaci\u00f3n de Durango para denunciar el bloqueo permanente que la fiscal\u00eda de la Audiencia Nacional aplica a los terceros grados - Sare Herritarra\",\"isPartOf\":{\"@id\":\"https:\/\/sare.eus\/#website\"},\"primaryImageOfPage\":{\"@id\":\"https:\/\/sare.eus\/es\/cientos-de-personas-en-la-manifestacion-de-durango-para-denunciar-el-bloqueo-permanente-que-la-fiscalia-de-la-audiencia-nacional-aplica-a-los-terceros-grados\/#primaryimage\"},\"image\":{\"@id\":\"https:\/\/sare.eus\/es\/cientos-de-personas-en-la-manifestacion-de-durango-para-denunciar-el-bloqueo-permanente-que-la-fiscalia-de-la-audiencia-nacional-aplica-a-los-terceros-grados\/#primaryimage\"},\"thumbnailUrl\":\"https:\/\/sare.eus\/wp-content\/uploads\/2022\/12\/photo_2022-12-10_21-19-36.jpg\",\"datePublished\":\"2022-12-10T20:22:53+00:00\",\"dateModified\":\"2022-12-10T20:31:32+00:00\",\"breadcrumb\":{\"@id\":\"https:\/\/sare.eus\/es\/cientos-de-personas-en-la-manifestacion-de-durango-para-denunciar-el-bloqueo-permanente-que-la-fiscalia-de-la-audiencia-nacional-aplica-a-los-terceros-grados\/#breadcrumb\"},\"inLanguage\":\"es\",\"potentialAction\":[{\"@type\":\"ReadAction\",\"target\":[\"https:\/\/sare.eus\/es\/cientos-de-personas-en-la-manifestacion-de-durango-para-denunciar-el-bloqueo-permanente-que-la-fiscalia-de-la-audiencia-nacional-aplica-a-los-terceros-grados\/\"]}]},{\"@type\":\"ImageObject\",\"inLanguage\":\"es\",\"@id\":\"https:\/\/sare.eus\/es\/cientos-de-personas-en-la-manifestacion-de-durango-para-denunciar-el-bloqueo-permanente-que-la-fiscalia-de-la-audiencia-nacional-aplica-a-los-terceros-grados\/#primaryimage\",\"url\":\"https:\/\/sare.eus\/wp-content\/uploads\/2022\/12\/photo_2022-12-10_21-19-36.jpg\",\"contentUrl\":\"https:\/\/sare.eus\/wp-content\/uploads\/2022\/12\/photo_2022-12-10_21-19-36.jpg\",\"width\":1280,\"height\":846},{\"@type\":\"BreadcrumbList\",\"@id\":\"https:\/\/sare.eus\/es\/cientos-de-personas-en-la-manifestacion-de-durango-para-denunciar-el-bloqueo-permanente-que-la-fiscalia-de-la-audiencia-nacional-aplica-a-los-terceros-grados\/#breadcrumb\",\"itemListElement\":[{\"@type\":\"ListItem\",\"position\":1,\"name\":\"Home\",\"item\":\"https:\/\/sare.eus\/\"},{\"@type\":\"ListItem\",\"position\":2,\"name\":\"Cientos de personas en la Manifestaci\u00f3n de Durango para denunciar el bloqueo permanente que la fiscal\u00eda de la Audiencia Nacional aplica a los terceros grados\"}]},{\"@type\":\"WebSite\",\"@id\":\"https:\/\/sare.eus\/#website\",\"url\":\"https:\/\/sare.eus\/\",\"name\":\"Sare Herritarra\",\"description\":\"KONPONBIDEAREN ETA GIZA ESKUBIDEEN ALDEKO SARE HERRITARRA\",\"publisher\":{\"@id\":\"https:\/\/sare.eus\/#organization\"},\"potentialAction\":[{\"@type\":\"SearchAction\",\"target\":{\"@type\":\"EntryPoint\",\"urlTemplate\":\"https:\/\/sare.eus\/?s={search_term_string}\"},\"query-input\":{\"@type\":\"PropertyValueSpecification\",\"valueRequired\":true,\"valueName\":\"search_term_string\"}}],\"inLanguage\":\"es\"},{\"@type\":\"Organization\",\"@id\":\"https:\/\/sare.eus\/#organization\",\"name\":\"Sare Herritarra\",\"url\":\"https:\/\/sare.eus\/\",\"logo\":{\"@type\":\"ImageObject\",\"inLanguage\":\"es\",\"@id\":\"https:\/\/sare.eus\/#\/schema\/logo\/image\/\",\"url\":\"https:\/\/sare.eus\/wp-content\/uploads\/2021\/08\/sare.png\",\"contentUrl\":\"https:\/\/sare.eus\/wp-content\/uploads\/2021\/08\/sare.png\",\"width\":120,\"height\":142,\"caption\":\"Sare Herritarra\"},\"image\":{\"@id\":\"https:\/\/sare.eus\/#\/schema\/logo\/image\/\"}},{\"@type\":\"Person\",\"@id\":\"https:\/\/sare.eus\/#\/schema\/person\/2fe6d0df294f56313d3ab236dbe38e17\",\"name\":\"sare\",\"image\":{\"@type\":\"ImageObject\",\"inLanguage\":\"es\",\"@id\":\"https:\/\/sare.eus\/#\/schema\/person\/image\/\",\"url\":\"https:\/\/secure.gravatar.com\/avatar\/77cad838677ceb1977e7b3c878b55eaa7fa4aae2158983063b047c3ad7ef2c25?s=96&d=mm&r=g\",\"contentUrl\":\"https:\/\/secure.gravatar.com\/avatar\/77cad838677ceb1977e7b3c878b55eaa7fa4aae2158983063b047c3ad7ef2c25?s=96&d=mm&r=g\",\"caption\":\"sare\"},\"url\":\"https:\/\/sare.eus\/es\/author\/sare\/\"}]}<\/script>\n<!-- \/ Yoast SEO plugin. -->","yoast_head_json":{"title":"Cientos de personas en la Manifestaci\u00f3n de Durango para denunciar el bloqueo permanente que la fiscal\u00eda de la Audiencia Nacional aplica a los terceros grados - Sare Herritarra","robots":{"index":"index","follow":"follow","max-snippet":"max-snippet:-1","max-image-preview":"max-image-preview:large","max-video-preview":"max-video-preview:-1"},"canonical":"https:\/\/sare.eus\/es\/cientos-de-personas-en-la-manifestacion-de-durango-para-denunciar-el-bloqueo-permanente-que-la-fiscalia-de-la-audiencia-nacional-aplica-a-los-terceros-grados\/","og_locale":"es_ES","og_type":"article","og_title":"Cientos de personas en la Manifestaci\u00f3n de Durango para denunciar el bloqueo permanente que la fiscal\u00eda de la Audiencia Nacional aplica a los terceros grados - Sare Herritarra","og_description":"Avanzamos, s\u00ed. Pero en otras ocasiones retrocedemos o nos hacen retroceder. Sab\u00edamos, y lo hemos dicho en muchas ocasiones, que el camino que iniciamos hace ocho a\u00f1os era un proceso [&hellip;]","og_url":"https:\/\/sare.eus\/es\/cientos-de-personas-en-la-manifestacion-de-durango-para-denunciar-el-bloqueo-permanente-que-la-fiscalia-de-la-audiencia-nacional-aplica-a-los-terceros-grados\/","og_site_name":"Sare Herritarra","article_published_time":"2022-12-10T20:22:53+00:00","article_modified_time":"2022-12-10T20:31:32+00:00","og_image":[{"width":1280,"height":846,"url":"https:\/\/sare.eus\/wp-content\/uploads\/2022\/12\/photo_2022-12-10_21-19-36.jpg","type":"image\/jpeg"}],"author":"sare","twitter_card":"summary_large_image","twitter_misc":{"Escrito por":"sare","Tiempo de lectura":"3 minutos"},"schema":{"@context":"https:\/\/schema.org","@graph":[{"@type":"Article","@id":"https:\/\/sare.eus\/es\/cientos-de-personas-en-la-manifestacion-de-durango-para-denunciar-el-bloqueo-permanente-que-la-fiscalia-de-la-audiencia-nacional-aplica-a-los-terceros-grados\/#article","isPartOf":{"@id":"https:\/\/sare.eus\/es\/cientos-de-personas-en-la-manifestacion-de-durango-para-denunciar-el-bloqueo-permanente-que-la-fiscalia-de-la-audiencia-nacional-aplica-a-los-terceros-grados\/"},"author":{"name":"sare","@id":"https:\/\/sare.eus\/#\/schema\/person\/2fe6d0df294f56313d3ab236dbe38e17"},"headline":"Cientos de personas en la Manifestaci\u00f3n de Durango para denunciar el bloqueo permanente que la fiscal\u00eda de la Audiencia Nacional aplica a los terceros grados","datePublished":"2022-12-10T20:22:53+00:00","dateModified":"2022-12-10T20:31:32+00:00","mainEntityOfPage":{"@id":"https:\/\/sare.eus\/es\/cientos-de-personas-en-la-manifestacion-de-durango-para-denunciar-el-bloqueo-permanente-que-la-fiscalia-de-la-audiencia-nacional-aplica-a-los-terceros-grados\/"},"wordCount":604,"publisher":{"@id":"https:\/\/sare.eus\/#organization"},"image":{"@id":"https:\/\/sare.eus\/es\/cientos-de-personas-en-la-manifestacion-de-durango-para-denunciar-el-bloqueo-permanente-que-la-fiscalia-de-la-audiencia-nacional-aplica-a-los-terceros-grados\/#primaryimage"},"thumbnailUrl":"https:\/\/sare.eus\/wp-content\/uploads\/2022\/12\/photo_2022-12-10_21-19-36.jpg","articleSection":["Leyes de Excepci\u00f3n"],"inLanguage":"es"},{"@type":"WebPage","@id":"https:\/\/sare.eus\/es\/cientos-de-personas-en-la-manifestacion-de-durango-para-denunciar-el-bloqueo-permanente-que-la-fiscalia-de-la-audiencia-nacional-aplica-a-los-terceros-grados\/","url":"https:\/\/sare.eus\/es\/cientos-de-personas-en-la-manifestacion-de-durango-para-denunciar-el-bloqueo-permanente-que-la-fiscalia-de-la-audiencia-nacional-aplica-a-los-terceros-grados\/","name":"Cientos de personas en la Manifestaci\u00f3n de Durango para denunciar el bloqueo permanente que la fiscal\u00eda de la Audiencia Nacional aplica a los terceros grados - Sare Herritarra","isPartOf":{"@id":"https:\/\/sare.eus\/#website"},"primaryImageOfPage":{"@id":"https:\/\/sare.eus\/es\/cientos-de-personas-en-la-manifestacion-de-durango-para-denunciar-el-bloqueo-permanente-que-la-fiscalia-de-la-audiencia-nacional-aplica-a-los-terceros-grados\/#primaryimage"},"image":{"@id":"https:\/\/sare.eus\/es\/cientos-de-personas-en-la-manifestacion-de-durango-para-denunciar-el-bloqueo-permanente-que-la-fiscalia-de-la-audiencia-nacional-aplica-a-los-terceros-grados\/#primaryimage"},"thumbnailUrl":"https:\/\/sare.eus\/wp-content\/uploads\/2022\/12\/photo_2022-12-10_21-19-36.jpg","datePublished":"2022-12-10T20:22:53+00:00","dateModified":"2022-12-10T20:31:32+00:00","breadcrumb":{"@id":"https:\/\/sare.eus\/es\/cientos-de-personas-en-la-manifestacion-de-durango-para-denunciar-el-bloqueo-permanente-que-la-fiscalia-de-la-audiencia-nacional-aplica-a-los-terceros-grados\/#breadcrumb"},"inLanguage":"es","potentialAction":[{"@type":"ReadAction","target":["https:\/\/sare.eus\/es\/cientos-de-personas-en-la-manifestacion-de-durango-para-denunciar-el-bloqueo-permanente-que-la-fiscalia-de-la-audiencia-nacional-aplica-a-los-terceros-grados\/"]}]},{"@type":"ImageObject","inLanguage":"es","@id":"https:\/\/sare.eus\/es\/cientos-de-personas-en-la-manifestacion-de-durango-para-denunciar-el-bloqueo-permanente-que-la-fiscalia-de-la-audiencia-nacional-aplica-a-los-terceros-grados\/#primaryimage","url":"https:\/\/sare.eus\/wp-content\/uploads\/2022\/12\/photo_2022-12-10_21-19-36.jpg","contentUrl":"https:\/\/sare.eus\/wp-content\/uploads\/2022\/12\/photo_2022-12-10_21-19-36.jpg","width":1280,"height":846},{"@type":"BreadcrumbList","@id":"https:\/\/sare.eus\/es\/cientos-de-personas-en-la-manifestacion-de-durango-para-denunciar-el-bloqueo-permanente-que-la-fiscalia-de-la-audiencia-nacional-aplica-a-los-terceros-grados\/#breadcrumb","itemListElement":[{"@type":"ListItem","position":1,"name":"Home","item":"https:\/\/sare.eus\/"},{"@type":"ListItem","position":2,"name":"Cientos de personas en la Manifestaci\u00f3n de Durango para denunciar el bloqueo permanente que la fiscal\u00eda de la Audiencia Nacional aplica a los terceros grados"}]},{"@type":"WebSite","@id":"https:\/\/sare.eus\/#website","url":"https:\/\/sare.eus\/","name":"Sare Herritarra","description":"KONPONBIDEAREN ETA GIZA ESKUBIDEEN ALDEKO SARE HERRITARRA","publisher":{"@id":"https:\/\/sare.eus\/#organization"},"potentialAction":[{"@type":"SearchAction","target":{"@type":"EntryPoint","urlTemplate":"https:\/\/sare.eus\/?s={search_term_string}"},"query-input":{"@type":"PropertyValueSpecification","valueRequired":true,"valueName":"search_term_string"}}],"inLanguage":"es"},{"@type":"Organization","@id":"https:\/\/sare.eus\/#organization","name":"Sare Herritarra","url":"https:\/\/sare.eus\/","logo":{"@type":"ImageObject","inLanguage":"es","@id":"https:\/\/sare.eus\/#\/schema\/logo\/image\/","url":"https:\/\/sare.eus\/wp-content\/uploads\/2021\/08\/sare.png","contentUrl":"https:\/\/sare.eus\/wp-content\/uploads\/2021\/08\/sare.png","width":120,"height":142,"caption":"Sare Herritarra"},"image":{"@id":"https:\/\/sare.eus\/#\/schema\/logo\/image\/"}},{"@type":"Person","@id":"https:\/\/sare.eus\/#\/schema\/person\/2fe6d0df294f56313d3ab236dbe38e17","name":"sare","image":{"@type":"ImageObject","inLanguage":"es","@id":"https:\/\/sare.eus\/#\/schema\/person\/image\/","url":"https:\/\/secure.gravatar.com\/avatar\/77cad838677ceb1977e7b3c878b55eaa7fa4aae2158983063b047c3ad7ef2c25?s=96&d=mm&r=g","contentUrl":"https:\/\/secure.gravatar.com\/avatar\/77cad838677ceb1977e7b3c878b55eaa7fa4aae2158983063b047c3ad7ef2c25?s=96&d=mm&r=g","caption":"sare"},"url":"https:\/\/sare.eus\/es\/author\/sare\/"}]}},"_links":{"self":[{"href":"https:\/\/sare.eus\/es\/wp-json\/wp\/v2\/posts\/4350","targetHints":{"allow":["GET"]}}],"collection":[{"href":"https:\/\/sare.eus\/es\/wp-json\/wp\/v2\/posts"}],"about":[{"href":"https:\/\/sare.eus\/es\/wp-json\/wp\/v2\/types\/post"}],"author":[{"embeddable":true,"href":"https:\/\/sare.eus\/es\/wp-json\/wp\/v2\/users\/2"}],"replies":[{"embeddable":true,"href":"https:\/\/sare.eus\/es\/wp-json\/wp\/v2\/comments?post=4350"}],"version-history":[{"count":4,"href":"https:\/\/sare.eus\/es\/wp-json\/wp\/v2\/posts\/4350\/revisions"}],"predecessor-version":[{"id":4357,"href":"https:\/\/sare.eus\/es\/wp-json\/wp\/v2\/posts\/4350\/revisions\/4357"}],"wp:featuredmedia":[{"embeddable":true,"href":"https:\/\/sare.eus\/es\/wp-json\/wp\/v2\/media\/4348"}],"wp:attachment":[{"href":"https:\/\/sare.eus\/es\/wp-json\/wp\/v2\/media?parent=4350"}],"wp:term":[{"taxonomy":"category","embeddable":true,"href":"https:\/\/sare.eus\/es\/wp-json\/wp\/v2\/categories?post=4350"},{"taxonomy":"post_tag","embeddable":true,"href":"https:\/\/sare.eus\/es\/wp-json\/wp\/v2\/tags?post=4350"}],"curies":[{"name":"wp","href":"https:\/\/api.w.org\/{rel}","templated":true}]}}